{"id":4900,"date":"2021-02-28T18:16:15","date_gmt":"2021-02-28T21:16:15","guid":{"rendered":"https:\/\/redenoticiaz.com.br\/litoralsp\/2021\/02\/28\/gremio-e-palmeiras-comecam-a-decidir-copa-do-brasil"},"modified":"2021-02-28T18:19:29","modified_gmt":"2021-02-28T21:19:29","slug":"gremio-e-palmeiras-comecam-a-decidir-copa-do-brasil","status":"publish","type":"post","link":"https:\/\/redenoticiaz.com.br\/litoralsp\/2021\/02\/28\/gremio-e-palmeiras-comecam-a-decidir-copa-do-brasil","title":{"rendered":"Gr\u00eamio e Palmeiras come\u00e7am a decidir Copa do Brasil"},"content":{"rendered":"<p>Neste\u00a0domingo\u00a0(28), a partir das 21 horas (hor\u00e1rio de Bras\u00edlia), Gr\u00eamio e Palmeiras come\u00e7am a decidir a <a href=\"https:\/\/pt.wikipedia.org\/wiki\/Copa_do_Brasil_de_Futebol\">Copa do Brasil<\/a> da temporada 2020. A partida de ida da grande final ser\u00e1 disputada na Arena Tricolor, em Porto Alegre.<img decoding=\"async\" src=\"https:\/\/agenciabrasil.ebc.com.br\/ebc.png?id=1402487&amp;o=node\" \/><img decoding=\"async\" src=\"https:\/\/agenciabrasil.ebc.com.br\/ebc.gif?id=1402487&amp;o=node\" \/><\/p>\n<div class=\"twitter-tweet twitter-tweet-rendered\"><iframe id=\"twitter-widget-0\" class=\"\" title=\"Twitter Tweet\" src=\"https:\/\/platform.twitter.com\/embed\/Tweet.html?creatorScreenName=agenciabrasil&amp;dnt=false&amp;embedId=twitter-widget-0&amp;frame=false&amp;hideCard=false&amp;hideThread=false&amp;id=1365419496014503936&amp;lang=pt&amp;origin=https%3A%2F%2Fagenciabrasil.ebc.com.br%2Fesportes%2Fnoticia%2F2021-02%2Fgremio-e-palmeiras-comecam-decidir-copa-do-brasil-em-porto-alegre&amp;siteScreenName=agenciabrasil&amp;theme=light&amp;widgetsVersion=889aa01%3A1612811843556&amp;width=550px\" frameborder=\"0\" scrolling=\"no\" allowfullscreen=\"allowfullscreen\" data-tweet-id=\"1365419496014503936\" data-mce-fragment=\"1\"><\/iframe><\/div>\n<p>O time do sul do Brasil, comandado pelo t\u00e9cnico Renato Portaluppi, busca o sexto t\u00edtulo da competi\u00e7\u00e3o para se igualar ao Cruzeiro como o maior vencedor do torneio e se garantir na fase de grupos da pr\u00f3xima edi\u00e7\u00e3o da Copa Libertadores da Am\u00e9rica. J\u00e1 o Palmeiras busca o tetracampeonato do torneio e o terceiro t\u00edtulo da temporada, depois de vencer o Campeonato Estadual e a Copa Libertadores da Am\u00e9rica. Outro objetivo importante da equipe do t\u00e9cnico portugu\u00eas Abel Ferreira \u00e9 se recuperar da campanha abaixo do esperado no Mundial de clubes. No torneio realizado no Catar, o time paulista foi apenas o quarto colocado.<\/p>\n<h5>Escala\u00e7\u00e3o Gr\u00eamio<\/h5>\n<p>Em rela\u00e7\u00e3o \u00e0 escala\u00e7\u00e3o que vai a campo logo mais, os ga\u00fachos, que usaram uma equipe completamente reserva na \u00faltima rodada do Brasileiro, quando perderam para o Bragantino por 1 a 0 na \u00faltima quinta-feira (25), ainda t\u00eam algumas d\u00favidas. No gol, Paulo Victor deve ganhar a vaga de titular de Vanderlei. Paulo Miranda ou Rodrigues disputam o lugar do lesionado Geromel. Maicon e Matheus Henrique s\u00e3o considerados titulares, mas n\u00e3o t\u00eam presen\u00e7a garantida. Outra d\u00favida do t\u00e9cnico gremista \u00e9 a utiliza\u00e7\u00e3o do meia Jean Pyerre ou do volante Lucas Silva. Assim, um poss\u00edvel Gr\u00eamio tem: Paulo Victor; Victor Ferraz, Paulo Miranda, Kannemann e Diogo Barbosa; Matheus Henrique (Darlan), Maicon (Thaciano) e Jean Pyerre (Lucas Silva); Alisson, Pep\u00ea e Diego Souza.<\/p>\n<h5>Escala\u00e7\u00e3o Palmeiras<\/h5>\n<p>Os paulistas tamb\u00e9m usaram uma equipe suplente no \u00faltimo jogo do Brasileiro, a derrota por 2 a 0 para o Atl\u00e9tico Mineiro em Belo Horizonte. Para a decis\u00e3o da noite deste\u00a0domingo, Abel Ferreira vai contar com com o volante Gabriel Menino e os atacantes Wesley e Gabriel Veron. Por outro lado, o atacante Breno Lopes, que j\u00e1 jogou pelo Juventude na Copa do Brasil, \u00e9 desfalque. O volante Patrick de Paula, que testou positivo para o novo coronav\u00edrus (covid-19), tamb\u00e9m \u00e9 aus\u00eancia. Um prov\u00e1vel Alviverde para o compromisso de logo mais tem: Weverton; Marcos Rocha, Luan, Gustavo G\u00f3mez e Vi\u00f1a; Felipe Melo, Gabriel Menino e Raphael Veiga; Rony, William e Luiz Adriano.<\/p>\n<p>A partida de volta est\u00e1 marcada para o pr\u00f3ximo domingo\u00a0(7), a partir das 18h, no Allianz Parque, em S\u00e3o Paulo. Em caso de empate na soma dos placares dos dois jogos, a decis\u00e3o vai para a disputa de p\u00eanaltis.<\/p>\n<p>&nbsp;<\/p>\n<p>LEIA TAMB\u00c9M<\/p>\n<p><a href=\"https:\/\/redenoticiaz.com.br\/blog\/2021\/02\/28\/google-oferece-capacitacao-profissional-gratuita-para-mulheres\">Google oferece capacita\u00e7\u00e3o profissional gratuita para mulheres<\/a><\/p>\n","protected":false},"excerpt":{"rendered":"<p>Neste\u00a0domingo\u00a0(28), a partir das 21 horas (hor\u00e1rio de Bras\u00edlia), Gr\u00eamio e Palmeiras come\u00e7am a decidir a Copa do Brasil da temporada 2020. A partida de ida da grande final ser\u00e1 disputada na Arena Tricolor, em Porto Alegre. O time do sul do Brasil, comandado pelo t\u00e9cnico Renato Portaluppi, busca o sexto t\u00edtulo da competi\u00e7\u00e3o para &hellip;<\/p>\n","protected":false},"author":5,"featured_media":4901,"comment_status":"open","ping_status":"closed","sticky":false,"template":"","format":"standard","meta":{"footnotes":""},"categories":[35],"tags":[13786,2949,13787,1416,13788],"class_list":["post-4900","post","type-post","status-publish","format-standard","has-post-thumbnail","hentry","category-esporte","tag-decisao-copa-do-brasil","tag-gremio","tag-jogo-gremio-e-palmeiras","tag-palmeiras","tag-primeiro-jogo-decisao-copa-do-brasil"],"yoast_head":"<!-- This site is optimized with the Yoast SEO plugin v27.4 - https:\/\/yoast.com\/product\/yoast-seo-wordpress\/ -->\n<title>Gr\u00eamio e Palmeiras come\u00e7am a decidir Copa do Brasil - Litoral SP<\/title>\n<meta name=\"description\" content=\"Neste\u00a0domingo\u00a0(28), a partir das 21 horas (hor\u00e1rio de Bras\u00edlia), Gr\u00eamio e Palmeiras come\u00e7am a decidir a Copa do Brasil da temporada 2020.\" \/>\n<meta name=\"robots\" content=\"index, follow, max-snippet:-1, max-image-preview:large, max-video-preview:-1\" \/>\n<link rel=\"canonical\" href=\"https:\/\/redenoticiaz.com.br\/litoralsp\/2021\/02\/28\/gremio-e-palmeiras-comecam-a-decidir-copa-do-brasil\" \/>\n<meta property=\"og:locale\" content=\"pt_BR\" \/>\n<meta property=\"og:type\" content=\"article\" \/>\n<meta property=\"og:title\" content=\"Gr\u00eamio e Palmeiras come\u00e7am a decidir Copa do Brasil - Litoral SP\" \/>\n<meta property=\"og:description\" content=\"Neste\u00a0domingo\u00a0(28), a partir das 21 horas (hor\u00e1rio de Bras\u00edlia), Gr\u00eamio e Palmeiras come\u00e7am a decidir a Copa do Brasil da temporada 2020.\" \/>\n<meta property=\"og:url\" content=\"https:\/\/redenoticiaz.com.br\/litoralsp\/2021\/02\/28\/gremio-e-palmeiras-comecam-a-decidir-copa-do-brasil\" \/>\n<meta property=\"og:site_name\" content=\"Litoral SP\" \/>\n<meta property=\"article:published_time\" content=\"2021-02-28T21:16:15+00:00\" \/>\n<meta property=\"article:modified_time\" content=\"2021-02-28T21:19:29+00:00\" \/>\n<meta property=\"og:image\" content=\"https:\/\/redenoticiaz.com.br\/litoralsp\/wp-content\/uploads\/sites\/3\/2021\/02\/copa_do_brasil_taca_cbf.jpg\" \/>\n\t<meta property=\"og:image:width\" content=\"1170\" \/>\n\t<meta property=\"og:image:height\" content=\"700\" \/>\n\t<meta property=\"og:image:type\" content=\"image\/jpeg\" \/>\n<meta name=\"author\" content=\"Patr\u00edcia Prado\" \/>\n<meta name=\"twitter:card\" content=\"summary_large_image\" \/>\n<meta name=\"twitter:label1\" content=\"Escrito por\" \/>\n\t<meta name=\"twitter:data1\" content=\"Patr\u00edcia Prado\" \/>\n\t<meta name=\"twitter:label2\" content=\"Est. tempo de leitura\" \/>\n\t<meta name=\"twitter:data2\" content=\"2 minutos\" \/>\n<script type=\"application\/ld+json\" class=\"yoast-schema-graph\">{\"@context\":\"https:\\\/\\\/schema.org\",\"@graph\":[{\"@type\":\"Article\",\"@id\":\"https:\\\/\\\/redenoticiaz.com.br\\\/litoralsp\\\/2021\\\/02\\\/28\\\/gremio-e-palmeiras-comecam-a-decidir-copa-do-brasil#article\",\"isPartOf\":{\"@id\":\"https:\\\/\\\/redenoticiaz.com.br\\\/litoralsp\\\/2021\\\/02\\\/28\\\/gremio-e-palmeiras-comecam-a-decidir-copa-do-brasil\"},\"author\":{\"name\":\"Patr\u00edcia Prado\",\"@id\":\"https:\\\/\\\/redenoticiaz.com.br\\\/litoralsp\\\/#\\\/schema\\\/person\\\/e1b0bd8c2637e2c1b6ddcbc2c33b116f\"},\"headline\":\"Gr\u00eamio e Palmeiras come\u00e7am a decidir Copa do Brasil\",\"datePublished\":\"2021-02-28T21:16:15+00:00\",\"dateModified\":\"2021-02-28T21:19:29+00:00\",\"mainEntityOfPage\":{\"@id\":\"https:\\\/\\\/redenoticiaz.com.br\\\/litoralsp\\\/2021\\\/02\\\/28\\\/gremio-e-palmeiras-comecam-a-decidir-copa-do-brasil\"},\"wordCount\":474,\"commentCount\":0,\"publisher\":{\"@id\":\"https:\\\/\\\/redenoticiaz.com.br\\\/litoralsp\\\/#organization\"},\"image\":{\"@id\":\"https:\\\/\\\/redenoticiaz.com.br\\\/litoralsp\\\/2021\\\/02\\\/28\\\/gremio-e-palmeiras-comecam-a-decidir-copa-do-brasil#primaryimage\"},\"thumbnailUrl\":\"https:\\\/\\\/redenoticiaz.com.br\\\/litoralsp\\\/wp-content\\\/uploads\\\/sites\\\/3\\\/2021\\\/02\\\/copa_do_brasil_taca_cbf.jpg\",\"keywords\":[\"DECIS\u00c3O COPA DO BRASIL\",\"GR\u00caMIO\",\"JOGO GR\u00caMIO E PALMEIRAS\",\"Palmeiras\",\"PRIMEIRO JOGO DECIS\u00c3O COPA DO BRASIL\"],\"articleSection\":[\"Esporte\"],\"inLanguage\":\"pt-BR\",\"potentialAction\":[{\"@type\":\"CommentAction\",\"name\":\"Comment\",\"target\":[\"https:\\\/\\\/redenoticiaz.com.br\\\/litoralsp\\\/2021\\\/02\\\/28\\\/gremio-e-palmeiras-comecam-a-decidir-copa-do-brasil#respond\"]}]},{\"@type\":\"WebPage\",\"@id\":\"https:\\\/\\\/redenoticiaz.com.br\\\/litoralsp\\\/2021\\\/02\\\/28\\\/gremio-e-palmeiras-comecam-a-decidir-copa-do-brasil\",\"url\":\"https:\\\/\\\/redenoticiaz.com.br\\\/litoralsp\\\/2021\\\/02\\\/28\\\/gremio-e-palmeiras-comecam-a-decidir-copa-do-brasil\",\"name\":\"Gr\u00eamio e Palmeiras come\u00e7am a decidir Copa do Brasil - Litoral SP\",\"isPartOf\":{\"@id\":\"https:\\\/\\\/redenoticiaz.com.br\\\/litoralsp\\\/#website\"},\"primaryImageOfPage\":{\"@id\":\"https:\\\/\\\/redenoticiaz.com.br\\\/litoralsp\\\/2021\\\/02\\\/28\\\/gremio-e-palmeiras-comecam-a-decidir-copa-do-brasil#primaryimage\"},\"image\":{\"@id\":\"https:\\\/\\\/redenoticiaz.com.br\\\/litoralsp\\\/2021\\\/02\\\/28\\\/gremio-e-palmeiras-comecam-a-decidir-copa-do-brasil#primaryimage\"},\"thumbnailUrl\":\"https:\\\/\\\/redenoticiaz.com.br\\\/litoralsp\\\/wp-content\\\/uploads\\\/sites\\\/3\\\/2021\\\/02\\\/copa_do_brasil_taca_cbf.jpg\",\"datePublished\":\"2021-02-28T21:16:15+00:00\",\"dateModified\":\"2021-02-28T21:19:29+00:00\",\"description\":\"Neste\u00a0domingo\u00a0(28), a partir das 21 horas (hor\u00e1rio de Bras\u00edlia), Gr\u00eamio e Palmeiras come\u00e7am a decidir a Copa do Brasil da temporada 2020.\",\"inLanguage\":\"pt-BR\",\"potentialAction\":[{\"@type\":\"ReadAction\",\"target\":[\"https:\\\/\\\/redenoticiaz.com.br\\\/litoralsp\\\/2021\\\/02\\\/28\\\/gremio-e-palmeiras-comecam-a-decidir-copa-do-brasil\"]}]},{\"@type\":\"ImageObject\",\"inLanguage\":\"pt-BR\",\"@id\":\"https:\\\/\\\/redenoticiaz.com.br\\\/litoralsp\\\/2021\\\/02\\\/28\\\/gremio-e-palmeiras-comecam-a-decidir-copa-do-brasil#primaryimage\",\"url\":\"https:\\\/\\\/redenoticiaz.com.br\\\/litoralsp\\\/wp-content\\\/uploads\\\/sites\\\/3\\\/2021\\\/02\\\/copa_do_brasil_taca_cbf.jpg\",\"contentUrl\":\"https:\\\/\\\/redenoticiaz.com.br\\\/litoralsp\\\/wp-content\\\/uploads\\\/sites\\\/3\\\/2021\\\/02\\\/copa_do_brasil_taca_cbf.jpg\",\"width\":1170,\"height\":700,\"caption\":\"Gr\u00eamio e Palmeiras come\u00e7am a decidir Copa do Brasil\"},{\"@type\":\"WebSite\",\"@id\":\"https:\\\/\\\/redenoticiaz.com.br\\\/litoralsp\\\/#website\",\"url\":\"https:\\\/\\\/redenoticiaz.com.br\\\/litoralsp\\\/\",\"name\":\"Litoral SP\",\"description\":\"Rede NoticiaZ\",\"publisher\":{\"@id\":\"https:\\\/\\\/redenoticiaz.com.br\\\/litoralsp\\\/#organization\"},\"potentialAction\":[{\"@type\":\"SearchAction\",\"target\":{\"@type\":\"EntryPoint\",\"urlTemplate\":\"https:\\\/\\\/redenoticiaz.com.br\\\/litoralsp\\\/?s={search_term_string}\"},\"query-input\":{\"@type\":\"PropertyValueSpecification\",\"valueRequired\":true,\"valueName\":\"search_term_string\"}}],\"inLanguage\":\"pt-BR\"},{\"@type\":\"Organization\",\"@id\":\"https:\\\/\\\/redenoticiaz.com.br\\\/litoralsp\\\/#organization\",\"name\":\"Litoral SP\",\"url\":\"https:\\\/\\\/redenoticiaz.com.br\\\/litoralsp\\\/\",\"logo\":{\"@type\":\"ImageObject\",\"inLanguage\":\"pt-BR\",\"@id\":\"https:\\\/\\\/redenoticiaz.com.br\\\/litoralsp\\\/#\\\/schema\\\/logo\\\/image\\\/\",\"url\":\"https:\\\/\\\/redenoticiaz.com.br\\\/litoralsp\\\/wp-content\\\/uploads\\\/sites\\\/3\\\/2020\\\/11\\\/logo.jpg\",\"contentUrl\":\"https:\\\/\\\/redenoticiaz.com.br\\\/litoralsp\\\/wp-content\\\/uploads\\\/sites\\\/3\\\/2020\\\/11\\\/logo.jpg\",\"width\":400,\"height\":250,\"caption\":\"Litoral SP\"},\"image\":{\"@id\":\"https:\\\/\\\/redenoticiaz.com.br\\\/litoralsp\\\/#\\\/schema\\\/logo\\\/image\\\/\"}},{\"@type\":\"Person\",\"@id\":\"https:\\\/\\\/redenoticiaz.com.br\\\/litoralsp\\\/#\\\/schema\\\/person\\\/e1b0bd8c2637e2c1b6ddcbc2c33b116f\",\"name\":\"Patr\u00edcia Prado\",\"image\":{\"@type\":\"ImageObject\",\"inLanguage\":\"pt-BR\",\"@id\":\"https:\\\/\\\/secure.gravatar.com\\\/avatar\\\/92e358bef22cfcec15e054ae4d9fee04dadf0c772dc4a17b382b8a34a15354c2?s=96&d=mm&r=g\",\"url\":\"https:\\\/\\\/secure.gravatar.com\\\/avatar\\\/92e358bef22cfcec15e054ae4d9fee04dadf0c772dc4a17b382b8a34a15354c2?s=96&d=mm&r=g\",\"contentUrl\":\"https:\\\/\\\/secure.gravatar.com\\\/avatar\\\/92e358bef22cfcec15e054ae4d9fee04dadf0c772dc4a17b382b8a34a15354c2?s=96&d=mm&r=g\",\"caption\":\"Patr\u00edcia Prado\"},\"url\":\"https:\\\/\\\/redenoticiaz.com.br\\\/litoralsp\\\/author\\\/patricia-prado\"}]}<\/script>\n<!-- \/ Yoast SEO plugin. -->","yoast_head_json":{"title":"Gr\u00eamio e Palmeiras come\u00e7am a decidir Copa do Brasil - Litoral SP","description":"Neste\u00a0domingo\u00a0(28), a partir das 21 horas (hor\u00e1rio de Bras\u00edlia), Gr\u00eamio e Palmeiras come\u00e7am a decidir a Copa do Brasil da temporada 2020.","robots":{"index":"index","follow":"follow","max-snippet":"max-snippet:-1","max-image-preview":"max-image-preview:large","max-video-preview":"max-video-preview:-1"},"canonical":"https:\/\/redenoticiaz.com.br\/litoralsp\/2021\/02\/28\/gremio-e-palmeiras-comecam-a-decidir-copa-do-brasil","og_locale":"pt_BR","og_type":"article","og_title":"Gr\u00eamio e Palmeiras come\u00e7am a decidir Copa do Brasil - Litoral SP","og_description":"Neste\u00a0domingo\u00a0(28), a partir das 21 horas (hor\u00e1rio de Bras\u00edlia), Gr\u00eamio e Palmeiras come\u00e7am a decidir a Copa do Brasil da temporada 2020.","og_url":"https:\/\/redenoticiaz.com.br\/litoralsp\/2021\/02\/28\/gremio-e-palmeiras-comecam-a-decidir-copa-do-brasil","og_site_name":"Litoral SP","article_published_time":"2021-02-28T21:16:15+00:00","article_modified_time":"2021-02-28T21:19:29+00:00","og_image":[{"width":1170,"height":700,"url":"https:\/\/redenoticiaz.com.br\/litoralsp\/wp-content\/uploads\/sites\/3\/2021\/02\/copa_do_brasil_taca_cbf.jpg","type":"image\/jpeg"}],"author":"Patr\u00edcia Prado","twitter_card":"summary_large_image","twitter_misc":{"Escrito por":"Patr\u00edcia Prado","Est. tempo de leitura":"2 minutos"},"schema":{"@context":"https:\/\/schema.org","@graph":[{"@type":"Article","@id":"https:\/\/redenoticiaz.com.br\/litoralsp\/2021\/02\/28\/gremio-e-palmeiras-comecam-a-decidir-copa-do-brasil#article","isPartOf":{"@id":"https:\/\/redenoticiaz.com.br\/litoralsp\/2021\/02\/28\/gremio-e-palmeiras-comecam-a-decidir-copa-do-brasil"},"author":{"name":"Patr\u00edcia Prado","@id":"https:\/\/redenoticiaz.com.br\/litoralsp\/#\/schema\/person\/e1b0bd8c2637e2c1b6ddcbc2c33b116f"},"headline":"Gr\u00eamio e Palmeiras come\u00e7am a decidir Copa do Brasil","datePublished":"2021-02-28T21:16:15+00:00","dateModified":"2021-02-28T21:19:29+00:00","mainEntityOfPage":{"@id":"https:\/\/redenoticiaz.com.br\/litoralsp\/2021\/02\/28\/gremio-e-palmeiras-comecam-a-decidir-copa-do-brasil"},"wordCount":474,"commentCount":0,"publisher":{"@id":"https:\/\/redenoticiaz.com.br\/litoralsp\/#organization"},"image":{"@id":"https:\/\/redenoticiaz.com.br\/litoralsp\/2021\/02\/28\/gremio-e-palmeiras-comecam-a-decidir-copa-do-brasil#primaryimage"},"thumbnailUrl":"https:\/\/redenoticiaz.com.br\/litoralsp\/wp-content\/uploads\/sites\/3\/2021\/02\/copa_do_brasil_taca_cbf.jpg","keywords":["DECIS\u00c3O COPA DO BRASIL","GR\u00caMIO","JOGO GR\u00caMIO E PALMEIRAS","Palmeiras","PRIMEIRO JOGO DECIS\u00c3O COPA DO BRASIL"],"articleSection":["Esporte"],"inLanguage":"pt-BR","potentialAction":[{"@type":"CommentAction","name":"Comment","target":["https:\/\/redenoticiaz.com.br\/litoralsp\/2021\/02\/28\/gremio-e-palmeiras-comecam-a-decidir-copa-do-brasil#respond"]}]},{"@type":"WebPage","@id":"https:\/\/redenoticiaz.com.br\/litoralsp\/2021\/02\/28\/gremio-e-palmeiras-comecam-a-decidir-copa-do-brasil","url":"https:\/\/redenoticiaz.com.br\/litoralsp\/2021\/02\/28\/gremio-e-palmeiras-comecam-a-decidir-copa-do-brasil","name":"Gr\u00eamio e Palmeiras come\u00e7am a decidir Copa do Brasil - Litoral SP","isPartOf":{"@id":"https:\/\/redenoticiaz.com.br\/litoralsp\/#website"},"primaryImageOfPage":{"@id":"https:\/\/redenoticiaz.com.br\/litoralsp\/2021\/02\/28\/gremio-e-palmeiras-comecam-a-decidir-copa-do-brasil#primaryimage"},"image":{"@id":"https:\/\/redenoticiaz.com.br\/litoralsp\/2021\/02\/28\/gremio-e-palmeiras-comecam-a-decidir-copa-do-brasil#primaryimage"},"thumbnailUrl":"https:\/\/redenoticiaz.com.br\/litoralsp\/wp-content\/uploads\/sites\/3\/2021\/02\/copa_do_brasil_taca_cbf.jpg","datePublished":"2021-02-28T21:16:15+00:00","dateModified":"2021-02-28T21:19:29+00:00","description":"Neste\u00a0domingo\u00a0(28), a partir das 21 horas (hor\u00e1rio de Bras\u00edlia), Gr\u00eamio e Palmeiras come\u00e7am a decidir a Copa do Brasil da temporada 2020.","inLanguage":"pt-BR","potentialAction":[{"@type":"ReadAction","target":["https:\/\/redenoticiaz.com.br\/litoralsp\/2021\/02\/28\/gremio-e-palmeiras-comecam-a-decidir-copa-do-brasil"]}]},{"@type":"ImageObject","inLanguage":"pt-BR","@id":"https:\/\/redenoticiaz.com.br\/litoralsp\/2021\/02\/28\/gremio-e-palmeiras-comecam-a-decidir-copa-do-brasil#primaryimage","url":"https:\/\/redenoticiaz.com.br\/litoralsp\/wp-content\/uploads\/sites\/3\/2021\/02\/copa_do_brasil_taca_cbf.jpg","contentUrl":"https:\/\/redenoticiaz.com.br\/litoralsp\/wp-content\/uploads\/sites\/3\/2021\/02\/copa_do_brasil_taca_cbf.jpg","width":1170,"height":700,"caption":"Gr\u00eamio e Palmeiras come\u00e7am a decidir Copa do Brasil"},{"@type":"WebSite","@id":"https:\/\/redenoticiaz.com.br\/litoralsp\/#website","url":"https:\/\/redenoticiaz.com.br\/litoralsp\/","name":"Litoral SP","description":"Rede NoticiaZ","publisher":{"@id":"https:\/\/redenoticiaz.com.br\/litoralsp\/#organization"},"potentialAction":[{"@type":"SearchAction","target":{"@type":"EntryPoint","urlTemplate":"https:\/\/redenoticiaz.com.br\/litoralsp\/?s={search_term_string}"},"query-input":{"@type":"PropertyValueSpecification","valueRequired":true,"valueName":"search_term_string"}}],"inLanguage":"pt-BR"},{"@type":"Organization","@id":"https:\/\/redenoticiaz.com.br\/litoralsp\/#organization","name":"Litoral SP","url":"https:\/\/redenoticiaz.com.br\/litoralsp\/","logo":{"@type":"ImageObject","inLanguage":"pt-BR","@id":"https:\/\/redenoticiaz.com.br\/litoralsp\/#\/schema\/logo\/image\/","url":"https:\/\/redenoticiaz.com.br\/litoralsp\/wp-content\/uploads\/sites\/3\/2020\/11\/logo.jpg","contentUrl":"https:\/\/redenoticiaz.com.br\/litoralsp\/wp-content\/uploads\/sites\/3\/2020\/11\/logo.jpg","width":400,"height":250,"caption":"Litoral SP"},"image":{"@id":"https:\/\/redenoticiaz.com.br\/litoralsp\/#\/schema\/logo\/image\/"}},{"@type":"Person","@id":"https:\/\/redenoticiaz.com.br\/litoralsp\/#\/schema\/person\/e1b0bd8c2637e2c1b6ddcbc2c33b116f","name":"Patr\u00edcia Prado","image":{"@type":"ImageObject","inLanguage":"pt-BR","@id":"https:\/\/secure.gravatar.com\/avatar\/92e358bef22cfcec15e054ae4d9fee04dadf0c772dc4a17b382b8a34a15354c2?s=96&d=mm&r=g","url":"https:\/\/secure.gravatar.com\/avatar\/92e358bef22cfcec15e054ae4d9fee04dadf0c772dc4a17b382b8a34a15354c2?s=96&d=mm&r=g","contentUrl":"https:\/\/secure.gravatar.com\/avatar\/92e358bef22cfcec15e054ae4d9fee04dadf0c772dc4a17b382b8a34a15354c2?s=96&d=mm&r=g","caption":"Patr\u00edcia Prado"},"url":"https:\/\/redenoticiaz.com.br\/litoralsp\/author\/patricia-prado"}]}},"_links":{"self":[{"href":"https:\/\/redenoticiaz.com.br\/litoralsp\/wp-json\/wp\/v2\/posts\/4900","targetHints":{"allow":["GET"]}}],"collection":[{"href":"https:\/\/redenoticiaz.com.br\/litoralsp\/wp-json\/wp\/v2\/posts"}],"about":[{"href":"https:\/\/redenoticiaz.com.br\/litoralsp\/wp-json\/wp\/v2\/types\/post"}],"author":[{"embeddable":true,"href":"https:\/\/redenoticiaz.com.br\/litoralsp\/wp-json\/wp\/v2\/users\/5"}],"replies":[{"embeddable":true,"href":"https:\/\/redenoticiaz.com.br\/litoralsp\/wp-json\/wp\/v2\/comments?post=4900"}],"version-history":[{"count":1,"href":"https:\/\/redenoticiaz.com.br\/litoralsp\/wp-json\/wp\/v2\/posts\/4900\/revisions"}],"predecessor-version":[{"id":4902,"href":"https:\/\/redenoticiaz.com.br\/litoralsp\/wp-json\/wp\/v2\/posts\/4900\/revisions\/4902"}],"wp:featuredmedia":[{"embeddable":true,"href":"https:\/\/redenoticiaz.com.br\/litoralsp\/wp-json\/wp\/v2\/media\/4901"}],"wp:attachment":[{"href":"https:\/\/redenoticiaz.com.br\/litoralsp\/wp-json\/wp\/v2\/media?parent=4900"}],"wp:term":[{"taxonomy":"category","embeddable":true,"href":"https:\/\/redenoticiaz.com.br\/litoralsp\/wp-json\/wp\/v2\/categories?post=4900"},{"taxonomy":"post_tag","embeddable":true,"href":"https:\/\/redenoticiaz.com.br\/litoralsp\/wp-json\/wp\/v2\/tags?post=4900"}],"curies":[{"name":"wp","href":"https:\/\/api.w.org\/{rel}","templated":true}]}}