{"id":4903,"date":"2021-02-28T19:06:41","date_gmt":"2021-02-28T22:06:41","guid":{"rendered":"https:\/\/redenoticiaz.com.br\/litoralsp\/?p=4903"},"modified":"2021-02-28T19:06:41","modified_gmt":"2021-02-28T22:06:41","slug":"nao-respeitou-embargo-e-recebeu-multa-de-r-20-mil-da-ambiental","status":"publish","type":"post","link":"https:\/\/redenoticiaz.com.br\/litoralsp\/2021\/02\/28\/nao-respeitou-embargo-e-recebeu-multa-de-r-20-mil-da-ambiental","title":{"rendered":"N\u00e3o respeitou embargo e recebeu multa de R$ 20 mil da Ambiental"},"content":{"rendered":"<p>Um morador que construiu em \u00e1rea de preserva\u00e7\u00e3o permanente mesmo com a \u00e1rea embargada continuou as obras no <a href=\"https:\/\/pt.wikipedia.org\/wiki\/Guaruj%C3%A1\">Guaruj\u00e1.<\/a> Foi multado em R$ 20.000,00 por n\u00e3o respeita o embarga feito pela Pol\u00edcia Militar Ambiental.<\/p>\n<p>Ao vistoriar o local os policiais ambientais verificaram se tratar de uma \u00e1rea j\u00e1 autuada, e ao realizar a vistoria do verificaram que o local se encontra alterado, mediante piso concretado, revestido com cer\u00e2mica e coberto com estrutura em madeira e telhas de fibrocimento, medindo 5m x 4m, 0,002ha.<\/p>\n<div id='gallery-1' class='gallery galleryid-4903 gallery-columns-2 gallery-size-medium'><figure class='gallery-item'>\n\t\t\t<div class='gallery-icon portrait'>\n\t\t\t\t<a href='https:\/\/redenoticiaz.com.br\/litoralsp\/2021\/02\/28\/nao-respeitou-embargo-e-recebeu-multa-de-r-20-mil-da-ambiental\/embargo-2'><img loading=\"lazy\" decoding=\"async\" width=\"225\" height=\"300\" src=\"https:\/\/redenoticiaz.com.br\/litoralsp\/wp-content\/uploads\/sites\/3\/2021\/02\/embargo-2-225x300.jpg\" class=\"attachment-medium size-medium\" alt=\"\" srcset=\"https:\/\/redenoticiaz.com.br\/litoralsp\/wp-content\/uploads\/sites\/3\/2021\/02\/embargo-2-225x300.jpg 225w, https:\/\/redenoticiaz.com.br\/litoralsp\/wp-content\/uploads\/sites\/3\/2021\/02\/embargo-2-768x1024.jpg 768w, https:\/\/redenoticiaz.com.br\/litoralsp\/wp-content\/uploads\/sites\/3\/2021\/02\/embargo-2.jpg 810w\" sizes=\"auto, (max-width: 225px) 100vw, 225px\" \/><\/a>\n\t\t\t<\/div><\/figure><figure class='gallery-item'>\n\t\t\t<div class='gallery-icon landscape'>\n\t\t\t\t<a href='https:\/\/redenoticiaz.com.br\/litoralsp\/2021\/02\/28\/nao-respeitou-embargo-e-recebeu-multa-de-r-20-mil-da-ambiental\/embargo-1'><img loading=\"lazy\" decoding=\"async\" width=\"300\" height=\"225\" src=\"https:\/\/redenoticiaz.com.br\/litoralsp\/wp-content\/uploads\/sites\/3\/2021\/02\/embargo-1-300x225.jpg\" class=\"attachment-medium size-medium\" alt=\"\" srcset=\"https:\/\/redenoticiaz.com.br\/litoralsp\/wp-content\/uploads\/sites\/3\/2021\/02\/embargo-1-300x225.jpg 300w, https:\/\/redenoticiaz.com.br\/litoralsp\/wp-content\/uploads\/sites\/3\/2021\/02\/embargo-1-1024x768.jpg 1024w, https:\/\/redenoticiaz.com.br\/litoralsp\/wp-content\/uploads\/sites\/3\/2021\/02\/embargo-1-768x576.jpg 768w, https:\/\/redenoticiaz.com.br\/litoralsp\/wp-content\/uploads\/sites\/3\/2021\/02\/embargo-1.jpg 1280w\" sizes=\"auto, (max-width: 300px) 100vw, 300px\" \/><\/a>\n\t\t\t<\/div><\/figure>\n\t\t<\/div>\n\n<p>Diante do exposto, foi feita multa de R$ 20.000,00 e san\u00e7\u00e3o de demoli\u00e7\u00e3o. A \u00e1rea objeto encontra-se dentro de \u00e1rea de preserva\u00e7\u00e3o permanente, (mangue) e est\u00e1 inserida em zona de amortecimento do Parque Estadual Xixov\u00e1 Japu\u00ed.<\/p>\n<p>O caso vai ser enviado ao Distrito Policial Sede de Guaruj\u00e1, com base no artigo 330 do c\u00f3digo penal.<\/p>\n<p>&nbsp;<\/p>\n<p>LEIA TAMB\u00c9M<\/p>\n<p><a href=\"https:\/\/redenoticiaz.com.br\/litoralsp\/2021\/02\/28\/google-oferece-capacitacao-profissional-gratuita-para-mulheres\">Google oferece capacita\u00e7\u00e3o profissional gratuita para mulheres<\/a><\/p>\n","protected":false},"excerpt":{"rendered":"<p>Um morador que construiu em \u00e1rea de preserva\u00e7\u00e3o permanente mesmo com a \u00e1rea embargada continuou as obras no Guaruj\u00e1. Foi multado em R$ 20.000,00 por n\u00e3o respeita o embarga feito pela Pol\u00edcia Militar Ambiental. Ao vistoriar o local os policiais ambientais verificaram se tratar de uma \u00e1rea j\u00e1 autuada, e ao realizar a vistoria do &hellip;<\/p>\n","protected":false},"author":5,"featured_media":4904,"comment_status":"open","ping_status":"closed","sticky":false,"template":"","format":"standard","meta":{"footnotes":""},"categories":[187,1487,10],"tags":[13803,13802,4299,2685],"class_list":["post-4903","post","type-post","status-publish","format-standard","has-post-thumbnail","hentry","category-guaruja","category-meio-ambiente","category-policia","tag-construcao-em-area-de-preservacao-guaruja","tag-nao-respeitou-embargo","tag-pma","tag-policia-ambiental"],"yoast_head":"<!-- This site is optimized with the Yoast SEO plugin v27.4 - https:\/\/yoast.com\/product\/yoast-seo-wordpress\/ -->\n<title>N\u00e3o respeitou embargo e recebeu multa de R$ 20 mil da Ambiental - Litoral SP<\/title>\n<meta name=\"description\" content=\"com a \u00e1rea embargada continuou as obras no Guaruj\u00e1. Foi multado em R$ 20.000,00 por n\u00e3o respeita o embarga feito pela Pol\u00edcia Militar Ambiental.\u00a0\" \/>\n<meta name=\"robots\" content=\"index, follow, max-snippet:-1, max-image-preview:large, max-video-preview:-1\" \/>\n<link rel=\"canonical\" href=\"https:\/\/redenoticiaz.com.br\/litoralsp\/2021\/02\/28\/nao-respeitou-embargo-e-recebeu-multa-de-r-20-mil-da-ambiental\" \/>\n<meta property=\"og:locale\" content=\"pt_BR\" \/>\n<meta property=\"og:type\" content=\"article\" \/>\n<meta property=\"og:title\" content=\"N\u00e3o respeitou embargo e recebeu multa de R$ 20 mil da Ambiental - Litoral SP\" \/>\n<meta property=\"og:description\" content=\"com a \u00e1rea embargada continuou as obras no Guaruj\u00e1. Foi multado em R$ 20.000,00 por n\u00e3o respeita o embarga feito pela Pol\u00edcia Militar Ambiental.\u00a0\" \/>\n<meta property=\"og:url\" content=\"https:\/\/redenoticiaz.com.br\/litoralsp\/2021\/02\/28\/nao-respeitou-embargo-e-recebeu-multa-de-r-20-mil-da-ambiental\" \/>\n<meta property=\"og:site_name\" content=\"Litoral SP\" \/>\n<meta property=\"article:published_time\" content=\"2021-02-28T22:06:41+00:00\" \/>\n<meta property=\"og:image\" content=\"https:\/\/redenoticiaz.com.br\/litoralsp\/wp-content\/uploads\/sites\/3\/2021\/02\/embargo.jpg\" \/>\n\t<meta property=\"og:image:width\" content=\"810\" \/>\n\t<meta property=\"og:image:height\" content=\"1080\" \/>\n\t<meta property=\"og:image:type\" content=\"image\/jpeg\" \/>\n<meta name=\"author\" content=\"Patr\u00edcia Prado\" \/>\n<meta name=\"twitter:card\" content=\"summary_large_image\" \/>\n<meta name=\"twitter:label1\" content=\"Escrito por\" \/>\n\t<meta name=\"twitter:data1\" content=\"Patr\u00edcia Prado\" \/>\n\t<meta name=\"twitter:label2\" content=\"Est. tempo de leitura\" \/>\n\t<meta name=\"twitter:data2\" content=\"1 minuto\" \/>\n<script type=\"application\/ld+json\" class=\"yoast-schema-graph\">{\"@context\":\"https:\\\/\\\/schema.org\",\"@graph\":[{\"@type\":\"Article\",\"@id\":\"https:\\\/\\\/redenoticiaz.com.br\\\/litoralsp\\\/2021\\\/02\\\/28\\\/nao-respeitou-embargo-e-recebeu-multa-de-r-20-mil-da-ambiental#article\",\"isPartOf\":{\"@id\":\"https:\\\/\\\/redenoticiaz.com.br\\\/litoralsp\\\/2021\\\/02\\\/28\\\/nao-respeitou-embargo-e-recebeu-multa-de-r-20-mil-da-ambiental\"},\"author\":{\"name\":\"Patr\u00edcia Prado\",\"@id\":\"https:\\\/\\\/redenoticiaz.com.br\\\/litoralsp\\\/#\\\/schema\\\/person\\\/e1b0bd8c2637e2c1b6ddcbc2c33b116f\"},\"headline\":\"N\u00e3o respeitou embargo e recebeu multa de R$ 20 mil da Ambiental\",\"datePublished\":\"2021-02-28T22:06:41+00:00\",\"mainEntityOfPage\":{\"@id\":\"https:\\\/\\\/redenoticiaz.com.br\\\/litoralsp\\\/2021\\\/02\\\/28\\\/nao-respeitou-embargo-e-recebeu-multa-de-r-20-mil-da-ambiental\"},\"wordCount\":172,\"commentCount\":0,\"publisher\":{\"@id\":\"https:\\\/\\\/redenoticiaz.com.br\\\/litoralsp\\\/#organization\"},\"image\":{\"@id\":\"https:\\\/\\\/redenoticiaz.com.br\\\/litoralsp\\\/2021\\\/02\\\/28\\\/nao-respeitou-embargo-e-recebeu-multa-de-r-20-mil-da-ambiental#primaryimage\"},\"thumbnailUrl\":\"https:\\\/\\\/redenoticiaz.com.br\\\/litoralsp\\\/wp-content\\\/uploads\\\/sites\\\/3\\\/2021\\\/02\\\/embargo.jpg\",\"keywords\":[\"CONSTRU\u00c7\u00c3O EM \u00c1REA DE PRESERVA\u00c7\u00c3O GUARUJ\u00c1\",\"N\u00c3O RESPEITOU EMBARGO\",\"PMA\",\"POL\u00cdCIA AMBIENTAL\"],\"articleSection\":[\"Guaruj\u00e1\",\"Meio Ambiente\",\"Pol\u00edcia\"],\"inLanguage\":\"pt-BR\",\"potentialAction\":[{\"@type\":\"CommentAction\",\"name\":\"Comment\",\"target\":[\"https:\\\/\\\/redenoticiaz.com.br\\\/litoralsp\\\/2021\\\/02\\\/28\\\/nao-respeitou-embargo-e-recebeu-multa-de-r-20-mil-da-ambiental#respond\"]}]},{\"@type\":\"WebPage\",\"@id\":\"https:\\\/\\\/redenoticiaz.com.br\\\/litoralsp\\\/2021\\\/02\\\/28\\\/nao-respeitou-embargo-e-recebeu-multa-de-r-20-mil-da-ambiental\",\"url\":\"https:\\\/\\\/redenoticiaz.com.br\\\/litoralsp\\\/2021\\\/02\\\/28\\\/nao-respeitou-embargo-e-recebeu-multa-de-r-20-mil-da-ambiental\",\"name\":\"N\u00e3o respeitou embargo e recebeu multa de R$ 20 mil da Ambiental - Litoral SP\",\"isPartOf\":{\"@id\":\"https:\\\/\\\/redenoticiaz.com.br\\\/litoralsp\\\/#website\"},\"primaryImageOfPage\":{\"@id\":\"https:\\\/\\\/redenoticiaz.com.br\\\/litoralsp\\\/2021\\\/02\\\/28\\\/nao-respeitou-embargo-e-recebeu-multa-de-r-20-mil-da-ambiental#primaryimage\"},\"image\":{\"@id\":\"https:\\\/\\\/redenoticiaz.com.br\\\/litoralsp\\\/2021\\\/02\\\/28\\\/nao-respeitou-embargo-e-recebeu-multa-de-r-20-mil-da-ambiental#primaryimage\"},\"thumbnailUrl\":\"https:\\\/\\\/redenoticiaz.com.br\\\/litoralsp\\\/wp-content\\\/uploads\\\/sites\\\/3\\\/2021\\\/02\\\/embargo.jpg\",\"datePublished\":\"2021-02-28T22:06:41+00:00\",\"description\":\"com a \u00e1rea embargada continuou as obras no Guaruj\u00e1. Foi multado em R$ 20.000,00 por n\u00e3o respeita o embarga feito pela Pol\u00edcia Militar Ambiental.\u00a0\",\"inLanguage\":\"pt-BR\",\"potentialAction\":[{\"@type\":\"ReadAction\",\"target\":[\"https:\\\/\\\/redenoticiaz.com.br\\\/litoralsp\\\/2021\\\/02\\\/28\\\/nao-respeitou-embargo-e-recebeu-multa-de-r-20-mil-da-ambiental\"]}]},{\"@type\":\"ImageObject\",\"inLanguage\":\"pt-BR\",\"@id\":\"https:\\\/\\\/redenoticiaz.com.br\\\/litoralsp\\\/2021\\\/02\\\/28\\\/nao-respeitou-embargo-e-recebeu-multa-de-r-20-mil-da-ambiental#primaryimage\",\"url\":\"https:\\\/\\\/redenoticiaz.com.br\\\/litoralsp\\\/wp-content\\\/uploads\\\/sites\\\/3\\\/2021\\\/02\\\/embargo.jpg\",\"contentUrl\":\"https:\\\/\\\/redenoticiaz.com.br\\\/litoralsp\\\/wp-content\\\/uploads\\\/sites\\\/3\\\/2021\\\/02\\\/embargo.jpg\",\"width\":810,\"height\":1080,\"caption\":\"N\u00e3o respeitou embargo e recebeu multa de R$ 20 mil da Ambiental\"},{\"@type\":\"WebSite\",\"@id\":\"https:\\\/\\\/redenoticiaz.com.br\\\/litoralsp\\\/#website\",\"url\":\"https:\\\/\\\/redenoticiaz.com.br\\\/litoralsp\\\/\",\"name\":\"Litoral SP\",\"description\":\"Rede NoticiaZ\",\"publisher\":{\"@id\":\"https:\\\/\\\/redenoticiaz.com.br\\\/litoralsp\\\/#organization\"},\"potentialAction\":[{\"@type\":\"SearchAction\",\"target\":{\"@type\":\"EntryPoint\",\"urlTemplate\":\"https:\\\/\\\/redenoticiaz.com.br\\\/litoralsp\\\/?s={search_term_string}\"},\"query-input\":{\"@type\":\"PropertyValueSpecification\",\"valueRequired\":true,\"valueName\":\"search_term_string\"}}],\"inLanguage\":\"pt-BR\"},{\"@type\":\"Organization\",\"@id\":\"https:\\\/\\\/redenoticiaz.com.br\\\/litoralsp\\\/#organization\",\"name\":\"Litoral SP\",\"url\":\"https:\\\/\\\/redenoticiaz.com.br\\\/litoralsp\\\/\",\"logo\":{\"@type\":\"ImageObject\",\"inLanguage\":\"pt-BR\",\"@id\":\"https:\\\/\\\/redenoticiaz.com.br\\\/litoralsp\\\/#\\\/schema\\\/logo\\\/image\\\/\",\"url\":\"https:\\\/\\\/redenoticiaz.com.br\\\/litoralsp\\\/wp-content\\\/uploads\\\/sites\\\/3\\\/2020\\\/11\\\/logo.jpg\",\"contentUrl\":\"https:\\\/\\\/redenoticiaz.com.br\\\/litoralsp\\\/wp-content\\\/uploads\\\/sites\\\/3\\\/2020\\\/11\\\/logo.jpg\",\"width\":400,\"height\":250,\"caption\":\"Litoral SP\"},\"image\":{\"@id\":\"https:\\\/\\\/redenoticiaz.com.br\\\/litoralsp\\\/#\\\/schema\\\/logo\\\/image\\\/\"}},{\"@type\":\"Person\",\"@id\":\"https:\\\/\\\/redenoticiaz.com.br\\\/litoralsp\\\/#\\\/schema\\\/person\\\/e1b0bd8c2637e2c1b6ddcbc2c33b116f\",\"name\":\"Patr\u00edcia Prado\",\"image\":{\"@type\":\"ImageObject\",\"inLanguage\":\"pt-BR\",\"@id\":\"https:\\\/\\\/secure.gravatar.com\\\/avatar\\\/92e358bef22cfcec15e054ae4d9fee04dadf0c772dc4a17b382b8a34a15354c2?s=96&d=mm&r=g\",\"url\":\"https:\\\/\\\/secure.gravatar.com\\\/avatar\\\/92e358bef22cfcec15e054ae4d9fee04dadf0c772dc4a17b382b8a34a15354c2?s=96&d=mm&r=g\",\"contentUrl\":\"https:\\\/\\\/secure.gravatar.com\\\/avatar\\\/92e358bef22cfcec15e054ae4d9fee04dadf0c772dc4a17b382b8a34a15354c2?s=96&d=mm&r=g\",\"caption\":\"Patr\u00edcia Prado\"},\"url\":\"https:\\\/\\\/redenoticiaz.com.br\\\/litoralsp\\\/author\\\/patricia-prado\"}]}<\/script>\n<!-- \/ Yoast SEO plugin. -->","yoast_head_json":{"title":"N\u00e3o respeitou embargo e recebeu multa de R$ 20 mil da Ambiental - Litoral SP","description":"com a \u00e1rea embargada continuou as obras no Guaruj\u00e1. Foi multado em R$ 20.000,00 por n\u00e3o respeita o embarga feito pela Pol\u00edcia Militar Ambiental.\u00a0","robots":{"index":"index","follow":"follow","max-snippet":"max-snippet:-1","max-image-preview":"max-image-preview:large","max-video-preview":"max-video-preview:-1"},"canonical":"https:\/\/redenoticiaz.com.br\/litoralsp\/2021\/02\/28\/nao-respeitou-embargo-e-recebeu-multa-de-r-20-mil-da-ambiental","og_locale":"pt_BR","og_type":"article","og_title":"N\u00e3o respeitou embargo e recebeu multa de R$ 20 mil da Ambiental - Litoral SP","og_description":"com a \u00e1rea embargada continuou as obras no Guaruj\u00e1. Foi multado em R$ 20.000,00 por n\u00e3o respeita o embarga feito pela Pol\u00edcia Militar Ambiental.\u00a0","og_url":"https:\/\/redenoticiaz.com.br\/litoralsp\/2021\/02\/28\/nao-respeitou-embargo-e-recebeu-multa-de-r-20-mil-da-ambiental","og_site_name":"Litoral SP","article_published_time":"2021-02-28T22:06:41+00:00","og_image":[{"width":810,"height":1080,"url":"https:\/\/redenoticiaz.com.br\/litoralsp\/wp-content\/uploads\/sites\/3\/2021\/02\/embargo.jpg","type":"image\/jpeg"}],"author":"Patr\u00edcia Prado","twitter_card":"summary_large_image","twitter_misc":{"Escrito por":"Patr\u00edcia Prado","Est. tempo de leitura":"1 minuto"},"schema":{"@context":"https:\/\/schema.org","@graph":[{"@type":"Article","@id":"https:\/\/redenoticiaz.com.br\/litoralsp\/2021\/02\/28\/nao-respeitou-embargo-e-recebeu-multa-de-r-20-mil-da-ambiental#article","isPartOf":{"@id":"https:\/\/redenoticiaz.com.br\/litoralsp\/2021\/02\/28\/nao-respeitou-embargo-e-recebeu-multa-de-r-20-mil-da-ambiental"},"author":{"name":"Patr\u00edcia Prado","@id":"https:\/\/redenoticiaz.com.br\/litoralsp\/#\/schema\/person\/e1b0bd8c2637e2c1b6ddcbc2c33b116f"},"headline":"N\u00e3o respeitou embargo e recebeu multa de R$ 20 mil da Ambiental","datePublished":"2021-02-28T22:06:41+00:00","mainEntityOfPage":{"@id":"https:\/\/redenoticiaz.com.br\/litoralsp\/2021\/02\/28\/nao-respeitou-embargo-e-recebeu-multa-de-r-20-mil-da-ambiental"},"wordCount":172,"commentCount":0,"publisher":{"@id":"https:\/\/redenoticiaz.com.br\/litoralsp\/#organization"},"image":{"@id":"https:\/\/redenoticiaz.com.br\/litoralsp\/2021\/02\/28\/nao-respeitou-embargo-e-recebeu-multa-de-r-20-mil-da-ambiental#primaryimage"},"thumbnailUrl":"https:\/\/redenoticiaz.com.br\/litoralsp\/wp-content\/uploads\/sites\/3\/2021\/02\/embargo.jpg","keywords":["CONSTRU\u00c7\u00c3O EM \u00c1REA DE PRESERVA\u00c7\u00c3O GUARUJ\u00c1","N\u00c3O RESPEITOU EMBARGO","PMA","POL\u00cdCIA AMBIENTAL"],"articleSection":["Guaruj\u00e1","Meio Ambiente","Pol\u00edcia"],"inLanguage":"pt-BR","potentialAction":[{"@type":"CommentAction","name":"Comment","target":["https:\/\/redenoticiaz.com.br\/litoralsp\/2021\/02\/28\/nao-respeitou-embargo-e-recebeu-multa-de-r-20-mil-da-ambiental#respond"]}]},{"@type":"WebPage","@id":"https:\/\/redenoticiaz.com.br\/litoralsp\/2021\/02\/28\/nao-respeitou-embargo-e-recebeu-multa-de-r-20-mil-da-ambiental","url":"https:\/\/redenoticiaz.com.br\/litoralsp\/2021\/02\/28\/nao-respeitou-embargo-e-recebeu-multa-de-r-20-mil-da-ambiental","name":"N\u00e3o respeitou embargo e recebeu multa de R$ 20 mil da Ambiental - Litoral SP","isPartOf":{"@id":"https:\/\/redenoticiaz.com.br\/litoralsp\/#website"},"primaryImageOfPage":{"@id":"https:\/\/redenoticiaz.com.br\/litoralsp\/2021\/02\/28\/nao-respeitou-embargo-e-recebeu-multa-de-r-20-mil-da-ambiental#primaryimage"},"image":{"@id":"https:\/\/redenoticiaz.com.br\/litoralsp\/2021\/02\/28\/nao-respeitou-embargo-e-recebeu-multa-de-r-20-mil-da-ambiental#primaryimage"},"thumbnailUrl":"https:\/\/redenoticiaz.com.br\/litoralsp\/wp-content\/uploads\/sites\/3\/2021\/02\/embargo.jpg","datePublished":"2021-02-28T22:06:41+00:00","description":"com a \u00e1rea embargada continuou as obras no Guaruj\u00e1. Foi multado em R$ 20.000,00 por n\u00e3o respeita o embarga feito pela Pol\u00edcia Militar Ambiental.\u00a0","inLanguage":"pt-BR","potentialAction":[{"@type":"ReadAction","target":["https:\/\/redenoticiaz.com.br\/litoralsp\/2021\/02\/28\/nao-respeitou-embargo-e-recebeu-multa-de-r-20-mil-da-ambiental"]}]},{"@type":"ImageObject","inLanguage":"pt-BR","@id":"https:\/\/redenoticiaz.com.br\/litoralsp\/2021\/02\/28\/nao-respeitou-embargo-e-recebeu-multa-de-r-20-mil-da-ambiental#primaryimage","url":"https:\/\/redenoticiaz.com.br\/litoralsp\/wp-content\/uploads\/sites\/3\/2021\/02\/embargo.jpg","contentUrl":"https:\/\/redenoticiaz.com.br\/litoralsp\/wp-content\/uploads\/sites\/3\/2021\/02\/embargo.jpg","width":810,"height":1080,"caption":"N\u00e3o respeitou embargo e recebeu multa de R$ 20 mil da Ambiental"},{"@type":"WebSite","@id":"https:\/\/redenoticiaz.com.br\/litoralsp\/#website","url":"https:\/\/redenoticiaz.com.br\/litoralsp\/","name":"Litoral SP","description":"Rede NoticiaZ","publisher":{"@id":"https:\/\/redenoticiaz.com.br\/litoralsp\/#organization"},"potentialAction":[{"@type":"SearchAction","target":{"@type":"EntryPoint","urlTemplate":"https:\/\/redenoticiaz.com.br\/litoralsp\/?s={search_term_string}"},"query-input":{"@type":"PropertyValueSpecification","valueRequired":true,"valueName":"search_term_string"}}],"inLanguage":"pt-BR"},{"@type":"Organization","@id":"https:\/\/redenoticiaz.com.br\/litoralsp\/#organization","name":"Litoral SP","url":"https:\/\/redenoticiaz.com.br\/litoralsp\/","logo":{"@type":"ImageObject","inLanguage":"pt-BR","@id":"https:\/\/redenoticiaz.com.br\/litoralsp\/#\/schema\/logo\/image\/","url":"https:\/\/redenoticiaz.com.br\/litoralsp\/wp-content\/uploads\/sites\/3\/2020\/11\/logo.jpg","contentUrl":"https:\/\/redenoticiaz.com.br\/litoralsp\/wp-content\/uploads\/sites\/3\/2020\/11\/logo.jpg","width":400,"height":250,"caption":"Litoral SP"},"image":{"@id":"https:\/\/redenoticiaz.com.br\/litoralsp\/#\/schema\/logo\/image\/"}},{"@type":"Person","@id":"https:\/\/redenoticiaz.com.br\/litoralsp\/#\/schema\/person\/e1b0bd8c2637e2c1b6ddcbc2c33b116f","name":"Patr\u00edcia Prado","image":{"@type":"ImageObject","inLanguage":"pt-BR","@id":"https:\/\/secure.gravatar.com\/avatar\/92e358bef22cfcec15e054ae4d9fee04dadf0c772dc4a17b382b8a34a15354c2?s=96&d=mm&r=g","url":"https:\/\/secure.gravatar.com\/avatar\/92e358bef22cfcec15e054ae4d9fee04dadf0c772dc4a17b382b8a34a15354c2?s=96&d=mm&r=g","contentUrl":"https:\/\/secure.gravatar.com\/avatar\/92e358bef22cfcec15e054ae4d9fee04dadf0c772dc4a17b382b8a34a15354c2?s=96&d=mm&r=g","caption":"Patr\u00edcia Prado"},"url":"https:\/\/redenoticiaz.com.br\/litoralsp\/author\/patricia-prado"}]}},"_links":{"self":[{"href":"https:\/\/redenoticiaz.com.br\/litoralsp\/wp-json\/wp\/v2\/posts\/4903","targetHints":{"allow":["GET"]}}],"collection":[{"href":"https:\/\/redenoticiaz.com.br\/litoralsp\/wp-json\/wp\/v2\/posts"}],"about":[{"href":"https:\/\/redenoticiaz.com.br\/litoralsp\/wp-json\/wp\/v2\/types\/post"}],"author":[{"embeddable":true,"href":"https:\/\/redenoticiaz.com.br\/litoralsp\/wp-json\/wp\/v2\/users\/5"}],"replies":[{"embeddable":true,"href":"https:\/\/redenoticiaz.com.br\/litoralsp\/wp-json\/wp\/v2\/comments?post=4903"}],"version-history":[{"count":1,"href":"https:\/\/redenoticiaz.com.br\/litoralsp\/wp-json\/wp\/v2\/posts\/4903\/revisions"}],"predecessor-version":[{"id":4907,"href":"https:\/\/redenoticiaz.com.br\/litoralsp\/wp-json\/wp\/v2\/posts\/4903\/revisions\/4907"}],"wp:featuredmedia":[{"embeddable":true,"href":"https:\/\/redenoticiaz.com.br\/litoralsp\/wp-json\/wp\/v2\/media\/4904"}],"wp:attachment":[{"href":"https:\/\/redenoticiaz.com.br\/litoralsp\/wp-json\/wp\/v2\/media?parent=4903"}],"wp:term":[{"taxonomy":"category","embeddable":true,"href":"https:\/\/redenoticiaz.com.br\/litoralsp\/wp-json\/wp\/v2\/categories?post=4903"},{"taxonomy":"post_tag","embeddable":true,"href":"https:\/\/redenoticiaz.com.br\/litoralsp\/wp-json\/wp\/v2\/tags?post=4903"}],"curies":[{"name":"wp","href":"https:\/\/api.w.org\/{rel}","templated":true}]}}