{"id":4912,"date":"2021-03-01T07:36:13","date_gmt":"2021-03-01T10:36:13","guid":{"rendered":"https:\/\/redenoticiaz.com.br\/litoralsp\/2021\/03\/01\/final-copa-do-brasil-palmeiras-vence-o-gremio"},"modified":"2021-03-01T07:39:16","modified_gmt":"2021-03-01T10:39:16","slug":"final-copa-do-brasil-palmeiras-vence-o-gremio","status":"publish","type":"post","link":"https:\/\/redenoticiaz.com.br\/litoralsp\/2021\/03\/01\/final-copa-do-brasil-palmeiras-vence-o-gremio","title":{"rendered":"Final Copa do Brasil: Palmeiras vence o Gr\u00eamio"},"content":{"rendered":"<p>O Palmeiras derrotou o Gr\u00eamio por 1 a 0, em partida realizada neste domingo (28) em Porto Alegre, e deu um passo importante na busca do t\u00edtulo da Copa do Brasil.<img decoding=\"async\" src=\"https:\/\/agenciabrasil.ebc.com.br\/ebc.png?id=1402592&amp;o=node\" \/><img decoding=\"async\" src=\"https:\/\/agenciabrasil.ebc.com.br\/ebc.gif?id=1402592&amp;o=node\" \/><\/p>\n<div class=\"twitter-tweet twitter-tweet-rendered\"><iframe id=\"twitter-widget-0\" class=\"\" title=\"Twitter Tweet\" src=\"https:\/\/platform.twitter.com\/embed\/Tweet.html?creatorScreenName=agenciabrasil&amp;dnt=false&amp;embedId=twitter-widget-0&amp;frame=false&amp;hideCard=false&amp;hideThread=false&amp;id=1366205987162578947&amp;lang=pt&amp;origin=https%3A%2F%2Fagenciabrasil.ebc.com.br%2Fesportes%2Fnoticia%2F2021-02%2Fcopa-do-brasil-gomez-garante-vitoria-de-palmeiras-sobre-gremio&amp;siteScreenName=agenciabrasil&amp;theme=light&amp;widgetsVersion=889aa01%3A1612811843556&amp;width=550px\" frameborder=\"0\" scrolling=\"no\" allowfullscreen=\"allowfullscreen\" data-tweet-id=\"1366205987162578947\" data-mce-fragment=\"1\"><\/iframe><\/div>\n<p>Com este triunfo, o atual campe\u00e3o da Ta\u00e7a Libertadores fica com o t\u00edtulo da competi\u00e7\u00e3o mesmo se empatar, por qualquer placar, no confronto de volta. Como a disputa n\u00e3o tem gol qualificado, o Gr\u00eamio precisa vencer por qualquer placar com diferen\u00e7a de mais de dois gols para vencer a decis\u00e3o no tempo regulamentar. Em caso de triunfo do Tricolor por apenas um gol de diferen\u00e7a, a<a href=\"https:\/\/pt.wikipedia.org\/wiki\/Copa_do_Brasil_de_Futebol\"> Copa do Brasil<\/a> ser\u00e1 definida nos p\u00eanaltis.<\/p>\n<p>O jogo de volta entre Palmeiras e Gr\u00eamio acontece no pr\u00f3ximo domingo, no Allianz Parque, em S\u00e3o Paulo, a partir das 18h (hor\u00e1rio de Bras\u00edlia).<\/p>\n<h5>O jogo<\/h5>\n<p>Mesmo jogando fora de casa, o time paulista se imp\u00f4s desde o in\u00edcio, e conseguiu criar a primeira boa chance com menos de um minuto de bola rolando, quando o uruguaio Mat\u00edas Vi\u00f1a avan\u00e7a sozinho, at\u00e9 cair perto da \u00e1rea ap\u00f3s trombar com o argentino Kannemann, mas o \u00e1rbitro afirma que n\u00e3o \u00e9 nada.<\/p>\n<p>A segunda boa oportunidade de gol da partida surge apenas aos 25 minutos, quando Rony bate falta direta da intermedi\u00e1ria para defesa do goleiro Paulo Victor.<\/p>\n<p>E na terceira chance do Palmeiras no confronto o gol saiu. Ap\u00f3s cobran\u00e7a de escanteio de Raphael Veiga aos 31 minutos, o zagueiro paraguaio Gustavo G\u00f3mez sobe sozinho para cabecear com for\u00e7a para vencer Paulo Victor.<\/p>\n<div class=\"twitter-tweet twitter-tweet-rendered\"><iframe id=\"twitter-widget-1\" class=\"\" title=\"Twitter Tweet\" src=\"https:\/\/platform.twitter.com\/embed\/Tweet.html?creatorScreenName=agenciabrasil&amp;dnt=false&amp;embedId=twitter-widget-1&amp;frame=false&amp;hideCard=false&amp;hideThread=false&amp;id=1366209358233796609&amp;lang=pt&amp;origin=https%3A%2F%2Fagenciabrasil.ebc.com.br%2Fesportes%2Fnoticia%2F2021-02%2Fcopa-do-brasil-gomez-garante-vitoria-de-palmeiras-sobre-gremio&amp;siteScreenName=agenciabrasil&amp;theme=light&amp;widgetsVersion=889aa01%3A1612811843556&amp;width=550px\" frameborder=\"0\" scrolling=\"no\" allowfullscreen=\"allowfullscreen\" data-tweet-id=\"1366209358233796609\" data-mce-fragment=\"1\"><\/iframe><\/div>\n<p>Dois minutos depois o Gr\u00eamio tenta responder, mas o chute de fora da \u00e1rea de Alisson sai ao lado do gol defendido por Weverton. Aos 40 minutos, o mesmo Alisson volta a chegar com perigo.<\/p>\n<p>Por\u00e9m, a chance mais cristalina da primeira etapa \u00e9 do Palmeiras. Aos 45 minutos Luiz Adriano recebe, se livra de Paulo Miranda e, sozinho diante de Paulo Victor, chuta por cima do gol.<\/p>\n<h5>O segundo tempo<\/h5>\n<p>A etapa final come\u00e7a com a mesma din\u00e2mica, com o Palmeiras assumindo o protagonismo, enquanto o Gr\u00eamio tem dificuldades de criar oportunidades.<\/p>\n<p>E essa superioridade fica evidente aos 10 minutos, quando Raphael Veiga domina na ponta esquerda, se livra de Paulo Miranda com um drible no meio das pernas e rola para Rony, que, de dentro da \u00e1rea, chuta por cima do gol.<\/p>\n<p>Mas o panorama da partida muda completamente aos 19 minutos, quando o zagueiro Luan agride Diego Souza com uma cotovelada no rosto e recebe cart\u00e3o vermelho direto. Com um homem a mais em campo, o Gr\u00eamio assume o controle da partida.<\/p>\n<p>Logo depois uma boa oportunidade do Tricolor sai dos p\u00e9s do atacante Ferreira, que entrou no lugar do volante Maicon. O jovem recebe de Diego Souza aos 28 minutos e chuta com perigo para defesa de Weverton.<\/p>\n<p>O time da casa at\u00e9 consegue rondar mais a \u00e1rea do Palmeiras, mas cria muito pouco. A oportunidade mais clara vem aos 40 minutos, quando, ap\u00f3s uma grande confus\u00e3o na \u00e1rea do Verd\u00e3o, Thaciano chuta com for\u00e7a. A bola \u00e9 desviada por Felipe Melo dentro da \u00e1rea. Os gremistas pedem p\u00eanalti, mas o \u00e1rbitro n\u00e3o marca nada, pois a bola bate apenas na barriga do volante.<\/p>\n<p>Depois, muito pouco acontece, e o Palmeiras conseguiu segurar a vit\u00f3ria de 1 a 0 at\u00e9 o final mesmo com um homem a menos. Vantagem importante para a volta.<\/p>\n<p>&nbsp;<\/p>\n<p>LEIA TAMB\u00c9M<\/p>\n<p><a href=\"https:\/\/redenoticiaz.com.br\/blog\/2021\/02\/28\/google-oferece-capacitacao-profissional-gratuita-para-mulheres\">Google oferece capacita\u00e7\u00e3o profissional gratuita para mulheres<\/a><\/p>\n","protected":false},"excerpt":{"rendered":"<p>O Palmeiras derrotou o Gr\u00eamio por 1 a 0, em partida realizada neste domingo (28) em Porto Alegre, e deu um passo importante na busca do t\u00edtulo da Copa do Brasil. Com este triunfo, o atual campe\u00e3o da Ta\u00e7a Libertadores fica com o t\u00edtulo da competi\u00e7\u00e3o mesmo se empatar, por qualquer placar, no confronto de &hellip;<\/p>\n","protected":false},"author":5,"featured_media":4913,"comment_status":"open","ping_status":"closed","sticky":false,"template":"","format":"standard","meta":{"footnotes":""},"categories":[35],"tags":[13813,13814,13815],"class_list":["post-4912","post","type-post","status-publish","format-standard","has-post-thumbnail","hentry","category-esporte","tag-palmeiras-vence-o-gremio-na-copa-do-brasil","tag-primeiro-jogo-palmeiras-e-gremio","tag-resultado-palmeiras-e-gremio"],"yoast_head":"<!-- This site is optimized with the Yoast SEO plugin v27.5 - https:\/\/yoast.com\/product\/yoast-seo-wordpress\/ -->\n<title>Final Copa do Brasil: Palmeiras vence o Gr\u00eamio - Litoral SP<\/title>\n<meta name=\"description\" content=\"O Palmeiras derrotou o Gr\u00eamio por 1 a 0, em partida realizada neste domingo (28) em Porto Alegre, e deu um passo importante na busca do t\u00edtulo da\" \/>\n<meta name=\"robots\" content=\"index, follow, max-snippet:-1, max-image-preview:large, max-video-preview:-1\" \/>\n<link rel=\"canonical\" href=\"https:\/\/redenoticiaz.com.br\/litoralsp\/2021\/03\/01\/final-copa-do-brasil-palmeiras-vence-o-gremio\" \/>\n<meta property=\"og:locale\" content=\"pt_BR\" \/>\n<meta property=\"og:type\" content=\"article\" \/>\n<meta property=\"og:title\" content=\"Final Copa do Brasil: Palmeiras vence o Gr\u00eamio - Litoral SP\" \/>\n<meta property=\"og:description\" content=\"O Palmeiras derrotou o Gr\u00eamio por 1 a 0, em partida realizada neste domingo (28) em Porto Alegre, e deu um passo importante na busca do t\u00edtulo da\" \/>\n<meta property=\"og:url\" content=\"https:\/\/redenoticiaz.com.br\/litoralsp\/2021\/03\/01\/final-copa-do-brasil-palmeiras-vence-o-gremio\" \/>\n<meta property=\"og:site_name\" content=\"Litoral SP\" \/>\n<meta property=\"article:published_time\" content=\"2021-03-01T10:36:13+00:00\" \/>\n<meta property=\"article:modified_time\" content=\"2021-03-01T10:39:16+00:00\" \/>\n<meta property=\"og:image\" content=\"https:\/\/redenoticiaz.com.br\/litoralsp\/wp-content\/uploads\/sites\/3\/2021\/03\/palmeiras.jpg\" \/>\n\t<meta property=\"og:image:width\" content=\"1170\" \/>\n\t<meta property=\"og:image:height\" content=\"700\" \/>\n\t<meta property=\"og:image:type\" content=\"image\/jpeg\" \/>\n<meta name=\"author\" content=\"Patr\u00edcia Prado\" \/>\n<meta name=\"twitter:card\" content=\"summary_large_image\" \/>\n<meta name=\"twitter:label1\" content=\"Escrito por\" \/>\n\t<meta name=\"twitter:data1\" content=\"Patr\u00edcia Prado\" \/>\n\t<meta name=\"twitter:label2\" content=\"Est. tempo de leitura\" \/>\n\t<meta name=\"twitter:data2\" content=\"3 minutos\" \/>\n<script type=\"application\/ld+json\" class=\"yoast-schema-graph\">{\"@context\":\"https:\\\/\\\/schema.org\",\"@graph\":[{\"@type\":\"Article\",\"@id\":\"https:\\\/\\\/redenoticiaz.com.br\\\/litoralsp\\\/2021\\\/03\\\/01\\\/final-copa-do-brasil-palmeiras-vence-o-gremio#article\",\"isPartOf\":{\"@id\":\"https:\\\/\\\/redenoticiaz.com.br\\\/litoralsp\\\/2021\\\/03\\\/01\\\/final-copa-do-brasil-palmeiras-vence-o-gremio\"},\"author\":{\"name\":\"Patr\u00edcia Prado\",\"@id\":\"https:\\\/\\\/redenoticiaz.com.br\\\/litoralsp\\\/#\\\/schema\\\/person\\\/e1b0bd8c2637e2c1b6ddcbc2c33b116f\"},\"headline\":\"Final Copa do Brasil: Palmeiras vence o Gr\u00eamio\",\"datePublished\":\"2021-03-01T10:36:13+00:00\",\"dateModified\":\"2021-03-01T10:39:16+00:00\",\"mainEntityOfPage\":{\"@id\":\"https:\\\/\\\/redenoticiaz.com.br\\\/litoralsp\\\/2021\\\/03\\\/01\\\/final-copa-do-brasil-palmeiras-vence-o-gremio\"},\"wordCount\":603,\"commentCount\":0,\"publisher\":{\"@id\":\"https:\\\/\\\/redenoticiaz.com.br\\\/litoralsp\\\/#organization\"},\"image\":{\"@id\":\"https:\\\/\\\/redenoticiaz.com.br\\\/litoralsp\\\/2021\\\/03\\\/01\\\/final-copa-do-brasil-palmeiras-vence-o-gremio#primaryimage\"},\"thumbnailUrl\":\"https:\\\/\\\/redenoticiaz.com.br\\\/litoralsp\\\/wp-content\\\/uploads\\\/sites\\\/3\\\/2021\\\/03\\\/palmeiras.jpg\",\"keywords\":[\"PALMEIRAS VENCE O GREMIO NA COPA DO BRASIL\",\"PRIMEIRO JOGO PALMEIRAS E GREMIO\",\"RESULTADO PALMEIRAS E GREMIO\"],\"articleSection\":[\"Esporte\"],\"inLanguage\":\"pt-BR\",\"potentialAction\":[{\"@type\":\"CommentAction\",\"name\":\"Comment\",\"target\":[\"https:\\\/\\\/redenoticiaz.com.br\\\/litoralsp\\\/2021\\\/03\\\/01\\\/final-copa-do-brasil-palmeiras-vence-o-gremio#respond\"]}]},{\"@type\":\"WebPage\",\"@id\":\"https:\\\/\\\/redenoticiaz.com.br\\\/litoralsp\\\/2021\\\/03\\\/01\\\/final-copa-do-brasil-palmeiras-vence-o-gremio\",\"url\":\"https:\\\/\\\/redenoticiaz.com.br\\\/litoralsp\\\/2021\\\/03\\\/01\\\/final-copa-do-brasil-palmeiras-vence-o-gremio\",\"name\":\"Final Copa do Brasil: Palmeiras vence o Gr\u00eamio - Litoral SP\",\"isPartOf\":{\"@id\":\"https:\\\/\\\/redenoticiaz.com.br\\\/litoralsp\\\/#website\"},\"primaryImageOfPage\":{\"@id\":\"https:\\\/\\\/redenoticiaz.com.br\\\/litoralsp\\\/2021\\\/03\\\/01\\\/final-copa-do-brasil-palmeiras-vence-o-gremio#primaryimage\"},\"image\":{\"@id\":\"https:\\\/\\\/redenoticiaz.com.br\\\/litoralsp\\\/2021\\\/03\\\/01\\\/final-copa-do-brasil-palmeiras-vence-o-gremio#primaryimage\"},\"thumbnailUrl\":\"https:\\\/\\\/redenoticiaz.com.br\\\/litoralsp\\\/wp-content\\\/uploads\\\/sites\\\/3\\\/2021\\\/03\\\/palmeiras.jpg\",\"datePublished\":\"2021-03-01T10:36:13+00:00\",\"dateModified\":\"2021-03-01T10:39:16+00:00\",\"description\":\"O Palmeiras derrotou o Gr\u00eamio por 1 a 0, em partida realizada neste domingo (28) em Porto Alegre, e deu um passo importante na busca do t\u00edtulo da\",\"inLanguage\":\"pt-BR\",\"potentialAction\":[{\"@type\":\"ReadAction\",\"target\":[\"https:\\\/\\\/redenoticiaz.com.br\\\/litoralsp\\\/2021\\\/03\\\/01\\\/final-copa-do-brasil-palmeiras-vence-o-gremio\"]}]},{\"@type\":\"ImageObject\",\"inLanguage\":\"pt-BR\",\"@id\":\"https:\\\/\\\/redenoticiaz.com.br\\\/litoralsp\\\/2021\\\/03\\\/01\\\/final-copa-do-brasil-palmeiras-vence-o-gremio#primaryimage\",\"url\":\"https:\\\/\\\/redenoticiaz.com.br\\\/litoralsp\\\/wp-content\\\/uploads\\\/sites\\\/3\\\/2021\\\/03\\\/palmeiras.jpg\",\"contentUrl\":\"https:\\\/\\\/redenoticiaz.com.br\\\/litoralsp\\\/wp-content\\\/uploads\\\/sites\\\/3\\\/2021\\\/03\\\/palmeiras.jpg\",\"width\":1170,\"height\":700,\"caption\":\"Final Copa do Brasil: Palmeiras vence o Gr\u00eamio\"},{\"@type\":\"WebSite\",\"@id\":\"https:\\\/\\\/redenoticiaz.com.br\\\/litoralsp\\\/#website\",\"url\":\"https:\\\/\\\/redenoticiaz.com.br\\\/litoralsp\\\/\",\"name\":\"Litoral SP\",\"description\":\"Rede NoticiaZ\",\"publisher\":{\"@id\":\"https:\\\/\\\/redenoticiaz.com.br\\\/litoralsp\\\/#organization\"},\"potentialAction\":[{\"@type\":\"SearchAction\",\"target\":{\"@type\":\"EntryPoint\",\"urlTemplate\":\"https:\\\/\\\/redenoticiaz.com.br\\\/litoralsp\\\/?s={search_term_string}\"},\"query-input\":{\"@type\":\"PropertyValueSpecification\",\"valueRequired\":true,\"valueName\":\"search_term_string\"}}],\"inLanguage\":\"pt-BR\"},{\"@type\":\"Organization\",\"@id\":\"https:\\\/\\\/redenoticiaz.com.br\\\/litoralsp\\\/#organization\",\"name\":\"Litoral SP\",\"url\":\"https:\\\/\\\/redenoticiaz.com.br\\\/litoralsp\\\/\",\"logo\":{\"@type\":\"ImageObject\",\"inLanguage\":\"pt-BR\",\"@id\":\"https:\\\/\\\/redenoticiaz.com.br\\\/litoralsp\\\/#\\\/schema\\\/logo\\\/image\\\/\",\"url\":\"https:\\\/\\\/redenoticiaz.com.br\\\/litoralsp\\\/wp-content\\\/uploads\\\/sites\\\/3\\\/2020\\\/11\\\/logo.jpg\",\"contentUrl\":\"https:\\\/\\\/redenoticiaz.com.br\\\/litoralsp\\\/wp-content\\\/uploads\\\/sites\\\/3\\\/2020\\\/11\\\/logo.jpg\",\"width\":400,\"height\":250,\"caption\":\"Litoral SP\"},\"image\":{\"@id\":\"https:\\\/\\\/redenoticiaz.com.br\\\/litoralsp\\\/#\\\/schema\\\/logo\\\/image\\\/\"}},{\"@type\":\"Person\",\"@id\":\"https:\\\/\\\/redenoticiaz.com.br\\\/litoralsp\\\/#\\\/schema\\\/person\\\/e1b0bd8c2637e2c1b6ddcbc2c33b116f\",\"name\":\"Patr\u00edcia Prado\",\"image\":{\"@type\":\"ImageObject\",\"inLanguage\":\"pt-BR\",\"@id\":\"https:\\\/\\\/secure.gravatar.com\\\/avatar\\\/92e358bef22cfcec15e054ae4d9fee04dadf0c772dc4a17b382b8a34a15354c2?s=96&d=mm&r=g\",\"url\":\"https:\\\/\\\/secure.gravatar.com\\\/avatar\\\/92e358bef22cfcec15e054ae4d9fee04dadf0c772dc4a17b382b8a34a15354c2?s=96&d=mm&r=g\",\"contentUrl\":\"https:\\\/\\\/secure.gravatar.com\\\/avatar\\\/92e358bef22cfcec15e054ae4d9fee04dadf0c772dc4a17b382b8a34a15354c2?s=96&d=mm&r=g\",\"caption\":\"Patr\u00edcia Prado\"},\"url\":\"https:\\\/\\\/redenoticiaz.com.br\\\/litoralsp\\\/author\\\/patricia-prado\"}]}<\/script>\n<!-- \/ Yoast SEO plugin. -->","yoast_head_json":{"title":"Final Copa do Brasil: Palmeiras vence o Gr\u00eamio - Litoral SP","description":"O Palmeiras derrotou o Gr\u00eamio por 1 a 0, em partida realizada neste domingo (28) em Porto Alegre, e deu um passo importante na busca do t\u00edtulo da","robots":{"index":"index","follow":"follow","max-snippet":"max-snippet:-1","max-image-preview":"max-image-preview:large","max-video-preview":"max-video-preview:-1"},"canonical":"https:\/\/redenoticiaz.com.br\/litoralsp\/2021\/03\/01\/final-copa-do-brasil-palmeiras-vence-o-gremio","og_locale":"pt_BR","og_type":"article","og_title":"Final Copa do Brasil: Palmeiras vence o Gr\u00eamio - Litoral SP","og_description":"O Palmeiras derrotou o Gr\u00eamio por 1 a 0, em partida realizada neste domingo (28) em Porto Alegre, e deu um passo importante na busca do t\u00edtulo da","og_url":"https:\/\/redenoticiaz.com.br\/litoralsp\/2021\/03\/01\/final-copa-do-brasil-palmeiras-vence-o-gremio","og_site_name":"Litoral SP","article_published_time":"2021-03-01T10:36:13+00:00","article_modified_time":"2021-03-01T10:39:16+00:00","og_image":[{"width":1170,"height":700,"url":"https:\/\/redenoticiaz.com.br\/litoralsp\/wp-content\/uploads\/sites\/3\/2021\/03\/palmeiras.jpg","type":"image\/jpeg"}],"author":"Patr\u00edcia Prado","twitter_card":"summary_large_image","twitter_misc":{"Escrito por":"Patr\u00edcia Prado","Est. tempo de leitura":"3 minutos"},"schema":{"@context":"https:\/\/schema.org","@graph":[{"@type":"Article","@id":"https:\/\/redenoticiaz.com.br\/litoralsp\/2021\/03\/01\/final-copa-do-brasil-palmeiras-vence-o-gremio#article","isPartOf":{"@id":"https:\/\/redenoticiaz.com.br\/litoralsp\/2021\/03\/01\/final-copa-do-brasil-palmeiras-vence-o-gremio"},"author":{"name":"Patr\u00edcia Prado","@id":"https:\/\/redenoticiaz.com.br\/litoralsp\/#\/schema\/person\/e1b0bd8c2637e2c1b6ddcbc2c33b116f"},"headline":"Final Copa do Brasil: Palmeiras vence o Gr\u00eamio","datePublished":"2021-03-01T10:36:13+00:00","dateModified":"2021-03-01T10:39:16+00:00","mainEntityOfPage":{"@id":"https:\/\/redenoticiaz.com.br\/litoralsp\/2021\/03\/01\/final-copa-do-brasil-palmeiras-vence-o-gremio"},"wordCount":603,"commentCount":0,"publisher":{"@id":"https:\/\/redenoticiaz.com.br\/litoralsp\/#organization"},"image":{"@id":"https:\/\/redenoticiaz.com.br\/litoralsp\/2021\/03\/01\/final-copa-do-brasil-palmeiras-vence-o-gremio#primaryimage"},"thumbnailUrl":"https:\/\/redenoticiaz.com.br\/litoralsp\/wp-content\/uploads\/sites\/3\/2021\/03\/palmeiras.jpg","keywords":["PALMEIRAS VENCE O GREMIO NA COPA DO BRASIL","PRIMEIRO JOGO PALMEIRAS E GREMIO","RESULTADO PALMEIRAS E GREMIO"],"articleSection":["Esporte"],"inLanguage":"pt-BR","potentialAction":[{"@type":"CommentAction","name":"Comment","target":["https:\/\/redenoticiaz.com.br\/litoralsp\/2021\/03\/01\/final-copa-do-brasil-palmeiras-vence-o-gremio#respond"]}]},{"@type":"WebPage","@id":"https:\/\/redenoticiaz.com.br\/litoralsp\/2021\/03\/01\/final-copa-do-brasil-palmeiras-vence-o-gremio","url":"https:\/\/redenoticiaz.com.br\/litoralsp\/2021\/03\/01\/final-copa-do-brasil-palmeiras-vence-o-gremio","name":"Final Copa do Brasil: Palmeiras vence o Gr\u00eamio - Litoral SP","isPartOf":{"@id":"https:\/\/redenoticiaz.com.br\/litoralsp\/#website"},"primaryImageOfPage":{"@id":"https:\/\/redenoticiaz.com.br\/litoralsp\/2021\/03\/01\/final-copa-do-brasil-palmeiras-vence-o-gremio#primaryimage"},"image":{"@id":"https:\/\/redenoticiaz.com.br\/litoralsp\/2021\/03\/01\/final-copa-do-brasil-palmeiras-vence-o-gremio#primaryimage"},"thumbnailUrl":"https:\/\/redenoticiaz.com.br\/litoralsp\/wp-content\/uploads\/sites\/3\/2021\/03\/palmeiras.jpg","datePublished":"2021-03-01T10:36:13+00:00","dateModified":"2021-03-01T10:39:16+00:00","description":"O Palmeiras derrotou o Gr\u00eamio por 1 a 0, em partida realizada neste domingo (28) em Porto Alegre, e deu um passo importante na busca do t\u00edtulo da","inLanguage":"pt-BR","potentialAction":[{"@type":"ReadAction","target":["https:\/\/redenoticiaz.com.br\/litoralsp\/2021\/03\/01\/final-copa-do-brasil-palmeiras-vence-o-gremio"]}]},{"@type":"ImageObject","inLanguage":"pt-BR","@id":"https:\/\/redenoticiaz.com.br\/litoralsp\/2021\/03\/01\/final-copa-do-brasil-palmeiras-vence-o-gremio#primaryimage","url":"https:\/\/redenoticiaz.com.br\/litoralsp\/wp-content\/uploads\/sites\/3\/2021\/03\/palmeiras.jpg","contentUrl":"https:\/\/redenoticiaz.com.br\/litoralsp\/wp-content\/uploads\/sites\/3\/2021\/03\/palmeiras.jpg","width":1170,"height":700,"caption":"Final Copa do Brasil: Palmeiras vence o Gr\u00eamio"},{"@type":"WebSite","@id":"https:\/\/redenoticiaz.com.br\/litoralsp\/#website","url":"https:\/\/redenoticiaz.com.br\/litoralsp\/","name":"Litoral SP","description":"Rede NoticiaZ","publisher":{"@id":"https:\/\/redenoticiaz.com.br\/litoralsp\/#organization"},"potentialAction":[{"@type":"SearchAction","target":{"@type":"EntryPoint","urlTemplate":"https:\/\/redenoticiaz.com.br\/litoralsp\/?s={search_term_string}"},"query-input":{"@type":"PropertyValueSpecification","valueRequired":true,"valueName":"search_term_string"}}],"inLanguage":"pt-BR"},{"@type":"Organization","@id":"https:\/\/redenoticiaz.com.br\/litoralsp\/#organization","name":"Litoral SP","url":"https:\/\/redenoticiaz.com.br\/litoralsp\/","logo":{"@type":"ImageObject","inLanguage":"pt-BR","@id":"https:\/\/redenoticiaz.com.br\/litoralsp\/#\/schema\/logo\/image\/","url":"https:\/\/redenoticiaz.com.br\/litoralsp\/wp-content\/uploads\/sites\/3\/2020\/11\/logo.jpg","contentUrl":"https:\/\/redenoticiaz.com.br\/litoralsp\/wp-content\/uploads\/sites\/3\/2020\/11\/logo.jpg","width":400,"height":250,"caption":"Litoral SP"},"image":{"@id":"https:\/\/redenoticiaz.com.br\/litoralsp\/#\/schema\/logo\/image\/"}},{"@type":"Person","@id":"https:\/\/redenoticiaz.com.br\/litoralsp\/#\/schema\/person\/e1b0bd8c2637e2c1b6ddcbc2c33b116f","name":"Patr\u00edcia Prado","image":{"@type":"ImageObject","inLanguage":"pt-BR","@id":"https:\/\/secure.gravatar.com\/avatar\/92e358bef22cfcec15e054ae4d9fee04dadf0c772dc4a17b382b8a34a15354c2?s=96&d=mm&r=g","url":"https:\/\/secure.gravatar.com\/avatar\/92e358bef22cfcec15e054ae4d9fee04dadf0c772dc4a17b382b8a34a15354c2?s=96&d=mm&r=g","contentUrl":"https:\/\/secure.gravatar.com\/avatar\/92e358bef22cfcec15e054ae4d9fee04dadf0c772dc4a17b382b8a34a15354c2?s=96&d=mm&r=g","caption":"Patr\u00edcia Prado"},"url":"https:\/\/redenoticiaz.com.br\/litoralsp\/author\/patricia-prado"}]}},"_links":{"self":[{"href":"https:\/\/redenoticiaz.com.br\/litoralsp\/wp-json\/wp\/v2\/posts\/4912","targetHints":{"allow":["GET"]}}],"collection":[{"href":"https:\/\/redenoticiaz.com.br\/litoralsp\/wp-json\/wp\/v2\/posts"}],"about":[{"href":"https:\/\/redenoticiaz.com.br\/litoralsp\/wp-json\/wp\/v2\/types\/post"}],"author":[{"embeddable":true,"href":"https:\/\/redenoticiaz.com.br\/litoralsp\/wp-json\/wp\/v2\/users\/5"}],"replies":[{"embeddable":true,"href":"https:\/\/redenoticiaz.com.br\/litoralsp\/wp-json\/wp\/v2\/comments?post=4912"}],"version-history":[{"count":1,"href":"https:\/\/redenoticiaz.com.br\/litoralsp\/wp-json\/wp\/v2\/posts\/4912\/revisions"}],"predecessor-version":[{"id":4914,"href":"https:\/\/redenoticiaz.com.br\/litoralsp\/wp-json\/wp\/v2\/posts\/4912\/revisions\/4914"}],"wp:featuredmedia":[{"embeddable":true,"href":"https:\/\/redenoticiaz.com.br\/litoralsp\/wp-json\/wp\/v2\/media\/4913"}],"wp:attachment":[{"href":"https:\/\/redenoticiaz.com.br\/litoralsp\/wp-json\/wp\/v2\/media?parent=4912"}],"wp:term":[{"taxonomy":"category","embeddable":true,"href":"https:\/\/redenoticiaz.com.br\/litoralsp\/wp-json\/wp\/v2\/categories?post=4912"},{"taxonomy":"post_tag","embeddable":true,"href":"https:\/\/redenoticiaz.com.br\/litoralsp\/wp-json\/wp\/v2\/tags?post=4912"}],"curies":[{"name":"wp","href":"https:\/\/api.w.org\/{rel}","templated":true}]}}