{"id":4915,"date":"2021-03-01T07:50:08","date_gmt":"2021-03-01T10:50:08","guid":{"rendered":"https:\/\/redenoticiaz.com.br\/litoralsp\/2021\/03\/01\/imposto-de-renda-ja-pode-ser-enviado-a-receita-federal"},"modified":"2021-03-01T07:52:59","modified_gmt":"2021-03-01T10:52:59","slug":"imposto-de-renda-ja-pode-ser-enviado-a-receita-federal","status":"publish","type":"post","link":"https:\/\/redenoticiaz.com.br\/litoralsp\/2021\/03\/01\/imposto-de-renda-ja-pode-ser-enviado-a-receita-federal","title":{"rendered":"Imposto de Renda j\u00e1 pode ser enviado a Receita Federal"},"content":{"rendered":"<p>A partir das 8h de hoje (1\u00ba), o contribuinte pode come\u00e7ar a prestar contas com o Le\u00e3o. Nesta segunda-feira come\u00e7a o prazo de entrega da Declara\u00e7\u00e3o do Imposto de Renda Pessoa F\u00edsica 2021 (ano-base 2020). O programa para computador est\u00e1 dispon\u00edvel na\u00a0<a href=\"http:\/\/www.receita.economia.gov.br\/\" target=\"_blank\" rel=\"noopener noreferrer\">p\u00e1gina da Receita Federal<\/a>\u00a0na internet\u00a0desde a \u00faltima quinta-feira (25).<img decoding=\"async\" src=\"https:\/\/agenciabrasil.ebc.com.br\/ebc.png?id=1402577&amp;o=node\" \/><img decoding=\"async\" src=\"https:\/\/agenciabrasil.ebc.com.br\/ebc.gif?id=1402577&amp;o=node\" \/><\/p>\n<p>O prazo de entrega vai\u00a0at\u00e9 as 23h59min\u00a0de 30 de abril. Neste ano, o Fisco espera receber\u00a032.619.749 declara\u00e7\u00f5es. No ano passado, foram enviadas 31.980.146 declara\u00e7\u00f5es.<\/p>\n<p>Pelas estimativas da Receita Federal, 60% das declara\u00e7\u00f5es ter\u00e3o restitui\u00e7\u00e3o de imposto, 21% n\u00e3o ter\u00e3o imposto a pagar nem a restituir e 19% ter\u00e3o imposto a pagar.<\/p>\n<p>Assim como no ano passado, ser\u00e3o pagos cinco lotes de restitui\u00e7\u00e3o. Os reembolsos ser\u00e3o distribu\u00eddos nas seguintes datas: 31 de maio (primeiro lote), 30 de junho (segundo lote), 30 de julho (terceiro lote), 31 de agosto (quarto lote) e 30 de setembro (quinto lote).<\/p>\n<h2>Novidades<\/h2>\n<p>As regras para a entrega da declara\u00e7\u00e3o do Imposto de Renda foram divulgadas na semana passada pela Receita. Entre as principais novidades, est\u00e1 a\u00a0<a href=\"https:\/\/agenciabrasil.ebc.com.br\/economia\/noticia\/2021-02\/auxilio-emergencial-e-criptomoedas-deverao-ser-declarados-no-ir\" target=\"_blank\" rel=\"noopener noreferrer\">obrigatoriedade de declarar<\/a>\u00a0o aux\u00edlio emergencial para quem recebeu mais de R$ 22.847,76 em outros rendimentos tribut\u00e1veis\u00a0e a cria\u00e7\u00e3o de tr\u00eas campos na ficha \u201cBens e direitos\u201d para o contribuinte informar criptomoedas e outros ativos eletr\u00f4nicos.<\/p>\n<p>O prazo para as empresas, os bancos e demais institui\u00e7\u00f5es financeiras e os planos de sa\u00fade fornecerem os comprovantes de rendimentos acabou na \u00faltima sexta-feira (26). O\u00a0<a href=\"https:\/\/agenciabrasil.ebc.com.br\/economia\/noticia\/2021-02\/contribuinte-pode-juntar-documentos-para-declarar-imposto-de-renda\" target=\"_blank\" rel=\"noopener noreferrer\">contribuinte tamb\u00e9m deve juntar<\/a>\u00a0recibos, no caso de alugu\u00e9is, de pens\u00f5es, de presta\u00e7\u00f5es de servi\u00e7os, e notas fiscais, usadas para comprovar dedu\u00e7\u00f5es.<\/p>\n<p>&nbsp;<\/p>\n<p>LEIA TAMB\u00c9M<\/p>\n<p><a href=\"https:\/\/redenoticiaz.com.br\/blog\/2021\/03\/01\/final-copa-do-brasil-palmeiras-vence-o-gremio\">Final Copa do Brasil: Palmeiras vence o Gr\u00eamio<\/a><\/p>\n","protected":false},"excerpt":{"rendered":"<p>A partir das 8h de hoje (1\u00ba), o contribuinte pode come\u00e7ar a prestar contas com o Le\u00e3o. Nesta segunda-feira come\u00e7a o prazo de entrega da Declara\u00e7\u00e3o do Imposto de Renda Pessoa F\u00edsica 2021 (ano-base 2020). O programa para computador est\u00e1 dispon\u00edvel na\u00a0p\u00e1gina da Receita Federal\u00a0na internet\u00a0desde a \u00faltima quinta-feira (25). O prazo de entrega vai\u00a0at\u00e9 &hellip;<\/p>\n","protected":false},"author":5,"featured_media":4916,"comment_status":"open","ping_status":"closed","sticky":false,"template":"","format":"standard","meta":{"footnotes":""},"categories":[97],"tags":[13823,13824,13825,12888,2183],"class_list":["post-4915","post","type-post","status-publish","format-standard","has-post-thumbnail","hentry","category-economia","tag-data-entrega-imposto-de-renda","tag-declaracao-imposto-de-renda","tag-entrega-imposto-de-renda","tag-imposto-de-renda","tag-receita-federal"],"yoast_head":"<!-- This site is optimized with the Yoast SEO plugin v27.5 - https:\/\/yoast.com\/product\/yoast-seo-wordpress\/ -->\n<title>Imposto de Renda j\u00e1 pode ser enviado a Receita Federal - Litoral SP<\/title>\n<meta name=\"description\" content=\"entrega da Declara\u00e7\u00e3o do Imposto de Renda Pessoa F\u00edsica 2021 (ano-base 2020). O programa para computador est\u00e1 dispon\u00edvel na\u00a0p\u00e1gina da Receita Federal\u00a0na internet\u00a0desde\" \/>\n<meta name=\"robots\" content=\"index, follow, max-snippet:-1, max-image-preview:large, max-video-preview:-1\" \/>\n<link rel=\"canonical\" href=\"https:\/\/redenoticiaz.com.br\/litoralsp\/2021\/03\/01\/imposto-de-renda-ja-pode-ser-enviado-a-receita-federal\" \/>\n<meta property=\"og:locale\" content=\"pt_BR\" \/>\n<meta property=\"og:type\" content=\"article\" \/>\n<meta property=\"og:title\" content=\"Imposto de Renda j\u00e1 pode ser enviado a Receita Federal - Litoral SP\" \/>\n<meta property=\"og:description\" content=\"entrega da Declara\u00e7\u00e3o do Imposto de Renda Pessoa F\u00edsica 2021 (ano-base 2020). O programa para computador est\u00e1 dispon\u00edvel na\u00a0p\u00e1gina da Receita Federal\u00a0na internet\u00a0desde\" \/>\n<meta property=\"og:url\" content=\"https:\/\/redenoticiaz.com.br\/litoralsp\/2021\/03\/01\/imposto-de-renda-ja-pode-ser-enviado-a-receita-federal\" \/>\n<meta property=\"og:site_name\" content=\"Litoral SP\" \/>\n<meta property=\"article:published_time\" content=\"2021-03-01T10:50:08+00:00\" \/>\n<meta property=\"article:modified_time\" content=\"2021-03-01T10:52:59+00:00\" \/>\n<meta property=\"og:image\" content=\"https:\/\/redenoticiaz.com.br\/litoralsp\/wp-content\/uploads\/sites\/3\/2021\/03\/receita-federal.jpg\" \/>\n\t<meta property=\"og:image:width\" content=\"1170\" \/>\n\t<meta property=\"og:image:height\" content=\"700\" \/>\n\t<meta property=\"og:image:type\" content=\"image\/jpeg\" \/>\n<meta name=\"author\" content=\"Patr\u00edcia Prado\" \/>\n<meta name=\"twitter:card\" content=\"summary_large_image\" \/>\n<meta name=\"twitter:label1\" content=\"Escrito por\" \/>\n\t<meta name=\"twitter:data1\" content=\"Patr\u00edcia Prado\" \/>\n\t<meta name=\"twitter:label2\" content=\"Est. tempo de leitura\" \/>\n\t<meta name=\"twitter:data2\" content=\"1 minuto\" \/>\n<script type=\"application\/ld+json\" class=\"yoast-schema-graph\">{\"@context\":\"https:\\\/\\\/schema.org\",\"@graph\":[{\"@type\":\"Article\",\"@id\":\"https:\\\/\\\/redenoticiaz.com.br\\\/litoralsp\\\/2021\\\/03\\\/01\\\/imposto-de-renda-ja-pode-ser-enviado-a-receita-federal#article\",\"isPartOf\":{\"@id\":\"https:\\\/\\\/redenoticiaz.com.br\\\/litoralsp\\\/2021\\\/03\\\/01\\\/imposto-de-renda-ja-pode-ser-enviado-a-receita-federal\"},\"author\":{\"name\":\"Patr\u00edcia Prado\",\"@id\":\"https:\\\/\\\/redenoticiaz.com.br\\\/litoralsp\\\/#\\\/schema\\\/person\\\/e1b0bd8c2637e2c1b6ddcbc2c33b116f\"},\"headline\":\"Imposto de Renda j\u00e1 pode ser enviado a Receita Federal\",\"datePublished\":\"2021-03-01T10:50:08+00:00\",\"dateModified\":\"2021-03-01T10:52:59+00:00\",\"mainEntityOfPage\":{\"@id\":\"https:\\\/\\\/redenoticiaz.com.br\\\/litoralsp\\\/2021\\\/03\\\/01\\\/imposto-de-renda-ja-pode-ser-enviado-a-receita-federal\"},\"wordCount\":302,\"commentCount\":0,\"publisher\":{\"@id\":\"https:\\\/\\\/redenoticiaz.com.br\\\/litoralsp\\\/#organization\"},\"image\":{\"@id\":\"https:\\\/\\\/redenoticiaz.com.br\\\/litoralsp\\\/2021\\\/03\\\/01\\\/imposto-de-renda-ja-pode-ser-enviado-a-receita-federal#primaryimage\"},\"thumbnailUrl\":\"https:\\\/\\\/redenoticiaz.com.br\\\/litoralsp\\\/wp-content\\\/uploads\\\/sites\\\/3\\\/2021\\\/03\\\/receita-federal.jpg\",\"keywords\":[\"DATA ENTREGA IMPOSTO DE RENDA\",\"DECLARA\u00c7\u00c3O IMPOSTO DE RENDA\",\"ENTREGA IMPOSTO DE RENDA\",\"IMPOSTO DE RENDA\",\"Receita Federal\"],\"articleSection\":[\"Economia\"],\"inLanguage\":\"pt-BR\",\"potentialAction\":[{\"@type\":\"CommentAction\",\"name\":\"Comment\",\"target\":[\"https:\\\/\\\/redenoticiaz.com.br\\\/litoralsp\\\/2021\\\/03\\\/01\\\/imposto-de-renda-ja-pode-ser-enviado-a-receita-federal#respond\"]}]},{\"@type\":\"WebPage\",\"@id\":\"https:\\\/\\\/redenoticiaz.com.br\\\/litoralsp\\\/2021\\\/03\\\/01\\\/imposto-de-renda-ja-pode-ser-enviado-a-receita-federal\",\"url\":\"https:\\\/\\\/redenoticiaz.com.br\\\/litoralsp\\\/2021\\\/03\\\/01\\\/imposto-de-renda-ja-pode-ser-enviado-a-receita-federal\",\"name\":\"Imposto de Renda j\u00e1 pode ser enviado a Receita Federal - Litoral SP\",\"isPartOf\":{\"@id\":\"https:\\\/\\\/redenoticiaz.com.br\\\/litoralsp\\\/#website\"},\"primaryImageOfPage\":{\"@id\":\"https:\\\/\\\/redenoticiaz.com.br\\\/litoralsp\\\/2021\\\/03\\\/01\\\/imposto-de-renda-ja-pode-ser-enviado-a-receita-federal#primaryimage\"},\"image\":{\"@id\":\"https:\\\/\\\/redenoticiaz.com.br\\\/litoralsp\\\/2021\\\/03\\\/01\\\/imposto-de-renda-ja-pode-ser-enviado-a-receita-federal#primaryimage\"},\"thumbnailUrl\":\"https:\\\/\\\/redenoticiaz.com.br\\\/litoralsp\\\/wp-content\\\/uploads\\\/sites\\\/3\\\/2021\\\/03\\\/receita-federal.jpg\",\"datePublished\":\"2021-03-01T10:50:08+00:00\",\"dateModified\":\"2021-03-01T10:52:59+00:00\",\"description\":\"entrega da Declara\u00e7\u00e3o do Imposto de Renda Pessoa F\u00edsica 2021 (ano-base 2020). O programa para computador est\u00e1 dispon\u00edvel na\u00a0p\u00e1gina da Receita Federal\u00a0na internet\u00a0desde\",\"inLanguage\":\"pt-BR\",\"potentialAction\":[{\"@type\":\"ReadAction\",\"target\":[\"https:\\\/\\\/redenoticiaz.com.br\\\/litoralsp\\\/2021\\\/03\\\/01\\\/imposto-de-renda-ja-pode-ser-enviado-a-receita-federal\"]}]},{\"@type\":\"ImageObject\",\"inLanguage\":\"pt-BR\",\"@id\":\"https:\\\/\\\/redenoticiaz.com.br\\\/litoralsp\\\/2021\\\/03\\\/01\\\/imposto-de-renda-ja-pode-ser-enviado-a-receita-federal#primaryimage\",\"url\":\"https:\\\/\\\/redenoticiaz.com.br\\\/litoralsp\\\/wp-content\\\/uploads\\\/sites\\\/3\\\/2021\\\/03\\\/receita-federal.jpg\",\"contentUrl\":\"https:\\\/\\\/redenoticiaz.com.br\\\/litoralsp\\\/wp-content\\\/uploads\\\/sites\\\/3\\\/2021\\\/03\\\/receita-federal.jpg\",\"width\":1170,\"height\":700,\"caption\":\"Superintend\u00eancia da Receita Federal, em Bras\u00edlia.\"},{\"@type\":\"WebSite\",\"@id\":\"https:\\\/\\\/redenoticiaz.com.br\\\/litoralsp\\\/#website\",\"url\":\"https:\\\/\\\/redenoticiaz.com.br\\\/litoralsp\\\/\",\"name\":\"Litoral SP\",\"description\":\"Rede NoticiaZ\",\"publisher\":{\"@id\":\"https:\\\/\\\/redenoticiaz.com.br\\\/litoralsp\\\/#organization\"},\"potentialAction\":[{\"@type\":\"SearchAction\",\"target\":{\"@type\":\"EntryPoint\",\"urlTemplate\":\"https:\\\/\\\/redenoticiaz.com.br\\\/litoralsp\\\/?s={search_term_string}\"},\"query-input\":{\"@type\":\"PropertyValueSpecification\",\"valueRequired\":true,\"valueName\":\"search_term_string\"}}],\"inLanguage\":\"pt-BR\"},{\"@type\":\"Organization\",\"@id\":\"https:\\\/\\\/redenoticiaz.com.br\\\/litoralsp\\\/#organization\",\"name\":\"Litoral SP\",\"url\":\"https:\\\/\\\/redenoticiaz.com.br\\\/litoralsp\\\/\",\"logo\":{\"@type\":\"ImageObject\",\"inLanguage\":\"pt-BR\",\"@id\":\"https:\\\/\\\/redenoticiaz.com.br\\\/litoralsp\\\/#\\\/schema\\\/logo\\\/image\\\/\",\"url\":\"https:\\\/\\\/redenoticiaz.com.br\\\/litoralsp\\\/wp-content\\\/uploads\\\/sites\\\/3\\\/2020\\\/11\\\/logo.jpg\",\"contentUrl\":\"https:\\\/\\\/redenoticiaz.com.br\\\/litoralsp\\\/wp-content\\\/uploads\\\/sites\\\/3\\\/2020\\\/11\\\/logo.jpg\",\"width\":400,\"height\":250,\"caption\":\"Litoral SP\"},\"image\":{\"@id\":\"https:\\\/\\\/redenoticiaz.com.br\\\/litoralsp\\\/#\\\/schema\\\/logo\\\/image\\\/\"}},{\"@type\":\"Person\",\"@id\":\"https:\\\/\\\/redenoticiaz.com.br\\\/litoralsp\\\/#\\\/schema\\\/person\\\/e1b0bd8c2637e2c1b6ddcbc2c33b116f\",\"name\":\"Patr\u00edcia Prado\",\"image\":{\"@type\":\"ImageObject\",\"inLanguage\":\"pt-BR\",\"@id\":\"https:\\\/\\\/secure.gravatar.com\\\/avatar\\\/92e358bef22cfcec15e054ae4d9fee04dadf0c772dc4a17b382b8a34a15354c2?s=96&d=mm&r=g\",\"url\":\"https:\\\/\\\/secure.gravatar.com\\\/avatar\\\/92e358bef22cfcec15e054ae4d9fee04dadf0c772dc4a17b382b8a34a15354c2?s=96&d=mm&r=g\",\"contentUrl\":\"https:\\\/\\\/secure.gravatar.com\\\/avatar\\\/92e358bef22cfcec15e054ae4d9fee04dadf0c772dc4a17b382b8a34a15354c2?s=96&d=mm&r=g\",\"caption\":\"Patr\u00edcia Prado\"},\"url\":\"https:\\\/\\\/redenoticiaz.com.br\\\/litoralsp\\\/author\\\/patricia-prado\"}]}<\/script>\n<!-- \/ Yoast SEO plugin. -->","yoast_head_json":{"title":"Imposto de Renda j\u00e1 pode ser enviado a Receita Federal - Litoral SP","description":"entrega da Declara\u00e7\u00e3o do Imposto de Renda Pessoa F\u00edsica 2021 (ano-base 2020). O programa para computador est\u00e1 dispon\u00edvel na\u00a0p\u00e1gina da Receita Federal\u00a0na internet\u00a0desde","robots":{"index":"index","follow":"follow","max-snippet":"max-snippet:-1","max-image-preview":"max-image-preview:large","max-video-preview":"max-video-preview:-1"},"canonical":"https:\/\/redenoticiaz.com.br\/litoralsp\/2021\/03\/01\/imposto-de-renda-ja-pode-ser-enviado-a-receita-federal","og_locale":"pt_BR","og_type":"article","og_title":"Imposto de Renda j\u00e1 pode ser enviado a Receita Federal - Litoral SP","og_description":"entrega da Declara\u00e7\u00e3o do Imposto de Renda Pessoa F\u00edsica 2021 (ano-base 2020). O programa para computador est\u00e1 dispon\u00edvel na\u00a0p\u00e1gina da Receita Federal\u00a0na internet\u00a0desde","og_url":"https:\/\/redenoticiaz.com.br\/litoralsp\/2021\/03\/01\/imposto-de-renda-ja-pode-ser-enviado-a-receita-federal","og_site_name":"Litoral SP","article_published_time":"2021-03-01T10:50:08+00:00","article_modified_time":"2021-03-01T10:52:59+00:00","og_image":[{"width":1170,"height":700,"url":"https:\/\/redenoticiaz.com.br\/litoralsp\/wp-content\/uploads\/sites\/3\/2021\/03\/receita-federal.jpg","type":"image\/jpeg"}],"author":"Patr\u00edcia Prado","twitter_card":"summary_large_image","twitter_misc":{"Escrito por":"Patr\u00edcia Prado","Est. tempo de leitura":"1 minuto"},"schema":{"@context":"https:\/\/schema.org","@graph":[{"@type":"Article","@id":"https:\/\/redenoticiaz.com.br\/litoralsp\/2021\/03\/01\/imposto-de-renda-ja-pode-ser-enviado-a-receita-federal#article","isPartOf":{"@id":"https:\/\/redenoticiaz.com.br\/litoralsp\/2021\/03\/01\/imposto-de-renda-ja-pode-ser-enviado-a-receita-federal"},"author":{"name":"Patr\u00edcia Prado","@id":"https:\/\/redenoticiaz.com.br\/litoralsp\/#\/schema\/person\/e1b0bd8c2637e2c1b6ddcbc2c33b116f"},"headline":"Imposto de Renda j\u00e1 pode ser enviado a Receita Federal","datePublished":"2021-03-01T10:50:08+00:00","dateModified":"2021-03-01T10:52:59+00:00","mainEntityOfPage":{"@id":"https:\/\/redenoticiaz.com.br\/litoralsp\/2021\/03\/01\/imposto-de-renda-ja-pode-ser-enviado-a-receita-federal"},"wordCount":302,"commentCount":0,"publisher":{"@id":"https:\/\/redenoticiaz.com.br\/litoralsp\/#organization"},"image":{"@id":"https:\/\/redenoticiaz.com.br\/litoralsp\/2021\/03\/01\/imposto-de-renda-ja-pode-ser-enviado-a-receita-federal#primaryimage"},"thumbnailUrl":"https:\/\/redenoticiaz.com.br\/litoralsp\/wp-content\/uploads\/sites\/3\/2021\/03\/receita-federal.jpg","keywords":["DATA ENTREGA IMPOSTO DE RENDA","DECLARA\u00c7\u00c3O IMPOSTO DE RENDA","ENTREGA IMPOSTO DE RENDA","IMPOSTO DE RENDA","Receita Federal"],"articleSection":["Economia"],"inLanguage":"pt-BR","potentialAction":[{"@type":"CommentAction","name":"Comment","target":["https:\/\/redenoticiaz.com.br\/litoralsp\/2021\/03\/01\/imposto-de-renda-ja-pode-ser-enviado-a-receita-federal#respond"]}]},{"@type":"WebPage","@id":"https:\/\/redenoticiaz.com.br\/litoralsp\/2021\/03\/01\/imposto-de-renda-ja-pode-ser-enviado-a-receita-federal","url":"https:\/\/redenoticiaz.com.br\/litoralsp\/2021\/03\/01\/imposto-de-renda-ja-pode-ser-enviado-a-receita-federal","name":"Imposto de Renda j\u00e1 pode ser enviado a Receita Federal - Litoral SP","isPartOf":{"@id":"https:\/\/redenoticiaz.com.br\/litoralsp\/#website"},"primaryImageOfPage":{"@id":"https:\/\/redenoticiaz.com.br\/litoralsp\/2021\/03\/01\/imposto-de-renda-ja-pode-ser-enviado-a-receita-federal#primaryimage"},"image":{"@id":"https:\/\/redenoticiaz.com.br\/litoralsp\/2021\/03\/01\/imposto-de-renda-ja-pode-ser-enviado-a-receita-federal#primaryimage"},"thumbnailUrl":"https:\/\/redenoticiaz.com.br\/litoralsp\/wp-content\/uploads\/sites\/3\/2021\/03\/receita-federal.jpg","datePublished":"2021-03-01T10:50:08+00:00","dateModified":"2021-03-01T10:52:59+00:00","description":"entrega da Declara\u00e7\u00e3o do Imposto de Renda Pessoa F\u00edsica 2021 (ano-base 2020). O programa para computador est\u00e1 dispon\u00edvel na\u00a0p\u00e1gina da Receita Federal\u00a0na internet\u00a0desde","inLanguage":"pt-BR","potentialAction":[{"@type":"ReadAction","target":["https:\/\/redenoticiaz.com.br\/litoralsp\/2021\/03\/01\/imposto-de-renda-ja-pode-ser-enviado-a-receita-federal"]}]},{"@type":"ImageObject","inLanguage":"pt-BR","@id":"https:\/\/redenoticiaz.com.br\/litoralsp\/2021\/03\/01\/imposto-de-renda-ja-pode-ser-enviado-a-receita-federal#primaryimage","url":"https:\/\/redenoticiaz.com.br\/litoralsp\/wp-content\/uploads\/sites\/3\/2021\/03\/receita-federal.jpg","contentUrl":"https:\/\/redenoticiaz.com.br\/litoralsp\/wp-content\/uploads\/sites\/3\/2021\/03\/receita-federal.jpg","width":1170,"height":700,"caption":"Superintend\u00eancia da Receita Federal, em Bras\u00edlia."},{"@type":"WebSite","@id":"https:\/\/redenoticiaz.com.br\/litoralsp\/#website","url":"https:\/\/redenoticiaz.com.br\/litoralsp\/","name":"Litoral SP","description":"Rede NoticiaZ","publisher":{"@id":"https:\/\/redenoticiaz.com.br\/litoralsp\/#organization"},"potentialAction":[{"@type":"SearchAction","target":{"@type":"EntryPoint","urlTemplate":"https:\/\/redenoticiaz.com.br\/litoralsp\/?s={search_term_string}"},"query-input":{"@type":"PropertyValueSpecification","valueRequired":true,"valueName":"search_term_string"}}],"inLanguage":"pt-BR"},{"@type":"Organization","@id":"https:\/\/redenoticiaz.com.br\/litoralsp\/#organization","name":"Litoral SP","url":"https:\/\/redenoticiaz.com.br\/litoralsp\/","logo":{"@type":"ImageObject","inLanguage":"pt-BR","@id":"https:\/\/redenoticiaz.com.br\/litoralsp\/#\/schema\/logo\/image\/","url":"https:\/\/redenoticiaz.com.br\/litoralsp\/wp-content\/uploads\/sites\/3\/2020\/11\/logo.jpg","contentUrl":"https:\/\/redenoticiaz.com.br\/litoralsp\/wp-content\/uploads\/sites\/3\/2020\/11\/logo.jpg","width":400,"height":250,"caption":"Litoral SP"},"image":{"@id":"https:\/\/redenoticiaz.com.br\/litoralsp\/#\/schema\/logo\/image\/"}},{"@type":"Person","@id":"https:\/\/redenoticiaz.com.br\/litoralsp\/#\/schema\/person\/e1b0bd8c2637e2c1b6ddcbc2c33b116f","name":"Patr\u00edcia Prado","image":{"@type":"ImageObject","inLanguage":"pt-BR","@id":"https:\/\/secure.gravatar.com\/avatar\/92e358bef22cfcec15e054ae4d9fee04dadf0c772dc4a17b382b8a34a15354c2?s=96&d=mm&r=g","url":"https:\/\/secure.gravatar.com\/avatar\/92e358bef22cfcec15e054ae4d9fee04dadf0c772dc4a17b382b8a34a15354c2?s=96&d=mm&r=g","contentUrl":"https:\/\/secure.gravatar.com\/avatar\/92e358bef22cfcec15e054ae4d9fee04dadf0c772dc4a17b382b8a34a15354c2?s=96&d=mm&r=g","caption":"Patr\u00edcia Prado"},"url":"https:\/\/redenoticiaz.com.br\/litoralsp\/author\/patricia-prado"}]}},"_links":{"self":[{"href":"https:\/\/redenoticiaz.com.br\/litoralsp\/wp-json\/wp\/v2\/posts\/4915","targetHints":{"allow":["GET"]}}],"collection":[{"href":"https:\/\/redenoticiaz.com.br\/litoralsp\/wp-json\/wp\/v2\/posts"}],"about":[{"href":"https:\/\/redenoticiaz.com.br\/litoralsp\/wp-json\/wp\/v2\/types\/post"}],"author":[{"embeddable":true,"href":"https:\/\/redenoticiaz.com.br\/litoralsp\/wp-json\/wp\/v2\/users\/5"}],"replies":[{"embeddable":true,"href":"https:\/\/redenoticiaz.com.br\/litoralsp\/wp-json\/wp\/v2\/comments?post=4915"}],"version-history":[{"count":1,"href":"https:\/\/redenoticiaz.com.br\/litoralsp\/wp-json\/wp\/v2\/posts\/4915\/revisions"}],"predecessor-version":[{"id":4917,"href":"https:\/\/redenoticiaz.com.br\/litoralsp\/wp-json\/wp\/v2\/posts\/4915\/revisions\/4917"}],"wp:featuredmedia":[{"embeddable":true,"href":"https:\/\/redenoticiaz.com.br\/litoralsp\/wp-json\/wp\/v2\/media\/4916"}],"wp:attachment":[{"href":"https:\/\/redenoticiaz.com.br\/litoralsp\/wp-json\/wp\/v2\/media?parent=4915"}],"wp:term":[{"taxonomy":"category","embeddable":true,"href":"https:\/\/redenoticiaz.com.br\/litoralsp\/wp-json\/wp\/v2\/categories?post=4915"},{"taxonomy":"post_tag","embeddable":true,"href":"https:\/\/redenoticiaz.com.br\/litoralsp\/wp-json\/wp\/v2\/tags?post=4915"}],"curies":[{"name":"wp","href":"https:\/\/api.w.org\/{rel}","templated":true}]}}