{"id":4996,"date":"2021-03-02T13:28:42","date_gmt":"2021-03-02T16:28:42","guid":{"rendered":"https:\/\/redenoticiaz.com.br\/litoralsp\/2021\/03\/02\/o-paulistao-comecou-e-com-novidades"},"modified":"2021-03-02T13:32:10","modified_gmt":"2021-03-02T16:32:10","slug":"o-paulistao-comecou-e-com-novidades","status":"publish","type":"post","link":"https:\/\/redenoticiaz.com.br\/litoralsp\/2021\/03\/02\/o-paulistao-comecou-e-com-novidades","title":{"rendered":"O Paulist\u00e3o come\u00e7ou e com novidades"},"content":{"rendered":"<p>Depois do encerramento do Campeonato Brasileiro 2020, tr\u00eas dias depois j\u00e1 come\u00e7ou a edi\u00e7\u00e3o 2021 do <a href=\"https:\/\/futebolpaulista.com.br\/Home\/\">Campeonato Paulista<\/a>. Por conta da pandemia, n\u00e3o houve tempo para os clubes realizarem uma pausa para f\u00e9rias e pr\u00e9-temporada. Mas a competi\u00e7\u00e3o promete ser atraente por conta de importantes novidades nas equipes e no campo.<\/p>\n<p><img loading=\"lazy\" decoding=\"async\" class=\"size-medium wp-image-54412 alignleft\" src=\"https:\/\/redenoticiaz.com.br\/wp-content\/uploads\/2021\/03\/var-329x220.jpg\" alt=\"\" width=\"329\" height=\"220\" \/><\/p>\n<p>Pela primeira vez o \u00e1rbitro de v\u00eddeo (VAR) ser\u00e1 utilizado em todas as partidas do <strong>Paulist\u00e3o<\/strong>. Antes o recurso de aux\u00edlio da arbitragem era utilizado apenas nas fases eliminat\u00f3rias da competi\u00e7\u00e3o. Mas para garantir maior transpar\u00eancia e uma diminui\u00e7\u00e3o de erros, o VAR estar\u00e1 presente em todos os jogos.<\/p>\n<p>O Campeonato Paulista est\u00e1 previsto para ser encerrado no dia 23 de maio e os times enfrentam advers\u00e1rios de outros grupos, e os dois melhores de cada chave avan\u00e7am \u00e0s quartas de final. Os dois com menos pontos, independentemente do grupo, cair\u00e3o para a S\u00e9rie A2. Os classificados entre a nona e a 14\u00aa posi\u00e7\u00e3o v\u00e3o disputar o Trof\u00e9u do Interior.<\/p>\n<h3>Os clubes<\/h3>\n<p>No S\u00e3o Paulo, o grande refor\u00e7o foi a contrata\u00e7\u00e3o do t\u00e9cnico argentino Hern\u00e1n Crespo, que foi campe\u00e3o da Copa Sul-americana, pelo Defensa y Justicia. Ele substitui Fernando Diniz e ter\u00e1 a \u00e1rdua miss\u00e3o de acabar com o jejum de t\u00edtulos gerais que dura h\u00e1 8 anos. J\u00e1 sobre o Paulist\u00e3o, o Tricolor n\u00e3o vence desde 2005.<\/p>\n<p>O Santos tamb\u00e9m contratou outro treinador argentino. Ariel Holan, que venceu o Campeonato Chileno, pela Universidade Cat\u00f3lica e assume o lugar de Cuca. O Peixe chegou ao vice-campeonato da Libertadores, mas convive com problemas financeiros e segue impossibilitado de contratar jogadores. A solu\u00e7\u00e3o est\u00e1 em aproveitar os garotos das categorias de base.<\/p>\n<div class=\"mc-column content-text active-extra-styles \" data-block-type=\"unstyled\" data-block-weight=\"50\" data-block-id=\"4\">\n<p class=\"content-text__container \" data-track-category=\"Link no Texto\" data-track-links=\"\">Atual campe\u00e3o estadual e da Libertadores, o\u00a0<a href=\"https:\/\/globoesporte.globo.com\/futebol\/times\/palmeiras\/\">Palmeiras<\/a>\u00a0ter\u00e1 de conciliar o come\u00e7o de Paulist\u00e3o, o primeiro do t\u00e9cnico portugu\u00eas Abel Ferreira, com as finais da Copa do Brasil de 2020. O Verd\u00e3o encara o Gr\u00eamio neste domingo, em Porto Alegre, e no dia 7 de mar\u00e7o, no Allianz Parque.<\/p>\n<\/div>\n<div class=\"mc-column content-text active-extra-styles \" data-block-type=\"unstyled\" data-block-weight=\"40\" data-block-id=\"5\">\n<p class=\"content-text__container \" data-track-category=\"Link no Texto\" data-track-links=\"\">E o\u00a0<a href=\"https:\/\/globoesporte.globo.com\/futebol\/times\/corinthians\/\">Corinthians<\/a>, maior campe\u00e3o paulista, com 30 t\u00edtulos, estar\u00e1 sob o comando de Vagner Mancini. O Tim\u00e3o vai tentar manter o excelente retrospecto recente na competi\u00e7\u00e3o: chegou nas quatro \u00faltimas finais e conquistou tr\u00eas t\u00edtulos (2017, 2018 e 2019).<\/p>\n<\/div>\n<div class=\"mc-column content-text active-extra-styles \" data-block-type=\"unstyled\" data-block-weight=\"25\" data-block-id=\"6\">\n<p class=\"content-text__container \" data-track-category=\"Link no Texto\" data-track-links=\"\">A Federa\u00e7\u00e3o Paulista de Futebol distribuir\u00e1 R$ 11 milh\u00f5es em premia\u00e7\u00e3o. O campe\u00e3o ficar\u00e1 com R$ 5 milh\u00f5es. E o vice leva R$ 1,5 milh\u00e3o.<\/p>\n<h3 data-track-category=\"Link no Texto\">Conhe\u00e7a os grupos<\/h3>\n<ul class=\"content-unordered-list\">\n<li><strong>A: <\/strong>Corinthians, Botafogo-SP, Inter de Limeira e Santo Andr\u00e9<\/li>\n<li><strong>B: <\/strong>S\u00e3o Paulo, Ferrovi\u00e1ria, Ponte Preta e S\u00e3o Bento<\/li>\n<li><strong>C: <\/strong>Palmeiras, Red Bull Bragantino, Ituano e Novorizontino<\/li>\n<li><strong>D: <\/strong>Santos, Guarani, Mirassol e S\u00e3o Caetano<\/li>\n<\/ul>\n<p><strong>Leia tamb\u00e9m<\/strong><\/p>\n<p><a href=\"https:\/\/redenoticiaz.com.br\/blog\/2021\/03\/01\/final-copa-do-brasil-palmeiras-vence-o-gremio\">Final Copa do Brasil: Palmeiras vence o Gr\u00eamio<\/a><\/p>\n<\/div>\n","protected":false},"excerpt":{"rendered":"<p>Depois do encerramento do Campeonato Brasileiro 2020, tr\u00eas dias depois j\u00e1 come\u00e7ou a edi\u00e7\u00e3o 2021 do Campeonato Paulista. Por conta da pandemia, n\u00e3o houve tempo para os clubes realizarem uma pausa para f\u00e9rias e pr\u00e9-temporada. Mas a competi\u00e7\u00e3o promete ser atraente por conta de importantes novidades nas equipes e no campo. Pela primeira vez o &hellip;<\/p>\n","protected":false},"author":6,"featured_media":4997,"comment_status":"open","ping_status":"closed","sticky":false,"template":"","format":"standard","meta":{"footnotes":""},"categories":[35],"tags":[14023,3712,14024,3454,1219,1416,10555,14025,986,65],"class_list":["post-4996","post","type-post","status-publish","format-standard","has-post-thumbnail","hentry","category-esporte","tag-arbitro-de-video","tag-campeonato-paulista","tag-clubes","tag-corinthians","tag-futebol","tag-palmeiras","tag-paulistao","tag-regulamento","tag-santos","tag-sao-paulo"],"yoast_head":"<!-- This site is optimized with the Yoast SEO plugin v27.5 - https:\/\/yoast.com\/product\/yoast-seo-wordpress\/ -->\n<title>O Paulist\u00e3o come\u00e7ou e com novidades - Litoral SP<\/title>\n<meta name=\"description\" content=\"Depois do encerramento do Campeonato Brasileiro 2020, tr\u00eas dias depois j\u00e1 come\u00e7ou a edi\u00e7\u00e3o 2021 do Campeonato Paulista. Por conta da pandemia\" \/>\n<meta name=\"robots\" content=\"index, follow, max-snippet:-1, max-image-preview:large, max-video-preview:-1\" \/>\n<link rel=\"canonical\" href=\"https:\/\/redenoticiaz.com.br\/litoralsp\/2021\/03\/02\/o-paulistao-comecou-e-com-novidades\" \/>\n<meta property=\"og:locale\" content=\"pt_BR\" \/>\n<meta property=\"og:type\" content=\"article\" \/>\n<meta property=\"og:title\" content=\"O Paulist\u00e3o come\u00e7ou e com novidades - Litoral SP\" \/>\n<meta property=\"og:description\" content=\"Depois do encerramento do Campeonato Brasileiro 2020, tr\u00eas dias depois j\u00e1 come\u00e7ou a edi\u00e7\u00e3o 2021 do Campeonato Paulista. Por conta da pandemia\" \/>\n<meta property=\"og:url\" content=\"https:\/\/redenoticiaz.com.br\/litoralsp\/2021\/03\/02\/o-paulistao-comecou-e-com-novidades\" \/>\n<meta property=\"og:site_name\" content=\"Litoral SP\" \/>\n<meta property=\"article:published_time\" content=\"2021-03-02T16:28:42+00:00\" \/>\n<meta property=\"article:modified_time\" content=\"2021-03-02T16:32:10+00:00\" \/>\n<meta property=\"og:image\" content=\"https:\/\/redenoticiaz.com.br\/litoralsp\/wp-content\/uploads\/sites\/3\/2021\/03\/taca.jpeg\" \/>\n\t<meta property=\"og:image:width\" content=\"984\" \/>\n\t<meta property=\"og:image:height\" content=\"738\" \/>\n\t<meta property=\"og:image:type\" content=\"image\/jpeg\" \/>\n<meta name=\"author\" content=\"Leonardo Francisco\" \/>\n<meta name=\"twitter:card\" content=\"summary_large_image\" \/>\n<meta name=\"twitter:label1\" content=\"Escrito por\" \/>\n\t<meta name=\"twitter:data1\" content=\"Leonardo Francisco\" \/>\n\t<meta name=\"twitter:label2\" content=\"Est. tempo de leitura\" \/>\n\t<meta name=\"twitter:data2\" content=\"2 minutos\" \/>\n<script type=\"application\/ld+json\" class=\"yoast-schema-graph\">{\"@context\":\"https:\\\/\\\/schema.org\",\"@graph\":[{\"@type\":\"Article\",\"@id\":\"https:\\\/\\\/redenoticiaz.com.br\\\/litoralsp\\\/2021\\\/03\\\/02\\\/o-paulistao-comecou-e-com-novidades#article\",\"isPartOf\":{\"@id\":\"https:\\\/\\\/redenoticiaz.com.br\\\/litoralsp\\\/2021\\\/03\\\/02\\\/o-paulistao-comecou-e-com-novidades\"},\"author\":{\"name\":\"Leonardo Francisco\",\"@id\":\"https:\\\/\\\/redenoticiaz.com.br\\\/litoralsp\\\/#\\\/schema\\\/person\\\/0f0b8a5bdafefe82841e07ae8d81ecb3\"},\"headline\":\"O Paulist\u00e3o come\u00e7ou e com novidades\",\"datePublished\":\"2021-03-02T16:28:42+00:00\",\"dateModified\":\"2021-03-02T16:32:10+00:00\",\"mainEntityOfPage\":{\"@id\":\"https:\\\/\\\/redenoticiaz.com.br\\\/litoralsp\\\/2021\\\/03\\\/02\\\/o-paulistao-comecou-e-com-novidades\"},\"wordCount\":486,\"commentCount\":0,\"publisher\":{\"@id\":\"https:\\\/\\\/redenoticiaz.com.br\\\/litoralsp\\\/#organization\"},\"image\":{\"@id\":\"https:\\\/\\\/redenoticiaz.com.br\\\/litoralsp\\\/2021\\\/03\\\/02\\\/o-paulistao-comecou-e-com-novidades#primaryimage\"},\"thumbnailUrl\":\"https:\\\/\\\/redenoticiaz.com.br\\\/litoralsp\\\/wp-content\\\/uploads\\\/sites\\\/3\\\/2021\\\/03\\\/taca.jpeg\",\"keywords\":[\"\u00c1RBITRO DE V\u00cdDEO\",\"CAMPEONATO PAULISTA\",\"CLUBES\",\"Corinthians\",\"FUTEBOL\",\"Palmeiras\",\"PAULIST\u00c3O\",\"REGULAMENTO\",\"Santos\",\"S\u00e3o Paulo\"],\"articleSection\":[\"Esporte\"],\"inLanguage\":\"pt-BR\",\"potentialAction\":[{\"@type\":\"CommentAction\",\"name\":\"Comment\",\"target\":[\"https:\\\/\\\/redenoticiaz.com.br\\\/litoralsp\\\/2021\\\/03\\\/02\\\/o-paulistao-comecou-e-com-novidades#respond\"]}]},{\"@type\":\"WebPage\",\"@id\":\"https:\\\/\\\/redenoticiaz.com.br\\\/litoralsp\\\/2021\\\/03\\\/02\\\/o-paulistao-comecou-e-com-novidades\",\"url\":\"https:\\\/\\\/redenoticiaz.com.br\\\/litoralsp\\\/2021\\\/03\\\/02\\\/o-paulistao-comecou-e-com-novidades\",\"name\":\"O Paulist\u00e3o come\u00e7ou e com novidades - Litoral SP\",\"isPartOf\":{\"@id\":\"https:\\\/\\\/redenoticiaz.com.br\\\/litoralsp\\\/#website\"},\"primaryImageOfPage\":{\"@id\":\"https:\\\/\\\/redenoticiaz.com.br\\\/litoralsp\\\/2021\\\/03\\\/02\\\/o-paulistao-comecou-e-com-novidades#primaryimage\"},\"image\":{\"@id\":\"https:\\\/\\\/redenoticiaz.com.br\\\/litoralsp\\\/2021\\\/03\\\/02\\\/o-paulistao-comecou-e-com-novidades#primaryimage\"},\"thumbnailUrl\":\"https:\\\/\\\/redenoticiaz.com.br\\\/litoralsp\\\/wp-content\\\/uploads\\\/sites\\\/3\\\/2021\\\/03\\\/taca.jpeg\",\"datePublished\":\"2021-03-02T16:28:42+00:00\",\"dateModified\":\"2021-03-02T16:32:10+00:00\",\"description\":\"Depois do encerramento do Campeonato Brasileiro 2020, tr\u00eas dias depois j\u00e1 come\u00e7ou a edi\u00e7\u00e3o 2021 do Campeonato Paulista. Por conta da pandemia\",\"inLanguage\":\"pt-BR\",\"potentialAction\":[{\"@type\":\"ReadAction\",\"target\":[\"https:\\\/\\\/redenoticiaz.com.br\\\/litoralsp\\\/2021\\\/03\\\/02\\\/o-paulistao-comecou-e-com-novidades\"]}]},{\"@type\":\"ImageObject\",\"inLanguage\":\"pt-BR\",\"@id\":\"https:\\\/\\\/redenoticiaz.com.br\\\/litoralsp\\\/2021\\\/03\\\/02\\\/o-paulistao-comecou-e-com-novidades#primaryimage\",\"url\":\"https:\\\/\\\/redenoticiaz.com.br\\\/litoralsp\\\/wp-content\\\/uploads\\\/sites\\\/3\\\/2021\\\/03\\\/taca.jpeg\",\"contentUrl\":\"https:\\\/\\\/redenoticiaz.com.br\\\/litoralsp\\\/wp-content\\\/uploads\\\/sites\\\/3\\\/2021\\\/03\\\/taca.jpeg\",\"width\":984,\"height\":738,\"caption\":\"O Paulist\u00e3o come\u00e7ou e com novidades\"},{\"@type\":\"WebSite\",\"@id\":\"https:\\\/\\\/redenoticiaz.com.br\\\/litoralsp\\\/#website\",\"url\":\"https:\\\/\\\/redenoticiaz.com.br\\\/litoralsp\\\/\",\"name\":\"Litoral SP\",\"description\":\"Rede NoticiaZ\",\"publisher\":{\"@id\":\"https:\\\/\\\/redenoticiaz.com.br\\\/litoralsp\\\/#organization\"},\"potentialAction\":[{\"@type\":\"SearchAction\",\"target\":{\"@type\":\"EntryPoint\",\"urlTemplate\":\"https:\\\/\\\/redenoticiaz.com.br\\\/litoralsp\\\/?s={search_term_string}\"},\"query-input\":{\"@type\":\"PropertyValueSpecification\",\"valueRequired\":true,\"valueName\":\"search_term_string\"}}],\"inLanguage\":\"pt-BR\"},{\"@type\":\"Organization\",\"@id\":\"https:\\\/\\\/redenoticiaz.com.br\\\/litoralsp\\\/#organization\",\"name\":\"Litoral SP\",\"url\":\"https:\\\/\\\/redenoticiaz.com.br\\\/litoralsp\\\/\",\"logo\":{\"@type\":\"ImageObject\",\"inLanguage\":\"pt-BR\",\"@id\":\"https:\\\/\\\/redenoticiaz.com.br\\\/litoralsp\\\/#\\\/schema\\\/logo\\\/image\\\/\",\"url\":\"https:\\\/\\\/redenoticiaz.com.br\\\/litoralsp\\\/wp-content\\\/uploads\\\/sites\\\/3\\\/2020\\\/11\\\/logo.jpg\",\"contentUrl\":\"https:\\\/\\\/redenoticiaz.com.br\\\/litoralsp\\\/wp-content\\\/uploads\\\/sites\\\/3\\\/2020\\\/11\\\/logo.jpg\",\"width\":400,\"height\":250,\"caption\":\"Litoral SP\"},\"image\":{\"@id\":\"https:\\\/\\\/redenoticiaz.com.br\\\/litoralsp\\\/#\\\/schema\\\/logo\\\/image\\\/\"}},{\"@type\":\"Person\",\"@id\":\"https:\\\/\\\/redenoticiaz.com.br\\\/litoralsp\\\/#\\\/schema\\\/person\\\/0f0b8a5bdafefe82841e07ae8d81ecb3\",\"name\":\"Leonardo Francisco\",\"image\":{\"@type\":\"ImageObject\",\"inLanguage\":\"pt-BR\",\"@id\":\"https:\\\/\\\/secure.gravatar.com\\\/avatar\\\/a7358cb406a99b682ec6df1e77e31ae82e63601f6784e8a3df411d72b37864da?s=96&d=mm&r=g\",\"url\":\"https:\\\/\\\/secure.gravatar.com\\\/avatar\\\/a7358cb406a99b682ec6df1e77e31ae82e63601f6784e8a3df411d72b37864da?s=96&d=mm&r=g\",\"contentUrl\":\"https:\\\/\\\/secure.gravatar.com\\\/avatar\\\/a7358cb406a99b682ec6df1e77e31ae82e63601f6784e8a3df411d72b37864da?s=96&d=mm&r=g\",\"caption\":\"Leonardo Francisco\"},\"url\":\"https:\\\/\\\/redenoticiaz.com.br\\\/litoralsp\\\/author\\\/leonardo-francisco\"}]}<\/script>\n<!-- \/ Yoast SEO plugin. -->","yoast_head_json":{"title":"O Paulist\u00e3o come\u00e7ou e com novidades - Litoral SP","description":"Depois do encerramento do Campeonato Brasileiro 2020, tr\u00eas dias depois j\u00e1 come\u00e7ou a edi\u00e7\u00e3o 2021 do Campeonato Paulista. Por conta da pandemia","robots":{"index":"index","follow":"follow","max-snippet":"max-snippet:-1","max-image-preview":"max-image-preview:large","max-video-preview":"max-video-preview:-1"},"canonical":"https:\/\/redenoticiaz.com.br\/litoralsp\/2021\/03\/02\/o-paulistao-comecou-e-com-novidades","og_locale":"pt_BR","og_type":"article","og_title":"O Paulist\u00e3o come\u00e7ou e com novidades - Litoral SP","og_description":"Depois do encerramento do Campeonato Brasileiro 2020, tr\u00eas dias depois j\u00e1 come\u00e7ou a edi\u00e7\u00e3o 2021 do Campeonato Paulista. Por conta da pandemia","og_url":"https:\/\/redenoticiaz.com.br\/litoralsp\/2021\/03\/02\/o-paulistao-comecou-e-com-novidades","og_site_name":"Litoral SP","article_published_time":"2021-03-02T16:28:42+00:00","article_modified_time":"2021-03-02T16:32:10+00:00","og_image":[{"width":984,"height":738,"url":"https:\/\/redenoticiaz.com.br\/litoralsp\/wp-content\/uploads\/sites\/3\/2021\/03\/taca.jpeg","type":"image\/jpeg"}],"author":"Leonardo Francisco","twitter_card":"summary_large_image","twitter_misc":{"Escrito por":"Leonardo Francisco","Est. tempo de leitura":"2 minutos"},"schema":{"@context":"https:\/\/schema.org","@graph":[{"@type":"Article","@id":"https:\/\/redenoticiaz.com.br\/litoralsp\/2021\/03\/02\/o-paulistao-comecou-e-com-novidades#article","isPartOf":{"@id":"https:\/\/redenoticiaz.com.br\/litoralsp\/2021\/03\/02\/o-paulistao-comecou-e-com-novidades"},"author":{"name":"Leonardo Francisco","@id":"https:\/\/redenoticiaz.com.br\/litoralsp\/#\/schema\/person\/0f0b8a5bdafefe82841e07ae8d81ecb3"},"headline":"O Paulist\u00e3o come\u00e7ou e com novidades","datePublished":"2021-03-02T16:28:42+00:00","dateModified":"2021-03-02T16:32:10+00:00","mainEntityOfPage":{"@id":"https:\/\/redenoticiaz.com.br\/litoralsp\/2021\/03\/02\/o-paulistao-comecou-e-com-novidades"},"wordCount":486,"commentCount":0,"publisher":{"@id":"https:\/\/redenoticiaz.com.br\/litoralsp\/#organization"},"image":{"@id":"https:\/\/redenoticiaz.com.br\/litoralsp\/2021\/03\/02\/o-paulistao-comecou-e-com-novidades#primaryimage"},"thumbnailUrl":"https:\/\/redenoticiaz.com.br\/litoralsp\/wp-content\/uploads\/sites\/3\/2021\/03\/taca.jpeg","keywords":["\u00c1RBITRO DE V\u00cdDEO","CAMPEONATO PAULISTA","CLUBES","Corinthians","FUTEBOL","Palmeiras","PAULIST\u00c3O","REGULAMENTO","Santos","S\u00e3o Paulo"],"articleSection":["Esporte"],"inLanguage":"pt-BR","potentialAction":[{"@type":"CommentAction","name":"Comment","target":["https:\/\/redenoticiaz.com.br\/litoralsp\/2021\/03\/02\/o-paulistao-comecou-e-com-novidades#respond"]}]},{"@type":"WebPage","@id":"https:\/\/redenoticiaz.com.br\/litoralsp\/2021\/03\/02\/o-paulistao-comecou-e-com-novidades","url":"https:\/\/redenoticiaz.com.br\/litoralsp\/2021\/03\/02\/o-paulistao-comecou-e-com-novidades","name":"O Paulist\u00e3o come\u00e7ou e com novidades - Litoral SP","isPartOf":{"@id":"https:\/\/redenoticiaz.com.br\/litoralsp\/#website"},"primaryImageOfPage":{"@id":"https:\/\/redenoticiaz.com.br\/litoralsp\/2021\/03\/02\/o-paulistao-comecou-e-com-novidades#primaryimage"},"image":{"@id":"https:\/\/redenoticiaz.com.br\/litoralsp\/2021\/03\/02\/o-paulistao-comecou-e-com-novidades#primaryimage"},"thumbnailUrl":"https:\/\/redenoticiaz.com.br\/litoralsp\/wp-content\/uploads\/sites\/3\/2021\/03\/taca.jpeg","datePublished":"2021-03-02T16:28:42+00:00","dateModified":"2021-03-02T16:32:10+00:00","description":"Depois do encerramento do Campeonato Brasileiro 2020, tr\u00eas dias depois j\u00e1 come\u00e7ou a edi\u00e7\u00e3o 2021 do Campeonato Paulista. Por conta da pandemia","inLanguage":"pt-BR","potentialAction":[{"@type":"ReadAction","target":["https:\/\/redenoticiaz.com.br\/litoralsp\/2021\/03\/02\/o-paulistao-comecou-e-com-novidades"]}]},{"@type":"ImageObject","inLanguage":"pt-BR","@id":"https:\/\/redenoticiaz.com.br\/litoralsp\/2021\/03\/02\/o-paulistao-comecou-e-com-novidades#primaryimage","url":"https:\/\/redenoticiaz.com.br\/litoralsp\/wp-content\/uploads\/sites\/3\/2021\/03\/taca.jpeg","contentUrl":"https:\/\/redenoticiaz.com.br\/litoralsp\/wp-content\/uploads\/sites\/3\/2021\/03\/taca.jpeg","width":984,"height":738,"caption":"O Paulist\u00e3o come\u00e7ou e com novidades"},{"@type":"WebSite","@id":"https:\/\/redenoticiaz.com.br\/litoralsp\/#website","url":"https:\/\/redenoticiaz.com.br\/litoralsp\/","name":"Litoral SP","description":"Rede NoticiaZ","publisher":{"@id":"https:\/\/redenoticiaz.com.br\/litoralsp\/#organization"},"potentialAction":[{"@type":"SearchAction","target":{"@type":"EntryPoint","urlTemplate":"https:\/\/redenoticiaz.com.br\/litoralsp\/?s={search_term_string}"},"query-input":{"@type":"PropertyValueSpecification","valueRequired":true,"valueName":"search_term_string"}}],"inLanguage":"pt-BR"},{"@type":"Organization","@id":"https:\/\/redenoticiaz.com.br\/litoralsp\/#organization","name":"Litoral SP","url":"https:\/\/redenoticiaz.com.br\/litoralsp\/","logo":{"@type":"ImageObject","inLanguage":"pt-BR","@id":"https:\/\/redenoticiaz.com.br\/litoralsp\/#\/schema\/logo\/image\/","url":"https:\/\/redenoticiaz.com.br\/litoralsp\/wp-content\/uploads\/sites\/3\/2020\/11\/logo.jpg","contentUrl":"https:\/\/redenoticiaz.com.br\/litoralsp\/wp-content\/uploads\/sites\/3\/2020\/11\/logo.jpg","width":400,"height":250,"caption":"Litoral SP"},"image":{"@id":"https:\/\/redenoticiaz.com.br\/litoralsp\/#\/schema\/logo\/image\/"}},{"@type":"Person","@id":"https:\/\/redenoticiaz.com.br\/litoralsp\/#\/schema\/person\/0f0b8a5bdafefe82841e07ae8d81ecb3","name":"Leonardo Francisco","image":{"@type":"ImageObject","inLanguage":"pt-BR","@id":"https:\/\/secure.gravatar.com\/avatar\/a7358cb406a99b682ec6df1e77e31ae82e63601f6784e8a3df411d72b37864da?s=96&d=mm&r=g","url":"https:\/\/secure.gravatar.com\/avatar\/a7358cb406a99b682ec6df1e77e31ae82e63601f6784e8a3df411d72b37864da?s=96&d=mm&r=g","contentUrl":"https:\/\/secure.gravatar.com\/avatar\/a7358cb406a99b682ec6df1e77e31ae82e63601f6784e8a3df411d72b37864da?s=96&d=mm&r=g","caption":"Leonardo Francisco"},"url":"https:\/\/redenoticiaz.com.br\/litoralsp\/author\/leonardo-francisco"}]}},"_links":{"self":[{"href":"https:\/\/redenoticiaz.com.br\/litoralsp\/wp-json\/wp\/v2\/posts\/4996","targetHints":{"allow":["GET"]}}],"collection":[{"href":"https:\/\/redenoticiaz.com.br\/litoralsp\/wp-json\/wp\/v2\/posts"}],"about":[{"href":"https:\/\/redenoticiaz.com.br\/litoralsp\/wp-json\/wp\/v2\/types\/post"}],"author":[{"embeddable":true,"href":"https:\/\/redenoticiaz.com.br\/litoralsp\/wp-json\/wp\/v2\/users\/6"}],"replies":[{"embeddable":true,"href":"https:\/\/redenoticiaz.com.br\/litoralsp\/wp-json\/wp\/v2\/comments?post=4996"}],"version-history":[{"count":1,"href":"https:\/\/redenoticiaz.com.br\/litoralsp\/wp-json\/wp\/v2\/posts\/4996\/revisions"}],"predecessor-version":[{"id":4998,"href":"https:\/\/redenoticiaz.com.br\/litoralsp\/wp-json\/wp\/v2\/posts\/4996\/revisions\/4998"}],"wp:featuredmedia":[{"embeddable":true,"href":"https:\/\/redenoticiaz.com.br\/litoralsp\/wp-json\/wp\/v2\/media\/4997"}],"wp:attachment":[{"href":"https:\/\/redenoticiaz.com.br\/litoralsp\/wp-json\/wp\/v2\/media?parent=4996"}],"wp:term":[{"taxonomy":"category","embeddable":true,"href":"https:\/\/redenoticiaz.com.br\/litoralsp\/wp-json\/wp\/v2\/categories?post=4996"},{"taxonomy":"post_tag","embeddable":true,"href":"https:\/\/redenoticiaz.com.br\/litoralsp\/wp-json\/wp\/v2\/tags?post=4996"}],"curies":[{"name":"wp","href":"https:\/\/api.w.org\/{rel}","templated":true}]}}