{"id":4999,"date":"2021-03-02T13:48:19","date_gmt":"2021-03-02T16:48:19","guid":{"rendered":"https:\/\/redenoticiaz.com.br\/litoralsp\/?p=4999"},"modified":"2021-03-02T13:49:14","modified_gmt":"2021-03-02T16:49:14","slug":"quem-quer-dinheiro-silvio-santos-recebe-cobranca-de-guaruja","status":"publish","type":"post","link":"https:\/\/redenoticiaz.com.br\/litoralsp\/2021\/03\/02\/quem-quer-dinheiro-silvio-santos-recebe-cobranca-de-guaruja","title":{"rendered":"Quem quer dinheiro? S\u00edlvio Santos recebe cobran\u00e7a de Guaruj\u00e1"},"content":{"rendered":"<p>&#8216;Quem quer dinheiro?&#8217; A c\u00e9lebre pergunta de <strong>S\u00edlvio Santos<\/strong> nunca fez tanto sentido como agora para a Prefeitura de <a href=\"https:\/\/www.guaruja.sp.gov.br\/\">Guaruj\u00e1<\/a>. \u00c9 porque a Administra\u00e7\u00e3o entrou com a\u00e7\u00e3o na Justi\u00e7a cobrando mais de R$ 2 milh\u00f5es ao apresentador do SBT porque est\u00e1 devendo parcelas do Imposto Predial e Territorial Urbano (IPTU), referentes ao Sofitel Guaruj\u00e1 Jequitimar, no qual ele \u00e9 dono.<\/p>\n<p>A Prefeitura informa que por meio da Secretaria de Finan\u00e7as da cidade entrou com uma a\u00e7\u00e3o de execu\u00e7\u00e3o fiscal na Vara de Fazenda P\u00fablica, no Foro de Guaruj\u00e1, em fevereiro. Ao todo o valor chegou a R$ 2.015.887,34 referindo-se ao per\u00edodo entre abril e dezembro do ano passado.<\/p>\n<p><img loading=\"lazy\" decoding=\"async\" class=\"size-medium wp-image-5001 alignleft\" src=\"https:\/\/redenoticiaz.com.br\/litoralsp\/wp-content\/uploads\/sites\/3\/2021\/03\/jequitimar-300x149.jpg\" alt=\"\" width=\"300\" height=\"149\" srcset=\"https:\/\/redenoticiaz.com.br\/litoralsp\/wp-content\/uploads\/sites\/3\/2021\/03\/jequitimar-300x149.jpg 300w, https:\/\/redenoticiaz.com.br\/litoralsp\/wp-content\/uploads\/sites\/3\/2021\/03\/jequitimar-768x382.jpg 768w, https:\/\/redenoticiaz.com.br\/litoralsp\/wp-content\/uploads\/sites\/3\/2021\/03\/jequitimar.jpg 1004w\" sizes=\"auto, (max-width: 300px) 100vw, 300px\" \/><\/p>\n<p>O Sofitel Guaruj\u00e1 Jequitimar, que pertence ao S\u00edlvio Santos, fica na Praia de Pernambuco, foi inaugurado em 2006 e al\u00e9m de hospedaria, tamb\u00e9m conta com um shopping e tamb\u00e9m \u00e9 palco de eventos sociais e musicais. Mas devido a pandemia do coronav\u00edrus em 2020, ficou fechado e praticamente inativo.<\/p>\n<p>Questionada sobre mais detalhes da cobran\u00e7a, a Prefeitura de Guaruj\u00e1 n\u00e3o deu mais detalhes. O hotel e a assessoria de Silvio Santos foram procurados, mas at\u00e9 o momento n\u00e3o se manifestaram sobre as d\u00edvidas.<\/p>\n<p><strong>Leia tamb\u00e9m<\/strong><\/p>\n<p><a href=\"https:\/\/redenoticiaz.com.br\/litoralsp\/2021\/03\/01\/imposto-de-renda-ja-pode-ser-enviado-a-receita-federal\">Imposto de Renda j\u00e1 pode ser enviado a Receita Federal<\/a><\/p>\n","protected":false},"excerpt":{"rendered":"<p>&#8216;Quem quer dinheiro?&#8217; A c\u00e9lebre pergunta de S\u00edlvio Santos nunca fez tanto sentido como agora para a Prefeitura de Guaruj\u00e1. \u00c9 porque a Administra\u00e7\u00e3o entrou com a\u00e7\u00e3o na Justi\u00e7a cobrando mais de R$ 2 milh\u00f5es ao apresentador do SBT porque est\u00e1 devendo parcelas do Imposto Predial e Territorial Urbano (IPTU), referentes ao Sofitel Guaruj\u00e1 Jequitimar, &hellip;<\/p>\n","protected":false},"author":6,"featured_media":5000,"comment_status":"open","ping_status":"closed","sticky":false,"template":"","format":"standard","meta":{"footnotes":""},"categories":[187,22],"tags":[14040,1006,14038,7562,14037,14036,14039],"class_list":["post-4999","post","type-post","status-publish","format-standard","has-post-thumbnail","hentry","category-guaruja","category-justica","tag-divida","tag-guaruja","tag-hotel-de-luxo","tag-iptu","tag-praia-de-pernambuco","tag-silvio-santos","tag-sofitel-jequitimar"],"yoast_head":"<!-- This site is optimized with the Yoast SEO plugin v27.5 - https:\/\/yoast.com\/product\/yoast-seo-wordpress\/ -->\n<title>Quem quer dinheiro? S\u00edlvio Santos recebe cobran\u00e7a de Guaruj\u00e1 - Litoral SP<\/title>\n<meta name=\"description\" content=\"&#039;Quem quer dinheiro?&#039; A c\u00e9lebre pergunta de S\u00edlvio Santos nunca fez tanto sentido como agora para a Prefeitura de Guaruj\u00e1. \u00c9 porque a Administra\u00e7\u00e3o\" \/>\n<meta name=\"robots\" content=\"index, follow, max-snippet:-1, max-image-preview:large, max-video-preview:-1\" \/>\n<link rel=\"canonical\" href=\"https:\/\/redenoticiaz.com.br\/litoralsp\/2021\/03\/02\/quem-quer-dinheiro-silvio-santos-recebe-cobranca-de-guaruja\" \/>\n<meta property=\"og:locale\" content=\"pt_BR\" \/>\n<meta property=\"og:type\" content=\"article\" \/>\n<meta property=\"og:title\" content=\"Quem quer dinheiro? S\u00edlvio Santos recebe cobran\u00e7a de Guaruj\u00e1 - Litoral SP\" \/>\n<meta property=\"og:description\" content=\"&#039;Quem quer dinheiro?&#039; A c\u00e9lebre pergunta de S\u00edlvio Santos nunca fez tanto sentido como agora para a Prefeitura de Guaruj\u00e1. \u00c9 porque a Administra\u00e7\u00e3o\" \/>\n<meta property=\"og:url\" content=\"https:\/\/redenoticiaz.com.br\/litoralsp\/2021\/03\/02\/quem-quer-dinheiro-silvio-santos-recebe-cobranca-de-guaruja\" \/>\n<meta property=\"og:site_name\" content=\"Litoral SP\" \/>\n<meta property=\"article:published_time\" content=\"2021-03-02T16:48:19+00:00\" \/>\n<meta property=\"article:modified_time\" content=\"2021-03-02T16:49:14+00:00\" \/>\n<meta property=\"og:image\" content=\"https:\/\/redenoticiaz.com.br\/litoralsp\/wp-content\/uploads\/sites\/3\/2021\/03\/silviosantos.jpg\" \/>\n\t<meta property=\"og:image:width\" content=\"1024\" \/>\n\t<meta property=\"og:image:height\" content=\"620\" \/>\n\t<meta property=\"og:image:type\" content=\"image\/jpeg\" \/>\n<meta name=\"author\" content=\"Leonardo Francisco\" \/>\n<meta name=\"twitter:card\" content=\"summary_large_image\" \/>\n<meta name=\"twitter:label1\" content=\"Escrito por\" \/>\n\t<meta name=\"twitter:data1\" content=\"Leonardo Francisco\" \/>\n\t<meta name=\"twitter:label2\" content=\"Est. tempo de leitura\" \/>\n\t<meta name=\"twitter:data2\" content=\"1 minuto\" \/>\n<script type=\"application\/ld+json\" class=\"yoast-schema-graph\">{\"@context\":\"https:\\\/\\\/schema.org\",\"@graph\":[{\"@type\":\"Article\",\"@id\":\"https:\\\/\\\/redenoticiaz.com.br\\\/litoralsp\\\/2021\\\/03\\\/02\\\/quem-quer-dinheiro-silvio-santos-recebe-cobranca-de-guaruja#article\",\"isPartOf\":{\"@id\":\"https:\\\/\\\/redenoticiaz.com.br\\\/litoralsp\\\/2021\\\/03\\\/02\\\/quem-quer-dinheiro-silvio-santos-recebe-cobranca-de-guaruja\"},\"author\":{\"name\":\"Leonardo Francisco\",\"@id\":\"https:\\\/\\\/redenoticiaz.com.br\\\/litoralsp\\\/#\\\/schema\\\/person\\\/0f0b8a5bdafefe82841e07ae8d81ecb3\"},\"headline\":\"Quem quer dinheiro? S\u00edlvio Santos recebe cobran\u00e7a de Guaruj\u00e1\",\"datePublished\":\"2021-03-02T16:48:19+00:00\",\"dateModified\":\"2021-03-02T16:49:14+00:00\",\"mainEntityOfPage\":{\"@id\":\"https:\\\/\\\/redenoticiaz.com.br\\\/litoralsp\\\/2021\\\/03\\\/02\\\/quem-quer-dinheiro-silvio-santos-recebe-cobranca-de-guaruja\"},\"wordCount\":228,\"commentCount\":0,\"publisher\":{\"@id\":\"https:\\\/\\\/redenoticiaz.com.br\\\/litoralsp\\\/#organization\"},\"image\":{\"@id\":\"https:\\\/\\\/redenoticiaz.com.br\\\/litoralsp\\\/2021\\\/03\\\/02\\\/quem-quer-dinheiro-silvio-santos-recebe-cobranca-de-guaruja#primaryimage\"},\"thumbnailUrl\":\"https:\\\/\\\/redenoticiaz.com.br\\\/litoralsp\\\/wp-content\\\/uploads\\\/sites\\\/3\\\/2021\\\/03\\\/silviosantos.jpg\",\"keywords\":[\"D\u00cdVIDA\",\"GUARUJ\u00c1\",\"HOTEL DE LUXO\",\"IPTU\",\"PRAIA DE PERNAMBUCO\",\"S\u00cdLVIO SANTOS\",\"SOFITEL JEQUITIMAR\"],\"articleSection\":[\"Guaruj\u00e1\",\"Justi\u00e7a\"],\"inLanguage\":\"pt-BR\",\"potentialAction\":[{\"@type\":\"CommentAction\",\"name\":\"Comment\",\"target\":[\"https:\\\/\\\/redenoticiaz.com.br\\\/litoralsp\\\/2021\\\/03\\\/02\\\/quem-quer-dinheiro-silvio-santos-recebe-cobranca-de-guaruja#respond\"]}]},{\"@type\":\"WebPage\",\"@id\":\"https:\\\/\\\/redenoticiaz.com.br\\\/litoralsp\\\/2021\\\/03\\\/02\\\/quem-quer-dinheiro-silvio-santos-recebe-cobranca-de-guaruja\",\"url\":\"https:\\\/\\\/redenoticiaz.com.br\\\/litoralsp\\\/2021\\\/03\\\/02\\\/quem-quer-dinheiro-silvio-santos-recebe-cobranca-de-guaruja\",\"name\":\"Quem quer dinheiro? S\u00edlvio Santos recebe cobran\u00e7a de Guaruj\u00e1 - Litoral SP\",\"isPartOf\":{\"@id\":\"https:\\\/\\\/redenoticiaz.com.br\\\/litoralsp\\\/#website\"},\"primaryImageOfPage\":{\"@id\":\"https:\\\/\\\/redenoticiaz.com.br\\\/litoralsp\\\/2021\\\/03\\\/02\\\/quem-quer-dinheiro-silvio-santos-recebe-cobranca-de-guaruja#primaryimage\"},\"image\":{\"@id\":\"https:\\\/\\\/redenoticiaz.com.br\\\/litoralsp\\\/2021\\\/03\\\/02\\\/quem-quer-dinheiro-silvio-santos-recebe-cobranca-de-guaruja#primaryimage\"},\"thumbnailUrl\":\"https:\\\/\\\/redenoticiaz.com.br\\\/litoralsp\\\/wp-content\\\/uploads\\\/sites\\\/3\\\/2021\\\/03\\\/silviosantos.jpg\",\"datePublished\":\"2021-03-02T16:48:19+00:00\",\"dateModified\":\"2021-03-02T16:49:14+00:00\",\"description\":\"'Quem quer dinheiro?' A c\u00e9lebre pergunta de S\u00edlvio Santos nunca fez tanto sentido como agora para a Prefeitura de Guaruj\u00e1. \u00c9 porque a Administra\u00e7\u00e3o\",\"inLanguage\":\"pt-BR\",\"potentialAction\":[{\"@type\":\"ReadAction\",\"target\":[\"https:\\\/\\\/redenoticiaz.com.br\\\/litoralsp\\\/2021\\\/03\\\/02\\\/quem-quer-dinheiro-silvio-santos-recebe-cobranca-de-guaruja\"]}]},{\"@type\":\"ImageObject\",\"inLanguage\":\"pt-BR\",\"@id\":\"https:\\\/\\\/redenoticiaz.com.br\\\/litoralsp\\\/2021\\\/03\\\/02\\\/quem-quer-dinheiro-silvio-santos-recebe-cobranca-de-guaruja#primaryimage\",\"url\":\"https:\\\/\\\/redenoticiaz.com.br\\\/litoralsp\\\/wp-content\\\/uploads\\\/sites\\\/3\\\/2021\\\/03\\\/silviosantos.jpg\",\"contentUrl\":\"https:\\\/\\\/redenoticiaz.com.br\\\/litoralsp\\\/wp-content\\\/uploads\\\/sites\\\/3\\\/2021\\\/03\\\/silviosantos.jpg\",\"width\":1024,\"height\":620,\"caption\":\"Cr\u00e9ditos: Divulga\u00e7\u00e3o.\"},{\"@type\":\"WebSite\",\"@id\":\"https:\\\/\\\/redenoticiaz.com.br\\\/litoralsp\\\/#website\",\"url\":\"https:\\\/\\\/redenoticiaz.com.br\\\/litoralsp\\\/\",\"name\":\"Litoral SP\",\"description\":\"Rede NoticiaZ\",\"publisher\":{\"@id\":\"https:\\\/\\\/redenoticiaz.com.br\\\/litoralsp\\\/#organization\"},\"potentialAction\":[{\"@type\":\"SearchAction\",\"target\":{\"@type\":\"EntryPoint\",\"urlTemplate\":\"https:\\\/\\\/redenoticiaz.com.br\\\/litoralsp\\\/?s={search_term_string}\"},\"query-input\":{\"@type\":\"PropertyValueSpecification\",\"valueRequired\":true,\"valueName\":\"search_term_string\"}}],\"inLanguage\":\"pt-BR\"},{\"@type\":\"Organization\",\"@id\":\"https:\\\/\\\/redenoticiaz.com.br\\\/litoralsp\\\/#organization\",\"name\":\"Litoral SP\",\"url\":\"https:\\\/\\\/redenoticiaz.com.br\\\/litoralsp\\\/\",\"logo\":{\"@type\":\"ImageObject\",\"inLanguage\":\"pt-BR\",\"@id\":\"https:\\\/\\\/redenoticiaz.com.br\\\/litoralsp\\\/#\\\/schema\\\/logo\\\/image\\\/\",\"url\":\"https:\\\/\\\/redenoticiaz.com.br\\\/litoralsp\\\/wp-content\\\/uploads\\\/sites\\\/3\\\/2020\\\/11\\\/logo.jpg\",\"contentUrl\":\"https:\\\/\\\/redenoticiaz.com.br\\\/litoralsp\\\/wp-content\\\/uploads\\\/sites\\\/3\\\/2020\\\/11\\\/logo.jpg\",\"width\":400,\"height\":250,\"caption\":\"Litoral SP\"},\"image\":{\"@id\":\"https:\\\/\\\/redenoticiaz.com.br\\\/litoralsp\\\/#\\\/schema\\\/logo\\\/image\\\/\"}},{\"@type\":\"Person\",\"@id\":\"https:\\\/\\\/redenoticiaz.com.br\\\/litoralsp\\\/#\\\/schema\\\/person\\\/0f0b8a5bdafefe82841e07ae8d81ecb3\",\"name\":\"Leonardo Francisco\",\"image\":{\"@type\":\"ImageObject\",\"inLanguage\":\"pt-BR\",\"@id\":\"https:\\\/\\\/secure.gravatar.com\\\/avatar\\\/a7358cb406a99b682ec6df1e77e31ae82e63601f6784e8a3df411d72b37864da?s=96&d=mm&r=g\",\"url\":\"https:\\\/\\\/secure.gravatar.com\\\/avatar\\\/a7358cb406a99b682ec6df1e77e31ae82e63601f6784e8a3df411d72b37864da?s=96&d=mm&r=g\",\"contentUrl\":\"https:\\\/\\\/secure.gravatar.com\\\/avatar\\\/a7358cb406a99b682ec6df1e77e31ae82e63601f6784e8a3df411d72b37864da?s=96&d=mm&r=g\",\"caption\":\"Leonardo Francisco\"},\"url\":\"https:\\\/\\\/redenoticiaz.com.br\\\/litoralsp\\\/author\\\/leonardo-francisco\"}]}<\/script>\n<!-- \/ Yoast SEO plugin. -->","yoast_head_json":{"title":"Quem quer dinheiro? S\u00edlvio Santos recebe cobran\u00e7a de Guaruj\u00e1 - Litoral SP","description":"'Quem quer dinheiro?' A c\u00e9lebre pergunta de S\u00edlvio Santos nunca fez tanto sentido como agora para a Prefeitura de Guaruj\u00e1. \u00c9 porque a Administra\u00e7\u00e3o","robots":{"index":"index","follow":"follow","max-snippet":"max-snippet:-1","max-image-preview":"max-image-preview:large","max-video-preview":"max-video-preview:-1"},"canonical":"https:\/\/redenoticiaz.com.br\/litoralsp\/2021\/03\/02\/quem-quer-dinheiro-silvio-santos-recebe-cobranca-de-guaruja","og_locale":"pt_BR","og_type":"article","og_title":"Quem quer dinheiro? S\u00edlvio Santos recebe cobran\u00e7a de Guaruj\u00e1 - Litoral SP","og_description":"'Quem quer dinheiro?' A c\u00e9lebre pergunta de S\u00edlvio Santos nunca fez tanto sentido como agora para a Prefeitura de Guaruj\u00e1. \u00c9 porque a Administra\u00e7\u00e3o","og_url":"https:\/\/redenoticiaz.com.br\/litoralsp\/2021\/03\/02\/quem-quer-dinheiro-silvio-santos-recebe-cobranca-de-guaruja","og_site_name":"Litoral SP","article_published_time":"2021-03-02T16:48:19+00:00","article_modified_time":"2021-03-02T16:49:14+00:00","og_image":[{"width":1024,"height":620,"url":"https:\/\/redenoticiaz.com.br\/litoralsp\/wp-content\/uploads\/sites\/3\/2021\/03\/silviosantos.jpg","type":"image\/jpeg"}],"author":"Leonardo Francisco","twitter_card":"summary_large_image","twitter_misc":{"Escrito por":"Leonardo Francisco","Est. tempo de leitura":"1 minuto"},"schema":{"@context":"https:\/\/schema.org","@graph":[{"@type":"Article","@id":"https:\/\/redenoticiaz.com.br\/litoralsp\/2021\/03\/02\/quem-quer-dinheiro-silvio-santos-recebe-cobranca-de-guaruja#article","isPartOf":{"@id":"https:\/\/redenoticiaz.com.br\/litoralsp\/2021\/03\/02\/quem-quer-dinheiro-silvio-santos-recebe-cobranca-de-guaruja"},"author":{"name":"Leonardo Francisco","@id":"https:\/\/redenoticiaz.com.br\/litoralsp\/#\/schema\/person\/0f0b8a5bdafefe82841e07ae8d81ecb3"},"headline":"Quem quer dinheiro? S\u00edlvio Santos recebe cobran\u00e7a de Guaruj\u00e1","datePublished":"2021-03-02T16:48:19+00:00","dateModified":"2021-03-02T16:49:14+00:00","mainEntityOfPage":{"@id":"https:\/\/redenoticiaz.com.br\/litoralsp\/2021\/03\/02\/quem-quer-dinheiro-silvio-santos-recebe-cobranca-de-guaruja"},"wordCount":228,"commentCount":0,"publisher":{"@id":"https:\/\/redenoticiaz.com.br\/litoralsp\/#organization"},"image":{"@id":"https:\/\/redenoticiaz.com.br\/litoralsp\/2021\/03\/02\/quem-quer-dinheiro-silvio-santos-recebe-cobranca-de-guaruja#primaryimage"},"thumbnailUrl":"https:\/\/redenoticiaz.com.br\/litoralsp\/wp-content\/uploads\/sites\/3\/2021\/03\/silviosantos.jpg","keywords":["D\u00cdVIDA","GUARUJ\u00c1","HOTEL DE LUXO","IPTU","PRAIA DE PERNAMBUCO","S\u00cdLVIO SANTOS","SOFITEL JEQUITIMAR"],"articleSection":["Guaruj\u00e1","Justi\u00e7a"],"inLanguage":"pt-BR","potentialAction":[{"@type":"CommentAction","name":"Comment","target":["https:\/\/redenoticiaz.com.br\/litoralsp\/2021\/03\/02\/quem-quer-dinheiro-silvio-santos-recebe-cobranca-de-guaruja#respond"]}]},{"@type":"WebPage","@id":"https:\/\/redenoticiaz.com.br\/litoralsp\/2021\/03\/02\/quem-quer-dinheiro-silvio-santos-recebe-cobranca-de-guaruja","url":"https:\/\/redenoticiaz.com.br\/litoralsp\/2021\/03\/02\/quem-quer-dinheiro-silvio-santos-recebe-cobranca-de-guaruja","name":"Quem quer dinheiro? S\u00edlvio Santos recebe cobran\u00e7a de Guaruj\u00e1 - Litoral SP","isPartOf":{"@id":"https:\/\/redenoticiaz.com.br\/litoralsp\/#website"},"primaryImageOfPage":{"@id":"https:\/\/redenoticiaz.com.br\/litoralsp\/2021\/03\/02\/quem-quer-dinheiro-silvio-santos-recebe-cobranca-de-guaruja#primaryimage"},"image":{"@id":"https:\/\/redenoticiaz.com.br\/litoralsp\/2021\/03\/02\/quem-quer-dinheiro-silvio-santos-recebe-cobranca-de-guaruja#primaryimage"},"thumbnailUrl":"https:\/\/redenoticiaz.com.br\/litoralsp\/wp-content\/uploads\/sites\/3\/2021\/03\/silviosantos.jpg","datePublished":"2021-03-02T16:48:19+00:00","dateModified":"2021-03-02T16:49:14+00:00","description":"'Quem quer dinheiro?' A c\u00e9lebre pergunta de S\u00edlvio Santos nunca fez tanto sentido como agora para a Prefeitura de Guaruj\u00e1. \u00c9 porque a Administra\u00e7\u00e3o","inLanguage":"pt-BR","potentialAction":[{"@type":"ReadAction","target":["https:\/\/redenoticiaz.com.br\/litoralsp\/2021\/03\/02\/quem-quer-dinheiro-silvio-santos-recebe-cobranca-de-guaruja"]}]},{"@type":"ImageObject","inLanguage":"pt-BR","@id":"https:\/\/redenoticiaz.com.br\/litoralsp\/2021\/03\/02\/quem-quer-dinheiro-silvio-santos-recebe-cobranca-de-guaruja#primaryimage","url":"https:\/\/redenoticiaz.com.br\/litoralsp\/wp-content\/uploads\/sites\/3\/2021\/03\/silviosantos.jpg","contentUrl":"https:\/\/redenoticiaz.com.br\/litoralsp\/wp-content\/uploads\/sites\/3\/2021\/03\/silviosantos.jpg","width":1024,"height":620,"caption":"Cr\u00e9ditos: Divulga\u00e7\u00e3o."},{"@type":"WebSite","@id":"https:\/\/redenoticiaz.com.br\/litoralsp\/#website","url":"https:\/\/redenoticiaz.com.br\/litoralsp\/","name":"Litoral SP","description":"Rede NoticiaZ","publisher":{"@id":"https:\/\/redenoticiaz.com.br\/litoralsp\/#organization"},"potentialAction":[{"@type":"SearchAction","target":{"@type":"EntryPoint","urlTemplate":"https:\/\/redenoticiaz.com.br\/litoralsp\/?s={search_term_string}"},"query-input":{"@type":"PropertyValueSpecification","valueRequired":true,"valueName":"search_term_string"}}],"inLanguage":"pt-BR"},{"@type":"Organization","@id":"https:\/\/redenoticiaz.com.br\/litoralsp\/#organization","name":"Litoral SP","url":"https:\/\/redenoticiaz.com.br\/litoralsp\/","logo":{"@type":"ImageObject","inLanguage":"pt-BR","@id":"https:\/\/redenoticiaz.com.br\/litoralsp\/#\/schema\/logo\/image\/","url":"https:\/\/redenoticiaz.com.br\/litoralsp\/wp-content\/uploads\/sites\/3\/2020\/11\/logo.jpg","contentUrl":"https:\/\/redenoticiaz.com.br\/litoralsp\/wp-content\/uploads\/sites\/3\/2020\/11\/logo.jpg","width":400,"height":250,"caption":"Litoral SP"},"image":{"@id":"https:\/\/redenoticiaz.com.br\/litoralsp\/#\/schema\/logo\/image\/"}},{"@type":"Person","@id":"https:\/\/redenoticiaz.com.br\/litoralsp\/#\/schema\/person\/0f0b8a5bdafefe82841e07ae8d81ecb3","name":"Leonardo Francisco","image":{"@type":"ImageObject","inLanguage":"pt-BR","@id":"https:\/\/secure.gravatar.com\/avatar\/a7358cb406a99b682ec6df1e77e31ae82e63601f6784e8a3df411d72b37864da?s=96&d=mm&r=g","url":"https:\/\/secure.gravatar.com\/avatar\/a7358cb406a99b682ec6df1e77e31ae82e63601f6784e8a3df411d72b37864da?s=96&d=mm&r=g","contentUrl":"https:\/\/secure.gravatar.com\/avatar\/a7358cb406a99b682ec6df1e77e31ae82e63601f6784e8a3df411d72b37864da?s=96&d=mm&r=g","caption":"Leonardo Francisco"},"url":"https:\/\/redenoticiaz.com.br\/litoralsp\/author\/leonardo-francisco"}]}},"_links":{"self":[{"href":"https:\/\/redenoticiaz.com.br\/litoralsp\/wp-json\/wp\/v2\/posts\/4999","targetHints":{"allow":["GET"]}}],"collection":[{"href":"https:\/\/redenoticiaz.com.br\/litoralsp\/wp-json\/wp\/v2\/posts"}],"about":[{"href":"https:\/\/redenoticiaz.com.br\/litoralsp\/wp-json\/wp\/v2\/types\/post"}],"author":[{"embeddable":true,"href":"https:\/\/redenoticiaz.com.br\/litoralsp\/wp-json\/wp\/v2\/users\/6"}],"replies":[{"embeddable":true,"href":"https:\/\/redenoticiaz.com.br\/litoralsp\/wp-json\/wp\/v2\/comments?post=4999"}],"version-history":[{"count":1,"href":"https:\/\/redenoticiaz.com.br\/litoralsp\/wp-json\/wp\/v2\/posts\/4999\/revisions"}],"predecessor-version":[{"id":5002,"href":"https:\/\/redenoticiaz.com.br\/litoralsp\/wp-json\/wp\/v2\/posts\/4999\/revisions\/5002"}],"wp:featuredmedia":[{"embeddable":true,"href":"https:\/\/redenoticiaz.com.br\/litoralsp\/wp-json\/wp\/v2\/media\/5000"}],"wp:attachment":[{"href":"https:\/\/redenoticiaz.com.br\/litoralsp\/wp-json\/wp\/v2\/media?parent=4999"}],"wp:term":[{"taxonomy":"category","embeddable":true,"href":"https:\/\/redenoticiaz.com.br\/litoralsp\/wp-json\/wp\/v2\/categories?post=4999"},{"taxonomy":"post_tag","embeddable":true,"href":"https:\/\/redenoticiaz.com.br\/litoralsp\/wp-json\/wp\/v2\/tags?post=4999"}],"curies":[{"name":"wp","href":"https:\/\/api.w.org\/{rel}","templated":true}]}}