{"id":5011,"date":"2021-03-02T15:45:36","date_gmt":"2021-03-02T18:45:36","guid":{"rendered":"https:\/\/redenoticiaz.com.br\/litoralsp\/?p=5011"},"modified":"2021-03-02T15:45:55","modified_gmt":"2021-03-02T18:45:55","slug":"palacio-da-policia-tem-interdicao-suspensa","status":"publish","type":"post","link":"https:\/\/redenoticiaz.com.br\/litoralsp\/2021\/03\/02\/palacio-da-policia-tem-interdicao-suspensa","title":{"rendered":"Pal\u00e1cio da Pol\u00edcia tem interdi\u00e7\u00e3o suspensa"},"content":{"rendered":"<p>A novela do <strong>Pal\u00e1cio da Pol\u00edcia<\/strong>, no Centro de <a href=\"https:\/\/www.santos.sp.gov.br\/\">Santos<\/a> continua. Ap\u00f3s a Justi\u00e7a determinar o fechamento do local para que as obras ocorressem, uma liminar suspendeu a interdi\u00e7\u00e3o do pr\u00e9dio, onde \u00e9 a sede da Pol\u00edcia Civil da Baixada Santista.<\/p>\n<p>Segundo informa\u00e7\u00f5es, a suspens\u00e3o da interdi\u00e7\u00e3o ocorreu no final de semana e segundo a Pol\u00edcia Civil, &#8220;o processo de reforma da unidade segue em licita\u00e7\u00e3o, em acordo com os procedimentos legais e etapas do processo de contrata\u00e7\u00e3o da obra. Ser\u00e3o destinados cerca de R$ 8 milh\u00f5es \u00e0 reforma que visa a melhorar as condi\u00e7\u00f5es de trabalho dos policiais e o atendimento \u00e0 popula\u00e7\u00e3o&#8221;.<\/p>\n<h3>A situa\u00e7\u00e3o do pr\u00e9dio<\/h3>\n<p>O pr\u00e9dio deveria ser desocupado na \u00faltima sexta-feira (26) para que as obras pudessem ser feitas. Mas nada foi feito. Al\u00e9m disso, os policiais e outros funcion\u00e1rios seguiram trabalhando, mesmo com risco de queda da estrutura.<\/p>\n<p>Renato Martins, que \u00e9 o presidente do Sindicato dos Policiais Civis de S\u00e3o Paulo, explicou que h\u00e1 pelo menos seis anos que o Sindicatos do Funcion\u00e1rios da Policia Civil de Santos e Regi\u00e3o (Simpolsan) pede que o Estado adote \u00e0s providencias cab\u00edveis para afastar os riscos que a falta de seguran\u00e7a.<\/p>\n<p>\u201cA interdi\u00e7\u00e3o foi medida extrema, o desembargador do tribunal concedeu-a por conta da in\u00e9rcia e da omiss\u00e3o do Estado. O Estado ingressou com o agrave que foi recebido, como efeito suspensivo \u00e0 interdi\u00e7\u00e3o para poder apreciar o que foi implantado. Mas \u00e9 justamente a falta de compromisso daquilo que foi acordado em juizado que veio a decis\u00e3o extrema de interdi\u00e7\u00e3o\u201d, conta Martins.<\/p>\n<p>Segundo o presidente do sindicato, o Estado apresenta o denominado dano reverso, do qual as obras, a mudan\u00e7a de local e os preju\u00edzos, ser\u00e3o muitos piores do que a manuten\u00e7\u00e3o do pr\u00e9dio. \u201cA \u00fanica preocupa\u00e7\u00e3o do governador Jo\u00e3o Doria \u00e9 o negacionismo\u00a0\u00e0 ci\u00eancia exata representada pela engenharia. Um governo que quis ser descomprometido com a ci\u00eancia diante a crise causada pela pandemia, \u00e9 negacionista com o \u00f3bvio, inclusive comprovado por dois laudos que instruir\u00e3o o processo de obriga\u00e7\u00e3o de reparo aos danos do Pal\u00e1cio.<\/p>\n<h3>Riscos<\/h3>\n<p>H\u00e1 um laudo feito por um perito que mostra diversas imagens graves de risco de seguran\u00e7a e falta de manuten\u00e7\u00e3o ao pr\u00e9dio. Os laudos comprovam aquilo que est\u00e1 claro diante os olhos, mas existem os riscos que n\u00e3o est\u00e3o vis\u00edveis, que \u00e9 a situa\u00e7\u00e3o do sistema el\u00e9trico.<\/p>\n<p>\u201cExiste um risco iminente de inc\u00eandio no pr\u00e9dio. O pr\u00e9dio n\u00e3o tem laudo de Auto de Vistoria do Corpo de Bombeiros (AVCB), e verifica-se que qualquer empres\u00e1rio sem esse laudo tem suas interrup\u00e7\u00f5es de atividade, quando h\u00e1 algum problema. Aqui o pal\u00e1cio convive com total inseguran\u00e7a, e isso ficou comprovado no laudo que instruiu no processo e culminou na interdi\u00e7\u00e3o, n\u00e3o por desejo do judici\u00e1rio e sindicato, mas por conta da in\u00e9rcia do Estado e efetivamente efetuar os reparos e fazer as reformas que s\u00e3o imprescind\u00edveis\u201d.<\/p>\n<p><strong>Leia tamb\u00e9m<\/strong><\/p>\n<p><a href=\"https:\/\/redenoticiaz.com.br\/litoralsp\/2021\/02\/06\/palacio-da-policia-civil-de-santos-sera-reformado\">Pal\u00e1cio da Pol\u00edcia Civil de Santos ser\u00e1 reformado<\/a><\/p>\n","protected":false},"excerpt":{"rendered":"<p>A novela do Pal\u00e1cio da Pol\u00edcia, no Centro de Santos continua. Ap\u00f3s a Justi\u00e7a determinar o fechamento do local para que as obras ocorressem, uma liminar suspendeu a interdi\u00e7\u00e3o do pr\u00e9dio, onde \u00e9 a sede da Pol\u00edcia Civil da Baixada Santista. Segundo informa\u00e7\u00f5es, a suspens\u00e3o da interdi\u00e7\u00e3o ocorreu no final de semana e segundo a &hellip;<\/p>\n","protected":false},"author":6,"featured_media":3735,"comment_status":"open","ping_status":"closed","sticky":false,"template":"","format":"standard","meta":{"footnotes":""},"categories":[22,1579,10,180],"tags":[4850,5779,3922,10957,10682,986],"class_list":["post-5011","post","type-post","status-publish","format-standard","has-post-thumbnail","hentry","category-justica","category-obras","category-policia","category-santos","tag-centro","tag-interdicao","tag-justica","tag-palacio-da-policia","tag-reforma","tag-santos"],"yoast_head":"<!-- This site is optimized with the Yoast SEO plugin v27.4 - https:\/\/yoast.com\/product\/yoast-seo-wordpress\/ -->\n<title>Pal\u00e1cio da Pol\u00edcia tem interdi\u00e7\u00e3o suspensa - Litoral SP<\/title>\n<meta name=\"description\" content=\"A novela do Pal\u00e1cio da Pol\u00edcia, no Centro de Santos continua. Ap\u00f3s a Justi\u00e7a determinar o fechamento do local para que as obras ocorressem, uma liminar\" \/>\n<meta name=\"robots\" content=\"index, follow, max-snippet:-1, max-image-preview:large, max-video-preview:-1\" \/>\n<link rel=\"canonical\" href=\"https:\/\/redenoticiaz.com.br\/litoralsp\/2021\/03\/02\/palacio-da-policia-tem-interdicao-suspensa\" \/>\n<meta property=\"og:locale\" content=\"pt_BR\" \/>\n<meta property=\"og:type\" content=\"article\" \/>\n<meta property=\"og:title\" content=\"Pal\u00e1cio da Pol\u00edcia tem interdi\u00e7\u00e3o suspensa - Litoral SP\" \/>\n<meta property=\"og:description\" content=\"A novela do Pal\u00e1cio da Pol\u00edcia, no Centro de Santos continua. Ap\u00f3s a Justi\u00e7a determinar o fechamento do local para que as obras ocorressem, uma liminar\" \/>\n<meta property=\"og:url\" content=\"https:\/\/redenoticiaz.com.br\/litoralsp\/2021\/03\/02\/palacio-da-policia-tem-interdicao-suspensa\" \/>\n<meta property=\"og:site_name\" content=\"Litoral SP\" \/>\n<meta property=\"article:published_time\" content=\"2021-03-02T18:45:36+00:00\" \/>\n<meta property=\"article:modified_time\" content=\"2021-03-02T18:45:55+00:00\" \/>\n<meta property=\"og:image\" content=\"https:\/\/redenoticiaz.com.br\/litoralsp\/wp-content\/uploads\/sites\/3\/2021\/02\/palacio-da-policia.jpeg\" \/>\n\t<meta property=\"og:image:width\" content=\"984\" \/>\n\t<meta property=\"og:image:height\" content=\"738\" \/>\n\t<meta property=\"og:image:type\" content=\"image\/jpeg\" \/>\n<meta name=\"author\" content=\"Leonardo Francisco\" \/>\n<meta name=\"twitter:card\" content=\"summary_large_image\" \/>\n<meta name=\"twitter:label1\" content=\"Escrito por\" \/>\n\t<meta name=\"twitter:data1\" content=\"Leonardo Francisco\" \/>\n\t<meta name=\"twitter:label2\" content=\"Est. tempo de leitura\" \/>\n\t<meta name=\"twitter:data2\" content=\"3 minutos\" \/>\n<script type=\"application\/ld+json\" class=\"yoast-schema-graph\">{\"@context\":\"https:\\\/\\\/schema.org\",\"@graph\":[{\"@type\":\"Article\",\"@id\":\"https:\\\/\\\/redenoticiaz.com.br\\\/litoralsp\\\/2021\\\/03\\\/02\\\/palacio-da-policia-tem-interdicao-suspensa#article\",\"isPartOf\":{\"@id\":\"https:\\\/\\\/redenoticiaz.com.br\\\/litoralsp\\\/2021\\\/03\\\/02\\\/palacio-da-policia-tem-interdicao-suspensa\"},\"author\":{\"name\":\"Leonardo Francisco\",\"@id\":\"https:\\\/\\\/redenoticiaz.com.br\\\/litoralsp\\\/#\\\/schema\\\/person\\\/0f0b8a5bdafefe82841e07ae8d81ecb3\"},\"headline\":\"Pal\u00e1cio da Pol\u00edcia tem interdi\u00e7\u00e3o suspensa\",\"datePublished\":\"2021-03-02T18:45:36+00:00\",\"dateModified\":\"2021-03-02T18:45:55+00:00\",\"mainEntityOfPage\":{\"@id\":\"https:\\\/\\\/redenoticiaz.com.br\\\/litoralsp\\\/2021\\\/03\\\/02\\\/palacio-da-policia-tem-interdicao-suspensa\"},\"wordCount\":553,\"commentCount\":0,\"publisher\":{\"@id\":\"https:\\\/\\\/redenoticiaz.com.br\\\/litoralsp\\\/#organization\"},\"image\":{\"@id\":\"https:\\\/\\\/redenoticiaz.com.br\\\/litoralsp\\\/2021\\\/03\\\/02\\\/palacio-da-policia-tem-interdicao-suspensa#primaryimage\"},\"thumbnailUrl\":\"https:\\\/\\\/redenoticiaz.com.br\\\/litoralsp\\\/wp-content\\\/uploads\\\/sites\\\/3\\\/2021\\\/02\\\/palacio-da-policia.jpeg\",\"keywords\":[\"CENTRO\",\"INTERDI\u00c7\u00c3O\",\"justi\u00e7a\",\"PAL\u00c1CIO DA POL\u00cdCIA\",\"reforma\",\"Santos\"],\"articleSection\":[\"Justi\u00e7a\",\"Obras\",\"Pol\u00edcia\",\"Santos\"],\"inLanguage\":\"pt-BR\",\"potentialAction\":[{\"@type\":\"CommentAction\",\"name\":\"Comment\",\"target\":[\"https:\\\/\\\/redenoticiaz.com.br\\\/litoralsp\\\/2021\\\/03\\\/02\\\/palacio-da-policia-tem-interdicao-suspensa#respond\"]}]},{\"@type\":\"WebPage\",\"@id\":\"https:\\\/\\\/redenoticiaz.com.br\\\/litoralsp\\\/2021\\\/03\\\/02\\\/palacio-da-policia-tem-interdicao-suspensa\",\"url\":\"https:\\\/\\\/redenoticiaz.com.br\\\/litoralsp\\\/2021\\\/03\\\/02\\\/palacio-da-policia-tem-interdicao-suspensa\",\"name\":\"Pal\u00e1cio da Pol\u00edcia tem interdi\u00e7\u00e3o suspensa - Litoral SP\",\"isPartOf\":{\"@id\":\"https:\\\/\\\/redenoticiaz.com.br\\\/litoralsp\\\/#website\"},\"primaryImageOfPage\":{\"@id\":\"https:\\\/\\\/redenoticiaz.com.br\\\/litoralsp\\\/2021\\\/03\\\/02\\\/palacio-da-policia-tem-interdicao-suspensa#primaryimage\"},\"image\":{\"@id\":\"https:\\\/\\\/redenoticiaz.com.br\\\/litoralsp\\\/2021\\\/03\\\/02\\\/palacio-da-policia-tem-interdicao-suspensa#primaryimage\"},\"thumbnailUrl\":\"https:\\\/\\\/redenoticiaz.com.br\\\/litoralsp\\\/wp-content\\\/uploads\\\/sites\\\/3\\\/2021\\\/02\\\/palacio-da-policia.jpeg\",\"datePublished\":\"2021-03-02T18:45:36+00:00\",\"dateModified\":\"2021-03-02T18:45:55+00:00\",\"description\":\"A novela do Pal\u00e1cio da Pol\u00edcia, no Centro de Santos continua. Ap\u00f3s a Justi\u00e7a determinar o fechamento do local para que as obras ocorressem, uma liminar\",\"inLanguage\":\"pt-BR\",\"potentialAction\":[{\"@type\":\"ReadAction\",\"target\":[\"https:\\\/\\\/redenoticiaz.com.br\\\/litoralsp\\\/2021\\\/03\\\/02\\\/palacio-da-policia-tem-interdicao-suspensa\"]}]},{\"@type\":\"ImageObject\",\"inLanguage\":\"pt-BR\",\"@id\":\"https:\\\/\\\/redenoticiaz.com.br\\\/litoralsp\\\/2021\\\/03\\\/02\\\/palacio-da-policia-tem-interdicao-suspensa#primaryimage\",\"url\":\"https:\\\/\\\/redenoticiaz.com.br\\\/litoralsp\\\/wp-content\\\/uploads\\\/sites\\\/3\\\/2021\\\/02\\\/palacio-da-policia.jpeg\",\"contentUrl\":\"https:\\\/\\\/redenoticiaz.com.br\\\/litoralsp\\\/wp-content\\\/uploads\\\/sites\\\/3\\\/2021\\\/02\\\/palacio-da-policia.jpeg\",\"width\":984,\"height\":738,\"caption\":\"Pal\u00e1cio da Pol\u00edcia tem interdi\u00e7\u00e3o suspensa\"},{\"@type\":\"WebSite\",\"@id\":\"https:\\\/\\\/redenoticiaz.com.br\\\/litoralsp\\\/#website\",\"url\":\"https:\\\/\\\/redenoticiaz.com.br\\\/litoralsp\\\/\",\"name\":\"Litoral SP\",\"description\":\"Rede NoticiaZ\",\"publisher\":{\"@id\":\"https:\\\/\\\/redenoticiaz.com.br\\\/litoralsp\\\/#organization\"},\"potentialAction\":[{\"@type\":\"SearchAction\",\"target\":{\"@type\":\"EntryPoint\",\"urlTemplate\":\"https:\\\/\\\/redenoticiaz.com.br\\\/litoralsp\\\/?s={search_term_string}\"},\"query-input\":{\"@type\":\"PropertyValueSpecification\",\"valueRequired\":true,\"valueName\":\"search_term_string\"}}],\"inLanguage\":\"pt-BR\"},{\"@type\":\"Organization\",\"@id\":\"https:\\\/\\\/redenoticiaz.com.br\\\/litoralsp\\\/#organization\",\"name\":\"Litoral SP\",\"url\":\"https:\\\/\\\/redenoticiaz.com.br\\\/litoralsp\\\/\",\"logo\":{\"@type\":\"ImageObject\",\"inLanguage\":\"pt-BR\",\"@id\":\"https:\\\/\\\/redenoticiaz.com.br\\\/litoralsp\\\/#\\\/schema\\\/logo\\\/image\\\/\",\"url\":\"https:\\\/\\\/redenoticiaz.com.br\\\/litoralsp\\\/wp-content\\\/uploads\\\/sites\\\/3\\\/2020\\\/11\\\/logo.jpg\",\"contentUrl\":\"https:\\\/\\\/redenoticiaz.com.br\\\/litoralsp\\\/wp-content\\\/uploads\\\/sites\\\/3\\\/2020\\\/11\\\/logo.jpg\",\"width\":400,\"height\":250,\"caption\":\"Litoral SP\"},\"image\":{\"@id\":\"https:\\\/\\\/redenoticiaz.com.br\\\/litoralsp\\\/#\\\/schema\\\/logo\\\/image\\\/\"}},{\"@type\":\"Person\",\"@id\":\"https:\\\/\\\/redenoticiaz.com.br\\\/litoralsp\\\/#\\\/schema\\\/person\\\/0f0b8a5bdafefe82841e07ae8d81ecb3\",\"name\":\"Leonardo Francisco\",\"image\":{\"@type\":\"ImageObject\",\"inLanguage\":\"pt-BR\",\"@id\":\"https:\\\/\\\/secure.gravatar.com\\\/avatar\\\/a7358cb406a99b682ec6df1e77e31ae82e63601f6784e8a3df411d72b37864da?s=96&d=mm&r=g\",\"url\":\"https:\\\/\\\/secure.gravatar.com\\\/avatar\\\/a7358cb406a99b682ec6df1e77e31ae82e63601f6784e8a3df411d72b37864da?s=96&d=mm&r=g\",\"contentUrl\":\"https:\\\/\\\/secure.gravatar.com\\\/avatar\\\/a7358cb406a99b682ec6df1e77e31ae82e63601f6784e8a3df411d72b37864da?s=96&d=mm&r=g\",\"caption\":\"Leonardo Francisco\"},\"url\":\"https:\\\/\\\/redenoticiaz.com.br\\\/litoralsp\\\/author\\\/leonardo-francisco\"}]}<\/script>\n<!-- \/ Yoast SEO plugin. -->","yoast_head_json":{"title":"Pal\u00e1cio da Pol\u00edcia tem interdi\u00e7\u00e3o suspensa - Litoral SP","description":"A novela do Pal\u00e1cio da Pol\u00edcia, no Centro de Santos continua. Ap\u00f3s a Justi\u00e7a determinar o fechamento do local para que as obras ocorressem, uma liminar","robots":{"index":"index","follow":"follow","max-snippet":"max-snippet:-1","max-image-preview":"max-image-preview:large","max-video-preview":"max-video-preview:-1"},"canonical":"https:\/\/redenoticiaz.com.br\/litoralsp\/2021\/03\/02\/palacio-da-policia-tem-interdicao-suspensa","og_locale":"pt_BR","og_type":"article","og_title":"Pal\u00e1cio da Pol\u00edcia tem interdi\u00e7\u00e3o suspensa - Litoral SP","og_description":"A novela do Pal\u00e1cio da Pol\u00edcia, no Centro de Santos continua. Ap\u00f3s a Justi\u00e7a determinar o fechamento do local para que as obras ocorressem, uma liminar","og_url":"https:\/\/redenoticiaz.com.br\/litoralsp\/2021\/03\/02\/palacio-da-policia-tem-interdicao-suspensa","og_site_name":"Litoral SP","article_published_time":"2021-03-02T18:45:36+00:00","article_modified_time":"2021-03-02T18:45:55+00:00","og_image":[{"width":984,"height":738,"url":"https:\/\/redenoticiaz.com.br\/litoralsp\/wp-content\/uploads\/sites\/3\/2021\/02\/palacio-da-policia.jpeg","type":"image\/jpeg"}],"author":"Leonardo Francisco","twitter_card":"summary_large_image","twitter_misc":{"Escrito por":"Leonardo Francisco","Est. tempo de leitura":"3 minutos"},"schema":{"@context":"https:\/\/schema.org","@graph":[{"@type":"Article","@id":"https:\/\/redenoticiaz.com.br\/litoralsp\/2021\/03\/02\/palacio-da-policia-tem-interdicao-suspensa#article","isPartOf":{"@id":"https:\/\/redenoticiaz.com.br\/litoralsp\/2021\/03\/02\/palacio-da-policia-tem-interdicao-suspensa"},"author":{"name":"Leonardo Francisco","@id":"https:\/\/redenoticiaz.com.br\/litoralsp\/#\/schema\/person\/0f0b8a5bdafefe82841e07ae8d81ecb3"},"headline":"Pal\u00e1cio da Pol\u00edcia tem interdi\u00e7\u00e3o suspensa","datePublished":"2021-03-02T18:45:36+00:00","dateModified":"2021-03-02T18:45:55+00:00","mainEntityOfPage":{"@id":"https:\/\/redenoticiaz.com.br\/litoralsp\/2021\/03\/02\/palacio-da-policia-tem-interdicao-suspensa"},"wordCount":553,"commentCount":0,"publisher":{"@id":"https:\/\/redenoticiaz.com.br\/litoralsp\/#organization"},"image":{"@id":"https:\/\/redenoticiaz.com.br\/litoralsp\/2021\/03\/02\/palacio-da-policia-tem-interdicao-suspensa#primaryimage"},"thumbnailUrl":"https:\/\/redenoticiaz.com.br\/litoralsp\/wp-content\/uploads\/sites\/3\/2021\/02\/palacio-da-policia.jpeg","keywords":["CENTRO","INTERDI\u00c7\u00c3O","justi\u00e7a","PAL\u00c1CIO DA POL\u00cdCIA","reforma","Santos"],"articleSection":["Justi\u00e7a","Obras","Pol\u00edcia","Santos"],"inLanguage":"pt-BR","potentialAction":[{"@type":"CommentAction","name":"Comment","target":["https:\/\/redenoticiaz.com.br\/litoralsp\/2021\/03\/02\/palacio-da-policia-tem-interdicao-suspensa#respond"]}]},{"@type":"WebPage","@id":"https:\/\/redenoticiaz.com.br\/litoralsp\/2021\/03\/02\/palacio-da-policia-tem-interdicao-suspensa","url":"https:\/\/redenoticiaz.com.br\/litoralsp\/2021\/03\/02\/palacio-da-policia-tem-interdicao-suspensa","name":"Pal\u00e1cio da Pol\u00edcia tem interdi\u00e7\u00e3o suspensa - Litoral SP","isPartOf":{"@id":"https:\/\/redenoticiaz.com.br\/litoralsp\/#website"},"primaryImageOfPage":{"@id":"https:\/\/redenoticiaz.com.br\/litoralsp\/2021\/03\/02\/palacio-da-policia-tem-interdicao-suspensa#primaryimage"},"image":{"@id":"https:\/\/redenoticiaz.com.br\/litoralsp\/2021\/03\/02\/palacio-da-policia-tem-interdicao-suspensa#primaryimage"},"thumbnailUrl":"https:\/\/redenoticiaz.com.br\/litoralsp\/wp-content\/uploads\/sites\/3\/2021\/02\/palacio-da-policia.jpeg","datePublished":"2021-03-02T18:45:36+00:00","dateModified":"2021-03-02T18:45:55+00:00","description":"A novela do Pal\u00e1cio da Pol\u00edcia, no Centro de Santos continua. Ap\u00f3s a Justi\u00e7a determinar o fechamento do local para que as obras ocorressem, uma liminar","inLanguage":"pt-BR","potentialAction":[{"@type":"ReadAction","target":["https:\/\/redenoticiaz.com.br\/litoralsp\/2021\/03\/02\/palacio-da-policia-tem-interdicao-suspensa"]}]},{"@type":"ImageObject","inLanguage":"pt-BR","@id":"https:\/\/redenoticiaz.com.br\/litoralsp\/2021\/03\/02\/palacio-da-policia-tem-interdicao-suspensa#primaryimage","url":"https:\/\/redenoticiaz.com.br\/litoralsp\/wp-content\/uploads\/sites\/3\/2021\/02\/palacio-da-policia.jpeg","contentUrl":"https:\/\/redenoticiaz.com.br\/litoralsp\/wp-content\/uploads\/sites\/3\/2021\/02\/palacio-da-policia.jpeg","width":984,"height":738,"caption":"Pal\u00e1cio da Pol\u00edcia tem interdi\u00e7\u00e3o suspensa"},{"@type":"WebSite","@id":"https:\/\/redenoticiaz.com.br\/litoralsp\/#website","url":"https:\/\/redenoticiaz.com.br\/litoralsp\/","name":"Litoral SP","description":"Rede NoticiaZ","publisher":{"@id":"https:\/\/redenoticiaz.com.br\/litoralsp\/#organization"},"potentialAction":[{"@type":"SearchAction","target":{"@type":"EntryPoint","urlTemplate":"https:\/\/redenoticiaz.com.br\/litoralsp\/?s={search_term_string}"},"query-input":{"@type":"PropertyValueSpecification","valueRequired":true,"valueName":"search_term_string"}}],"inLanguage":"pt-BR"},{"@type":"Organization","@id":"https:\/\/redenoticiaz.com.br\/litoralsp\/#organization","name":"Litoral SP","url":"https:\/\/redenoticiaz.com.br\/litoralsp\/","logo":{"@type":"ImageObject","inLanguage":"pt-BR","@id":"https:\/\/redenoticiaz.com.br\/litoralsp\/#\/schema\/logo\/image\/","url":"https:\/\/redenoticiaz.com.br\/litoralsp\/wp-content\/uploads\/sites\/3\/2020\/11\/logo.jpg","contentUrl":"https:\/\/redenoticiaz.com.br\/litoralsp\/wp-content\/uploads\/sites\/3\/2020\/11\/logo.jpg","width":400,"height":250,"caption":"Litoral SP"},"image":{"@id":"https:\/\/redenoticiaz.com.br\/litoralsp\/#\/schema\/logo\/image\/"}},{"@type":"Person","@id":"https:\/\/redenoticiaz.com.br\/litoralsp\/#\/schema\/person\/0f0b8a5bdafefe82841e07ae8d81ecb3","name":"Leonardo Francisco","image":{"@type":"ImageObject","inLanguage":"pt-BR","@id":"https:\/\/secure.gravatar.com\/avatar\/a7358cb406a99b682ec6df1e77e31ae82e63601f6784e8a3df411d72b37864da?s=96&d=mm&r=g","url":"https:\/\/secure.gravatar.com\/avatar\/a7358cb406a99b682ec6df1e77e31ae82e63601f6784e8a3df411d72b37864da?s=96&d=mm&r=g","contentUrl":"https:\/\/secure.gravatar.com\/avatar\/a7358cb406a99b682ec6df1e77e31ae82e63601f6784e8a3df411d72b37864da?s=96&d=mm&r=g","caption":"Leonardo Francisco"},"url":"https:\/\/redenoticiaz.com.br\/litoralsp\/author\/leonardo-francisco"}]}},"_links":{"self":[{"href":"https:\/\/redenoticiaz.com.br\/litoralsp\/wp-json\/wp\/v2\/posts\/5011","targetHints":{"allow":["GET"]}}],"collection":[{"href":"https:\/\/redenoticiaz.com.br\/litoralsp\/wp-json\/wp\/v2\/posts"}],"about":[{"href":"https:\/\/redenoticiaz.com.br\/litoralsp\/wp-json\/wp\/v2\/types\/post"}],"author":[{"embeddable":true,"href":"https:\/\/redenoticiaz.com.br\/litoralsp\/wp-json\/wp\/v2\/users\/6"}],"replies":[{"embeddable":true,"href":"https:\/\/redenoticiaz.com.br\/litoralsp\/wp-json\/wp\/v2\/comments?post=5011"}],"version-history":[{"count":1,"href":"https:\/\/redenoticiaz.com.br\/litoralsp\/wp-json\/wp\/v2\/posts\/5011\/revisions"}],"predecessor-version":[{"id":5012,"href":"https:\/\/redenoticiaz.com.br\/litoralsp\/wp-json\/wp\/v2\/posts\/5011\/revisions\/5012"}],"wp:featuredmedia":[{"embeddable":true,"href":"https:\/\/redenoticiaz.com.br\/litoralsp\/wp-json\/wp\/v2\/media\/3735"}],"wp:attachment":[{"href":"https:\/\/redenoticiaz.com.br\/litoralsp\/wp-json\/wp\/v2\/media?parent=5011"}],"wp:term":[{"taxonomy":"category","embeddable":true,"href":"https:\/\/redenoticiaz.com.br\/litoralsp\/wp-json\/wp\/v2\/categories?post=5011"},{"taxonomy":"post_tag","embeddable":true,"href":"https:\/\/redenoticiaz.com.br\/litoralsp\/wp-json\/wp\/v2\/tags?post=5011"}],"curies":[{"name":"wp","href":"https:\/\/api.w.org\/{rel}","templated":true}]}}