{"id":5152,"date":"2021-03-04T18:00:37","date_gmt":"2021-03-04T21:00:37","guid":{"rendered":"https:\/\/redenoticiaz.com.br\/litoralsp\/2021\/03\/04\/bolsonaro-na-pior-fase-da-pandemia-ele-diz-chega-de-mimimi-vao-chorar-ate-quando"},"modified":"2021-03-04T18:28:45","modified_gmt":"2021-03-04T21:28:45","slug":"bolsonaro-na-pior-fase-da-pandemia-ele-diz-chega-de-mimimi-vao-chorar-ate-quando","status":"publish","type":"post","link":"https:\/\/redenoticiaz.com.br\/litoralsp\/2021\/03\/04\/bolsonaro-na-pior-fase-da-pandemia-ele-diz-chega-de-mimimi-vao-chorar-ate-quando","title":{"rendered":"Bolsonaro &#8211; na pior fase da pandemia ele diz: &#8220;Chega de mimimi. V\u00e3o chorar at\u00e9 quando?&#8221;"},"content":{"rendered":"<p>O presidente <strong>Jair Bolsonaro<\/strong> (Sem partido) voltou a criticar nesta quinta-feira (4) as medidas de isolamento social no Brasil e mesmo na pior fase da pandemia do coronav\u00edrus, ele se isentou da culpa e disse que os problemas precisam ser enfrentados pela popula\u00e7\u00e3o. O chefe do Executivo Federal esteve em <a href=\"https:\/\/saosimao.go.gov.br\/\">S\u00e3o Sim\u00e3o<\/a>, em Goi\u00e1s para um evento.<\/p>\n<blockquote><p>&#8220;N\u00f3s temos que enfrentar os nossos problemas, chega de frescura e de mimimi. V\u00e3o ficar chorando at\u00e9 quando? Temos de enfrentar os problemas. Respeitar, obviamente, os mais idosos, aqueles que t\u00eam doen\u00e7as, comorbidades, mas onde vai parar o Brasil se n\u00f3s pararmos?&#8221;, questionou.<\/p><\/blockquote>\n<p>Na quarta-feira (3), Brasil registrou pelo segundo dia consecutivo de recorde de mortes por COVID-19 em 24 horas. Foram 1.840 \u00f3bitos confirmados. Mas o cen\u00e1rio em diversos estados o cen\u00e1rio da rede hospitalar \u00e9 de colapso.<\/p>\n<p>Vale lembrar que o Brasil est\u00e1 perto da triste marca de 260 mortos pela doen\u00e7a. Os \u00f3bitos superaram inclusive\u00a0 os Estados Unidos em n\u00famero de novas mortes decorrentes da doen\u00e7a por grupo 100 mil habitantes.<\/p>\n<p>Bolsonaro foi \u00e0 cidade goiana participar da inaugura\u00e7\u00e3o de um trecho de 172 quil\u00f4metros da ferrovia Norte-Sul, que ligar\u00e1 o munic\u00edpio a Estrela D&#8217;Oeste (SP), o que permitir\u00e1 o envio de cargas ao porto de Santos. Num discurso de cerca de 20 minutos, o presidente ainda elogiou produtores rurais &#8211; parte do p\u00fablico presente na inaugura\u00e7\u00e3o do terminal ferrovi\u00e1rio -, ao dizer que eles n\u00e3o se acovardaram na pandemia, e disse que at\u00e9 o final do pr\u00f3ximo m\u00eas o pa\u00eds ter\u00e1 recebido ao menos 40 milh\u00f5es de doses de vacinas contra o novo coronav\u00edrus.<\/p>\n<h3>Vacinas<\/h3>\n<p>Sobre as compras de vacinas contra a COVID-19, Bolsonaro disse que at\u00e9 o final do pr\u00f3ximo m\u00eas o pa\u00eds ter\u00e1 recebido ao menos 40 milh\u00f5es de doses de vacinas contra o novo coronav\u00edrus.<\/p>\n<p>&#8220;S\u00f3 este m\u00eas vamos chegar 20 milh\u00f5es de doses para n\u00f3s, no m\u00ednimo, o m\u00eas que vem, no m\u00ednimo, 40 milh\u00f5es de doses. Somos respons\u00e1veis, estamos fazendo o que \u00e9 certo&#8221;, afirmou. De acordo com ele, as vacinas come\u00e7aram a ser compradas assim que a Ag\u00eancia Nacional de Vigil\u00e2ncia Sanit\u00e1ria (Anvisa) autorizou e seu governo nunca se afastou delas.<\/p>\n<p>&#8220;Nunca nos afastamos de buscar vacinas, mas sempre disse uma coisa: &#8216;ela tem que passar pela Anvisa&#8217;. A gente est\u00e1 vacinando seres humanos e a Anvisa \u00e9 uma passagem obrigat\u00f3ria. E isso aconteceu t\u00e3o logo a Anvisa come\u00e7ou a certificar as vacinas, n\u00f3s passamos a compr\u00e1-las. Hoje somos um dos pa\u00edses que em valores absolutos mais temos gente vacinada.&#8221;<\/p>\n<h3>Lockdown<\/h3>\n<p>Bolsonaro ainda voltou a dizer que &#8220;lockdown n\u00e3o funciona&#8221; e disse, erroneamente, que teve a autoridade &#8220;castrada&#8221;. &#8220;Apelo aqui, j\u00e1 que foi me castrada a autoridade, para que governadores e prefeitos repensem a pol\u00edtica do fechar tudo [&#8230;] Vamos combater o v\u00edrus, mas n\u00e3o de forma ignorante, burra, suicida. Como gostaria de ter o poder, como deveria ser meu, para definir essa pol\u00edtica.&#8221;<\/p>\n<p>O Supremo Tribunal Federal (STF) decidiu, ainda em 2020, que estados e munic\u00edpios t\u00eam autonomia para determinar o isolamento social em meio \u00e0 pandemia. No evento, o presidente ainda criticou a imprensa e afirmou, ao se referir ao ministro Ricardo Salles (Meio Ambiente), que ele s\u00f3 sai do governo se &#8220;for elogiado pela Globo ou pela Folha&#8221;.<\/p>\n<p>Leia tamb\u00e9m<\/p>\n<p><a href=\"https:\/\/redenoticiaz.com.br\/blog\/2021\/03\/04\/carga-com-insumos-para-a-producao-de-14-milhoes-de-vacinas-chega-a-sp\">Carga com Insumos para a produ\u00e7\u00e3o de 14 milh\u00f5es de vacinas chega a SP<\/a><\/p>\n","protected":false},"excerpt":{"rendered":"<p>O presidente Jair Bolsonaro (Sem partido) voltou a criticar nesta quinta-feira (4) as medidas de isolamento social no Brasil e mesmo na pior fase da pandemia do coronav\u00edrus, ele se isentou da culpa e disse que os problemas precisam ser enfrentados pela popula\u00e7\u00e3o. O chefe do Executivo Federal esteve em S\u00e3o Sim\u00e3o, em Goi\u00e1s para &hellip;<\/p>\n","protected":false},"author":6,"featured_media":5153,"comment_status":"open","ping_status":"closed","sticky":false,"template":"","format":"standard","meta":{"footnotes":""},"categories":[15,23],"tags":[36,5590,3089,18,13635,6721,14390],"class_list":["post-5152","post","type-post","status-publish","format-standard","has-post-thumbnail","hentry","category-politica","category-saude","tag-covid-19","tag-criticas","tag-goias","tag-jair-bolsonaro","tag-lockdown","tag-presidente","tag-sao-simao"],"yoast_head":"<!-- This site is optimized with the Yoast SEO plugin v27.5 - https:\/\/yoast.com\/product\/yoast-seo-wordpress\/ -->\n<title>Bolsonaro - na pior fase da pandemia ele diz: &quot;Chega de mimimi. V\u00e3o chorar at\u00e9 quando?&quot; - Litoral SP<\/title>\n<meta name=\"description\" content=\"O presidente Jair Bolsonaro (Sem partido) voltou a criticar nesta quinta-feira (4) as medidas de isolamento social no Brasil e mesmo na pior\" \/>\n<meta name=\"robots\" content=\"index, follow, max-snippet:-1, max-image-preview:large, max-video-preview:-1\" \/>\n<link rel=\"canonical\" href=\"https:\/\/redenoticiaz.com.br\/litoralsp\/2021\/03\/04\/bolsonaro-na-pior-fase-da-pandemia-ele-diz-chega-de-mimimi-vao-chorar-ate-quando\" \/>\n<meta property=\"og:locale\" content=\"pt_BR\" \/>\n<meta property=\"og:type\" content=\"article\" \/>\n<meta property=\"og:title\" content=\"Bolsonaro - na pior fase da pandemia ele diz: &quot;Chega de mimimi. V\u00e3o chorar at\u00e9 quando?&quot; - Litoral SP\" \/>\n<meta property=\"og:description\" content=\"O presidente Jair Bolsonaro (Sem partido) voltou a criticar nesta quinta-feira (4) as medidas de isolamento social no Brasil e mesmo na pior\" \/>\n<meta property=\"og:url\" content=\"https:\/\/redenoticiaz.com.br\/litoralsp\/2021\/03\/04\/bolsonaro-na-pior-fase-da-pandemia-ele-diz-chega-de-mimimi-vao-chorar-ate-quando\" \/>\n<meta property=\"og:site_name\" content=\"Litoral SP\" \/>\n<meta property=\"article:published_time\" content=\"2021-03-04T21:00:37+00:00\" \/>\n<meta property=\"article:modified_time\" content=\"2021-03-04T21:28:45+00:00\" \/>\n<meta property=\"og:image\" content=\"https:\/\/redenoticiaz.com.br\/litoralsp\/wp-content\/uploads\/sites\/3\/2021\/03\/bolsonaro-sao-simao1.jpg\" \/>\n\t<meta property=\"og:image:width\" content=\"984\" \/>\n\t<meta property=\"og:image:height\" content=\"616\" \/>\n\t<meta property=\"og:image:type\" content=\"image\/jpeg\" \/>\n<meta name=\"author\" content=\"Leonardo Francisco\" \/>\n<meta name=\"twitter:card\" content=\"summary_large_image\" \/>\n<meta name=\"twitter:label1\" content=\"Escrito por\" \/>\n\t<meta name=\"twitter:data1\" content=\"Leonardo Francisco\" \/>\n\t<meta name=\"twitter:label2\" content=\"Est. tempo de leitura\" \/>\n\t<meta name=\"twitter:data2\" content=\"3 minutos\" \/>\n<script type=\"application\/ld+json\" class=\"yoast-schema-graph\">{\"@context\":\"https:\\\/\\\/schema.org\",\"@graph\":[{\"@type\":\"Article\",\"@id\":\"https:\\\/\\\/redenoticiaz.com.br\\\/litoralsp\\\/2021\\\/03\\\/04\\\/bolsonaro-na-pior-fase-da-pandemia-ele-diz-chega-de-mimimi-vao-chorar-ate-quando#article\",\"isPartOf\":{\"@id\":\"https:\\\/\\\/redenoticiaz.com.br\\\/litoralsp\\\/2021\\\/03\\\/04\\\/bolsonaro-na-pior-fase-da-pandemia-ele-diz-chega-de-mimimi-vao-chorar-ate-quando\"},\"author\":{\"name\":\"Leonardo Francisco\",\"@id\":\"https:\\\/\\\/redenoticiaz.com.br\\\/litoralsp\\\/#\\\/schema\\\/person\\\/0f0b8a5bdafefe82841e07ae8d81ecb3\"},\"headline\":\"Bolsonaro &#8211; na pior fase da pandemia ele diz: &#8220;Chega de mimimi. V\u00e3o chorar at\u00e9 quando?&#8221;\",\"datePublished\":\"2021-03-04T21:00:37+00:00\",\"dateModified\":\"2021-03-04T21:28:45+00:00\",\"mainEntityOfPage\":{\"@id\":\"https:\\\/\\\/redenoticiaz.com.br\\\/litoralsp\\\/2021\\\/03\\\/04\\\/bolsonaro-na-pior-fase-da-pandemia-ele-diz-chega-de-mimimi-vao-chorar-ate-quando\"},\"wordCount\":612,\"commentCount\":0,\"publisher\":{\"@id\":\"https:\\\/\\\/redenoticiaz.com.br\\\/litoralsp\\\/#organization\"},\"image\":{\"@id\":\"https:\\\/\\\/redenoticiaz.com.br\\\/litoralsp\\\/2021\\\/03\\\/04\\\/bolsonaro-na-pior-fase-da-pandemia-ele-diz-chega-de-mimimi-vao-chorar-ate-quando#primaryimage\"},\"thumbnailUrl\":\"https:\\\/\\\/redenoticiaz.com.br\\\/litoralsp\\\/wp-content\\\/uploads\\\/sites\\\/3\\\/2021\\\/03\\\/bolsonaro-sao-simao1.jpg\",\"keywords\":[\"Covid-19\",\"CR\u00cdTICAS\",\"GOI\u00c1S\",\"Jair Bolsonaro\",\"LOCKDOWN\",\"Presidente\",\"S\u00c3O SIM\u00c3O\"],\"articleSection\":[\"Pol\u00edtica\",\"Sa\u00fade\"],\"inLanguage\":\"pt-BR\",\"potentialAction\":[{\"@type\":\"CommentAction\",\"name\":\"Comment\",\"target\":[\"https:\\\/\\\/redenoticiaz.com.br\\\/litoralsp\\\/2021\\\/03\\\/04\\\/bolsonaro-na-pior-fase-da-pandemia-ele-diz-chega-de-mimimi-vao-chorar-ate-quando#respond\"]}]},{\"@type\":\"WebPage\",\"@id\":\"https:\\\/\\\/redenoticiaz.com.br\\\/litoralsp\\\/2021\\\/03\\\/04\\\/bolsonaro-na-pior-fase-da-pandemia-ele-diz-chega-de-mimimi-vao-chorar-ate-quando\",\"url\":\"https:\\\/\\\/redenoticiaz.com.br\\\/litoralsp\\\/2021\\\/03\\\/04\\\/bolsonaro-na-pior-fase-da-pandemia-ele-diz-chega-de-mimimi-vao-chorar-ate-quando\",\"name\":\"Bolsonaro - na pior fase da pandemia ele diz: \\\"Chega de mimimi. V\u00e3o chorar at\u00e9 quando?\\\" - Litoral SP\",\"isPartOf\":{\"@id\":\"https:\\\/\\\/redenoticiaz.com.br\\\/litoralsp\\\/#website\"},\"primaryImageOfPage\":{\"@id\":\"https:\\\/\\\/redenoticiaz.com.br\\\/litoralsp\\\/2021\\\/03\\\/04\\\/bolsonaro-na-pior-fase-da-pandemia-ele-diz-chega-de-mimimi-vao-chorar-ate-quando#primaryimage\"},\"image\":{\"@id\":\"https:\\\/\\\/redenoticiaz.com.br\\\/litoralsp\\\/2021\\\/03\\\/04\\\/bolsonaro-na-pior-fase-da-pandemia-ele-diz-chega-de-mimimi-vao-chorar-ate-quando#primaryimage\"},\"thumbnailUrl\":\"https:\\\/\\\/redenoticiaz.com.br\\\/litoralsp\\\/wp-content\\\/uploads\\\/sites\\\/3\\\/2021\\\/03\\\/bolsonaro-sao-simao1.jpg\",\"datePublished\":\"2021-03-04T21:00:37+00:00\",\"dateModified\":\"2021-03-04T21:28:45+00:00\",\"description\":\"O presidente Jair Bolsonaro (Sem partido) voltou a criticar nesta quinta-feira (4) as medidas de isolamento social no Brasil e mesmo na pior\",\"inLanguage\":\"pt-BR\",\"potentialAction\":[{\"@type\":\"ReadAction\",\"target\":[\"https:\\\/\\\/redenoticiaz.com.br\\\/litoralsp\\\/2021\\\/03\\\/04\\\/bolsonaro-na-pior-fase-da-pandemia-ele-diz-chega-de-mimimi-vao-chorar-ate-quando\"]}]},{\"@type\":\"ImageObject\",\"inLanguage\":\"pt-BR\",\"@id\":\"https:\\\/\\\/redenoticiaz.com.br\\\/litoralsp\\\/2021\\\/03\\\/04\\\/bolsonaro-na-pior-fase-da-pandemia-ele-diz-chega-de-mimimi-vao-chorar-ate-quando#primaryimage\",\"url\":\"https:\\\/\\\/redenoticiaz.com.br\\\/litoralsp\\\/wp-content\\\/uploads\\\/sites\\\/3\\\/2021\\\/03\\\/bolsonaro-sao-simao1.jpg\",\"contentUrl\":\"https:\\\/\\\/redenoticiaz.com.br\\\/litoralsp\\\/wp-content\\\/uploads\\\/sites\\\/3\\\/2021\\\/03\\\/bolsonaro-sao-simao1.jpg\",\"width\":984,\"height\":616,\"caption\":\"Cr\u00e9ditos: Reprodu\u00e7\u00e3o\\\/TBC\"},{\"@type\":\"WebSite\",\"@id\":\"https:\\\/\\\/redenoticiaz.com.br\\\/litoralsp\\\/#website\",\"url\":\"https:\\\/\\\/redenoticiaz.com.br\\\/litoralsp\\\/\",\"name\":\"Litoral SP\",\"description\":\"Rede NoticiaZ\",\"publisher\":{\"@id\":\"https:\\\/\\\/redenoticiaz.com.br\\\/litoralsp\\\/#organization\"},\"potentialAction\":[{\"@type\":\"SearchAction\",\"target\":{\"@type\":\"EntryPoint\",\"urlTemplate\":\"https:\\\/\\\/redenoticiaz.com.br\\\/litoralsp\\\/?s={search_term_string}\"},\"query-input\":{\"@type\":\"PropertyValueSpecification\",\"valueRequired\":true,\"valueName\":\"search_term_string\"}}],\"inLanguage\":\"pt-BR\"},{\"@type\":\"Organization\",\"@id\":\"https:\\\/\\\/redenoticiaz.com.br\\\/litoralsp\\\/#organization\",\"name\":\"Litoral SP\",\"url\":\"https:\\\/\\\/redenoticiaz.com.br\\\/litoralsp\\\/\",\"logo\":{\"@type\":\"ImageObject\",\"inLanguage\":\"pt-BR\",\"@id\":\"https:\\\/\\\/redenoticiaz.com.br\\\/litoralsp\\\/#\\\/schema\\\/logo\\\/image\\\/\",\"url\":\"https:\\\/\\\/redenoticiaz.com.br\\\/litoralsp\\\/wp-content\\\/uploads\\\/sites\\\/3\\\/2020\\\/11\\\/logo.jpg\",\"contentUrl\":\"https:\\\/\\\/redenoticiaz.com.br\\\/litoralsp\\\/wp-content\\\/uploads\\\/sites\\\/3\\\/2020\\\/11\\\/logo.jpg\",\"width\":400,\"height\":250,\"caption\":\"Litoral SP\"},\"image\":{\"@id\":\"https:\\\/\\\/redenoticiaz.com.br\\\/litoralsp\\\/#\\\/schema\\\/logo\\\/image\\\/\"}},{\"@type\":\"Person\",\"@id\":\"https:\\\/\\\/redenoticiaz.com.br\\\/litoralsp\\\/#\\\/schema\\\/person\\\/0f0b8a5bdafefe82841e07ae8d81ecb3\",\"name\":\"Leonardo Francisco\",\"image\":{\"@type\":\"ImageObject\",\"inLanguage\":\"pt-BR\",\"@id\":\"https:\\\/\\\/secure.gravatar.com\\\/avatar\\\/a7358cb406a99b682ec6df1e77e31ae82e63601f6784e8a3df411d72b37864da?s=96&d=mm&r=g\",\"url\":\"https:\\\/\\\/secure.gravatar.com\\\/avatar\\\/a7358cb406a99b682ec6df1e77e31ae82e63601f6784e8a3df411d72b37864da?s=96&d=mm&r=g\",\"contentUrl\":\"https:\\\/\\\/secure.gravatar.com\\\/avatar\\\/a7358cb406a99b682ec6df1e77e31ae82e63601f6784e8a3df411d72b37864da?s=96&d=mm&r=g\",\"caption\":\"Leonardo Francisco\"},\"url\":\"https:\\\/\\\/redenoticiaz.com.br\\\/litoralsp\\\/author\\\/leonardo-francisco\"}]}<\/script>\n<!-- \/ Yoast SEO plugin. -->","yoast_head_json":{"title":"Bolsonaro - na pior fase da pandemia ele diz: \"Chega de mimimi. V\u00e3o chorar at\u00e9 quando?\" - Litoral SP","description":"O presidente Jair Bolsonaro (Sem partido) voltou a criticar nesta quinta-feira (4) as medidas de isolamento social no Brasil e mesmo na pior","robots":{"index":"index","follow":"follow","max-snippet":"max-snippet:-1","max-image-preview":"max-image-preview:large","max-video-preview":"max-video-preview:-1"},"canonical":"https:\/\/redenoticiaz.com.br\/litoralsp\/2021\/03\/04\/bolsonaro-na-pior-fase-da-pandemia-ele-diz-chega-de-mimimi-vao-chorar-ate-quando","og_locale":"pt_BR","og_type":"article","og_title":"Bolsonaro - na pior fase da pandemia ele diz: \"Chega de mimimi. V\u00e3o chorar at\u00e9 quando?\" - Litoral SP","og_description":"O presidente Jair Bolsonaro (Sem partido) voltou a criticar nesta quinta-feira (4) as medidas de isolamento social no Brasil e mesmo na pior","og_url":"https:\/\/redenoticiaz.com.br\/litoralsp\/2021\/03\/04\/bolsonaro-na-pior-fase-da-pandemia-ele-diz-chega-de-mimimi-vao-chorar-ate-quando","og_site_name":"Litoral SP","article_published_time":"2021-03-04T21:00:37+00:00","article_modified_time":"2021-03-04T21:28:45+00:00","og_image":[{"width":984,"height":616,"url":"https:\/\/redenoticiaz.com.br\/litoralsp\/wp-content\/uploads\/sites\/3\/2021\/03\/bolsonaro-sao-simao1.jpg","type":"image\/jpeg"}],"author":"Leonardo Francisco","twitter_card":"summary_large_image","twitter_misc":{"Escrito por":"Leonardo Francisco","Est. tempo de leitura":"3 minutos"},"schema":{"@context":"https:\/\/schema.org","@graph":[{"@type":"Article","@id":"https:\/\/redenoticiaz.com.br\/litoralsp\/2021\/03\/04\/bolsonaro-na-pior-fase-da-pandemia-ele-diz-chega-de-mimimi-vao-chorar-ate-quando#article","isPartOf":{"@id":"https:\/\/redenoticiaz.com.br\/litoralsp\/2021\/03\/04\/bolsonaro-na-pior-fase-da-pandemia-ele-diz-chega-de-mimimi-vao-chorar-ate-quando"},"author":{"name":"Leonardo Francisco","@id":"https:\/\/redenoticiaz.com.br\/litoralsp\/#\/schema\/person\/0f0b8a5bdafefe82841e07ae8d81ecb3"},"headline":"Bolsonaro &#8211; na pior fase da pandemia ele diz: &#8220;Chega de mimimi. V\u00e3o chorar at\u00e9 quando?&#8221;","datePublished":"2021-03-04T21:00:37+00:00","dateModified":"2021-03-04T21:28:45+00:00","mainEntityOfPage":{"@id":"https:\/\/redenoticiaz.com.br\/litoralsp\/2021\/03\/04\/bolsonaro-na-pior-fase-da-pandemia-ele-diz-chega-de-mimimi-vao-chorar-ate-quando"},"wordCount":612,"commentCount":0,"publisher":{"@id":"https:\/\/redenoticiaz.com.br\/litoralsp\/#organization"},"image":{"@id":"https:\/\/redenoticiaz.com.br\/litoralsp\/2021\/03\/04\/bolsonaro-na-pior-fase-da-pandemia-ele-diz-chega-de-mimimi-vao-chorar-ate-quando#primaryimage"},"thumbnailUrl":"https:\/\/redenoticiaz.com.br\/litoralsp\/wp-content\/uploads\/sites\/3\/2021\/03\/bolsonaro-sao-simao1.jpg","keywords":["Covid-19","CR\u00cdTICAS","GOI\u00c1S","Jair Bolsonaro","LOCKDOWN","Presidente","S\u00c3O SIM\u00c3O"],"articleSection":["Pol\u00edtica","Sa\u00fade"],"inLanguage":"pt-BR","potentialAction":[{"@type":"CommentAction","name":"Comment","target":["https:\/\/redenoticiaz.com.br\/litoralsp\/2021\/03\/04\/bolsonaro-na-pior-fase-da-pandemia-ele-diz-chega-de-mimimi-vao-chorar-ate-quando#respond"]}]},{"@type":"WebPage","@id":"https:\/\/redenoticiaz.com.br\/litoralsp\/2021\/03\/04\/bolsonaro-na-pior-fase-da-pandemia-ele-diz-chega-de-mimimi-vao-chorar-ate-quando","url":"https:\/\/redenoticiaz.com.br\/litoralsp\/2021\/03\/04\/bolsonaro-na-pior-fase-da-pandemia-ele-diz-chega-de-mimimi-vao-chorar-ate-quando","name":"Bolsonaro - na pior fase da pandemia ele diz: \"Chega de mimimi. V\u00e3o chorar at\u00e9 quando?\" - Litoral SP","isPartOf":{"@id":"https:\/\/redenoticiaz.com.br\/litoralsp\/#website"},"primaryImageOfPage":{"@id":"https:\/\/redenoticiaz.com.br\/litoralsp\/2021\/03\/04\/bolsonaro-na-pior-fase-da-pandemia-ele-diz-chega-de-mimimi-vao-chorar-ate-quando#primaryimage"},"image":{"@id":"https:\/\/redenoticiaz.com.br\/litoralsp\/2021\/03\/04\/bolsonaro-na-pior-fase-da-pandemia-ele-diz-chega-de-mimimi-vao-chorar-ate-quando#primaryimage"},"thumbnailUrl":"https:\/\/redenoticiaz.com.br\/litoralsp\/wp-content\/uploads\/sites\/3\/2021\/03\/bolsonaro-sao-simao1.jpg","datePublished":"2021-03-04T21:00:37+00:00","dateModified":"2021-03-04T21:28:45+00:00","description":"O presidente Jair Bolsonaro (Sem partido) voltou a criticar nesta quinta-feira (4) as medidas de isolamento social no Brasil e mesmo na pior","inLanguage":"pt-BR","potentialAction":[{"@type":"ReadAction","target":["https:\/\/redenoticiaz.com.br\/litoralsp\/2021\/03\/04\/bolsonaro-na-pior-fase-da-pandemia-ele-diz-chega-de-mimimi-vao-chorar-ate-quando"]}]},{"@type":"ImageObject","inLanguage":"pt-BR","@id":"https:\/\/redenoticiaz.com.br\/litoralsp\/2021\/03\/04\/bolsonaro-na-pior-fase-da-pandemia-ele-diz-chega-de-mimimi-vao-chorar-ate-quando#primaryimage","url":"https:\/\/redenoticiaz.com.br\/litoralsp\/wp-content\/uploads\/sites\/3\/2021\/03\/bolsonaro-sao-simao1.jpg","contentUrl":"https:\/\/redenoticiaz.com.br\/litoralsp\/wp-content\/uploads\/sites\/3\/2021\/03\/bolsonaro-sao-simao1.jpg","width":984,"height":616,"caption":"Cr\u00e9ditos: Reprodu\u00e7\u00e3o\/TBC"},{"@type":"WebSite","@id":"https:\/\/redenoticiaz.com.br\/litoralsp\/#website","url":"https:\/\/redenoticiaz.com.br\/litoralsp\/","name":"Litoral SP","description":"Rede NoticiaZ","publisher":{"@id":"https:\/\/redenoticiaz.com.br\/litoralsp\/#organization"},"potentialAction":[{"@type":"SearchAction","target":{"@type":"EntryPoint","urlTemplate":"https:\/\/redenoticiaz.com.br\/litoralsp\/?s={search_term_string}"},"query-input":{"@type":"PropertyValueSpecification","valueRequired":true,"valueName":"search_term_string"}}],"inLanguage":"pt-BR"},{"@type":"Organization","@id":"https:\/\/redenoticiaz.com.br\/litoralsp\/#organization","name":"Litoral SP","url":"https:\/\/redenoticiaz.com.br\/litoralsp\/","logo":{"@type":"ImageObject","inLanguage":"pt-BR","@id":"https:\/\/redenoticiaz.com.br\/litoralsp\/#\/schema\/logo\/image\/","url":"https:\/\/redenoticiaz.com.br\/litoralsp\/wp-content\/uploads\/sites\/3\/2020\/11\/logo.jpg","contentUrl":"https:\/\/redenoticiaz.com.br\/litoralsp\/wp-content\/uploads\/sites\/3\/2020\/11\/logo.jpg","width":400,"height":250,"caption":"Litoral SP"},"image":{"@id":"https:\/\/redenoticiaz.com.br\/litoralsp\/#\/schema\/logo\/image\/"}},{"@type":"Person","@id":"https:\/\/redenoticiaz.com.br\/litoralsp\/#\/schema\/person\/0f0b8a5bdafefe82841e07ae8d81ecb3","name":"Leonardo Francisco","image":{"@type":"ImageObject","inLanguage":"pt-BR","@id":"https:\/\/secure.gravatar.com\/avatar\/a7358cb406a99b682ec6df1e77e31ae82e63601f6784e8a3df411d72b37864da?s=96&d=mm&r=g","url":"https:\/\/secure.gravatar.com\/avatar\/a7358cb406a99b682ec6df1e77e31ae82e63601f6784e8a3df411d72b37864da?s=96&d=mm&r=g","contentUrl":"https:\/\/secure.gravatar.com\/avatar\/a7358cb406a99b682ec6df1e77e31ae82e63601f6784e8a3df411d72b37864da?s=96&d=mm&r=g","caption":"Leonardo Francisco"},"url":"https:\/\/redenoticiaz.com.br\/litoralsp\/author\/leonardo-francisco"}]}},"_links":{"self":[{"href":"https:\/\/redenoticiaz.com.br\/litoralsp\/wp-json\/wp\/v2\/posts\/5152","targetHints":{"allow":["GET"]}}],"collection":[{"href":"https:\/\/redenoticiaz.com.br\/litoralsp\/wp-json\/wp\/v2\/posts"}],"about":[{"href":"https:\/\/redenoticiaz.com.br\/litoralsp\/wp-json\/wp\/v2\/types\/post"}],"author":[{"embeddable":true,"href":"https:\/\/redenoticiaz.com.br\/litoralsp\/wp-json\/wp\/v2\/users\/6"}],"replies":[{"embeddable":true,"href":"https:\/\/redenoticiaz.com.br\/litoralsp\/wp-json\/wp\/v2\/comments?post=5152"}],"version-history":[{"count":3,"href":"https:\/\/redenoticiaz.com.br\/litoralsp\/wp-json\/wp\/v2\/posts\/5152\/revisions"}],"predecessor-version":[{"id":5161,"href":"https:\/\/redenoticiaz.com.br\/litoralsp\/wp-json\/wp\/v2\/posts\/5152\/revisions\/5161"}],"wp:featuredmedia":[{"embeddable":true,"href":"https:\/\/redenoticiaz.com.br\/litoralsp\/wp-json\/wp\/v2\/media\/5153"}],"wp:attachment":[{"href":"https:\/\/redenoticiaz.com.br\/litoralsp\/wp-json\/wp\/v2\/media?parent=5152"}],"wp:term":[{"taxonomy":"category","embeddable":true,"href":"https:\/\/redenoticiaz.com.br\/litoralsp\/wp-json\/wp\/v2\/categories?post=5152"},{"taxonomy":"post_tag","embeddable":true,"href":"https:\/\/redenoticiaz.com.br\/litoralsp\/wp-json\/wp\/v2\/tags?post=5152"}],"curies":[{"name":"wp","href":"https:\/\/api.w.org\/{rel}","templated":true}]}}