{"id":5162,"date":"2021-03-04T18:50:33","date_gmt":"2021-03-04T21:50:33","guid":{"rendered":"https:\/\/redenoticiaz.com.br\/litoralsp\/?p=5162"},"modified":"2021-03-04T18:52:04","modified_gmt":"2021-03-04T21:52:04","slug":"caraguatatuba-e-a-unica-cidade-do-litoral-a-aderir-compra-de-vacina","status":"publish","type":"post","link":"https:\/\/redenoticiaz.com.br\/litoralsp\/2021\/03\/04\/caraguatatuba-e-a-unica-cidade-do-litoral-a-aderir-compra-de-vacina","title":{"rendered":"Caraguatatuba \u00e9 a \u00fanica cidade do Litoral a aderir compra de vacina"},"content":{"rendered":"<p>V\u00e1rias cidades do Brasil est\u00e3o aderindo ao cons\u00f3rcio para a <strong>compra da vacina contra a COVID-19<\/strong>. No Litoral Norte at\u00e9 o momento, s\u00f3 <a href=\"http:\/\/www.caraguatatuba.sp.gov.br\/pmc\/\">Caraguatatuba<\/a> aderiu a participar da iniciativa da Frente Nacional de Prefeitos (FNP). O prazo para a ades\u00e3o vai at\u00e9 esta sexta-feira (5).<\/p>\n<p>O prefeito de Caraguatatuba, Aguilar J\u00fanior confirmou a informa\u00e7\u00e3o e ir\u00e1 fazer um protocolo \u00e0 C\u00e2mara Municipal um projeto de lei para permitir a compra.<\/p>\n<p>\u201cNosso objetivo \u00e9 imunizar toda a popula\u00e7\u00e3o e n\u00e3o podemos depender das remessas que est\u00e3o sendo enviadas pelo Governo Federal ou Estadual. Precisamos acelerar a imuniza\u00e7\u00e3o de nossa popula\u00e7\u00e3o. Para se ter uma ideia, n\u00e3o temos mais vacinas para o p\u00fablico alvo de 77 a 84 anos\u201d, explica.<\/p>\n<p>A cidade teve uma alta de 26% de novos casos e interna\u00e7\u00f5es por COVID-19, na \u00faltima semana. Al\u00e9m disso, convive com a ocupa\u00e7\u00e3o quase total dos leitos de UTI. Com a ades\u00e3o ao cons\u00f3rcio da FNP, a expectativa \u00e9 de receber as doses e assim aplicar as doses em massa, mas seguindo o cronograma de vacina\u00e7\u00e3o.<\/p>\n<h3>Como funciona o cons\u00f3rcio?<\/h3>\n<div class=\"mc-column content-text active-extra-styles \" data-block-type=\"unstyled\" data-block-weight=\"52\" data-block-id=\"5\">\n<p class=\"content-text__container \" data-track-category=\"Link no Texto\" data-track-links=\"\">A ideia do projeto \u00e9 constituir um cons\u00f3rcio p\u00fablico para aquisi\u00e7\u00e3o de vacinas, medicamentos, insumos e equipamentos para o enfrentamento da COVID-19 diretamente para os munic\u00edpios. No entanto, a maior preocupa\u00e7\u00e3o \u00e9 com a aquisi\u00e7\u00e3o de doses de vacina, caso o Plano Nacional de Imuniza\u00e7\u00e3o, do governo federal, n\u00e3o consiga suprir a demanda existente.<\/p>\n<\/div>\n<div class=\"mc-column content-text active-extra-styles \" data-block-type=\"unstyled\" data-block-weight=\"42\" data-block-id=\"6\">\n<p class=\"content-text__container \" data-track-category=\"Link no Texto\" data-track-links=\"\">A forma\u00e7\u00e3o do cons\u00f3rcio ocorre em meio ao aumento dos casos de Covid-19 no Brasil. Ap\u00f3s assinar o interesse de entrada, as cidades t\u00eam 15 dias para aprovar um projeto de lei nas C\u00e2maras municipais que autorizam a ades\u00e3o ao cons\u00f3rcio p\u00fablico.<\/p>\n<\/div>\n<div class=\"mc-column content-text active-extra-styles \" data-block-type=\"unstyled\" data-block-weight=\"40\" data-block-id=\"8\">\n<p class=\"content-text__container \" data-track-category=\"Link no Texto\" data-track-links=\"\">Somente ap\u00f3s a constitui\u00e7\u00e3o legal, com a cria\u00e7\u00e3o de um CNPJ e a escolha de diretoria, o cons\u00f3rcio estaria apto a fazer a compra de vacinas. O prazo para ades\u00e3o encerra nesta sexta-feira (5) e qualquer munic\u00edpio pode manifestar interesse.<\/p>\n<\/div>\n<h3>A verba<\/h3>\n<div class=\"mc-column content-text active-extra-styles \" data-block-type=\"unstyled\" data-block-weight=\"47\" data-block-id=\"10\">\n<p class=\"content-text__container \" data-track-category=\"Link no Texto\" data-track-links=\"\">De acordo com a FNP, a primeira op\u00e7\u00e3o do cons\u00f3rcio \u00e9 a utiliza\u00e7\u00e3o de recursos do governo federal para compra de vacinas. Mas tamb\u00e9m h\u00e1 possibilidade de transfer\u00eancias de recursos por organismos internacionais, participa\u00e7\u00e3o da iniciativa privada ou mesmo a compra via cota dos munic\u00edpios ser\u00e3o discutidas.<\/p>\n<\/div>\n<div class=\"mc-column content-text active-extra-styles \" data-block-type=\"unstyled\" data-block-weight=\"29\" data-block-id=\"11\">\n<p class=\"content-text__container \" data-track-category=\"Link no Texto\" data-track-links=\"\">O projeto que est\u00e1 no Senado para a cria\u00e7\u00e3o do cons\u00f3rcio prev\u00ea que os munic\u00edpios ainda comprem com verba pr\u00f3pria o imunizante, mas depois sejam ressarcidos pelo governo federal.<\/p>\n<p data-track-category=\"Link no Texto\" data-track-links=\"\"><strong>Leia tamb\u00e9m<\/strong><\/p>\n<p data-track-category=\"Link no Texto\" data-track-links=\"\"><a href=\"https:\/\/redenoticiaz.com.br\/litoralsp\/2021\/03\/03\/governo-federal-anuncia-chegada-da-vacina-sputnik-v\">Governo Federal anuncia chegada da vacina Sputnik V<\/a><\/p>\n<\/div>\n","protected":false},"excerpt":{"rendered":"<p>V\u00e1rias cidades do Brasil est\u00e3o aderindo ao cons\u00f3rcio para a compra da vacina contra a COVID-19. No Litoral Norte at\u00e9 o momento, s\u00f3 Caraguatatuba aderiu a participar da iniciativa da Frente Nacional de Prefeitos (FNP). O prazo para a ades\u00e3o vai at\u00e9 esta sexta-feira (5). O prefeito de Caraguatatuba, Aguilar J\u00fanior confirmou a informa\u00e7\u00e3o e &hellip;<\/p>\n","protected":false},"author":6,"featured_media":5163,"comment_status":"open","ping_status":"closed","sticky":false,"template":"","format":"standard","meta":{"footnotes":""},"categories":[2881,23],"tags":[14407,2742,7508,13980,36,13981,96,87],"class_list":["post-5162","post","type-post","status-publish","format-standard","has-post-thumbnail","hentry","category-caraguatatuba","category-saude","tag-adesao","tag-caraguatatuba","tag-compra","tag-consorcio","tag-covid-19","tag-frente-nacional-de-prefeitos","tag-saude","tag-vacina"],"yoast_head":"<!-- This site is optimized with the Yoast SEO plugin v27.4 - https:\/\/yoast.com\/product\/yoast-seo-wordpress\/ -->\n<title>Caraguatatuba \u00e9 a \u00fanica cidade do Litoral a aderir compra de vacina - Litoral SP<\/title>\n<meta name=\"description\" content=\"V\u00e1rias cidades do Brasil est\u00e3o aderindo ao cons\u00f3rcio para a compra da vacina contra a COVID-19. No Litoral Norte at\u00e9 o momento, s\u00f3 Caraguatatuba aderiu a participar\" \/>\n<meta name=\"robots\" content=\"index, follow, max-snippet:-1, max-image-preview:large, max-video-preview:-1\" \/>\n<link rel=\"canonical\" href=\"https:\/\/redenoticiaz.com.br\/litoralsp\/2021\/03\/04\/caraguatatuba-e-a-unica-cidade-do-litoral-a-aderir-compra-de-vacina\" \/>\n<meta property=\"og:locale\" content=\"pt_BR\" \/>\n<meta property=\"og:type\" content=\"article\" \/>\n<meta property=\"og:title\" content=\"Caraguatatuba \u00e9 a \u00fanica cidade do Litoral a aderir compra de vacina - Litoral SP\" \/>\n<meta property=\"og:description\" content=\"V\u00e1rias cidades do Brasil est\u00e3o aderindo ao cons\u00f3rcio para a compra da vacina contra a COVID-19. No Litoral Norte at\u00e9 o momento, s\u00f3 Caraguatatuba aderiu a participar\" \/>\n<meta property=\"og:url\" content=\"https:\/\/redenoticiaz.com.br\/litoralsp\/2021\/03\/04\/caraguatatuba-e-a-unica-cidade-do-litoral-a-aderir-compra-de-vacina\" \/>\n<meta property=\"og:site_name\" content=\"Litoral SP\" \/>\n<meta property=\"article:published_time\" content=\"2021-03-04T21:50:33+00:00\" \/>\n<meta property=\"article:modified_time\" content=\"2021-03-04T21:52:04+00:00\" \/>\n<meta property=\"og:image\" content=\"https:\/\/redenoticiaz.com.br\/litoralsp\/wp-content\/uploads\/sites\/3\/2021\/03\/coronavac.jpg\" \/>\n\t<meta property=\"og:image:width\" content=\"984\" \/>\n\t<meta property=\"og:image:height\" content=\"573\" \/>\n\t<meta property=\"og:image:type\" content=\"image\/jpeg\" \/>\n<meta name=\"author\" content=\"Leonardo Francisco\" \/>\n<meta name=\"twitter:card\" content=\"summary_large_image\" \/>\n<meta name=\"twitter:label1\" content=\"Escrito por\" \/>\n\t<meta name=\"twitter:data1\" content=\"Leonardo Francisco\" \/>\n\t<meta name=\"twitter:label2\" content=\"Est. tempo de leitura\" \/>\n\t<meta name=\"twitter:data2\" content=\"2 minutos\" \/>\n<script type=\"application\/ld+json\" class=\"yoast-schema-graph\">{\"@context\":\"https:\\\/\\\/schema.org\",\"@graph\":[{\"@type\":\"Article\",\"@id\":\"https:\\\/\\\/redenoticiaz.com.br\\\/litoralsp\\\/2021\\\/03\\\/04\\\/caraguatatuba-e-a-unica-cidade-do-litoral-a-aderir-compra-de-vacina#article\",\"isPartOf\":{\"@id\":\"https:\\\/\\\/redenoticiaz.com.br\\\/litoralsp\\\/2021\\\/03\\\/04\\\/caraguatatuba-e-a-unica-cidade-do-litoral-a-aderir-compra-de-vacina\"},\"author\":{\"name\":\"Leonardo Francisco\",\"@id\":\"https:\\\/\\\/redenoticiaz.com.br\\\/litoralsp\\\/#\\\/schema\\\/person\\\/0f0b8a5bdafefe82841e07ae8d81ecb3\"},\"headline\":\"Caraguatatuba \u00e9 a \u00fanica cidade do Litoral a aderir compra de vacina\",\"datePublished\":\"2021-03-04T21:50:33+00:00\",\"dateModified\":\"2021-03-04T21:52:04+00:00\",\"mainEntityOfPage\":{\"@id\":\"https:\\\/\\\/redenoticiaz.com.br\\\/litoralsp\\\/2021\\\/03\\\/04\\\/caraguatatuba-e-a-unica-cidade-do-litoral-a-aderir-compra-de-vacina\"},\"wordCount\":457,\"commentCount\":0,\"publisher\":{\"@id\":\"https:\\\/\\\/redenoticiaz.com.br\\\/litoralsp\\\/#organization\"},\"image\":{\"@id\":\"https:\\\/\\\/redenoticiaz.com.br\\\/litoralsp\\\/2021\\\/03\\\/04\\\/caraguatatuba-e-a-unica-cidade-do-litoral-a-aderir-compra-de-vacina#primaryimage\"},\"thumbnailUrl\":\"https:\\\/\\\/redenoticiaz.com.br\\\/litoralsp\\\/wp-content\\\/uploads\\\/sites\\\/3\\\/2021\\\/03\\\/coronavac.jpg\",\"keywords\":[\"ADES\u00c3O\",\"CARAGUATATUBA\",\"COMPRA\",\"CONS\u00d3RCIO\",\"Covid-19\",\"FRENTE NACIONAL DE PREFEITOS\",\"saude\",\"vacina\"],\"articleSection\":[\"Caraguatatuba\",\"Sa\u00fade\"],\"inLanguage\":\"pt-BR\",\"potentialAction\":[{\"@type\":\"CommentAction\",\"name\":\"Comment\",\"target\":[\"https:\\\/\\\/redenoticiaz.com.br\\\/litoralsp\\\/2021\\\/03\\\/04\\\/caraguatatuba-e-a-unica-cidade-do-litoral-a-aderir-compra-de-vacina#respond\"]}]},{\"@type\":\"WebPage\",\"@id\":\"https:\\\/\\\/redenoticiaz.com.br\\\/litoralsp\\\/2021\\\/03\\\/04\\\/caraguatatuba-e-a-unica-cidade-do-litoral-a-aderir-compra-de-vacina\",\"url\":\"https:\\\/\\\/redenoticiaz.com.br\\\/litoralsp\\\/2021\\\/03\\\/04\\\/caraguatatuba-e-a-unica-cidade-do-litoral-a-aderir-compra-de-vacina\",\"name\":\"Caraguatatuba \u00e9 a \u00fanica cidade do Litoral a aderir compra de vacina - Litoral SP\",\"isPartOf\":{\"@id\":\"https:\\\/\\\/redenoticiaz.com.br\\\/litoralsp\\\/#website\"},\"primaryImageOfPage\":{\"@id\":\"https:\\\/\\\/redenoticiaz.com.br\\\/litoralsp\\\/2021\\\/03\\\/04\\\/caraguatatuba-e-a-unica-cidade-do-litoral-a-aderir-compra-de-vacina#primaryimage\"},\"image\":{\"@id\":\"https:\\\/\\\/redenoticiaz.com.br\\\/litoralsp\\\/2021\\\/03\\\/04\\\/caraguatatuba-e-a-unica-cidade-do-litoral-a-aderir-compra-de-vacina#primaryimage\"},\"thumbnailUrl\":\"https:\\\/\\\/redenoticiaz.com.br\\\/litoralsp\\\/wp-content\\\/uploads\\\/sites\\\/3\\\/2021\\\/03\\\/coronavac.jpg\",\"datePublished\":\"2021-03-04T21:50:33+00:00\",\"dateModified\":\"2021-03-04T21:52:04+00:00\",\"description\":\"V\u00e1rias cidades do Brasil est\u00e3o aderindo ao cons\u00f3rcio para a compra da vacina contra a COVID-19. No Litoral Norte at\u00e9 o momento, s\u00f3 Caraguatatuba aderiu a participar\",\"inLanguage\":\"pt-BR\",\"potentialAction\":[{\"@type\":\"ReadAction\",\"target\":[\"https:\\\/\\\/redenoticiaz.com.br\\\/litoralsp\\\/2021\\\/03\\\/04\\\/caraguatatuba-e-a-unica-cidade-do-litoral-a-aderir-compra-de-vacina\"]}]},{\"@type\":\"ImageObject\",\"inLanguage\":\"pt-BR\",\"@id\":\"https:\\\/\\\/redenoticiaz.com.br\\\/litoralsp\\\/2021\\\/03\\\/04\\\/caraguatatuba-e-a-unica-cidade-do-litoral-a-aderir-compra-de-vacina#primaryimage\",\"url\":\"https:\\\/\\\/redenoticiaz.com.br\\\/litoralsp\\\/wp-content\\\/uploads\\\/sites\\\/3\\\/2021\\\/03\\\/coronavac.jpg\",\"contentUrl\":\"https:\\\/\\\/redenoticiaz.com.br\\\/litoralsp\\\/wp-content\\\/uploads\\\/sites\\\/3\\\/2021\\\/03\\\/coronavac.jpg\",\"width\":984,\"height\":573,\"caption\":\"Butantan entrega mais de 3 milh\u00f5es de doses da CoronaVac\"},{\"@type\":\"WebSite\",\"@id\":\"https:\\\/\\\/redenoticiaz.com.br\\\/litoralsp\\\/#website\",\"url\":\"https:\\\/\\\/redenoticiaz.com.br\\\/litoralsp\\\/\",\"name\":\"Litoral SP\",\"description\":\"Rede NoticiaZ\",\"publisher\":{\"@id\":\"https:\\\/\\\/redenoticiaz.com.br\\\/litoralsp\\\/#organization\"},\"potentialAction\":[{\"@type\":\"SearchAction\",\"target\":{\"@type\":\"EntryPoint\",\"urlTemplate\":\"https:\\\/\\\/redenoticiaz.com.br\\\/litoralsp\\\/?s={search_term_string}\"},\"query-input\":{\"@type\":\"PropertyValueSpecification\",\"valueRequired\":true,\"valueName\":\"search_term_string\"}}],\"inLanguage\":\"pt-BR\"},{\"@type\":\"Organization\",\"@id\":\"https:\\\/\\\/redenoticiaz.com.br\\\/litoralsp\\\/#organization\",\"name\":\"Litoral SP\",\"url\":\"https:\\\/\\\/redenoticiaz.com.br\\\/litoralsp\\\/\",\"logo\":{\"@type\":\"ImageObject\",\"inLanguage\":\"pt-BR\",\"@id\":\"https:\\\/\\\/redenoticiaz.com.br\\\/litoralsp\\\/#\\\/schema\\\/logo\\\/image\\\/\",\"url\":\"https:\\\/\\\/redenoticiaz.com.br\\\/litoralsp\\\/wp-content\\\/uploads\\\/sites\\\/3\\\/2020\\\/11\\\/logo.jpg\",\"contentUrl\":\"https:\\\/\\\/redenoticiaz.com.br\\\/litoralsp\\\/wp-content\\\/uploads\\\/sites\\\/3\\\/2020\\\/11\\\/logo.jpg\",\"width\":400,\"height\":250,\"caption\":\"Litoral SP\"},\"image\":{\"@id\":\"https:\\\/\\\/redenoticiaz.com.br\\\/litoralsp\\\/#\\\/schema\\\/logo\\\/image\\\/\"}},{\"@type\":\"Person\",\"@id\":\"https:\\\/\\\/redenoticiaz.com.br\\\/litoralsp\\\/#\\\/schema\\\/person\\\/0f0b8a5bdafefe82841e07ae8d81ecb3\",\"name\":\"Leonardo Francisco\",\"image\":{\"@type\":\"ImageObject\",\"inLanguage\":\"pt-BR\",\"@id\":\"https:\\\/\\\/secure.gravatar.com\\\/avatar\\\/a7358cb406a99b682ec6df1e77e31ae82e63601f6784e8a3df411d72b37864da?s=96&d=mm&r=g\",\"url\":\"https:\\\/\\\/secure.gravatar.com\\\/avatar\\\/a7358cb406a99b682ec6df1e77e31ae82e63601f6784e8a3df411d72b37864da?s=96&d=mm&r=g\",\"contentUrl\":\"https:\\\/\\\/secure.gravatar.com\\\/avatar\\\/a7358cb406a99b682ec6df1e77e31ae82e63601f6784e8a3df411d72b37864da?s=96&d=mm&r=g\",\"caption\":\"Leonardo Francisco\"},\"url\":\"https:\\\/\\\/redenoticiaz.com.br\\\/litoralsp\\\/author\\\/leonardo-francisco\"}]}<\/script>\n<!-- \/ Yoast SEO plugin. -->","yoast_head_json":{"title":"Caraguatatuba \u00e9 a \u00fanica cidade do Litoral a aderir compra de vacina - Litoral SP","description":"V\u00e1rias cidades do Brasil est\u00e3o aderindo ao cons\u00f3rcio para a compra da vacina contra a COVID-19. No Litoral Norte at\u00e9 o momento, s\u00f3 Caraguatatuba aderiu a participar","robots":{"index":"index","follow":"follow","max-snippet":"max-snippet:-1","max-image-preview":"max-image-preview:large","max-video-preview":"max-video-preview:-1"},"canonical":"https:\/\/redenoticiaz.com.br\/litoralsp\/2021\/03\/04\/caraguatatuba-e-a-unica-cidade-do-litoral-a-aderir-compra-de-vacina","og_locale":"pt_BR","og_type":"article","og_title":"Caraguatatuba \u00e9 a \u00fanica cidade do Litoral a aderir compra de vacina - Litoral SP","og_description":"V\u00e1rias cidades do Brasil est\u00e3o aderindo ao cons\u00f3rcio para a compra da vacina contra a COVID-19. No Litoral Norte at\u00e9 o momento, s\u00f3 Caraguatatuba aderiu a participar","og_url":"https:\/\/redenoticiaz.com.br\/litoralsp\/2021\/03\/04\/caraguatatuba-e-a-unica-cidade-do-litoral-a-aderir-compra-de-vacina","og_site_name":"Litoral SP","article_published_time":"2021-03-04T21:50:33+00:00","article_modified_time":"2021-03-04T21:52:04+00:00","og_image":[{"width":984,"height":573,"url":"https:\/\/redenoticiaz.com.br\/litoralsp\/wp-content\/uploads\/sites\/3\/2021\/03\/coronavac.jpg","type":"image\/jpeg"}],"author":"Leonardo Francisco","twitter_card":"summary_large_image","twitter_misc":{"Escrito por":"Leonardo Francisco","Est. tempo de leitura":"2 minutos"},"schema":{"@context":"https:\/\/schema.org","@graph":[{"@type":"Article","@id":"https:\/\/redenoticiaz.com.br\/litoralsp\/2021\/03\/04\/caraguatatuba-e-a-unica-cidade-do-litoral-a-aderir-compra-de-vacina#article","isPartOf":{"@id":"https:\/\/redenoticiaz.com.br\/litoralsp\/2021\/03\/04\/caraguatatuba-e-a-unica-cidade-do-litoral-a-aderir-compra-de-vacina"},"author":{"name":"Leonardo Francisco","@id":"https:\/\/redenoticiaz.com.br\/litoralsp\/#\/schema\/person\/0f0b8a5bdafefe82841e07ae8d81ecb3"},"headline":"Caraguatatuba \u00e9 a \u00fanica cidade do Litoral a aderir compra de vacina","datePublished":"2021-03-04T21:50:33+00:00","dateModified":"2021-03-04T21:52:04+00:00","mainEntityOfPage":{"@id":"https:\/\/redenoticiaz.com.br\/litoralsp\/2021\/03\/04\/caraguatatuba-e-a-unica-cidade-do-litoral-a-aderir-compra-de-vacina"},"wordCount":457,"commentCount":0,"publisher":{"@id":"https:\/\/redenoticiaz.com.br\/litoralsp\/#organization"},"image":{"@id":"https:\/\/redenoticiaz.com.br\/litoralsp\/2021\/03\/04\/caraguatatuba-e-a-unica-cidade-do-litoral-a-aderir-compra-de-vacina#primaryimage"},"thumbnailUrl":"https:\/\/redenoticiaz.com.br\/litoralsp\/wp-content\/uploads\/sites\/3\/2021\/03\/coronavac.jpg","keywords":["ADES\u00c3O","CARAGUATATUBA","COMPRA","CONS\u00d3RCIO","Covid-19","FRENTE NACIONAL DE PREFEITOS","saude","vacina"],"articleSection":["Caraguatatuba","Sa\u00fade"],"inLanguage":"pt-BR","potentialAction":[{"@type":"CommentAction","name":"Comment","target":["https:\/\/redenoticiaz.com.br\/litoralsp\/2021\/03\/04\/caraguatatuba-e-a-unica-cidade-do-litoral-a-aderir-compra-de-vacina#respond"]}]},{"@type":"WebPage","@id":"https:\/\/redenoticiaz.com.br\/litoralsp\/2021\/03\/04\/caraguatatuba-e-a-unica-cidade-do-litoral-a-aderir-compra-de-vacina","url":"https:\/\/redenoticiaz.com.br\/litoralsp\/2021\/03\/04\/caraguatatuba-e-a-unica-cidade-do-litoral-a-aderir-compra-de-vacina","name":"Caraguatatuba \u00e9 a \u00fanica cidade do Litoral a aderir compra de vacina - Litoral SP","isPartOf":{"@id":"https:\/\/redenoticiaz.com.br\/litoralsp\/#website"},"primaryImageOfPage":{"@id":"https:\/\/redenoticiaz.com.br\/litoralsp\/2021\/03\/04\/caraguatatuba-e-a-unica-cidade-do-litoral-a-aderir-compra-de-vacina#primaryimage"},"image":{"@id":"https:\/\/redenoticiaz.com.br\/litoralsp\/2021\/03\/04\/caraguatatuba-e-a-unica-cidade-do-litoral-a-aderir-compra-de-vacina#primaryimage"},"thumbnailUrl":"https:\/\/redenoticiaz.com.br\/litoralsp\/wp-content\/uploads\/sites\/3\/2021\/03\/coronavac.jpg","datePublished":"2021-03-04T21:50:33+00:00","dateModified":"2021-03-04T21:52:04+00:00","description":"V\u00e1rias cidades do Brasil est\u00e3o aderindo ao cons\u00f3rcio para a compra da vacina contra a COVID-19. No Litoral Norte at\u00e9 o momento, s\u00f3 Caraguatatuba aderiu a participar","inLanguage":"pt-BR","potentialAction":[{"@type":"ReadAction","target":["https:\/\/redenoticiaz.com.br\/litoralsp\/2021\/03\/04\/caraguatatuba-e-a-unica-cidade-do-litoral-a-aderir-compra-de-vacina"]}]},{"@type":"ImageObject","inLanguage":"pt-BR","@id":"https:\/\/redenoticiaz.com.br\/litoralsp\/2021\/03\/04\/caraguatatuba-e-a-unica-cidade-do-litoral-a-aderir-compra-de-vacina#primaryimage","url":"https:\/\/redenoticiaz.com.br\/litoralsp\/wp-content\/uploads\/sites\/3\/2021\/03\/coronavac.jpg","contentUrl":"https:\/\/redenoticiaz.com.br\/litoralsp\/wp-content\/uploads\/sites\/3\/2021\/03\/coronavac.jpg","width":984,"height":573,"caption":"Butantan entrega mais de 3 milh\u00f5es de doses da CoronaVac"},{"@type":"WebSite","@id":"https:\/\/redenoticiaz.com.br\/litoralsp\/#website","url":"https:\/\/redenoticiaz.com.br\/litoralsp\/","name":"Litoral SP","description":"Rede NoticiaZ","publisher":{"@id":"https:\/\/redenoticiaz.com.br\/litoralsp\/#organization"},"potentialAction":[{"@type":"SearchAction","target":{"@type":"EntryPoint","urlTemplate":"https:\/\/redenoticiaz.com.br\/litoralsp\/?s={search_term_string}"},"query-input":{"@type":"PropertyValueSpecification","valueRequired":true,"valueName":"search_term_string"}}],"inLanguage":"pt-BR"},{"@type":"Organization","@id":"https:\/\/redenoticiaz.com.br\/litoralsp\/#organization","name":"Litoral SP","url":"https:\/\/redenoticiaz.com.br\/litoralsp\/","logo":{"@type":"ImageObject","inLanguage":"pt-BR","@id":"https:\/\/redenoticiaz.com.br\/litoralsp\/#\/schema\/logo\/image\/","url":"https:\/\/redenoticiaz.com.br\/litoralsp\/wp-content\/uploads\/sites\/3\/2020\/11\/logo.jpg","contentUrl":"https:\/\/redenoticiaz.com.br\/litoralsp\/wp-content\/uploads\/sites\/3\/2020\/11\/logo.jpg","width":400,"height":250,"caption":"Litoral SP"},"image":{"@id":"https:\/\/redenoticiaz.com.br\/litoralsp\/#\/schema\/logo\/image\/"}},{"@type":"Person","@id":"https:\/\/redenoticiaz.com.br\/litoralsp\/#\/schema\/person\/0f0b8a5bdafefe82841e07ae8d81ecb3","name":"Leonardo Francisco","image":{"@type":"ImageObject","inLanguage":"pt-BR","@id":"https:\/\/secure.gravatar.com\/avatar\/a7358cb406a99b682ec6df1e77e31ae82e63601f6784e8a3df411d72b37864da?s=96&d=mm&r=g","url":"https:\/\/secure.gravatar.com\/avatar\/a7358cb406a99b682ec6df1e77e31ae82e63601f6784e8a3df411d72b37864da?s=96&d=mm&r=g","contentUrl":"https:\/\/secure.gravatar.com\/avatar\/a7358cb406a99b682ec6df1e77e31ae82e63601f6784e8a3df411d72b37864da?s=96&d=mm&r=g","caption":"Leonardo Francisco"},"url":"https:\/\/redenoticiaz.com.br\/litoralsp\/author\/leonardo-francisco"}]}},"_links":{"self":[{"href":"https:\/\/redenoticiaz.com.br\/litoralsp\/wp-json\/wp\/v2\/posts\/5162","targetHints":{"allow":["GET"]}}],"collection":[{"href":"https:\/\/redenoticiaz.com.br\/litoralsp\/wp-json\/wp\/v2\/posts"}],"about":[{"href":"https:\/\/redenoticiaz.com.br\/litoralsp\/wp-json\/wp\/v2\/types\/post"}],"author":[{"embeddable":true,"href":"https:\/\/redenoticiaz.com.br\/litoralsp\/wp-json\/wp\/v2\/users\/6"}],"replies":[{"embeddable":true,"href":"https:\/\/redenoticiaz.com.br\/litoralsp\/wp-json\/wp\/v2\/comments?post=5162"}],"version-history":[{"count":1,"href":"https:\/\/redenoticiaz.com.br\/litoralsp\/wp-json\/wp\/v2\/posts\/5162\/revisions"}],"predecessor-version":[{"id":5164,"href":"https:\/\/redenoticiaz.com.br\/litoralsp\/wp-json\/wp\/v2\/posts\/5162\/revisions\/5164"}],"wp:featuredmedia":[{"embeddable":true,"href":"https:\/\/redenoticiaz.com.br\/litoralsp\/wp-json\/wp\/v2\/media\/5163"}],"wp:attachment":[{"href":"https:\/\/redenoticiaz.com.br\/litoralsp\/wp-json\/wp\/v2\/media?parent=5162"}],"wp:term":[{"taxonomy":"category","embeddable":true,"href":"https:\/\/redenoticiaz.com.br\/litoralsp\/wp-json\/wp\/v2\/categories?post=5162"},{"taxonomy":"post_tag","embeddable":true,"href":"https:\/\/redenoticiaz.com.br\/litoralsp\/wp-json\/wp\/v2\/tags?post=5162"}],"curies":[{"name":"wp","href":"https:\/\/api.w.org\/{rel}","templated":true}]}}