{"id":5322,"date":"2021-03-07T18:38:55","date_gmt":"2021-03-07T21:38:55","guid":{"rendered":"https:\/\/redenoticiaz.com.br\/litoralsp\/?p=5322"},"modified":"2021-03-07T18:38:55","modified_gmt":"2021-03-07T21:38:55","slug":"pesca-irregular-e-flagrada-pela-policia-ambiental-no-guaruja","status":"publish","type":"post","link":"https:\/\/redenoticiaz.com.br\/litoralsp\/2021\/03\/07\/pesca-irregular-e-flagrada-pela-policia-ambiental-no-guaruja","title":{"rendered":"Pesca irregular \u00e9 flagrada pela Pol\u00edcia Ambiental no Guaruj\u00e1"},"content":{"rendered":"<p>Os Policiais Ambientais flagraram uma pesca irregular no Guaruj\u00e1. O trabalho foi realizado pelo Policiamento Ostensivo N\u00e1utico, Companhia de<a href=\"https:\/\/www.policiamilitar.sp.gov.br\/unidades\/ambiental\/index.html\"> Pol\u00edcia Militar Ambiental<\/a> Mar\u00edtima do 3\u00b0 BPAmb, a CiaMar. Foi durante um patrulhamento preventivo quando os PMs avistaram uma embarca\u00e7\u00e3o com dois pescadores. Eles estavam retirando uma rede de emalhe, em local inserido no interior da \u00c1rea de Prote\u00e7\u00e3o Ambiental Marinha Litoral Centro Setor Guaibe. Os dois foram abordados e os tripulante falaram que n\u00e3o tinham carteira de pescador, contrariando a legisla\u00e7\u00e3o pesqueira vigente.<\/p>\n<p>Foi elaborado auto de infra\u00e7\u00e3o ambiental no valor de R$3.200,00, apreens\u00e3o de 30 quilos de peixes diversos, a embarca\u00e7\u00e3o e rede de emalhe.<\/p>\n<div id='gallery-1' class='gallery galleryid-5322 gallery-columns-2 gallery-size-large'><figure class='gallery-item'>\n\t\t\t<div class='gallery-icon portrait'>\n\t\t\t\t<a href='https:\/\/redenoticiaz.com.br\/litoralsp\/2021\/03\/07\/pesca-irregular-e-flagrada-pela-policia-ambiental-no-guaruja\/ambiental-1'><img loading=\"lazy\" decoding=\"async\" width=\"768\" height=\"1024\" src=\"https:\/\/redenoticiaz.com.br\/litoralsp\/wp-content\/uploads\/sites\/3\/2021\/03\/ambiental-1-768x1024.jpg\" class=\"attachment-large size-large\" alt=\"\" srcset=\"https:\/\/redenoticiaz.com.br\/litoralsp\/wp-content\/uploads\/sites\/3\/2021\/03\/ambiental-1-768x1024.jpg 768w, https:\/\/redenoticiaz.com.br\/litoralsp\/wp-content\/uploads\/sites\/3\/2021\/03\/ambiental-1-225x300.jpg 225w, https:\/\/redenoticiaz.com.br\/litoralsp\/wp-content\/uploads\/sites\/3\/2021\/03\/ambiental-1.jpg 810w\" sizes=\"auto, (max-width: 768px) 100vw, 768px\" \/><\/a>\n\t\t\t<\/div><\/figure><figure class='gallery-item'>\n\t\t\t<div class='gallery-icon landscape'>\n\t\t\t\t<a href='https:\/\/redenoticiaz.com.br\/litoralsp\/2021\/03\/07\/pesca-irregular-e-flagrada-pela-policia-ambiental-no-guaruja\/ambiental-3-3'><img loading=\"lazy\" decoding=\"async\" width=\"1024\" height=\"768\" src=\"https:\/\/redenoticiaz.com.br\/litoralsp\/wp-content\/uploads\/sites\/3\/2021\/03\/ambiental-3-1024x768.jpg\" class=\"attachment-large size-large\" alt=\"\" srcset=\"https:\/\/redenoticiaz.com.br\/litoralsp\/wp-content\/uploads\/sites\/3\/2021\/03\/ambiental-3-1024x768.jpg 1024w, https:\/\/redenoticiaz.com.br\/litoralsp\/wp-content\/uploads\/sites\/3\/2021\/03\/ambiental-3-300x225.jpg 300w, https:\/\/redenoticiaz.com.br\/litoralsp\/wp-content\/uploads\/sites\/3\/2021\/03\/ambiental-3-768x576.jpg 768w, https:\/\/redenoticiaz.com.br\/litoralsp\/wp-content\/uploads\/sites\/3\/2021\/03\/ambiental-3.jpg 1280w\" sizes=\"auto, (max-width: 1024px) 100vw, 1024px\" \/><\/a>\n\t\t\t<\/div><\/figure>\n\t\t<\/div>\n\n<p>DOA\u00c7\u00c3O<\/p>\n<p>Todo o pescado apreendido foi imediatamente doado para o \u201cLar de Idosos Eno Greg\u00f3rio&#8221;.<\/p>\n<p>Den\u00fancias podem ser feitas pelo tel.: 13 3348-4750<\/p>\n<p>&nbsp;<\/p>\n<p>LEIA TAMB\u00c9M<\/p>\n<p><a href=\"https:\/\/redenoticiaz.com.br\/litoralsp\/2021\/03\/07\/video-em-israel-ernesto-araujo-e-repreendido-por-nao-usar-mascara\">V\u00cdDEO em Israel \u2013 Ernesto Ara\u00fajo \u00e9 repreendido por n\u00e3o usar m\u00e1scara<\/a><\/p>\n","protected":false},"excerpt":{"rendered":"<p>Os Policiais Ambientais flagraram uma pesca irregular no Guaruj\u00e1. O trabalho foi realizado pelo Policiamento Ostensivo N\u00e1utico, Companhia de Pol\u00edcia Militar Ambiental Mar\u00edtima do 3\u00b0 BPAmb, a CiaMar. Foi durante um patrulhamento preventivo quando os PMs avistaram uma embarca\u00e7\u00e3o com dois pescadores. Eles estavam retirando uma rede de emalhe, em local inserido no interior da &hellip;<\/p>\n","protected":false},"author":5,"featured_media":5325,"comment_status":"open","ping_status":"closed","sticky":false,"template":"","format":"standard","meta":{"footnotes":""},"categories":[187,1487,10],"tags":[14758,13675,4299,4779,14757],"class_list":["post-5322","post","type-post","status-publish","format-standard","has-post-thumbnail","hentry","category-guaruja","category-meio-ambiente","category-policia","tag-apreende-peixes","tag-ciamar","tag-pma","tag-policia-militar-ambiental","tag-rede-de-emalhe"],"yoast_head":"<!-- This site is optimized with the Yoast SEO plugin v27.4 - https:\/\/yoast.com\/product\/yoast-seo-wordpress\/ -->\n<title>Pesca irregular \u00e9 flagrada pela Pol\u00edcia Ambiental no Guaruj\u00e1 - Litoral SP<\/title>\n<meta name=\"description\" content=\"Os Policiais Ambientais flagraram uma pesca irregular no Guaruj\u00e1. O trabalho foi realizado pelo Policiamento Ostensivo N\u00e1utico, Pol\u00edcia Militar Ambiental\" \/>\n<meta name=\"robots\" content=\"index, follow, max-snippet:-1, max-image-preview:large, max-video-preview:-1\" \/>\n<link rel=\"canonical\" href=\"https:\/\/redenoticiaz.com.br\/litoralsp\/2021\/03\/07\/pesca-irregular-e-flagrada-pela-policia-ambiental-no-guaruja\" \/>\n<meta property=\"og:locale\" content=\"pt_BR\" \/>\n<meta property=\"og:type\" content=\"article\" \/>\n<meta property=\"og:title\" content=\"Pesca irregular \u00e9 flagrada pela Pol\u00edcia Ambiental no Guaruj\u00e1 - Litoral SP\" \/>\n<meta property=\"og:description\" content=\"Os Policiais Ambientais flagraram uma pesca irregular no Guaruj\u00e1. O trabalho foi realizado pelo Policiamento Ostensivo N\u00e1utico, Pol\u00edcia Militar Ambiental\" \/>\n<meta property=\"og:url\" content=\"https:\/\/redenoticiaz.com.br\/litoralsp\/2021\/03\/07\/pesca-irregular-e-flagrada-pela-policia-ambiental-no-guaruja\" \/>\n<meta property=\"og:site_name\" content=\"Litoral SP\" \/>\n<meta property=\"article:published_time\" content=\"2021-03-07T21:38:55+00:00\" \/>\n<meta property=\"og:image\" content=\"https:\/\/redenoticiaz.com.br\/litoralsp\/wp-content\/uploads\/sites\/3\/2021\/03\/ambiental-2.jpg\" \/>\n\t<meta property=\"og:image:width\" content=\"1440\" \/>\n\t<meta property=\"og:image:height\" content=\"1080\" \/>\n\t<meta property=\"og:image:type\" content=\"image\/jpeg\" \/>\n<meta name=\"author\" content=\"Patr\u00edcia Prado\" \/>\n<meta name=\"twitter:card\" content=\"summary_large_image\" \/>\n<meta name=\"twitter:label1\" content=\"Escrito por\" \/>\n\t<meta name=\"twitter:data1\" content=\"Patr\u00edcia Prado\" \/>\n\t<meta name=\"twitter:label2\" content=\"Est. tempo de leitura\" \/>\n\t<meta name=\"twitter:data2\" content=\"1 minuto\" \/>\n<script type=\"application\/ld+json\" class=\"yoast-schema-graph\">{\"@context\":\"https:\\\/\\\/schema.org\",\"@graph\":[{\"@type\":\"Article\",\"@id\":\"https:\\\/\\\/redenoticiaz.com.br\\\/litoralsp\\\/2021\\\/03\\\/07\\\/pesca-irregular-e-flagrada-pela-policia-ambiental-no-guaruja#article\",\"isPartOf\":{\"@id\":\"https:\\\/\\\/redenoticiaz.com.br\\\/litoralsp\\\/2021\\\/03\\\/07\\\/pesca-irregular-e-flagrada-pela-policia-ambiental-no-guaruja\"},\"author\":{\"name\":\"Patr\u00edcia Prado\",\"@id\":\"https:\\\/\\\/redenoticiaz.com.br\\\/litoralsp\\\/#\\\/schema\\\/person\\\/e1b0bd8c2637e2c1b6ddcbc2c33b116f\"},\"headline\":\"Pesca irregular \u00e9 flagrada pela Pol\u00edcia Ambiental no Guaruj\u00e1\",\"datePublished\":\"2021-03-07T21:38:55+00:00\",\"mainEntityOfPage\":{\"@id\":\"https:\\\/\\\/redenoticiaz.com.br\\\/litoralsp\\\/2021\\\/03\\\/07\\\/pesca-irregular-e-flagrada-pela-policia-ambiental-no-guaruja\"},\"wordCount\":171,\"commentCount\":0,\"publisher\":{\"@id\":\"https:\\\/\\\/redenoticiaz.com.br\\\/litoralsp\\\/#organization\"},\"image\":{\"@id\":\"https:\\\/\\\/redenoticiaz.com.br\\\/litoralsp\\\/2021\\\/03\\\/07\\\/pesca-irregular-e-flagrada-pela-policia-ambiental-no-guaruja#primaryimage\"},\"thumbnailUrl\":\"https:\\\/\\\/redenoticiaz.com.br\\\/litoralsp\\\/wp-content\\\/uploads\\\/sites\\\/3\\\/2021\\\/03\\\/ambiental-2.jpg\",\"keywords\":[\"APREENDE PEIXES\",\"CIAMAR\",\"PMA\",\"Pol\u00edcia Militar Ambiental\",\"REDE DE EMALHE\"],\"articleSection\":[\"Guaruj\u00e1\",\"Meio Ambiente\",\"Pol\u00edcia\"],\"inLanguage\":\"pt-BR\",\"potentialAction\":[{\"@type\":\"CommentAction\",\"name\":\"Comment\",\"target\":[\"https:\\\/\\\/redenoticiaz.com.br\\\/litoralsp\\\/2021\\\/03\\\/07\\\/pesca-irregular-e-flagrada-pela-policia-ambiental-no-guaruja#respond\"]}]},{\"@type\":\"WebPage\",\"@id\":\"https:\\\/\\\/redenoticiaz.com.br\\\/litoralsp\\\/2021\\\/03\\\/07\\\/pesca-irregular-e-flagrada-pela-policia-ambiental-no-guaruja\",\"url\":\"https:\\\/\\\/redenoticiaz.com.br\\\/litoralsp\\\/2021\\\/03\\\/07\\\/pesca-irregular-e-flagrada-pela-policia-ambiental-no-guaruja\",\"name\":\"Pesca irregular \u00e9 flagrada pela Pol\u00edcia Ambiental no Guaruj\u00e1 - Litoral SP\",\"isPartOf\":{\"@id\":\"https:\\\/\\\/redenoticiaz.com.br\\\/litoralsp\\\/#website\"},\"primaryImageOfPage\":{\"@id\":\"https:\\\/\\\/redenoticiaz.com.br\\\/litoralsp\\\/2021\\\/03\\\/07\\\/pesca-irregular-e-flagrada-pela-policia-ambiental-no-guaruja#primaryimage\"},\"image\":{\"@id\":\"https:\\\/\\\/redenoticiaz.com.br\\\/litoralsp\\\/2021\\\/03\\\/07\\\/pesca-irregular-e-flagrada-pela-policia-ambiental-no-guaruja#primaryimage\"},\"thumbnailUrl\":\"https:\\\/\\\/redenoticiaz.com.br\\\/litoralsp\\\/wp-content\\\/uploads\\\/sites\\\/3\\\/2021\\\/03\\\/ambiental-2.jpg\",\"datePublished\":\"2021-03-07T21:38:55+00:00\",\"description\":\"Os Policiais Ambientais flagraram uma pesca irregular no Guaruj\u00e1. O trabalho foi realizado pelo Policiamento Ostensivo N\u00e1utico, Pol\u00edcia Militar Ambiental\",\"inLanguage\":\"pt-BR\",\"potentialAction\":[{\"@type\":\"ReadAction\",\"target\":[\"https:\\\/\\\/redenoticiaz.com.br\\\/litoralsp\\\/2021\\\/03\\\/07\\\/pesca-irregular-e-flagrada-pela-policia-ambiental-no-guaruja\"]}]},{\"@type\":\"ImageObject\",\"inLanguage\":\"pt-BR\",\"@id\":\"https:\\\/\\\/redenoticiaz.com.br\\\/litoralsp\\\/2021\\\/03\\\/07\\\/pesca-irregular-e-flagrada-pela-policia-ambiental-no-guaruja#primaryimage\",\"url\":\"https:\\\/\\\/redenoticiaz.com.br\\\/litoralsp\\\/wp-content\\\/uploads\\\/sites\\\/3\\\/2021\\\/03\\\/ambiental-2.jpg\",\"contentUrl\":\"https:\\\/\\\/redenoticiaz.com.br\\\/litoralsp\\\/wp-content\\\/uploads\\\/sites\\\/3\\\/2021\\\/03\\\/ambiental-2.jpg\",\"width\":1440,\"height\":1080,\"caption\":\"Pesca irregular \u00e9 flagrada pela Pol\u00edcia Ambiental no Guaruj\u00e1\"},{\"@type\":\"WebSite\",\"@id\":\"https:\\\/\\\/redenoticiaz.com.br\\\/litoralsp\\\/#website\",\"url\":\"https:\\\/\\\/redenoticiaz.com.br\\\/litoralsp\\\/\",\"name\":\"Litoral SP\",\"description\":\"Rede NoticiaZ\",\"publisher\":{\"@id\":\"https:\\\/\\\/redenoticiaz.com.br\\\/litoralsp\\\/#organization\"},\"potentialAction\":[{\"@type\":\"SearchAction\",\"target\":{\"@type\":\"EntryPoint\",\"urlTemplate\":\"https:\\\/\\\/redenoticiaz.com.br\\\/litoralsp\\\/?s={search_term_string}\"},\"query-input\":{\"@type\":\"PropertyValueSpecification\",\"valueRequired\":true,\"valueName\":\"search_term_string\"}}],\"inLanguage\":\"pt-BR\"},{\"@type\":\"Organization\",\"@id\":\"https:\\\/\\\/redenoticiaz.com.br\\\/litoralsp\\\/#organization\",\"name\":\"Litoral SP\",\"url\":\"https:\\\/\\\/redenoticiaz.com.br\\\/litoralsp\\\/\",\"logo\":{\"@type\":\"ImageObject\",\"inLanguage\":\"pt-BR\",\"@id\":\"https:\\\/\\\/redenoticiaz.com.br\\\/litoralsp\\\/#\\\/schema\\\/logo\\\/image\\\/\",\"url\":\"https:\\\/\\\/redenoticiaz.com.br\\\/litoralsp\\\/wp-content\\\/uploads\\\/sites\\\/3\\\/2020\\\/11\\\/logo.jpg\",\"contentUrl\":\"https:\\\/\\\/redenoticiaz.com.br\\\/litoralsp\\\/wp-content\\\/uploads\\\/sites\\\/3\\\/2020\\\/11\\\/logo.jpg\",\"width\":400,\"height\":250,\"caption\":\"Litoral SP\"},\"image\":{\"@id\":\"https:\\\/\\\/redenoticiaz.com.br\\\/litoralsp\\\/#\\\/schema\\\/logo\\\/image\\\/\"}},{\"@type\":\"Person\",\"@id\":\"https:\\\/\\\/redenoticiaz.com.br\\\/litoralsp\\\/#\\\/schema\\\/person\\\/e1b0bd8c2637e2c1b6ddcbc2c33b116f\",\"name\":\"Patr\u00edcia Prado\",\"image\":{\"@type\":\"ImageObject\",\"inLanguage\":\"pt-BR\",\"@id\":\"https:\\\/\\\/secure.gravatar.com\\\/avatar\\\/92e358bef22cfcec15e054ae4d9fee04dadf0c772dc4a17b382b8a34a15354c2?s=96&d=mm&r=g\",\"url\":\"https:\\\/\\\/secure.gravatar.com\\\/avatar\\\/92e358bef22cfcec15e054ae4d9fee04dadf0c772dc4a17b382b8a34a15354c2?s=96&d=mm&r=g\",\"contentUrl\":\"https:\\\/\\\/secure.gravatar.com\\\/avatar\\\/92e358bef22cfcec15e054ae4d9fee04dadf0c772dc4a17b382b8a34a15354c2?s=96&d=mm&r=g\",\"caption\":\"Patr\u00edcia Prado\"},\"url\":\"https:\\\/\\\/redenoticiaz.com.br\\\/litoralsp\\\/author\\\/patricia-prado\"}]}<\/script>\n<!-- \/ Yoast SEO plugin. -->","yoast_head_json":{"title":"Pesca irregular \u00e9 flagrada pela Pol\u00edcia Ambiental no Guaruj\u00e1 - Litoral SP","description":"Os Policiais Ambientais flagraram uma pesca irregular no Guaruj\u00e1. O trabalho foi realizado pelo Policiamento Ostensivo N\u00e1utico, Pol\u00edcia Militar Ambiental","robots":{"index":"index","follow":"follow","max-snippet":"max-snippet:-1","max-image-preview":"max-image-preview:large","max-video-preview":"max-video-preview:-1"},"canonical":"https:\/\/redenoticiaz.com.br\/litoralsp\/2021\/03\/07\/pesca-irregular-e-flagrada-pela-policia-ambiental-no-guaruja","og_locale":"pt_BR","og_type":"article","og_title":"Pesca irregular \u00e9 flagrada pela Pol\u00edcia Ambiental no Guaruj\u00e1 - Litoral SP","og_description":"Os Policiais Ambientais flagraram uma pesca irregular no Guaruj\u00e1. O trabalho foi realizado pelo Policiamento Ostensivo N\u00e1utico, Pol\u00edcia Militar Ambiental","og_url":"https:\/\/redenoticiaz.com.br\/litoralsp\/2021\/03\/07\/pesca-irregular-e-flagrada-pela-policia-ambiental-no-guaruja","og_site_name":"Litoral SP","article_published_time":"2021-03-07T21:38:55+00:00","og_image":[{"width":1440,"height":1080,"url":"https:\/\/redenoticiaz.com.br\/litoralsp\/wp-content\/uploads\/sites\/3\/2021\/03\/ambiental-2.jpg","type":"image\/jpeg"}],"author":"Patr\u00edcia Prado","twitter_card":"summary_large_image","twitter_misc":{"Escrito por":"Patr\u00edcia Prado","Est. tempo de leitura":"1 minuto"},"schema":{"@context":"https:\/\/schema.org","@graph":[{"@type":"Article","@id":"https:\/\/redenoticiaz.com.br\/litoralsp\/2021\/03\/07\/pesca-irregular-e-flagrada-pela-policia-ambiental-no-guaruja#article","isPartOf":{"@id":"https:\/\/redenoticiaz.com.br\/litoralsp\/2021\/03\/07\/pesca-irregular-e-flagrada-pela-policia-ambiental-no-guaruja"},"author":{"name":"Patr\u00edcia Prado","@id":"https:\/\/redenoticiaz.com.br\/litoralsp\/#\/schema\/person\/e1b0bd8c2637e2c1b6ddcbc2c33b116f"},"headline":"Pesca irregular \u00e9 flagrada pela Pol\u00edcia Ambiental no Guaruj\u00e1","datePublished":"2021-03-07T21:38:55+00:00","mainEntityOfPage":{"@id":"https:\/\/redenoticiaz.com.br\/litoralsp\/2021\/03\/07\/pesca-irregular-e-flagrada-pela-policia-ambiental-no-guaruja"},"wordCount":171,"commentCount":0,"publisher":{"@id":"https:\/\/redenoticiaz.com.br\/litoralsp\/#organization"},"image":{"@id":"https:\/\/redenoticiaz.com.br\/litoralsp\/2021\/03\/07\/pesca-irregular-e-flagrada-pela-policia-ambiental-no-guaruja#primaryimage"},"thumbnailUrl":"https:\/\/redenoticiaz.com.br\/litoralsp\/wp-content\/uploads\/sites\/3\/2021\/03\/ambiental-2.jpg","keywords":["APREENDE PEIXES","CIAMAR","PMA","Pol\u00edcia Militar Ambiental","REDE DE EMALHE"],"articleSection":["Guaruj\u00e1","Meio Ambiente","Pol\u00edcia"],"inLanguage":"pt-BR","potentialAction":[{"@type":"CommentAction","name":"Comment","target":["https:\/\/redenoticiaz.com.br\/litoralsp\/2021\/03\/07\/pesca-irregular-e-flagrada-pela-policia-ambiental-no-guaruja#respond"]}]},{"@type":"WebPage","@id":"https:\/\/redenoticiaz.com.br\/litoralsp\/2021\/03\/07\/pesca-irregular-e-flagrada-pela-policia-ambiental-no-guaruja","url":"https:\/\/redenoticiaz.com.br\/litoralsp\/2021\/03\/07\/pesca-irregular-e-flagrada-pela-policia-ambiental-no-guaruja","name":"Pesca irregular \u00e9 flagrada pela Pol\u00edcia Ambiental no Guaruj\u00e1 - Litoral SP","isPartOf":{"@id":"https:\/\/redenoticiaz.com.br\/litoralsp\/#website"},"primaryImageOfPage":{"@id":"https:\/\/redenoticiaz.com.br\/litoralsp\/2021\/03\/07\/pesca-irregular-e-flagrada-pela-policia-ambiental-no-guaruja#primaryimage"},"image":{"@id":"https:\/\/redenoticiaz.com.br\/litoralsp\/2021\/03\/07\/pesca-irregular-e-flagrada-pela-policia-ambiental-no-guaruja#primaryimage"},"thumbnailUrl":"https:\/\/redenoticiaz.com.br\/litoralsp\/wp-content\/uploads\/sites\/3\/2021\/03\/ambiental-2.jpg","datePublished":"2021-03-07T21:38:55+00:00","description":"Os Policiais Ambientais flagraram uma pesca irregular no Guaruj\u00e1. O trabalho foi realizado pelo Policiamento Ostensivo N\u00e1utico, Pol\u00edcia Militar Ambiental","inLanguage":"pt-BR","potentialAction":[{"@type":"ReadAction","target":["https:\/\/redenoticiaz.com.br\/litoralsp\/2021\/03\/07\/pesca-irregular-e-flagrada-pela-policia-ambiental-no-guaruja"]}]},{"@type":"ImageObject","inLanguage":"pt-BR","@id":"https:\/\/redenoticiaz.com.br\/litoralsp\/2021\/03\/07\/pesca-irregular-e-flagrada-pela-policia-ambiental-no-guaruja#primaryimage","url":"https:\/\/redenoticiaz.com.br\/litoralsp\/wp-content\/uploads\/sites\/3\/2021\/03\/ambiental-2.jpg","contentUrl":"https:\/\/redenoticiaz.com.br\/litoralsp\/wp-content\/uploads\/sites\/3\/2021\/03\/ambiental-2.jpg","width":1440,"height":1080,"caption":"Pesca irregular \u00e9 flagrada pela Pol\u00edcia Ambiental no Guaruj\u00e1"},{"@type":"WebSite","@id":"https:\/\/redenoticiaz.com.br\/litoralsp\/#website","url":"https:\/\/redenoticiaz.com.br\/litoralsp\/","name":"Litoral SP","description":"Rede NoticiaZ","publisher":{"@id":"https:\/\/redenoticiaz.com.br\/litoralsp\/#organization"},"potentialAction":[{"@type":"SearchAction","target":{"@type":"EntryPoint","urlTemplate":"https:\/\/redenoticiaz.com.br\/litoralsp\/?s={search_term_string}"},"query-input":{"@type":"PropertyValueSpecification","valueRequired":true,"valueName":"search_term_string"}}],"inLanguage":"pt-BR"},{"@type":"Organization","@id":"https:\/\/redenoticiaz.com.br\/litoralsp\/#organization","name":"Litoral SP","url":"https:\/\/redenoticiaz.com.br\/litoralsp\/","logo":{"@type":"ImageObject","inLanguage":"pt-BR","@id":"https:\/\/redenoticiaz.com.br\/litoralsp\/#\/schema\/logo\/image\/","url":"https:\/\/redenoticiaz.com.br\/litoralsp\/wp-content\/uploads\/sites\/3\/2020\/11\/logo.jpg","contentUrl":"https:\/\/redenoticiaz.com.br\/litoralsp\/wp-content\/uploads\/sites\/3\/2020\/11\/logo.jpg","width":400,"height":250,"caption":"Litoral SP"},"image":{"@id":"https:\/\/redenoticiaz.com.br\/litoralsp\/#\/schema\/logo\/image\/"}},{"@type":"Person","@id":"https:\/\/redenoticiaz.com.br\/litoralsp\/#\/schema\/person\/e1b0bd8c2637e2c1b6ddcbc2c33b116f","name":"Patr\u00edcia Prado","image":{"@type":"ImageObject","inLanguage":"pt-BR","@id":"https:\/\/secure.gravatar.com\/avatar\/92e358bef22cfcec15e054ae4d9fee04dadf0c772dc4a17b382b8a34a15354c2?s=96&d=mm&r=g","url":"https:\/\/secure.gravatar.com\/avatar\/92e358bef22cfcec15e054ae4d9fee04dadf0c772dc4a17b382b8a34a15354c2?s=96&d=mm&r=g","contentUrl":"https:\/\/secure.gravatar.com\/avatar\/92e358bef22cfcec15e054ae4d9fee04dadf0c772dc4a17b382b8a34a15354c2?s=96&d=mm&r=g","caption":"Patr\u00edcia Prado"},"url":"https:\/\/redenoticiaz.com.br\/litoralsp\/author\/patricia-prado"}]}},"_links":{"self":[{"href":"https:\/\/redenoticiaz.com.br\/litoralsp\/wp-json\/wp\/v2\/posts\/5322","targetHints":{"allow":["GET"]}}],"collection":[{"href":"https:\/\/redenoticiaz.com.br\/litoralsp\/wp-json\/wp\/v2\/posts"}],"about":[{"href":"https:\/\/redenoticiaz.com.br\/litoralsp\/wp-json\/wp\/v2\/types\/post"}],"author":[{"embeddable":true,"href":"https:\/\/redenoticiaz.com.br\/litoralsp\/wp-json\/wp\/v2\/users\/5"}],"replies":[{"embeddable":true,"href":"https:\/\/redenoticiaz.com.br\/litoralsp\/wp-json\/wp\/v2\/comments?post=5322"}],"version-history":[{"count":1,"href":"https:\/\/redenoticiaz.com.br\/litoralsp\/wp-json\/wp\/v2\/posts\/5322\/revisions"}],"predecessor-version":[{"id":5326,"href":"https:\/\/redenoticiaz.com.br\/litoralsp\/wp-json\/wp\/v2\/posts\/5322\/revisions\/5326"}],"wp:featuredmedia":[{"embeddable":true,"href":"https:\/\/redenoticiaz.com.br\/litoralsp\/wp-json\/wp\/v2\/media\/5325"}],"wp:attachment":[{"href":"https:\/\/redenoticiaz.com.br\/litoralsp\/wp-json\/wp\/v2\/media?parent=5322"}],"wp:term":[{"taxonomy":"category","embeddable":true,"href":"https:\/\/redenoticiaz.com.br\/litoralsp\/wp-json\/wp\/v2\/categories?post=5322"},{"taxonomy":"post_tag","embeddable":true,"href":"https:\/\/redenoticiaz.com.br\/litoralsp\/wp-json\/wp\/v2\/tags?post=5322"}],"curies":[{"name":"wp","href":"https:\/\/api.w.org\/{rel}","templated":true}]}}