{"id":5413,"date":"2021-03-09T15:29:18","date_gmt":"2021-03-09T18:29:18","guid":{"rendered":"https:\/\/redenoticiaz.com.br\/litoralsp\/?p=5413"},"modified":"2021-03-09T15:32:49","modified_gmt":"2021-03-09T18:32:49","slug":"praia-grande-passa-a-contar-com-delegacia-seccional","status":"publish","type":"post","link":"https:\/\/redenoticiaz.com.br\/litoralsp\/2021\/03\/09\/praia-grande-passa-a-contar-com-delegacia-seccional","title":{"rendered":"Praia Grande passa a contar com Delegacia Seccional"},"content":{"rendered":"<p>A partir desta ter\u00e7a-feira (9), <a href=\"http:\/\/www.praiagrande.sp.gov.br\/\">Praia Grande<\/a> contar\u00e1 com a <strong>Delegacia Seccional de Pol\u00edcia Civil<\/strong>. Com isso ela ser\u00e1 respons\u00e1vel pela coordena\u00e7\u00e3o de todas as delegacias da cidade, mas tamb\u00e9m cuidar\u00e1 das unidades de S\u00e3o Vicente, cidade vizinha. Assim mais de 700 mil moradores dos dois munic\u00edpios ser\u00e3o beneficiados.<\/p>\n<p>Por meio de videoconfer\u00eancia, o governador Jo\u00e3o Doria fez a inaugura\u00e7\u00e3o e falou desta novidade. &#8220;A Delegacia Seccional de Praia Grande \u00e9 bastante representativa na influ\u00eancia que tem, n\u00e3o s\u00f3 em Praia Grande mas em toda regi\u00e3o. Essa delegacia representa um sonho para todos n\u00f3s; para a seguran\u00e7a p\u00fablica, para a Prefeitura e para os habitantes da cidade&#8221;, destacou.<\/p>\n<p>A Pol\u00edcia Civil informa que ela ir\u00e1 funcionar no mesmo local que a 3\u00aa Companhia do 45\u00ba Batalh\u00e3o de Pol\u00edcia Militar do Interior (BPM\/I) e a sede da Guarda Civil Municipal, na rua Guimar\u00e3es Rosa, n\u00ba 1.069, Cidade Ocian, em Praia Grande.<\/p>\n<p>Para receber a seccional, o espa\u00e7o passou por adapta\u00e7\u00e3o realizada pela Prefeitura de Praia Grande, que \u00e9 propriet\u00e1ria do terreno. Os m\u00f3veis e computadores necess\u00e1rios para as atividades da delegacia ficaram sob responsabilidade do estado, somando um investimento de R$ 151.152,85.<\/p>\n<h3><strong>Estrutura<\/strong><\/h3>\n<p>A seccional de Praia Grande ir\u00e1 contar com uma recep\u00e7\u00e3o e 11 salas destinadas a delegados, chefia de investiga\u00e7\u00e3o, investigadores, escriv\u00e3o chefe, cart\u00f3rio central, Centro de Comunica\u00e7\u00f5es e Opera\u00e7\u00f5es da Pol\u00edcia Civil (Cepol), cartas precat\u00f3rias, setor de pessoal, reuni\u00f5es\/imprensa, finan\u00e7as, setor de patrim\u00f4nio\/subfrota, al\u00e9m de uma copa e banheiros p\u00fablicos e privativos.<\/p>\n<p>Criada por meio de decreto estadual, em mar\u00e7o de 2020, a seccional de Praia Grande contar\u00e1 com um efetivo de 10 policiais civis, sendo um delegado, um escriv\u00e3o, dois investigadores, quatro agentes policiais e dois de telecomunica\u00e7\u00f5es.<\/p>\n<p>A delegacia ser\u00e1 chefiada pelo delegado Fl\u00e1vio Ruiz Gastaldi e funcionar\u00e1 das 9 \u00e0s 19 horas, beneficiando 690 mil pessoas das cidades de Praia Grande e S\u00e3o Vicente e outras 1,5 milh\u00e3o de popula\u00e7\u00e3o flutuante.<\/p>\n<p><strong>Leia tamb\u00e9m<\/strong><\/p>\n<p><a href=\"https:\/\/redenoticiaz.com.br\/litoralsp\/2021\/03\/02\/palacio-da-policia-tem-interdicao-suspensa\">Pal\u00e1cio da Pol\u00edcia tem interdi\u00e7\u00e3o suspensa<\/a><\/p>\n","protected":false},"excerpt":{"rendered":"<p>A partir desta ter\u00e7a-feira (9), Praia Grande contar\u00e1 com a Delegacia Seccional de Pol\u00edcia Civil. Com isso ela ser\u00e1 respons\u00e1vel pela coordena\u00e7\u00e3o de todas as delegacias da cidade, mas tamb\u00e9m cuidar\u00e1 das unidades de S\u00e3o Vicente, cidade vizinha. Assim mais de 700 mil moradores dos dois munic\u00edpios ser\u00e3o beneficiados. Por meio de videoconfer\u00eancia, o governador &hellip;<\/p>\n","protected":false},"author":6,"featured_media":5414,"comment_status":"open","ping_status":"closed","sticky":false,"template":"","format":"standard","meta":{"footnotes":""},"categories":[10,182],"tags":[15000,5748,1762,1101,33],"class_list":["post-5413","post","type-post","status-publish","format-standard","has-post-thumbnail","hentry","category-policia","category-praia-grande","tag-delegacia-seccional","tag-governador-joao-doria","tag-policia-civil","tag-praia-grande","tag-sao-vicente"],"yoast_head":"<!-- This site is optimized with the Yoast SEO plugin v27.5 - https:\/\/yoast.com\/product\/yoast-seo-wordpress\/ -->\n<title>Praia Grande passa a contar com Delegacia Seccional - Litoral SP<\/title>\n<meta name=\"description\" content=\"A partir desta ter\u00e7a-feira (9), Praia Grande contar\u00e1 com a Delegacia Seccional de Pol\u00edcia Civil. Com isso ela ser\u00e1 respons\u00e1vel pela coordena\u00e7\u00e3o de todas\" \/>\n<meta name=\"robots\" content=\"index, follow, max-snippet:-1, max-image-preview:large, max-video-preview:-1\" \/>\n<link rel=\"canonical\" href=\"https:\/\/redenoticiaz.com.br\/litoralsp\/2021\/03\/09\/praia-grande-passa-a-contar-com-delegacia-seccional\" \/>\n<meta property=\"og:locale\" content=\"pt_BR\" \/>\n<meta property=\"og:type\" content=\"article\" \/>\n<meta property=\"og:title\" content=\"Praia Grande passa a contar com Delegacia Seccional - Litoral SP\" \/>\n<meta property=\"og:description\" content=\"A partir desta ter\u00e7a-feira (9), Praia Grande contar\u00e1 com a Delegacia Seccional de Pol\u00edcia Civil. Com isso ela ser\u00e1 respons\u00e1vel pela coordena\u00e7\u00e3o de todas\" \/>\n<meta property=\"og:url\" content=\"https:\/\/redenoticiaz.com.br\/litoralsp\/2021\/03\/09\/praia-grande-passa-a-contar-com-delegacia-seccional\" \/>\n<meta property=\"og:site_name\" content=\"Litoral SP\" \/>\n<meta property=\"article:published_time\" content=\"2021-03-09T18:29:18+00:00\" \/>\n<meta property=\"article:modified_time\" content=\"2021-03-09T18:32:49+00:00\" \/>\n<meta property=\"og:image\" content=\"https:\/\/redenoticiaz.com.br\/litoralsp\/wp-content\/uploads\/sites\/3\/2021\/03\/delegacia-seccional.jpg\" \/>\n\t<meta property=\"og:image:width\" content=\"780\" \/>\n\t<meta property=\"og:image:height\" content=\"519\" \/>\n\t<meta property=\"og:image:type\" content=\"image\/jpeg\" \/>\n<meta name=\"author\" content=\"Leonardo Francisco\" \/>\n<meta name=\"twitter:card\" content=\"summary_large_image\" \/>\n<meta name=\"twitter:label1\" content=\"Escrito por\" \/>\n\t<meta name=\"twitter:data1\" content=\"Leonardo Francisco\" \/>\n\t<meta name=\"twitter:label2\" content=\"Est. tempo de leitura\" \/>\n\t<meta name=\"twitter:data2\" content=\"2 minutos\" \/>\n<script type=\"application\/ld+json\" class=\"yoast-schema-graph\">{\"@context\":\"https:\\\/\\\/schema.org\",\"@graph\":[{\"@type\":\"Article\",\"@id\":\"https:\\\/\\\/redenoticiaz.com.br\\\/litoralsp\\\/2021\\\/03\\\/09\\\/praia-grande-passa-a-contar-com-delegacia-seccional#article\",\"isPartOf\":{\"@id\":\"https:\\\/\\\/redenoticiaz.com.br\\\/litoralsp\\\/2021\\\/03\\\/09\\\/praia-grande-passa-a-contar-com-delegacia-seccional\"},\"author\":{\"name\":\"Leonardo Francisco\",\"@id\":\"https:\\\/\\\/redenoticiaz.com.br\\\/litoralsp\\\/#\\\/schema\\\/person\\\/0f0b8a5bdafefe82841e07ae8d81ecb3\"},\"headline\":\"Praia Grande passa a contar com Delegacia Seccional\",\"datePublished\":\"2021-03-09T18:29:18+00:00\",\"dateModified\":\"2021-03-09T18:32:49+00:00\",\"mainEntityOfPage\":{\"@id\":\"https:\\\/\\\/redenoticiaz.com.br\\\/litoralsp\\\/2021\\\/03\\\/09\\\/praia-grande-passa-a-contar-com-delegacia-seccional\"},\"wordCount\":370,\"commentCount\":0,\"publisher\":{\"@id\":\"https:\\\/\\\/redenoticiaz.com.br\\\/litoralsp\\\/#organization\"},\"image\":{\"@id\":\"https:\\\/\\\/redenoticiaz.com.br\\\/litoralsp\\\/2021\\\/03\\\/09\\\/praia-grande-passa-a-contar-com-delegacia-seccional#primaryimage\"},\"thumbnailUrl\":\"https:\\\/\\\/redenoticiaz.com.br\\\/litoralsp\\\/wp-content\\\/uploads\\\/sites\\\/3\\\/2021\\\/03\\\/delegacia-seccional.jpg\",\"keywords\":[\"DELEGACIA SECCIONAL\",\"GOVERNADOR JO\u00c3O DORIA\",\"POL\u00cdCIA CIVIL\",\"PRAIA GRANDE\",\"S\u00e3o Vicente\"],\"articleSection\":[\"Pol\u00edcia\",\"Praia Grande\"],\"inLanguage\":\"pt-BR\",\"potentialAction\":[{\"@type\":\"CommentAction\",\"name\":\"Comment\",\"target\":[\"https:\\\/\\\/redenoticiaz.com.br\\\/litoralsp\\\/2021\\\/03\\\/09\\\/praia-grande-passa-a-contar-com-delegacia-seccional#respond\"]}]},{\"@type\":\"WebPage\",\"@id\":\"https:\\\/\\\/redenoticiaz.com.br\\\/litoralsp\\\/2021\\\/03\\\/09\\\/praia-grande-passa-a-contar-com-delegacia-seccional\",\"url\":\"https:\\\/\\\/redenoticiaz.com.br\\\/litoralsp\\\/2021\\\/03\\\/09\\\/praia-grande-passa-a-contar-com-delegacia-seccional\",\"name\":\"Praia Grande passa a contar com Delegacia Seccional - Litoral SP\",\"isPartOf\":{\"@id\":\"https:\\\/\\\/redenoticiaz.com.br\\\/litoralsp\\\/#website\"},\"primaryImageOfPage\":{\"@id\":\"https:\\\/\\\/redenoticiaz.com.br\\\/litoralsp\\\/2021\\\/03\\\/09\\\/praia-grande-passa-a-contar-com-delegacia-seccional#primaryimage\"},\"image\":{\"@id\":\"https:\\\/\\\/redenoticiaz.com.br\\\/litoralsp\\\/2021\\\/03\\\/09\\\/praia-grande-passa-a-contar-com-delegacia-seccional#primaryimage\"},\"thumbnailUrl\":\"https:\\\/\\\/redenoticiaz.com.br\\\/litoralsp\\\/wp-content\\\/uploads\\\/sites\\\/3\\\/2021\\\/03\\\/delegacia-seccional.jpg\",\"datePublished\":\"2021-03-09T18:29:18+00:00\",\"dateModified\":\"2021-03-09T18:32:49+00:00\",\"description\":\"A partir desta ter\u00e7a-feira (9), Praia Grande contar\u00e1 com a Delegacia Seccional de Pol\u00edcia Civil. Com isso ela ser\u00e1 respons\u00e1vel pela coordena\u00e7\u00e3o de todas\",\"inLanguage\":\"pt-BR\",\"potentialAction\":[{\"@type\":\"ReadAction\",\"target\":[\"https:\\\/\\\/redenoticiaz.com.br\\\/litoralsp\\\/2021\\\/03\\\/09\\\/praia-grande-passa-a-contar-com-delegacia-seccional\"]}]},{\"@type\":\"ImageObject\",\"inLanguage\":\"pt-BR\",\"@id\":\"https:\\\/\\\/redenoticiaz.com.br\\\/litoralsp\\\/2021\\\/03\\\/09\\\/praia-grande-passa-a-contar-com-delegacia-seccional#primaryimage\",\"url\":\"https:\\\/\\\/redenoticiaz.com.br\\\/litoralsp\\\/wp-content\\\/uploads\\\/sites\\\/3\\\/2021\\\/03\\\/delegacia-seccional.jpg\",\"contentUrl\":\"https:\\\/\\\/redenoticiaz.com.br\\\/litoralsp\\\/wp-content\\\/uploads\\\/sites\\\/3\\\/2021\\\/03\\\/delegacia-seccional.jpg\",\"width\":780,\"height\":519,\"caption\":\"Cr\u00e9ditos: Divulga\u00e7\u00e3o\\\/Governo de S\u00e3o Paulo\"},{\"@type\":\"WebSite\",\"@id\":\"https:\\\/\\\/redenoticiaz.com.br\\\/litoralsp\\\/#website\",\"url\":\"https:\\\/\\\/redenoticiaz.com.br\\\/litoralsp\\\/\",\"name\":\"Litoral SP\",\"description\":\"Rede NoticiaZ\",\"publisher\":{\"@id\":\"https:\\\/\\\/redenoticiaz.com.br\\\/litoralsp\\\/#organization\"},\"potentialAction\":[{\"@type\":\"SearchAction\",\"target\":{\"@type\":\"EntryPoint\",\"urlTemplate\":\"https:\\\/\\\/redenoticiaz.com.br\\\/litoralsp\\\/?s={search_term_string}\"},\"query-input\":{\"@type\":\"PropertyValueSpecification\",\"valueRequired\":true,\"valueName\":\"search_term_string\"}}],\"inLanguage\":\"pt-BR\"},{\"@type\":\"Organization\",\"@id\":\"https:\\\/\\\/redenoticiaz.com.br\\\/litoralsp\\\/#organization\",\"name\":\"Litoral SP\",\"url\":\"https:\\\/\\\/redenoticiaz.com.br\\\/litoralsp\\\/\",\"logo\":{\"@type\":\"ImageObject\",\"inLanguage\":\"pt-BR\",\"@id\":\"https:\\\/\\\/redenoticiaz.com.br\\\/litoralsp\\\/#\\\/schema\\\/logo\\\/image\\\/\",\"url\":\"https:\\\/\\\/redenoticiaz.com.br\\\/litoralsp\\\/wp-content\\\/uploads\\\/sites\\\/3\\\/2020\\\/11\\\/logo.jpg\",\"contentUrl\":\"https:\\\/\\\/redenoticiaz.com.br\\\/litoralsp\\\/wp-content\\\/uploads\\\/sites\\\/3\\\/2020\\\/11\\\/logo.jpg\",\"width\":400,\"height\":250,\"caption\":\"Litoral SP\"},\"image\":{\"@id\":\"https:\\\/\\\/redenoticiaz.com.br\\\/litoralsp\\\/#\\\/schema\\\/logo\\\/image\\\/\"}},{\"@type\":\"Person\",\"@id\":\"https:\\\/\\\/redenoticiaz.com.br\\\/litoralsp\\\/#\\\/schema\\\/person\\\/0f0b8a5bdafefe82841e07ae8d81ecb3\",\"name\":\"Leonardo Francisco\",\"image\":{\"@type\":\"ImageObject\",\"inLanguage\":\"pt-BR\",\"@id\":\"https:\\\/\\\/secure.gravatar.com\\\/avatar\\\/a7358cb406a99b682ec6df1e77e31ae82e63601f6784e8a3df411d72b37864da?s=96&d=mm&r=g\",\"url\":\"https:\\\/\\\/secure.gravatar.com\\\/avatar\\\/a7358cb406a99b682ec6df1e77e31ae82e63601f6784e8a3df411d72b37864da?s=96&d=mm&r=g\",\"contentUrl\":\"https:\\\/\\\/secure.gravatar.com\\\/avatar\\\/a7358cb406a99b682ec6df1e77e31ae82e63601f6784e8a3df411d72b37864da?s=96&d=mm&r=g\",\"caption\":\"Leonardo Francisco\"},\"url\":\"https:\\\/\\\/redenoticiaz.com.br\\\/litoralsp\\\/author\\\/leonardo-francisco\"}]}<\/script>\n<!-- \/ Yoast SEO plugin. -->","yoast_head_json":{"title":"Praia Grande passa a contar com Delegacia Seccional - Litoral SP","description":"A partir desta ter\u00e7a-feira (9), Praia Grande contar\u00e1 com a Delegacia Seccional de Pol\u00edcia Civil. Com isso ela ser\u00e1 respons\u00e1vel pela coordena\u00e7\u00e3o de todas","robots":{"index":"index","follow":"follow","max-snippet":"max-snippet:-1","max-image-preview":"max-image-preview:large","max-video-preview":"max-video-preview:-1"},"canonical":"https:\/\/redenoticiaz.com.br\/litoralsp\/2021\/03\/09\/praia-grande-passa-a-contar-com-delegacia-seccional","og_locale":"pt_BR","og_type":"article","og_title":"Praia Grande passa a contar com Delegacia Seccional - Litoral SP","og_description":"A partir desta ter\u00e7a-feira (9), Praia Grande contar\u00e1 com a Delegacia Seccional de Pol\u00edcia Civil. Com isso ela ser\u00e1 respons\u00e1vel pela coordena\u00e7\u00e3o de todas","og_url":"https:\/\/redenoticiaz.com.br\/litoralsp\/2021\/03\/09\/praia-grande-passa-a-contar-com-delegacia-seccional","og_site_name":"Litoral SP","article_published_time":"2021-03-09T18:29:18+00:00","article_modified_time":"2021-03-09T18:32:49+00:00","og_image":[{"width":780,"height":519,"url":"https:\/\/redenoticiaz.com.br\/litoralsp\/wp-content\/uploads\/sites\/3\/2021\/03\/delegacia-seccional.jpg","type":"image\/jpeg"}],"author":"Leonardo Francisco","twitter_card":"summary_large_image","twitter_misc":{"Escrito por":"Leonardo Francisco","Est. tempo de leitura":"2 minutos"},"schema":{"@context":"https:\/\/schema.org","@graph":[{"@type":"Article","@id":"https:\/\/redenoticiaz.com.br\/litoralsp\/2021\/03\/09\/praia-grande-passa-a-contar-com-delegacia-seccional#article","isPartOf":{"@id":"https:\/\/redenoticiaz.com.br\/litoralsp\/2021\/03\/09\/praia-grande-passa-a-contar-com-delegacia-seccional"},"author":{"name":"Leonardo Francisco","@id":"https:\/\/redenoticiaz.com.br\/litoralsp\/#\/schema\/person\/0f0b8a5bdafefe82841e07ae8d81ecb3"},"headline":"Praia Grande passa a contar com Delegacia Seccional","datePublished":"2021-03-09T18:29:18+00:00","dateModified":"2021-03-09T18:32:49+00:00","mainEntityOfPage":{"@id":"https:\/\/redenoticiaz.com.br\/litoralsp\/2021\/03\/09\/praia-grande-passa-a-contar-com-delegacia-seccional"},"wordCount":370,"commentCount":0,"publisher":{"@id":"https:\/\/redenoticiaz.com.br\/litoralsp\/#organization"},"image":{"@id":"https:\/\/redenoticiaz.com.br\/litoralsp\/2021\/03\/09\/praia-grande-passa-a-contar-com-delegacia-seccional#primaryimage"},"thumbnailUrl":"https:\/\/redenoticiaz.com.br\/litoralsp\/wp-content\/uploads\/sites\/3\/2021\/03\/delegacia-seccional.jpg","keywords":["DELEGACIA SECCIONAL","GOVERNADOR JO\u00c3O DORIA","POL\u00cdCIA CIVIL","PRAIA GRANDE","S\u00e3o Vicente"],"articleSection":["Pol\u00edcia","Praia Grande"],"inLanguage":"pt-BR","potentialAction":[{"@type":"CommentAction","name":"Comment","target":["https:\/\/redenoticiaz.com.br\/litoralsp\/2021\/03\/09\/praia-grande-passa-a-contar-com-delegacia-seccional#respond"]}]},{"@type":"WebPage","@id":"https:\/\/redenoticiaz.com.br\/litoralsp\/2021\/03\/09\/praia-grande-passa-a-contar-com-delegacia-seccional","url":"https:\/\/redenoticiaz.com.br\/litoralsp\/2021\/03\/09\/praia-grande-passa-a-contar-com-delegacia-seccional","name":"Praia Grande passa a contar com Delegacia Seccional - Litoral SP","isPartOf":{"@id":"https:\/\/redenoticiaz.com.br\/litoralsp\/#website"},"primaryImageOfPage":{"@id":"https:\/\/redenoticiaz.com.br\/litoralsp\/2021\/03\/09\/praia-grande-passa-a-contar-com-delegacia-seccional#primaryimage"},"image":{"@id":"https:\/\/redenoticiaz.com.br\/litoralsp\/2021\/03\/09\/praia-grande-passa-a-contar-com-delegacia-seccional#primaryimage"},"thumbnailUrl":"https:\/\/redenoticiaz.com.br\/litoralsp\/wp-content\/uploads\/sites\/3\/2021\/03\/delegacia-seccional.jpg","datePublished":"2021-03-09T18:29:18+00:00","dateModified":"2021-03-09T18:32:49+00:00","description":"A partir desta ter\u00e7a-feira (9), Praia Grande contar\u00e1 com a Delegacia Seccional de Pol\u00edcia Civil. Com isso ela ser\u00e1 respons\u00e1vel pela coordena\u00e7\u00e3o de todas","inLanguage":"pt-BR","potentialAction":[{"@type":"ReadAction","target":["https:\/\/redenoticiaz.com.br\/litoralsp\/2021\/03\/09\/praia-grande-passa-a-contar-com-delegacia-seccional"]}]},{"@type":"ImageObject","inLanguage":"pt-BR","@id":"https:\/\/redenoticiaz.com.br\/litoralsp\/2021\/03\/09\/praia-grande-passa-a-contar-com-delegacia-seccional#primaryimage","url":"https:\/\/redenoticiaz.com.br\/litoralsp\/wp-content\/uploads\/sites\/3\/2021\/03\/delegacia-seccional.jpg","contentUrl":"https:\/\/redenoticiaz.com.br\/litoralsp\/wp-content\/uploads\/sites\/3\/2021\/03\/delegacia-seccional.jpg","width":780,"height":519,"caption":"Cr\u00e9ditos: Divulga\u00e7\u00e3o\/Governo de S\u00e3o Paulo"},{"@type":"WebSite","@id":"https:\/\/redenoticiaz.com.br\/litoralsp\/#website","url":"https:\/\/redenoticiaz.com.br\/litoralsp\/","name":"Litoral SP","description":"Rede NoticiaZ","publisher":{"@id":"https:\/\/redenoticiaz.com.br\/litoralsp\/#organization"},"potentialAction":[{"@type":"SearchAction","target":{"@type":"EntryPoint","urlTemplate":"https:\/\/redenoticiaz.com.br\/litoralsp\/?s={search_term_string}"},"query-input":{"@type":"PropertyValueSpecification","valueRequired":true,"valueName":"search_term_string"}}],"inLanguage":"pt-BR"},{"@type":"Organization","@id":"https:\/\/redenoticiaz.com.br\/litoralsp\/#organization","name":"Litoral SP","url":"https:\/\/redenoticiaz.com.br\/litoralsp\/","logo":{"@type":"ImageObject","inLanguage":"pt-BR","@id":"https:\/\/redenoticiaz.com.br\/litoralsp\/#\/schema\/logo\/image\/","url":"https:\/\/redenoticiaz.com.br\/litoralsp\/wp-content\/uploads\/sites\/3\/2020\/11\/logo.jpg","contentUrl":"https:\/\/redenoticiaz.com.br\/litoralsp\/wp-content\/uploads\/sites\/3\/2020\/11\/logo.jpg","width":400,"height":250,"caption":"Litoral SP"},"image":{"@id":"https:\/\/redenoticiaz.com.br\/litoralsp\/#\/schema\/logo\/image\/"}},{"@type":"Person","@id":"https:\/\/redenoticiaz.com.br\/litoralsp\/#\/schema\/person\/0f0b8a5bdafefe82841e07ae8d81ecb3","name":"Leonardo Francisco","image":{"@type":"ImageObject","inLanguage":"pt-BR","@id":"https:\/\/secure.gravatar.com\/avatar\/a7358cb406a99b682ec6df1e77e31ae82e63601f6784e8a3df411d72b37864da?s=96&d=mm&r=g","url":"https:\/\/secure.gravatar.com\/avatar\/a7358cb406a99b682ec6df1e77e31ae82e63601f6784e8a3df411d72b37864da?s=96&d=mm&r=g","contentUrl":"https:\/\/secure.gravatar.com\/avatar\/a7358cb406a99b682ec6df1e77e31ae82e63601f6784e8a3df411d72b37864da?s=96&d=mm&r=g","caption":"Leonardo Francisco"},"url":"https:\/\/redenoticiaz.com.br\/litoralsp\/author\/leonardo-francisco"}]}},"_links":{"self":[{"href":"https:\/\/redenoticiaz.com.br\/litoralsp\/wp-json\/wp\/v2\/posts\/5413","targetHints":{"allow":["GET"]}}],"collection":[{"href":"https:\/\/redenoticiaz.com.br\/litoralsp\/wp-json\/wp\/v2\/posts"}],"about":[{"href":"https:\/\/redenoticiaz.com.br\/litoralsp\/wp-json\/wp\/v2\/types\/post"}],"author":[{"embeddable":true,"href":"https:\/\/redenoticiaz.com.br\/litoralsp\/wp-json\/wp\/v2\/users\/6"}],"replies":[{"embeddable":true,"href":"https:\/\/redenoticiaz.com.br\/litoralsp\/wp-json\/wp\/v2\/comments?post=5413"}],"version-history":[{"count":1,"href":"https:\/\/redenoticiaz.com.br\/litoralsp\/wp-json\/wp\/v2\/posts\/5413\/revisions"}],"predecessor-version":[{"id":5415,"href":"https:\/\/redenoticiaz.com.br\/litoralsp\/wp-json\/wp\/v2\/posts\/5413\/revisions\/5415"}],"wp:featuredmedia":[{"embeddable":true,"href":"https:\/\/redenoticiaz.com.br\/litoralsp\/wp-json\/wp\/v2\/media\/5414"}],"wp:attachment":[{"href":"https:\/\/redenoticiaz.com.br\/litoralsp\/wp-json\/wp\/v2\/media?parent=5413"}],"wp:term":[{"taxonomy":"category","embeddable":true,"href":"https:\/\/redenoticiaz.com.br\/litoralsp\/wp-json\/wp\/v2\/categories?post=5413"},{"taxonomy":"post_tag","embeddable":true,"href":"https:\/\/redenoticiaz.com.br\/litoralsp\/wp-json\/wp\/v2\/tags?post=5413"}],"curies":[{"name":"wp","href":"https:\/\/api.w.org\/{rel}","templated":true}]}}