{"id":5429,"date":"2021-03-09T21:00:21","date_gmt":"2021-03-10T00:00:21","guid":{"rendered":"https:\/\/redenoticiaz.com.br\/litoralsp\/2021\/03\/09\/brasil-registra-novo-recorde-de-mortes-por-covid-19"},"modified":"2021-03-09T21:06:09","modified_gmt":"2021-03-10T00:06:09","slug":"brasil-registra-novo-recorde-de-mortes-por-covid-19","status":"publish","type":"post","link":"https:\/\/redenoticiaz.com.br\/litoralsp\/2021\/03\/09\/brasil-registra-novo-recorde-de-mortes-por-covid-19","title":{"rendered":"Brasil registra novo recorde de mortes por COVID-19"},"content":{"rendered":"<p>Nesta ter\u00e7a-feira (9), o <a href=\"https:\/\/www.gov.br\/pt-br\">Brasil<\/a> registrou mais um recorde de <strong>mortes por COVID-19<\/strong>. Segundo o cons\u00f3rcio de imprensa com base nos dados detalhados das secretarias estaduais de Sa\u00fade, o n\u00famero \u00e9 de 1.954 pessoas \u00f3bitos registrados nas \u00faltimas 24 horas. No total s\u00e3o 268.568 mortes desde o in\u00edcio da pandemia.<\/p>\n<p>Nos \u00faltimos dias, a m\u00e9dia m\u00f3vel de v\u00edtimas fatais da COVID-19 no Brasil registra alta seguida. Comparando com dados dos \u00faltimos 14 dias, a alta \u00e9 de 39%. Al\u00e9m disso, j\u00e1 s\u00e3o 48 dias seguidos que mais de mil mortes s\u00e3o registradas.<\/p>\n<h3>Entenda a sequ\u00eancia da m\u00e9dia m\u00f3vel<\/h3>\n<ul class=\"content-unordered-list\">\n<li>Quarta-feira (3):\u00a0<strong>1.332<\/strong>\u00a0(<span class=\"highlight highlighted\">recorde<\/span>)<\/li>\n<li>Quinta-feira (4):\u00a0<strong>1.361<\/strong>\u00a0(<span class=\"highlight highlighted\">recorde<\/span>)<\/li>\n<li>Sexta-feira (5):\u00a0<strong>1.423<\/strong>\u00a0(<span class=\"highlight highlighted\">recorde<\/span>)<\/li>\n<li>S\u00e1bado (6):\u00a0<strong>1.455<\/strong>\u00a0(<span class=\"highlight highlighted\">recorde<\/span>)<\/li>\n<li>Domingo (7):\u00a0<strong>1.497\u00a0<\/strong>(<span class=\"highlight highlighted\">recorde<\/span>)<\/li>\n<li>Segunda-feira (8):\u00a0<strong>1.540<\/strong>\u00a0(<span class=\"highlight highlighted\">recorde<\/span>)<\/li>\n<li>Ter\u00e7a-feira (9):\u00a0<strong>1.572<\/strong>\u00a0(<span class=\"highlight highlighted\">recorde<\/span>)<\/li>\n<\/ul>\n<p>J\u00e1 sobre os casos de pessoas enfermas da COVID-19 no Brasil foram confirmadas 69.537 enfermas. Em duas semanas, a alta de pessoas infectadas \u00e9 de 38% na m\u00e9dia. No total o Brasil soma 11.125.017 brasileiros que pegaram a COVID-19.<\/p>\n<p>O cen\u00e1rio de alta est\u00e1 presente em 21 estados, al\u00e9m do Distrito Federal. Tr\u00eas se mantiveram em estabilidade: Goi\u00e1s, Minas Gerais e Par\u00e1. E somente o Rio de Janeiro e o Amap\u00e1 est\u00e3o com tend\u00eancia de queda de enfermos e mortes.<\/p>\n<h3>Vacina<\/h3>\n<p>Segundo o cons\u00f3rcio de imprensa, o Brasil j\u00e1 vacinou at\u00e9 o momento 8.736.891 pessoas j\u00e1 receberam a primeira dose de vacina contra a Covid-19, segundo dados divulgados at\u00e9 as 20h. O n\u00famero representa 4,13% da popula\u00e7\u00e3o brasileira.<\/p>\n<div class=\"mc-column content-text active-extra-styles \" data-block-type=\"unstyled\" data-block-weight=\"32\" data-block-id=\"19\">\n<p class=\"content-text__container \" data-track-category=\"Link no Texto\" data-track-links=\"\">A segunda dose j\u00e1 foi aplicada em 2.975.266 pessoas (1,41% da popula\u00e7\u00e3o do pa\u00eds) em todos os estados e no Distrito Federal. No total, 11.712.157 doses foram aplicadas em todo o pa\u00eds.<\/p>\n<p data-track-category=\"Link no Texto\" data-track-links=\"\">A cobran\u00e7a e mobiliza\u00e7\u00e3o de prefeitos e governadores ao Governo Federal segue intensa. Chegaram mais 2,6 milh\u00f5es de doses da CoronaVac e que est\u00e3o sendo distribu\u00eddas para os estados brasileiros. Al\u00e9m disso, acordo com farmac\u00eauticas em busca de grandes quantias trem sido feito. Mas a tend\u00eancia \u00e9 quem um maior n\u00famero de pessoas seja imunizado somente ap\u00f3s o m\u00eas de abril.<\/p>\n<p data-track-category=\"Link no Texto\" data-track-links=\"\"><strong>Leia tamb\u00e9m<\/strong><\/p>\n<p data-track-category=\"Link no Texto\" data-track-links=\"\"><a href=\"https:\/\/redenoticiaz.com.br\/blog\/2021\/03\/09\/cultos-religiosos-na-fase-vermelha-em-sp-sao-analisados-pelo-mp\">Cultos religiosos na Fase Vermelha em SP s\u00e3o analisados pelo MP<\/a><\/p>\n<\/div>\n","protected":false},"excerpt":{"rendered":"<p>Nesta ter\u00e7a-feira (9), o Brasil registrou mais um recorde de mortes por COVID-19. Segundo o cons\u00f3rcio de imprensa com base nos dados detalhados das secretarias estaduais de Sa\u00fade, o n\u00famero \u00e9 de 1.954 pessoas \u00f3bitos registrados nas \u00faltimas 24 horas. No total s\u00e3o 268.568 mortes desde o in\u00edcio da pandemia. Nos \u00faltimos dias, a m\u00e9dia &hellip;<\/p>\n","protected":false},"author":6,"featured_media":5430,"comment_status":"open","ping_status":"closed","sticky":false,"template":"","format":"standard","meta":{"footnotes":""},"categories":[23],"tags":[15023,173,36,79,15024],"class_list":["post-5429","post","type-post","status-publish","format-standard","has-post-thumbnail","hentry","category-saude","tag-alta-de-casos","tag-brasil","tag-covid-19","tag-mortes","tag-recorde"],"yoast_head":"<!-- This site is optimized with the Yoast SEO plugin v27.5 - https:\/\/yoast.com\/product\/yoast-seo-wordpress\/ -->\n<title>Brasil registra novo recorde de mortes por COVID-19 - Litoral SP<\/title>\n<meta name=\"description\" content=\"Nesta ter\u00e7a-feira (9), o Brasil registrou mais um recorde de mortes por COVID-19. Segundo o cons\u00f3rcio de imprensa com base nos dados\" \/>\n<meta name=\"robots\" content=\"index, follow, max-snippet:-1, max-image-preview:large, max-video-preview:-1\" \/>\n<link rel=\"canonical\" href=\"https:\/\/redenoticiaz.com.br\/litoralsp\/2021\/03\/09\/brasil-registra-novo-recorde-de-mortes-por-covid-19\" \/>\n<meta property=\"og:locale\" content=\"pt_BR\" \/>\n<meta property=\"og:type\" content=\"article\" \/>\n<meta property=\"og:title\" content=\"Brasil registra novo recorde de mortes por COVID-19 - Litoral SP\" \/>\n<meta property=\"og:description\" content=\"Nesta ter\u00e7a-feira (9), o Brasil registrou mais um recorde de mortes por COVID-19. Segundo o cons\u00f3rcio de imprensa com base nos dados\" \/>\n<meta property=\"og:url\" content=\"https:\/\/redenoticiaz.com.br\/litoralsp\/2021\/03\/09\/brasil-registra-novo-recorde-de-mortes-por-covid-19\" \/>\n<meta property=\"og:site_name\" content=\"Litoral SP\" \/>\n<meta property=\"article:published_time\" content=\"2021-03-10T00:00:21+00:00\" \/>\n<meta property=\"article:modified_time\" content=\"2021-03-10T00:06:09+00:00\" \/>\n<meta property=\"og:image\" content=\"https:\/\/redenoticiaz.com.br\/litoralsp\/wp-content\/uploads\/sites\/3\/2021\/03\/mortes.jpg\" \/>\n\t<meta property=\"og:image:width\" content=\"1024\" \/>\n\t<meta property=\"og:image:height\" content=\"623\" \/>\n\t<meta property=\"og:image:type\" content=\"image\/jpeg\" \/>\n<meta name=\"author\" content=\"Leonardo Francisco\" \/>\n<meta name=\"twitter:card\" content=\"summary_large_image\" \/>\n<meta name=\"twitter:label1\" content=\"Escrito por\" \/>\n\t<meta name=\"twitter:data1\" content=\"Leonardo Francisco\" \/>\n\t<meta name=\"twitter:label2\" content=\"Est. tempo de leitura\" \/>\n\t<meta name=\"twitter:data2\" content=\"2 minutos\" \/>\n<script type=\"application\/ld+json\" class=\"yoast-schema-graph\">{\"@context\":\"https:\\\/\\\/schema.org\",\"@graph\":[{\"@type\":\"Article\",\"@id\":\"https:\\\/\\\/redenoticiaz.com.br\\\/litoralsp\\\/2021\\\/03\\\/09\\\/brasil-registra-novo-recorde-de-mortes-por-covid-19#article\",\"isPartOf\":{\"@id\":\"https:\\\/\\\/redenoticiaz.com.br\\\/litoralsp\\\/2021\\\/03\\\/09\\\/brasil-registra-novo-recorde-de-mortes-por-covid-19\"},\"author\":{\"name\":\"Leonardo Francisco\",\"@id\":\"https:\\\/\\\/redenoticiaz.com.br\\\/litoralsp\\\/#\\\/schema\\\/person\\\/0f0b8a5bdafefe82841e07ae8d81ecb3\"},\"headline\":\"Brasil registra novo recorde de mortes por COVID-19\",\"datePublished\":\"2021-03-10T00:00:21+00:00\",\"dateModified\":\"2021-03-10T00:06:09+00:00\",\"mainEntityOfPage\":{\"@id\":\"https:\\\/\\\/redenoticiaz.com.br\\\/litoralsp\\\/2021\\\/03\\\/09\\\/brasil-registra-novo-recorde-de-mortes-por-covid-19\"},\"wordCount\":366,\"commentCount\":0,\"publisher\":{\"@id\":\"https:\\\/\\\/redenoticiaz.com.br\\\/litoralsp\\\/#organization\"},\"image\":{\"@id\":\"https:\\\/\\\/redenoticiaz.com.br\\\/litoralsp\\\/2021\\\/03\\\/09\\\/brasil-registra-novo-recorde-de-mortes-por-covid-19#primaryimage\"},\"thumbnailUrl\":\"https:\\\/\\\/redenoticiaz.com.br\\\/litoralsp\\\/wp-content\\\/uploads\\\/sites\\\/3\\\/2021\\\/03\\\/mortes.jpg\",\"keywords\":[\"ALTA DE CASOS\",\"Brasil\",\"Covid-19\",\"MORTES\",\"recorde\"],\"articleSection\":[\"Sa\u00fade\"],\"inLanguage\":\"pt-BR\",\"potentialAction\":[{\"@type\":\"CommentAction\",\"name\":\"Comment\",\"target\":[\"https:\\\/\\\/redenoticiaz.com.br\\\/litoralsp\\\/2021\\\/03\\\/09\\\/brasil-registra-novo-recorde-de-mortes-por-covid-19#respond\"]}]},{\"@type\":\"WebPage\",\"@id\":\"https:\\\/\\\/redenoticiaz.com.br\\\/litoralsp\\\/2021\\\/03\\\/09\\\/brasil-registra-novo-recorde-de-mortes-por-covid-19\",\"url\":\"https:\\\/\\\/redenoticiaz.com.br\\\/litoralsp\\\/2021\\\/03\\\/09\\\/brasil-registra-novo-recorde-de-mortes-por-covid-19\",\"name\":\"Brasil registra novo recorde de mortes por COVID-19 - Litoral SP\",\"isPartOf\":{\"@id\":\"https:\\\/\\\/redenoticiaz.com.br\\\/litoralsp\\\/#website\"},\"primaryImageOfPage\":{\"@id\":\"https:\\\/\\\/redenoticiaz.com.br\\\/litoralsp\\\/2021\\\/03\\\/09\\\/brasil-registra-novo-recorde-de-mortes-por-covid-19#primaryimage\"},\"image\":{\"@id\":\"https:\\\/\\\/redenoticiaz.com.br\\\/litoralsp\\\/2021\\\/03\\\/09\\\/brasil-registra-novo-recorde-de-mortes-por-covid-19#primaryimage\"},\"thumbnailUrl\":\"https:\\\/\\\/redenoticiaz.com.br\\\/litoralsp\\\/wp-content\\\/uploads\\\/sites\\\/3\\\/2021\\\/03\\\/mortes.jpg\",\"datePublished\":\"2021-03-10T00:00:21+00:00\",\"dateModified\":\"2021-03-10T00:06:09+00:00\",\"description\":\"Nesta ter\u00e7a-feira (9), o Brasil registrou mais um recorde de mortes por COVID-19. Segundo o cons\u00f3rcio de imprensa com base nos dados\",\"inLanguage\":\"pt-BR\",\"potentialAction\":[{\"@type\":\"ReadAction\",\"target\":[\"https:\\\/\\\/redenoticiaz.com.br\\\/litoralsp\\\/2021\\\/03\\\/09\\\/brasil-registra-novo-recorde-de-mortes-por-covid-19\"]}]},{\"@type\":\"ImageObject\",\"inLanguage\":\"pt-BR\",\"@id\":\"https:\\\/\\\/redenoticiaz.com.br\\\/litoralsp\\\/2021\\\/03\\\/09\\\/brasil-registra-novo-recorde-de-mortes-por-covid-19#primaryimage\",\"url\":\"https:\\\/\\\/redenoticiaz.com.br\\\/litoralsp\\\/wp-content\\\/uploads\\\/sites\\\/3\\\/2021\\\/03\\\/mortes.jpg\",\"contentUrl\":\"https:\\\/\\\/redenoticiaz.com.br\\\/litoralsp\\\/wp-content\\\/uploads\\\/sites\\\/3\\\/2021\\\/03\\\/mortes.jpg\",\"width\":1024,\"height\":623,\"caption\":\"Brasil registra novo recorde de mortes por COVID-19\"},{\"@type\":\"WebSite\",\"@id\":\"https:\\\/\\\/redenoticiaz.com.br\\\/litoralsp\\\/#website\",\"url\":\"https:\\\/\\\/redenoticiaz.com.br\\\/litoralsp\\\/\",\"name\":\"Litoral SP\",\"description\":\"Rede NoticiaZ\",\"publisher\":{\"@id\":\"https:\\\/\\\/redenoticiaz.com.br\\\/litoralsp\\\/#organization\"},\"potentialAction\":[{\"@type\":\"SearchAction\",\"target\":{\"@type\":\"EntryPoint\",\"urlTemplate\":\"https:\\\/\\\/redenoticiaz.com.br\\\/litoralsp\\\/?s={search_term_string}\"},\"query-input\":{\"@type\":\"PropertyValueSpecification\",\"valueRequired\":true,\"valueName\":\"search_term_string\"}}],\"inLanguage\":\"pt-BR\"},{\"@type\":\"Organization\",\"@id\":\"https:\\\/\\\/redenoticiaz.com.br\\\/litoralsp\\\/#organization\",\"name\":\"Litoral SP\",\"url\":\"https:\\\/\\\/redenoticiaz.com.br\\\/litoralsp\\\/\",\"logo\":{\"@type\":\"ImageObject\",\"inLanguage\":\"pt-BR\",\"@id\":\"https:\\\/\\\/redenoticiaz.com.br\\\/litoralsp\\\/#\\\/schema\\\/logo\\\/image\\\/\",\"url\":\"https:\\\/\\\/redenoticiaz.com.br\\\/litoralsp\\\/wp-content\\\/uploads\\\/sites\\\/3\\\/2020\\\/11\\\/logo.jpg\",\"contentUrl\":\"https:\\\/\\\/redenoticiaz.com.br\\\/litoralsp\\\/wp-content\\\/uploads\\\/sites\\\/3\\\/2020\\\/11\\\/logo.jpg\",\"width\":400,\"height\":250,\"caption\":\"Litoral SP\"},\"image\":{\"@id\":\"https:\\\/\\\/redenoticiaz.com.br\\\/litoralsp\\\/#\\\/schema\\\/logo\\\/image\\\/\"}},{\"@type\":\"Person\",\"@id\":\"https:\\\/\\\/redenoticiaz.com.br\\\/litoralsp\\\/#\\\/schema\\\/person\\\/0f0b8a5bdafefe82841e07ae8d81ecb3\",\"name\":\"Leonardo Francisco\",\"image\":{\"@type\":\"ImageObject\",\"inLanguage\":\"pt-BR\",\"@id\":\"https:\\\/\\\/secure.gravatar.com\\\/avatar\\\/a7358cb406a99b682ec6df1e77e31ae82e63601f6784e8a3df411d72b37864da?s=96&d=mm&r=g\",\"url\":\"https:\\\/\\\/secure.gravatar.com\\\/avatar\\\/a7358cb406a99b682ec6df1e77e31ae82e63601f6784e8a3df411d72b37864da?s=96&d=mm&r=g\",\"contentUrl\":\"https:\\\/\\\/secure.gravatar.com\\\/avatar\\\/a7358cb406a99b682ec6df1e77e31ae82e63601f6784e8a3df411d72b37864da?s=96&d=mm&r=g\",\"caption\":\"Leonardo Francisco\"},\"url\":\"https:\\\/\\\/redenoticiaz.com.br\\\/litoralsp\\\/author\\\/leonardo-francisco\"}]}<\/script>\n<!-- \/ Yoast SEO plugin. -->","yoast_head_json":{"title":"Brasil registra novo recorde de mortes por COVID-19 - Litoral SP","description":"Nesta ter\u00e7a-feira (9), o Brasil registrou mais um recorde de mortes por COVID-19. Segundo o cons\u00f3rcio de imprensa com base nos dados","robots":{"index":"index","follow":"follow","max-snippet":"max-snippet:-1","max-image-preview":"max-image-preview:large","max-video-preview":"max-video-preview:-1"},"canonical":"https:\/\/redenoticiaz.com.br\/litoralsp\/2021\/03\/09\/brasil-registra-novo-recorde-de-mortes-por-covid-19","og_locale":"pt_BR","og_type":"article","og_title":"Brasil registra novo recorde de mortes por COVID-19 - Litoral SP","og_description":"Nesta ter\u00e7a-feira (9), o Brasil registrou mais um recorde de mortes por COVID-19. Segundo o cons\u00f3rcio de imprensa com base nos dados","og_url":"https:\/\/redenoticiaz.com.br\/litoralsp\/2021\/03\/09\/brasil-registra-novo-recorde-de-mortes-por-covid-19","og_site_name":"Litoral SP","article_published_time":"2021-03-10T00:00:21+00:00","article_modified_time":"2021-03-10T00:06:09+00:00","og_image":[{"width":1024,"height":623,"url":"https:\/\/redenoticiaz.com.br\/litoralsp\/wp-content\/uploads\/sites\/3\/2021\/03\/mortes.jpg","type":"image\/jpeg"}],"author":"Leonardo Francisco","twitter_card":"summary_large_image","twitter_misc":{"Escrito por":"Leonardo Francisco","Est. tempo de leitura":"2 minutos"},"schema":{"@context":"https:\/\/schema.org","@graph":[{"@type":"Article","@id":"https:\/\/redenoticiaz.com.br\/litoralsp\/2021\/03\/09\/brasil-registra-novo-recorde-de-mortes-por-covid-19#article","isPartOf":{"@id":"https:\/\/redenoticiaz.com.br\/litoralsp\/2021\/03\/09\/brasil-registra-novo-recorde-de-mortes-por-covid-19"},"author":{"name":"Leonardo Francisco","@id":"https:\/\/redenoticiaz.com.br\/litoralsp\/#\/schema\/person\/0f0b8a5bdafefe82841e07ae8d81ecb3"},"headline":"Brasil registra novo recorde de mortes por COVID-19","datePublished":"2021-03-10T00:00:21+00:00","dateModified":"2021-03-10T00:06:09+00:00","mainEntityOfPage":{"@id":"https:\/\/redenoticiaz.com.br\/litoralsp\/2021\/03\/09\/brasil-registra-novo-recorde-de-mortes-por-covid-19"},"wordCount":366,"commentCount":0,"publisher":{"@id":"https:\/\/redenoticiaz.com.br\/litoralsp\/#organization"},"image":{"@id":"https:\/\/redenoticiaz.com.br\/litoralsp\/2021\/03\/09\/brasil-registra-novo-recorde-de-mortes-por-covid-19#primaryimage"},"thumbnailUrl":"https:\/\/redenoticiaz.com.br\/litoralsp\/wp-content\/uploads\/sites\/3\/2021\/03\/mortes.jpg","keywords":["ALTA DE CASOS","Brasil","Covid-19","MORTES","recorde"],"articleSection":["Sa\u00fade"],"inLanguage":"pt-BR","potentialAction":[{"@type":"CommentAction","name":"Comment","target":["https:\/\/redenoticiaz.com.br\/litoralsp\/2021\/03\/09\/brasil-registra-novo-recorde-de-mortes-por-covid-19#respond"]}]},{"@type":"WebPage","@id":"https:\/\/redenoticiaz.com.br\/litoralsp\/2021\/03\/09\/brasil-registra-novo-recorde-de-mortes-por-covid-19","url":"https:\/\/redenoticiaz.com.br\/litoralsp\/2021\/03\/09\/brasil-registra-novo-recorde-de-mortes-por-covid-19","name":"Brasil registra novo recorde de mortes por COVID-19 - Litoral SP","isPartOf":{"@id":"https:\/\/redenoticiaz.com.br\/litoralsp\/#website"},"primaryImageOfPage":{"@id":"https:\/\/redenoticiaz.com.br\/litoralsp\/2021\/03\/09\/brasil-registra-novo-recorde-de-mortes-por-covid-19#primaryimage"},"image":{"@id":"https:\/\/redenoticiaz.com.br\/litoralsp\/2021\/03\/09\/brasil-registra-novo-recorde-de-mortes-por-covid-19#primaryimage"},"thumbnailUrl":"https:\/\/redenoticiaz.com.br\/litoralsp\/wp-content\/uploads\/sites\/3\/2021\/03\/mortes.jpg","datePublished":"2021-03-10T00:00:21+00:00","dateModified":"2021-03-10T00:06:09+00:00","description":"Nesta ter\u00e7a-feira (9), o Brasil registrou mais um recorde de mortes por COVID-19. Segundo o cons\u00f3rcio de imprensa com base nos dados","inLanguage":"pt-BR","potentialAction":[{"@type":"ReadAction","target":["https:\/\/redenoticiaz.com.br\/litoralsp\/2021\/03\/09\/brasil-registra-novo-recorde-de-mortes-por-covid-19"]}]},{"@type":"ImageObject","inLanguage":"pt-BR","@id":"https:\/\/redenoticiaz.com.br\/litoralsp\/2021\/03\/09\/brasil-registra-novo-recorde-de-mortes-por-covid-19#primaryimage","url":"https:\/\/redenoticiaz.com.br\/litoralsp\/wp-content\/uploads\/sites\/3\/2021\/03\/mortes.jpg","contentUrl":"https:\/\/redenoticiaz.com.br\/litoralsp\/wp-content\/uploads\/sites\/3\/2021\/03\/mortes.jpg","width":1024,"height":623,"caption":"Brasil registra novo recorde de mortes por COVID-19"},{"@type":"WebSite","@id":"https:\/\/redenoticiaz.com.br\/litoralsp\/#website","url":"https:\/\/redenoticiaz.com.br\/litoralsp\/","name":"Litoral SP","description":"Rede NoticiaZ","publisher":{"@id":"https:\/\/redenoticiaz.com.br\/litoralsp\/#organization"},"potentialAction":[{"@type":"SearchAction","target":{"@type":"EntryPoint","urlTemplate":"https:\/\/redenoticiaz.com.br\/litoralsp\/?s={search_term_string}"},"query-input":{"@type":"PropertyValueSpecification","valueRequired":true,"valueName":"search_term_string"}}],"inLanguage":"pt-BR"},{"@type":"Organization","@id":"https:\/\/redenoticiaz.com.br\/litoralsp\/#organization","name":"Litoral SP","url":"https:\/\/redenoticiaz.com.br\/litoralsp\/","logo":{"@type":"ImageObject","inLanguage":"pt-BR","@id":"https:\/\/redenoticiaz.com.br\/litoralsp\/#\/schema\/logo\/image\/","url":"https:\/\/redenoticiaz.com.br\/litoralsp\/wp-content\/uploads\/sites\/3\/2020\/11\/logo.jpg","contentUrl":"https:\/\/redenoticiaz.com.br\/litoralsp\/wp-content\/uploads\/sites\/3\/2020\/11\/logo.jpg","width":400,"height":250,"caption":"Litoral SP"},"image":{"@id":"https:\/\/redenoticiaz.com.br\/litoralsp\/#\/schema\/logo\/image\/"}},{"@type":"Person","@id":"https:\/\/redenoticiaz.com.br\/litoralsp\/#\/schema\/person\/0f0b8a5bdafefe82841e07ae8d81ecb3","name":"Leonardo Francisco","image":{"@type":"ImageObject","inLanguage":"pt-BR","@id":"https:\/\/secure.gravatar.com\/avatar\/a7358cb406a99b682ec6df1e77e31ae82e63601f6784e8a3df411d72b37864da?s=96&d=mm&r=g","url":"https:\/\/secure.gravatar.com\/avatar\/a7358cb406a99b682ec6df1e77e31ae82e63601f6784e8a3df411d72b37864da?s=96&d=mm&r=g","contentUrl":"https:\/\/secure.gravatar.com\/avatar\/a7358cb406a99b682ec6df1e77e31ae82e63601f6784e8a3df411d72b37864da?s=96&d=mm&r=g","caption":"Leonardo Francisco"},"url":"https:\/\/redenoticiaz.com.br\/litoralsp\/author\/leonardo-francisco"}]}},"_links":{"self":[{"href":"https:\/\/redenoticiaz.com.br\/litoralsp\/wp-json\/wp\/v2\/posts\/5429","targetHints":{"allow":["GET"]}}],"collection":[{"href":"https:\/\/redenoticiaz.com.br\/litoralsp\/wp-json\/wp\/v2\/posts"}],"about":[{"href":"https:\/\/redenoticiaz.com.br\/litoralsp\/wp-json\/wp\/v2\/types\/post"}],"author":[{"embeddable":true,"href":"https:\/\/redenoticiaz.com.br\/litoralsp\/wp-json\/wp\/v2\/users\/6"}],"replies":[{"embeddable":true,"href":"https:\/\/redenoticiaz.com.br\/litoralsp\/wp-json\/wp\/v2\/comments?post=5429"}],"version-history":[{"count":1,"href":"https:\/\/redenoticiaz.com.br\/litoralsp\/wp-json\/wp\/v2\/posts\/5429\/revisions"}],"predecessor-version":[{"id":5431,"href":"https:\/\/redenoticiaz.com.br\/litoralsp\/wp-json\/wp\/v2\/posts\/5429\/revisions\/5431"}],"wp:featuredmedia":[{"embeddable":true,"href":"https:\/\/redenoticiaz.com.br\/litoralsp\/wp-json\/wp\/v2\/media\/5430"}],"wp:attachment":[{"href":"https:\/\/redenoticiaz.com.br\/litoralsp\/wp-json\/wp\/v2\/media?parent=5429"}],"wp:term":[{"taxonomy":"category","embeddable":true,"href":"https:\/\/redenoticiaz.com.br\/litoralsp\/wp-json\/wp\/v2\/categories?post=5429"},{"taxonomy":"post_tag","embeddable":true,"href":"https:\/\/redenoticiaz.com.br\/litoralsp\/wp-json\/wp\/v2\/tags?post=5429"}],"curies":[{"name":"wp","href":"https:\/\/api.w.org\/{rel}","templated":true}]}}