{"id":5432,"date":"2021-03-10T12:43:49","date_gmt":"2021-03-10T15:43:49","guid":{"rendered":"https:\/\/redenoticiaz.com.br\/litoralsp\/2021\/03\/10\/santos-abre-vantagem-na-pre-libertadores-da-america"},"modified":"2021-03-10T12:47:21","modified_gmt":"2021-03-10T15:47:21","slug":"santos-abre-vantagem-na-pre-libertadores-da-america","status":"publish","type":"post","link":"https:\/\/redenoticiaz.com.br\/litoralsp\/2021\/03\/10\/santos-abre-vantagem-na-pre-libertadores-da-america","title":{"rendered":"Santos abre vantagem na Pr\u00e9 Libertadores da Am\u00e9rica"},"content":{"rendered":"<p>O <a href=\"https:\/\/www.santosfc.com.br\/\">Santos<\/a> iniciou a sua campanha na <strong>Conmebol Libertadores da Am\u00e9ric<\/strong>a, jogando a fase preliminar e conseguindo uma importante vit\u00f3ria sobre o Deportivo Lara (VEN). Mas engana-se que o jogo foi tranquilo. Longe disso. Os venezuelanos chegaram a vir pra cima pra sair da Vila Belmiro com condi\u00e7\u00f5es de se classificarem.<\/p>\n<p>Sem poder contar com os principais destaques, como o atacante Marinho e o lateral direito Par\u00e1, o Peixe precisou contar com os garotos formados nas categorias de base para superar o advers\u00e1rio. Entre eles estavam jogadores como o zagueiro Kaiky (17 anos) e dos atacantes \u00c2ngelo (16) e Marcos Leonardo (17). A eles, se somaram nomes como Vinicius Balieiro (21) e Sandry (18).<\/p>\n<h3>Primeiro tempo<\/h3>\n<p>Para tentar furar a retranca do Deportivo Lara, o Santos apostou na velocidade de \u00c2ngelo, que causou inc\u00f4modo \u00e0 defesa advers\u00e1ria. Ele fez v\u00e1rios dribles e demonstrou toda a habilidade. A primeira chance nasceu nos p\u00e9s dele, que cruzou para Marcos Leonardo cabecear, mas o goleiro Curiel defendeu. Outras oportunidades surgiram com Lucas Braga, Soteldo e Sandry, mas sem sucesso.<\/p>\n<p>Por outro lado, o time venezuelano tamb\u00e9m resolveu incomodar e teve chances. Em um dos lances, Bueno bateu a falta e obrigou o goleiro santista, Jo\u00e3o Paulo a fazer \u00f3tima defesa. Pouco tempo depois Barrios chutou perigoso e a bola raspou a trave.<\/p>\n<h3>Segundo tempo e a vit\u00f3ria<\/h3>\n<p>O Santos voltou do intervalo sem altera\u00e7\u00f5es e o resultado deu certo logo de cara. Aos quatro minutos, Vin\u00edcius Balieiro aproveitou a sobra para fazer o primeiro gol santista. S\u00f3 que pouco tempo depois, o Deportivo Lara logo empatou. Aproveitando a falha da defesa, Anzola fez o gol ap\u00f3s cobran\u00e7a de escanteio.<\/p>\n<p>O t\u00e9cnico Ariel Holan resolveu mexer no Santos e colocou Gabriel Pirani no lugar de Sandry, s\u00f3 que demorou para o time reagir. Al\u00e9m disso sofreram mais um susto do Deportivo Lara, que at\u00e9 chegou a virar o placar, mas foi anulado por impedimento.<\/p>\n<p>O Santos acordou e conseguiu fazer o segundo gol. Jean Mota cobrou o escanteio e o zagueiro Kaiky deu um cabeceio para as redes. Da\u00ed em diante o Peixe tentou ampliar o placar, mas as finaliza\u00e7\u00f5es de Lucas Braga, Jean Mota e Gabriel Pirani n\u00e3o tiveram sucesso.<\/p>\n<h3>Como fica?<\/h3>\n<p>A pr\u00e9-Libertadores tem saldo qualificado. Com isso, o Santos n\u00e3o pode perder por 1 a 0 na partida de volta, j\u00e1 que permitiu um gol ao advers\u00e1rio em casa. Para avan\u00e7ar, conta com vit\u00f3ria ou empate por qualquer placar, al\u00e9m de derrota por um gol de diferen\u00e7a a partir do 3 a 2. Se o Deportivo Lara devolver o 2 a 1, a decis\u00e3o vai aos p\u00eanaltis.<\/p>\n<div class=\"mtr-atomic mtr-atomic-backstage-photo backstage-photo-wrapper\">A partida de volta contra o Deportivo Lara \u00e9 na pr\u00f3xima ter\u00e7a-feira, \u00e0s 19h15, em Caracas, capital da Venezuela. Se passar, o Santos pega San Lorenzo, da Argentina, ou Universidad de Chile na pr\u00f3xima fase. Mas antes disso, est\u00e1 previsto o jogo contra o Ituano, s\u00e1bado, na Vila Belmiro, pelo Paulist\u00e3o.<\/div>\n<div><\/div>\n<div><strong>Leia tamb\u00e9m<\/strong><\/div>\n<div><\/div>\n<div><a href=\"https:\/\/redenoticiaz.com.br\/blog\/2021\/03\/07\/copa-do-brasil-palmeiras-conquista-o-titulo\">Copa do Brasil: Palmeiras conquista o t\u00edtulo<\/a><\/div>\n","protected":false},"excerpt":{"rendered":"<p>O Santos iniciou a sua campanha na Conmebol Libertadores da Am\u00e9rica, jogando a fase preliminar e conseguindo uma importante vit\u00f3ria sobre o Deportivo Lara (VEN). Mas engana-se que o jogo foi tranquilo. Longe disso. Os venezuelanos chegaram a vir pra cima pra sair da Vila Belmiro com condi\u00e7\u00f5es de se classificarem. Sem poder contar com &hellip;<\/p>\n","protected":false},"author":6,"featured_media":5433,"comment_status":"open","ping_status":"closed","sticky":false,"template":"","format":"standard","meta":{"footnotes":""},"categories":[35],"tags":[2015,15029,15030,986,6429],"class_list":["post-5432","post","type-post","status-publish","format-standard","has-post-thumbnail","hentry","category-esporte","tag-conmebol-libertadores-da-america","tag-deportivo-lara","tag-fase-preliminar","tag-santos","tag-vila-belmiro"],"yoast_head":"<!-- This site is optimized with the Yoast SEO plugin v27.5 - https:\/\/yoast.com\/product\/yoast-seo-wordpress\/ -->\n<title>Santos abre vantagem na Pr\u00e9 Libertadores da Am\u00e9rica - Litoral SP<\/title>\n<meta name=\"description\" content=\"O Santos iniciou a sua campanha na Conmebol Libertadores da Am\u00e9rica, jogando a fase preliminar e conseguindo uma\" \/>\n<meta name=\"robots\" content=\"index, follow, max-snippet:-1, max-image-preview:large, max-video-preview:-1\" \/>\n<link rel=\"canonical\" href=\"https:\/\/redenoticiaz.com.br\/litoralsp\/2021\/03\/10\/santos-abre-vantagem-na-pre-libertadores-da-america\" \/>\n<meta property=\"og:locale\" content=\"pt_BR\" \/>\n<meta property=\"og:type\" content=\"article\" \/>\n<meta property=\"og:title\" content=\"Santos abre vantagem na Pr\u00e9 Libertadores da Am\u00e9rica - Litoral SP\" \/>\n<meta property=\"og:description\" content=\"O Santos iniciou a sua campanha na Conmebol Libertadores da Am\u00e9rica, jogando a fase preliminar e conseguindo uma\" \/>\n<meta property=\"og:url\" content=\"https:\/\/redenoticiaz.com.br\/litoralsp\/2021\/03\/10\/santos-abre-vantagem-na-pre-libertadores-da-america\" \/>\n<meta property=\"og:site_name\" content=\"Litoral SP\" \/>\n<meta property=\"article:published_time\" content=\"2021-03-10T15:43:49+00:00\" \/>\n<meta property=\"article:modified_time\" content=\"2021-03-10T15:47:21+00:00\" \/>\n<meta property=\"og:image\" content=\"https:\/\/redenoticiaz.com.br\/litoralsp\/wp-content\/uploads\/sites\/3\/2021\/03\/gettyimages-1306212539.jpg\" \/>\n\t<meta property=\"og:image:width\" content=\"640\" \/>\n\t<meta property=\"og:image:height\" content=\"360\" \/>\n\t<meta property=\"og:image:type\" content=\"image\/jpeg\" \/>\n<meta name=\"author\" content=\"Leonardo Francisco\" \/>\n<meta name=\"twitter:card\" content=\"summary_large_image\" \/>\n<meta name=\"twitter:label1\" content=\"Escrito por\" \/>\n\t<meta name=\"twitter:data1\" content=\"Leonardo Francisco\" \/>\n\t<meta name=\"twitter:label2\" content=\"Est. tempo de leitura\" \/>\n\t<meta name=\"twitter:data2\" content=\"3 minutos\" \/>\n<script type=\"application\/ld+json\" class=\"yoast-schema-graph\">{\"@context\":\"https:\\\/\\\/schema.org\",\"@graph\":[{\"@type\":\"Article\",\"@id\":\"https:\\\/\\\/redenoticiaz.com.br\\\/litoralsp\\\/2021\\\/03\\\/10\\\/santos-abre-vantagem-na-pre-libertadores-da-america#article\",\"isPartOf\":{\"@id\":\"https:\\\/\\\/redenoticiaz.com.br\\\/litoralsp\\\/2021\\\/03\\\/10\\\/santos-abre-vantagem-na-pre-libertadores-da-america\"},\"author\":{\"name\":\"Leonardo Francisco\",\"@id\":\"https:\\\/\\\/redenoticiaz.com.br\\\/litoralsp\\\/#\\\/schema\\\/person\\\/0f0b8a5bdafefe82841e07ae8d81ecb3\"},\"headline\":\"Santos abre vantagem na Pr\u00e9 Libertadores da Am\u00e9rica\",\"datePublished\":\"2021-03-10T15:43:49+00:00\",\"dateModified\":\"2021-03-10T15:47:21+00:00\",\"mainEntityOfPage\":{\"@id\":\"https:\\\/\\\/redenoticiaz.com.br\\\/litoralsp\\\/2021\\\/03\\\/10\\\/santos-abre-vantagem-na-pre-libertadores-da-america\"},\"wordCount\":527,\"commentCount\":0,\"publisher\":{\"@id\":\"https:\\\/\\\/redenoticiaz.com.br\\\/litoralsp\\\/#organization\"},\"image\":{\"@id\":\"https:\\\/\\\/redenoticiaz.com.br\\\/litoralsp\\\/2021\\\/03\\\/10\\\/santos-abre-vantagem-na-pre-libertadores-da-america#primaryimage\"},\"thumbnailUrl\":\"https:\\\/\\\/redenoticiaz.com.br\\\/litoralsp\\\/wp-content\\\/uploads\\\/sites\\\/3\\\/2021\\\/03\\\/gettyimages-1306212539.jpg\",\"keywords\":[\"CONMEBOL LIBERTADORES DA AM\u00c9RICA\",\"DEPORTIVO LARA\",\"FASE PRELIMINAR\",\"Santos\",\"Vila Belmiro\"],\"articleSection\":[\"Esporte\"],\"inLanguage\":\"pt-BR\",\"potentialAction\":[{\"@type\":\"CommentAction\",\"name\":\"Comment\",\"target\":[\"https:\\\/\\\/redenoticiaz.com.br\\\/litoralsp\\\/2021\\\/03\\\/10\\\/santos-abre-vantagem-na-pre-libertadores-da-america#respond\"]}]},{\"@type\":\"WebPage\",\"@id\":\"https:\\\/\\\/redenoticiaz.com.br\\\/litoralsp\\\/2021\\\/03\\\/10\\\/santos-abre-vantagem-na-pre-libertadores-da-america\",\"url\":\"https:\\\/\\\/redenoticiaz.com.br\\\/litoralsp\\\/2021\\\/03\\\/10\\\/santos-abre-vantagem-na-pre-libertadores-da-america\",\"name\":\"Santos abre vantagem na Pr\u00e9 Libertadores da Am\u00e9rica - Litoral SP\",\"isPartOf\":{\"@id\":\"https:\\\/\\\/redenoticiaz.com.br\\\/litoralsp\\\/#website\"},\"primaryImageOfPage\":{\"@id\":\"https:\\\/\\\/redenoticiaz.com.br\\\/litoralsp\\\/2021\\\/03\\\/10\\\/santos-abre-vantagem-na-pre-libertadores-da-america#primaryimage\"},\"image\":{\"@id\":\"https:\\\/\\\/redenoticiaz.com.br\\\/litoralsp\\\/2021\\\/03\\\/10\\\/santos-abre-vantagem-na-pre-libertadores-da-america#primaryimage\"},\"thumbnailUrl\":\"https:\\\/\\\/redenoticiaz.com.br\\\/litoralsp\\\/wp-content\\\/uploads\\\/sites\\\/3\\\/2021\\\/03\\\/gettyimages-1306212539.jpg\",\"datePublished\":\"2021-03-10T15:43:49+00:00\",\"dateModified\":\"2021-03-10T15:47:21+00:00\",\"description\":\"O Santos iniciou a sua campanha na Conmebol Libertadores da Am\u00e9rica, jogando a fase preliminar e conseguindo uma\",\"inLanguage\":\"pt-BR\",\"potentialAction\":[{\"@type\":\"ReadAction\",\"target\":[\"https:\\\/\\\/redenoticiaz.com.br\\\/litoralsp\\\/2021\\\/03\\\/10\\\/santos-abre-vantagem-na-pre-libertadores-da-america\"]}]},{\"@type\":\"ImageObject\",\"inLanguage\":\"pt-BR\",\"@id\":\"https:\\\/\\\/redenoticiaz.com.br\\\/litoralsp\\\/2021\\\/03\\\/10\\\/santos-abre-vantagem-na-pre-libertadores-da-america#primaryimage\",\"url\":\"https:\\\/\\\/redenoticiaz.com.br\\\/litoralsp\\\/wp-content\\\/uploads\\\/sites\\\/3\\\/2021\\\/03\\\/gettyimages-1306212539.jpg\",\"contentUrl\":\"https:\\\/\\\/redenoticiaz.com.br\\\/litoralsp\\\/wp-content\\\/uploads\\\/sites\\\/3\\\/2021\\\/03\\\/gettyimages-1306212539.jpg\",\"width\":640,\"height\":360,\"caption\":\"Cr\u00e9ditos: Getty Images\"},{\"@type\":\"WebSite\",\"@id\":\"https:\\\/\\\/redenoticiaz.com.br\\\/litoralsp\\\/#website\",\"url\":\"https:\\\/\\\/redenoticiaz.com.br\\\/litoralsp\\\/\",\"name\":\"Litoral SP\",\"description\":\"Rede NoticiaZ\",\"publisher\":{\"@id\":\"https:\\\/\\\/redenoticiaz.com.br\\\/litoralsp\\\/#organization\"},\"potentialAction\":[{\"@type\":\"SearchAction\",\"target\":{\"@type\":\"EntryPoint\",\"urlTemplate\":\"https:\\\/\\\/redenoticiaz.com.br\\\/litoralsp\\\/?s={search_term_string}\"},\"query-input\":{\"@type\":\"PropertyValueSpecification\",\"valueRequired\":true,\"valueName\":\"search_term_string\"}}],\"inLanguage\":\"pt-BR\"},{\"@type\":\"Organization\",\"@id\":\"https:\\\/\\\/redenoticiaz.com.br\\\/litoralsp\\\/#organization\",\"name\":\"Litoral SP\",\"url\":\"https:\\\/\\\/redenoticiaz.com.br\\\/litoralsp\\\/\",\"logo\":{\"@type\":\"ImageObject\",\"inLanguage\":\"pt-BR\",\"@id\":\"https:\\\/\\\/redenoticiaz.com.br\\\/litoralsp\\\/#\\\/schema\\\/logo\\\/image\\\/\",\"url\":\"https:\\\/\\\/redenoticiaz.com.br\\\/litoralsp\\\/wp-content\\\/uploads\\\/sites\\\/3\\\/2020\\\/11\\\/logo.jpg\",\"contentUrl\":\"https:\\\/\\\/redenoticiaz.com.br\\\/litoralsp\\\/wp-content\\\/uploads\\\/sites\\\/3\\\/2020\\\/11\\\/logo.jpg\",\"width\":400,\"height\":250,\"caption\":\"Litoral SP\"},\"image\":{\"@id\":\"https:\\\/\\\/redenoticiaz.com.br\\\/litoralsp\\\/#\\\/schema\\\/logo\\\/image\\\/\"}},{\"@type\":\"Person\",\"@id\":\"https:\\\/\\\/redenoticiaz.com.br\\\/litoralsp\\\/#\\\/schema\\\/person\\\/0f0b8a5bdafefe82841e07ae8d81ecb3\",\"name\":\"Leonardo Francisco\",\"image\":{\"@type\":\"ImageObject\",\"inLanguage\":\"pt-BR\",\"@id\":\"https:\\\/\\\/secure.gravatar.com\\\/avatar\\\/a7358cb406a99b682ec6df1e77e31ae82e63601f6784e8a3df411d72b37864da?s=96&d=mm&r=g\",\"url\":\"https:\\\/\\\/secure.gravatar.com\\\/avatar\\\/a7358cb406a99b682ec6df1e77e31ae82e63601f6784e8a3df411d72b37864da?s=96&d=mm&r=g\",\"contentUrl\":\"https:\\\/\\\/secure.gravatar.com\\\/avatar\\\/a7358cb406a99b682ec6df1e77e31ae82e63601f6784e8a3df411d72b37864da?s=96&d=mm&r=g\",\"caption\":\"Leonardo Francisco\"},\"url\":\"https:\\\/\\\/redenoticiaz.com.br\\\/litoralsp\\\/author\\\/leonardo-francisco\"}]}<\/script>\n<!-- \/ Yoast SEO plugin. -->","yoast_head_json":{"title":"Santos abre vantagem na Pr\u00e9 Libertadores da Am\u00e9rica - Litoral SP","description":"O Santos iniciou a sua campanha na Conmebol Libertadores da Am\u00e9rica, jogando a fase preliminar e conseguindo uma","robots":{"index":"index","follow":"follow","max-snippet":"max-snippet:-1","max-image-preview":"max-image-preview:large","max-video-preview":"max-video-preview:-1"},"canonical":"https:\/\/redenoticiaz.com.br\/litoralsp\/2021\/03\/10\/santos-abre-vantagem-na-pre-libertadores-da-america","og_locale":"pt_BR","og_type":"article","og_title":"Santos abre vantagem na Pr\u00e9 Libertadores da Am\u00e9rica - Litoral SP","og_description":"O Santos iniciou a sua campanha na Conmebol Libertadores da Am\u00e9rica, jogando a fase preliminar e conseguindo uma","og_url":"https:\/\/redenoticiaz.com.br\/litoralsp\/2021\/03\/10\/santos-abre-vantagem-na-pre-libertadores-da-america","og_site_name":"Litoral SP","article_published_time":"2021-03-10T15:43:49+00:00","article_modified_time":"2021-03-10T15:47:21+00:00","og_image":[{"width":640,"height":360,"url":"https:\/\/redenoticiaz.com.br\/litoralsp\/wp-content\/uploads\/sites\/3\/2021\/03\/gettyimages-1306212539.jpg","type":"image\/jpeg"}],"author":"Leonardo Francisco","twitter_card":"summary_large_image","twitter_misc":{"Escrito por":"Leonardo Francisco","Est. tempo de leitura":"3 minutos"},"schema":{"@context":"https:\/\/schema.org","@graph":[{"@type":"Article","@id":"https:\/\/redenoticiaz.com.br\/litoralsp\/2021\/03\/10\/santos-abre-vantagem-na-pre-libertadores-da-america#article","isPartOf":{"@id":"https:\/\/redenoticiaz.com.br\/litoralsp\/2021\/03\/10\/santos-abre-vantagem-na-pre-libertadores-da-america"},"author":{"name":"Leonardo Francisco","@id":"https:\/\/redenoticiaz.com.br\/litoralsp\/#\/schema\/person\/0f0b8a5bdafefe82841e07ae8d81ecb3"},"headline":"Santos abre vantagem na Pr\u00e9 Libertadores da Am\u00e9rica","datePublished":"2021-03-10T15:43:49+00:00","dateModified":"2021-03-10T15:47:21+00:00","mainEntityOfPage":{"@id":"https:\/\/redenoticiaz.com.br\/litoralsp\/2021\/03\/10\/santos-abre-vantagem-na-pre-libertadores-da-america"},"wordCount":527,"commentCount":0,"publisher":{"@id":"https:\/\/redenoticiaz.com.br\/litoralsp\/#organization"},"image":{"@id":"https:\/\/redenoticiaz.com.br\/litoralsp\/2021\/03\/10\/santos-abre-vantagem-na-pre-libertadores-da-america#primaryimage"},"thumbnailUrl":"https:\/\/redenoticiaz.com.br\/litoralsp\/wp-content\/uploads\/sites\/3\/2021\/03\/gettyimages-1306212539.jpg","keywords":["CONMEBOL LIBERTADORES DA AM\u00c9RICA","DEPORTIVO LARA","FASE PRELIMINAR","Santos","Vila Belmiro"],"articleSection":["Esporte"],"inLanguage":"pt-BR","potentialAction":[{"@type":"CommentAction","name":"Comment","target":["https:\/\/redenoticiaz.com.br\/litoralsp\/2021\/03\/10\/santos-abre-vantagem-na-pre-libertadores-da-america#respond"]}]},{"@type":"WebPage","@id":"https:\/\/redenoticiaz.com.br\/litoralsp\/2021\/03\/10\/santos-abre-vantagem-na-pre-libertadores-da-america","url":"https:\/\/redenoticiaz.com.br\/litoralsp\/2021\/03\/10\/santos-abre-vantagem-na-pre-libertadores-da-america","name":"Santos abre vantagem na Pr\u00e9 Libertadores da Am\u00e9rica - Litoral SP","isPartOf":{"@id":"https:\/\/redenoticiaz.com.br\/litoralsp\/#website"},"primaryImageOfPage":{"@id":"https:\/\/redenoticiaz.com.br\/litoralsp\/2021\/03\/10\/santos-abre-vantagem-na-pre-libertadores-da-america#primaryimage"},"image":{"@id":"https:\/\/redenoticiaz.com.br\/litoralsp\/2021\/03\/10\/santos-abre-vantagem-na-pre-libertadores-da-america#primaryimage"},"thumbnailUrl":"https:\/\/redenoticiaz.com.br\/litoralsp\/wp-content\/uploads\/sites\/3\/2021\/03\/gettyimages-1306212539.jpg","datePublished":"2021-03-10T15:43:49+00:00","dateModified":"2021-03-10T15:47:21+00:00","description":"O Santos iniciou a sua campanha na Conmebol Libertadores da Am\u00e9rica, jogando a fase preliminar e conseguindo uma","inLanguage":"pt-BR","potentialAction":[{"@type":"ReadAction","target":["https:\/\/redenoticiaz.com.br\/litoralsp\/2021\/03\/10\/santos-abre-vantagem-na-pre-libertadores-da-america"]}]},{"@type":"ImageObject","inLanguage":"pt-BR","@id":"https:\/\/redenoticiaz.com.br\/litoralsp\/2021\/03\/10\/santos-abre-vantagem-na-pre-libertadores-da-america#primaryimage","url":"https:\/\/redenoticiaz.com.br\/litoralsp\/wp-content\/uploads\/sites\/3\/2021\/03\/gettyimages-1306212539.jpg","contentUrl":"https:\/\/redenoticiaz.com.br\/litoralsp\/wp-content\/uploads\/sites\/3\/2021\/03\/gettyimages-1306212539.jpg","width":640,"height":360,"caption":"Cr\u00e9ditos: Getty Images"},{"@type":"WebSite","@id":"https:\/\/redenoticiaz.com.br\/litoralsp\/#website","url":"https:\/\/redenoticiaz.com.br\/litoralsp\/","name":"Litoral SP","description":"Rede NoticiaZ","publisher":{"@id":"https:\/\/redenoticiaz.com.br\/litoralsp\/#organization"},"potentialAction":[{"@type":"SearchAction","target":{"@type":"EntryPoint","urlTemplate":"https:\/\/redenoticiaz.com.br\/litoralsp\/?s={search_term_string}"},"query-input":{"@type":"PropertyValueSpecification","valueRequired":true,"valueName":"search_term_string"}}],"inLanguage":"pt-BR"},{"@type":"Organization","@id":"https:\/\/redenoticiaz.com.br\/litoralsp\/#organization","name":"Litoral SP","url":"https:\/\/redenoticiaz.com.br\/litoralsp\/","logo":{"@type":"ImageObject","inLanguage":"pt-BR","@id":"https:\/\/redenoticiaz.com.br\/litoralsp\/#\/schema\/logo\/image\/","url":"https:\/\/redenoticiaz.com.br\/litoralsp\/wp-content\/uploads\/sites\/3\/2020\/11\/logo.jpg","contentUrl":"https:\/\/redenoticiaz.com.br\/litoralsp\/wp-content\/uploads\/sites\/3\/2020\/11\/logo.jpg","width":400,"height":250,"caption":"Litoral SP"},"image":{"@id":"https:\/\/redenoticiaz.com.br\/litoralsp\/#\/schema\/logo\/image\/"}},{"@type":"Person","@id":"https:\/\/redenoticiaz.com.br\/litoralsp\/#\/schema\/person\/0f0b8a5bdafefe82841e07ae8d81ecb3","name":"Leonardo Francisco","image":{"@type":"ImageObject","inLanguage":"pt-BR","@id":"https:\/\/secure.gravatar.com\/avatar\/a7358cb406a99b682ec6df1e77e31ae82e63601f6784e8a3df411d72b37864da?s=96&d=mm&r=g","url":"https:\/\/secure.gravatar.com\/avatar\/a7358cb406a99b682ec6df1e77e31ae82e63601f6784e8a3df411d72b37864da?s=96&d=mm&r=g","contentUrl":"https:\/\/secure.gravatar.com\/avatar\/a7358cb406a99b682ec6df1e77e31ae82e63601f6784e8a3df411d72b37864da?s=96&d=mm&r=g","caption":"Leonardo Francisco"},"url":"https:\/\/redenoticiaz.com.br\/litoralsp\/author\/leonardo-francisco"}]}},"_links":{"self":[{"href":"https:\/\/redenoticiaz.com.br\/litoralsp\/wp-json\/wp\/v2\/posts\/5432","targetHints":{"allow":["GET"]}}],"collection":[{"href":"https:\/\/redenoticiaz.com.br\/litoralsp\/wp-json\/wp\/v2\/posts"}],"about":[{"href":"https:\/\/redenoticiaz.com.br\/litoralsp\/wp-json\/wp\/v2\/types\/post"}],"author":[{"embeddable":true,"href":"https:\/\/redenoticiaz.com.br\/litoralsp\/wp-json\/wp\/v2\/users\/6"}],"replies":[{"embeddable":true,"href":"https:\/\/redenoticiaz.com.br\/litoralsp\/wp-json\/wp\/v2\/comments?post=5432"}],"version-history":[{"count":1,"href":"https:\/\/redenoticiaz.com.br\/litoralsp\/wp-json\/wp\/v2\/posts\/5432\/revisions"}],"predecessor-version":[{"id":5434,"href":"https:\/\/redenoticiaz.com.br\/litoralsp\/wp-json\/wp\/v2\/posts\/5432\/revisions\/5434"}],"wp:featuredmedia":[{"embeddable":true,"href":"https:\/\/redenoticiaz.com.br\/litoralsp\/wp-json\/wp\/v2\/media\/5433"}],"wp:attachment":[{"href":"https:\/\/redenoticiaz.com.br\/litoralsp\/wp-json\/wp\/v2\/media?parent=5432"}],"wp:term":[{"taxonomy":"category","embeddable":true,"href":"https:\/\/redenoticiaz.com.br\/litoralsp\/wp-json\/wp\/v2\/categories?post=5432"},{"taxonomy":"post_tag","embeddable":true,"href":"https:\/\/redenoticiaz.com.br\/litoralsp\/wp-json\/wp\/v2\/tags?post=5432"}],"curies":[{"name":"wp","href":"https:\/\/api.w.org\/{rel}","templated":true}]}}