{"id":5435,"date":"2021-03-10T13:03:40","date_gmt":"2021-03-10T16:03:40","guid":{"rendered":"https:\/\/redenoticiaz.com.br\/litoralsp\/?p=5435"},"modified":"2021-03-10T13:04:37","modified_gmt":"2021-03-10T16:04:37","slug":"segunda-dose-da-vacina-contra-a-covid-19-e-aplicada-em-santos","status":"publish","type":"post","link":"https:\/\/redenoticiaz.com.br\/litoralsp\/2021\/03\/10\/segunda-dose-da-vacina-contra-a-covid-19-e-aplicada-em-santos","title":{"rendered":"Segunda dose da vacina contra a COVID-19 \u00e9 aplicada em Santos"},"content":{"rendered":"<p>Nesta quarta-feira (10), <a href=\"https:\/\/www.santos.sp.gov.br\/\">Santos<\/a> iniciou a aplica\u00e7\u00e3o da <strong>segunda dose da vacin<\/strong>a contra a COVID-19. Idosos que tem a partir de 85 anos est\u00e3o sendo imunizados por meio do sistema drive-thru, realizado na Arena Santos. Para garantir a organiza\u00e7\u00e3o da fila de carros e do tr\u00e2nsito, um esquema especial foi montado, para que todos tenham um acesso seguro.<\/p>\n<p>Santos come\u00e7ou a aplica\u00e7\u00e3o da segunda dose das vacinas da CoronaVac para idosos com 85 anos ou mais, que tenham recebido o imunizante a partir de 11 de fevereiro, nesta quarta-feira (10). J\u00e1 o p\u00fablico que tem 77 anos ou mais (primeira dose) e os com 90 anos ou mais (segunda dose) tamb\u00e9m podem procurar qualquer posto para a vacina\u00e7\u00e3o.<\/p>\n<h3>Tr\u00e2nsito<\/h3>\n<p>Segundo a Companhia de Engenharia de Tr\u00e1fego (CET-Santos), o acesso at\u00e9 a Arena Santos, localizada na Rua Rangel Pestana, 184 \u00e9 feita pelas avenidas S\u00e3o Francisco e Senador Feij\u00f3. Todos os agentes de tr\u00e2nsito est\u00e3o nos locais para fazer a ordem do tr\u00e2nsito e evitar os casos de fura fila.<\/p>\n<div class=\"mc-column content-text active-extra-styles \" data-block-type=\"unstyled\" data-block-weight=\"37\" data-block-id=\"7\">\n<figure id=\"attachment_5436\" aria-describedby=\"caption-attachment-5436\" style=\"width: 533px\" class=\"wp-caption alignleft\"><img loading=\"lazy\" decoding=\"async\" class=\" wp-image-5436\" src=\"https:\/\/redenoticiaz.com.br\/litoralsp\/wp-content\/uploads\/sites\/3\/2021\/03\/esquema-drive-300x212.jpg\" alt=\"\" width=\"533\" height=\"377\" srcset=\"https:\/\/redenoticiaz.com.br\/litoralsp\/wp-content\/uploads\/sites\/3\/2021\/03\/esquema-drive-300x212.jpg 300w, https:\/\/redenoticiaz.com.br\/litoralsp\/wp-content\/uploads\/sites\/3\/2021\/03\/esquema-drive-768x542.jpg 768w, https:\/\/redenoticiaz.com.br\/litoralsp\/wp-content\/uploads\/sites\/3\/2021\/03\/esquema-drive.jpg 984w\" sizes=\"auto, (max-width: 533px) 100vw, 533px\" \/><figcaption id=\"caption-attachment-5436\" class=\"wp-caption-text\">Cr\u00e9ditos: Divulga\u00e7\u00e3o\/Prefeitura de Santos.<\/figcaption><\/figure>\n<p class=\"content-text__container \" data-track-category=\"Link no Texto\" data-track-links=\"\">Os motoristas que t\u00eam como destino o Centro da cidade, as rotas alternativas s\u00e3o: Ponta da Praia, pela Avenida Perimetral, e Embar\u00e9 e Boqueir\u00e3o, pela Avenidas Conselheiro N\u00e9bias e Rua Braz Cubas, conforme indicado pela CET.<\/p>\n<\/div>\n<div class=\"mc-column content-text active-extra-styles \" data-block-type=\"unstyled\" data-block-weight=\"59\" data-block-id=\"8\">\n<p class=\"content-text__container \" data-track-category=\"Link no Texto\" data-track-links=\"\">No caso dos que saem do Gonzaga, Pompeia e Campo Grande, as op\u00e7\u00f5es s\u00e3o a Avenida Bernardino de Campos (Canal 2) ou Avenida Pinheiro Machado (Canal 1), seguindo depois pelo t\u00fanel. A recomenda\u00e7\u00e3o da CET \u00e9 de que os motoristas evitem a \u00e1rea da Arena Santos, principalmente, nas primeiras horas da manh\u00e3, quando a procura pela vacina\u00e7\u00e3o \u00e9 maior.<\/p>\n<\/div>\n<div class=\"mc-column content-text active-extra-styles \" data-block-type=\"unstyled\" data-block-weight=\"43\" data-block-id=\"9\">\n<p class=\"content-text__container \" data-track-category=\"Link no Texto\" data-track-links=\"\">No caso das linhas de transporte p\u00fablico que circulam pela pista da direita da Rangel Pestana, ser\u00e1 implantado desvio pela pista esquerda da avenida, depois Avenida Ana Costa (Centro\/praia), Pra\u00e7a Belmiro Ribeiro, Rua Ant\u00f4nio Bento e retorno ao itiner\u00e1rio normal pela Rangel Pestana.<\/p>\n<p data-track-category=\"Link no Texto\" data-track-links=\"\">\n<\/div>\n<div class=\"block-podcast\"><\/div>\n","protected":false},"excerpt":{"rendered":"<p>Nesta quarta-feira (10), Santos iniciou a aplica\u00e7\u00e3o da segunda dose da vacina contra a COVID-19. Idosos que tem a partir de 85 anos est\u00e3o sendo imunizados por meio do sistema drive-thru, realizado na Arena Santos. Para garantir a organiza\u00e7\u00e3o da fila de carros e do tr\u00e2nsito, um esquema especial foi montado, para que todos tenham &hellip;<\/p>\n","protected":false},"author":6,"featured_media":5437,"comment_status":"open","ping_status":"closed","sticky":false,"template":"","format":"standard","meta":{"footnotes":""},"categories":[180,23,5],"tags":[9126,5380,25,36,11128,986,11479,117,87],"class_list":["post-5435","post","type-post","status-publish","format-standard","has-post-thumbnail","hentry","category-santos","category-saude","category-transito","tag-arena-santos","tag-cet-santos","tag-coronavac","tag-covid-19","tag-drive-thru","tag-santos","tag-segunda-dose","tag-transito","tag-vacina"],"yoast_head":"<!-- This site is optimized with the Yoast SEO plugin v27.5 - https:\/\/yoast.com\/product\/yoast-seo-wordpress\/ -->\n<title>Segunda dose da vacina contra a COVID-19 \u00e9 aplicada em Santos - Litoral SP<\/title>\n<meta name=\"description\" content=\"Nesta quarta-feira (10), Santos iniciou a aplica\u00e7\u00e3o da segunda dose da vacina contra a COVID-19. Idosos que tem a partir de 85 anos est\u00e3o sendo\" \/>\n<meta name=\"robots\" content=\"index, follow, max-snippet:-1, max-image-preview:large, max-video-preview:-1\" \/>\n<link rel=\"canonical\" href=\"https:\/\/redenoticiaz.com.br\/litoralsp\/2021\/03\/10\/segunda-dose-da-vacina-contra-a-covid-19-e-aplicada-em-santos\" \/>\n<meta property=\"og:locale\" content=\"pt_BR\" \/>\n<meta property=\"og:type\" content=\"article\" \/>\n<meta property=\"og:title\" content=\"Segunda dose da vacina contra a COVID-19 \u00e9 aplicada em Santos - Litoral SP\" \/>\n<meta property=\"og:description\" content=\"Nesta quarta-feira (10), Santos iniciou a aplica\u00e7\u00e3o da segunda dose da vacina contra a COVID-19. Idosos que tem a partir de 85 anos est\u00e3o sendo\" \/>\n<meta property=\"og:url\" content=\"https:\/\/redenoticiaz.com.br\/litoralsp\/2021\/03\/10\/segunda-dose-da-vacina-contra-a-covid-19-e-aplicada-em-santos\" \/>\n<meta property=\"og:site_name\" content=\"Litoral SP\" \/>\n<meta property=\"article:published_time\" content=\"2021-03-10T16:03:40+00:00\" \/>\n<meta property=\"article:modified_time\" content=\"2021-03-10T16:04:37+00:00\" \/>\n<meta property=\"og:image\" content=\"https:\/\/redenoticiaz.com.br\/litoralsp\/wp-content\/uploads\/sites\/3\/2021\/03\/drive-thru.jpg\" \/>\n\t<meta property=\"og:image:width\" content=\"984\" \/>\n\t<meta property=\"og:image:height\" content=\"738\" \/>\n\t<meta property=\"og:image:type\" content=\"image\/jpeg\" \/>\n<meta name=\"author\" content=\"Leonardo Francisco\" \/>\n<meta name=\"twitter:card\" content=\"summary_large_image\" \/>\n<meta name=\"twitter:label1\" content=\"Escrito por\" \/>\n\t<meta name=\"twitter:data1\" content=\"Leonardo Francisco\" \/>\n\t<meta name=\"twitter:label2\" content=\"Est. tempo de leitura\" \/>\n\t<meta name=\"twitter:data2\" content=\"2 minutos\" \/>\n<script type=\"application\/ld+json\" class=\"yoast-schema-graph\">{\"@context\":\"https:\\\/\\\/schema.org\",\"@graph\":[{\"@type\":\"Article\",\"@id\":\"https:\\\/\\\/redenoticiaz.com.br\\\/litoralsp\\\/2021\\\/03\\\/10\\\/segunda-dose-da-vacina-contra-a-covid-19-e-aplicada-em-santos#article\",\"isPartOf\":{\"@id\":\"https:\\\/\\\/redenoticiaz.com.br\\\/litoralsp\\\/2021\\\/03\\\/10\\\/segunda-dose-da-vacina-contra-a-covid-19-e-aplicada-em-santos\"},\"author\":{\"name\":\"Leonardo Francisco\",\"@id\":\"https:\\\/\\\/redenoticiaz.com.br\\\/litoralsp\\\/#\\\/schema\\\/person\\\/0f0b8a5bdafefe82841e07ae8d81ecb3\"},\"headline\":\"Segunda dose da vacina contra a COVID-19 \u00e9 aplicada em Santos\",\"datePublished\":\"2021-03-10T16:03:40+00:00\",\"dateModified\":\"2021-03-10T16:04:37+00:00\",\"mainEntityOfPage\":{\"@id\":\"https:\\\/\\\/redenoticiaz.com.br\\\/litoralsp\\\/2021\\\/03\\\/10\\\/segunda-dose-da-vacina-contra-a-covid-19-e-aplicada-em-santos\"},\"wordCount\":347,\"commentCount\":0,\"publisher\":{\"@id\":\"https:\\\/\\\/redenoticiaz.com.br\\\/litoralsp\\\/#organization\"},\"image\":{\"@id\":\"https:\\\/\\\/redenoticiaz.com.br\\\/litoralsp\\\/2021\\\/03\\\/10\\\/segunda-dose-da-vacina-contra-a-covid-19-e-aplicada-em-santos#primaryimage\"},\"thumbnailUrl\":\"https:\\\/\\\/redenoticiaz.com.br\\\/litoralsp\\\/wp-content\\\/uploads\\\/sites\\\/3\\\/2021\\\/03\\\/drive-thru.jpg\",\"keywords\":[\"ARENA SANTOS\",\"CET-SANTOS\",\"CoronaVac\",\"Covid-19\",\"DRIVE-THRU\",\"Santos\",\"SEGUNDA DOSE\",\"transito\",\"vacina\"],\"articleSection\":[\"Santos\",\"Sa\u00fade\",\"Tr\u00e2nsito\"],\"inLanguage\":\"pt-BR\",\"potentialAction\":[{\"@type\":\"CommentAction\",\"name\":\"Comment\",\"target\":[\"https:\\\/\\\/redenoticiaz.com.br\\\/litoralsp\\\/2021\\\/03\\\/10\\\/segunda-dose-da-vacina-contra-a-covid-19-e-aplicada-em-santos#respond\"]}]},{\"@type\":\"WebPage\",\"@id\":\"https:\\\/\\\/redenoticiaz.com.br\\\/litoralsp\\\/2021\\\/03\\\/10\\\/segunda-dose-da-vacina-contra-a-covid-19-e-aplicada-em-santos\",\"url\":\"https:\\\/\\\/redenoticiaz.com.br\\\/litoralsp\\\/2021\\\/03\\\/10\\\/segunda-dose-da-vacina-contra-a-covid-19-e-aplicada-em-santos\",\"name\":\"Segunda dose da vacina contra a COVID-19 \u00e9 aplicada em Santos - Litoral SP\",\"isPartOf\":{\"@id\":\"https:\\\/\\\/redenoticiaz.com.br\\\/litoralsp\\\/#website\"},\"primaryImageOfPage\":{\"@id\":\"https:\\\/\\\/redenoticiaz.com.br\\\/litoralsp\\\/2021\\\/03\\\/10\\\/segunda-dose-da-vacina-contra-a-covid-19-e-aplicada-em-santos#primaryimage\"},\"image\":{\"@id\":\"https:\\\/\\\/redenoticiaz.com.br\\\/litoralsp\\\/2021\\\/03\\\/10\\\/segunda-dose-da-vacina-contra-a-covid-19-e-aplicada-em-santos#primaryimage\"},\"thumbnailUrl\":\"https:\\\/\\\/redenoticiaz.com.br\\\/litoralsp\\\/wp-content\\\/uploads\\\/sites\\\/3\\\/2021\\\/03\\\/drive-thru.jpg\",\"datePublished\":\"2021-03-10T16:03:40+00:00\",\"dateModified\":\"2021-03-10T16:04:37+00:00\",\"description\":\"Nesta quarta-feira (10), Santos iniciou a aplica\u00e7\u00e3o da segunda dose da vacina contra a COVID-19. Idosos que tem a partir de 85 anos est\u00e3o sendo\",\"inLanguage\":\"pt-BR\",\"potentialAction\":[{\"@type\":\"ReadAction\",\"target\":[\"https:\\\/\\\/redenoticiaz.com.br\\\/litoralsp\\\/2021\\\/03\\\/10\\\/segunda-dose-da-vacina-contra-a-covid-19-e-aplicada-em-santos\"]}]},{\"@type\":\"ImageObject\",\"inLanguage\":\"pt-BR\",\"@id\":\"https:\\\/\\\/redenoticiaz.com.br\\\/litoralsp\\\/2021\\\/03\\\/10\\\/segunda-dose-da-vacina-contra-a-covid-19-e-aplicada-em-santos#primaryimage\",\"url\":\"https:\\\/\\\/redenoticiaz.com.br\\\/litoralsp\\\/wp-content\\\/uploads\\\/sites\\\/3\\\/2021\\\/03\\\/drive-thru.jpg\",\"contentUrl\":\"https:\\\/\\\/redenoticiaz.com.br\\\/litoralsp\\\/wp-content\\\/uploads\\\/sites\\\/3\\\/2021\\\/03\\\/drive-thru.jpg\",\"width\":984,\"height\":738,\"caption\":\"Segunda dose da vacina contra a COVID-19 \u00e9 aplicada em Santos\"},{\"@type\":\"WebSite\",\"@id\":\"https:\\\/\\\/redenoticiaz.com.br\\\/litoralsp\\\/#website\",\"url\":\"https:\\\/\\\/redenoticiaz.com.br\\\/litoralsp\\\/\",\"name\":\"Litoral SP\",\"description\":\"Rede NoticiaZ\",\"publisher\":{\"@id\":\"https:\\\/\\\/redenoticiaz.com.br\\\/litoralsp\\\/#organization\"},\"potentialAction\":[{\"@type\":\"SearchAction\",\"target\":{\"@type\":\"EntryPoint\",\"urlTemplate\":\"https:\\\/\\\/redenoticiaz.com.br\\\/litoralsp\\\/?s={search_term_string}\"},\"query-input\":{\"@type\":\"PropertyValueSpecification\",\"valueRequired\":true,\"valueName\":\"search_term_string\"}}],\"inLanguage\":\"pt-BR\"},{\"@type\":\"Organization\",\"@id\":\"https:\\\/\\\/redenoticiaz.com.br\\\/litoralsp\\\/#organization\",\"name\":\"Litoral SP\",\"url\":\"https:\\\/\\\/redenoticiaz.com.br\\\/litoralsp\\\/\",\"logo\":{\"@type\":\"ImageObject\",\"inLanguage\":\"pt-BR\",\"@id\":\"https:\\\/\\\/redenoticiaz.com.br\\\/litoralsp\\\/#\\\/schema\\\/logo\\\/image\\\/\",\"url\":\"https:\\\/\\\/redenoticiaz.com.br\\\/litoralsp\\\/wp-content\\\/uploads\\\/sites\\\/3\\\/2020\\\/11\\\/logo.jpg\",\"contentUrl\":\"https:\\\/\\\/redenoticiaz.com.br\\\/litoralsp\\\/wp-content\\\/uploads\\\/sites\\\/3\\\/2020\\\/11\\\/logo.jpg\",\"width\":400,\"height\":250,\"caption\":\"Litoral SP\"},\"image\":{\"@id\":\"https:\\\/\\\/redenoticiaz.com.br\\\/litoralsp\\\/#\\\/schema\\\/logo\\\/image\\\/\"}},{\"@type\":\"Person\",\"@id\":\"https:\\\/\\\/redenoticiaz.com.br\\\/litoralsp\\\/#\\\/schema\\\/person\\\/0f0b8a5bdafefe82841e07ae8d81ecb3\",\"name\":\"Leonardo Francisco\",\"image\":{\"@type\":\"ImageObject\",\"inLanguage\":\"pt-BR\",\"@id\":\"https:\\\/\\\/secure.gravatar.com\\\/avatar\\\/a7358cb406a99b682ec6df1e77e31ae82e63601f6784e8a3df411d72b37864da?s=96&d=mm&r=g\",\"url\":\"https:\\\/\\\/secure.gravatar.com\\\/avatar\\\/a7358cb406a99b682ec6df1e77e31ae82e63601f6784e8a3df411d72b37864da?s=96&d=mm&r=g\",\"contentUrl\":\"https:\\\/\\\/secure.gravatar.com\\\/avatar\\\/a7358cb406a99b682ec6df1e77e31ae82e63601f6784e8a3df411d72b37864da?s=96&d=mm&r=g\",\"caption\":\"Leonardo Francisco\"},\"url\":\"https:\\\/\\\/redenoticiaz.com.br\\\/litoralsp\\\/author\\\/leonardo-francisco\"}]}<\/script>\n<!-- \/ Yoast SEO plugin. -->","yoast_head_json":{"title":"Segunda dose da vacina contra a COVID-19 \u00e9 aplicada em Santos - Litoral SP","description":"Nesta quarta-feira (10), Santos iniciou a aplica\u00e7\u00e3o da segunda dose da vacina contra a COVID-19. Idosos que tem a partir de 85 anos est\u00e3o sendo","robots":{"index":"index","follow":"follow","max-snippet":"max-snippet:-1","max-image-preview":"max-image-preview:large","max-video-preview":"max-video-preview:-1"},"canonical":"https:\/\/redenoticiaz.com.br\/litoralsp\/2021\/03\/10\/segunda-dose-da-vacina-contra-a-covid-19-e-aplicada-em-santos","og_locale":"pt_BR","og_type":"article","og_title":"Segunda dose da vacina contra a COVID-19 \u00e9 aplicada em Santos - Litoral SP","og_description":"Nesta quarta-feira (10), Santos iniciou a aplica\u00e7\u00e3o da segunda dose da vacina contra a COVID-19. Idosos que tem a partir de 85 anos est\u00e3o sendo","og_url":"https:\/\/redenoticiaz.com.br\/litoralsp\/2021\/03\/10\/segunda-dose-da-vacina-contra-a-covid-19-e-aplicada-em-santos","og_site_name":"Litoral SP","article_published_time":"2021-03-10T16:03:40+00:00","article_modified_time":"2021-03-10T16:04:37+00:00","og_image":[{"width":984,"height":738,"url":"https:\/\/redenoticiaz.com.br\/litoralsp\/wp-content\/uploads\/sites\/3\/2021\/03\/drive-thru.jpg","type":"image\/jpeg"}],"author":"Leonardo Francisco","twitter_card":"summary_large_image","twitter_misc":{"Escrito por":"Leonardo Francisco","Est. tempo de leitura":"2 minutos"},"schema":{"@context":"https:\/\/schema.org","@graph":[{"@type":"Article","@id":"https:\/\/redenoticiaz.com.br\/litoralsp\/2021\/03\/10\/segunda-dose-da-vacina-contra-a-covid-19-e-aplicada-em-santos#article","isPartOf":{"@id":"https:\/\/redenoticiaz.com.br\/litoralsp\/2021\/03\/10\/segunda-dose-da-vacina-contra-a-covid-19-e-aplicada-em-santos"},"author":{"name":"Leonardo Francisco","@id":"https:\/\/redenoticiaz.com.br\/litoralsp\/#\/schema\/person\/0f0b8a5bdafefe82841e07ae8d81ecb3"},"headline":"Segunda dose da vacina contra a COVID-19 \u00e9 aplicada em Santos","datePublished":"2021-03-10T16:03:40+00:00","dateModified":"2021-03-10T16:04:37+00:00","mainEntityOfPage":{"@id":"https:\/\/redenoticiaz.com.br\/litoralsp\/2021\/03\/10\/segunda-dose-da-vacina-contra-a-covid-19-e-aplicada-em-santos"},"wordCount":347,"commentCount":0,"publisher":{"@id":"https:\/\/redenoticiaz.com.br\/litoralsp\/#organization"},"image":{"@id":"https:\/\/redenoticiaz.com.br\/litoralsp\/2021\/03\/10\/segunda-dose-da-vacina-contra-a-covid-19-e-aplicada-em-santos#primaryimage"},"thumbnailUrl":"https:\/\/redenoticiaz.com.br\/litoralsp\/wp-content\/uploads\/sites\/3\/2021\/03\/drive-thru.jpg","keywords":["ARENA SANTOS","CET-SANTOS","CoronaVac","Covid-19","DRIVE-THRU","Santos","SEGUNDA DOSE","transito","vacina"],"articleSection":["Santos","Sa\u00fade","Tr\u00e2nsito"],"inLanguage":"pt-BR","potentialAction":[{"@type":"CommentAction","name":"Comment","target":["https:\/\/redenoticiaz.com.br\/litoralsp\/2021\/03\/10\/segunda-dose-da-vacina-contra-a-covid-19-e-aplicada-em-santos#respond"]}]},{"@type":"WebPage","@id":"https:\/\/redenoticiaz.com.br\/litoralsp\/2021\/03\/10\/segunda-dose-da-vacina-contra-a-covid-19-e-aplicada-em-santos","url":"https:\/\/redenoticiaz.com.br\/litoralsp\/2021\/03\/10\/segunda-dose-da-vacina-contra-a-covid-19-e-aplicada-em-santos","name":"Segunda dose da vacina contra a COVID-19 \u00e9 aplicada em Santos - Litoral SP","isPartOf":{"@id":"https:\/\/redenoticiaz.com.br\/litoralsp\/#website"},"primaryImageOfPage":{"@id":"https:\/\/redenoticiaz.com.br\/litoralsp\/2021\/03\/10\/segunda-dose-da-vacina-contra-a-covid-19-e-aplicada-em-santos#primaryimage"},"image":{"@id":"https:\/\/redenoticiaz.com.br\/litoralsp\/2021\/03\/10\/segunda-dose-da-vacina-contra-a-covid-19-e-aplicada-em-santos#primaryimage"},"thumbnailUrl":"https:\/\/redenoticiaz.com.br\/litoralsp\/wp-content\/uploads\/sites\/3\/2021\/03\/drive-thru.jpg","datePublished":"2021-03-10T16:03:40+00:00","dateModified":"2021-03-10T16:04:37+00:00","description":"Nesta quarta-feira (10), Santos iniciou a aplica\u00e7\u00e3o da segunda dose da vacina contra a COVID-19. Idosos que tem a partir de 85 anos est\u00e3o sendo","inLanguage":"pt-BR","potentialAction":[{"@type":"ReadAction","target":["https:\/\/redenoticiaz.com.br\/litoralsp\/2021\/03\/10\/segunda-dose-da-vacina-contra-a-covid-19-e-aplicada-em-santos"]}]},{"@type":"ImageObject","inLanguage":"pt-BR","@id":"https:\/\/redenoticiaz.com.br\/litoralsp\/2021\/03\/10\/segunda-dose-da-vacina-contra-a-covid-19-e-aplicada-em-santos#primaryimage","url":"https:\/\/redenoticiaz.com.br\/litoralsp\/wp-content\/uploads\/sites\/3\/2021\/03\/drive-thru.jpg","contentUrl":"https:\/\/redenoticiaz.com.br\/litoralsp\/wp-content\/uploads\/sites\/3\/2021\/03\/drive-thru.jpg","width":984,"height":738,"caption":"Segunda dose da vacina contra a COVID-19 \u00e9 aplicada em Santos"},{"@type":"WebSite","@id":"https:\/\/redenoticiaz.com.br\/litoralsp\/#website","url":"https:\/\/redenoticiaz.com.br\/litoralsp\/","name":"Litoral SP","description":"Rede NoticiaZ","publisher":{"@id":"https:\/\/redenoticiaz.com.br\/litoralsp\/#organization"},"potentialAction":[{"@type":"SearchAction","target":{"@type":"EntryPoint","urlTemplate":"https:\/\/redenoticiaz.com.br\/litoralsp\/?s={search_term_string}"},"query-input":{"@type":"PropertyValueSpecification","valueRequired":true,"valueName":"search_term_string"}}],"inLanguage":"pt-BR"},{"@type":"Organization","@id":"https:\/\/redenoticiaz.com.br\/litoralsp\/#organization","name":"Litoral SP","url":"https:\/\/redenoticiaz.com.br\/litoralsp\/","logo":{"@type":"ImageObject","inLanguage":"pt-BR","@id":"https:\/\/redenoticiaz.com.br\/litoralsp\/#\/schema\/logo\/image\/","url":"https:\/\/redenoticiaz.com.br\/litoralsp\/wp-content\/uploads\/sites\/3\/2020\/11\/logo.jpg","contentUrl":"https:\/\/redenoticiaz.com.br\/litoralsp\/wp-content\/uploads\/sites\/3\/2020\/11\/logo.jpg","width":400,"height":250,"caption":"Litoral SP"},"image":{"@id":"https:\/\/redenoticiaz.com.br\/litoralsp\/#\/schema\/logo\/image\/"}},{"@type":"Person","@id":"https:\/\/redenoticiaz.com.br\/litoralsp\/#\/schema\/person\/0f0b8a5bdafefe82841e07ae8d81ecb3","name":"Leonardo Francisco","image":{"@type":"ImageObject","inLanguage":"pt-BR","@id":"https:\/\/secure.gravatar.com\/avatar\/a7358cb406a99b682ec6df1e77e31ae82e63601f6784e8a3df411d72b37864da?s=96&d=mm&r=g","url":"https:\/\/secure.gravatar.com\/avatar\/a7358cb406a99b682ec6df1e77e31ae82e63601f6784e8a3df411d72b37864da?s=96&d=mm&r=g","contentUrl":"https:\/\/secure.gravatar.com\/avatar\/a7358cb406a99b682ec6df1e77e31ae82e63601f6784e8a3df411d72b37864da?s=96&d=mm&r=g","caption":"Leonardo Francisco"},"url":"https:\/\/redenoticiaz.com.br\/litoralsp\/author\/leonardo-francisco"}]}},"_links":{"self":[{"href":"https:\/\/redenoticiaz.com.br\/litoralsp\/wp-json\/wp\/v2\/posts\/5435","targetHints":{"allow":["GET"]}}],"collection":[{"href":"https:\/\/redenoticiaz.com.br\/litoralsp\/wp-json\/wp\/v2\/posts"}],"about":[{"href":"https:\/\/redenoticiaz.com.br\/litoralsp\/wp-json\/wp\/v2\/types\/post"}],"author":[{"embeddable":true,"href":"https:\/\/redenoticiaz.com.br\/litoralsp\/wp-json\/wp\/v2\/users\/6"}],"replies":[{"embeddable":true,"href":"https:\/\/redenoticiaz.com.br\/litoralsp\/wp-json\/wp\/v2\/comments?post=5435"}],"version-history":[{"count":1,"href":"https:\/\/redenoticiaz.com.br\/litoralsp\/wp-json\/wp\/v2\/posts\/5435\/revisions"}],"predecessor-version":[{"id":5438,"href":"https:\/\/redenoticiaz.com.br\/litoralsp\/wp-json\/wp\/v2\/posts\/5435\/revisions\/5438"}],"wp:featuredmedia":[{"embeddable":true,"href":"https:\/\/redenoticiaz.com.br\/litoralsp\/wp-json\/wp\/v2\/media\/5437"}],"wp:attachment":[{"href":"https:\/\/redenoticiaz.com.br\/litoralsp\/wp-json\/wp\/v2\/media?parent=5435"}],"wp:term":[{"taxonomy":"category","embeddable":true,"href":"https:\/\/redenoticiaz.com.br\/litoralsp\/wp-json\/wp\/v2\/categories?post=5435"},{"taxonomy":"post_tag","embeddable":true,"href":"https:\/\/redenoticiaz.com.br\/litoralsp\/wp-json\/wp\/v2\/tags?post=5435"}],"curies":[{"name":"wp","href":"https:\/\/api.w.org\/{rel}","templated":true}]}}