{"id":5755,"date":"2021-03-16T15:45:47","date_gmt":"2021-03-16T18:45:47","guid":{"rendered":"https:\/\/redenoticiaz.com.br\/litoralsp\/?p=5755"},"modified":"2021-03-16T15:46:33","modified_gmt":"2021-03-16T18:46:33","slug":"quem-nao-usar-mascara-vai-sentir-no-bolso-em-santos","status":"publish","type":"post","link":"https:\/\/redenoticiaz.com.br\/litoralsp\/2021\/03\/16\/quem-nao-usar-mascara-vai-sentir-no-bolso-em-santos","title":{"rendered":"Quem n\u00e3o usar m\u00e1scara vai sentir no bolso em Santos"},"content":{"rendered":"<p>Diversas medidas restritivas vem sendo adotadas em <a href=\"https:\/\/www.santos.sp.gov.br\/\">Santos<\/a> para conter o avan\u00e7o do coronav\u00edrus. Uma delas \u00e9 apelar para o bolso da popula\u00e7\u00e3o que for flagrado sem usar <strong>m\u00e1scara<\/strong>. Agora quem n\u00e3o estiver com o acess\u00f3rio receber\u00e1 uma multa de R$ 300. Mas se esta ocorr\u00eancia for dentro de um estabelecimento, a\u00ed o valor aumenta para R$ 3 mil.<\/p>\n<p>Santos vem tendo um aumento significativo de interna\u00e7\u00f5es e notifica\u00e7\u00f5es de casos da COVID-19 e a m\u00e9dia de ocupa\u00e7\u00e3o dos leitos de UTI chegou a 73% de ocupa\u00e7\u00e3o. J\u00e1 a partir desta ter\u00e7a-feira (16), as escolas da rede privada, cursos profissionalizantes, lojas de conveni\u00eancia, academias, clubes e centros esportivos n\u00e3o podem mais funcionar.<\/p>\n<p>Al\u00e9m disso pessoas em parques infantis e em equipamentos esportivos tamb\u00e9m n\u00e3o podem estar nestes locais e elas estar\u00e3o fechadas. &#8220;A partir de ter\u00e7a-feira tamb\u00e9m fecharei por 15 dias as escolas particulares, \u00e9 uma quest\u00e3o de igualdade, de deslocamento e coer\u00eancia, eu sei que \u00e9 dif\u00edcil, vou conversar com os estabelecimentos, com os seguimentos representativos, mas \u00e9 importante nesse momento&#8221;, disse o prefeito de Santos, Rog\u00e9rio Santos.<\/p>\n<h3>A multa<\/h3>\n<p>O prefeito de Santos tamb\u00e9m vai aplicar multas para quem for flagrado sem estar com a m\u00e1scara. De R$ 100, o valor passar\u00e1 a ser de R$ 300. Mas se as pessoas estiverem em \u00e1reas de aglomera\u00e7\u00e3o e sem m\u00e1scara a\u00ed o valor dobra e passar\u00e1 a ser de\u00a0 R$ 600.<\/p>\n<p>&#8220;O que mais podemos desejar para o outro \u00e9 sa\u00fade, o momento \u00e9 grav\u00edssimo. Hoje estamos com 232 pessoas internadas em UTI, o v\u00edrus se prolifera muito mais r\u00e1pido, o n\u00edvel de cont\u00e1gio \u00e9 maior&#8221;, destacou Rog\u00e9rio Santos.<\/p>\n<p><strong>Leia tamb\u00e9m<\/strong><\/p>\n<p><a href=\"https:\/\/redenoticiaz.com.br\/litoralsp\/2021\/03\/15\/no-estilo-trump-santos-e-sao-vicente-sao-separadas-por-barreira\">No estilo Trump, Santos e S\u00e3o Vicente s\u00e3o separadas por barreira<\/a><\/p>\n","protected":false},"excerpt":{"rendered":"<p>Diversas medidas restritivas vem sendo adotadas em Santos para conter o avan\u00e7o do coronav\u00edrus. Uma delas \u00e9 apelar para o bolso da popula\u00e7\u00e3o que for flagrado sem usar m\u00e1scara. Agora quem n\u00e3o estiver com o acess\u00f3rio receber\u00e1 uma multa de R$ 300. Mas se esta ocorr\u00eancia for dentro de um estabelecimento, a\u00ed o valor aumenta &hellip;<\/p>\n","protected":false},"author":6,"featured_media":5756,"comment_status":"open","ping_status":"closed","sticky":false,"template":"","format":"standard","meta":{"footnotes":""},"categories":[180,23],"tags":[9779,15642,7902,986],"class_list":["post-5755","post","type-post","status-publish","format-standard","has-post-thumbnail","hentry","category-santos","category-saude","tag-mascara","tag-medidas-restritivas","tag-multas","tag-santos"],"yoast_head":"<!-- This site is optimized with the Yoast SEO plugin v27.4 - https:\/\/yoast.com\/product\/yoast-seo-wordpress\/ -->\n<title>Quem n\u00e3o usar m\u00e1scara vai sentir no bolso em Santos - Litoral SP<\/title>\n<meta name=\"description\" content=\"Diversas medidas restritivas vem sendo adotadas em Santos para conter o avan\u00e7o do coronav\u00edrus. Uma delas \u00e9 apelar para o bolso da popula\u00e7\u00e3o\" \/>\n<meta name=\"robots\" content=\"index, follow, max-snippet:-1, max-image-preview:large, max-video-preview:-1\" \/>\n<link rel=\"canonical\" href=\"https:\/\/redenoticiaz.com.br\/litoralsp\/2021\/03\/16\/quem-nao-usar-mascara-vai-sentir-no-bolso-em-santos\" \/>\n<meta property=\"og:locale\" content=\"pt_BR\" \/>\n<meta property=\"og:type\" content=\"article\" \/>\n<meta property=\"og:title\" content=\"Quem n\u00e3o usar m\u00e1scara vai sentir no bolso em Santos - Litoral SP\" \/>\n<meta property=\"og:description\" content=\"Diversas medidas restritivas vem sendo adotadas em Santos para conter o avan\u00e7o do coronav\u00edrus. Uma delas \u00e9 apelar para o bolso da popula\u00e7\u00e3o\" \/>\n<meta property=\"og:url\" content=\"https:\/\/redenoticiaz.com.br\/litoralsp\/2021\/03\/16\/quem-nao-usar-mascara-vai-sentir-no-bolso-em-santos\" \/>\n<meta property=\"og:site_name\" content=\"Litoral SP\" \/>\n<meta property=\"article:published_time\" content=\"2021-03-16T18:45:47+00:00\" \/>\n<meta property=\"article:modified_time\" content=\"2021-03-16T18:46:33+00:00\" \/>\n<meta property=\"og:image\" content=\"https:\/\/redenoticiaz.com.br\/litoralsp\/wp-content\/uploads\/sites\/3\/2021\/03\/pessoas-usando-mascara-durante-a-pademia-384242-article.jpg\" \/>\n\t<meta property=\"og:image:width\" content=\"600\" \/>\n\t<meta property=\"og:image:height\" content=\"400\" \/>\n\t<meta property=\"og:image:type\" content=\"image\/jpeg\" \/>\n<meta name=\"author\" content=\"Leonardo Francisco\" \/>\n<meta name=\"twitter:card\" content=\"summary_large_image\" \/>\n<meta name=\"twitter:label1\" content=\"Escrito por\" \/>\n\t<meta name=\"twitter:data1\" content=\"Leonardo Francisco\" \/>\n\t<meta name=\"twitter:label2\" content=\"Est. tempo de leitura\" \/>\n\t<meta name=\"twitter:data2\" content=\"2 minutos\" \/>\n<script type=\"application\/ld+json\" class=\"yoast-schema-graph\">{\"@context\":\"https:\\\/\\\/schema.org\",\"@graph\":[{\"@type\":\"Article\",\"@id\":\"https:\\\/\\\/redenoticiaz.com.br\\\/litoralsp\\\/2021\\\/03\\\/16\\\/quem-nao-usar-mascara-vai-sentir-no-bolso-em-santos#article\",\"isPartOf\":{\"@id\":\"https:\\\/\\\/redenoticiaz.com.br\\\/litoralsp\\\/2021\\\/03\\\/16\\\/quem-nao-usar-mascara-vai-sentir-no-bolso-em-santos\"},\"author\":{\"name\":\"Leonardo Francisco\",\"@id\":\"https:\\\/\\\/redenoticiaz.com.br\\\/litoralsp\\\/#\\\/schema\\\/person\\\/0f0b8a5bdafefe82841e07ae8d81ecb3\"},\"headline\":\"Quem n\u00e3o usar m\u00e1scara vai sentir no bolso em Santos\",\"datePublished\":\"2021-03-16T18:45:47+00:00\",\"dateModified\":\"2021-03-16T18:46:33+00:00\",\"mainEntityOfPage\":{\"@id\":\"https:\\\/\\\/redenoticiaz.com.br\\\/litoralsp\\\/2021\\\/03\\\/16\\\/quem-nao-usar-mascara-vai-sentir-no-bolso-em-santos\"},\"wordCount\":318,\"commentCount\":0,\"publisher\":{\"@id\":\"https:\\\/\\\/redenoticiaz.com.br\\\/litoralsp\\\/#organization\"},\"image\":{\"@id\":\"https:\\\/\\\/redenoticiaz.com.br\\\/litoralsp\\\/2021\\\/03\\\/16\\\/quem-nao-usar-mascara-vai-sentir-no-bolso-em-santos#primaryimage\"},\"thumbnailUrl\":\"https:\\\/\\\/redenoticiaz.com.br\\\/litoralsp\\\/wp-content\\\/uploads\\\/sites\\\/3\\\/2021\\\/03\\\/pessoas-usando-mascara-durante-a-pademia-384242-article.jpg\",\"keywords\":[\"m\u00e1scara\",\"MEDIDAS RESTRITIVAS\",\"MULTAS\",\"Santos\"],\"articleSection\":[\"Santos\",\"Sa\u00fade\"],\"inLanguage\":\"pt-BR\",\"potentialAction\":[{\"@type\":\"CommentAction\",\"name\":\"Comment\",\"target\":[\"https:\\\/\\\/redenoticiaz.com.br\\\/litoralsp\\\/2021\\\/03\\\/16\\\/quem-nao-usar-mascara-vai-sentir-no-bolso-em-santos#respond\"]}]},{\"@type\":\"WebPage\",\"@id\":\"https:\\\/\\\/redenoticiaz.com.br\\\/litoralsp\\\/2021\\\/03\\\/16\\\/quem-nao-usar-mascara-vai-sentir-no-bolso-em-santos\",\"url\":\"https:\\\/\\\/redenoticiaz.com.br\\\/litoralsp\\\/2021\\\/03\\\/16\\\/quem-nao-usar-mascara-vai-sentir-no-bolso-em-santos\",\"name\":\"Quem n\u00e3o usar m\u00e1scara vai sentir no bolso em Santos - Litoral SP\",\"isPartOf\":{\"@id\":\"https:\\\/\\\/redenoticiaz.com.br\\\/litoralsp\\\/#website\"},\"primaryImageOfPage\":{\"@id\":\"https:\\\/\\\/redenoticiaz.com.br\\\/litoralsp\\\/2021\\\/03\\\/16\\\/quem-nao-usar-mascara-vai-sentir-no-bolso-em-santos#primaryimage\"},\"image\":{\"@id\":\"https:\\\/\\\/redenoticiaz.com.br\\\/litoralsp\\\/2021\\\/03\\\/16\\\/quem-nao-usar-mascara-vai-sentir-no-bolso-em-santos#primaryimage\"},\"thumbnailUrl\":\"https:\\\/\\\/redenoticiaz.com.br\\\/litoralsp\\\/wp-content\\\/uploads\\\/sites\\\/3\\\/2021\\\/03\\\/pessoas-usando-mascara-durante-a-pademia-384242-article.jpg\",\"datePublished\":\"2021-03-16T18:45:47+00:00\",\"dateModified\":\"2021-03-16T18:46:33+00:00\",\"description\":\"Diversas medidas restritivas vem sendo adotadas em Santos para conter o avan\u00e7o do coronav\u00edrus. Uma delas \u00e9 apelar para o bolso da popula\u00e7\u00e3o\",\"inLanguage\":\"pt-BR\",\"potentialAction\":[{\"@type\":\"ReadAction\",\"target\":[\"https:\\\/\\\/redenoticiaz.com.br\\\/litoralsp\\\/2021\\\/03\\\/16\\\/quem-nao-usar-mascara-vai-sentir-no-bolso-em-santos\"]}]},{\"@type\":\"ImageObject\",\"inLanguage\":\"pt-BR\",\"@id\":\"https:\\\/\\\/redenoticiaz.com.br\\\/litoralsp\\\/2021\\\/03\\\/16\\\/quem-nao-usar-mascara-vai-sentir-no-bolso-em-santos#primaryimage\",\"url\":\"https:\\\/\\\/redenoticiaz.com.br\\\/litoralsp\\\/wp-content\\\/uploads\\\/sites\\\/3\\\/2021\\\/03\\\/pessoas-usando-mascara-durante-a-pademia-384242-article.jpg\",\"contentUrl\":\"https:\\\/\\\/redenoticiaz.com.br\\\/litoralsp\\\/wp-content\\\/uploads\\\/sites\\\/3\\\/2021\\\/03\\\/pessoas-usando-mascara-durante-a-pademia-384242-article.jpg\",\"width\":600,\"height\":400,\"caption\":\"Quem n\u00e3o usar m\u00e1scara vai sentir no bolso em Santos\"},{\"@type\":\"WebSite\",\"@id\":\"https:\\\/\\\/redenoticiaz.com.br\\\/litoralsp\\\/#website\",\"url\":\"https:\\\/\\\/redenoticiaz.com.br\\\/litoralsp\\\/\",\"name\":\"Litoral SP\",\"description\":\"Rede NoticiaZ\",\"publisher\":{\"@id\":\"https:\\\/\\\/redenoticiaz.com.br\\\/litoralsp\\\/#organization\"},\"potentialAction\":[{\"@type\":\"SearchAction\",\"target\":{\"@type\":\"EntryPoint\",\"urlTemplate\":\"https:\\\/\\\/redenoticiaz.com.br\\\/litoralsp\\\/?s={search_term_string}\"},\"query-input\":{\"@type\":\"PropertyValueSpecification\",\"valueRequired\":true,\"valueName\":\"search_term_string\"}}],\"inLanguage\":\"pt-BR\"},{\"@type\":\"Organization\",\"@id\":\"https:\\\/\\\/redenoticiaz.com.br\\\/litoralsp\\\/#organization\",\"name\":\"Litoral SP\",\"url\":\"https:\\\/\\\/redenoticiaz.com.br\\\/litoralsp\\\/\",\"logo\":{\"@type\":\"ImageObject\",\"inLanguage\":\"pt-BR\",\"@id\":\"https:\\\/\\\/redenoticiaz.com.br\\\/litoralsp\\\/#\\\/schema\\\/logo\\\/image\\\/\",\"url\":\"https:\\\/\\\/redenoticiaz.com.br\\\/litoralsp\\\/wp-content\\\/uploads\\\/sites\\\/3\\\/2020\\\/11\\\/logo.jpg\",\"contentUrl\":\"https:\\\/\\\/redenoticiaz.com.br\\\/litoralsp\\\/wp-content\\\/uploads\\\/sites\\\/3\\\/2020\\\/11\\\/logo.jpg\",\"width\":400,\"height\":250,\"caption\":\"Litoral SP\"},\"image\":{\"@id\":\"https:\\\/\\\/redenoticiaz.com.br\\\/litoralsp\\\/#\\\/schema\\\/logo\\\/image\\\/\"}},{\"@type\":\"Person\",\"@id\":\"https:\\\/\\\/redenoticiaz.com.br\\\/litoralsp\\\/#\\\/schema\\\/person\\\/0f0b8a5bdafefe82841e07ae8d81ecb3\",\"name\":\"Leonardo Francisco\",\"image\":{\"@type\":\"ImageObject\",\"inLanguage\":\"pt-BR\",\"@id\":\"https:\\\/\\\/secure.gravatar.com\\\/avatar\\\/a7358cb406a99b682ec6df1e77e31ae82e63601f6784e8a3df411d72b37864da?s=96&d=mm&r=g\",\"url\":\"https:\\\/\\\/secure.gravatar.com\\\/avatar\\\/a7358cb406a99b682ec6df1e77e31ae82e63601f6784e8a3df411d72b37864da?s=96&d=mm&r=g\",\"contentUrl\":\"https:\\\/\\\/secure.gravatar.com\\\/avatar\\\/a7358cb406a99b682ec6df1e77e31ae82e63601f6784e8a3df411d72b37864da?s=96&d=mm&r=g\",\"caption\":\"Leonardo Francisco\"},\"url\":\"https:\\\/\\\/redenoticiaz.com.br\\\/litoralsp\\\/author\\\/leonardo-francisco\"}]}<\/script>\n<!-- \/ Yoast SEO plugin. -->","yoast_head_json":{"title":"Quem n\u00e3o usar m\u00e1scara vai sentir no bolso em Santos - Litoral SP","description":"Diversas medidas restritivas vem sendo adotadas em Santos para conter o avan\u00e7o do coronav\u00edrus. Uma delas \u00e9 apelar para o bolso da popula\u00e7\u00e3o","robots":{"index":"index","follow":"follow","max-snippet":"max-snippet:-1","max-image-preview":"max-image-preview:large","max-video-preview":"max-video-preview:-1"},"canonical":"https:\/\/redenoticiaz.com.br\/litoralsp\/2021\/03\/16\/quem-nao-usar-mascara-vai-sentir-no-bolso-em-santos","og_locale":"pt_BR","og_type":"article","og_title":"Quem n\u00e3o usar m\u00e1scara vai sentir no bolso em Santos - Litoral SP","og_description":"Diversas medidas restritivas vem sendo adotadas em Santos para conter o avan\u00e7o do coronav\u00edrus. Uma delas \u00e9 apelar para o bolso da popula\u00e7\u00e3o","og_url":"https:\/\/redenoticiaz.com.br\/litoralsp\/2021\/03\/16\/quem-nao-usar-mascara-vai-sentir-no-bolso-em-santos","og_site_name":"Litoral SP","article_published_time":"2021-03-16T18:45:47+00:00","article_modified_time":"2021-03-16T18:46:33+00:00","og_image":[{"width":600,"height":400,"url":"https:\/\/redenoticiaz.com.br\/litoralsp\/wp-content\/uploads\/sites\/3\/2021\/03\/pessoas-usando-mascara-durante-a-pademia-384242-article.jpg","type":"image\/jpeg"}],"author":"Leonardo Francisco","twitter_card":"summary_large_image","twitter_misc":{"Escrito por":"Leonardo Francisco","Est. tempo de leitura":"2 minutos"},"schema":{"@context":"https:\/\/schema.org","@graph":[{"@type":"Article","@id":"https:\/\/redenoticiaz.com.br\/litoralsp\/2021\/03\/16\/quem-nao-usar-mascara-vai-sentir-no-bolso-em-santos#article","isPartOf":{"@id":"https:\/\/redenoticiaz.com.br\/litoralsp\/2021\/03\/16\/quem-nao-usar-mascara-vai-sentir-no-bolso-em-santos"},"author":{"name":"Leonardo Francisco","@id":"https:\/\/redenoticiaz.com.br\/litoralsp\/#\/schema\/person\/0f0b8a5bdafefe82841e07ae8d81ecb3"},"headline":"Quem n\u00e3o usar m\u00e1scara vai sentir no bolso em Santos","datePublished":"2021-03-16T18:45:47+00:00","dateModified":"2021-03-16T18:46:33+00:00","mainEntityOfPage":{"@id":"https:\/\/redenoticiaz.com.br\/litoralsp\/2021\/03\/16\/quem-nao-usar-mascara-vai-sentir-no-bolso-em-santos"},"wordCount":318,"commentCount":0,"publisher":{"@id":"https:\/\/redenoticiaz.com.br\/litoralsp\/#organization"},"image":{"@id":"https:\/\/redenoticiaz.com.br\/litoralsp\/2021\/03\/16\/quem-nao-usar-mascara-vai-sentir-no-bolso-em-santos#primaryimage"},"thumbnailUrl":"https:\/\/redenoticiaz.com.br\/litoralsp\/wp-content\/uploads\/sites\/3\/2021\/03\/pessoas-usando-mascara-durante-a-pademia-384242-article.jpg","keywords":["m\u00e1scara","MEDIDAS RESTRITIVAS","MULTAS","Santos"],"articleSection":["Santos","Sa\u00fade"],"inLanguage":"pt-BR","potentialAction":[{"@type":"CommentAction","name":"Comment","target":["https:\/\/redenoticiaz.com.br\/litoralsp\/2021\/03\/16\/quem-nao-usar-mascara-vai-sentir-no-bolso-em-santos#respond"]}]},{"@type":"WebPage","@id":"https:\/\/redenoticiaz.com.br\/litoralsp\/2021\/03\/16\/quem-nao-usar-mascara-vai-sentir-no-bolso-em-santos","url":"https:\/\/redenoticiaz.com.br\/litoralsp\/2021\/03\/16\/quem-nao-usar-mascara-vai-sentir-no-bolso-em-santos","name":"Quem n\u00e3o usar m\u00e1scara vai sentir no bolso em Santos - Litoral SP","isPartOf":{"@id":"https:\/\/redenoticiaz.com.br\/litoralsp\/#website"},"primaryImageOfPage":{"@id":"https:\/\/redenoticiaz.com.br\/litoralsp\/2021\/03\/16\/quem-nao-usar-mascara-vai-sentir-no-bolso-em-santos#primaryimage"},"image":{"@id":"https:\/\/redenoticiaz.com.br\/litoralsp\/2021\/03\/16\/quem-nao-usar-mascara-vai-sentir-no-bolso-em-santos#primaryimage"},"thumbnailUrl":"https:\/\/redenoticiaz.com.br\/litoralsp\/wp-content\/uploads\/sites\/3\/2021\/03\/pessoas-usando-mascara-durante-a-pademia-384242-article.jpg","datePublished":"2021-03-16T18:45:47+00:00","dateModified":"2021-03-16T18:46:33+00:00","description":"Diversas medidas restritivas vem sendo adotadas em Santos para conter o avan\u00e7o do coronav\u00edrus. Uma delas \u00e9 apelar para o bolso da popula\u00e7\u00e3o","inLanguage":"pt-BR","potentialAction":[{"@type":"ReadAction","target":["https:\/\/redenoticiaz.com.br\/litoralsp\/2021\/03\/16\/quem-nao-usar-mascara-vai-sentir-no-bolso-em-santos"]}]},{"@type":"ImageObject","inLanguage":"pt-BR","@id":"https:\/\/redenoticiaz.com.br\/litoralsp\/2021\/03\/16\/quem-nao-usar-mascara-vai-sentir-no-bolso-em-santos#primaryimage","url":"https:\/\/redenoticiaz.com.br\/litoralsp\/wp-content\/uploads\/sites\/3\/2021\/03\/pessoas-usando-mascara-durante-a-pademia-384242-article.jpg","contentUrl":"https:\/\/redenoticiaz.com.br\/litoralsp\/wp-content\/uploads\/sites\/3\/2021\/03\/pessoas-usando-mascara-durante-a-pademia-384242-article.jpg","width":600,"height":400,"caption":"Quem n\u00e3o usar m\u00e1scara vai sentir no bolso em Santos"},{"@type":"WebSite","@id":"https:\/\/redenoticiaz.com.br\/litoralsp\/#website","url":"https:\/\/redenoticiaz.com.br\/litoralsp\/","name":"Litoral SP","description":"Rede NoticiaZ","publisher":{"@id":"https:\/\/redenoticiaz.com.br\/litoralsp\/#organization"},"potentialAction":[{"@type":"SearchAction","target":{"@type":"EntryPoint","urlTemplate":"https:\/\/redenoticiaz.com.br\/litoralsp\/?s={search_term_string}"},"query-input":{"@type":"PropertyValueSpecification","valueRequired":true,"valueName":"search_term_string"}}],"inLanguage":"pt-BR"},{"@type":"Organization","@id":"https:\/\/redenoticiaz.com.br\/litoralsp\/#organization","name":"Litoral SP","url":"https:\/\/redenoticiaz.com.br\/litoralsp\/","logo":{"@type":"ImageObject","inLanguage":"pt-BR","@id":"https:\/\/redenoticiaz.com.br\/litoralsp\/#\/schema\/logo\/image\/","url":"https:\/\/redenoticiaz.com.br\/litoralsp\/wp-content\/uploads\/sites\/3\/2020\/11\/logo.jpg","contentUrl":"https:\/\/redenoticiaz.com.br\/litoralsp\/wp-content\/uploads\/sites\/3\/2020\/11\/logo.jpg","width":400,"height":250,"caption":"Litoral SP"},"image":{"@id":"https:\/\/redenoticiaz.com.br\/litoralsp\/#\/schema\/logo\/image\/"}},{"@type":"Person","@id":"https:\/\/redenoticiaz.com.br\/litoralsp\/#\/schema\/person\/0f0b8a5bdafefe82841e07ae8d81ecb3","name":"Leonardo Francisco","image":{"@type":"ImageObject","inLanguage":"pt-BR","@id":"https:\/\/secure.gravatar.com\/avatar\/a7358cb406a99b682ec6df1e77e31ae82e63601f6784e8a3df411d72b37864da?s=96&d=mm&r=g","url":"https:\/\/secure.gravatar.com\/avatar\/a7358cb406a99b682ec6df1e77e31ae82e63601f6784e8a3df411d72b37864da?s=96&d=mm&r=g","contentUrl":"https:\/\/secure.gravatar.com\/avatar\/a7358cb406a99b682ec6df1e77e31ae82e63601f6784e8a3df411d72b37864da?s=96&d=mm&r=g","caption":"Leonardo Francisco"},"url":"https:\/\/redenoticiaz.com.br\/litoralsp\/author\/leonardo-francisco"}]}},"_links":{"self":[{"href":"https:\/\/redenoticiaz.com.br\/litoralsp\/wp-json\/wp\/v2\/posts\/5755","targetHints":{"allow":["GET"]}}],"collection":[{"href":"https:\/\/redenoticiaz.com.br\/litoralsp\/wp-json\/wp\/v2\/posts"}],"about":[{"href":"https:\/\/redenoticiaz.com.br\/litoralsp\/wp-json\/wp\/v2\/types\/post"}],"author":[{"embeddable":true,"href":"https:\/\/redenoticiaz.com.br\/litoralsp\/wp-json\/wp\/v2\/users\/6"}],"replies":[{"embeddable":true,"href":"https:\/\/redenoticiaz.com.br\/litoralsp\/wp-json\/wp\/v2\/comments?post=5755"}],"version-history":[{"count":1,"href":"https:\/\/redenoticiaz.com.br\/litoralsp\/wp-json\/wp\/v2\/posts\/5755\/revisions"}],"predecessor-version":[{"id":5757,"href":"https:\/\/redenoticiaz.com.br\/litoralsp\/wp-json\/wp\/v2\/posts\/5755\/revisions\/5757"}],"wp:featuredmedia":[{"embeddable":true,"href":"https:\/\/redenoticiaz.com.br\/litoralsp\/wp-json\/wp\/v2\/media\/5756"}],"wp:attachment":[{"href":"https:\/\/redenoticiaz.com.br\/litoralsp\/wp-json\/wp\/v2\/media?parent=5755"}],"wp:term":[{"taxonomy":"category","embeddable":true,"href":"https:\/\/redenoticiaz.com.br\/litoralsp\/wp-json\/wp\/v2\/categories?post=5755"},{"taxonomy":"post_tag","embeddable":true,"href":"https:\/\/redenoticiaz.com.br\/litoralsp\/wp-json\/wp\/v2\/tags?post=5755"}],"curies":[{"name":"wp","href":"https:\/\/api.w.org\/{rel}","templated":true}]}}