{"id":5769,"date":"2021-03-16T20:05:29","date_gmt":"2021-03-16T23:05:29","guid":{"rendered":"https:\/\/redenoticiaz.com.br\/litoralsp\/?p=5769"},"modified":"2021-03-16T20:05:56","modified_gmt":"2021-03-16T23:05:56","slug":"mulher-e-abordada-apos-invadir-praia-e-comete-desacato-aos-guardas","status":"publish","type":"post","link":"https:\/\/redenoticiaz.com.br\/litoralsp\/2021\/03\/16\/mulher-e-abordada-apos-invadir-praia-e-comete-desacato-aos-guardas","title":{"rendered":"Mulher \u00e9 abordada ap\u00f3s invadir praia e comete desacato aos guardas"},"content":{"rendered":"<p>Uma <strong>mulher<\/strong> invadiu uma praia de <a href=\"https:\/\/www.guaruja.sp.gov.br\/\">Guaruj\u00e1<\/a> nesta ter\u00e7a-feira (16) para dar uma caminhada e foi detida pela Guarda Municipal. Ela n\u00e3o gostou da abordagem e cometeu desacato aos oficiais. Por conta disso ela foi levada \u00e0 delegacia.<\/p>\n<p>A Prefeitura est\u00e1 cumprindo a determina\u00e7\u00e3o do Governo do Estado, onde, segundo o Plano S\u00e3o Paulo, est\u00e1 ocorrendo a fase emergencial e nela todas as praias est\u00e3o fechadas e impedidas de serem frequentadas. Moradores da Praia das Ast\u00farias, onde houve a ocorr\u00eancia fizeram o registro das imagens. A Prefeitura de Guaruj\u00e1 informa que os guardas flagraram a irregularidade e fizeram a abordagem.<\/p>\n<p>A mulher ignorou as cercas de prote\u00e7\u00e3o e invadiu a faixa de areia. Na abordagem, os agentes informaram que ela estava descumprindo o decreto. Mas mesmo orientada, ela cometeu desacato e assim ela foi levada para a Delegacia Sede de Guaruj\u00e1. Depois que o boletim de ocorr\u00eancia foi registrado, a mulher foi liberada.<\/p>\n<p><strong>Leia tamb\u00e9m<\/strong><\/p>\n<p><a href=\"https:\/\/redenoticiaz.com.br\/litoralsp\/2021\/03\/16\/casal-usa-praias-fechadas-para-fazer-book-pre-nupcial\">Casal usa praias fechadas para fazer book pr\u00e9-nupcial<\/a><\/p>\n","protected":false},"excerpt":{"rendered":"<p>Uma mulher invadiu uma praia de Guaruj\u00e1 nesta ter\u00e7a-feira (16) para dar uma caminhada e foi detida pela Guarda Municipal. Ela n\u00e3o gostou da abordagem e cometeu desacato aos oficiais. Por conta disso ela foi levada \u00e0 delegacia. A Prefeitura est\u00e1 cumprindo a determina\u00e7\u00e3o do Governo do Estado, onde, segundo o Plano S\u00e3o Paulo, est\u00e1 &hellip;<\/p>\n","protected":false},"author":6,"featured_media":5770,"comment_status":"open","ping_status":"closed","sticky":false,"template":"","format":"standard","meta":{"footnotes":""},"categories":[187,10],"tags":[15666,15178,43,1006,12448,7613,15260],"class_list":["post-5769","post","type-post","status-publish","format-standard","has-post-thumbnail","hentry","category-guaruja","category-policia","tag-desacato","tag-fase-emergencial","tag-guarda-municipal","tag-guaruja","tag-invasao","tag-mulher","tag-praia-das-asturias"],"yoast_head":"<!-- This site is optimized with the Yoast SEO plugin v27.4 - https:\/\/yoast.com\/product\/yoast-seo-wordpress\/ -->\n<title>Mulher \u00e9 abordada ap\u00f3s invadir praia e comete desacato aos guardas - Litoral SP<\/title>\n<meta name=\"description\" content=\"Uma mulher invadiu uma praia de Guaruj\u00e1 nesta ter\u00e7a-feira (16) para dar uma caminhada e foi detida pela Guarda Municipal. Ela n\u00e3o\" \/>\n<meta name=\"robots\" content=\"index, follow, max-snippet:-1, max-image-preview:large, max-video-preview:-1\" \/>\n<link rel=\"canonical\" href=\"https:\/\/redenoticiaz.com.br\/litoralsp\/2021\/03\/16\/mulher-e-abordada-apos-invadir-praia-e-comete-desacato-aos-guardas\" \/>\n<meta property=\"og:locale\" content=\"pt_BR\" \/>\n<meta property=\"og:type\" content=\"article\" \/>\n<meta property=\"og:title\" content=\"Mulher \u00e9 abordada ap\u00f3s invadir praia e comete desacato aos guardas - Litoral SP\" \/>\n<meta property=\"og:description\" content=\"Uma mulher invadiu uma praia de Guaruj\u00e1 nesta ter\u00e7a-feira (16) para dar uma caminhada e foi detida pela Guarda Municipal. Ela n\u00e3o\" \/>\n<meta property=\"og:url\" content=\"https:\/\/redenoticiaz.com.br\/litoralsp\/2021\/03\/16\/mulher-e-abordada-apos-invadir-praia-e-comete-desacato-aos-guardas\" \/>\n<meta property=\"og:site_name\" content=\"Litoral SP\" \/>\n<meta property=\"article:published_time\" content=\"2021-03-16T23:05:29+00:00\" \/>\n<meta property=\"article:modified_time\" content=\"2021-03-16T23:05:56+00:00\" \/>\n<meta property=\"og:image\" content=\"https:\/\/redenoticiaz.com.br\/litoralsp\/wp-content\/uploads\/sites\/3\/2021\/03\/frame-desacato.jpg\" \/>\n\t<meta property=\"og:image:width\" content=\"984\" \/>\n\t<meta property=\"og:image:height\" content=\"1075\" \/>\n\t<meta property=\"og:image:type\" content=\"image\/jpeg\" \/>\n<meta name=\"author\" content=\"Leonardo Francisco\" \/>\n<meta name=\"twitter:card\" content=\"summary_large_image\" \/>\n<meta name=\"twitter:label1\" content=\"Escrito por\" \/>\n\t<meta name=\"twitter:data1\" content=\"Leonardo Francisco\" \/>\n\t<meta name=\"twitter:label2\" content=\"Est. tempo de leitura\" \/>\n\t<meta name=\"twitter:data2\" content=\"1 minuto\" \/>\n<script type=\"application\/ld+json\" class=\"yoast-schema-graph\">{\"@context\":\"https:\\\/\\\/schema.org\",\"@graph\":[{\"@type\":\"Article\",\"@id\":\"https:\\\/\\\/redenoticiaz.com.br\\\/litoralsp\\\/2021\\\/03\\\/16\\\/mulher-e-abordada-apos-invadir-praia-e-comete-desacato-aos-guardas#article\",\"isPartOf\":{\"@id\":\"https:\\\/\\\/redenoticiaz.com.br\\\/litoralsp\\\/2021\\\/03\\\/16\\\/mulher-e-abordada-apos-invadir-praia-e-comete-desacato-aos-guardas\"},\"author\":{\"name\":\"Leonardo Francisco\",\"@id\":\"https:\\\/\\\/redenoticiaz.com.br\\\/litoralsp\\\/#\\\/schema\\\/person\\\/0f0b8a5bdafefe82841e07ae8d81ecb3\"},\"headline\":\"Mulher \u00e9 abordada ap\u00f3s invadir praia e comete desacato aos guardas\",\"datePublished\":\"2021-03-16T23:05:29+00:00\",\"dateModified\":\"2021-03-16T23:05:56+00:00\",\"mainEntityOfPage\":{\"@id\":\"https:\\\/\\\/redenoticiaz.com.br\\\/litoralsp\\\/2021\\\/03\\\/16\\\/mulher-e-abordada-apos-invadir-praia-e-comete-desacato-aos-guardas\"},\"wordCount\":183,\"commentCount\":0,\"publisher\":{\"@id\":\"https:\\\/\\\/redenoticiaz.com.br\\\/litoralsp\\\/#organization\"},\"image\":{\"@id\":\"https:\\\/\\\/redenoticiaz.com.br\\\/litoralsp\\\/2021\\\/03\\\/16\\\/mulher-e-abordada-apos-invadir-praia-e-comete-desacato-aos-guardas#primaryimage\"},\"thumbnailUrl\":\"https:\\\/\\\/redenoticiaz.com.br\\\/litoralsp\\\/wp-content\\\/uploads\\\/sites\\\/3\\\/2021\\\/03\\\/frame-desacato.jpg\",\"keywords\":[\"DESACATO\",\"FASE EMERGENCIAL\",\"guarda municipal\",\"GUARUJ\u00c1\",\"INVAS\u00c3O\",\"mulher\",\"PRAIA DAS AST\u00daRIAS\"],\"articleSection\":[\"Guaruj\u00e1\",\"Pol\u00edcia\"],\"inLanguage\":\"pt-BR\",\"potentialAction\":[{\"@type\":\"CommentAction\",\"name\":\"Comment\",\"target\":[\"https:\\\/\\\/redenoticiaz.com.br\\\/litoralsp\\\/2021\\\/03\\\/16\\\/mulher-e-abordada-apos-invadir-praia-e-comete-desacato-aos-guardas#respond\"]}]},{\"@type\":\"WebPage\",\"@id\":\"https:\\\/\\\/redenoticiaz.com.br\\\/litoralsp\\\/2021\\\/03\\\/16\\\/mulher-e-abordada-apos-invadir-praia-e-comete-desacato-aos-guardas\",\"url\":\"https:\\\/\\\/redenoticiaz.com.br\\\/litoralsp\\\/2021\\\/03\\\/16\\\/mulher-e-abordada-apos-invadir-praia-e-comete-desacato-aos-guardas\",\"name\":\"Mulher \u00e9 abordada ap\u00f3s invadir praia e comete desacato aos guardas - Litoral SP\",\"isPartOf\":{\"@id\":\"https:\\\/\\\/redenoticiaz.com.br\\\/litoralsp\\\/#website\"},\"primaryImageOfPage\":{\"@id\":\"https:\\\/\\\/redenoticiaz.com.br\\\/litoralsp\\\/2021\\\/03\\\/16\\\/mulher-e-abordada-apos-invadir-praia-e-comete-desacato-aos-guardas#primaryimage\"},\"image\":{\"@id\":\"https:\\\/\\\/redenoticiaz.com.br\\\/litoralsp\\\/2021\\\/03\\\/16\\\/mulher-e-abordada-apos-invadir-praia-e-comete-desacato-aos-guardas#primaryimage\"},\"thumbnailUrl\":\"https:\\\/\\\/redenoticiaz.com.br\\\/litoralsp\\\/wp-content\\\/uploads\\\/sites\\\/3\\\/2021\\\/03\\\/frame-desacato.jpg\",\"datePublished\":\"2021-03-16T23:05:29+00:00\",\"dateModified\":\"2021-03-16T23:05:56+00:00\",\"description\":\"Uma mulher invadiu uma praia de Guaruj\u00e1 nesta ter\u00e7a-feira (16) para dar uma caminhada e foi detida pela Guarda Municipal. Ela n\u00e3o\",\"inLanguage\":\"pt-BR\",\"potentialAction\":[{\"@type\":\"ReadAction\",\"target\":[\"https:\\\/\\\/redenoticiaz.com.br\\\/litoralsp\\\/2021\\\/03\\\/16\\\/mulher-e-abordada-apos-invadir-praia-e-comete-desacato-aos-guardas\"]}]},{\"@type\":\"ImageObject\",\"inLanguage\":\"pt-BR\",\"@id\":\"https:\\\/\\\/redenoticiaz.com.br\\\/litoralsp\\\/2021\\\/03\\\/16\\\/mulher-e-abordada-apos-invadir-praia-e-comete-desacato-aos-guardas#primaryimage\",\"url\":\"https:\\\/\\\/redenoticiaz.com.br\\\/litoralsp\\\/wp-content\\\/uploads\\\/sites\\\/3\\\/2021\\\/03\\\/frame-desacato.jpg\",\"contentUrl\":\"https:\\\/\\\/redenoticiaz.com.br\\\/litoralsp\\\/wp-content\\\/uploads\\\/sites\\\/3\\\/2021\\\/03\\\/frame-desacato.jpg\",\"width\":984,\"height\":1075,\"caption\":\"Cr\u00e9ditos: Reprodu\u00e7\u00e3o\\\/Tudo Sobre o Guaruj\u00e1.\"},{\"@type\":\"WebSite\",\"@id\":\"https:\\\/\\\/redenoticiaz.com.br\\\/litoralsp\\\/#website\",\"url\":\"https:\\\/\\\/redenoticiaz.com.br\\\/litoralsp\\\/\",\"name\":\"Litoral SP\",\"description\":\"Rede NoticiaZ\",\"publisher\":{\"@id\":\"https:\\\/\\\/redenoticiaz.com.br\\\/litoralsp\\\/#organization\"},\"potentialAction\":[{\"@type\":\"SearchAction\",\"target\":{\"@type\":\"EntryPoint\",\"urlTemplate\":\"https:\\\/\\\/redenoticiaz.com.br\\\/litoralsp\\\/?s={search_term_string}\"},\"query-input\":{\"@type\":\"PropertyValueSpecification\",\"valueRequired\":true,\"valueName\":\"search_term_string\"}}],\"inLanguage\":\"pt-BR\"},{\"@type\":\"Organization\",\"@id\":\"https:\\\/\\\/redenoticiaz.com.br\\\/litoralsp\\\/#organization\",\"name\":\"Litoral SP\",\"url\":\"https:\\\/\\\/redenoticiaz.com.br\\\/litoralsp\\\/\",\"logo\":{\"@type\":\"ImageObject\",\"inLanguage\":\"pt-BR\",\"@id\":\"https:\\\/\\\/redenoticiaz.com.br\\\/litoralsp\\\/#\\\/schema\\\/logo\\\/image\\\/\",\"url\":\"https:\\\/\\\/redenoticiaz.com.br\\\/litoralsp\\\/wp-content\\\/uploads\\\/sites\\\/3\\\/2020\\\/11\\\/logo.jpg\",\"contentUrl\":\"https:\\\/\\\/redenoticiaz.com.br\\\/litoralsp\\\/wp-content\\\/uploads\\\/sites\\\/3\\\/2020\\\/11\\\/logo.jpg\",\"width\":400,\"height\":250,\"caption\":\"Litoral SP\"},\"image\":{\"@id\":\"https:\\\/\\\/redenoticiaz.com.br\\\/litoralsp\\\/#\\\/schema\\\/logo\\\/image\\\/\"}},{\"@type\":\"Person\",\"@id\":\"https:\\\/\\\/redenoticiaz.com.br\\\/litoralsp\\\/#\\\/schema\\\/person\\\/0f0b8a5bdafefe82841e07ae8d81ecb3\",\"name\":\"Leonardo Francisco\",\"image\":{\"@type\":\"ImageObject\",\"inLanguage\":\"pt-BR\",\"@id\":\"https:\\\/\\\/secure.gravatar.com\\\/avatar\\\/a7358cb406a99b682ec6df1e77e31ae82e63601f6784e8a3df411d72b37864da?s=96&d=mm&r=g\",\"url\":\"https:\\\/\\\/secure.gravatar.com\\\/avatar\\\/a7358cb406a99b682ec6df1e77e31ae82e63601f6784e8a3df411d72b37864da?s=96&d=mm&r=g\",\"contentUrl\":\"https:\\\/\\\/secure.gravatar.com\\\/avatar\\\/a7358cb406a99b682ec6df1e77e31ae82e63601f6784e8a3df411d72b37864da?s=96&d=mm&r=g\",\"caption\":\"Leonardo Francisco\"},\"url\":\"https:\\\/\\\/redenoticiaz.com.br\\\/litoralsp\\\/author\\\/leonardo-francisco\"}]}<\/script>\n<!-- \/ Yoast SEO plugin. -->","yoast_head_json":{"title":"Mulher \u00e9 abordada ap\u00f3s invadir praia e comete desacato aos guardas - Litoral SP","description":"Uma mulher invadiu uma praia de Guaruj\u00e1 nesta ter\u00e7a-feira (16) para dar uma caminhada e foi detida pela Guarda Municipal. Ela n\u00e3o","robots":{"index":"index","follow":"follow","max-snippet":"max-snippet:-1","max-image-preview":"max-image-preview:large","max-video-preview":"max-video-preview:-1"},"canonical":"https:\/\/redenoticiaz.com.br\/litoralsp\/2021\/03\/16\/mulher-e-abordada-apos-invadir-praia-e-comete-desacato-aos-guardas","og_locale":"pt_BR","og_type":"article","og_title":"Mulher \u00e9 abordada ap\u00f3s invadir praia e comete desacato aos guardas - Litoral SP","og_description":"Uma mulher invadiu uma praia de Guaruj\u00e1 nesta ter\u00e7a-feira (16) para dar uma caminhada e foi detida pela Guarda Municipal. Ela n\u00e3o","og_url":"https:\/\/redenoticiaz.com.br\/litoralsp\/2021\/03\/16\/mulher-e-abordada-apos-invadir-praia-e-comete-desacato-aos-guardas","og_site_name":"Litoral SP","article_published_time":"2021-03-16T23:05:29+00:00","article_modified_time":"2021-03-16T23:05:56+00:00","og_image":[{"width":984,"height":1075,"url":"https:\/\/redenoticiaz.com.br\/litoralsp\/wp-content\/uploads\/sites\/3\/2021\/03\/frame-desacato.jpg","type":"image\/jpeg"}],"author":"Leonardo Francisco","twitter_card":"summary_large_image","twitter_misc":{"Escrito por":"Leonardo Francisco","Est. tempo de leitura":"1 minuto"},"schema":{"@context":"https:\/\/schema.org","@graph":[{"@type":"Article","@id":"https:\/\/redenoticiaz.com.br\/litoralsp\/2021\/03\/16\/mulher-e-abordada-apos-invadir-praia-e-comete-desacato-aos-guardas#article","isPartOf":{"@id":"https:\/\/redenoticiaz.com.br\/litoralsp\/2021\/03\/16\/mulher-e-abordada-apos-invadir-praia-e-comete-desacato-aos-guardas"},"author":{"name":"Leonardo Francisco","@id":"https:\/\/redenoticiaz.com.br\/litoralsp\/#\/schema\/person\/0f0b8a5bdafefe82841e07ae8d81ecb3"},"headline":"Mulher \u00e9 abordada ap\u00f3s invadir praia e comete desacato aos guardas","datePublished":"2021-03-16T23:05:29+00:00","dateModified":"2021-03-16T23:05:56+00:00","mainEntityOfPage":{"@id":"https:\/\/redenoticiaz.com.br\/litoralsp\/2021\/03\/16\/mulher-e-abordada-apos-invadir-praia-e-comete-desacato-aos-guardas"},"wordCount":183,"commentCount":0,"publisher":{"@id":"https:\/\/redenoticiaz.com.br\/litoralsp\/#organization"},"image":{"@id":"https:\/\/redenoticiaz.com.br\/litoralsp\/2021\/03\/16\/mulher-e-abordada-apos-invadir-praia-e-comete-desacato-aos-guardas#primaryimage"},"thumbnailUrl":"https:\/\/redenoticiaz.com.br\/litoralsp\/wp-content\/uploads\/sites\/3\/2021\/03\/frame-desacato.jpg","keywords":["DESACATO","FASE EMERGENCIAL","guarda municipal","GUARUJ\u00c1","INVAS\u00c3O","mulher","PRAIA DAS AST\u00daRIAS"],"articleSection":["Guaruj\u00e1","Pol\u00edcia"],"inLanguage":"pt-BR","potentialAction":[{"@type":"CommentAction","name":"Comment","target":["https:\/\/redenoticiaz.com.br\/litoralsp\/2021\/03\/16\/mulher-e-abordada-apos-invadir-praia-e-comete-desacato-aos-guardas#respond"]}]},{"@type":"WebPage","@id":"https:\/\/redenoticiaz.com.br\/litoralsp\/2021\/03\/16\/mulher-e-abordada-apos-invadir-praia-e-comete-desacato-aos-guardas","url":"https:\/\/redenoticiaz.com.br\/litoralsp\/2021\/03\/16\/mulher-e-abordada-apos-invadir-praia-e-comete-desacato-aos-guardas","name":"Mulher \u00e9 abordada ap\u00f3s invadir praia e comete desacato aos guardas - Litoral SP","isPartOf":{"@id":"https:\/\/redenoticiaz.com.br\/litoralsp\/#website"},"primaryImageOfPage":{"@id":"https:\/\/redenoticiaz.com.br\/litoralsp\/2021\/03\/16\/mulher-e-abordada-apos-invadir-praia-e-comete-desacato-aos-guardas#primaryimage"},"image":{"@id":"https:\/\/redenoticiaz.com.br\/litoralsp\/2021\/03\/16\/mulher-e-abordada-apos-invadir-praia-e-comete-desacato-aos-guardas#primaryimage"},"thumbnailUrl":"https:\/\/redenoticiaz.com.br\/litoralsp\/wp-content\/uploads\/sites\/3\/2021\/03\/frame-desacato.jpg","datePublished":"2021-03-16T23:05:29+00:00","dateModified":"2021-03-16T23:05:56+00:00","description":"Uma mulher invadiu uma praia de Guaruj\u00e1 nesta ter\u00e7a-feira (16) para dar uma caminhada e foi detida pela Guarda Municipal. Ela n\u00e3o","inLanguage":"pt-BR","potentialAction":[{"@type":"ReadAction","target":["https:\/\/redenoticiaz.com.br\/litoralsp\/2021\/03\/16\/mulher-e-abordada-apos-invadir-praia-e-comete-desacato-aos-guardas"]}]},{"@type":"ImageObject","inLanguage":"pt-BR","@id":"https:\/\/redenoticiaz.com.br\/litoralsp\/2021\/03\/16\/mulher-e-abordada-apos-invadir-praia-e-comete-desacato-aos-guardas#primaryimage","url":"https:\/\/redenoticiaz.com.br\/litoralsp\/wp-content\/uploads\/sites\/3\/2021\/03\/frame-desacato.jpg","contentUrl":"https:\/\/redenoticiaz.com.br\/litoralsp\/wp-content\/uploads\/sites\/3\/2021\/03\/frame-desacato.jpg","width":984,"height":1075,"caption":"Cr\u00e9ditos: Reprodu\u00e7\u00e3o\/Tudo Sobre o Guaruj\u00e1."},{"@type":"WebSite","@id":"https:\/\/redenoticiaz.com.br\/litoralsp\/#website","url":"https:\/\/redenoticiaz.com.br\/litoralsp\/","name":"Litoral SP","description":"Rede NoticiaZ","publisher":{"@id":"https:\/\/redenoticiaz.com.br\/litoralsp\/#organization"},"potentialAction":[{"@type":"SearchAction","target":{"@type":"EntryPoint","urlTemplate":"https:\/\/redenoticiaz.com.br\/litoralsp\/?s={search_term_string}"},"query-input":{"@type":"PropertyValueSpecification","valueRequired":true,"valueName":"search_term_string"}}],"inLanguage":"pt-BR"},{"@type":"Organization","@id":"https:\/\/redenoticiaz.com.br\/litoralsp\/#organization","name":"Litoral SP","url":"https:\/\/redenoticiaz.com.br\/litoralsp\/","logo":{"@type":"ImageObject","inLanguage":"pt-BR","@id":"https:\/\/redenoticiaz.com.br\/litoralsp\/#\/schema\/logo\/image\/","url":"https:\/\/redenoticiaz.com.br\/litoralsp\/wp-content\/uploads\/sites\/3\/2020\/11\/logo.jpg","contentUrl":"https:\/\/redenoticiaz.com.br\/litoralsp\/wp-content\/uploads\/sites\/3\/2020\/11\/logo.jpg","width":400,"height":250,"caption":"Litoral SP"},"image":{"@id":"https:\/\/redenoticiaz.com.br\/litoralsp\/#\/schema\/logo\/image\/"}},{"@type":"Person","@id":"https:\/\/redenoticiaz.com.br\/litoralsp\/#\/schema\/person\/0f0b8a5bdafefe82841e07ae8d81ecb3","name":"Leonardo Francisco","image":{"@type":"ImageObject","inLanguage":"pt-BR","@id":"https:\/\/secure.gravatar.com\/avatar\/a7358cb406a99b682ec6df1e77e31ae82e63601f6784e8a3df411d72b37864da?s=96&d=mm&r=g","url":"https:\/\/secure.gravatar.com\/avatar\/a7358cb406a99b682ec6df1e77e31ae82e63601f6784e8a3df411d72b37864da?s=96&d=mm&r=g","contentUrl":"https:\/\/secure.gravatar.com\/avatar\/a7358cb406a99b682ec6df1e77e31ae82e63601f6784e8a3df411d72b37864da?s=96&d=mm&r=g","caption":"Leonardo Francisco"},"url":"https:\/\/redenoticiaz.com.br\/litoralsp\/author\/leonardo-francisco"}]}},"_links":{"self":[{"href":"https:\/\/redenoticiaz.com.br\/litoralsp\/wp-json\/wp\/v2\/posts\/5769","targetHints":{"allow":["GET"]}}],"collection":[{"href":"https:\/\/redenoticiaz.com.br\/litoralsp\/wp-json\/wp\/v2\/posts"}],"about":[{"href":"https:\/\/redenoticiaz.com.br\/litoralsp\/wp-json\/wp\/v2\/types\/post"}],"author":[{"embeddable":true,"href":"https:\/\/redenoticiaz.com.br\/litoralsp\/wp-json\/wp\/v2\/users\/6"}],"replies":[{"embeddable":true,"href":"https:\/\/redenoticiaz.com.br\/litoralsp\/wp-json\/wp\/v2\/comments?post=5769"}],"version-history":[{"count":1,"href":"https:\/\/redenoticiaz.com.br\/litoralsp\/wp-json\/wp\/v2\/posts\/5769\/revisions"}],"predecessor-version":[{"id":5771,"href":"https:\/\/redenoticiaz.com.br\/litoralsp\/wp-json\/wp\/v2\/posts\/5769\/revisions\/5771"}],"wp:featuredmedia":[{"embeddable":true,"href":"https:\/\/redenoticiaz.com.br\/litoralsp\/wp-json\/wp\/v2\/media\/5770"}],"wp:attachment":[{"href":"https:\/\/redenoticiaz.com.br\/litoralsp\/wp-json\/wp\/v2\/media?parent=5769"}],"wp:term":[{"taxonomy":"category","embeddable":true,"href":"https:\/\/redenoticiaz.com.br\/litoralsp\/wp-json\/wp\/v2\/categories?post=5769"},{"taxonomy":"post_tag","embeddable":true,"href":"https:\/\/redenoticiaz.com.br\/litoralsp\/wp-json\/wp\/v2\/tags?post=5769"}],"curies":[{"name":"wp","href":"https:\/\/api.w.org\/{rel}","templated":true}]}}