{"id":5819,"date":"2021-03-17T15:57:16","date_gmt":"2021-03-17T18:57:16","guid":{"rendered":"https:\/\/redenoticiaz.com.br\/litoralsp\/?p=5819"},"modified":"2021-03-17T15:57:42","modified_gmt":"2021-03-17T18:57:42","slug":"rejeicao-a-jair-bolsonaro-bate-recorde","status":"publish","type":"post","link":"https:\/\/redenoticiaz.com.br\/litoralsp\/2021\/03\/17\/rejeicao-a-jair-bolsonaro-bate-recorde","title":{"rendered":"Rejei\u00e7\u00e3o a Jair Bolsonaro bate recorde"},"content":{"rendered":"<p>A popularidade do presidente Jair Bolsonaro (Sem partido) est\u00e1 em queda com os brasileiros. Segundo uma pesquisa do <a href=\"https:\/\/datafolha.folha.uol.com.br\/\">Instituto Datafolha<\/a>, a <strong>rejei\u00e7\u00e3o<\/strong> chegou a bater recorde. Al\u00e9m disso, quase a metade dos entrevistados tamb\u00e9m afirmam que ele \u00e9 o respons\u00e1vel pela piora da pandemia do coronav\u00edrus, j\u00e1 que h\u00e1 nove dias que o Brasil registra recordes de mortes. Na ter\u00e7a, o pa\u00eds passou de 282 mil \u00f3bitos.<\/p>\n<p>Segundo a pesquisa, Bolsonaro teve a sua gest\u00e3o de governo rejeitada por 54% dos entrevistados, que avaliaram como ruim ou p\u00e9ssimo. J\u00e1 24% da popula\u00e7\u00e3o avalia como regular a gest\u00e3o, enquanto que 22% dizem que o governo dele \u00e9 bom ou \u00f3timo.<\/p>\n<p>Em mais um levantamento sobre a crise sanit\u00e1ria e a pandemia do coronav\u00edrus, 43% da popula\u00e7\u00e3o acreditam que Jair Bolsonaro \u00e9 o respons\u00e1vel direto pelos problemas com as altas de casos, mortes e interna\u00e7\u00f5es. J\u00e1 sobre o Minist\u00e9rio da Sa\u00fade, 39% dos entrevistados avaliou como ruim ou p\u00e9ssima atua\u00e7\u00e3o da pasta sobre a pandemia.<\/p>\n<h3>Quem \u00e9 o principal culpado pela situa\u00e7\u00e3o atual da pandemia?<\/h3>\n<p>Bolsonaro: 43%<\/p>\n<p>Governadores: 17%<\/p>\n<p>Prefeitos: 9%<\/p>\n<p>Popula\u00e7\u00e3o: 6%<\/p>\n<p>Todos: 5%<\/p>\n<p>Nenhum: 11%<\/p>\n<p>N\u00e3o sabe: 6%<\/p>\n<h3>Quem deveria ser o principal respons\u00e1vel por combater a pandemia?<\/h3>\n<p>Bolsonaro: 42%<\/p>\n<p>Governadores: 20%<\/p>\n<p>Prefeitos: 17%<\/p>\n<p>Popula\u00e7\u00e3o: 1%<\/p>\n<p>Todos: 15%<\/p>\n<p>Nenhum: 1%<\/p>\n<p>N\u00e3o sabe: 1%<\/p>\n<h3>Quem est\u00e1 combatendo melhor a pandemia?<\/h3>\n<p>Governadores: 38%<\/p>\n<p>Bolsonaro: 16%<\/p>\n<p>Prefeitos: 28%<\/p>\n<p>Popula\u00e7\u00e3o: 0%<\/p>\n<p>Todos: 2%<\/p>\n<p>Nenhum: 10%<\/p>\n<p>N\u00e3o sabe: 6%<\/p>\n<h3>Aprova\u00e7\u00e3o e rejei\u00e7\u00e3o de governadores na pandemia<\/h3>\n<p>Ruim ou p\u00e9ssimo: 35%<\/p>\n<p>\u00d3timo ou bom: 34%<\/p>\n<p>Regular: 30%<\/p>\n<p>N\u00e3o sabe: 1%<\/p>\n<h3>Desempenho do Minist\u00e9rio da Sa\u00fade na crise<\/h3>\n<p>Ruim ou p\u00e9ssimo: 39%<\/p>\n<p>\u00d3timo ou bom: 28%<\/p>\n<p>Regular: 32%<\/p>\n<p>N\u00e3o sabe: 1%<\/p>\n<p>O Instituto Datafolha ouviu 2.023 pessoas por telefone entre os dias 15 e 16 de mar\u00e7o. A margem de erro da pesquisa \u00e9 de dois pontos percentuais para mais ou para menos.<\/p>\n<p><strong>Leia tamb\u00e9m<\/strong><\/p>\n<p><a href=\"https:\/\/redenoticiaz.com.br\/litoralsp\/2021\/03\/17\/covid-19-brasil-tem-recorde-de-mortes-em-um-so-dia\">COVID-19: Brasil tem recorde de mortes em um s\u00f3 dia<\/a><\/p>\n","protected":false},"excerpt":{"rendered":"<p>A popularidade do presidente Jair Bolsonaro (Sem partido) est\u00e1 em queda com os brasileiros. Segundo uma pesquisa do Instituto Datafolha, a rejei\u00e7\u00e3o chegou a bater recorde. Al\u00e9m disso, quase a metade dos entrevistados tamb\u00e9m afirmam que ele \u00e9 o respons\u00e1vel pela piora da pandemia do coronav\u00edrus, j\u00e1 que h\u00e1 nove dias que o Brasil registra &hellip;<\/p>\n","protected":false},"author":6,"featured_media":1927,"comment_status":"open","ping_status":"closed","sticky":false,"template":"","format":"standard","meta":{"footnotes":""},"categories":[15],"tags":[173,95,15842,18,1810,26,6721,13243],"class_list":["post-5819","post","type-post","status-publish","format-standard","has-post-thumbnail","hentry","category-politica","tag-brasil","tag-coronavirus","tag-instituto-datafolha","tag-jair-bolsonaro","tag-ministerio-da-saude","tag-pandemia","tag-presidente","tag-rejeicao"],"yoast_head":"<!-- This site is optimized with the Yoast SEO plugin v27.4 - https:\/\/yoast.com\/product\/yoast-seo-wordpress\/ -->\n<title>Rejei\u00e7\u00e3o a Jair Bolsonaro bate recorde - Litoral SP<\/title>\n<meta name=\"description\" content=\"A popularidade do presidente Jair Bolsonaro (Sem partido) est\u00e1 em queda com os brasileiros. Segundo uma pesquisa do Instituto Datafolha, a rejei\u00e7\u00e3o chegou\" \/>\n<meta name=\"robots\" content=\"index, follow, max-snippet:-1, max-image-preview:large, max-video-preview:-1\" \/>\n<link rel=\"canonical\" href=\"https:\/\/redenoticiaz.com.br\/litoralsp\/2021\/03\/17\/rejeicao-a-jair-bolsonaro-bate-recorde\" \/>\n<meta property=\"og:locale\" content=\"pt_BR\" \/>\n<meta property=\"og:type\" content=\"article\" \/>\n<meta property=\"og:title\" content=\"Rejei\u00e7\u00e3o a Jair Bolsonaro bate recorde - Litoral SP\" \/>\n<meta property=\"og:description\" content=\"A popularidade do presidente Jair Bolsonaro (Sem partido) est\u00e1 em queda com os brasileiros. Segundo uma pesquisa do Instituto Datafolha, a rejei\u00e7\u00e3o chegou\" \/>\n<meta property=\"og:url\" content=\"https:\/\/redenoticiaz.com.br\/litoralsp\/2021\/03\/17\/rejeicao-a-jair-bolsonaro-bate-recorde\" \/>\n<meta property=\"og:site_name\" content=\"Litoral SP\" \/>\n<meta property=\"article:published_time\" content=\"2021-03-17T18:57:16+00:00\" \/>\n<meta property=\"article:modified_time\" content=\"2021-03-17T18:57:42+00:00\" \/>\n<meta property=\"og:image\" content=\"https:\/\/redenoticiaz.com.br\/litoralsp\/wp-content\/uploads\/sites\/3\/2020\/12\/bolsonaro-3.jpg\" \/>\n\t<meta property=\"og:image:width\" content=\"924\" \/>\n\t<meta property=\"og:image:height\" content=\"616\" \/>\n\t<meta property=\"og:image:type\" content=\"image\/jpeg\" \/>\n<meta name=\"author\" content=\"Leonardo Francisco\" \/>\n<meta name=\"twitter:card\" content=\"summary_large_image\" \/>\n<meta name=\"twitter:label1\" content=\"Escrito por\" \/>\n\t<meta name=\"twitter:data1\" content=\"Leonardo Francisco\" \/>\n\t<meta name=\"twitter:label2\" content=\"Est. tempo de leitura\" \/>\n\t<meta name=\"twitter:data2\" content=\"2 minutos\" \/>\n<script type=\"application\/ld+json\" class=\"yoast-schema-graph\">{\"@context\":\"https:\\\/\\\/schema.org\",\"@graph\":[{\"@type\":\"Article\",\"@id\":\"https:\\\/\\\/redenoticiaz.com.br\\\/litoralsp\\\/2021\\\/03\\\/17\\\/rejeicao-a-jair-bolsonaro-bate-recorde#article\",\"isPartOf\":{\"@id\":\"https:\\\/\\\/redenoticiaz.com.br\\\/litoralsp\\\/2021\\\/03\\\/17\\\/rejeicao-a-jair-bolsonaro-bate-recorde\"},\"author\":{\"name\":\"Leonardo Francisco\",\"@id\":\"https:\\\/\\\/redenoticiaz.com.br\\\/litoralsp\\\/#\\\/schema\\\/person\\\/0f0b8a5bdafefe82841e07ae8d81ecb3\"},\"headline\":\"Rejei\u00e7\u00e3o a Jair Bolsonaro bate recorde\",\"datePublished\":\"2021-03-17T18:57:16+00:00\",\"dateModified\":\"2021-03-17T18:57:42+00:00\",\"mainEntityOfPage\":{\"@id\":\"https:\\\/\\\/redenoticiaz.com.br\\\/litoralsp\\\/2021\\\/03\\\/17\\\/rejeicao-a-jair-bolsonaro-bate-recorde\"},\"wordCount\":320,\"commentCount\":0,\"publisher\":{\"@id\":\"https:\\\/\\\/redenoticiaz.com.br\\\/litoralsp\\\/#organization\"},\"image\":{\"@id\":\"https:\\\/\\\/redenoticiaz.com.br\\\/litoralsp\\\/2021\\\/03\\\/17\\\/rejeicao-a-jair-bolsonaro-bate-recorde#primaryimage\"},\"thumbnailUrl\":\"https:\\\/\\\/redenoticiaz.com.br\\\/litoralsp\\\/wp-content\\\/uploads\\\/sites\\\/3\\\/2020\\\/12\\\/bolsonaro-3.jpg\",\"keywords\":[\"Brasil\",\"Coronav\u00edrus\",\"INSTITUTO DATAFOLHA\",\"Jair Bolsonaro\",\"Minist\u00e9rio da Sa\u00fade\",\"Pandemia\",\"Presidente\",\"REJEI\u00c7\u00c3O\"],\"articleSection\":[\"Pol\u00edtica\"],\"inLanguage\":\"pt-BR\",\"potentialAction\":[{\"@type\":\"CommentAction\",\"name\":\"Comment\",\"target\":[\"https:\\\/\\\/redenoticiaz.com.br\\\/litoralsp\\\/2021\\\/03\\\/17\\\/rejeicao-a-jair-bolsonaro-bate-recorde#respond\"]}]},{\"@type\":\"WebPage\",\"@id\":\"https:\\\/\\\/redenoticiaz.com.br\\\/litoralsp\\\/2021\\\/03\\\/17\\\/rejeicao-a-jair-bolsonaro-bate-recorde\",\"url\":\"https:\\\/\\\/redenoticiaz.com.br\\\/litoralsp\\\/2021\\\/03\\\/17\\\/rejeicao-a-jair-bolsonaro-bate-recorde\",\"name\":\"Rejei\u00e7\u00e3o a Jair Bolsonaro bate recorde - Litoral SP\",\"isPartOf\":{\"@id\":\"https:\\\/\\\/redenoticiaz.com.br\\\/litoralsp\\\/#website\"},\"primaryImageOfPage\":{\"@id\":\"https:\\\/\\\/redenoticiaz.com.br\\\/litoralsp\\\/2021\\\/03\\\/17\\\/rejeicao-a-jair-bolsonaro-bate-recorde#primaryimage\"},\"image\":{\"@id\":\"https:\\\/\\\/redenoticiaz.com.br\\\/litoralsp\\\/2021\\\/03\\\/17\\\/rejeicao-a-jair-bolsonaro-bate-recorde#primaryimage\"},\"thumbnailUrl\":\"https:\\\/\\\/redenoticiaz.com.br\\\/litoralsp\\\/wp-content\\\/uploads\\\/sites\\\/3\\\/2020\\\/12\\\/bolsonaro-3.jpg\",\"datePublished\":\"2021-03-17T18:57:16+00:00\",\"dateModified\":\"2021-03-17T18:57:42+00:00\",\"description\":\"A popularidade do presidente Jair Bolsonaro (Sem partido) est\u00e1 em queda com os brasileiros. Segundo uma pesquisa do Instituto Datafolha, a rejei\u00e7\u00e3o chegou\",\"inLanguage\":\"pt-BR\",\"potentialAction\":[{\"@type\":\"ReadAction\",\"target\":[\"https:\\\/\\\/redenoticiaz.com.br\\\/litoralsp\\\/2021\\\/03\\\/17\\\/rejeicao-a-jair-bolsonaro-bate-recorde\"]}]},{\"@type\":\"ImageObject\",\"inLanguage\":\"pt-BR\",\"@id\":\"https:\\\/\\\/redenoticiaz.com.br\\\/litoralsp\\\/2021\\\/03\\\/17\\\/rejeicao-a-jair-bolsonaro-bate-recorde#primaryimage\",\"url\":\"https:\\\/\\\/redenoticiaz.com.br\\\/litoralsp\\\/wp-content\\\/uploads\\\/sites\\\/3\\\/2020\\\/12\\\/bolsonaro-3.jpg\",\"contentUrl\":\"https:\\\/\\\/redenoticiaz.com.br\\\/litoralsp\\\/wp-content\\\/uploads\\\/sites\\\/3\\\/2020\\\/12\\\/bolsonaro-3.jpg\",\"width\":924,\"height\":616,\"caption\":\"Rejei\u00e7\u00e3o a Jair Bolsonaro bate recorde\"},{\"@type\":\"WebSite\",\"@id\":\"https:\\\/\\\/redenoticiaz.com.br\\\/litoralsp\\\/#website\",\"url\":\"https:\\\/\\\/redenoticiaz.com.br\\\/litoralsp\\\/\",\"name\":\"Litoral SP\",\"description\":\"Rede NoticiaZ\",\"publisher\":{\"@id\":\"https:\\\/\\\/redenoticiaz.com.br\\\/litoralsp\\\/#organization\"},\"potentialAction\":[{\"@type\":\"SearchAction\",\"target\":{\"@type\":\"EntryPoint\",\"urlTemplate\":\"https:\\\/\\\/redenoticiaz.com.br\\\/litoralsp\\\/?s={search_term_string}\"},\"query-input\":{\"@type\":\"PropertyValueSpecification\",\"valueRequired\":true,\"valueName\":\"search_term_string\"}}],\"inLanguage\":\"pt-BR\"},{\"@type\":\"Organization\",\"@id\":\"https:\\\/\\\/redenoticiaz.com.br\\\/litoralsp\\\/#organization\",\"name\":\"Litoral SP\",\"url\":\"https:\\\/\\\/redenoticiaz.com.br\\\/litoralsp\\\/\",\"logo\":{\"@type\":\"ImageObject\",\"inLanguage\":\"pt-BR\",\"@id\":\"https:\\\/\\\/redenoticiaz.com.br\\\/litoralsp\\\/#\\\/schema\\\/logo\\\/image\\\/\",\"url\":\"https:\\\/\\\/redenoticiaz.com.br\\\/litoralsp\\\/wp-content\\\/uploads\\\/sites\\\/3\\\/2020\\\/11\\\/logo.jpg\",\"contentUrl\":\"https:\\\/\\\/redenoticiaz.com.br\\\/litoralsp\\\/wp-content\\\/uploads\\\/sites\\\/3\\\/2020\\\/11\\\/logo.jpg\",\"width\":400,\"height\":250,\"caption\":\"Litoral SP\"},\"image\":{\"@id\":\"https:\\\/\\\/redenoticiaz.com.br\\\/litoralsp\\\/#\\\/schema\\\/logo\\\/image\\\/\"}},{\"@type\":\"Person\",\"@id\":\"https:\\\/\\\/redenoticiaz.com.br\\\/litoralsp\\\/#\\\/schema\\\/person\\\/0f0b8a5bdafefe82841e07ae8d81ecb3\",\"name\":\"Leonardo Francisco\",\"image\":{\"@type\":\"ImageObject\",\"inLanguage\":\"pt-BR\",\"@id\":\"https:\\\/\\\/secure.gravatar.com\\\/avatar\\\/a7358cb406a99b682ec6df1e77e31ae82e63601f6784e8a3df411d72b37864da?s=96&d=mm&r=g\",\"url\":\"https:\\\/\\\/secure.gravatar.com\\\/avatar\\\/a7358cb406a99b682ec6df1e77e31ae82e63601f6784e8a3df411d72b37864da?s=96&d=mm&r=g\",\"contentUrl\":\"https:\\\/\\\/secure.gravatar.com\\\/avatar\\\/a7358cb406a99b682ec6df1e77e31ae82e63601f6784e8a3df411d72b37864da?s=96&d=mm&r=g\",\"caption\":\"Leonardo Francisco\"},\"url\":\"https:\\\/\\\/redenoticiaz.com.br\\\/litoralsp\\\/author\\\/leonardo-francisco\"}]}<\/script>\n<!-- \/ Yoast SEO plugin. -->","yoast_head_json":{"title":"Rejei\u00e7\u00e3o a Jair Bolsonaro bate recorde - Litoral SP","description":"A popularidade do presidente Jair Bolsonaro (Sem partido) est\u00e1 em queda com os brasileiros. Segundo uma pesquisa do Instituto Datafolha, a rejei\u00e7\u00e3o chegou","robots":{"index":"index","follow":"follow","max-snippet":"max-snippet:-1","max-image-preview":"max-image-preview:large","max-video-preview":"max-video-preview:-1"},"canonical":"https:\/\/redenoticiaz.com.br\/litoralsp\/2021\/03\/17\/rejeicao-a-jair-bolsonaro-bate-recorde","og_locale":"pt_BR","og_type":"article","og_title":"Rejei\u00e7\u00e3o a Jair Bolsonaro bate recorde - Litoral SP","og_description":"A popularidade do presidente Jair Bolsonaro (Sem partido) est\u00e1 em queda com os brasileiros. Segundo uma pesquisa do Instituto Datafolha, a rejei\u00e7\u00e3o chegou","og_url":"https:\/\/redenoticiaz.com.br\/litoralsp\/2021\/03\/17\/rejeicao-a-jair-bolsonaro-bate-recorde","og_site_name":"Litoral SP","article_published_time":"2021-03-17T18:57:16+00:00","article_modified_time":"2021-03-17T18:57:42+00:00","og_image":[{"width":924,"height":616,"url":"https:\/\/redenoticiaz.com.br\/litoralsp\/wp-content\/uploads\/sites\/3\/2020\/12\/bolsonaro-3.jpg","type":"image\/jpeg"}],"author":"Leonardo Francisco","twitter_card":"summary_large_image","twitter_misc":{"Escrito por":"Leonardo Francisco","Est. tempo de leitura":"2 minutos"},"schema":{"@context":"https:\/\/schema.org","@graph":[{"@type":"Article","@id":"https:\/\/redenoticiaz.com.br\/litoralsp\/2021\/03\/17\/rejeicao-a-jair-bolsonaro-bate-recorde#article","isPartOf":{"@id":"https:\/\/redenoticiaz.com.br\/litoralsp\/2021\/03\/17\/rejeicao-a-jair-bolsonaro-bate-recorde"},"author":{"name":"Leonardo Francisco","@id":"https:\/\/redenoticiaz.com.br\/litoralsp\/#\/schema\/person\/0f0b8a5bdafefe82841e07ae8d81ecb3"},"headline":"Rejei\u00e7\u00e3o a Jair Bolsonaro bate recorde","datePublished":"2021-03-17T18:57:16+00:00","dateModified":"2021-03-17T18:57:42+00:00","mainEntityOfPage":{"@id":"https:\/\/redenoticiaz.com.br\/litoralsp\/2021\/03\/17\/rejeicao-a-jair-bolsonaro-bate-recorde"},"wordCount":320,"commentCount":0,"publisher":{"@id":"https:\/\/redenoticiaz.com.br\/litoralsp\/#organization"},"image":{"@id":"https:\/\/redenoticiaz.com.br\/litoralsp\/2021\/03\/17\/rejeicao-a-jair-bolsonaro-bate-recorde#primaryimage"},"thumbnailUrl":"https:\/\/redenoticiaz.com.br\/litoralsp\/wp-content\/uploads\/sites\/3\/2020\/12\/bolsonaro-3.jpg","keywords":["Brasil","Coronav\u00edrus","INSTITUTO DATAFOLHA","Jair Bolsonaro","Minist\u00e9rio da Sa\u00fade","Pandemia","Presidente","REJEI\u00c7\u00c3O"],"articleSection":["Pol\u00edtica"],"inLanguage":"pt-BR","potentialAction":[{"@type":"CommentAction","name":"Comment","target":["https:\/\/redenoticiaz.com.br\/litoralsp\/2021\/03\/17\/rejeicao-a-jair-bolsonaro-bate-recorde#respond"]}]},{"@type":"WebPage","@id":"https:\/\/redenoticiaz.com.br\/litoralsp\/2021\/03\/17\/rejeicao-a-jair-bolsonaro-bate-recorde","url":"https:\/\/redenoticiaz.com.br\/litoralsp\/2021\/03\/17\/rejeicao-a-jair-bolsonaro-bate-recorde","name":"Rejei\u00e7\u00e3o a Jair Bolsonaro bate recorde - Litoral SP","isPartOf":{"@id":"https:\/\/redenoticiaz.com.br\/litoralsp\/#website"},"primaryImageOfPage":{"@id":"https:\/\/redenoticiaz.com.br\/litoralsp\/2021\/03\/17\/rejeicao-a-jair-bolsonaro-bate-recorde#primaryimage"},"image":{"@id":"https:\/\/redenoticiaz.com.br\/litoralsp\/2021\/03\/17\/rejeicao-a-jair-bolsonaro-bate-recorde#primaryimage"},"thumbnailUrl":"https:\/\/redenoticiaz.com.br\/litoralsp\/wp-content\/uploads\/sites\/3\/2020\/12\/bolsonaro-3.jpg","datePublished":"2021-03-17T18:57:16+00:00","dateModified":"2021-03-17T18:57:42+00:00","description":"A popularidade do presidente Jair Bolsonaro (Sem partido) est\u00e1 em queda com os brasileiros. Segundo uma pesquisa do Instituto Datafolha, a rejei\u00e7\u00e3o chegou","inLanguage":"pt-BR","potentialAction":[{"@type":"ReadAction","target":["https:\/\/redenoticiaz.com.br\/litoralsp\/2021\/03\/17\/rejeicao-a-jair-bolsonaro-bate-recorde"]}]},{"@type":"ImageObject","inLanguage":"pt-BR","@id":"https:\/\/redenoticiaz.com.br\/litoralsp\/2021\/03\/17\/rejeicao-a-jair-bolsonaro-bate-recorde#primaryimage","url":"https:\/\/redenoticiaz.com.br\/litoralsp\/wp-content\/uploads\/sites\/3\/2020\/12\/bolsonaro-3.jpg","contentUrl":"https:\/\/redenoticiaz.com.br\/litoralsp\/wp-content\/uploads\/sites\/3\/2020\/12\/bolsonaro-3.jpg","width":924,"height":616,"caption":"Rejei\u00e7\u00e3o a Jair Bolsonaro bate recorde"},{"@type":"WebSite","@id":"https:\/\/redenoticiaz.com.br\/litoralsp\/#website","url":"https:\/\/redenoticiaz.com.br\/litoralsp\/","name":"Litoral SP","description":"Rede NoticiaZ","publisher":{"@id":"https:\/\/redenoticiaz.com.br\/litoralsp\/#organization"},"potentialAction":[{"@type":"SearchAction","target":{"@type":"EntryPoint","urlTemplate":"https:\/\/redenoticiaz.com.br\/litoralsp\/?s={search_term_string}"},"query-input":{"@type":"PropertyValueSpecification","valueRequired":true,"valueName":"search_term_string"}}],"inLanguage":"pt-BR"},{"@type":"Organization","@id":"https:\/\/redenoticiaz.com.br\/litoralsp\/#organization","name":"Litoral SP","url":"https:\/\/redenoticiaz.com.br\/litoralsp\/","logo":{"@type":"ImageObject","inLanguage":"pt-BR","@id":"https:\/\/redenoticiaz.com.br\/litoralsp\/#\/schema\/logo\/image\/","url":"https:\/\/redenoticiaz.com.br\/litoralsp\/wp-content\/uploads\/sites\/3\/2020\/11\/logo.jpg","contentUrl":"https:\/\/redenoticiaz.com.br\/litoralsp\/wp-content\/uploads\/sites\/3\/2020\/11\/logo.jpg","width":400,"height":250,"caption":"Litoral SP"},"image":{"@id":"https:\/\/redenoticiaz.com.br\/litoralsp\/#\/schema\/logo\/image\/"}},{"@type":"Person","@id":"https:\/\/redenoticiaz.com.br\/litoralsp\/#\/schema\/person\/0f0b8a5bdafefe82841e07ae8d81ecb3","name":"Leonardo Francisco","image":{"@type":"ImageObject","inLanguage":"pt-BR","@id":"https:\/\/secure.gravatar.com\/avatar\/a7358cb406a99b682ec6df1e77e31ae82e63601f6784e8a3df411d72b37864da?s=96&d=mm&r=g","url":"https:\/\/secure.gravatar.com\/avatar\/a7358cb406a99b682ec6df1e77e31ae82e63601f6784e8a3df411d72b37864da?s=96&d=mm&r=g","contentUrl":"https:\/\/secure.gravatar.com\/avatar\/a7358cb406a99b682ec6df1e77e31ae82e63601f6784e8a3df411d72b37864da?s=96&d=mm&r=g","caption":"Leonardo Francisco"},"url":"https:\/\/redenoticiaz.com.br\/litoralsp\/author\/leonardo-francisco"}]}},"_links":{"self":[{"href":"https:\/\/redenoticiaz.com.br\/litoralsp\/wp-json\/wp\/v2\/posts\/5819","targetHints":{"allow":["GET"]}}],"collection":[{"href":"https:\/\/redenoticiaz.com.br\/litoralsp\/wp-json\/wp\/v2\/posts"}],"about":[{"href":"https:\/\/redenoticiaz.com.br\/litoralsp\/wp-json\/wp\/v2\/types\/post"}],"author":[{"embeddable":true,"href":"https:\/\/redenoticiaz.com.br\/litoralsp\/wp-json\/wp\/v2\/users\/6"}],"replies":[{"embeddable":true,"href":"https:\/\/redenoticiaz.com.br\/litoralsp\/wp-json\/wp\/v2\/comments?post=5819"}],"version-history":[{"count":1,"href":"https:\/\/redenoticiaz.com.br\/litoralsp\/wp-json\/wp\/v2\/posts\/5819\/revisions"}],"predecessor-version":[{"id":5820,"href":"https:\/\/redenoticiaz.com.br\/litoralsp\/wp-json\/wp\/v2\/posts\/5819\/revisions\/5820"}],"wp:featuredmedia":[{"embeddable":true,"href":"https:\/\/redenoticiaz.com.br\/litoralsp\/wp-json\/wp\/v2\/media\/1927"}],"wp:attachment":[{"href":"https:\/\/redenoticiaz.com.br\/litoralsp\/wp-json\/wp\/v2\/media?parent=5819"}],"wp:term":[{"taxonomy":"category","embeddable":true,"href":"https:\/\/redenoticiaz.com.br\/litoralsp\/wp-json\/wp\/v2\/categories?post=5819"},{"taxonomy":"post_tag","embeddable":true,"href":"https:\/\/redenoticiaz.com.br\/litoralsp\/wp-json\/wp\/v2\/tags?post=5819"}],"curies":[{"name":"wp","href":"https:\/\/api.w.org\/{rel}","templated":true}]}}