{"id":5842,"date":"2021-03-18T12:30:13","date_gmt":"2021-03-18T15:30:13","guid":{"rendered":"https:\/\/redenoticiaz.com.br\/litoralsp\/2021\/03\/18\/corinthians-estreia-na-copa-do-brasil-e-passa-facil-de-fase"},"modified":"2021-03-18T12:33:37","modified_gmt":"2021-03-18T15:33:37","slug":"corinthians-estreia-na-copa-do-brasil-e-passa-facil-de-fase","status":"publish","type":"post","link":"https:\/\/redenoticiaz.com.br\/litoralsp\/2021\/03\/18\/corinthians-estreia-na-copa-do-brasil-e-passa-facil-de-fase","title":{"rendered":"Corinthians estreia na Copa do Brasil e passa f\u00e1cil de fase"},"content":{"rendered":"<p>A <strong>Copa do Brasil<\/strong> come\u00e7ou e o <a href=\"https:\/\/www.corinthians.com.br\/\">Corinthians<\/a> fez a estreia nessa quarta-feira (17) contra o Salgueiro, em Pernambuco. Mesmo sem uma atua\u00e7\u00e3o brilhante, o Tim\u00e3o n\u00e3o teve dificuldades e venceu por 3 a 0 a equipe pernambucana e avan\u00e7ou para a segunda fase.<\/p>\n<p>No come\u00e7o do jogo, o Corinthians logo imp\u00f4s seu ritmo diante do Salgueiro e criou tr\u00eas chances de gol antes dos 5 minutos. Em uma das chances, o zagueiro Jemerson deu um voleio para abrir o placar. Depois do gol, a impress\u00e3o \u00e9 que o Tim\u00e3o pressionaria intensamente o advers\u00e1rio. Mas a equipe de Vagner Mancini recuou e o Salgueiro passou a criar oportunidades. Em um dos lances, Ranieri amea\u00e7ou o goleiro C\u00e1ssio, que fez boa defesa.<\/p>\n<p>No segundo tempo, o Salgueiro fez duas mudan\u00e7as e tentaram reagir. Mas n\u00e3o houve tempo de sonhar com o empate. Aos 11 minutos, Ramiro aproveito a bola que sobrou na \u00e1rea e pegou de primeira para ampliar o placar para o Corinthians. E no fim do jogo, Mateus Vital fez o terceiro e decretou o 3 a 0 a favor do Tim\u00e3o, avan\u00e7ando de fase na Copa do Brasil.<\/p>\n<h3>Como fica?<\/h3>\n<p>Embora o placar de 3 a 0 e o time conseguir a terceira vit\u00f3ria seguida e estar h\u00e1 7 jogos sem derrota, o Corinthians ainda n\u00e3o convenceu a torcida. A expectativa \u00e9 ver uma equipe jogando com mais intensidade e buscando o ataque, mas sem perder a efici\u00eancia da defesa.<\/p>\n<p>Sem o Campeonato Paulista, o Corinthians s\u00f3 voltaria na pr\u00f3xima fase da Copa do Brasil entre os dias 7 a 14 de abril. O advers\u00e1rio \u00e9 o Retr\u00f4, de Pernambuco e o jogo ser\u00e1 na Neo Qu\u00edmica Arena.<\/p>\n<p><strong>Leia tamb\u00e9m<\/strong><\/p>\n<p><a href=\"https:\/\/redenoticiaz.com.br\/blog\/2021\/03\/17\/santos-e-gremio-avancam-na-libertadores-da-america\">Santos e Gr\u00eamio avan\u00e7am na Libertadores da Am\u00e9rica<\/a><\/p>\n","protected":false},"excerpt":{"rendered":"<p>A Copa do Brasil come\u00e7ou e o Corinthians fez a estreia nessa quarta-feira (17) contra o Salgueiro, em Pernambuco. Mesmo sem uma atua\u00e7\u00e3o brilhante, o Tim\u00e3o n\u00e3o teve dificuldades e venceu por 3 a 0 a equipe pernambucana e avan\u00e7ou para a segunda fase. No come\u00e7o do jogo, o Corinthians logo imp\u00f4s seu ritmo diante &hellip;<\/p>\n","protected":false},"author":6,"featured_media":5843,"comment_status":"open","ping_status":"closed","sticky":false,"template":"","format":"standard","meta":{"footnotes":""},"categories":[35],"tags":[4729,1413,3454,10203,15874,15875,15876],"class_list":["post-5842","post","type-post","status-publish","format-standard","has-post-thumbnail","hentry","category-esporte","tag-classificacao","tag-copa-do-brasil","tag-corinthians","tag-primeira-fase","tag-salgueiro","tag-timao","tag-vitoria"],"yoast_head":"<!-- This site is optimized with the Yoast SEO plugin v27.4 - https:\/\/yoast.com\/product\/yoast-seo-wordpress\/ -->\n<title>Corinthians estreia na Copa do Brasil e passa f\u00e1cil de fase - Litoral SP<\/title>\n<meta name=\"description\" content=\"A Copa do Brasil come\u00e7ou e o Corinthians fez a estreia nessa quarta-feira (17) contra o Salgueiro, em Pernambuco. Mesmo\" \/>\n<meta name=\"robots\" content=\"index, follow, max-snippet:-1, max-image-preview:large, max-video-preview:-1\" \/>\n<link rel=\"canonical\" href=\"https:\/\/redenoticiaz.com.br\/litoralsp\/2021\/03\/18\/corinthians-estreia-na-copa-do-brasil-e-passa-facil-de-fase\" \/>\n<meta property=\"og:locale\" content=\"pt_BR\" \/>\n<meta property=\"og:type\" content=\"article\" \/>\n<meta property=\"og:title\" content=\"Corinthians estreia na Copa do Brasil e passa f\u00e1cil de fase - Litoral SP\" \/>\n<meta property=\"og:description\" content=\"A Copa do Brasil come\u00e7ou e o Corinthians fez a estreia nessa quarta-feira (17) contra o Salgueiro, em Pernambuco. Mesmo\" \/>\n<meta property=\"og:url\" content=\"https:\/\/redenoticiaz.com.br\/litoralsp\/2021\/03\/18\/corinthians-estreia-na-copa-do-brasil-e-passa-facil-de-fase\" \/>\n<meta property=\"og:site_name\" content=\"Litoral SP\" \/>\n<meta property=\"article:published_time\" content=\"2021-03-18T15:30:13+00:00\" \/>\n<meta property=\"article:modified_time\" content=\"2021-03-18T15:33:37+00:00\" \/>\n<meta property=\"og:image\" content=\"https:\/\/redenoticiaz.com.br\/litoralsp\/wp-content\/uploads\/sites\/3\/2021\/03\/timao.jpg\" \/>\n\t<meta property=\"og:image:width\" content=\"640\" \/>\n\t<meta property=\"og:image:height\" content=\"360\" \/>\n\t<meta property=\"og:image:type\" content=\"image\/jpeg\" \/>\n<meta name=\"author\" content=\"Leonardo Francisco\" \/>\n<meta name=\"twitter:card\" content=\"summary_large_image\" \/>\n<meta name=\"twitter:label1\" content=\"Escrito por\" \/>\n\t<meta name=\"twitter:data1\" content=\"Leonardo Francisco\" \/>\n\t<meta name=\"twitter:label2\" content=\"Est. tempo de leitura\" \/>\n\t<meta name=\"twitter:data2\" content=\"2 minutos\" \/>\n<script type=\"application\/ld+json\" class=\"yoast-schema-graph\">{\"@context\":\"https:\\\/\\\/schema.org\",\"@graph\":[{\"@type\":\"Article\",\"@id\":\"https:\\\/\\\/redenoticiaz.com.br\\\/litoralsp\\\/2021\\\/03\\\/18\\\/corinthians-estreia-na-copa-do-brasil-e-passa-facil-de-fase#article\",\"isPartOf\":{\"@id\":\"https:\\\/\\\/redenoticiaz.com.br\\\/litoralsp\\\/2021\\\/03\\\/18\\\/corinthians-estreia-na-copa-do-brasil-e-passa-facil-de-fase\"},\"author\":{\"name\":\"Leonardo Francisco\",\"@id\":\"https:\\\/\\\/redenoticiaz.com.br\\\/litoralsp\\\/#\\\/schema\\\/person\\\/0f0b8a5bdafefe82841e07ae8d81ecb3\"},\"headline\":\"Corinthians estreia na Copa do Brasil e passa f\u00e1cil de fase\",\"datePublished\":\"2021-03-18T15:30:13+00:00\",\"dateModified\":\"2021-03-18T15:33:37+00:00\",\"mainEntityOfPage\":{\"@id\":\"https:\\\/\\\/redenoticiaz.com.br\\\/litoralsp\\\/2021\\\/03\\\/18\\\/corinthians-estreia-na-copa-do-brasil-e-passa-facil-de-fase\"},\"wordCount\":314,\"commentCount\":0,\"publisher\":{\"@id\":\"https:\\\/\\\/redenoticiaz.com.br\\\/litoralsp\\\/#organization\"},\"image\":{\"@id\":\"https:\\\/\\\/redenoticiaz.com.br\\\/litoralsp\\\/2021\\\/03\\\/18\\\/corinthians-estreia-na-copa-do-brasil-e-passa-facil-de-fase#primaryimage\"},\"thumbnailUrl\":\"https:\\\/\\\/redenoticiaz.com.br\\\/litoralsp\\\/wp-content\\\/uploads\\\/sites\\\/3\\\/2021\\\/03\\\/timao.jpg\",\"keywords\":[\"CLASSIFICA\u00c7\u00c3O\",\"COPA DO BRASIL\",\"Corinthians\",\"PRIMEIRA FASE\",\"SALGUEIRO\",\"TIM\u00c3O\",\"VIT\u00d3RIA\"],\"articleSection\":[\"Esporte\"],\"inLanguage\":\"pt-BR\",\"potentialAction\":[{\"@type\":\"CommentAction\",\"name\":\"Comment\",\"target\":[\"https:\\\/\\\/redenoticiaz.com.br\\\/litoralsp\\\/2021\\\/03\\\/18\\\/corinthians-estreia-na-copa-do-brasil-e-passa-facil-de-fase#respond\"]}]},{\"@type\":\"WebPage\",\"@id\":\"https:\\\/\\\/redenoticiaz.com.br\\\/litoralsp\\\/2021\\\/03\\\/18\\\/corinthians-estreia-na-copa-do-brasil-e-passa-facil-de-fase\",\"url\":\"https:\\\/\\\/redenoticiaz.com.br\\\/litoralsp\\\/2021\\\/03\\\/18\\\/corinthians-estreia-na-copa-do-brasil-e-passa-facil-de-fase\",\"name\":\"Corinthians estreia na Copa do Brasil e passa f\u00e1cil de fase - Litoral SP\",\"isPartOf\":{\"@id\":\"https:\\\/\\\/redenoticiaz.com.br\\\/litoralsp\\\/#website\"},\"primaryImageOfPage\":{\"@id\":\"https:\\\/\\\/redenoticiaz.com.br\\\/litoralsp\\\/2021\\\/03\\\/18\\\/corinthians-estreia-na-copa-do-brasil-e-passa-facil-de-fase#primaryimage\"},\"image\":{\"@id\":\"https:\\\/\\\/redenoticiaz.com.br\\\/litoralsp\\\/2021\\\/03\\\/18\\\/corinthians-estreia-na-copa-do-brasil-e-passa-facil-de-fase#primaryimage\"},\"thumbnailUrl\":\"https:\\\/\\\/redenoticiaz.com.br\\\/litoralsp\\\/wp-content\\\/uploads\\\/sites\\\/3\\\/2021\\\/03\\\/timao.jpg\",\"datePublished\":\"2021-03-18T15:30:13+00:00\",\"dateModified\":\"2021-03-18T15:33:37+00:00\",\"description\":\"A Copa do Brasil come\u00e7ou e o Corinthians fez a estreia nessa quarta-feira (17) contra o Salgueiro, em Pernambuco. Mesmo\",\"inLanguage\":\"pt-BR\",\"potentialAction\":[{\"@type\":\"ReadAction\",\"target\":[\"https:\\\/\\\/redenoticiaz.com.br\\\/litoralsp\\\/2021\\\/03\\\/18\\\/corinthians-estreia-na-copa-do-brasil-e-passa-facil-de-fase\"]}]},{\"@type\":\"ImageObject\",\"inLanguage\":\"pt-BR\",\"@id\":\"https:\\\/\\\/redenoticiaz.com.br\\\/litoralsp\\\/2021\\\/03\\\/18\\\/corinthians-estreia-na-copa-do-brasil-e-passa-facil-de-fase#primaryimage\",\"url\":\"https:\\\/\\\/redenoticiaz.com.br\\\/litoralsp\\\/wp-content\\\/uploads\\\/sites\\\/3\\\/2021\\\/03\\\/timao.jpg\",\"contentUrl\":\"https:\\\/\\\/redenoticiaz.com.br\\\/litoralsp\\\/wp-content\\\/uploads\\\/sites\\\/3\\\/2021\\\/03\\\/timao.jpg\",\"width\":640,\"height\":360,\"caption\":\"Cr\u00e9ditos: Divulga\u00e7\u00e3o\\\/Estad\u00e3o Conte\u00fado\"},{\"@type\":\"WebSite\",\"@id\":\"https:\\\/\\\/redenoticiaz.com.br\\\/litoralsp\\\/#website\",\"url\":\"https:\\\/\\\/redenoticiaz.com.br\\\/litoralsp\\\/\",\"name\":\"Litoral SP\",\"description\":\"Rede NoticiaZ\",\"publisher\":{\"@id\":\"https:\\\/\\\/redenoticiaz.com.br\\\/litoralsp\\\/#organization\"},\"potentialAction\":[{\"@type\":\"SearchAction\",\"target\":{\"@type\":\"EntryPoint\",\"urlTemplate\":\"https:\\\/\\\/redenoticiaz.com.br\\\/litoralsp\\\/?s={search_term_string}\"},\"query-input\":{\"@type\":\"PropertyValueSpecification\",\"valueRequired\":true,\"valueName\":\"search_term_string\"}}],\"inLanguage\":\"pt-BR\"},{\"@type\":\"Organization\",\"@id\":\"https:\\\/\\\/redenoticiaz.com.br\\\/litoralsp\\\/#organization\",\"name\":\"Litoral SP\",\"url\":\"https:\\\/\\\/redenoticiaz.com.br\\\/litoralsp\\\/\",\"logo\":{\"@type\":\"ImageObject\",\"inLanguage\":\"pt-BR\",\"@id\":\"https:\\\/\\\/redenoticiaz.com.br\\\/litoralsp\\\/#\\\/schema\\\/logo\\\/image\\\/\",\"url\":\"https:\\\/\\\/redenoticiaz.com.br\\\/litoralsp\\\/wp-content\\\/uploads\\\/sites\\\/3\\\/2020\\\/11\\\/logo.jpg\",\"contentUrl\":\"https:\\\/\\\/redenoticiaz.com.br\\\/litoralsp\\\/wp-content\\\/uploads\\\/sites\\\/3\\\/2020\\\/11\\\/logo.jpg\",\"width\":400,\"height\":250,\"caption\":\"Litoral SP\"},\"image\":{\"@id\":\"https:\\\/\\\/redenoticiaz.com.br\\\/litoralsp\\\/#\\\/schema\\\/logo\\\/image\\\/\"}},{\"@type\":\"Person\",\"@id\":\"https:\\\/\\\/redenoticiaz.com.br\\\/litoralsp\\\/#\\\/schema\\\/person\\\/0f0b8a5bdafefe82841e07ae8d81ecb3\",\"name\":\"Leonardo Francisco\",\"image\":{\"@type\":\"ImageObject\",\"inLanguage\":\"pt-BR\",\"@id\":\"https:\\\/\\\/secure.gravatar.com\\\/avatar\\\/a7358cb406a99b682ec6df1e77e31ae82e63601f6784e8a3df411d72b37864da?s=96&d=mm&r=g\",\"url\":\"https:\\\/\\\/secure.gravatar.com\\\/avatar\\\/a7358cb406a99b682ec6df1e77e31ae82e63601f6784e8a3df411d72b37864da?s=96&d=mm&r=g\",\"contentUrl\":\"https:\\\/\\\/secure.gravatar.com\\\/avatar\\\/a7358cb406a99b682ec6df1e77e31ae82e63601f6784e8a3df411d72b37864da?s=96&d=mm&r=g\",\"caption\":\"Leonardo Francisco\"},\"url\":\"https:\\\/\\\/redenoticiaz.com.br\\\/litoralsp\\\/author\\\/leonardo-francisco\"}]}<\/script>\n<!-- \/ Yoast SEO plugin. -->","yoast_head_json":{"title":"Corinthians estreia na Copa do Brasil e passa f\u00e1cil de fase - Litoral SP","description":"A Copa do Brasil come\u00e7ou e o Corinthians fez a estreia nessa quarta-feira (17) contra o Salgueiro, em Pernambuco. Mesmo","robots":{"index":"index","follow":"follow","max-snippet":"max-snippet:-1","max-image-preview":"max-image-preview:large","max-video-preview":"max-video-preview:-1"},"canonical":"https:\/\/redenoticiaz.com.br\/litoralsp\/2021\/03\/18\/corinthians-estreia-na-copa-do-brasil-e-passa-facil-de-fase","og_locale":"pt_BR","og_type":"article","og_title":"Corinthians estreia na Copa do Brasil e passa f\u00e1cil de fase - Litoral SP","og_description":"A Copa do Brasil come\u00e7ou e o Corinthians fez a estreia nessa quarta-feira (17) contra o Salgueiro, em Pernambuco. Mesmo","og_url":"https:\/\/redenoticiaz.com.br\/litoralsp\/2021\/03\/18\/corinthians-estreia-na-copa-do-brasil-e-passa-facil-de-fase","og_site_name":"Litoral SP","article_published_time":"2021-03-18T15:30:13+00:00","article_modified_time":"2021-03-18T15:33:37+00:00","og_image":[{"width":640,"height":360,"url":"https:\/\/redenoticiaz.com.br\/litoralsp\/wp-content\/uploads\/sites\/3\/2021\/03\/timao.jpg","type":"image\/jpeg"}],"author":"Leonardo Francisco","twitter_card":"summary_large_image","twitter_misc":{"Escrito por":"Leonardo Francisco","Est. tempo de leitura":"2 minutos"},"schema":{"@context":"https:\/\/schema.org","@graph":[{"@type":"Article","@id":"https:\/\/redenoticiaz.com.br\/litoralsp\/2021\/03\/18\/corinthians-estreia-na-copa-do-brasil-e-passa-facil-de-fase#article","isPartOf":{"@id":"https:\/\/redenoticiaz.com.br\/litoralsp\/2021\/03\/18\/corinthians-estreia-na-copa-do-brasil-e-passa-facil-de-fase"},"author":{"name":"Leonardo Francisco","@id":"https:\/\/redenoticiaz.com.br\/litoralsp\/#\/schema\/person\/0f0b8a5bdafefe82841e07ae8d81ecb3"},"headline":"Corinthians estreia na Copa do Brasil e passa f\u00e1cil de fase","datePublished":"2021-03-18T15:30:13+00:00","dateModified":"2021-03-18T15:33:37+00:00","mainEntityOfPage":{"@id":"https:\/\/redenoticiaz.com.br\/litoralsp\/2021\/03\/18\/corinthians-estreia-na-copa-do-brasil-e-passa-facil-de-fase"},"wordCount":314,"commentCount":0,"publisher":{"@id":"https:\/\/redenoticiaz.com.br\/litoralsp\/#organization"},"image":{"@id":"https:\/\/redenoticiaz.com.br\/litoralsp\/2021\/03\/18\/corinthians-estreia-na-copa-do-brasil-e-passa-facil-de-fase#primaryimage"},"thumbnailUrl":"https:\/\/redenoticiaz.com.br\/litoralsp\/wp-content\/uploads\/sites\/3\/2021\/03\/timao.jpg","keywords":["CLASSIFICA\u00c7\u00c3O","COPA DO BRASIL","Corinthians","PRIMEIRA FASE","SALGUEIRO","TIM\u00c3O","VIT\u00d3RIA"],"articleSection":["Esporte"],"inLanguage":"pt-BR","potentialAction":[{"@type":"CommentAction","name":"Comment","target":["https:\/\/redenoticiaz.com.br\/litoralsp\/2021\/03\/18\/corinthians-estreia-na-copa-do-brasil-e-passa-facil-de-fase#respond"]}]},{"@type":"WebPage","@id":"https:\/\/redenoticiaz.com.br\/litoralsp\/2021\/03\/18\/corinthians-estreia-na-copa-do-brasil-e-passa-facil-de-fase","url":"https:\/\/redenoticiaz.com.br\/litoralsp\/2021\/03\/18\/corinthians-estreia-na-copa-do-brasil-e-passa-facil-de-fase","name":"Corinthians estreia na Copa do Brasil e passa f\u00e1cil de fase - Litoral SP","isPartOf":{"@id":"https:\/\/redenoticiaz.com.br\/litoralsp\/#website"},"primaryImageOfPage":{"@id":"https:\/\/redenoticiaz.com.br\/litoralsp\/2021\/03\/18\/corinthians-estreia-na-copa-do-brasil-e-passa-facil-de-fase#primaryimage"},"image":{"@id":"https:\/\/redenoticiaz.com.br\/litoralsp\/2021\/03\/18\/corinthians-estreia-na-copa-do-brasil-e-passa-facil-de-fase#primaryimage"},"thumbnailUrl":"https:\/\/redenoticiaz.com.br\/litoralsp\/wp-content\/uploads\/sites\/3\/2021\/03\/timao.jpg","datePublished":"2021-03-18T15:30:13+00:00","dateModified":"2021-03-18T15:33:37+00:00","description":"A Copa do Brasil come\u00e7ou e o Corinthians fez a estreia nessa quarta-feira (17) contra o Salgueiro, em Pernambuco. Mesmo","inLanguage":"pt-BR","potentialAction":[{"@type":"ReadAction","target":["https:\/\/redenoticiaz.com.br\/litoralsp\/2021\/03\/18\/corinthians-estreia-na-copa-do-brasil-e-passa-facil-de-fase"]}]},{"@type":"ImageObject","inLanguage":"pt-BR","@id":"https:\/\/redenoticiaz.com.br\/litoralsp\/2021\/03\/18\/corinthians-estreia-na-copa-do-brasil-e-passa-facil-de-fase#primaryimage","url":"https:\/\/redenoticiaz.com.br\/litoralsp\/wp-content\/uploads\/sites\/3\/2021\/03\/timao.jpg","contentUrl":"https:\/\/redenoticiaz.com.br\/litoralsp\/wp-content\/uploads\/sites\/3\/2021\/03\/timao.jpg","width":640,"height":360,"caption":"Cr\u00e9ditos: Divulga\u00e7\u00e3o\/Estad\u00e3o Conte\u00fado"},{"@type":"WebSite","@id":"https:\/\/redenoticiaz.com.br\/litoralsp\/#website","url":"https:\/\/redenoticiaz.com.br\/litoralsp\/","name":"Litoral SP","description":"Rede NoticiaZ","publisher":{"@id":"https:\/\/redenoticiaz.com.br\/litoralsp\/#organization"},"potentialAction":[{"@type":"SearchAction","target":{"@type":"EntryPoint","urlTemplate":"https:\/\/redenoticiaz.com.br\/litoralsp\/?s={search_term_string}"},"query-input":{"@type":"PropertyValueSpecification","valueRequired":true,"valueName":"search_term_string"}}],"inLanguage":"pt-BR"},{"@type":"Organization","@id":"https:\/\/redenoticiaz.com.br\/litoralsp\/#organization","name":"Litoral SP","url":"https:\/\/redenoticiaz.com.br\/litoralsp\/","logo":{"@type":"ImageObject","inLanguage":"pt-BR","@id":"https:\/\/redenoticiaz.com.br\/litoralsp\/#\/schema\/logo\/image\/","url":"https:\/\/redenoticiaz.com.br\/litoralsp\/wp-content\/uploads\/sites\/3\/2020\/11\/logo.jpg","contentUrl":"https:\/\/redenoticiaz.com.br\/litoralsp\/wp-content\/uploads\/sites\/3\/2020\/11\/logo.jpg","width":400,"height":250,"caption":"Litoral SP"},"image":{"@id":"https:\/\/redenoticiaz.com.br\/litoralsp\/#\/schema\/logo\/image\/"}},{"@type":"Person","@id":"https:\/\/redenoticiaz.com.br\/litoralsp\/#\/schema\/person\/0f0b8a5bdafefe82841e07ae8d81ecb3","name":"Leonardo Francisco","image":{"@type":"ImageObject","inLanguage":"pt-BR","@id":"https:\/\/secure.gravatar.com\/avatar\/a7358cb406a99b682ec6df1e77e31ae82e63601f6784e8a3df411d72b37864da?s=96&d=mm&r=g","url":"https:\/\/secure.gravatar.com\/avatar\/a7358cb406a99b682ec6df1e77e31ae82e63601f6784e8a3df411d72b37864da?s=96&d=mm&r=g","contentUrl":"https:\/\/secure.gravatar.com\/avatar\/a7358cb406a99b682ec6df1e77e31ae82e63601f6784e8a3df411d72b37864da?s=96&d=mm&r=g","caption":"Leonardo Francisco"},"url":"https:\/\/redenoticiaz.com.br\/litoralsp\/author\/leonardo-francisco"}]}},"_links":{"self":[{"href":"https:\/\/redenoticiaz.com.br\/litoralsp\/wp-json\/wp\/v2\/posts\/5842","targetHints":{"allow":["GET"]}}],"collection":[{"href":"https:\/\/redenoticiaz.com.br\/litoralsp\/wp-json\/wp\/v2\/posts"}],"about":[{"href":"https:\/\/redenoticiaz.com.br\/litoralsp\/wp-json\/wp\/v2\/types\/post"}],"author":[{"embeddable":true,"href":"https:\/\/redenoticiaz.com.br\/litoralsp\/wp-json\/wp\/v2\/users\/6"}],"replies":[{"embeddable":true,"href":"https:\/\/redenoticiaz.com.br\/litoralsp\/wp-json\/wp\/v2\/comments?post=5842"}],"version-history":[{"count":1,"href":"https:\/\/redenoticiaz.com.br\/litoralsp\/wp-json\/wp\/v2\/posts\/5842\/revisions"}],"predecessor-version":[{"id":5844,"href":"https:\/\/redenoticiaz.com.br\/litoralsp\/wp-json\/wp\/v2\/posts\/5842\/revisions\/5844"}],"wp:featuredmedia":[{"embeddable":true,"href":"https:\/\/redenoticiaz.com.br\/litoralsp\/wp-json\/wp\/v2\/media\/5843"}],"wp:attachment":[{"href":"https:\/\/redenoticiaz.com.br\/litoralsp\/wp-json\/wp\/v2\/media?parent=5842"}],"wp:term":[{"taxonomy":"category","embeddable":true,"href":"https:\/\/redenoticiaz.com.br\/litoralsp\/wp-json\/wp\/v2\/categories?post=5842"},{"taxonomy":"post_tag","embeddable":true,"href":"https:\/\/redenoticiaz.com.br\/litoralsp\/wp-json\/wp\/v2\/tags?post=5842"}],"curies":[{"name":"wp","href":"https:\/\/api.w.org\/{rel}","templated":true}]}}