{"id":5903,"date":"2021-03-19T16:25:46","date_gmt":"2021-03-19T19:25:46","guid":{"rendered":"https:\/\/redenoticiaz.com.br\/litoralsp\/?p=5903"},"modified":"2021-03-19T16:26:27","modified_gmt":"2021-03-19T19:26:27","slug":"sistema-anchieta-imigrantes-nao-tera-operacao-descida","status":"publish","type":"post","link":"https:\/\/redenoticiaz.com.br\/litoralsp\/2021\/03\/19\/sistema-anchieta-imigrantes-nao-tera-operacao-descida","title":{"rendered":"Sistema Anchieta-Imigrantes n\u00e3o ter\u00e1 Opera\u00e7\u00e3o Descida"},"content":{"rendered":"<p>A partir desta sexta-feira (19) n\u00e3o ser\u00e1 mais feita a <strong>Opera\u00e7\u00e3o Descida<\/strong> no <a href=\"https:\/\/www.ecovias.com.br\/\">Sistema Anchieta-Imigrantes<\/a>, com o objetivo de desestimular as pessoas que moram na Grande S\u00e3o Paulo e Interior a virem \u00e0 Baixada Santista. Ela geralmente \u00e9 feita aos finais de semana.<\/p>\n<p>Os nove prefeitos da Baixada fizeram este pedido, que foi capitaneado pelo prefeito de <strong>Santos<\/strong>, Rog\u00e9rio Santos (PSDB). &#8220;Com a suspens\u00e3o da opera\u00e7\u00e3o descida nossa inten\u00e7\u00e3o, claramente, \u00e9 desestimular qualquer viagem que n\u00e3o seja necess\u00e1ria&#8221;, disse o secret\u00e1rio de Transportes Jo\u00e3o Octaviano. &#8220;Feriado n\u00e3o \u00e9 para o turismo&#8221;, completou Marco Vinholi, secret\u00e1rio de Desenvolvimento.<\/p>\n<p>Sem a Opera\u00e7\u00e3o Descida o Sistema Anchieta-Imigrantes ser\u00e1 mantida opera\u00e7\u00e3o normal no sistema, conhecida como 5&#215;5, quando tr\u00eas faixas das pistas Sul da Rodovia dos Imigrantes e duas pela Via Anchieta descem rumo \u00e0 Baixada Santista; e tr\u00eas faixas das pistas Norte da Rodovias dos Imigrantes e duas da Via Anchieta sobem a serra em dire\u00e7\u00e3o \u00e0 capital e ao interior do estado. Com isso, a opera\u00e7\u00e3o subida tamb\u00e9m foi suspensa.<\/p>\n<div class=\"mc-column content-text active-extra-styles \" data-block-type=\"unstyled\" data-block-weight=\"38\" data-block-id=\"6\">\n<p class=\"content-text__container \" data-track-category=\"Link no Texto\" data-track-links=\"\">A regulamenta\u00e7\u00e3o do funcionamento do sistema neste per\u00edodo est\u00e1 publicada na edi\u00e7\u00e3o desta sexta-feira do Di\u00e1rio Oficial do estado. \u00c9 a primeira vez em 23 anos de concess\u00e3o do Sistema Anchieta-Imigrante que a opera\u00e7\u00e3o descida \u00e9 suspensa.<\/p>\n<\/div>\n<div class=\"content-ads content-ads--reveal\" data-block-type=\"ads\" data-block-id=\"7\"><\/div>\n<div class=\"mc-column content-text active-extra-styles \" data-block-type=\"unstyled\" data-block-weight=\"83\" data-block-id=\"8\">\n<p class=\"content-text__container \" data-track-category=\"Link no Texto\" data-track-links=\"\">&#8220;Esse pedido de suspens\u00e3o da Opera\u00e7\u00e3o Descida \u00e9 um apelo. Primeiro porque os dados, h\u00e1 quatorze dias, a Baixada Santista apresentava o melhor indicador de ocupa\u00e7\u00e3o de UTI do estado, com apenas 44%. Hoje estamos com 80%. Os hospitais particulares est\u00e3o pedindo vaga para o SUS. Segundo motivo deste pedido: o decreto do munic\u00edpio de SP. Isso impacta diretamente os munic\u00edpios da Baixada Santista, visto o turismo que tem a caracter\u00edstica de uma segunda resid\u00eancia&#8221;, disse o prefeito de Santos, Rog\u00e9rio Santos.<\/p>\n<h3 data-track-category=\"Link no Texto\">Cr\u00edticas<\/h3>\n<p>Uma das motiva\u00e7\u00f5es para o pedido da n\u00e3o realiza\u00e7\u00e3o da Opera\u00e7\u00e3o Descida \u00e9 por causa do prefeito de s\u00e3o Paulo, Bruno Covas (PSDB). Ele anunciou que a Capital Paulista teria o adiantamento de cinco feriados, o que iria induzir os paulistanos a virem para o Litoral Paulista.<\/p>\n<p>O governador do Estado, Jo\u00e3o Doria (PSDB) criticou a atitude do chefe do Executivo da Capital. Ele afirmou que a medida gerou mal-estar com prefeitos de cidades do litoral paulista e classificou como falta de bom senso da gest\u00e3o municipal.<\/p>\n<div class=\"mc-column content-text active-extra-styles \" data-block-type=\"unstyled\" data-block-weight=\"75\" data-block-id=\"11\">\n<p class=\"content-text__container \" data-track-category=\"Link no Texto\" data-track-links=\"\">\u201cAs prefeituras t\u00eam autonomia para suas decis\u00f5es, e n\u00f3s reconhecemos isso. Mas h\u00e1 certas decis\u00f5es que o bom senso recomenda que sejam compartilhadas previamente com o governo dado ao fato de que a decis\u00e3o de uma cidade muitas vezes implica em impacto nas cidades vizinhas. Faltou a\u00ed um pouco de bom senso da Prefeitura de S\u00e3o Paulo em fazer esse compartilhamento pr\u00e9vio para evitar exatamente o mal-estar que acabou provocando&#8221;, disse o governador.<\/p>\n<div class=\"mc-column content-text active-extra-styles \" data-block-type=\"unstyled\" data-block-weight=\"30\" data-block-id=\"13\">\n<p class=\"content-text__container \" data-track-category=\"Link no Texto\" data-track-links=\"\">Questionada, a assessoria de Bruno Covas (PSDB) disse que o prefeito est\u00e1 no Hospital S\u00edrio-Liban\u00eas para mais uma sess\u00e3o de quimioterapia, e fez a seguinte declara\u00e7\u00e3o sobre os coment\u00e1rios:<\/p>\n<\/div>\n<div class=\"mc-column content-text active-extra-styles \" data-block-type=\"unstyled\" data-block-weight=\"52\" data-block-id=\"14\">\n<p class=\"content-text__container \" data-track-category=\"Link no Texto\" data-track-links=\"\">\u201cO senso que falta \u00e9 o senso de urg\u00eancia. Aqui na Prefeitura tem menos fala\u00e7\u00e3o, foco no trabalho e colabora\u00e7\u00e3o. Fa\u00e7o o m\u00e1ximo que posso para defender o povo da minha cidade. Sempre aberto a colaborar com outras cidades e com o governo do Estado. Mas cada um precisa assumir suas responsabilidades.\u201d<\/p>\n<p data-track-category=\"Link no Texto\" data-track-links=\"\"><strong>Leia tamb\u00e9m<\/strong><\/p>\n<p data-track-category=\"Link no Texto\" data-track-links=\"\"><a href=\"https:\/\/redenoticiaz.com.br\/litoralsp\/2021\/03\/12\/operacao-descida-nao-sera-realizada-na-anchieta-imigrantes\">Opera\u00e7\u00e3o Descida n\u00e3o ser\u00e1 realizada na Anchieta-Imigrantes<\/a><\/p>\n<\/div>\n<\/div>\n<\/div>\n","protected":false},"excerpt":{"rendered":"<p>A partir desta sexta-feira (19) n\u00e3o ser\u00e1 mais feita a Opera\u00e7\u00e3o Descida no Sistema Anchieta-Imigrantes, com o objetivo de desestimular as pessoas que moram na Grande S\u00e3o Paulo e Interior a virem \u00e0 Baixada Santista. Ela geralmente \u00e9 feita aos finais de semana. Os nove prefeitos da Baixada fizeram este pedido, que foi capitaneado pelo &hellip;<\/p>\n","protected":false},"author":6,"featured_media":5904,"comment_status":"open","ping_status":"closed","sticky":false,"template":"","format":"standard","meta":{"footnotes":""},"categories":[180,5],"tags":[1148,1152,6630,3470,986,2629],"class_list":["post-5903","post","type-post","status-publish","format-standard","has-post-thumbnail","hentry","category-santos","category-transito","tag-baixada-santista","tag-governo-de-sao-paulo","tag-operacao-descida","tag-proibicao","tag-santos","tag-sistema-anchieta-imigrantes"],"yoast_head":"<!-- This site is optimized with the Yoast SEO plugin v27.4 - https:\/\/yoast.com\/product\/yoast-seo-wordpress\/ -->\n<title>Sistema Anchieta-Imigrantes n\u00e3o ter\u00e1 Opera\u00e7\u00e3o Descida - Litoral SP<\/title>\n<meta name=\"robots\" content=\"index, follow, max-snippet:-1, max-image-preview:large, max-video-preview:-1\" \/>\n<link rel=\"canonical\" href=\"https:\/\/redenoticiaz.com.br\/litoralsp\/2021\/03\/19\/sistema-anchieta-imigrantes-nao-tera-operacao-descida\" \/>\n<meta property=\"og:locale\" content=\"pt_BR\" \/>\n<meta property=\"og:type\" content=\"article\" \/>\n<meta property=\"og:title\" content=\"Sistema Anchieta-Imigrantes n\u00e3o ter\u00e1 Opera\u00e7\u00e3o Descida - Litoral SP\" \/>\n<meta property=\"og:description\" content=\"A partir desta sexta-feira (19) n\u00e3o ser\u00e1 mais feita a Opera\u00e7\u00e3o Descida no Sistema Anchieta-Imigrantes, com o objetivo de desestimular as pessoas que moram na Grande S\u00e3o Paulo e Interior a virem \u00e0 Baixada Santista. Ela geralmente \u00e9 feita aos finais de semana. Os nove prefeitos da Baixada fizeram este pedido, que foi capitaneado pelo &hellip;\" \/>\n<meta property=\"og:url\" content=\"https:\/\/redenoticiaz.com.br\/litoralsp\/2021\/03\/19\/sistema-anchieta-imigrantes-nao-tera-operacao-descida\" \/>\n<meta property=\"og:site_name\" content=\"Litoral SP\" \/>\n<meta property=\"article:published_time\" content=\"2021-03-19T19:25:46+00:00\" \/>\n<meta property=\"article:modified_time\" content=\"2021-03-19T19:26:27+00:00\" \/>\n<meta property=\"og:image\" content=\"https:\/\/redenoticiaz.com.br\/litoralsp\/wp-content\/uploads\/sites\/3\/2021\/03\/estradas.jpg\" \/>\n\t<meta property=\"og:image:width\" content=\"984\" \/>\n\t<meta property=\"og:image:height\" content=\"517\" \/>\n\t<meta property=\"og:image:type\" content=\"image\/jpeg\" \/>\n<meta name=\"author\" content=\"Leonardo Francisco\" \/>\n<meta name=\"twitter:card\" content=\"summary_large_image\" \/>\n<meta name=\"twitter:label1\" content=\"Escrito por\" \/>\n\t<meta name=\"twitter:data1\" content=\"Leonardo Francisco\" \/>\n\t<meta name=\"twitter:label2\" content=\"Est. tempo de leitura\" \/>\n\t<meta name=\"twitter:data2\" content=\"3 minutos\" \/>\n<script type=\"application\/ld+json\" class=\"yoast-schema-graph\">{\"@context\":\"https:\\\/\\\/schema.org\",\"@graph\":[{\"@type\":\"Article\",\"@id\":\"https:\\\/\\\/redenoticiaz.com.br\\\/litoralsp\\\/2021\\\/03\\\/19\\\/sistema-anchieta-imigrantes-nao-tera-operacao-descida#article\",\"isPartOf\":{\"@id\":\"https:\\\/\\\/redenoticiaz.com.br\\\/litoralsp\\\/2021\\\/03\\\/19\\\/sistema-anchieta-imigrantes-nao-tera-operacao-descida\"},\"author\":{\"name\":\"Leonardo Francisco\",\"@id\":\"https:\\\/\\\/redenoticiaz.com.br\\\/litoralsp\\\/#\\\/schema\\\/person\\\/0f0b8a5bdafefe82841e07ae8d81ecb3\"},\"headline\":\"Sistema Anchieta-Imigrantes n\u00e3o ter\u00e1 Opera\u00e7\u00e3o Descida\",\"datePublished\":\"2021-03-19T19:25:46+00:00\",\"dateModified\":\"2021-03-19T19:26:27+00:00\",\"mainEntityOfPage\":{\"@id\":\"https:\\\/\\\/redenoticiaz.com.br\\\/litoralsp\\\/2021\\\/03\\\/19\\\/sistema-anchieta-imigrantes-nao-tera-operacao-descida\"},\"wordCount\":594,\"commentCount\":0,\"publisher\":{\"@id\":\"https:\\\/\\\/redenoticiaz.com.br\\\/litoralsp\\\/#organization\"},\"image\":{\"@id\":\"https:\\\/\\\/redenoticiaz.com.br\\\/litoralsp\\\/2021\\\/03\\\/19\\\/sistema-anchieta-imigrantes-nao-tera-operacao-descida#primaryimage\"},\"thumbnailUrl\":\"https:\\\/\\\/redenoticiaz.com.br\\\/litoralsp\\\/wp-content\\\/uploads\\\/sites\\\/3\\\/2021\\\/03\\\/estradas.jpg\",\"keywords\":[\"BAIXADA SANTISTA\",\"Governo de S\u00e3o Paulo\",\"OPERA\u00c7\u00c3O DESCIDA\",\"PROIBI\u00c7\u00c3O\",\"Santos\",\"SISTEMA ANCHIETA-IMIGRANTES\"],\"articleSection\":[\"Santos\",\"Tr\u00e2nsito\"],\"inLanguage\":\"pt-BR\",\"potentialAction\":[{\"@type\":\"CommentAction\",\"name\":\"Comment\",\"target\":[\"https:\\\/\\\/redenoticiaz.com.br\\\/litoralsp\\\/2021\\\/03\\\/19\\\/sistema-anchieta-imigrantes-nao-tera-operacao-descida#respond\"]}]},{\"@type\":\"WebPage\",\"@id\":\"https:\\\/\\\/redenoticiaz.com.br\\\/litoralsp\\\/2021\\\/03\\\/19\\\/sistema-anchieta-imigrantes-nao-tera-operacao-descida\",\"url\":\"https:\\\/\\\/redenoticiaz.com.br\\\/litoralsp\\\/2021\\\/03\\\/19\\\/sistema-anchieta-imigrantes-nao-tera-operacao-descida\",\"name\":\"Sistema Anchieta-Imigrantes n\u00e3o ter\u00e1 Opera\u00e7\u00e3o Descida - Litoral SP\",\"isPartOf\":{\"@id\":\"https:\\\/\\\/redenoticiaz.com.br\\\/litoralsp\\\/#website\"},\"primaryImageOfPage\":{\"@id\":\"https:\\\/\\\/redenoticiaz.com.br\\\/litoralsp\\\/2021\\\/03\\\/19\\\/sistema-anchieta-imigrantes-nao-tera-operacao-descida#primaryimage\"},\"image\":{\"@id\":\"https:\\\/\\\/redenoticiaz.com.br\\\/litoralsp\\\/2021\\\/03\\\/19\\\/sistema-anchieta-imigrantes-nao-tera-operacao-descida#primaryimage\"},\"thumbnailUrl\":\"https:\\\/\\\/redenoticiaz.com.br\\\/litoralsp\\\/wp-content\\\/uploads\\\/sites\\\/3\\\/2021\\\/03\\\/estradas.jpg\",\"datePublished\":\"2021-03-19T19:25:46+00:00\",\"dateModified\":\"2021-03-19T19:26:27+00:00\",\"inLanguage\":\"pt-BR\",\"potentialAction\":[{\"@type\":\"ReadAction\",\"target\":[\"https:\\\/\\\/redenoticiaz.com.br\\\/litoralsp\\\/2021\\\/03\\\/19\\\/sistema-anchieta-imigrantes-nao-tera-operacao-descida\"]}]},{\"@type\":\"ImageObject\",\"inLanguage\":\"pt-BR\",\"@id\":\"https:\\\/\\\/redenoticiaz.com.br\\\/litoralsp\\\/2021\\\/03\\\/19\\\/sistema-anchieta-imigrantes-nao-tera-operacao-descida#primaryimage\",\"url\":\"https:\\\/\\\/redenoticiaz.com.br\\\/litoralsp\\\/wp-content\\\/uploads\\\/sites\\\/3\\\/2021\\\/03\\\/estradas.jpg\",\"contentUrl\":\"https:\\\/\\\/redenoticiaz.com.br\\\/litoralsp\\\/wp-content\\\/uploads\\\/sites\\\/3\\\/2021\\\/03\\\/estradas.jpg\",\"width\":984,\"height\":517,\"caption\":\"Sistema Anchieta-Imigrantes n\u00e3o ter\u00e1 Opera\u00e7\u00e3o Descida\"},{\"@type\":\"WebSite\",\"@id\":\"https:\\\/\\\/redenoticiaz.com.br\\\/litoralsp\\\/#website\",\"url\":\"https:\\\/\\\/redenoticiaz.com.br\\\/litoralsp\\\/\",\"name\":\"Litoral SP\",\"description\":\"Rede NoticiaZ\",\"publisher\":{\"@id\":\"https:\\\/\\\/redenoticiaz.com.br\\\/litoralsp\\\/#organization\"},\"potentialAction\":[{\"@type\":\"SearchAction\",\"target\":{\"@type\":\"EntryPoint\",\"urlTemplate\":\"https:\\\/\\\/redenoticiaz.com.br\\\/litoralsp\\\/?s={search_term_string}\"},\"query-input\":{\"@type\":\"PropertyValueSpecification\",\"valueRequired\":true,\"valueName\":\"search_term_string\"}}],\"inLanguage\":\"pt-BR\"},{\"@type\":\"Organization\",\"@id\":\"https:\\\/\\\/redenoticiaz.com.br\\\/litoralsp\\\/#organization\",\"name\":\"Litoral SP\",\"url\":\"https:\\\/\\\/redenoticiaz.com.br\\\/litoralsp\\\/\",\"logo\":{\"@type\":\"ImageObject\",\"inLanguage\":\"pt-BR\",\"@id\":\"https:\\\/\\\/redenoticiaz.com.br\\\/litoralsp\\\/#\\\/schema\\\/logo\\\/image\\\/\",\"url\":\"https:\\\/\\\/redenoticiaz.com.br\\\/litoralsp\\\/wp-content\\\/uploads\\\/sites\\\/3\\\/2020\\\/11\\\/logo.jpg\",\"contentUrl\":\"https:\\\/\\\/redenoticiaz.com.br\\\/litoralsp\\\/wp-content\\\/uploads\\\/sites\\\/3\\\/2020\\\/11\\\/logo.jpg\",\"width\":400,\"height\":250,\"caption\":\"Litoral SP\"},\"image\":{\"@id\":\"https:\\\/\\\/redenoticiaz.com.br\\\/litoralsp\\\/#\\\/schema\\\/logo\\\/image\\\/\"}},{\"@type\":\"Person\",\"@id\":\"https:\\\/\\\/redenoticiaz.com.br\\\/litoralsp\\\/#\\\/schema\\\/person\\\/0f0b8a5bdafefe82841e07ae8d81ecb3\",\"name\":\"Leonardo Francisco\",\"image\":{\"@type\":\"ImageObject\",\"inLanguage\":\"pt-BR\",\"@id\":\"https:\\\/\\\/secure.gravatar.com\\\/avatar\\\/a7358cb406a99b682ec6df1e77e31ae82e63601f6784e8a3df411d72b37864da?s=96&d=mm&r=g\",\"url\":\"https:\\\/\\\/secure.gravatar.com\\\/avatar\\\/a7358cb406a99b682ec6df1e77e31ae82e63601f6784e8a3df411d72b37864da?s=96&d=mm&r=g\",\"contentUrl\":\"https:\\\/\\\/secure.gravatar.com\\\/avatar\\\/a7358cb406a99b682ec6df1e77e31ae82e63601f6784e8a3df411d72b37864da?s=96&d=mm&r=g\",\"caption\":\"Leonardo Francisco\"},\"url\":\"https:\\\/\\\/redenoticiaz.com.br\\\/litoralsp\\\/author\\\/leonardo-francisco\"}]}<\/script>\n<!-- \/ Yoast SEO plugin. -->","yoast_head_json":{"title":"Sistema Anchieta-Imigrantes n\u00e3o ter\u00e1 Opera\u00e7\u00e3o Descida - Litoral SP","robots":{"index":"index","follow":"follow","max-snippet":"max-snippet:-1","max-image-preview":"max-image-preview:large","max-video-preview":"max-video-preview:-1"},"canonical":"https:\/\/redenoticiaz.com.br\/litoralsp\/2021\/03\/19\/sistema-anchieta-imigrantes-nao-tera-operacao-descida","og_locale":"pt_BR","og_type":"article","og_title":"Sistema Anchieta-Imigrantes n\u00e3o ter\u00e1 Opera\u00e7\u00e3o Descida - Litoral SP","og_description":"A partir desta sexta-feira (19) n\u00e3o ser\u00e1 mais feita a Opera\u00e7\u00e3o Descida no Sistema Anchieta-Imigrantes, com o objetivo de desestimular as pessoas que moram na Grande S\u00e3o Paulo e Interior a virem \u00e0 Baixada Santista. Ela geralmente \u00e9 feita aos finais de semana. Os nove prefeitos da Baixada fizeram este pedido, que foi capitaneado pelo &hellip;","og_url":"https:\/\/redenoticiaz.com.br\/litoralsp\/2021\/03\/19\/sistema-anchieta-imigrantes-nao-tera-operacao-descida","og_site_name":"Litoral SP","article_published_time":"2021-03-19T19:25:46+00:00","article_modified_time":"2021-03-19T19:26:27+00:00","og_image":[{"width":984,"height":517,"url":"https:\/\/redenoticiaz.com.br\/litoralsp\/wp-content\/uploads\/sites\/3\/2021\/03\/estradas.jpg","type":"image\/jpeg"}],"author":"Leonardo Francisco","twitter_card":"summary_large_image","twitter_misc":{"Escrito por":"Leonardo Francisco","Est. tempo de leitura":"3 minutos"},"schema":{"@context":"https:\/\/schema.org","@graph":[{"@type":"Article","@id":"https:\/\/redenoticiaz.com.br\/litoralsp\/2021\/03\/19\/sistema-anchieta-imigrantes-nao-tera-operacao-descida#article","isPartOf":{"@id":"https:\/\/redenoticiaz.com.br\/litoralsp\/2021\/03\/19\/sistema-anchieta-imigrantes-nao-tera-operacao-descida"},"author":{"name":"Leonardo Francisco","@id":"https:\/\/redenoticiaz.com.br\/litoralsp\/#\/schema\/person\/0f0b8a5bdafefe82841e07ae8d81ecb3"},"headline":"Sistema Anchieta-Imigrantes n\u00e3o ter\u00e1 Opera\u00e7\u00e3o Descida","datePublished":"2021-03-19T19:25:46+00:00","dateModified":"2021-03-19T19:26:27+00:00","mainEntityOfPage":{"@id":"https:\/\/redenoticiaz.com.br\/litoralsp\/2021\/03\/19\/sistema-anchieta-imigrantes-nao-tera-operacao-descida"},"wordCount":594,"commentCount":0,"publisher":{"@id":"https:\/\/redenoticiaz.com.br\/litoralsp\/#organization"},"image":{"@id":"https:\/\/redenoticiaz.com.br\/litoralsp\/2021\/03\/19\/sistema-anchieta-imigrantes-nao-tera-operacao-descida#primaryimage"},"thumbnailUrl":"https:\/\/redenoticiaz.com.br\/litoralsp\/wp-content\/uploads\/sites\/3\/2021\/03\/estradas.jpg","keywords":["BAIXADA SANTISTA","Governo de S\u00e3o Paulo","OPERA\u00c7\u00c3O DESCIDA","PROIBI\u00c7\u00c3O","Santos","SISTEMA ANCHIETA-IMIGRANTES"],"articleSection":["Santos","Tr\u00e2nsito"],"inLanguage":"pt-BR","potentialAction":[{"@type":"CommentAction","name":"Comment","target":["https:\/\/redenoticiaz.com.br\/litoralsp\/2021\/03\/19\/sistema-anchieta-imigrantes-nao-tera-operacao-descida#respond"]}]},{"@type":"WebPage","@id":"https:\/\/redenoticiaz.com.br\/litoralsp\/2021\/03\/19\/sistema-anchieta-imigrantes-nao-tera-operacao-descida","url":"https:\/\/redenoticiaz.com.br\/litoralsp\/2021\/03\/19\/sistema-anchieta-imigrantes-nao-tera-operacao-descida","name":"Sistema Anchieta-Imigrantes n\u00e3o ter\u00e1 Opera\u00e7\u00e3o Descida - Litoral SP","isPartOf":{"@id":"https:\/\/redenoticiaz.com.br\/litoralsp\/#website"},"primaryImageOfPage":{"@id":"https:\/\/redenoticiaz.com.br\/litoralsp\/2021\/03\/19\/sistema-anchieta-imigrantes-nao-tera-operacao-descida#primaryimage"},"image":{"@id":"https:\/\/redenoticiaz.com.br\/litoralsp\/2021\/03\/19\/sistema-anchieta-imigrantes-nao-tera-operacao-descida#primaryimage"},"thumbnailUrl":"https:\/\/redenoticiaz.com.br\/litoralsp\/wp-content\/uploads\/sites\/3\/2021\/03\/estradas.jpg","datePublished":"2021-03-19T19:25:46+00:00","dateModified":"2021-03-19T19:26:27+00:00","inLanguage":"pt-BR","potentialAction":[{"@type":"ReadAction","target":["https:\/\/redenoticiaz.com.br\/litoralsp\/2021\/03\/19\/sistema-anchieta-imigrantes-nao-tera-operacao-descida"]}]},{"@type":"ImageObject","inLanguage":"pt-BR","@id":"https:\/\/redenoticiaz.com.br\/litoralsp\/2021\/03\/19\/sistema-anchieta-imigrantes-nao-tera-operacao-descida#primaryimage","url":"https:\/\/redenoticiaz.com.br\/litoralsp\/wp-content\/uploads\/sites\/3\/2021\/03\/estradas.jpg","contentUrl":"https:\/\/redenoticiaz.com.br\/litoralsp\/wp-content\/uploads\/sites\/3\/2021\/03\/estradas.jpg","width":984,"height":517,"caption":"Sistema Anchieta-Imigrantes n\u00e3o ter\u00e1 Opera\u00e7\u00e3o Descida"},{"@type":"WebSite","@id":"https:\/\/redenoticiaz.com.br\/litoralsp\/#website","url":"https:\/\/redenoticiaz.com.br\/litoralsp\/","name":"Litoral SP","description":"Rede NoticiaZ","publisher":{"@id":"https:\/\/redenoticiaz.com.br\/litoralsp\/#organization"},"potentialAction":[{"@type":"SearchAction","target":{"@type":"EntryPoint","urlTemplate":"https:\/\/redenoticiaz.com.br\/litoralsp\/?s={search_term_string}"},"query-input":{"@type":"PropertyValueSpecification","valueRequired":true,"valueName":"search_term_string"}}],"inLanguage":"pt-BR"},{"@type":"Organization","@id":"https:\/\/redenoticiaz.com.br\/litoralsp\/#organization","name":"Litoral SP","url":"https:\/\/redenoticiaz.com.br\/litoralsp\/","logo":{"@type":"ImageObject","inLanguage":"pt-BR","@id":"https:\/\/redenoticiaz.com.br\/litoralsp\/#\/schema\/logo\/image\/","url":"https:\/\/redenoticiaz.com.br\/litoralsp\/wp-content\/uploads\/sites\/3\/2020\/11\/logo.jpg","contentUrl":"https:\/\/redenoticiaz.com.br\/litoralsp\/wp-content\/uploads\/sites\/3\/2020\/11\/logo.jpg","width":400,"height":250,"caption":"Litoral SP"},"image":{"@id":"https:\/\/redenoticiaz.com.br\/litoralsp\/#\/schema\/logo\/image\/"}},{"@type":"Person","@id":"https:\/\/redenoticiaz.com.br\/litoralsp\/#\/schema\/person\/0f0b8a5bdafefe82841e07ae8d81ecb3","name":"Leonardo Francisco","image":{"@type":"ImageObject","inLanguage":"pt-BR","@id":"https:\/\/secure.gravatar.com\/avatar\/a7358cb406a99b682ec6df1e77e31ae82e63601f6784e8a3df411d72b37864da?s=96&d=mm&r=g","url":"https:\/\/secure.gravatar.com\/avatar\/a7358cb406a99b682ec6df1e77e31ae82e63601f6784e8a3df411d72b37864da?s=96&d=mm&r=g","contentUrl":"https:\/\/secure.gravatar.com\/avatar\/a7358cb406a99b682ec6df1e77e31ae82e63601f6784e8a3df411d72b37864da?s=96&d=mm&r=g","caption":"Leonardo Francisco"},"url":"https:\/\/redenoticiaz.com.br\/litoralsp\/author\/leonardo-francisco"}]}},"_links":{"self":[{"href":"https:\/\/redenoticiaz.com.br\/litoralsp\/wp-json\/wp\/v2\/posts\/5903","targetHints":{"allow":["GET"]}}],"collection":[{"href":"https:\/\/redenoticiaz.com.br\/litoralsp\/wp-json\/wp\/v2\/posts"}],"about":[{"href":"https:\/\/redenoticiaz.com.br\/litoralsp\/wp-json\/wp\/v2\/types\/post"}],"author":[{"embeddable":true,"href":"https:\/\/redenoticiaz.com.br\/litoralsp\/wp-json\/wp\/v2\/users\/6"}],"replies":[{"embeddable":true,"href":"https:\/\/redenoticiaz.com.br\/litoralsp\/wp-json\/wp\/v2\/comments?post=5903"}],"version-history":[{"count":1,"href":"https:\/\/redenoticiaz.com.br\/litoralsp\/wp-json\/wp\/v2\/posts\/5903\/revisions"}],"predecessor-version":[{"id":5905,"href":"https:\/\/redenoticiaz.com.br\/litoralsp\/wp-json\/wp\/v2\/posts\/5903\/revisions\/5905"}],"wp:featuredmedia":[{"embeddable":true,"href":"https:\/\/redenoticiaz.com.br\/litoralsp\/wp-json\/wp\/v2\/media\/5904"}],"wp:attachment":[{"href":"https:\/\/redenoticiaz.com.br\/litoralsp\/wp-json\/wp\/v2\/media?parent=5903"}],"wp:term":[{"taxonomy":"category","embeddable":true,"href":"https:\/\/redenoticiaz.com.br\/litoralsp\/wp-json\/wp\/v2\/categories?post=5903"},{"taxonomy":"post_tag","embeddable":true,"href":"https:\/\/redenoticiaz.com.br\/litoralsp\/wp-json\/wp\/v2\/tags?post=5903"}],"curies":[{"name":"wp","href":"https:\/\/api.w.org\/{rel}","templated":true}]}}