{"id":5912,"date":"2021-03-19T18:50:12","date_gmt":"2021-03-19T21:50:12","guid":{"rendered":"https:\/\/redenoticiaz.com.br\/litoralsp\/?p=5912"},"modified":"2021-03-19T18:50:47","modified_gmt":"2021-03-19T21:50:47","slug":"sao-vicente-contrata-medicos-para-o-combate-ao-coronavirus","status":"publish","type":"post","link":"https:\/\/redenoticiaz.com.br\/litoralsp\/2021\/03\/19\/sao-vicente-contrata-medicos-para-o-combate-ao-coronavirus","title":{"rendered":"S\u00e3o Vicente contrata m\u00e9dicos para o combate ao coronav\u00edrus"},"content":{"rendered":"<p><a href=\"https:\/\/www.saovicente.sp.gov.br\/publico\/\">S\u00e3o Vicente<\/a> far\u00e1 uma <strong>contrata\u00e7\u00e3o<\/strong> emergencial de <strong>m\u00e9dicos<\/strong> para ajudarem no combate ao coronav\u00edrus. Um processo seletivo foi aberto e a contrata\u00e7\u00e3o \u00e9 tempor\u00e1ria nas \u00e1reas de cl\u00ednica geral e intensivista e para a manuten\u00e7\u00e3o de cadastros reserva, caso seja necess\u00e1rio ampliar o quadro de profissionais.<\/p>\n<p>As inscri\u00e7\u00f5es come\u00e7aram nesta sexta-feira (19 e devem ser feitas apenas pela internet. O prazo vai at\u00e9 a pr\u00f3xima ter\u00e7a-feira (23), \u00e0s 22h. Os candidatos devem preencher um formul\u00e1rio eletr\u00f4nico de inscri\u00e7\u00e3o, com as informa\u00e7\u00f5es pessoais, forma\u00e7\u00e3o acad\u00eamica, experi\u00eancia profissional e demais t\u00edtulos a serem pontuados.<\/p>\n<p>As contrata\u00e7\u00f5es acontecer\u00e3o por per\u00edodo determinado, em atendimento \u00e0 necessidade excepcional de interesse p\u00fablico na complementa\u00e7\u00e3o da for\u00e7a de trabalho no combate \u00e0 pandemia do novo coronav\u00edrus. Os sal\u00e1rios dos profissionais ser\u00e3o de R$ 5.760 mil, al\u00e9m de adicionais e gratifica\u00e7\u00f5es, para jornada de 24 horas semanais.<\/p>\n<h3>Como ser\u00e3o as avalia\u00e7\u00f5es?<\/h3>\n<div class=\"mc-column content-text active-extra-styles \" data-block-type=\"unstyled\" data-block-weight=\"52\" data-block-id=\"5\">\n<p class=\"content-text__container \" data-track-category=\"Link no Texto\" data-track-links=\"\">Como crit\u00e9rios de avalia\u00e7\u00e3o, ser\u00e3o considerados: tempo de atua\u00e7\u00e3o profissional, t\u00edtulos acad\u00eamicos, experi\u00eancia docente universit\u00e1ria, publica\u00e7\u00f5es de livros ou artigos em revistas especializadas, aprova\u00e7\u00e3o anterior em concurso p\u00fablico ou processo seletivo, experi\u00eancia ou reconhecimento universit\u00e1rio e exerc\u00edcio das fun\u00e7\u00f5es de jurado do tribunal do j\u00fari ou de mes\u00e1rio da justi\u00e7a eleitoral.<\/p>\n<\/div>\n<div class=\"mc-column content-text active-extra-styles \" data-block-type=\"unstyled\" data-block-weight=\"64\" data-block-id=\"6\">\n<p class=\"content-text__container \" data-track-category=\"Link no Texto\" data-track-links=\"\">A classifica\u00e7\u00e3o final ser\u00e1 determinada pela soma dos pontos desses t\u00edtulos, em uma escala de 0 a 65, de acordo com as tabelas definidas no edital. Em casos de empate, a prefeitura explicou que prevalecer\u00e1 a maior pontua\u00e7\u00e3o nos t\u00edtulos de Forma\u00e7\u00e3o Acad\u00eamica, de Experi\u00eancia Profissional e maior idade. O resultado do processo ser\u00e1 divulgado no dia 30 de mar\u00e7o, no site<a href=\"http:\/\/www.saovicente.gov.br\/\" target=\"_blank\" rel=\"noopener noreferrer\">\u00a0<\/a>da Prefeitura.<\/p>\n<\/div>\n<div class=\"content-ads content-ads--reveal\" data-block-type=\"ads\" data-block-id=\"7\"><\/div>\n<div class=\"mc-column content-text active-extra-styles \" data-block-type=\"unstyled\" data-block-weight=\"32\" data-block-id=\"8\">\n<p class=\"content-text__container \" data-track-category=\"Link no Texto\" data-track-links=\"\">No ato da convoca\u00e7\u00e3o, o candidato dever\u00e1 se apresentar no local, data e hor\u00e1rio estabelecidos. Segundo a administra\u00e7\u00e3o, aqueles que n\u00e3o comparecerem nos prazos estipulados ser\u00e3o desclassificados do processo de contrata\u00e7\u00e3o tempor\u00e1ria.<\/p>\n<p data-track-category=\"Link no Texto\" data-track-links=\"\"><strong>Leia tamb\u00e9m<\/strong><\/p>\n<p data-track-category=\"Link no Texto\" data-track-links=\"\"><a href=\"https:\/\/redenoticiaz.com.br\/litoralsp\/2021\/03\/18\/lockdown-no-litoral-e-defendido-por-especialistas\">Lockdown no litoral \u00e9 defendido por especialistas<\/a><\/p>\n<\/div>\n","protected":false},"excerpt":{"rendered":"<p>S\u00e3o Vicente far\u00e1 uma contrata\u00e7\u00e3o emergencial de m\u00e9dicos para ajudarem no combate ao coronav\u00edrus. Um processo seletivo foi aberto e a contrata\u00e7\u00e3o \u00e9 tempor\u00e1ria nas \u00e1reas de cl\u00ednica geral e intensivista e para a manuten\u00e7\u00e3o de cadastros reserva, caso seja necess\u00e1rio ampliar o quadro de profissionais. As inscri\u00e7\u00f5es come\u00e7aram nesta sexta-feira (19 e devem ser &hellip;<\/p>\n","protected":false},"author":6,"featured_media":5913,"comment_status":"open","ping_status":"closed","sticky":false,"template":"","format":"standard","meta":{"footnotes":""},"categories":[181,23,2795],"tags":[16024,95,153,14501,121,33],"class_list":["post-5912","post","type-post","status-publish","format-standard","has-post-thumbnail","hentry","category-sao-vicente","category-saude","category-trabalho","tag-contratacao-emergencial","tag-coronavirus","tag-inscricoes","tag-medicos","tag-processo-seletivo","tag-sao-vicente"],"yoast_head":"<!-- This site is optimized with the Yoast SEO plugin v27.4 - https:\/\/yoast.com\/product\/yoast-seo-wordpress\/ -->\n<title>S\u00e3o Vicente contrata m\u00e9dicos para o combate ao coronav\u00edrus - Litoral SP<\/title>\n<meta name=\"description\" content=\"S\u00e3o Vicente far\u00e1 uma contrata\u00e7\u00e3o emergencial de m\u00e9dicos para ajudarem no combate ao coronav\u00edrus. Um processo seletivo foi aberto e a contrata\u00e7\u00e3o\" \/>\n<meta name=\"robots\" content=\"index, follow, max-snippet:-1, max-image-preview:large, max-video-preview:-1\" \/>\n<link rel=\"canonical\" href=\"https:\/\/redenoticiaz.com.br\/litoralsp\/2021\/03\/19\/sao-vicente-contrata-medicos-para-o-combate-ao-coronavirus\" \/>\n<meta property=\"og:locale\" content=\"pt_BR\" \/>\n<meta property=\"og:type\" content=\"article\" \/>\n<meta property=\"og:title\" content=\"S\u00e3o Vicente contrata m\u00e9dicos para o combate ao coronav\u00edrus - Litoral SP\" \/>\n<meta property=\"og:description\" content=\"S\u00e3o Vicente far\u00e1 uma contrata\u00e7\u00e3o emergencial de m\u00e9dicos para ajudarem no combate ao coronav\u00edrus. Um processo seletivo foi aberto e a contrata\u00e7\u00e3o\" \/>\n<meta property=\"og:url\" content=\"https:\/\/redenoticiaz.com.br\/litoralsp\/2021\/03\/19\/sao-vicente-contrata-medicos-para-o-combate-ao-coronavirus\" \/>\n<meta property=\"og:site_name\" content=\"Litoral SP\" \/>\n<meta property=\"article:published_time\" content=\"2021-03-19T21:50:12+00:00\" \/>\n<meta property=\"article:modified_time\" content=\"2021-03-19T21:50:47+00:00\" \/>\n<meta property=\"og:image\" content=\"https:\/\/redenoticiaz.com.br\/litoralsp\/wp-content\/uploads\/sites\/3\/2021\/03\/hospital-municipal.jpg\" \/>\n\t<meta property=\"og:image:width\" content=\"984\" \/>\n\t<meta property=\"og:image:height\" content=\"696\" \/>\n\t<meta property=\"og:image:type\" content=\"image\/jpeg\" \/>\n<meta name=\"author\" content=\"Leonardo Francisco\" \/>\n<meta name=\"twitter:card\" content=\"summary_large_image\" \/>\n<meta name=\"twitter:label1\" content=\"Escrito por\" \/>\n\t<meta name=\"twitter:data1\" content=\"Leonardo Francisco\" \/>\n\t<meta name=\"twitter:label2\" content=\"Est. tempo de leitura\" \/>\n\t<meta name=\"twitter:data2\" content=\"2 minutos\" \/>\n<script type=\"application\/ld+json\" class=\"yoast-schema-graph\">{\"@context\":\"https:\\\/\\\/schema.org\",\"@graph\":[{\"@type\":\"Article\",\"@id\":\"https:\\\/\\\/redenoticiaz.com.br\\\/litoralsp\\\/2021\\\/03\\\/19\\\/sao-vicente-contrata-medicos-para-o-combate-ao-coronavirus#article\",\"isPartOf\":{\"@id\":\"https:\\\/\\\/redenoticiaz.com.br\\\/litoralsp\\\/2021\\\/03\\\/19\\\/sao-vicente-contrata-medicos-para-o-combate-ao-coronavirus\"},\"author\":{\"name\":\"Leonardo Francisco\",\"@id\":\"https:\\\/\\\/redenoticiaz.com.br\\\/litoralsp\\\/#\\\/schema\\\/person\\\/0f0b8a5bdafefe82841e07ae8d81ecb3\"},\"headline\":\"S\u00e3o Vicente contrata m\u00e9dicos para o combate ao coronav\u00edrus\",\"datePublished\":\"2021-03-19T21:50:12+00:00\",\"dateModified\":\"2021-03-19T21:50:47+00:00\",\"mainEntityOfPage\":{\"@id\":\"https:\\\/\\\/redenoticiaz.com.br\\\/litoralsp\\\/2021\\\/03\\\/19\\\/sao-vicente-contrata-medicos-para-o-combate-ao-coronavirus\"},\"wordCount\":368,\"commentCount\":0,\"publisher\":{\"@id\":\"https:\\\/\\\/redenoticiaz.com.br\\\/litoralsp\\\/#organization\"},\"image\":{\"@id\":\"https:\\\/\\\/redenoticiaz.com.br\\\/litoralsp\\\/2021\\\/03\\\/19\\\/sao-vicente-contrata-medicos-para-o-combate-ao-coronavirus#primaryimage\"},\"thumbnailUrl\":\"https:\\\/\\\/redenoticiaz.com.br\\\/litoralsp\\\/wp-content\\\/uploads\\\/sites\\\/3\\\/2021\\\/03\\\/hospital-municipal.jpg\",\"keywords\":[\"CONTRATA\u00c7\u00c3O EMERGENCIAL\",\"Coronav\u00edrus\",\"INSCRI\u00c7\u00d5ES\",\"M\u00c9DICOS\",\"processo seletivo\",\"S\u00e3o Vicente\"],\"articleSection\":[\"S\u00e3o Vicente\",\"Sa\u00fade\",\"Trabalho\"],\"inLanguage\":\"pt-BR\",\"potentialAction\":[{\"@type\":\"CommentAction\",\"name\":\"Comment\",\"target\":[\"https:\\\/\\\/redenoticiaz.com.br\\\/litoralsp\\\/2021\\\/03\\\/19\\\/sao-vicente-contrata-medicos-para-o-combate-ao-coronavirus#respond\"]}]},{\"@type\":\"WebPage\",\"@id\":\"https:\\\/\\\/redenoticiaz.com.br\\\/litoralsp\\\/2021\\\/03\\\/19\\\/sao-vicente-contrata-medicos-para-o-combate-ao-coronavirus\",\"url\":\"https:\\\/\\\/redenoticiaz.com.br\\\/litoralsp\\\/2021\\\/03\\\/19\\\/sao-vicente-contrata-medicos-para-o-combate-ao-coronavirus\",\"name\":\"S\u00e3o Vicente contrata m\u00e9dicos para o combate ao coronav\u00edrus - Litoral SP\",\"isPartOf\":{\"@id\":\"https:\\\/\\\/redenoticiaz.com.br\\\/litoralsp\\\/#website\"},\"primaryImageOfPage\":{\"@id\":\"https:\\\/\\\/redenoticiaz.com.br\\\/litoralsp\\\/2021\\\/03\\\/19\\\/sao-vicente-contrata-medicos-para-o-combate-ao-coronavirus#primaryimage\"},\"image\":{\"@id\":\"https:\\\/\\\/redenoticiaz.com.br\\\/litoralsp\\\/2021\\\/03\\\/19\\\/sao-vicente-contrata-medicos-para-o-combate-ao-coronavirus#primaryimage\"},\"thumbnailUrl\":\"https:\\\/\\\/redenoticiaz.com.br\\\/litoralsp\\\/wp-content\\\/uploads\\\/sites\\\/3\\\/2021\\\/03\\\/hospital-municipal.jpg\",\"datePublished\":\"2021-03-19T21:50:12+00:00\",\"dateModified\":\"2021-03-19T21:50:47+00:00\",\"description\":\"S\u00e3o Vicente far\u00e1 uma contrata\u00e7\u00e3o emergencial de m\u00e9dicos para ajudarem no combate ao coronav\u00edrus. Um processo seletivo foi aberto e a contrata\u00e7\u00e3o\",\"inLanguage\":\"pt-BR\",\"potentialAction\":[{\"@type\":\"ReadAction\",\"target\":[\"https:\\\/\\\/redenoticiaz.com.br\\\/litoralsp\\\/2021\\\/03\\\/19\\\/sao-vicente-contrata-medicos-para-o-combate-ao-coronavirus\"]}]},{\"@type\":\"ImageObject\",\"inLanguage\":\"pt-BR\",\"@id\":\"https:\\\/\\\/redenoticiaz.com.br\\\/litoralsp\\\/2021\\\/03\\\/19\\\/sao-vicente-contrata-medicos-para-o-combate-ao-coronavirus#primaryimage\",\"url\":\"https:\\\/\\\/redenoticiaz.com.br\\\/litoralsp\\\/wp-content\\\/uploads\\\/sites\\\/3\\\/2021\\\/03\\\/hospital-municipal.jpg\",\"contentUrl\":\"https:\\\/\\\/redenoticiaz.com.br\\\/litoralsp\\\/wp-content\\\/uploads\\\/sites\\\/3\\\/2021\\\/03\\\/hospital-municipal.jpg\",\"width\":984,\"height\":696,\"caption\":\"S\u00e3o Vicente contrata m\u00e9dicos para o combate ao coronav\u00edrus\"},{\"@type\":\"WebSite\",\"@id\":\"https:\\\/\\\/redenoticiaz.com.br\\\/litoralsp\\\/#website\",\"url\":\"https:\\\/\\\/redenoticiaz.com.br\\\/litoralsp\\\/\",\"name\":\"Litoral SP\",\"description\":\"Rede NoticiaZ\",\"publisher\":{\"@id\":\"https:\\\/\\\/redenoticiaz.com.br\\\/litoralsp\\\/#organization\"},\"potentialAction\":[{\"@type\":\"SearchAction\",\"target\":{\"@type\":\"EntryPoint\",\"urlTemplate\":\"https:\\\/\\\/redenoticiaz.com.br\\\/litoralsp\\\/?s={search_term_string}\"},\"query-input\":{\"@type\":\"PropertyValueSpecification\",\"valueRequired\":true,\"valueName\":\"search_term_string\"}}],\"inLanguage\":\"pt-BR\"},{\"@type\":\"Organization\",\"@id\":\"https:\\\/\\\/redenoticiaz.com.br\\\/litoralsp\\\/#organization\",\"name\":\"Litoral SP\",\"url\":\"https:\\\/\\\/redenoticiaz.com.br\\\/litoralsp\\\/\",\"logo\":{\"@type\":\"ImageObject\",\"inLanguage\":\"pt-BR\",\"@id\":\"https:\\\/\\\/redenoticiaz.com.br\\\/litoralsp\\\/#\\\/schema\\\/logo\\\/image\\\/\",\"url\":\"https:\\\/\\\/redenoticiaz.com.br\\\/litoralsp\\\/wp-content\\\/uploads\\\/sites\\\/3\\\/2020\\\/11\\\/logo.jpg\",\"contentUrl\":\"https:\\\/\\\/redenoticiaz.com.br\\\/litoralsp\\\/wp-content\\\/uploads\\\/sites\\\/3\\\/2020\\\/11\\\/logo.jpg\",\"width\":400,\"height\":250,\"caption\":\"Litoral SP\"},\"image\":{\"@id\":\"https:\\\/\\\/redenoticiaz.com.br\\\/litoralsp\\\/#\\\/schema\\\/logo\\\/image\\\/\"}},{\"@type\":\"Person\",\"@id\":\"https:\\\/\\\/redenoticiaz.com.br\\\/litoralsp\\\/#\\\/schema\\\/person\\\/0f0b8a5bdafefe82841e07ae8d81ecb3\",\"name\":\"Leonardo Francisco\",\"image\":{\"@type\":\"ImageObject\",\"inLanguage\":\"pt-BR\",\"@id\":\"https:\\\/\\\/secure.gravatar.com\\\/avatar\\\/a7358cb406a99b682ec6df1e77e31ae82e63601f6784e8a3df411d72b37864da?s=96&d=mm&r=g\",\"url\":\"https:\\\/\\\/secure.gravatar.com\\\/avatar\\\/a7358cb406a99b682ec6df1e77e31ae82e63601f6784e8a3df411d72b37864da?s=96&d=mm&r=g\",\"contentUrl\":\"https:\\\/\\\/secure.gravatar.com\\\/avatar\\\/a7358cb406a99b682ec6df1e77e31ae82e63601f6784e8a3df411d72b37864da?s=96&d=mm&r=g\",\"caption\":\"Leonardo Francisco\"},\"url\":\"https:\\\/\\\/redenoticiaz.com.br\\\/litoralsp\\\/author\\\/leonardo-francisco\"}]}<\/script>\n<!-- \/ Yoast SEO plugin. -->","yoast_head_json":{"title":"S\u00e3o Vicente contrata m\u00e9dicos para o combate ao coronav\u00edrus - Litoral SP","description":"S\u00e3o Vicente far\u00e1 uma contrata\u00e7\u00e3o emergencial de m\u00e9dicos para ajudarem no combate ao coronav\u00edrus. Um processo seletivo foi aberto e a contrata\u00e7\u00e3o","robots":{"index":"index","follow":"follow","max-snippet":"max-snippet:-1","max-image-preview":"max-image-preview:large","max-video-preview":"max-video-preview:-1"},"canonical":"https:\/\/redenoticiaz.com.br\/litoralsp\/2021\/03\/19\/sao-vicente-contrata-medicos-para-o-combate-ao-coronavirus","og_locale":"pt_BR","og_type":"article","og_title":"S\u00e3o Vicente contrata m\u00e9dicos para o combate ao coronav\u00edrus - Litoral SP","og_description":"S\u00e3o Vicente far\u00e1 uma contrata\u00e7\u00e3o emergencial de m\u00e9dicos para ajudarem no combate ao coronav\u00edrus. Um processo seletivo foi aberto e a contrata\u00e7\u00e3o","og_url":"https:\/\/redenoticiaz.com.br\/litoralsp\/2021\/03\/19\/sao-vicente-contrata-medicos-para-o-combate-ao-coronavirus","og_site_name":"Litoral SP","article_published_time":"2021-03-19T21:50:12+00:00","article_modified_time":"2021-03-19T21:50:47+00:00","og_image":[{"width":984,"height":696,"url":"https:\/\/redenoticiaz.com.br\/litoralsp\/wp-content\/uploads\/sites\/3\/2021\/03\/hospital-municipal.jpg","type":"image\/jpeg"}],"author":"Leonardo Francisco","twitter_card":"summary_large_image","twitter_misc":{"Escrito por":"Leonardo Francisco","Est. tempo de leitura":"2 minutos"},"schema":{"@context":"https:\/\/schema.org","@graph":[{"@type":"Article","@id":"https:\/\/redenoticiaz.com.br\/litoralsp\/2021\/03\/19\/sao-vicente-contrata-medicos-para-o-combate-ao-coronavirus#article","isPartOf":{"@id":"https:\/\/redenoticiaz.com.br\/litoralsp\/2021\/03\/19\/sao-vicente-contrata-medicos-para-o-combate-ao-coronavirus"},"author":{"name":"Leonardo Francisco","@id":"https:\/\/redenoticiaz.com.br\/litoralsp\/#\/schema\/person\/0f0b8a5bdafefe82841e07ae8d81ecb3"},"headline":"S\u00e3o Vicente contrata m\u00e9dicos para o combate ao coronav\u00edrus","datePublished":"2021-03-19T21:50:12+00:00","dateModified":"2021-03-19T21:50:47+00:00","mainEntityOfPage":{"@id":"https:\/\/redenoticiaz.com.br\/litoralsp\/2021\/03\/19\/sao-vicente-contrata-medicos-para-o-combate-ao-coronavirus"},"wordCount":368,"commentCount":0,"publisher":{"@id":"https:\/\/redenoticiaz.com.br\/litoralsp\/#organization"},"image":{"@id":"https:\/\/redenoticiaz.com.br\/litoralsp\/2021\/03\/19\/sao-vicente-contrata-medicos-para-o-combate-ao-coronavirus#primaryimage"},"thumbnailUrl":"https:\/\/redenoticiaz.com.br\/litoralsp\/wp-content\/uploads\/sites\/3\/2021\/03\/hospital-municipal.jpg","keywords":["CONTRATA\u00c7\u00c3O EMERGENCIAL","Coronav\u00edrus","INSCRI\u00c7\u00d5ES","M\u00c9DICOS","processo seletivo","S\u00e3o Vicente"],"articleSection":["S\u00e3o Vicente","Sa\u00fade","Trabalho"],"inLanguage":"pt-BR","potentialAction":[{"@type":"CommentAction","name":"Comment","target":["https:\/\/redenoticiaz.com.br\/litoralsp\/2021\/03\/19\/sao-vicente-contrata-medicos-para-o-combate-ao-coronavirus#respond"]}]},{"@type":"WebPage","@id":"https:\/\/redenoticiaz.com.br\/litoralsp\/2021\/03\/19\/sao-vicente-contrata-medicos-para-o-combate-ao-coronavirus","url":"https:\/\/redenoticiaz.com.br\/litoralsp\/2021\/03\/19\/sao-vicente-contrata-medicos-para-o-combate-ao-coronavirus","name":"S\u00e3o Vicente contrata m\u00e9dicos para o combate ao coronav\u00edrus - Litoral SP","isPartOf":{"@id":"https:\/\/redenoticiaz.com.br\/litoralsp\/#website"},"primaryImageOfPage":{"@id":"https:\/\/redenoticiaz.com.br\/litoralsp\/2021\/03\/19\/sao-vicente-contrata-medicos-para-o-combate-ao-coronavirus#primaryimage"},"image":{"@id":"https:\/\/redenoticiaz.com.br\/litoralsp\/2021\/03\/19\/sao-vicente-contrata-medicos-para-o-combate-ao-coronavirus#primaryimage"},"thumbnailUrl":"https:\/\/redenoticiaz.com.br\/litoralsp\/wp-content\/uploads\/sites\/3\/2021\/03\/hospital-municipal.jpg","datePublished":"2021-03-19T21:50:12+00:00","dateModified":"2021-03-19T21:50:47+00:00","description":"S\u00e3o Vicente far\u00e1 uma contrata\u00e7\u00e3o emergencial de m\u00e9dicos para ajudarem no combate ao coronav\u00edrus. Um processo seletivo foi aberto e a contrata\u00e7\u00e3o","inLanguage":"pt-BR","potentialAction":[{"@type":"ReadAction","target":["https:\/\/redenoticiaz.com.br\/litoralsp\/2021\/03\/19\/sao-vicente-contrata-medicos-para-o-combate-ao-coronavirus"]}]},{"@type":"ImageObject","inLanguage":"pt-BR","@id":"https:\/\/redenoticiaz.com.br\/litoralsp\/2021\/03\/19\/sao-vicente-contrata-medicos-para-o-combate-ao-coronavirus#primaryimage","url":"https:\/\/redenoticiaz.com.br\/litoralsp\/wp-content\/uploads\/sites\/3\/2021\/03\/hospital-municipal.jpg","contentUrl":"https:\/\/redenoticiaz.com.br\/litoralsp\/wp-content\/uploads\/sites\/3\/2021\/03\/hospital-municipal.jpg","width":984,"height":696,"caption":"S\u00e3o Vicente contrata m\u00e9dicos para o combate ao coronav\u00edrus"},{"@type":"WebSite","@id":"https:\/\/redenoticiaz.com.br\/litoralsp\/#website","url":"https:\/\/redenoticiaz.com.br\/litoralsp\/","name":"Litoral SP","description":"Rede NoticiaZ","publisher":{"@id":"https:\/\/redenoticiaz.com.br\/litoralsp\/#organization"},"potentialAction":[{"@type":"SearchAction","target":{"@type":"EntryPoint","urlTemplate":"https:\/\/redenoticiaz.com.br\/litoralsp\/?s={search_term_string}"},"query-input":{"@type":"PropertyValueSpecification","valueRequired":true,"valueName":"search_term_string"}}],"inLanguage":"pt-BR"},{"@type":"Organization","@id":"https:\/\/redenoticiaz.com.br\/litoralsp\/#organization","name":"Litoral SP","url":"https:\/\/redenoticiaz.com.br\/litoralsp\/","logo":{"@type":"ImageObject","inLanguage":"pt-BR","@id":"https:\/\/redenoticiaz.com.br\/litoralsp\/#\/schema\/logo\/image\/","url":"https:\/\/redenoticiaz.com.br\/litoralsp\/wp-content\/uploads\/sites\/3\/2020\/11\/logo.jpg","contentUrl":"https:\/\/redenoticiaz.com.br\/litoralsp\/wp-content\/uploads\/sites\/3\/2020\/11\/logo.jpg","width":400,"height":250,"caption":"Litoral SP"},"image":{"@id":"https:\/\/redenoticiaz.com.br\/litoralsp\/#\/schema\/logo\/image\/"}},{"@type":"Person","@id":"https:\/\/redenoticiaz.com.br\/litoralsp\/#\/schema\/person\/0f0b8a5bdafefe82841e07ae8d81ecb3","name":"Leonardo Francisco","image":{"@type":"ImageObject","inLanguage":"pt-BR","@id":"https:\/\/secure.gravatar.com\/avatar\/a7358cb406a99b682ec6df1e77e31ae82e63601f6784e8a3df411d72b37864da?s=96&d=mm&r=g","url":"https:\/\/secure.gravatar.com\/avatar\/a7358cb406a99b682ec6df1e77e31ae82e63601f6784e8a3df411d72b37864da?s=96&d=mm&r=g","contentUrl":"https:\/\/secure.gravatar.com\/avatar\/a7358cb406a99b682ec6df1e77e31ae82e63601f6784e8a3df411d72b37864da?s=96&d=mm&r=g","caption":"Leonardo Francisco"},"url":"https:\/\/redenoticiaz.com.br\/litoralsp\/author\/leonardo-francisco"}]}},"_links":{"self":[{"href":"https:\/\/redenoticiaz.com.br\/litoralsp\/wp-json\/wp\/v2\/posts\/5912","targetHints":{"allow":["GET"]}}],"collection":[{"href":"https:\/\/redenoticiaz.com.br\/litoralsp\/wp-json\/wp\/v2\/posts"}],"about":[{"href":"https:\/\/redenoticiaz.com.br\/litoralsp\/wp-json\/wp\/v2\/types\/post"}],"author":[{"embeddable":true,"href":"https:\/\/redenoticiaz.com.br\/litoralsp\/wp-json\/wp\/v2\/users\/6"}],"replies":[{"embeddable":true,"href":"https:\/\/redenoticiaz.com.br\/litoralsp\/wp-json\/wp\/v2\/comments?post=5912"}],"version-history":[{"count":1,"href":"https:\/\/redenoticiaz.com.br\/litoralsp\/wp-json\/wp\/v2\/posts\/5912\/revisions"}],"predecessor-version":[{"id":5914,"href":"https:\/\/redenoticiaz.com.br\/litoralsp\/wp-json\/wp\/v2\/posts\/5912\/revisions\/5914"}],"wp:featuredmedia":[{"embeddable":true,"href":"https:\/\/redenoticiaz.com.br\/litoralsp\/wp-json\/wp\/v2\/media\/5913"}],"wp:attachment":[{"href":"https:\/\/redenoticiaz.com.br\/litoralsp\/wp-json\/wp\/v2\/media?parent=5912"}],"wp:term":[{"taxonomy":"category","embeddable":true,"href":"https:\/\/redenoticiaz.com.br\/litoralsp\/wp-json\/wp\/v2\/categories?post=5912"},{"taxonomy":"post_tag","embeddable":true,"href":"https:\/\/redenoticiaz.com.br\/litoralsp\/wp-json\/wp\/v2\/tags?post=5912"}],"curies":[{"name":"wp","href":"https:\/\/api.w.org\/{rel}","templated":true}]}}