{"id":5918,"date":"2021-03-19T20:20:14","date_gmt":"2021-03-19T23:20:14","guid":{"rendered":"https:\/\/redenoticiaz.com.br\/litoralsp\/?p=5918"},"modified":"2021-03-19T20:21:20","modified_gmt":"2021-03-19T23:21:20","slug":"areas-ambientais-danificadas-rendem-multa-superior-de-r-40-mil","status":"publish","type":"post","link":"https:\/\/redenoticiaz.com.br\/litoralsp\/2021\/03\/19\/areas-ambientais-danificadas-rendem-multa-superior-de-r-40-mil","title":{"rendered":"\u00c1reas ambientais danificadas rendem multa superior de R$ 40 mil"},"content":{"rendered":"<p>A <a href=\"https:\/\/www.policiamilitar.sp.gov.br\/unidades\/ambiental\/index.html\">Pol\u00edcia Ambiental<\/a> realizou uma s\u00e9rie de fiscaliza\u00e7\u00f5es em diversos pontos da Baixada Santista, para garantir a preserva\u00e7\u00e3o das <strong>\u00e1reas ambientais<\/strong>. A inten\u00e7\u00e3o foi coibir crimes ambientais, como os que ocorreram nas cidades de Cubat\u00e3o, Itanha\u00e9m e S\u00e3o Vicente<\/p>\n<p><img loading=\"lazy\" decoding=\"async\" class=\"size-medium wp-image-5919 alignleft\" src=\"https:\/\/redenoticiaz.com.br\/litoralsp\/wp-content\/uploads\/sites\/3\/2021\/03\/whatsapp-image-2021-03-19-at-16-49-09-300x225.jpeg\" alt=\"\" width=\"300\" height=\"225\" srcset=\"https:\/\/redenoticiaz.com.br\/litoralsp\/wp-content\/uploads\/sites\/3\/2021\/03\/whatsapp-image-2021-03-19-at-16-49-09-300x225.jpeg 300w, https:\/\/redenoticiaz.com.br\/litoralsp\/wp-content\/uploads\/sites\/3\/2021\/03\/whatsapp-image-2021-03-19-at-16-49-09-1024x768.jpeg 1024w, https:\/\/redenoticiaz.com.br\/litoralsp\/wp-content\/uploads\/sites\/3\/2021\/03\/whatsapp-image-2021-03-19-at-16-49-09-768x576.jpeg 768w, https:\/\/redenoticiaz.com.br\/litoralsp\/wp-content\/uploads\/sites\/3\/2021\/03\/whatsapp-image-2021-03-19-at-16-49-09.jpeg 1040w\" sizes=\"auto, (max-width: 300px) 100vw, 300px\" \/><\/p>\n<p>Em Cubat\u00e3o, um local que j\u00e1 foi fiscalizado, a equipe descobriu a realiza\u00e7\u00e3o de um aterramento com uso de uma retroescavadeira na \u00e1rea do Parque Estadual da Serra do Mar. O respons\u00e1vel foi abordado, mas n\u00e3o apresentou qualquer autoriza\u00e7\u00e3o ou licen\u00e7a ambiental. Assim ele foi multado no valor de R$ 27.362,00. Al\u00e9m disso tamb\u00e9m foi feita a apreens\u00e3o da retroescavadeira.<\/p>\n<p>Em Itanha\u00e9m a Pol\u00edcia Ambiental fiscalizou um terreno onde ocorria um dep\u00f3sito de aproximadamente 18.000 blocos de tijolo e lajotas e 300 mouroes de eucalipto. Um galp\u00e3o estava sendo constru\u00eddo. O dono dos materiais alegou n\u00e3o ter local para armazen\u00e1-los utilizando toda a \u00e1rea. J\u00e1 sobre a constru\u00e7\u00e3o do galp\u00e3o alegou ser de sua propriedade, mas que n\u00e3o possu\u00eda ter documenta\u00e7\u00e3o para a utiliza\u00e7\u00e3o da \u00e1rea. Ele recebeu uma multa de R$ 4.000,00, mas tamb\u00e9m a \u00e1rea e demoli\u00e7\u00e3o foram embargadas.<\/p>\n<p><img loading=\"lazy\" decoding=\"async\" class=\"size-medium wp-image-5920 alignleft\" src=\"https:\/\/redenoticiaz.com.br\/litoralsp\/wp-content\/uploads\/sites\/3\/2021\/03\/whatsapp-image-2021-03-19-at-16-49-10-300x225.jpeg\" alt=\"\" width=\"300\" height=\"225\" srcset=\"https:\/\/redenoticiaz.com.br\/litoralsp\/wp-content\/uploads\/sites\/3\/2021\/03\/whatsapp-image-2021-03-19-at-16-49-10-300x225.jpeg 300w, https:\/\/redenoticiaz.com.br\/litoralsp\/wp-content\/uploads\/sites\/3\/2021\/03\/whatsapp-image-2021-03-19-at-16-49-10-1024x768.jpeg 1024w, https:\/\/redenoticiaz.com.br\/litoralsp\/wp-content\/uploads\/sites\/3\/2021\/03\/whatsapp-image-2021-03-19-at-16-49-10-768x576.jpeg 768w, https:\/\/redenoticiaz.com.br\/litoralsp\/wp-content\/uploads\/sites\/3\/2021\/03\/whatsapp-image-2021-03-19-at-16-49-10.jpeg 1280w\" sizes=\"auto, (max-width: 300px) 100vw, 300px\" \/><\/p>\n<p>A Pol\u00edcia Ambiental tamb\u00e9m esteve em S\u00e3o Vicente, onde foi fiscalizado um local que sofreu desmatamento e ainda havia uma queima de materiais lenhosos. Uma pessoa foi encontrada e alegou que a fun\u00e7\u00e3o dele era tomar conta do local e limpar a \u00e1rea. Questionado sobre quem era o dono do local, o homem alegou que n\u00e3o sabia informar quem era o dono ou respons\u00e1vel.<\/p>\n<p>A \u00e1rea sofreu com corte de vegeta\u00e7\u00e3o e ainda um aterramento. A a\u00e7\u00e3o ocorreu dentro Parque Estadual Xixova Japui. E o homem foi multado no valor de R$ 9.300,00.<\/p>\n<p><strong>Leia tamb\u00e9m<\/strong><\/p>\n<p><a href=\"https:\/\/redenoticiaz.com.br\/litoralsp\/2021\/03\/18\/mais-uma-vez-tartaruga-de-couro-da-as-caras-em-itanhaem\">Mais uma vez, tartaruga-de-couro d\u00e1 as caras em Itanha\u00e9m<\/a><\/p>\n","protected":false},"excerpt":{"rendered":"<p>A Pol\u00edcia Ambiental realizou uma s\u00e9rie de fiscaliza\u00e7\u00f5es em diversos pontos da Baixada Santista, para garantir a preserva\u00e7\u00e3o das \u00e1reas ambientais. A inten\u00e7\u00e3o foi coibir crimes ambientais, como os que ocorreram nas cidades de Cubat\u00e3o, Itanha\u00e9m e S\u00e3o Vicente Em Cubat\u00e3o, um local que j\u00e1 foi fiscalizado, a equipe descobriu a realiza\u00e7\u00e3o de um aterramento &hellip;<\/p>\n","protected":false},"author":6,"featured_media":5921,"comment_status":"open","ping_status":"closed","sticky":false,"template":"","format":"standard","meta":{"footnotes":""},"categories":[186,184,10,181],"tags":[16043,1024,1068,2685,33],"class_list":["post-5918","post","type-post","status-publish","format-standard","has-post-thumbnail","hentry","category-cubatao","category-itanhaem","category-policia","category-sao-vicente","tag-areas-degradadas","tag-cubatao","tag-itanhaem","tag-policia-ambiental","tag-sao-vicente"],"yoast_head":"<!-- This site is optimized with the Yoast SEO plugin v27.5 - https:\/\/yoast.com\/product\/yoast-seo-wordpress\/ -->\n<title>\u00c1reas ambientais danificadas rendem multa superior de R$ 40 mil - Litoral SP<\/title>\n<meta name=\"description\" content=\"A Pol\u00edcia Ambiental realizou uma s\u00e9rie de fiscaliza\u00e7\u00f5es em diversos pontos da Baixada Santista, para garantir a preserva\u00e7\u00e3o das \u00e1reas ambientais. A inten\u00e7\u00e3o\" \/>\n<meta name=\"robots\" content=\"index, follow, max-snippet:-1, max-image-preview:large, max-video-preview:-1\" \/>\n<link rel=\"canonical\" href=\"https:\/\/redenoticiaz.com.br\/litoralsp\/2021\/03\/19\/areas-ambientais-danificadas-rendem-multa-superior-de-r-40-mil\" \/>\n<meta property=\"og:locale\" content=\"pt_BR\" \/>\n<meta property=\"og:type\" content=\"article\" \/>\n<meta property=\"og:title\" content=\"\u00c1reas ambientais danificadas rendem multa superior de R$ 40 mil - Litoral SP\" \/>\n<meta property=\"og:description\" content=\"A Pol\u00edcia Ambiental realizou uma s\u00e9rie de fiscaliza\u00e7\u00f5es em diversos pontos da Baixada Santista, para garantir a preserva\u00e7\u00e3o das \u00e1reas ambientais. A inten\u00e7\u00e3o\" \/>\n<meta property=\"og:url\" content=\"https:\/\/redenoticiaz.com.br\/litoralsp\/2021\/03\/19\/areas-ambientais-danificadas-rendem-multa-superior-de-r-40-mil\" \/>\n<meta property=\"og:site_name\" content=\"Litoral SP\" \/>\n<meta property=\"article:published_time\" content=\"2021-03-19T23:20:14+00:00\" \/>\n<meta property=\"article:modified_time\" content=\"2021-03-19T23:21:20+00:00\" \/>\n<meta property=\"og:image\" content=\"https:\/\/redenoticiaz.com.br\/litoralsp\/wp-content\/uploads\/sites\/3\/2021\/03\/whatsapp-image-2021-03-19-at-16-49-09-1.jpeg\" \/>\n\t<meta property=\"og:image:width\" content=\"1040\" \/>\n\t<meta property=\"og:image:height\" content=\"780\" \/>\n\t<meta property=\"og:image:type\" content=\"image\/jpeg\" \/>\n<meta name=\"author\" content=\"Leonardo Francisco\" \/>\n<meta name=\"twitter:card\" content=\"summary_large_image\" \/>\n<meta name=\"twitter:label1\" content=\"Escrito por\" \/>\n\t<meta name=\"twitter:data1\" content=\"Leonardo Francisco\" \/>\n\t<meta name=\"twitter:label2\" content=\"Est. tempo de leitura\" \/>\n\t<meta name=\"twitter:data2\" content=\"2 minutos\" \/>\n<script type=\"application\/ld+json\" class=\"yoast-schema-graph\">{\"@context\":\"https:\\\/\\\/schema.org\",\"@graph\":[{\"@type\":\"Article\",\"@id\":\"https:\\\/\\\/redenoticiaz.com.br\\\/litoralsp\\\/2021\\\/03\\\/19\\\/areas-ambientais-danificadas-rendem-multa-superior-de-r-40-mil#article\",\"isPartOf\":{\"@id\":\"https:\\\/\\\/redenoticiaz.com.br\\\/litoralsp\\\/2021\\\/03\\\/19\\\/areas-ambientais-danificadas-rendem-multa-superior-de-r-40-mil\"},\"author\":{\"name\":\"Leonardo Francisco\",\"@id\":\"https:\\\/\\\/redenoticiaz.com.br\\\/litoralsp\\\/#\\\/schema\\\/person\\\/0f0b8a5bdafefe82841e07ae8d81ecb3\"},\"headline\":\"\u00c1reas ambientais danificadas rendem multa superior de R$ 40 mil\",\"datePublished\":\"2021-03-19T23:20:14+00:00\",\"dateModified\":\"2021-03-19T23:21:20+00:00\",\"mainEntityOfPage\":{\"@id\":\"https:\\\/\\\/redenoticiaz.com.br\\\/litoralsp\\\/2021\\\/03\\\/19\\\/areas-ambientais-danificadas-rendem-multa-superior-de-r-40-mil\"},\"wordCount\":330,\"commentCount\":0,\"publisher\":{\"@id\":\"https:\\\/\\\/redenoticiaz.com.br\\\/litoralsp\\\/#organization\"},\"image\":{\"@id\":\"https:\\\/\\\/redenoticiaz.com.br\\\/litoralsp\\\/2021\\\/03\\\/19\\\/areas-ambientais-danificadas-rendem-multa-superior-de-r-40-mil#primaryimage\"},\"thumbnailUrl\":\"https:\\\/\\\/redenoticiaz.com.br\\\/litoralsp\\\/wp-content\\\/uploads\\\/sites\\\/3\\\/2021\\\/03\\\/whatsapp-image-2021-03-19-at-16-49-09-1.jpeg\",\"keywords\":[\"\u00c1REAS DEGRADADAS\",\"CUBAT\u00c3O\",\"ITANHA\u00c9M\",\"POL\u00cdCIA AMBIENTAL\",\"S\u00e3o Vicente\"],\"articleSection\":[\"Cubat\u00e3o\",\"Itanha\u00e9m\",\"Pol\u00edcia\",\"S\u00e3o Vicente\"],\"inLanguage\":\"pt-BR\",\"potentialAction\":[{\"@type\":\"CommentAction\",\"name\":\"Comment\",\"target\":[\"https:\\\/\\\/redenoticiaz.com.br\\\/litoralsp\\\/2021\\\/03\\\/19\\\/areas-ambientais-danificadas-rendem-multa-superior-de-r-40-mil#respond\"]}]},{\"@type\":\"WebPage\",\"@id\":\"https:\\\/\\\/redenoticiaz.com.br\\\/litoralsp\\\/2021\\\/03\\\/19\\\/areas-ambientais-danificadas-rendem-multa-superior-de-r-40-mil\",\"url\":\"https:\\\/\\\/redenoticiaz.com.br\\\/litoralsp\\\/2021\\\/03\\\/19\\\/areas-ambientais-danificadas-rendem-multa-superior-de-r-40-mil\",\"name\":\"\u00c1reas ambientais danificadas rendem multa superior de R$ 40 mil - Litoral SP\",\"isPartOf\":{\"@id\":\"https:\\\/\\\/redenoticiaz.com.br\\\/litoralsp\\\/#website\"},\"primaryImageOfPage\":{\"@id\":\"https:\\\/\\\/redenoticiaz.com.br\\\/litoralsp\\\/2021\\\/03\\\/19\\\/areas-ambientais-danificadas-rendem-multa-superior-de-r-40-mil#primaryimage\"},\"image\":{\"@id\":\"https:\\\/\\\/redenoticiaz.com.br\\\/litoralsp\\\/2021\\\/03\\\/19\\\/areas-ambientais-danificadas-rendem-multa-superior-de-r-40-mil#primaryimage\"},\"thumbnailUrl\":\"https:\\\/\\\/redenoticiaz.com.br\\\/litoralsp\\\/wp-content\\\/uploads\\\/sites\\\/3\\\/2021\\\/03\\\/whatsapp-image-2021-03-19-at-16-49-09-1.jpeg\",\"datePublished\":\"2021-03-19T23:20:14+00:00\",\"dateModified\":\"2021-03-19T23:21:20+00:00\",\"description\":\"A Pol\u00edcia Ambiental realizou uma s\u00e9rie de fiscaliza\u00e7\u00f5es em diversos pontos da Baixada Santista, para garantir a preserva\u00e7\u00e3o das \u00e1reas ambientais. A inten\u00e7\u00e3o\",\"inLanguage\":\"pt-BR\",\"potentialAction\":[{\"@type\":\"ReadAction\",\"target\":[\"https:\\\/\\\/redenoticiaz.com.br\\\/litoralsp\\\/2021\\\/03\\\/19\\\/areas-ambientais-danificadas-rendem-multa-superior-de-r-40-mil\"]}]},{\"@type\":\"ImageObject\",\"inLanguage\":\"pt-BR\",\"@id\":\"https:\\\/\\\/redenoticiaz.com.br\\\/litoralsp\\\/2021\\\/03\\\/19\\\/areas-ambientais-danificadas-rendem-multa-superior-de-r-40-mil#primaryimage\",\"url\":\"https:\\\/\\\/redenoticiaz.com.br\\\/litoralsp\\\/wp-content\\\/uploads\\\/sites\\\/3\\\/2021\\\/03\\\/whatsapp-image-2021-03-19-at-16-49-09-1.jpeg\",\"contentUrl\":\"https:\\\/\\\/redenoticiaz.com.br\\\/litoralsp\\\/wp-content\\\/uploads\\\/sites\\\/3\\\/2021\\\/03\\\/whatsapp-image-2021-03-19-at-16-49-09-1.jpeg\",\"width\":1040,\"height\":780,\"caption\":\"Cr\u00e9ditos: Divulga\u00e7\u00e3o\\\/Pol\u00edcia Ambiental\"},{\"@type\":\"WebSite\",\"@id\":\"https:\\\/\\\/redenoticiaz.com.br\\\/litoralsp\\\/#website\",\"url\":\"https:\\\/\\\/redenoticiaz.com.br\\\/litoralsp\\\/\",\"name\":\"Litoral SP\",\"description\":\"Rede NoticiaZ\",\"publisher\":{\"@id\":\"https:\\\/\\\/redenoticiaz.com.br\\\/litoralsp\\\/#organization\"},\"potentialAction\":[{\"@type\":\"SearchAction\",\"target\":{\"@type\":\"EntryPoint\",\"urlTemplate\":\"https:\\\/\\\/redenoticiaz.com.br\\\/litoralsp\\\/?s={search_term_string}\"},\"query-input\":{\"@type\":\"PropertyValueSpecification\",\"valueRequired\":true,\"valueName\":\"search_term_string\"}}],\"inLanguage\":\"pt-BR\"},{\"@type\":\"Organization\",\"@id\":\"https:\\\/\\\/redenoticiaz.com.br\\\/litoralsp\\\/#organization\",\"name\":\"Litoral SP\",\"url\":\"https:\\\/\\\/redenoticiaz.com.br\\\/litoralsp\\\/\",\"logo\":{\"@type\":\"ImageObject\",\"inLanguage\":\"pt-BR\",\"@id\":\"https:\\\/\\\/redenoticiaz.com.br\\\/litoralsp\\\/#\\\/schema\\\/logo\\\/image\\\/\",\"url\":\"https:\\\/\\\/redenoticiaz.com.br\\\/litoralsp\\\/wp-content\\\/uploads\\\/sites\\\/3\\\/2020\\\/11\\\/logo.jpg\",\"contentUrl\":\"https:\\\/\\\/redenoticiaz.com.br\\\/litoralsp\\\/wp-content\\\/uploads\\\/sites\\\/3\\\/2020\\\/11\\\/logo.jpg\",\"width\":400,\"height\":250,\"caption\":\"Litoral SP\"},\"image\":{\"@id\":\"https:\\\/\\\/redenoticiaz.com.br\\\/litoralsp\\\/#\\\/schema\\\/logo\\\/image\\\/\"}},{\"@type\":\"Person\",\"@id\":\"https:\\\/\\\/redenoticiaz.com.br\\\/litoralsp\\\/#\\\/schema\\\/person\\\/0f0b8a5bdafefe82841e07ae8d81ecb3\",\"name\":\"Leonardo Francisco\",\"image\":{\"@type\":\"ImageObject\",\"inLanguage\":\"pt-BR\",\"@id\":\"https:\\\/\\\/secure.gravatar.com\\\/avatar\\\/a7358cb406a99b682ec6df1e77e31ae82e63601f6784e8a3df411d72b37864da?s=96&d=mm&r=g\",\"url\":\"https:\\\/\\\/secure.gravatar.com\\\/avatar\\\/a7358cb406a99b682ec6df1e77e31ae82e63601f6784e8a3df411d72b37864da?s=96&d=mm&r=g\",\"contentUrl\":\"https:\\\/\\\/secure.gravatar.com\\\/avatar\\\/a7358cb406a99b682ec6df1e77e31ae82e63601f6784e8a3df411d72b37864da?s=96&d=mm&r=g\",\"caption\":\"Leonardo Francisco\"},\"url\":\"https:\\\/\\\/redenoticiaz.com.br\\\/litoralsp\\\/author\\\/leonardo-francisco\"}]}<\/script>\n<!-- \/ Yoast SEO plugin. -->","yoast_head_json":{"title":"\u00c1reas ambientais danificadas rendem multa superior de R$ 40 mil - Litoral SP","description":"A Pol\u00edcia Ambiental realizou uma s\u00e9rie de fiscaliza\u00e7\u00f5es em diversos pontos da Baixada Santista, para garantir a preserva\u00e7\u00e3o das \u00e1reas ambientais. A inten\u00e7\u00e3o","robots":{"index":"index","follow":"follow","max-snippet":"max-snippet:-1","max-image-preview":"max-image-preview:large","max-video-preview":"max-video-preview:-1"},"canonical":"https:\/\/redenoticiaz.com.br\/litoralsp\/2021\/03\/19\/areas-ambientais-danificadas-rendem-multa-superior-de-r-40-mil","og_locale":"pt_BR","og_type":"article","og_title":"\u00c1reas ambientais danificadas rendem multa superior de R$ 40 mil - Litoral SP","og_description":"A Pol\u00edcia Ambiental realizou uma s\u00e9rie de fiscaliza\u00e7\u00f5es em diversos pontos da Baixada Santista, para garantir a preserva\u00e7\u00e3o das \u00e1reas ambientais. A inten\u00e7\u00e3o","og_url":"https:\/\/redenoticiaz.com.br\/litoralsp\/2021\/03\/19\/areas-ambientais-danificadas-rendem-multa-superior-de-r-40-mil","og_site_name":"Litoral SP","article_published_time":"2021-03-19T23:20:14+00:00","article_modified_time":"2021-03-19T23:21:20+00:00","og_image":[{"width":1040,"height":780,"url":"https:\/\/redenoticiaz.com.br\/litoralsp\/wp-content\/uploads\/sites\/3\/2021\/03\/whatsapp-image-2021-03-19-at-16-49-09-1.jpeg","type":"image\/jpeg"}],"author":"Leonardo Francisco","twitter_card":"summary_large_image","twitter_misc":{"Escrito por":"Leonardo Francisco","Est. tempo de leitura":"2 minutos"},"schema":{"@context":"https:\/\/schema.org","@graph":[{"@type":"Article","@id":"https:\/\/redenoticiaz.com.br\/litoralsp\/2021\/03\/19\/areas-ambientais-danificadas-rendem-multa-superior-de-r-40-mil#article","isPartOf":{"@id":"https:\/\/redenoticiaz.com.br\/litoralsp\/2021\/03\/19\/areas-ambientais-danificadas-rendem-multa-superior-de-r-40-mil"},"author":{"name":"Leonardo Francisco","@id":"https:\/\/redenoticiaz.com.br\/litoralsp\/#\/schema\/person\/0f0b8a5bdafefe82841e07ae8d81ecb3"},"headline":"\u00c1reas ambientais danificadas rendem multa superior de R$ 40 mil","datePublished":"2021-03-19T23:20:14+00:00","dateModified":"2021-03-19T23:21:20+00:00","mainEntityOfPage":{"@id":"https:\/\/redenoticiaz.com.br\/litoralsp\/2021\/03\/19\/areas-ambientais-danificadas-rendem-multa-superior-de-r-40-mil"},"wordCount":330,"commentCount":0,"publisher":{"@id":"https:\/\/redenoticiaz.com.br\/litoralsp\/#organization"},"image":{"@id":"https:\/\/redenoticiaz.com.br\/litoralsp\/2021\/03\/19\/areas-ambientais-danificadas-rendem-multa-superior-de-r-40-mil#primaryimage"},"thumbnailUrl":"https:\/\/redenoticiaz.com.br\/litoralsp\/wp-content\/uploads\/sites\/3\/2021\/03\/whatsapp-image-2021-03-19-at-16-49-09-1.jpeg","keywords":["\u00c1REAS DEGRADADAS","CUBAT\u00c3O","ITANHA\u00c9M","POL\u00cdCIA AMBIENTAL","S\u00e3o Vicente"],"articleSection":["Cubat\u00e3o","Itanha\u00e9m","Pol\u00edcia","S\u00e3o Vicente"],"inLanguage":"pt-BR","potentialAction":[{"@type":"CommentAction","name":"Comment","target":["https:\/\/redenoticiaz.com.br\/litoralsp\/2021\/03\/19\/areas-ambientais-danificadas-rendem-multa-superior-de-r-40-mil#respond"]}]},{"@type":"WebPage","@id":"https:\/\/redenoticiaz.com.br\/litoralsp\/2021\/03\/19\/areas-ambientais-danificadas-rendem-multa-superior-de-r-40-mil","url":"https:\/\/redenoticiaz.com.br\/litoralsp\/2021\/03\/19\/areas-ambientais-danificadas-rendem-multa-superior-de-r-40-mil","name":"\u00c1reas ambientais danificadas rendem multa superior de R$ 40 mil - Litoral SP","isPartOf":{"@id":"https:\/\/redenoticiaz.com.br\/litoralsp\/#website"},"primaryImageOfPage":{"@id":"https:\/\/redenoticiaz.com.br\/litoralsp\/2021\/03\/19\/areas-ambientais-danificadas-rendem-multa-superior-de-r-40-mil#primaryimage"},"image":{"@id":"https:\/\/redenoticiaz.com.br\/litoralsp\/2021\/03\/19\/areas-ambientais-danificadas-rendem-multa-superior-de-r-40-mil#primaryimage"},"thumbnailUrl":"https:\/\/redenoticiaz.com.br\/litoralsp\/wp-content\/uploads\/sites\/3\/2021\/03\/whatsapp-image-2021-03-19-at-16-49-09-1.jpeg","datePublished":"2021-03-19T23:20:14+00:00","dateModified":"2021-03-19T23:21:20+00:00","description":"A Pol\u00edcia Ambiental realizou uma s\u00e9rie de fiscaliza\u00e7\u00f5es em diversos pontos da Baixada Santista, para garantir a preserva\u00e7\u00e3o das \u00e1reas ambientais. A inten\u00e7\u00e3o","inLanguage":"pt-BR","potentialAction":[{"@type":"ReadAction","target":["https:\/\/redenoticiaz.com.br\/litoralsp\/2021\/03\/19\/areas-ambientais-danificadas-rendem-multa-superior-de-r-40-mil"]}]},{"@type":"ImageObject","inLanguage":"pt-BR","@id":"https:\/\/redenoticiaz.com.br\/litoralsp\/2021\/03\/19\/areas-ambientais-danificadas-rendem-multa-superior-de-r-40-mil#primaryimage","url":"https:\/\/redenoticiaz.com.br\/litoralsp\/wp-content\/uploads\/sites\/3\/2021\/03\/whatsapp-image-2021-03-19-at-16-49-09-1.jpeg","contentUrl":"https:\/\/redenoticiaz.com.br\/litoralsp\/wp-content\/uploads\/sites\/3\/2021\/03\/whatsapp-image-2021-03-19-at-16-49-09-1.jpeg","width":1040,"height":780,"caption":"Cr\u00e9ditos: Divulga\u00e7\u00e3o\/Pol\u00edcia Ambiental"},{"@type":"WebSite","@id":"https:\/\/redenoticiaz.com.br\/litoralsp\/#website","url":"https:\/\/redenoticiaz.com.br\/litoralsp\/","name":"Litoral SP","description":"Rede NoticiaZ","publisher":{"@id":"https:\/\/redenoticiaz.com.br\/litoralsp\/#organization"},"potentialAction":[{"@type":"SearchAction","target":{"@type":"EntryPoint","urlTemplate":"https:\/\/redenoticiaz.com.br\/litoralsp\/?s={search_term_string}"},"query-input":{"@type":"PropertyValueSpecification","valueRequired":true,"valueName":"search_term_string"}}],"inLanguage":"pt-BR"},{"@type":"Organization","@id":"https:\/\/redenoticiaz.com.br\/litoralsp\/#organization","name":"Litoral SP","url":"https:\/\/redenoticiaz.com.br\/litoralsp\/","logo":{"@type":"ImageObject","inLanguage":"pt-BR","@id":"https:\/\/redenoticiaz.com.br\/litoralsp\/#\/schema\/logo\/image\/","url":"https:\/\/redenoticiaz.com.br\/litoralsp\/wp-content\/uploads\/sites\/3\/2020\/11\/logo.jpg","contentUrl":"https:\/\/redenoticiaz.com.br\/litoralsp\/wp-content\/uploads\/sites\/3\/2020\/11\/logo.jpg","width":400,"height":250,"caption":"Litoral SP"},"image":{"@id":"https:\/\/redenoticiaz.com.br\/litoralsp\/#\/schema\/logo\/image\/"}},{"@type":"Person","@id":"https:\/\/redenoticiaz.com.br\/litoralsp\/#\/schema\/person\/0f0b8a5bdafefe82841e07ae8d81ecb3","name":"Leonardo Francisco","image":{"@type":"ImageObject","inLanguage":"pt-BR","@id":"https:\/\/secure.gravatar.com\/avatar\/a7358cb406a99b682ec6df1e77e31ae82e63601f6784e8a3df411d72b37864da?s=96&d=mm&r=g","url":"https:\/\/secure.gravatar.com\/avatar\/a7358cb406a99b682ec6df1e77e31ae82e63601f6784e8a3df411d72b37864da?s=96&d=mm&r=g","contentUrl":"https:\/\/secure.gravatar.com\/avatar\/a7358cb406a99b682ec6df1e77e31ae82e63601f6784e8a3df411d72b37864da?s=96&d=mm&r=g","caption":"Leonardo Francisco"},"url":"https:\/\/redenoticiaz.com.br\/litoralsp\/author\/leonardo-francisco"}]}},"_links":{"self":[{"href":"https:\/\/redenoticiaz.com.br\/litoralsp\/wp-json\/wp\/v2\/posts\/5918","targetHints":{"allow":["GET"]}}],"collection":[{"href":"https:\/\/redenoticiaz.com.br\/litoralsp\/wp-json\/wp\/v2\/posts"}],"about":[{"href":"https:\/\/redenoticiaz.com.br\/litoralsp\/wp-json\/wp\/v2\/types\/post"}],"author":[{"embeddable":true,"href":"https:\/\/redenoticiaz.com.br\/litoralsp\/wp-json\/wp\/v2\/users\/6"}],"replies":[{"embeddable":true,"href":"https:\/\/redenoticiaz.com.br\/litoralsp\/wp-json\/wp\/v2\/comments?post=5918"}],"version-history":[{"count":1,"href":"https:\/\/redenoticiaz.com.br\/litoralsp\/wp-json\/wp\/v2\/posts\/5918\/revisions"}],"predecessor-version":[{"id":5922,"href":"https:\/\/redenoticiaz.com.br\/litoralsp\/wp-json\/wp\/v2\/posts\/5918\/revisions\/5922"}],"wp:featuredmedia":[{"embeddable":true,"href":"https:\/\/redenoticiaz.com.br\/litoralsp\/wp-json\/wp\/v2\/media\/5921"}],"wp:attachment":[{"href":"https:\/\/redenoticiaz.com.br\/litoralsp\/wp-json\/wp\/v2\/media?parent=5918"}],"wp:term":[{"taxonomy":"category","embeddable":true,"href":"https:\/\/redenoticiaz.com.br\/litoralsp\/wp-json\/wp\/v2\/categories?post=5918"},{"taxonomy":"post_tag","embeddable":true,"href":"https:\/\/redenoticiaz.com.br\/litoralsp\/wp-json\/wp\/v2\/tags?post=5918"}],"curies":[{"name":"wp","href":"https:\/\/api.w.org\/{rel}","templated":true}]}}