{"id":5923,"date":"2021-03-19T20:31:16","date_gmt":"2021-03-19T23:31:16","guid":{"rendered":"https:\/\/redenoticiaz.com.br\/litoralsp\/?p=5923"},"modified":"2021-03-20T16:56:11","modified_gmt":"2021-03-20T19:56:11","slug":"lockdown-inteligente-vai-funcionar-na-baixada","status":"publish","type":"post","link":"https:\/\/redenoticiaz.com.br\/litoralsp\/2021\/03\/19\/lockdown-inteligente-vai-funcionar-na-baixada","title":{"rendered":"Lockdown inteligente vai funcionar na Baixada"},"content":{"rendered":"<p>A partir da pr\u00f3xima ter\u00e7a-feira (23), a Baixada Santista ir\u00e1 fazer uma restri\u00e7\u00e3o maior. A regi\u00e3o entrar\u00e1 numa esp\u00e9cie de <strong>lockdown inteligente<\/strong> e segundo o <a href=\"https:\/\/www.agem.sp.gov.br\/?page_id=965\">Conselho de Desenvolvimento da Regi\u00e3o Metropolitana da Baixada Santista<\/a> (Condesb) ele ir\u00e1 duas semanas.<\/p>\n<p>A medida ir\u00e1 proibir o funcionamento de alguns setores e ir\u00e1 limitar o funcionamento dos servi\u00e7os considerados essenciais. Com esse lockdown inteligente, as nove prefeituras da Baixada Santista esperam reduzir os n\u00fameros de casos, interna\u00e7\u00f5es e mortes provocadas pelo coronav\u00edrus. Em Santos, por exemplo, a ocupa\u00e7\u00e3o dos leitos de UTI chegou a 76% no geral. Mas j\u00e1 hospitais que n\u00e3o podem mais receber pacientes com COVID-19.<\/p>\n<p>Entre as restri\u00e7\u00f5es impostas est\u00e3o as feiras livres, que agora n\u00e3o ser\u00e3o realizadas durante esta fase de lockdown. O prazo para ela ser encerrada \u00e9 4 de abril, mas para que isso aconte\u00e7a, os \u00edndices de interna\u00e7\u00f5es, casos e mortes por COVID-19 precisam cair.<\/p>\n<h3>Veja o que pode e o que n\u00e3o pode funcionar no lockdown inteligente<\/h3>\n<p><strong>Permitido:<\/strong><\/p>\n<p>Seguran\u00e7a privada de estabelecimentos comerciais e de pr\u00e9dios;<br \/>\nInd\u00fastrias essenciais de servi\u00e7os;<br \/>\nTransporte individual por aplicativos;<br \/>\nTransporte p\u00fablico com restri\u00e7\u00f5es de hor\u00e1rio, per\u00edodo da manh\u00e3 e fim do dia;<br \/>\nDelivery de servi\u00e7os essenciais e de alimenta\u00e7\u00e3o at\u00e9 22h;<br \/>\nLojas de materiais de constru\u00e7\u00e3o e restaurantes, com portas fechadas;<br \/>\nServi\u00e7os essenciais;<br \/>\nCom\u00e9rcio atacadista e hortifruti para garantir abastecimento de mercados;<br \/>\nTransporte de valores;<br \/>\nFarm\u00e1cias 24 horas, cl\u00ednicas, atendimento hospitalar, consult\u00f3rio m\u00e9dico emergencial, cl\u00ednicas veterin\u00e1rias;<br \/>\nPadarias, supermercados e pequenas vendas est\u00e3o permitidos at\u00e9 \u00e0s 20h;<br \/>\nHipermercados at\u00e9 20h, sem a venda de eletrodom\u00e9sticos, roupas e artigos que n\u00e3o sejam de alimenta\u00e7\u00e3o, que n\u00e3o sejam de higiene, ou produtos b\u00e1sicos.<\/p>\n<p><strong>Proibido<\/strong><\/p>\n<p>Feiras livres;<br \/>\nObras civis p\u00fablicas e particulares (permitidas em casos de urg\u00eancia ou manuten\u00e7\u00e3o);<br \/>\nHot\u00e9is e pens\u00f5es;<br \/>\nCom\u00e9rcio de im\u00f3veis de temporada.<\/p>\n<p><strong>Leia tamb\u00e9m<\/strong><\/p>\n<p><a href=\"https:\/\/redenoticiaz.com.br\/litoralsp\/2021\/03\/19\/sistema-anchieta-imigrantes-nao-tera-operacao-descida\">Sistema Anchieta-Imigrantes n\u00e3o ter\u00e1 Opera\u00e7\u00e3o Descida<\/a><\/p>\n","protected":false},"excerpt":{"rendered":"<p>A partir da pr\u00f3xima ter\u00e7a-feira (23), a Baixada Santista ir\u00e1 fazer uma restri\u00e7\u00e3o maior. A regi\u00e3o entrar\u00e1 numa esp\u00e9cie de lockdown inteligente e segundo o Conselho de Desenvolvimento da Regi\u00e3o Metropolitana da Baixada Santista (Condesb) ele ir\u00e1 duas semanas. A medida ir\u00e1 proibir o funcionamento de alguns setores e ir\u00e1 limitar o funcionamento dos servi\u00e7os &hellip;<\/p>\n","protected":false},"author":6,"featured_media":5924,"comment_status":"open","ping_status":"closed","sticky":false,"template":"","format":"standard","meta":{"footnotes":""},"categories":[97,180,23],"tags":[1148,1979,36,16046,986],"class_list":["post-5923","post","type-post","status-publish","format-standard","has-post-thumbnail","hentry","category-economia","category-santos","category-saude","tag-baixada-santista","tag-condesb","tag-covid-19","tag-lockdown-inteligente","tag-santos"],"yoast_head":"<!-- This site is optimized with the Yoast SEO plugin v27.5 - https:\/\/yoast.com\/product\/yoast-seo-wordpress\/ -->\n<title>Lockdown inteligente vai funcionar na Baixada - Litoral SP<\/title>\n<meta name=\"description\" content=\"A partir da pr\u00f3xima ter\u00e7a-feira (23), a Baixada Santista ir\u00e1 fazer uma restri\u00e7\u00e3o maior. A regi\u00e3o entrar\u00e1 numa esp\u00e9cie de lockdown inteligente e segundo\" \/>\n<meta name=\"robots\" content=\"index, follow, max-snippet:-1, max-image-preview:large, max-video-preview:-1\" \/>\n<link rel=\"canonical\" href=\"https:\/\/redenoticiaz.com.br\/litoralsp\/2021\/03\/19\/lockdown-inteligente-vai-funcionar-na-baixada\" \/>\n<meta property=\"og:locale\" content=\"pt_BR\" \/>\n<meta property=\"og:type\" content=\"article\" \/>\n<meta property=\"og:title\" content=\"Lockdown inteligente vai funcionar na Baixada - Litoral SP\" \/>\n<meta property=\"og:description\" content=\"A partir da pr\u00f3xima ter\u00e7a-feira (23), a Baixada Santista ir\u00e1 fazer uma restri\u00e7\u00e3o maior. A regi\u00e3o entrar\u00e1 numa esp\u00e9cie de lockdown inteligente e segundo\" \/>\n<meta property=\"og:url\" content=\"https:\/\/redenoticiaz.com.br\/litoralsp\/2021\/03\/19\/lockdown-inteligente-vai-funcionar-na-baixada\" \/>\n<meta property=\"og:site_name\" content=\"Litoral SP\" \/>\n<meta property=\"article:published_time\" content=\"2021-03-19T23:31:16+00:00\" \/>\n<meta property=\"article:modified_time\" content=\"2021-03-20T19:56:11+00:00\" \/>\n<meta property=\"og:image\" content=\"https:\/\/redenoticiaz.com.br\/litoralsp\/wp-content\/uploads\/sites\/3\/2021\/03\/comercio.jpg\" \/>\n\t<meta property=\"og:image:width\" content=\"780\" \/>\n\t<meta property=\"og:image:height\" content=\"519\" \/>\n\t<meta property=\"og:image:type\" content=\"image\/jpeg\" \/>\n<meta name=\"author\" content=\"Leonardo Francisco\" \/>\n<meta name=\"twitter:card\" content=\"summary_large_image\" \/>\n<meta name=\"twitter:label1\" content=\"Escrito por\" \/>\n\t<meta name=\"twitter:data1\" content=\"Leonardo Francisco\" \/>\n\t<meta name=\"twitter:label2\" content=\"Est. tempo de leitura\" \/>\n\t<meta name=\"twitter:data2\" content=\"2 minutos\" \/>\n<script type=\"application\/ld+json\" class=\"yoast-schema-graph\">{\"@context\":\"https:\\\/\\\/schema.org\",\"@graph\":[{\"@type\":\"Article\",\"@id\":\"https:\\\/\\\/redenoticiaz.com.br\\\/litoralsp\\\/2021\\\/03\\\/19\\\/lockdown-inteligente-vai-funcionar-na-baixada#article\",\"isPartOf\":{\"@id\":\"https:\\\/\\\/redenoticiaz.com.br\\\/litoralsp\\\/2021\\\/03\\\/19\\\/lockdown-inteligente-vai-funcionar-na-baixada\"},\"author\":{\"name\":\"Leonardo Francisco\",\"@id\":\"https:\\\/\\\/redenoticiaz.com.br\\\/litoralsp\\\/#\\\/schema\\\/person\\\/0f0b8a5bdafefe82841e07ae8d81ecb3\"},\"headline\":\"Lockdown inteligente vai funcionar na Baixada\",\"datePublished\":\"2021-03-19T23:31:16+00:00\",\"dateModified\":\"2021-03-20T19:56:11+00:00\",\"mainEntityOfPage\":{\"@id\":\"https:\\\/\\\/redenoticiaz.com.br\\\/litoralsp\\\/2021\\\/03\\\/19\\\/lockdown-inteligente-vai-funcionar-na-baixada\"},\"wordCount\":356,\"commentCount\":0,\"publisher\":{\"@id\":\"https:\\\/\\\/redenoticiaz.com.br\\\/litoralsp\\\/#organization\"},\"image\":{\"@id\":\"https:\\\/\\\/redenoticiaz.com.br\\\/litoralsp\\\/2021\\\/03\\\/19\\\/lockdown-inteligente-vai-funcionar-na-baixada#primaryimage\"},\"thumbnailUrl\":\"https:\\\/\\\/redenoticiaz.com.br\\\/litoralsp\\\/wp-content\\\/uploads\\\/sites\\\/3\\\/2021\\\/03\\\/comercio.jpg\",\"keywords\":[\"BAIXADA SANTISTA\",\"CONDESB\",\"Covid-19\",\"LOCKDOWN INTELIGENTE\",\"Santos\"],\"articleSection\":[\"Economia\",\"Santos\",\"Sa\u00fade\"],\"inLanguage\":\"pt-BR\",\"potentialAction\":[{\"@type\":\"CommentAction\",\"name\":\"Comment\",\"target\":[\"https:\\\/\\\/redenoticiaz.com.br\\\/litoralsp\\\/2021\\\/03\\\/19\\\/lockdown-inteligente-vai-funcionar-na-baixada#respond\"]}]},{\"@type\":\"WebPage\",\"@id\":\"https:\\\/\\\/redenoticiaz.com.br\\\/litoralsp\\\/2021\\\/03\\\/19\\\/lockdown-inteligente-vai-funcionar-na-baixada\",\"url\":\"https:\\\/\\\/redenoticiaz.com.br\\\/litoralsp\\\/2021\\\/03\\\/19\\\/lockdown-inteligente-vai-funcionar-na-baixada\",\"name\":\"Lockdown inteligente vai funcionar na Baixada - Litoral SP\",\"isPartOf\":{\"@id\":\"https:\\\/\\\/redenoticiaz.com.br\\\/litoralsp\\\/#website\"},\"primaryImageOfPage\":{\"@id\":\"https:\\\/\\\/redenoticiaz.com.br\\\/litoralsp\\\/2021\\\/03\\\/19\\\/lockdown-inteligente-vai-funcionar-na-baixada#primaryimage\"},\"image\":{\"@id\":\"https:\\\/\\\/redenoticiaz.com.br\\\/litoralsp\\\/2021\\\/03\\\/19\\\/lockdown-inteligente-vai-funcionar-na-baixada#primaryimage\"},\"thumbnailUrl\":\"https:\\\/\\\/redenoticiaz.com.br\\\/litoralsp\\\/wp-content\\\/uploads\\\/sites\\\/3\\\/2021\\\/03\\\/comercio.jpg\",\"datePublished\":\"2021-03-19T23:31:16+00:00\",\"dateModified\":\"2021-03-20T19:56:11+00:00\",\"description\":\"A partir da pr\u00f3xima ter\u00e7a-feira (23), a Baixada Santista ir\u00e1 fazer uma restri\u00e7\u00e3o maior. A regi\u00e3o entrar\u00e1 numa esp\u00e9cie de lockdown inteligente e segundo\",\"inLanguage\":\"pt-BR\",\"potentialAction\":[{\"@type\":\"ReadAction\",\"target\":[\"https:\\\/\\\/redenoticiaz.com.br\\\/litoralsp\\\/2021\\\/03\\\/19\\\/lockdown-inteligente-vai-funcionar-na-baixada\"]}]},{\"@type\":\"ImageObject\",\"inLanguage\":\"pt-BR\",\"@id\":\"https:\\\/\\\/redenoticiaz.com.br\\\/litoralsp\\\/2021\\\/03\\\/19\\\/lockdown-inteligente-vai-funcionar-na-baixada#primaryimage\",\"url\":\"https:\\\/\\\/redenoticiaz.com.br\\\/litoralsp\\\/wp-content\\\/uploads\\\/sites\\\/3\\\/2021\\\/03\\\/comercio.jpg\",\"contentUrl\":\"https:\\\/\\\/redenoticiaz.com.br\\\/litoralsp\\\/wp-content\\\/uploads\\\/sites\\\/3\\\/2021\\\/03\\\/comercio.jpg\",\"width\":780,\"height\":519,\"caption\":\"Lockdown inteligente vai funcionar na Baixada\"},{\"@type\":\"WebSite\",\"@id\":\"https:\\\/\\\/redenoticiaz.com.br\\\/litoralsp\\\/#website\",\"url\":\"https:\\\/\\\/redenoticiaz.com.br\\\/litoralsp\\\/\",\"name\":\"Litoral SP\",\"description\":\"Rede NoticiaZ\",\"publisher\":{\"@id\":\"https:\\\/\\\/redenoticiaz.com.br\\\/litoralsp\\\/#organization\"},\"potentialAction\":[{\"@type\":\"SearchAction\",\"target\":{\"@type\":\"EntryPoint\",\"urlTemplate\":\"https:\\\/\\\/redenoticiaz.com.br\\\/litoralsp\\\/?s={search_term_string}\"},\"query-input\":{\"@type\":\"PropertyValueSpecification\",\"valueRequired\":true,\"valueName\":\"search_term_string\"}}],\"inLanguage\":\"pt-BR\"},{\"@type\":\"Organization\",\"@id\":\"https:\\\/\\\/redenoticiaz.com.br\\\/litoralsp\\\/#organization\",\"name\":\"Litoral SP\",\"url\":\"https:\\\/\\\/redenoticiaz.com.br\\\/litoralsp\\\/\",\"logo\":{\"@type\":\"ImageObject\",\"inLanguage\":\"pt-BR\",\"@id\":\"https:\\\/\\\/redenoticiaz.com.br\\\/litoralsp\\\/#\\\/schema\\\/logo\\\/image\\\/\",\"url\":\"https:\\\/\\\/redenoticiaz.com.br\\\/litoralsp\\\/wp-content\\\/uploads\\\/sites\\\/3\\\/2020\\\/11\\\/logo.jpg\",\"contentUrl\":\"https:\\\/\\\/redenoticiaz.com.br\\\/litoralsp\\\/wp-content\\\/uploads\\\/sites\\\/3\\\/2020\\\/11\\\/logo.jpg\",\"width\":400,\"height\":250,\"caption\":\"Litoral SP\"},\"image\":{\"@id\":\"https:\\\/\\\/redenoticiaz.com.br\\\/litoralsp\\\/#\\\/schema\\\/logo\\\/image\\\/\"}},{\"@type\":\"Person\",\"@id\":\"https:\\\/\\\/redenoticiaz.com.br\\\/litoralsp\\\/#\\\/schema\\\/person\\\/0f0b8a5bdafefe82841e07ae8d81ecb3\",\"name\":\"Leonardo Francisco\",\"image\":{\"@type\":\"ImageObject\",\"inLanguage\":\"pt-BR\",\"@id\":\"https:\\\/\\\/secure.gravatar.com\\\/avatar\\\/a7358cb406a99b682ec6df1e77e31ae82e63601f6784e8a3df411d72b37864da?s=96&d=mm&r=g\",\"url\":\"https:\\\/\\\/secure.gravatar.com\\\/avatar\\\/a7358cb406a99b682ec6df1e77e31ae82e63601f6784e8a3df411d72b37864da?s=96&d=mm&r=g\",\"contentUrl\":\"https:\\\/\\\/secure.gravatar.com\\\/avatar\\\/a7358cb406a99b682ec6df1e77e31ae82e63601f6784e8a3df411d72b37864da?s=96&d=mm&r=g\",\"caption\":\"Leonardo Francisco\"},\"url\":\"https:\\\/\\\/redenoticiaz.com.br\\\/litoralsp\\\/author\\\/leonardo-francisco\"}]}<\/script>\n<!-- \/ Yoast SEO plugin. -->","yoast_head_json":{"title":"Lockdown inteligente vai funcionar na Baixada - Litoral SP","description":"A partir da pr\u00f3xima ter\u00e7a-feira (23), a Baixada Santista ir\u00e1 fazer uma restri\u00e7\u00e3o maior. A regi\u00e3o entrar\u00e1 numa esp\u00e9cie de lockdown inteligente e segundo","robots":{"index":"index","follow":"follow","max-snippet":"max-snippet:-1","max-image-preview":"max-image-preview:large","max-video-preview":"max-video-preview:-1"},"canonical":"https:\/\/redenoticiaz.com.br\/litoralsp\/2021\/03\/19\/lockdown-inteligente-vai-funcionar-na-baixada","og_locale":"pt_BR","og_type":"article","og_title":"Lockdown inteligente vai funcionar na Baixada - Litoral SP","og_description":"A partir da pr\u00f3xima ter\u00e7a-feira (23), a Baixada Santista ir\u00e1 fazer uma restri\u00e7\u00e3o maior. A regi\u00e3o entrar\u00e1 numa esp\u00e9cie de lockdown inteligente e segundo","og_url":"https:\/\/redenoticiaz.com.br\/litoralsp\/2021\/03\/19\/lockdown-inteligente-vai-funcionar-na-baixada","og_site_name":"Litoral SP","article_published_time":"2021-03-19T23:31:16+00:00","article_modified_time":"2021-03-20T19:56:11+00:00","og_image":[{"width":780,"height":519,"url":"https:\/\/redenoticiaz.com.br\/litoralsp\/wp-content\/uploads\/sites\/3\/2021\/03\/comercio.jpg","type":"image\/jpeg"}],"author":"Leonardo Francisco","twitter_card":"summary_large_image","twitter_misc":{"Escrito por":"Leonardo Francisco","Est. tempo de leitura":"2 minutos"},"schema":{"@context":"https:\/\/schema.org","@graph":[{"@type":"Article","@id":"https:\/\/redenoticiaz.com.br\/litoralsp\/2021\/03\/19\/lockdown-inteligente-vai-funcionar-na-baixada#article","isPartOf":{"@id":"https:\/\/redenoticiaz.com.br\/litoralsp\/2021\/03\/19\/lockdown-inteligente-vai-funcionar-na-baixada"},"author":{"name":"Leonardo Francisco","@id":"https:\/\/redenoticiaz.com.br\/litoralsp\/#\/schema\/person\/0f0b8a5bdafefe82841e07ae8d81ecb3"},"headline":"Lockdown inteligente vai funcionar na Baixada","datePublished":"2021-03-19T23:31:16+00:00","dateModified":"2021-03-20T19:56:11+00:00","mainEntityOfPage":{"@id":"https:\/\/redenoticiaz.com.br\/litoralsp\/2021\/03\/19\/lockdown-inteligente-vai-funcionar-na-baixada"},"wordCount":356,"commentCount":0,"publisher":{"@id":"https:\/\/redenoticiaz.com.br\/litoralsp\/#organization"},"image":{"@id":"https:\/\/redenoticiaz.com.br\/litoralsp\/2021\/03\/19\/lockdown-inteligente-vai-funcionar-na-baixada#primaryimage"},"thumbnailUrl":"https:\/\/redenoticiaz.com.br\/litoralsp\/wp-content\/uploads\/sites\/3\/2021\/03\/comercio.jpg","keywords":["BAIXADA SANTISTA","CONDESB","Covid-19","LOCKDOWN INTELIGENTE","Santos"],"articleSection":["Economia","Santos","Sa\u00fade"],"inLanguage":"pt-BR","potentialAction":[{"@type":"CommentAction","name":"Comment","target":["https:\/\/redenoticiaz.com.br\/litoralsp\/2021\/03\/19\/lockdown-inteligente-vai-funcionar-na-baixada#respond"]}]},{"@type":"WebPage","@id":"https:\/\/redenoticiaz.com.br\/litoralsp\/2021\/03\/19\/lockdown-inteligente-vai-funcionar-na-baixada","url":"https:\/\/redenoticiaz.com.br\/litoralsp\/2021\/03\/19\/lockdown-inteligente-vai-funcionar-na-baixada","name":"Lockdown inteligente vai funcionar na Baixada - Litoral SP","isPartOf":{"@id":"https:\/\/redenoticiaz.com.br\/litoralsp\/#website"},"primaryImageOfPage":{"@id":"https:\/\/redenoticiaz.com.br\/litoralsp\/2021\/03\/19\/lockdown-inteligente-vai-funcionar-na-baixada#primaryimage"},"image":{"@id":"https:\/\/redenoticiaz.com.br\/litoralsp\/2021\/03\/19\/lockdown-inteligente-vai-funcionar-na-baixada#primaryimage"},"thumbnailUrl":"https:\/\/redenoticiaz.com.br\/litoralsp\/wp-content\/uploads\/sites\/3\/2021\/03\/comercio.jpg","datePublished":"2021-03-19T23:31:16+00:00","dateModified":"2021-03-20T19:56:11+00:00","description":"A partir da pr\u00f3xima ter\u00e7a-feira (23), a Baixada Santista ir\u00e1 fazer uma restri\u00e7\u00e3o maior. A regi\u00e3o entrar\u00e1 numa esp\u00e9cie de lockdown inteligente e segundo","inLanguage":"pt-BR","potentialAction":[{"@type":"ReadAction","target":["https:\/\/redenoticiaz.com.br\/litoralsp\/2021\/03\/19\/lockdown-inteligente-vai-funcionar-na-baixada"]}]},{"@type":"ImageObject","inLanguage":"pt-BR","@id":"https:\/\/redenoticiaz.com.br\/litoralsp\/2021\/03\/19\/lockdown-inteligente-vai-funcionar-na-baixada#primaryimage","url":"https:\/\/redenoticiaz.com.br\/litoralsp\/wp-content\/uploads\/sites\/3\/2021\/03\/comercio.jpg","contentUrl":"https:\/\/redenoticiaz.com.br\/litoralsp\/wp-content\/uploads\/sites\/3\/2021\/03\/comercio.jpg","width":780,"height":519,"caption":"Lockdown inteligente vai funcionar na Baixada"},{"@type":"WebSite","@id":"https:\/\/redenoticiaz.com.br\/litoralsp\/#website","url":"https:\/\/redenoticiaz.com.br\/litoralsp\/","name":"Litoral SP","description":"Rede NoticiaZ","publisher":{"@id":"https:\/\/redenoticiaz.com.br\/litoralsp\/#organization"},"potentialAction":[{"@type":"SearchAction","target":{"@type":"EntryPoint","urlTemplate":"https:\/\/redenoticiaz.com.br\/litoralsp\/?s={search_term_string}"},"query-input":{"@type":"PropertyValueSpecification","valueRequired":true,"valueName":"search_term_string"}}],"inLanguage":"pt-BR"},{"@type":"Organization","@id":"https:\/\/redenoticiaz.com.br\/litoralsp\/#organization","name":"Litoral SP","url":"https:\/\/redenoticiaz.com.br\/litoralsp\/","logo":{"@type":"ImageObject","inLanguage":"pt-BR","@id":"https:\/\/redenoticiaz.com.br\/litoralsp\/#\/schema\/logo\/image\/","url":"https:\/\/redenoticiaz.com.br\/litoralsp\/wp-content\/uploads\/sites\/3\/2020\/11\/logo.jpg","contentUrl":"https:\/\/redenoticiaz.com.br\/litoralsp\/wp-content\/uploads\/sites\/3\/2020\/11\/logo.jpg","width":400,"height":250,"caption":"Litoral SP"},"image":{"@id":"https:\/\/redenoticiaz.com.br\/litoralsp\/#\/schema\/logo\/image\/"}},{"@type":"Person","@id":"https:\/\/redenoticiaz.com.br\/litoralsp\/#\/schema\/person\/0f0b8a5bdafefe82841e07ae8d81ecb3","name":"Leonardo Francisco","image":{"@type":"ImageObject","inLanguage":"pt-BR","@id":"https:\/\/secure.gravatar.com\/avatar\/a7358cb406a99b682ec6df1e77e31ae82e63601f6784e8a3df411d72b37864da?s=96&d=mm&r=g","url":"https:\/\/secure.gravatar.com\/avatar\/a7358cb406a99b682ec6df1e77e31ae82e63601f6784e8a3df411d72b37864da?s=96&d=mm&r=g","contentUrl":"https:\/\/secure.gravatar.com\/avatar\/a7358cb406a99b682ec6df1e77e31ae82e63601f6784e8a3df411d72b37864da?s=96&d=mm&r=g","caption":"Leonardo Francisco"},"url":"https:\/\/redenoticiaz.com.br\/litoralsp\/author\/leonardo-francisco"}]}},"_links":{"self":[{"href":"https:\/\/redenoticiaz.com.br\/litoralsp\/wp-json\/wp\/v2\/posts\/5923","targetHints":{"allow":["GET"]}}],"collection":[{"href":"https:\/\/redenoticiaz.com.br\/litoralsp\/wp-json\/wp\/v2\/posts"}],"about":[{"href":"https:\/\/redenoticiaz.com.br\/litoralsp\/wp-json\/wp\/v2\/types\/post"}],"author":[{"embeddable":true,"href":"https:\/\/redenoticiaz.com.br\/litoralsp\/wp-json\/wp\/v2\/users\/6"}],"replies":[{"embeddable":true,"href":"https:\/\/redenoticiaz.com.br\/litoralsp\/wp-json\/wp\/v2\/comments?post=5923"}],"version-history":[{"count":2,"href":"https:\/\/redenoticiaz.com.br\/litoralsp\/wp-json\/wp\/v2\/posts\/5923\/revisions"}],"predecessor-version":[{"id":5927,"href":"https:\/\/redenoticiaz.com.br\/litoralsp\/wp-json\/wp\/v2\/posts\/5923\/revisions\/5927"}],"wp:featuredmedia":[{"embeddable":true,"href":"https:\/\/redenoticiaz.com.br\/litoralsp\/wp-json\/wp\/v2\/media\/5924"}],"wp:attachment":[{"href":"https:\/\/redenoticiaz.com.br\/litoralsp\/wp-json\/wp\/v2\/media?parent=5923"}],"wp:term":[{"taxonomy":"category","embeddable":true,"href":"https:\/\/redenoticiaz.com.br\/litoralsp\/wp-json\/wp\/v2\/categories?post=5923"},{"taxonomy":"post_tag","embeddable":true,"href":"https:\/\/redenoticiaz.com.br\/litoralsp\/wp-json\/wp\/v2\/tags?post=5923"}],"curies":[{"name":"wp","href":"https:\/\/api.w.org\/{rel}","templated":true}]}}