{"id":6195,"date":"2021-03-25T13:17:25","date_gmt":"2021-03-25T16:17:25","guid":{"rendered":"https:\/\/redenoticiaz.com.br\/litoralsp\/?p=6195"},"modified":"2021-03-25T13:17:50","modified_gmt":"2021-03-25T16:17:50","slug":"rodovia-dos-tamoios-e-interditada-em-caraguatatuba","status":"publish","type":"post","link":"https:\/\/redenoticiaz.com.br\/litoralsp\/2021\/03\/25\/rodovia-dos-tamoios-e-interditada-em-caraguatatuba","title":{"rendered":"Rodovia dos Tamoios \u00e9 interditada em Caraguatatuba"},"content":{"rendered":"<p>A manh\u00e3 desta quinta-feira (25) foi de dor de cabe\u00e7a para os motoristas que passaram pela <strong>Rodovia dos Tamoios<\/strong>, em <a href=\"http:\/\/www.caraguatatuba.sp.gov.br\/pmc\/\">Caraguatatuba<\/a>. Um <strong>caminh\u00e3o<\/strong> provocou uma interdi\u00e7\u00e3o, j\u00e1 que sofreu um acidente e o trecho de serra ficou congestionada.<\/p>\n<p>A Pol\u00edcia Rodovi\u00e1ria informa que o caminh\u00e3o tombou em uma ribanceira por volta das 9h na altura do km 73 da rodovia. O motorista ficou ferido, foi socorrido e levado ao hospital. A Pol\u00edcia Militar informou que o motorista perdeu o controle do caminh\u00e3o e ultrapassou o limite da pista, indo em dire\u00e7\u00e3o a um abismo. O ve\u00edculo caiu cerca de cinco metros, mas ficou preso em galhos de \u00e1rvores. A carroceria est\u00e1 carregada com produtos de limpeza e pesa cerca de duas toneladas.<\/p>\n<div class=\"mc-column content-text active-extra-styles \" data-block-type=\"unstyled\" data-block-weight=\"45\" data-block-id=\"5\">\n<p class=\"content-text__container \" data-track-category=\"Link no Texto\" data-track-links=\"\">O motorista ficou preso entre o banco e o volante. As equipes de resgate removeram a v\u00edtima das ferragens e ele foi levado pelo helic\u00f3ptero \u00c1guia ao hospital da Vila, em S\u00e3o Jos\u00e9. Segundo o Corpo de Bombeiros, o estado de sa\u00fade dele \u00e9 grave.<\/p>\n<\/div>\n<div class=\"mc-column content-text active-extra-styles \" data-block-type=\"unstyled\" data-block-weight=\"24\" data-block-id=\"6\">\n<p class=\"content-text__container \" data-track-category=\"Link no Texto\" data-track-links=\"\">Viaturas da Pol\u00edcia Militar, Pol\u00edcia Rodovi\u00e1ria Estadual, Servi\u00e7o de Atendimento M\u00f3vel de Urg\u00eancia, bombeiros e da concession\u00e1ria que administra a via atuaram na ocorr\u00eancia. Por causa do acidente, os dois sentidos da pista foram bloqueados e houve congestionamento no local. Por volta das 11h, foi iniciada opera\u00e7\u00e3o Pare e Siga no trecho do acidente e cerca de 30 minutos depois a via foi totalmente liberada.<\/p>\n<p data-track-category=\"Link no Texto\" data-track-links=\"\"><strong>Leia tamb\u00e9m<\/strong><\/p>\n<p data-track-category=\"Link no Texto\" data-track-links=\"\"><a href=\"https:\/\/redenoticiaz.com.br\/litoralsp\/2021\/03\/23\/vacina-com-idosos-de-69-anos-ou-mais-e-adiada-em-caraguatatuba\">Vacina com idosos de 69 anos ou mais \u00e9 adiada em Caraguatatuba<\/a><\/p>\n<\/div>\n","protected":false},"excerpt":{"rendered":"<p>A manh\u00e3 desta quinta-feira (25) foi de dor de cabe\u00e7a para os motoristas que passaram pela Rodovia dos Tamoios, em Caraguatatuba. Um caminh\u00e3o provocou uma interdi\u00e7\u00e3o, j\u00e1 que sofreu um acidente e o trecho de serra ficou congestionada. A Pol\u00edcia Rodovi\u00e1ria informa que o caminh\u00e3o tombou em uma ribanceira por volta das 9h na altura &hellip;<\/p>\n","protected":false},"author":6,"featured_media":6196,"comment_status":"open","ping_status":"closed","sticky":false,"template":"","format":"standard","meta":{"footnotes":""},"categories":[2881,5],"tags":[7,111,2742,2802,7367],"class_list":["post-6195","post","type-post","status-publish","format-standard","has-post-thumbnail","hentry","category-caraguatatuba","category-transito","tag-acidente","tag-caminhao","tag-caraguatatuba","tag-rodovia-dos-tamoios","tag-trecho-de-serra"],"yoast_head":"<!-- This site is optimized with the Yoast SEO plugin v27.5 - https:\/\/yoast.com\/product\/yoast-seo-wordpress\/ -->\n<title>Rodovia dos Tamoios \u00e9 interditada em Caraguatatuba - Litoral SP<\/title>\n<meta name=\"description\" content=\"A manh\u00e3 desta quinta-feira (25) foi de dor de cabe\u00e7a para os motoristas que passaram pela Rodovia dos Tamoios, em Caraguatatuba. Um caminh\u00e3o provocou\" \/>\n<meta name=\"robots\" content=\"index, follow, max-snippet:-1, max-image-preview:large, max-video-preview:-1\" \/>\n<link rel=\"canonical\" href=\"https:\/\/redenoticiaz.com.br\/litoralsp\/2021\/03\/25\/rodovia-dos-tamoios-e-interditada-em-caraguatatuba\" \/>\n<meta property=\"og:locale\" content=\"pt_BR\" \/>\n<meta property=\"og:type\" content=\"article\" \/>\n<meta property=\"og:title\" content=\"Rodovia dos Tamoios \u00e9 interditada em Caraguatatuba - Litoral SP\" \/>\n<meta property=\"og:description\" content=\"A manh\u00e3 desta quinta-feira (25) foi de dor de cabe\u00e7a para os motoristas que passaram pela Rodovia dos Tamoios, em Caraguatatuba. Um caminh\u00e3o provocou\" \/>\n<meta property=\"og:url\" content=\"https:\/\/redenoticiaz.com.br\/litoralsp\/2021\/03\/25\/rodovia-dos-tamoios-e-interditada-em-caraguatatuba\" \/>\n<meta property=\"og:site_name\" content=\"Litoral SP\" \/>\n<meta property=\"article:published_time\" content=\"2021-03-25T16:17:25+00:00\" \/>\n<meta property=\"article:modified_time\" content=\"2021-03-25T16:17:50+00:00\" \/>\n<meta property=\"og:image\" content=\"https:\/\/redenoticiaz.com.br\/litoralsp\/wp-content\/uploads\/sites\/3\/2021\/03\/tamoios.jpg\" \/>\n\t<meta property=\"og:image:width\" content=\"984\" \/>\n\t<meta property=\"og:image:height\" content=\"738\" \/>\n\t<meta property=\"og:image:type\" content=\"image\/jpeg\" \/>\n<meta name=\"author\" content=\"Leonardo Francisco\" \/>\n<meta name=\"twitter:card\" content=\"summary_large_image\" \/>\n<meta name=\"twitter:label1\" content=\"Escrito por\" \/>\n\t<meta name=\"twitter:data1\" content=\"Leonardo Francisco\" \/>\n\t<meta name=\"twitter:label2\" content=\"Est. tempo de leitura\" \/>\n\t<meta name=\"twitter:data2\" content=\"1 minuto\" \/>\n<script type=\"application\/ld+json\" class=\"yoast-schema-graph\">{\"@context\":\"https:\\\/\\\/schema.org\",\"@graph\":[{\"@type\":\"Article\",\"@id\":\"https:\\\/\\\/redenoticiaz.com.br\\\/litoralsp\\\/2021\\\/03\\\/25\\\/rodovia-dos-tamoios-e-interditada-em-caraguatatuba#article\",\"isPartOf\":{\"@id\":\"https:\\\/\\\/redenoticiaz.com.br\\\/litoralsp\\\/2021\\\/03\\\/25\\\/rodovia-dos-tamoios-e-interditada-em-caraguatatuba\"},\"author\":{\"name\":\"Leonardo Francisco\",\"@id\":\"https:\\\/\\\/redenoticiaz.com.br\\\/litoralsp\\\/#\\\/schema\\\/person\\\/0f0b8a5bdafefe82841e07ae8d81ecb3\"},\"headline\":\"Rodovia dos Tamoios \u00e9 interditada em Caraguatatuba\",\"datePublished\":\"2021-03-25T16:17:25+00:00\",\"dateModified\":\"2021-03-25T16:17:50+00:00\",\"mainEntityOfPage\":{\"@id\":\"https:\\\/\\\/redenoticiaz.com.br\\\/litoralsp\\\/2021\\\/03\\\/25\\\/rodovia-dos-tamoios-e-interditada-em-caraguatatuba\"},\"wordCount\":270,\"commentCount\":0,\"publisher\":{\"@id\":\"https:\\\/\\\/redenoticiaz.com.br\\\/litoralsp\\\/#organization\"},\"image\":{\"@id\":\"https:\\\/\\\/redenoticiaz.com.br\\\/litoralsp\\\/2021\\\/03\\\/25\\\/rodovia-dos-tamoios-e-interditada-em-caraguatatuba#primaryimage\"},\"thumbnailUrl\":\"https:\\\/\\\/redenoticiaz.com.br\\\/litoralsp\\\/wp-content\\\/uploads\\\/sites\\\/3\\\/2021\\\/03\\\/tamoios.jpg\",\"keywords\":[\"acidente\",\"caminh\u00e3o\",\"CARAGUATATUBA\",\"RODOVIA DOS TAMOIOS\",\"TRECHO DE SERRA\"],\"articleSection\":[\"Caraguatatuba\",\"Tr\u00e2nsito\"],\"inLanguage\":\"pt-BR\",\"potentialAction\":[{\"@type\":\"CommentAction\",\"name\":\"Comment\",\"target\":[\"https:\\\/\\\/redenoticiaz.com.br\\\/litoralsp\\\/2021\\\/03\\\/25\\\/rodovia-dos-tamoios-e-interditada-em-caraguatatuba#respond\"]}]},{\"@type\":\"WebPage\",\"@id\":\"https:\\\/\\\/redenoticiaz.com.br\\\/litoralsp\\\/2021\\\/03\\\/25\\\/rodovia-dos-tamoios-e-interditada-em-caraguatatuba\",\"url\":\"https:\\\/\\\/redenoticiaz.com.br\\\/litoralsp\\\/2021\\\/03\\\/25\\\/rodovia-dos-tamoios-e-interditada-em-caraguatatuba\",\"name\":\"Rodovia dos Tamoios \u00e9 interditada em Caraguatatuba - Litoral SP\",\"isPartOf\":{\"@id\":\"https:\\\/\\\/redenoticiaz.com.br\\\/litoralsp\\\/#website\"},\"primaryImageOfPage\":{\"@id\":\"https:\\\/\\\/redenoticiaz.com.br\\\/litoralsp\\\/2021\\\/03\\\/25\\\/rodovia-dos-tamoios-e-interditada-em-caraguatatuba#primaryimage\"},\"image\":{\"@id\":\"https:\\\/\\\/redenoticiaz.com.br\\\/litoralsp\\\/2021\\\/03\\\/25\\\/rodovia-dos-tamoios-e-interditada-em-caraguatatuba#primaryimage\"},\"thumbnailUrl\":\"https:\\\/\\\/redenoticiaz.com.br\\\/litoralsp\\\/wp-content\\\/uploads\\\/sites\\\/3\\\/2021\\\/03\\\/tamoios.jpg\",\"datePublished\":\"2021-03-25T16:17:25+00:00\",\"dateModified\":\"2021-03-25T16:17:50+00:00\",\"description\":\"A manh\u00e3 desta quinta-feira (25) foi de dor de cabe\u00e7a para os motoristas que passaram pela Rodovia dos Tamoios, em Caraguatatuba. Um caminh\u00e3o provocou\",\"inLanguage\":\"pt-BR\",\"potentialAction\":[{\"@type\":\"ReadAction\",\"target\":[\"https:\\\/\\\/redenoticiaz.com.br\\\/litoralsp\\\/2021\\\/03\\\/25\\\/rodovia-dos-tamoios-e-interditada-em-caraguatatuba\"]}]},{\"@type\":\"ImageObject\",\"inLanguage\":\"pt-BR\",\"@id\":\"https:\\\/\\\/redenoticiaz.com.br\\\/litoralsp\\\/2021\\\/03\\\/25\\\/rodovia-dos-tamoios-e-interditada-em-caraguatatuba#primaryimage\",\"url\":\"https:\\\/\\\/redenoticiaz.com.br\\\/litoralsp\\\/wp-content\\\/uploads\\\/sites\\\/3\\\/2021\\\/03\\\/tamoios.jpg\",\"contentUrl\":\"https:\\\/\\\/redenoticiaz.com.br\\\/litoralsp\\\/wp-content\\\/uploads\\\/sites\\\/3\\\/2021\\\/03\\\/tamoios.jpg\",\"width\":984,\"height\":738,\"caption\":\"Rodovia dos Tamoios \u00e9 interditada em Caraguatatuba\"},{\"@type\":\"WebSite\",\"@id\":\"https:\\\/\\\/redenoticiaz.com.br\\\/litoralsp\\\/#website\",\"url\":\"https:\\\/\\\/redenoticiaz.com.br\\\/litoralsp\\\/\",\"name\":\"Litoral SP\",\"description\":\"Rede NoticiaZ\",\"publisher\":{\"@id\":\"https:\\\/\\\/redenoticiaz.com.br\\\/litoralsp\\\/#organization\"},\"potentialAction\":[{\"@type\":\"SearchAction\",\"target\":{\"@type\":\"EntryPoint\",\"urlTemplate\":\"https:\\\/\\\/redenoticiaz.com.br\\\/litoralsp\\\/?s={search_term_string}\"},\"query-input\":{\"@type\":\"PropertyValueSpecification\",\"valueRequired\":true,\"valueName\":\"search_term_string\"}}],\"inLanguage\":\"pt-BR\"},{\"@type\":\"Organization\",\"@id\":\"https:\\\/\\\/redenoticiaz.com.br\\\/litoralsp\\\/#organization\",\"name\":\"Litoral SP\",\"url\":\"https:\\\/\\\/redenoticiaz.com.br\\\/litoralsp\\\/\",\"logo\":{\"@type\":\"ImageObject\",\"inLanguage\":\"pt-BR\",\"@id\":\"https:\\\/\\\/redenoticiaz.com.br\\\/litoralsp\\\/#\\\/schema\\\/logo\\\/image\\\/\",\"url\":\"https:\\\/\\\/redenoticiaz.com.br\\\/litoralsp\\\/wp-content\\\/uploads\\\/sites\\\/3\\\/2020\\\/11\\\/logo.jpg\",\"contentUrl\":\"https:\\\/\\\/redenoticiaz.com.br\\\/litoralsp\\\/wp-content\\\/uploads\\\/sites\\\/3\\\/2020\\\/11\\\/logo.jpg\",\"width\":400,\"height\":250,\"caption\":\"Litoral SP\"},\"image\":{\"@id\":\"https:\\\/\\\/redenoticiaz.com.br\\\/litoralsp\\\/#\\\/schema\\\/logo\\\/image\\\/\"}},{\"@type\":\"Person\",\"@id\":\"https:\\\/\\\/redenoticiaz.com.br\\\/litoralsp\\\/#\\\/schema\\\/person\\\/0f0b8a5bdafefe82841e07ae8d81ecb3\",\"name\":\"Leonardo Francisco\",\"image\":{\"@type\":\"ImageObject\",\"inLanguage\":\"pt-BR\",\"@id\":\"https:\\\/\\\/secure.gravatar.com\\\/avatar\\\/a7358cb406a99b682ec6df1e77e31ae82e63601f6784e8a3df411d72b37864da?s=96&d=mm&r=g\",\"url\":\"https:\\\/\\\/secure.gravatar.com\\\/avatar\\\/a7358cb406a99b682ec6df1e77e31ae82e63601f6784e8a3df411d72b37864da?s=96&d=mm&r=g\",\"contentUrl\":\"https:\\\/\\\/secure.gravatar.com\\\/avatar\\\/a7358cb406a99b682ec6df1e77e31ae82e63601f6784e8a3df411d72b37864da?s=96&d=mm&r=g\",\"caption\":\"Leonardo Francisco\"},\"url\":\"https:\\\/\\\/redenoticiaz.com.br\\\/litoralsp\\\/author\\\/leonardo-francisco\"}]}<\/script>\n<!-- \/ Yoast SEO plugin. -->","yoast_head_json":{"title":"Rodovia dos Tamoios \u00e9 interditada em Caraguatatuba - Litoral SP","description":"A manh\u00e3 desta quinta-feira (25) foi de dor de cabe\u00e7a para os motoristas que passaram pela Rodovia dos Tamoios, em Caraguatatuba. Um caminh\u00e3o provocou","robots":{"index":"index","follow":"follow","max-snippet":"max-snippet:-1","max-image-preview":"max-image-preview:large","max-video-preview":"max-video-preview:-1"},"canonical":"https:\/\/redenoticiaz.com.br\/litoralsp\/2021\/03\/25\/rodovia-dos-tamoios-e-interditada-em-caraguatatuba","og_locale":"pt_BR","og_type":"article","og_title":"Rodovia dos Tamoios \u00e9 interditada em Caraguatatuba - Litoral SP","og_description":"A manh\u00e3 desta quinta-feira (25) foi de dor de cabe\u00e7a para os motoristas que passaram pela Rodovia dos Tamoios, em Caraguatatuba. Um caminh\u00e3o provocou","og_url":"https:\/\/redenoticiaz.com.br\/litoralsp\/2021\/03\/25\/rodovia-dos-tamoios-e-interditada-em-caraguatatuba","og_site_name":"Litoral SP","article_published_time":"2021-03-25T16:17:25+00:00","article_modified_time":"2021-03-25T16:17:50+00:00","og_image":[{"width":984,"height":738,"url":"https:\/\/redenoticiaz.com.br\/litoralsp\/wp-content\/uploads\/sites\/3\/2021\/03\/tamoios.jpg","type":"image\/jpeg"}],"author":"Leonardo Francisco","twitter_card":"summary_large_image","twitter_misc":{"Escrito por":"Leonardo Francisco","Est. tempo de leitura":"1 minuto"},"schema":{"@context":"https:\/\/schema.org","@graph":[{"@type":"Article","@id":"https:\/\/redenoticiaz.com.br\/litoralsp\/2021\/03\/25\/rodovia-dos-tamoios-e-interditada-em-caraguatatuba#article","isPartOf":{"@id":"https:\/\/redenoticiaz.com.br\/litoralsp\/2021\/03\/25\/rodovia-dos-tamoios-e-interditada-em-caraguatatuba"},"author":{"name":"Leonardo Francisco","@id":"https:\/\/redenoticiaz.com.br\/litoralsp\/#\/schema\/person\/0f0b8a5bdafefe82841e07ae8d81ecb3"},"headline":"Rodovia dos Tamoios \u00e9 interditada em Caraguatatuba","datePublished":"2021-03-25T16:17:25+00:00","dateModified":"2021-03-25T16:17:50+00:00","mainEntityOfPage":{"@id":"https:\/\/redenoticiaz.com.br\/litoralsp\/2021\/03\/25\/rodovia-dos-tamoios-e-interditada-em-caraguatatuba"},"wordCount":270,"commentCount":0,"publisher":{"@id":"https:\/\/redenoticiaz.com.br\/litoralsp\/#organization"},"image":{"@id":"https:\/\/redenoticiaz.com.br\/litoralsp\/2021\/03\/25\/rodovia-dos-tamoios-e-interditada-em-caraguatatuba#primaryimage"},"thumbnailUrl":"https:\/\/redenoticiaz.com.br\/litoralsp\/wp-content\/uploads\/sites\/3\/2021\/03\/tamoios.jpg","keywords":["acidente","caminh\u00e3o","CARAGUATATUBA","RODOVIA DOS TAMOIOS","TRECHO DE SERRA"],"articleSection":["Caraguatatuba","Tr\u00e2nsito"],"inLanguage":"pt-BR","potentialAction":[{"@type":"CommentAction","name":"Comment","target":["https:\/\/redenoticiaz.com.br\/litoralsp\/2021\/03\/25\/rodovia-dos-tamoios-e-interditada-em-caraguatatuba#respond"]}]},{"@type":"WebPage","@id":"https:\/\/redenoticiaz.com.br\/litoralsp\/2021\/03\/25\/rodovia-dos-tamoios-e-interditada-em-caraguatatuba","url":"https:\/\/redenoticiaz.com.br\/litoralsp\/2021\/03\/25\/rodovia-dos-tamoios-e-interditada-em-caraguatatuba","name":"Rodovia dos Tamoios \u00e9 interditada em Caraguatatuba - Litoral SP","isPartOf":{"@id":"https:\/\/redenoticiaz.com.br\/litoralsp\/#website"},"primaryImageOfPage":{"@id":"https:\/\/redenoticiaz.com.br\/litoralsp\/2021\/03\/25\/rodovia-dos-tamoios-e-interditada-em-caraguatatuba#primaryimage"},"image":{"@id":"https:\/\/redenoticiaz.com.br\/litoralsp\/2021\/03\/25\/rodovia-dos-tamoios-e-interditada-em-caraguatatuba#primaryimage"},"thumbnailUrl":"https:\/\/redenoticiaz.com.br\/litoralsp\/wp-content\/uploads\/sites\/3\/2021\/03\/tamoios.jpg","datePublished":"2021-03-25T16:17:25+00:00","dateModified":"2021-03-25T16:17:50+00:00","description":"A manh\u00e3 desta quinta-feira (25) foi de dor de cabe\u00e7a para os motoristas que passaram pela Rodovia dos Tamoios, em Caraguatatuba. Um caminh\u00e3o provocou","inLanguage":"pt-BR","potentialAction":[{"@type":"ReadAction","target":["https:\/\/redenoticiaz.com.br\/litoralsp\/2021\/03\/25\/rodovia-dos-tamoios-e-interditada-em-caraguatatuba"]}]},{"@type":"ImageObject","inLanguage":"pt-BR","@id":"https:\/\/redenoticiaz.com.br\/litoralsp\/2021\/03\/25\/rodovia-dos-tamoios-e-interditada-em-caraguatatuba#primaryimage","url":"https:\/\/redenoticiaz.com.br\/litoralsp\/wp-content\/uploads\/sites\/3\/2021\/03\/tamoios.jpg","contentUrl":"https:\/\/redenoticiaz.com.br\/litoralsp\/wp-content\/uploads\/sites\/3\/2021\/03\/tamoios.jpg","width":984,"height":738,"caption":"Rodovia dos Tamoios \u00e9 interditada em Caraguatatuba"},{"@type":"WebSite","@id":"https:\/\/redenoticiaz.com.br\/litoralsp\/#website","url":"https:\/\/redenoticiaz.com.br\/litoralsp\/","name":"Litoral SP","description":"Rede NoticiaZ","publisher":{"@id":"https:\/\/redenoticiaz.com.br\/litoralsp\/#organization"},"potentialAction":[{"@type":"SearchAction","target":{"@type":"EntryPoint","urlTemplate":"https:\/\/redenoticiaz.com.br\/litoralsp\/?s={search_term_string}"},"query-input":{"@type":"PropertyValueSpecification","valueRequired":true,"valueName":"search_term_string"}}],"inLanguage":"pt-BR"},{"@type":"Organization","@id":"https:\/\/redenoticiaz.com.br\/litoralsp\/#organization","name":"Litoral SP","url":"https:\/\/redenoticiaz.com.br\/litoralsp\/","logo":{"@type":"ImageObject","inLanguage":"pt-BR","@id":"https:\/\/redenoticiaz.com.br\/litoralsp\/#\/schema\/logo\/image\/","url":"https:\/\/redenoticiaz.com.br\/litoralsp\/wp-content\/uploads\/sites\/3\/2020\/11\/logo.jpg","contentUrl":"https:\/\/redenoticiaz.com.br\/litoralsp\/wp-content\/uploads\/sites\/3\/2020\/11\/logo.jpg","width":400,"height":250,"caption":"Litoral SP"},"image":{"@id":"https:\/\/redenoticiaz.com.br\/litoralsp\/#\/schema\/logo\/image\/"}},{"@type":"Person","@id":"https:\/\/redenoticiaz.com.br\/litoralsp\/#\/schema\/person\/0f0b8a5bdafefe82841e07ae8d81ecb3","name":"Leonardo Francisco","image":{"@type":"ImageObject","inLanguage":"pt-BR","@id":"https:\/\/secure.gravatar.com\/avatar\/a7358cb406a99b682ec6df1e77e31ae82e63601f6784e8a3df411d72b37864da?s=96&d=mm&r=g","url":"https:\/\/secure.gravatar.com\/avatar\/a7358cb406a99b682ec6df1e77e31ae82e63601f6784e8a3df411d72b37864da?s=96&d=mm&r=g","contentUrl":"https:\/\/secure.gravatar.com\/avatar\/a7358cb406a99b682ec6df1e77e31ae82e63601f6784e8a3df411d72b37864da?s=96&d=mm&r=g","caption":"Leonardo Francisco"},"url":"https:\/\/redenoticiaz.com.br\/litoralsp\/author\/leonardo-francisco"}]}},"_links":{"self":[{"href":"https:\/\/redenoticiaz.com.br\/litoralsp\/wp-json\/wp\/v2\/posts\/6195","targetHints":{"allow":["GET"]}}],"collection":[{"href":"https:\/\/redenoticiaz.com.br\/litoralsp\/wp-json\/wp\/v2\/posts"}],"about":[{"href":"https:\/\/redenoticiaz.com.br\/litoralsp\/wp-json\/wp\/v2\/types\/post"}],"author":[{"embeddable":true,"href":"https:\/\/redenoticiaz.com.br\/litoralsp\/wp-json\/wp\/v2\/users\/6"}],"replies":[{"embeddable":true,"href":"https:\/\/redenoticiaz.com.br\/litoralsp\/wp-json\/wp\/v2\/comments?post=6195"}],"version-history":[{"count":1,"href":"https:\/\/redenoticiaz.com.br\/litoralsp\/wp-json\/wp\/v2\/posts\/6195\/revisions"}],"predecessor-version":[{"id":6197,"href":"https:\/\/redenoticiaz.com.br\/litoralsp\/wp-json\/wp\/v2\/posts\/6195\/revisions\/6197"}],"wp:featuredmedia":[{"embeddable":true,"href":"https:\/\/redenoticiaz.com.br\/litoralsp\/wp-json\/wp\/v2\/media\/6196"}],"wp:attachment":[{"href":"https:\/\/redenoticiaz.com.br\/litoralsp\/wp-json\/wp\/v2\/media?parent=6195"}],"wp:term":[{"taxonomy":"category","embeddable":true,"href":"https:\/\/redenoticiaz.com.br\/litoralsp\/wp-json\/wp\/v2\/categories?post=6195"},{"taxonomy":"post_tag","embeddable":true,"href":"https:\/\/redenoticiaz.com.br\/litoralsp\/wp-json\/wp\/v2\/tags?post=6195"}],"curies":[{"name":"wp","href":"https:\/\/api.w.org\/{rel}","templated":true}]}}