{"id":6496,"date":"2021-03-30T21:11:14","date_gmt":"2021-03-31T00:11:14","guid":{"rendered":"https:\/\/redenoticiaz.com.br\/litoralsp\/?p=6496"},"modified":"2021-03-30T21:11:57","modified_gmt":"2021-03-31T00:11:57","slug":"comerciantes-protestam-na-porta-do-paco-de-sao-vicente","status":"publish","type":"post","link":"https:\/\/redenoticiaz.com.br\/litoralsp\/2021\/03\/30\/comerciantes-protestam-na-porta-do-paco-de-sao-vicente","title":{"rendered":"Comerciantes protestam na porta do Pa\u00e7o de S\u00e3o Vicente"},"content":{"rendered":"<p>Mais uma vez os <strong>comerciantes<\/strong> de <a href=\"https:\/\/www.saovicente.sp.gov.br\/publico\/\">S\u00e3o Vicente<\/a> realizaram um protesto nesta ter\u00e7a-feira (30), Eles se reuniram na porta do Pa\u00e7o Municipal e ficaram deitados em frente \u00e0 Prefeitura, cobrando pela reabertura dos estabelecimentos, mesmo na fase emergencial do Plano S\u00e3o Paulo.<\/p>\n<p>Mas \u00e9 bom lembrar que a cidade, junto com a Baixada Santista est\u00e1 em lockdown e com esta medida s\u00f3 podem funcionar os servi\u00e7os essenciais, mas com hor\u00e1rios e limite de p\u00fablico ainda mais restritivos. Os comerciantes queriam fazer o protesto na C\u00e2mara de S\u00e3o Vicente. S\u00f3 que como as sess\u00f5es foram suspensas em raz\u00e3o da pandemia, os empres\u00e1rios e funcion\u00e1rios do com\u00e9rcio foram at\u00e9 \u00e0 Prefeitura.<\/p>\n<p>Os comerciantes relataram que desejam trabalhar, mas seguindo a todas as orienta\u00e7\u00f5es e os protocolos contra a Covid-19. A inten\u00e7\u00e3o era conversar com o prefeito Kayo Amado, mas ele n\u00e3o apareceu e tampouco recebeu algum representantes para o gabinete.<\/p>\n<h3>Resposta da Prefeitura<\/h3>\n<div class=\"mc-column content-text active-extra-styles \" data-block-type=\"unstyled\" data-block-weight=\"42\" data-block-id=\"10\">\n<p class=\"content-text__container \" data-track-category=\"Link no Texto\" data-track-links=\"\">A Prefeitura de S\u00e3o Vicente, em nota, afirmou que respeita a liberdade de manifesta\u00e7\u00e3o da popula\u00e7\u00e3o, e ressaltou que o prefeito Kayo Amado se colocou \u00e0 disposi\u00e7\u00e3o para receber, em seu gabinete, os representantes dos manifestantes, que n\u00e3o quiseram entrar na prefeitura.<\/p>\n<\/div>\n<div class=\"mc-column content-text active-extra-styles \" data-block-type=\"unstyled\" data-block-weight=\"58\" data-block-id=\"11\">\n<p class=\"content-text__container \" data-track-category=\"Link no Texto\" data-track-links=\"\">A administra\u00e7\u00e3o afirma que o prefeito tem dialogado com a categoria desde o in\u00edcio das restri\u00e7\u00f5es, sendo que, nesta segunda-feira (29), recebeu no Pa\u00e7o Municipal o presidente da Associa\u00e7\u00e3o Comercial (ACSV), Alcides Antoneli, entre outros representantes do setor, que apresentaram sugest\u00f5es e propostas, que ser\u00e3o analisadas, e que uma nova reuni\u00e3o deve ser agendada para a pr\u00f3xima semana.<\/p>\n<\/div>\n<div class=\"mc-column content-text active-extra-styles \" data-block-type=\"unstyled\" data-block-weight=\"38\" data-block-id=\"12\">\n<p class=\"content-text__container \" data-track-category=\"Link no Texto\" data-track-links=\"\">A prefeitura reitera que as medidas tomadas no \u00e2mbito do Conselho de Desenvolvimento da Baixada Santista (Condesb) foram necess\u00e1rias, uma vez que os munic\u00edpios compartilham das mesmas ang\u00fastias e dificuldades diante da guerra contra o avan\u00e7o da Covid-19.<\/p>\n<\/div>\n<div class=\"block-podcast\"><strong>Leia tamb\u00e9m<\/strong><\/div>\n<div><\/div>\n<div><a href=\"https:\/\/redenoticiaz.com.br\/litoralsp\/2021\/03\/29\/assaltante-e-baleado-e-preso-em-sao-vicente\">Assaltante \u00e9 baleado e preso em S\u00e3o Vicente<\/a><\/div>\n","protected":false},"excerpt":{"rendered":"<p>Mais uma vez os comerciantes de S\u00e3o Vicente realizaram um protesto nesta ter\u00e7a-feira (30), Eles se reuniram na porta do Pa\u00e7o Municipal e ficaram deitados em frente \u00e0 Prefeitura, cobrando pela reabertura dos estabelecimentos, mesmo na fase emergencial do Plano S\u00e3o Paulo. Mas \u00e9 bom lembrar que a cidade, junto com a Baixada Santista est\u00e1 &hellip;<\/p>\n","protected":false},"author":6,"featured_media":6497,"comment_status":"open","ping_status":"closed","sticky":false,"template":"","format":"standard","meta":{"footnotes":""},"categories":[181],"tags":[9568,13635,9562,9469,17362,33],"class_list":["post-6496","post","type-post","status-publish","format-standard","has-post-thumbnail","hentry","category-sao-vicente","tag-comerciantes","tag-lockdown","tag-paco-municipal","tag-protesto","tag-reabertura-do-comercio","tag-sao-vicente"],"yoast_head":"<!-- This site is optimized with the Yoast SEO plugin v27.5 - https:\/\/yoast.com\/product\/yoast-seo-wordpress\/ -->\n<title>Comerciantes protestam na porta do Pa\u00e7o de S\u00e3o Vicente - Litoral SP<\/title>\n<meta name=\"description\" content=\"Mais uma vez os comerciantes de S\u00e3o Vicente realizaram um protesto nesta ter\u00e7a-feira (30), Eles se reuniram na porta do Pa\u00e7o Municipal e ficaram\" \/>\n<meta name=\"robots\" content=\"index, follow, max-snippet:-1, max-image-preview:large, max-video-preview:-1\" \/>\n<link rel=\"canonical\" href=\"https:\/\/redenoticiaz.com.br\/litoralsp\/2021\/03\/30\/comerciantes-protestam-na-porta-do-paco-de-sao-vicente\" \/>\n<meta property=\"og:locale\" content=\"pt_BR\" \/>\n<meta property=\"og:type\" content=\"article\" \/>\n<meta property=\"og:title\" content=\"Comerciantes protestam na porta do Pa\u00e7o de S\u00e3o Vicente - Litoral SP\" \/>\n<meta property=\"og:description\" content=\"Mais uma vez os comerciantes de S\u00e3o Vicente realizaram um protesto nesta ter\u00e7a-feira (30), Eles se reuniram na porta do Pa\u00e7o Municipal e ficaram\" \/>\n<meta property=\"og:url\" content=\"https:\/\/redenoticiaz.com.br\/litoralsp\/2021\/03\/30\/comerciantes-protestam-na-porta-do-paco-de-sao-vicente\" \/>\n<meta property=\"og:site_name\" content=\"Litoral SP\" \/>\n<meta property=\"article:published_time\" content=\"2021-03-31T00:11:14+00:00\" \/>\n<meta property=\"article:modified_time\" content=\"2021-03-31T00:11:57+00:00\" \/>\n<meta property=\"og:image\" content=\"https:\/\/redenoticiaz.com.br\/litoralsp\/wp-content\/uploads\/sites\/3\/2021\/03\/protesto.jpeg\" \/>\n\t<meta property=\"og:image:width\" content=\"984\" \/>\n\t<meta property=\"og:image:height\" content=\"554\" \/>\n\t<meta property=\"og:image:type\" content=\"image\/jpeg\" \/>\n<meta name=\"author\" content=\"Leonardo Francisco\" \/>\n<meta name=\"twitter:card\" content=\"summary_large_image\" \/>\n<meta name=\"twitter:label1\" content=\"Escrito por\" \/>\n\t<meta name=\"twitter:data1\" content=\"Leonardo Francisco\" \/>\n\t<meta name=\"twitter:label2\" content=\"Est. tempo de leitura\" \/>\n\t<meta name=\"twitter:data2\" content=\"2 minutos\" \/>\n<script type=\"application\/ld+json\" class=\"yoast-schema-graph\">{\"@context\":\"https:\\\/\\\/schema.org\",\"@graph\":[{\"@type\":\"Article\",\"@id\":\"https:\\\/\\\/redenoticiaz.com.br\\\/litoralsp\\\/2021\\\/03\\\/30\\\/comerciantes-protestam-na-porta-do-paco-de-sao-vicente#article\",\"isPartOf\":{\"@id\":\"https:\\\/\\\/redenoticiaz.com.br\\\/litoralsp\\\/2021\\\/03\\\/30\\\/comerciantes-protestam-na-porta-do-paco-de-sao-vicente\"},\"author\":{\"name\":\"Leonardo Francisco\",\"@id\":\"https:\\\/\\\/redenoticiaz.com.br\\\/litoralsp\\\/#\\\/schema\\\/person\\\/0f0b8a5bdafefe82841e07ae8d81ecb3\"},\"headline\":\"Comerciantes protestam na porta do Pa\u00e7o de S\u00e3o Vicente\",\"datePublished\":\"2021-03-31T00:11:14+00:00\",\"dateModified\":\"2021-03-31T00:11:57+00:00\",\"mainEntityOfPage\":{\"@id\":\"https:\\\/\\\/redenoticiaz.com.br\\\/litoralsp\\\/2021\\\/03\\\/30\\\/comerciantes-protestam-na-porta-do-paco-de-sao-vicente\"},\"wordCount\":340,\"commentCount\":0,\"publisher\":{\"@id\":\"https:\\\/\\\/redenoticiaz.com.br\\\/litoralsp\\\/#organization\"},\"image\":{\"@id\":\"https:\\\/\\\/redenoticiaz.com.br\\\/litoralsp\\\/2021\\\/03\\\/30\\\/comerciantes-protestam-na-porta-do-paco-de-sao-vicente#primaryimage\"},\"thumbnailUrl\":\"https:\\\/\\\/redenoticiaz.com.br\\\/litoralsp\\\/wp-content\\\/uploads\\\/sites\\\/3\\\/2021\\\/03\\\/protesto.jpeg\",\"keywords\":[\"COMERCIANTES\",\"LOCKDOWN\",\"pa\u00e7o municipal\",\"PROTESTO\",\"REABERTURA DO COM\u00c9RCIO\",\"S\u00e3o Vicente\"],\"articleSection\":[\"S\u00e3o Vicente\"],\"inLanguage\":\"pt-BR\",\"potentialAction\":[{\"@type\":\"CommentAction\",\"name\":\"Comment\",\"target\":[\"https:\\\/\\\/redenoticiaz.com.br\\\/litoralsp\\\/2021\\\/03\\\/30\\\/comerciantes-protestam-na-porta-do-paco-de-sao-vicente#respond\"]}]},{\"@type\":\"WebPage\",\"@id\":\"https:\\\/\\\/redenoticiaz.com.br\\\/litoralsp\\\/2021\\\/03\\\/30\\\/comerciantes-protestam-na-porta-do-paco-de-sao-vicente\",\"url\":\"https:\\\/\\\/redenoticiaz.com.br\\\/litoralsp\\\/2021\\\/03\\\/30\\\/comerciantes-protestam-na-porta-do-paco-de-sao-vicente\",\"name\":\"Comerciantes protestam na porta do Pa\u00e7o de S\u00e3o Vicente - Litoral SP\",\"isPartOf\":{\"@id\":\"https:\\\/\\\/redenoticiaz.com.br\\\/litoralsp\\\/#website\"},\"primaryImageOfPage\":{\"@id\":\"https:\\\/\\\/redenoticiaz.com.br\\\/litoralsp\\\/2021\\\/03\\\/30\\\/comerciantes-protestam-na-porta-do-paco-de-sao-vicente#primaryimage\"},\"image\":{\"@id\":\"https:\\\/\\\/redenoticiaz.com.br\\\/litoralsp\\\/2021\\\/03\\\/30\\\/comerciantes-protestam-na-porta-do-paco-de-sao-vicente#primaryimage\"},\"thumbnailUrl\":\"https:\\\/\\\/redenoticiaz.com.br\\\/litoralsp\\\/wp-content\\\/uploads\\\/sites\\\/3\\\/2021\\\/03\\\/protesto.jpeg\",\"datePublished\":\"2021-03-31T00:11:14+00:00\",\"dateModified\":\"2021-03-31T00:11:57+00:00\",\"description\":\"Mais uma vez os comerciantes de S\u00e3o Vicente realizaram um protesto nesta ter\u00e7a-feira (30), Eles se reuniram na porta do Pa\u00e7o Municipal e ficaram\",\"inLanguage\":\"pt-BR\",\"potentialAction\":[{\"@type\":\"ReadAction\",\"target\":[\"https:\\\/\\\/redenoticiaz.com.br\\\/litoralsp\\\/2021\\\/03\\\/30\\\/comerciantes-protestam-na-porta-do-paco-de-sao-vicente\"]}]},{\"@type\":\"ImageObject\",\"inLanguage\":\"pt-BR\",\"@id\":\"https:\\\/\\\/redenoticiaz.com.br\\\/litoralsp\\\/2021\\\/03\\\/30\\\/comerciantes-protestam-na-porta-do-paco-de-sao-vicente#primaryimage\",\"url\":\"https:\\\/\\\/redenoticiaz.com.br\\\/litoralsp\\\/wp-content\\\/uploads\\\/sites\\\/3\\\/2021\\\/03\\\/protesto.jpeg\",\"contentUrl\":\"https:\\\/\\\/redenoticiaz.com.br\\\/litoralsp\\\/wp-content\\\/uploads\\\/sites\\\/3\\\/2021\\\/03\\\/protesto.jpeg\",\"width\":984,\"height\":554,\"caption\":\"Comerciantes protestam na porta do Pa\u00e7o de S\u00e3o Vicente\"},{\"@type\":\"WebSite\",\"@id\":\"https:\\\/\\\/redenoticiaz.com.br\\\/litoralsp\\\/#website\",\"url\":\"https:\\\/\\\/redenoticiaz.com.br\\\/litoralsp\\\/\",\"name\":\"Litoral SP\",\"description\":\"Rede NoticiaZ\",\"publisher\":{\"@id\":\"https:\\\/\\\/redenoticiaz.com.br\\\/litoralsp\\\/#organization\"},\"potentialAction\":[{\"@type\":\"SearchAction\",\"target\":{\"@type\":\"EntryPoint\",\"urlTemplate\":\"https:\\\/\\\/redenoticiaz.com.br\\\/litoralsp\\\/?s={search_term_string}\"},\"query-input\":{\"@type\":\"PropertyValueSpecification\",\"valueRequired\":true,\"valueName\":\"search_term_string\"}}],\"inLanguage\":\"pt-BR\"},{\"@type\":\"Organization\",\"@id\":\"https:\\\/\\\/redenoticiaz.com.br\\\/litoralsp\\\/#organization\",\"name\":\"Litoral SP\",\"url\":\"https:\\\/\\\/redenoticiaz.com.br\\\/litoralsp\\\/\",\"logo\":{\"@type\":\"ImageObject\",\"inLanguage\":\"pt-BR\",\"@id\":\"https:\\\/\\\/redenoticiaz.com.br\\\/litoralsp\\\/#\\\/schema\\\/logo\\\/image\\\/\",\"url\":\"https:\\\/\\\/redenoticiaz.com.br\\\/litoralsp\\\/wp-content\\\/uploads\\\/sites\\\/3\\\/2020\\\/11\\\/logo.jpg\",\"contentUrl\":\"https:\\\/\\\/redenoticiaz.com.br\\\/litoralsp\\\/wp-content\\\/uploads\\\/sites\\\/3\\\/2020\\\/11\\\/logo.jpg\",\"width\":400,\"height\":250,\"caption\":\"Litoral SP\"},\"image\":{\"@id\":\"https:\\\/\\\/redenoticiaz.com.br\\\/litoralsp\\\/#\\\/schema\\\/logo\\\/image\\\/\"}},{\"@type\":\"Person\",\"@id\":\"https:\\\/\\\/redenoticiaz.com.br\\\/litoralsp\\\/#\\\/schema\\\/person\\\/0f0b8a5bdafefe82841e07ae8d81ecb3\",\"name\":\"Leonardo Francisco\",\"image\":{\"@type\":\"ImageObject\",\"inLanguage\":\"pt-BR\",\"@id\":\"https:\\\/\\\/secure.gravatar.com\\\/avatar\\\/a7358cb406a99b682ec6df1e77e31ae82e63601f6784e8a3df411d72b37864da?s=96&d=mm&r=g\",\"url\":\"https:\\\/\\\/secure.gravatar.com\\\/avatar\\\/a7358cb406a99b682ec6df1e77e31ae82e63601f6784e8a3df411d72b37864da?s=96&d=mm&r=g\",\"contentUrl\":\"https:\\\/\\\/secure.gravatar.com\\\/avatar\\\/a7358cb406a99b682ec6df1e77e31ae82e63601f6784e8a3df411d72b37864da?s=96&d=mm&r=g\",\"caption\":\"Leonardo Francisco\"},\"url\":\"https:\\\/\\\/redenoticiaz.com.br\\\/litoralsp\\\/author\\\/leonardo-francisco\"}]}<\/script>\n<!-- \/ Yoast SEO plugin. -->","yoast_head_json":{"title":"Comerciantes protestam na porta do Pa\u00e7o de S\u00e3o Vicente - Litoral SP","description":"Mais uma vez os comerciantes de S\u00e3o Vicente realizaram um protesto nesta ter\u00e7a-feira (30), Eles se reuniram na porta do Pa\u00e7o Municipal e ficaram","robots":{"index":"index","follow":"follow","max-snippet":"max-snippet:-1","max-image-preview":"max-image-preview:large","max-video-preview":"max-video-preview:-1"},"canonical":"https:\/\/redenoticiaz.com.br\/litoralsp\/2021\/03\/30\/comerciantes-protestam-na-porta-do-paco-de-sao-vicente","og_locale":"pt_BR","og_type":"article","og_title":"Comerciantes protestam na porta do Pa\u00e7o de S\u00e3o Vicente - Litoral SP","og_description":"Mais uma vez os comerciantes de S\u00e3o Vicente realizaram um protesto nesta ter\u00e7a-feira (30), Eles se reuniram na porta do Pa\u00e7o Municipal e ficaram","og_url":"https:\/\/redenoticiaz.com.br\/litoralsp\/2021\/03\/30\/comerciantes-protestam-na-porta-do-paco-de-sao-vicente","og_site_name":"Litoral SP","article_published_time":"2021-03-31T00:11:14+00:00","article_modified_time":"2021-03-31T00:11:57+00:00","og_image":[{"width":984,"height":554,"url":"https:\/\/redenoticiaz.com.br\/litoralsp\/wp-content\/uploads\/sites\/3\/2021\/03\/protesto.jpeg","type":"image\/jpeg"}],"author":"Leonardo Francisco","twitter_card":"summary_large_image","twitter_misc":{"Escrito por":"Leonardo Francisco","Est. tempo de leitura":"2 minutos"},"schema":{"@context":"https:\/\/schema.org","@graph":[{"@type":"Article","@id":"https:\/\/redenoticiaz.com.br\/litoralsp\/2021\/03\/30\/comerciantes-protestam-na-porta-do-paco-de-sao-vicente#article","isPartOf":{"@id":"https:\/\/redenoticiaz.com.br\/litoralsp\/2021\/03\/30\/comerciantes-protestam-na-porta-do-paco-de-sao-vicente"},"author":{"name":"Leonardo Francisco","@id":"https:\/\/redenoticiaz.com.br\/litoralsp\/#\/schema\/person\/0f0b8a5bdafefe82841e07ae8d81ecb3"},"headline":"Comerciantes protestam na porta do Pa\u00e7o de S\u00e3o Vicente","datePublished":"2021-03-31T00:11:14+00:00","dateModified":"2021-03-31T00:11:57+00:00","mainEntityOfPage":{"@id":"https:\/\/redenoticiaz.com.br\/litoralsp\/2021\/03\/30\/comerciantes-protestam-na-porta-do-paco-de-sao-vicente"},"wordCount":340,"commentCount":0,"publisher":{"@id":"https:\/\/redenoticiaz.com.br\/litoralsp\/#organization"},"image":{"@id":"https:\/\/redenoticiaz.com.br\/litoralsp\/2021\/03\/30\/comerciantes-protestam-na-porta-do-paco-de-sao-vicente#primaryimage"},"thumbnailUrl":"https:\/\/redenoticiaz.com.br\/litoralsp\/wp-content\/uploads\/sites\/3\/2021\/03\/protesto.jpeg","keywords":["COMERCIANTES","LOCKDOWN","pa\u00e7o municipal","PROTESTO","REABERTURA DO COM\u00c9RCIO","S\u00e3o Vicente"],"articleSection":["S\u00e3o Vicente"],"inLanguage":"pt-BR","potentialAction":[{"@type":"CommentAction","name":"Comment","target":["https:\/\/redenoticiaz.com.br\/litoralsp\/2021\/03\/30\/comerciantes-protestam-na-porta-do-paco-de-sao-vicente#respond"]}]},{"@type":"WebPage","@id":"https:\/\/redenoticiaz.com.br\/litoralsp\/2021\/03\/30\/comerciantes-protestam-na-porta-do-paco-de-sao-vicente","url":"https:\/\/redenoticiaz.com.br\/litoralsp\/2021\/03\/30\/comerciantes-protestam-na-porta-do-paco-de-sao-vicente","name":"Comerciantes protestam na porta do Pa\u00e7o de S\u00e3o Vicente - Litoral SP","isPartOf":{"@id":"https:\/\/redenoticiaz.com.br\/litoralsp\/#website"},"primaryImageOfPage":{"@id":"https:\/\/redenoticiaz.com.br\/litoralsp\/2021\/03\/30\/comerciantes-protestam-na-porta-do-paco-de-sao-vicente#primaryimage"},"image":{"@id":"https:\/\/redenoticiaz.com.br\/litoralsp\/2021\/03\/30\/comerciantes-protestam-na-porta-do-paco-de-sao-vicente#primaryimage"},"thumbnailUrl":"https:\/\/redenoticiaz.com.br\/litoralsp\/wp-content\/uploads\/sites\/3\/2021\/03\/protesto.jpeg","datePublished":"2021-03-31T00:11:14+00:00","dateModified":"2021-03-31T00:11:57+00:00","description":"Mais uma vez os comerciantes de S\u00e3o Vicente realizaram um protesto nesta ter\u00e7a-feira (30), Eles se reuniram na porta do Pa\u00e7o Municipal e ficaram","inLanguage":"pt-BR","potentialAction":[{"@type":"ReadAction","target":["https:\/\/redenoticiaz.com.br\/litoralsp\/2021\/03\/30\/comerciantes-protestam-na-porta-do-paco-de-sao-vicente"]}]},{"@type":"ImageObject","inLanguage":"pt-BR","@id":"https:\/\/redenoticiaz.com.br\/litoralsp\/2021\/03\/30\/comerciantes-protestam-na-porta-do-paco-de-sao-vicente#primaryimage","url":"https:\/\/redenoticiaz.com.br\/litoralsp\/wp-content\/uploads\/sites\/3\/2021\/03\/protesto.jpeg","contentUrl":"https:\/\/redenoticiaz.com.br\/litoralsp\/wp-content\/uploads\/sites\/3\/2021\/03\/protesto.jpeg","width":984,"height":554,"caption":"Comerciantes protestam na porta do Pa\u00e7o de S\u00e3o Vicente"},{"@type":"WebSite","@id":"https:\/\/redenoticiaz.com.br\/litoralsp\/#website","url":"https:\/\/redenoticiaz.com.br\/litoralsp\/","name":"Litoral SP","description":"Rede NoticiaZ","publisher":{"@id":"https:\/\/redenoticiaz.com.br\/litoralsp\/#organization"},"potentialAction":[{"@type":"SearchAction","target":{"@type":"EntryPoint","urlTemplate":"https:\/\/redenoticiaz.com.br\/litoralsp\/?s={search_term_string}"},"query-input":{"@type":"PropertyValueSpecification","valueRequired":true,"valueName":"search_term_string"}}],"inLanguage":"pt-BR"},{"@type":"Organization","@id":"https:\/\/redenoticiaz.com.br\/litoralsp\/#organization","name":"Litoral SP","url":"https:\/\/redenoticiaz.com.br\/litoralsp\/","logo":{"@type":"ImageObject","inLanguage":"pt-BR","@id":"https:\/\/redenoticiaz.com.br\/litoralsp\/#\/schema\/logo\/image\/","url":"https:\/\/redenoticiaz.com.br\/litoralsp\/wp-content\/uploads\/sites\/3\/2020\/11\/logo.jpg","contentUrl":"https:\/\/redenoticiaz.com.br\/litoralsp\/wp-content\/uploads\/sites\/3\/2020\/11\/logo.jpg","width":400,"height":250,"caption":"Litoral SP"},"image":{"@id":"https:\/\/redenoticiaz.com.br\/litoralsp\/#\/schema\/logo\/image\/"}},{"@type":"Person","@id":"https:\/\/redenoticiaz.com.br\/litoralsp\/#\/schema\/person\/0f0b8a5bdafefe82841e07ae8d81ecb3","name":"Leonardo Francisco","image":{"@type":"ImageObject","inLanguage":"pt-BR","@id":"https:\/\/secure.gravatar.com\/avatar\/a7358cb406a99b682ec6df1e77e31ae82e63601f6784e8a3df411d72b37864da?s=96&d=mm&r=g","url":"https:\/\/secure.gravatar.com\/avatar\/a7358cb406a99b682ec6df1e77e31ae82e63601f6784e8a3df411d72b37864da?s=96&d=mm&r=g","contentUrl":"https:\/\/secure.gravatar.com\/avatar\/a7358cb406a99b682ec6df1e77e31ae82e63601f6784e8a3df411d72b37864da?s=96&d=mm&r=g","caption":"Leonardo Francisco"},"url":"https:\/\/redenoticiaz.com.br\/litoralsp\/author\/leonardo-francisco"}]}},"_links":{"self":[{"href":"https:\/\/redenoticiaz.com.br\/litoralsp\/wp-json\/wp\/v2\/posts\/6496","targetHints":{"allow":["GET"]}}],"collection":[{"href":"https:\/\/redenoticiaz.com.br\/litoralsp\/wp-json\/wp\/v2\/posts"}],"about":[{"href":"https:\/\/redenoticiaz.com.br\/litoralsp\/wp-json\/wp\/v2\/types\/post"}],"author":[{"embeddable":true,"href":"https:\/\/redenoticiaz.com.br\/litoralsp\/wp-json\/wp\/v2\/users\/6"}],"replies":[{"embeddable":true,"href":"https:\/\/redenoticiaz.com.br\/litoralsp\/wp-json\/wp\/v2\/comments?post=6496"}],"version-history":[{"count":1,"href":"https:\/\/redenoticiaz.com.br\/litoralsp\/wp-json\/wp\/v2\/posts\/6496\/revisions"}],"predecessor-version":[{"id":6498,"href":"https:\/\/redenoticiaz.com.br\/litoralsp\/wp-json\/wp\/v2\/posts\/6496\/revisions\/6498"}],"wp:featuredmedia":[{"embeddable":true,"href":"https:\/\/redenoticiaz.com.br\/litoralsp\/wp-json\/wp\/v2\/media\/6497"}],"wp:attachment":[{"href":"https:\/\/redenoticiaz.com.br\/litoralsp\/wp-json\/wp\/v2\/media?parent=6496"}],"wp:term":[{"taxonomy":"category","embeddable":true,"href":"https:\/\/redenoticiaz.com.br\/litoralsp\/wp-json\/wp\/v2\/categories?post=6496"},{"taxonomy":"post_tag","embeddable":true,"href":"https:\/\/redenoticiaz.com.br\/litoralsp\/wp-json\/wp\/v2\/tags?post=6496"}],"curies":[{"name":"wp","href":"https:\/\/api.w.org\/{rel}","templated":true}]}}