{"id":6509,"date":"2021-03-31T13:13:54","date_gmt":"2021-03-31T16:13:54","guid":{"rendered":"https:\/\/redenoticiaz.com.br\/litoralsp\/?p=6509"},"modified":"2021-03-31T13:15:39","modified_gmt":"2021-03-31T16:15:39","slug":"idosos-com-68-anos-recebem-vacina-antecipada","status":"publish","type":"post","link":"https:\/\/redenoticiaz.com.br\/litoralsp\/2021\/03\/31\/idosos-com-68-anos-recebem-vacina-antecipada","title":{"rendered":"Idosos com 68 anos recebem vacina antecipada"},"content":{"rendered":"<p>Os idosos com 68 anos ou mais v\u00e3o ter a <strong>vacina<\/strong> contra o coronav\u00edrus antecipada em <a href=\"https:\/\/www.saovicente.sp.gov.br\/publico\/\">S\u00e3o Vicente<\/a>. A imuniza\u00e7\u00e3o vai come\u00e7ar a partir desta quinta-feira (1\u00ba de abril) e ser\u00e1 aplicada em dois postos da cidade. Sendo um na \u00e1rea insular e o outro na \u00c1rea Continental.<\/p>\n<p>Segundo a Secretaria da Sa\u00fade (Sesau), durante o feriado, a vacina ser\u00e1 feita das 9h \u00e0s 15h, mas em apenas dois postos de S\u00e3o Vicente. O grupo pode receber a dose da vacina no Fundo Social de Solidariedade (FSS), localizado na Rua Benedito Calixto, 205, no Centro, e na Subprefeitura da \u00c1rea Continental, na Av. Ulisses Guimar\u00e3es, 211, Jardim Rio Branco.<\/p>\n<div class=\"mc-column content-text active-extra-styles \" data-block-type=\"unstyled\" data-block-weight=\"46\" data-block-id=\"4\">\n<p class=\"content-text__container \" data-track-category=\"Link no Texto\" data-track-links=\"\">A Sesau esclareceu que a aplica\u00e7\u00e3o acontecer\u00e1 por sistema drive-thru. Contudo, a vacina\u00e7\u00e3o tamb\u00e9m ser\u00e1 aplicada nos pedestres que forem at\u00e9 o local. Os dois postos v\u00e3o disponibilizar \u00e1lcool em gel na entrada, al\u00e9m de exigir uso obrigat\u00f3rio de m\u00e1scara e distanciamento de 1,5 m.<\/p>\n<\/div>\n<div class=\"mc-column content-text active-extra-styles \" data-block-type=\"unstyled\" data-block-weight=\"75\" data-block-id=\"5\">\n<p class=\"content-text__container \" data-track-category=\"Link no Texto\" data-track-links=\"\">Para ser imunizado, o idoso que for receber a primeira dose da vacina dever\u00e1 comparecer a um dos posto de vacina\u00e7\u00e3o com RG, CPF e comprovante de resid\u00eancia. A administra\u00e7\u00e3o pede que o p\u00fablico-alvo desta etapa realize um pr\u00e9-cadastro no site\u00a0<a href=\"https:\/\/vacinaja.sp.gov.br\/\" target=\"_blank\" rel=\"noopener noreferrer\">Vacina J\u00e1<\/a>. O registro n\u00e3o \u00e9 obrigat\u00f3rio, mas agiliza o atendimento. J\u00e1 aqueles que v\u00e3o tomar a segunda dose precisam apresentar o documento e a carteira de vacina\u00e7\u00e3o com o registro da primeira dose.<\/p>\n<\/div>\n<div class=\"content-ads content-ads--reveal\" data-block-type=\"ads\" data-block-id=\"6\"><\/div>\n<div class=\"mc-column content-text active-extra-styles \" data-block-type=\"unstyled\" data-block-weight=\"24\" data-block-id=\"7\">\n<p class=\"content-text__container \" data-track-category=\"Link no Texto\" data-track-links=\"\">Com o objetivo de evitar aglomera\u00e7\u00f5es, a pasta orienta que os idosos cheguem na unidade perto do hor\u00e1rio da vacina\u00e7\u00e3o, para n\u00e3o formar fila.<\/p>\n<p data-track-category=\"Link no Texto\" data-track-links=\"\"><strong>Leia tamb\u00e9m<\/strong><\/p>\n<p data-track-category=\"Link no Texto\" data-track-links=\"\"><a href=\"https:\/\/redenoticiaz.com.br\/litoralsp\/2021\/03\/30\/sessoes-presenciais-da-camara-de-sao-vicente-sao-suspensas\">Sess\u00f5es presenciais da C\u00e2mara de S\u00e3o Vicente s\u00e3o suspensas<\/a><\/p>\n<\/div>\n","protected":false},"excerpt":{"rendered":"<p>Os idosos com 68 anos ou mais v\u00e3o ter a vacina contra o coronav\u00edrus antecipada em S\u00e3o Vicente. A imuniza\u00e7\u00e3o vai come\u00e7ar a partir desta quinta-feira (1\u00ba de abril) e ser\u00e1 aplicada em dois postos da cidade. Sendo um na \u00e1rea insular e o outro na \u00c1rea Continental. Segundo a Secretaria da Sa\u00fade (Sesau), durante &hellip;<\/p>\n","protected":false},"author":6,"featured_media":6510,"comment_status":"open","ping_status":"closed","sticky":false,"template":"","format":"standard","meta":{"footnotes":""},"categories":[181,23],"tags":[17392,36,17393,3554,33,8843,17391],"class_list":["post-6509","post","type-post","status-publish","format-standard","has-post-thumbnail","hentry","category-sao-vicente","category-saude","tag-68-anos-ou-mais","tag-covid-19","tag-feriado-da-pascoa","tag-idosos","tag-sao-vicente","tag-secretaria-de-saude","tag-vacina-antecipada"],"yoast_head":"<!-- This site is optimized with the Yoast SEO plugin v27.5 - https:\/\/yoast.com\/product\/yoast-seo-wordpress\/ -->\n<title>Idosos com 68 anos recebem vacina antecipada - Litoral SP<\/title>\n<meta name=\"description\" content=\"Os idosos com 68 anos ou mais v\u00e3o ter a vacina contra o coronav\u00edrus antecipada em S\u00e3o Vicente. A imuniza\u00e7\u00e3o vai come\u00e7ar a partir desta\" \/>\n<meta name=\"robots\" content=\"index, follow, max-snippet:-1, max-image-preview:large, max-video-preview:-1\" \/>\n<link rel=\"canonical\" href=\"https:\/\/redenoticiaz.com.br\/litoralsp\/2021\/03\/31\/idosos-com-68-anos-recebem-vacina-antecipada\" \/>\n<meta property=\"og:locale\" content=\"pt_BR\" \/>\n<meta property=\"og:type\" content=\"article\" \/>\n<meta property=\"og:title\" content=\"Idosos com 68 anos recebem vacina antecipada - Litoral SP\" \/>\n<meta property=\"og:description\" content=\"Os idosos com 68 anos ou mais v\u00e3o ter a vacina contra o coronav\u00edrus antecipada em S\u00e3o Vicente. A imuniza\u00e7\u00e3o vai come\u00e7ar a partir desta\" \/>\n<meta property=\"og:url\" content=\"https:\/\/redenoticiaz.com.br\/litoralsp\/2021\/03\/31\/idosos-com-68-anos-recebem-vacina-antecipada\" \/>\n<meta property=\"og:site_name\" content=\"Litoral SP\" \/>\n<meta property=\"article:published_time\" content=\"2021-03-31T16:13:54+00:00\" \/>\n<meta property=\"article:modified_time\" content=\"2021-03-31T16:15:39+00:00\" \/>\n<meta property=\"og:image\" content=\"https:\/\/redenoticiaz.com.br\/litoralsp\/wp-content\/uploads\/sites\/3\/2021\/03\/vacina-sv.jpg\" \/>\n\t<meta property=\"og:image:width\" content=\"984\" \/>\n\t<meta property=\"og:image:height\" content=\"984\" \/>\n\t<meta property=\"og:image:type\" content=\"image\/jpeg\" \/>\n<meta name=\"author\" content=\"Leonardo Francisco\" \/>\n<meta name=\"twitter:card\" content=\"summary_large_image\" \/>\n<meta name=\"twitter:label1\" content=\"Escrito por\" \/>\n\t<meta name=\"twitter:data1\" content=\"Leonardo Francisco\" \/>\n\t<meta name=\"twitter:label2\" content=\"Est. tempo de leitura\" \/>\n\t<meta name=\"twitter:data2\" content=\"1 minuto\" \/>\n<script type=\"application\/ld+json\" class=\"yoast-schema-graph\">{\"@context\":\"https:\\\/\\\/schema.org\",\"@graph\":[{\"@type\":\"Article\",\"@id\":\"https:\\\/\\\/redenoticiaz.com.br\\\/litoralsp\\\/2021\\\/03\\\/31\\\/idosos-com-68-anos-recebem-vacina-antecipada#article\",\"isPartOf\":{\"@id\":\"https:\\\/\\\/redenoticiaz.com.br\\\/litoralsp\\\/2021\\\/03\\\/31\\\/idosos-com-68-anos-recebem-vacina-antecipada\"},\"author\":{\"name\":\"Leonardo Francisco\",\"@id\":\"https:\\\/\\\/redenoticiaz.com.br\\\/litoralsp\\\/#\\\/schema\\\/person\\\/0f0b8a5bdafefe82841e07ae8d81ecb3\"},\"headline\":\"Idosos com 68 anos recebem vacina antecipada\",\"datePublished\":\"2021-03-31T16:13:54+00:00\",\"dateModified\":\"2021-03-31T16:15:39+00:00\",\"mainEntityOfPage\":{\"@id\":\"https:\\\/\\\/redenoticiaz.com.br\\\/litoralsp\\\/2021\\\/03\\\/31\\\/idosos-com-68-anos-recebem-vacina-antecipada\"},\"wordCount\":297,\"commentCount\":0,\"publisher\":{\"@id\":\"https:\\\/\\\/redenoticiaz.com.br\\\/litoralsp\\\/#organization\"},\"image\":{\"@id\":\"https:\\\/\\\/redenoticiaz.com.br\\\/litoralsp\\\/2021\\\/03\\\/31\\\/idosos-com-68-anos-recebem-vacina-antecipada#primaryimage\"},\"thumbnailUrl\":\"https:\\\/\\\/redenoticiaz.com.br\\\/litoralsp\\\/wp-content\\\/uploads\\\/sites\\\/3\\\/2021\\\/03\\\/vacina-sv.jpg\",\"keywords\":[\"68 ANOS OU MAIS\",\"Covid-19\",\"FERIADO DA P\u00c1SCOA\",\"IDOSOS\",\"S\u00e3o Vicente\",\"SECRETARIA DE SA\u00daDE\",\"VACINA ANTECIPADA\"],\"articleSection\":[\"S\u00e3o Vicente\",\"Sa\u00fade\"],\"inLanguage\":\"pt-BR\",\"potentialAction\":[{\"@type\":\"CommentAction\",\"name\":\"Comment\",\"target\":[\"https:\\\/\\\/redenoticiaz.com.br\\\/litoralsp\\\/2021\\\/03\\\/31\\\/idosos-com-68-anos-recebem-vacina-antecipada#respond\"]}]},{\"@type\":\"WebPage\",\"@id\":\"https:\\\/\\\/redenoticiaz.com.br\\\/litoralsp\\\/2021\\\/03\\\/31\\\/idosos-com-68-anos-recebem-vacina-antecipada\",\"url\":\"https:\\\/\\\/redenoticiaz.com.br\\\/litoralsp\\\/2021\\\/03\\\/31\\\/idosos-com-68-anos-recebem-vacina-antecipada\",\"name\":\"Idosos com 68 anos recebem vacina antecipada - Litoral SP\",\"isPartOf\":{\"@id\":\"https:\\\/\\\/redenoticiaz.com.br\\\/litoralsp\\\/#website\"},\"primaryImageOfPage\":{\"@id\":\"https:\\\/\\\/redenoticiaz.com.br\\\/litoralsp\\\/2021\\\/03\\\/31\\\/idosos-com-68-anos-recebem-vacina-antecipada#primaryimage\"},\"image\":{\"@id\":\"https:\\\/\\\/redenoticiaz.com.br\\\/litoralsp\\\/2021\\\/03\\\/31\\\/idosos-com-68-anos-recebem-vacina-antecipada#primaryimage\"},\"thumbnailUrl\":\"https:\\\/\\\/redenoticiaz.com.br\\\/litoralsp\\\/wp-content\\\/uploads\\\/sites\\\/3\\\/2021\\\/03\\\/vacina-sv.jpg\",\"datePublished\":\"2021-03-31T16:13:54+00:00\",\"dateModified\":\"2021-03-31T16:15:39+00:00\",\"description\":\"Os idosos com 68 anos ou mais v\u00e3o ter a vacina contra o coronav\u00edrus antecipada em S\u00e3o Vicente. A imuniza\u00e7\u00e3o vai come\u00e7ar a partir desta\",\"inLanguage\":\"pt-BR\",\"potentialAction\":[{\"@type\":\"ReadAction\",\"target\":[\"https:\\\/\\\/redenoticiaz.com.br\\\/litoralsp\\\/2021\\\/03\\\/31\\\/idosos-com-68-anos-recebem-vacina-antecipada\"]}]},{\"@type\":\"ImageObject\",\"inLanguage\":\"pt-BR\",\"@id\":\"https:\\\/\\\/redenoticiaz.com.br\\\/litoralsp\\\/2021\\\/03\\\/31\\\/idosos-com-68-anos-recebem-vacina-antecipada#primaryimage\",\"url\":\"https:\\\/\\\/redenoticiaz.com.br\\\/litoralsp\\\/wp-content\\\/uploads\\\/sites\\\/3\\\/2021\\\/03\\\/vacina-sv.jpg\",\"contentUrl\":\"https:\\\/\\\/redenoticiaz.com.br\\\/litoralsp\\\/wp-content\\\/uploads\\\/sites\\\/3\\\/2021\\\/03\\\/vacina-sv.jpg\",\"width\":984,\"height\":984,\"caption\":\"Cr\u00e9ditos: Divulga\u00e7\u00e3o\\\/Prefeitura de S\u00e3o Vicente.\"},{\"@type\":\"WebSite\",\"@id\":\"https:\\\/\\\/redenoticiaz.com.br\\\/litoralsp\\\/#website\",\"url\":\"https:\\\/\\\/redenoticiaz.com.br\\\/litoralsp\\\/\",\"name\":\"Litoral SP\",\"description\":\"Rede NoticiaZ\",\"publisher\":{\"@id\":\"https:\\\/\\\/redenoticiaz.com.br\\\/litoralsp\\\/#organization\"},\"potentialAction\":[{\"@type\":\"SearchAction\",\"target\":{\"@type\":\"EntryPoint\",\"urlTemplate\":\"https:\\\/\\\/redenoticiaz.com.br\\\/litoralsp\\\/?s={search_term_string}\"},\"query-input\":{\"@type\":\"PropertyValueSpecification\",\"valueRequired\":true,\"valueName\":\"search_term_string\"}}],\"inLanguage\":\"pt-BR\"},{\"@type\":\"Organization\",\"@id\":\"https:\\\/\\\/redenoticiaz.com.br\\\/litoralsp\\\/#organization\",\"name\":\"Litoral SP\",\"url\":\"https:\\\/\\\/redenoticiaz.com.br\\\/litoralsp\\\/\",\"logo\":{\"@type\":\"ImageObject\",\"inLanguage\":\"pt-BR\",\"@id\":\"https:\\\/\\\/redenoticiaz.com.br\\\/litoralsp\\\/#\\\/schema\\\/logo\\\/image\\\/\",\"url\":\"https:\\\/\\\/redenoticiaz.com.br\\\/litoralsp\\\/wp-content\\\/uploads\\\/sites\\\/3\\\/2020\\\/11\\\/logo.jpg\",\"contentUrl\":\"https:\\\/\\\/redenoticiaz.com.br\\\/litoralsp\\\/wp-content\\\/uploads\\\/sites\\\/3\\\/2020\\\/11\\\/logo.jpg\",\"width\":400,\"height\":250,\"caption\":\"Litoral SP\"},\"image\":{\"@id\":\"https:\\\/\\\/redenoticiaz.com.br\\\/litoralsp\\\/#\\\/schema\\\/logo\\\/image\\\/\"}},{\"@type\":\"Person\",\"@id\":\"https:\\\/\\\/redenoticiaz.com.br\\\/litoralsp\\\/#\\\/schema\\\/person\\\/0f0b8a5bdafefe82841e07ae8d81ecb3\",\"name\":\"Leonardo Francisco\",\"image\":{\"@type\":\"ImageObject\",\"inLanguage\":\"pt-BR\",\"@id\":\"https:\\\/\\\/secure.gravatar.com\\\/avatar\\\/a7358cb406a99b682ec6df1e77e31ae82e63601f6784e8a3df411d72b37864da?s=96&d=mm&r=g\",\"url\":\"https:\\\/\\\/secure.gravatar.com\\\/avatar\\\/a7358cb406a99b682ec6df1e77e31ae82e63601f6784e8a3df411d72b37864da?s=96&d=mm&r=g\",\"contentUrl\":\"https:\\\/\\\/secure.gravatar.com\\\/avatar\\\/a7358cb406a99b682ec6df1e77e31ae82e63601f6784e8a3df411d72b37864da?s=96&d=mm&r=g\",\"caption\":\"Leonardo Francisco\"},\"url\":\"https:\\\/\\\/redenoticiaz.com.br\\\/litoralsp\\\/author\\\/leonardo-francisco\"}]}<\/script>\n<!-- \/ Yoast SEO plugin. -->","yoast_head_json":{"title":"Idosos com 68 anos recebem vacina antecipada - Litoral SP","description":"Os idosos com 68 anos ou mais v\u00e3o ter a vacina contra o coronav\u00edrus antecipada em S\u00e3o Vicente. A imuniza\u00e7\u00e3o vai come\u00e7ar a partir desta","robots":{"index":"index","follow":"follow","max-snippet":"max-snippet:-1","max-image-preview":"max-image-preview:large","max-video-preview":"max-video-preview:-1"},"canonical":"https:\/\/redenoticiaz.com.br\/litoralsp\/2021\/03\/31\/idosos-com-68-anos-recebem-vacina-antecipada","og_locale":"pt_BR","og_type":"article","og_title":"Idosos com 68 anos recebem vacina antecipada - Litoral SP","og_description":"Os idosos com 68 anos ou mais v\u00e3o ter a vacina contra o coronav\u00edrus antecipada em S\u00e3o Vicente. A imuniza\u00e7\u00e3o vai come\u00e7ar a partir desta","og_url":"https:\/\/redenoticiaz.com.br\/litoralsp\/2021\/03\/31\/idosos-com-68-anos-recebem-vacina-antecipada","og_site_name":"Litoral SP","article_published_time":"2021-03-31T16:13:54+00:00","article_modified_time":"2021-03-31T16:15:39+00:00","og_image":[{"width":984,"height":984,"url":"https:\/\/redenoticiaz.com.br\/litoralsp\/wp-content\/uploads\/sites\/3\/2021\/03\/vacina-sv.jpg","type":"image\/jpeg"}],"author":"Leonardo Francisco","twitter_card":"summary_large_image","twitter_misc":{"Escrito por":"Leonardo Francisco","Est. tempo de leitura":"1 minuto"},"schema":{"@context":"https:\/\/schema.org","@graph":[{"@type":"Article","@id":"https:\/\/redenoticiaz.com.br\/litoralsp\/2021\/03\/31\/idosos-com-68-anos-recebem-vacina-antecipada#article","isPartOf":{"@id":"https:\/\/redenoticiaz.com.br\/litoralsp\/2021\/03\/31\/idosos-com-68-anos-recebem-vacina-antecipada"},"author":{"name":"Leonardo Francisco","@id":"https:\/\/redenoticiaz.com.br\/litoralsp\/#\/schema\/person\/0f0b8a5bdafefe82841e07ae8d81ecb3"},"headline":"Idosos com 68 anos recebem vacina antecipada","datePublished":"2021-03-31T16:13:54+00:00","dateModified":"2021-03-31T16:15:39+00:00","mainEntityOfPage":{"@id":"https:\/\/redenoticiaz.com.br\/litoralsp\/2021\/03\/31\/idosos-com-68-anos-recebem-vacina-antecipada"},"wordCount":297,"commentCount":0,"publisher":{"@id":"https:\/\/redenoticiaz.com.br\/litoralsp\/#organization"},"image":{"@id":"https:\/\/redenoticiaz.com.br\/litoralsp\/2021\/03\/31\/idosos-com-68-anos-recebem-vacina-antecipada#primaryimage"},"thumbnailUrl":"https:\/\/redenoticiaz.com.br\/litoralsp\/wp-content\/uploads\/sites\/3\/2021\/03\/vacina-sv.jpg","keywords":["68 ANOS OU MAIS","Covid-19","FERIADO DA P\u00c1SCOA","IDOSOS","S\u00e3o Vicente","SECRETARIA DE SA\u00daDE","VACINA ANTECIPADA"],"articleSection":["S\u00e3o Vicente","Sa\u00fade"],"inLanguage":"pt-BR","potentialAction":[{"@type":"CommentAction","name":"Comment","target":["https:\/\/redenoticiaz.com.br\/litoralsp\/2021\/03\/31\/idosos-com-68-anos-recebem-vacina-antecipada#respond"]}]},{"@type":"WebPage","@id":"https:\/\/redenoticiaz.com.br\/litoralsp\/2021\/03\/31\/idosos-com-68-anos-recebem-vacina-antecipada","url":"https:\/\/redenoticiaz.com.br\/litoralsp\/2021\/03\/31\/idosos-com-68-anos-recebem-vacina-antecipada","name":"Idosos com 68 anos recebem vacina antecipada - Litoral SP","isPartOf":{"@id":"https:\/\/redenoticiaz.com.br\/litoralsp\/#website"},"primaryImageOfPage":{"@id":"https:\/\/redenoticiaz.com.br\/litoralsp\/2021\/03\/31\/idosos-com-68-anos-recebem-vacina-antecipada#primaryimage"},"image":{"@id":"https:\/\/redenoticiaz.com.br\/litoralsp\/2021\/03\/31\/idosos-com-68-anos-recebem-vacina-antecipada#primaryimage"},"thumbnailUrl":"https:\/\/redenoticiaz.com.br\/litoralsp\/wp-content\/uploads\/sites\/3\/2021\/03\/vacina-sv.jpg","datePublished":"2021-03-31T16:13:54+00:00","dateModified":"2021-03-31T16:15:39+00:00","description":"Os idosos com 68 anos ou mais v\u00e3o ter a vacina contra o coronav\u00edrus antecipada em S\u00e3o Vicente. A imuniza\u00e7\u00e3o vai come\u00e7ar a partir desta","inLanguage":"pt-BR","potentialAction":[{"@type":"ReadAction","target":["https:\/\/redenoticiaz.com.br\/litoralsp\/2021\/03\/31\/idosos-com-68-anos-recebem-vacina-antecipada"]}]},{"@type":"ImageObject","inLanguage":"pt-BR","@id":"https:\/\/redenoticiaz.com.br\/litoralsp\/2021\/03\/31\/idosos-com-68-anos-recebem-vacina-antecipada#primaryimage","url":"https:\/\/redenoticiaz.com.br\/litoralsp\/wp-content\/uploads\/sites\/3\/2021\/03\/vacina-sv.jpg","contentUrl":"https:\/\/redenoticiaz.com.br\/litoralsp\/wp-content\/uploads\/sites\/3\/2021\/03\/vacina-sv.jpg","width":984,"height":984,"caption":"Cr\u00e9ditos: Divulga\u00e7\u00e3o\/Prefeitura de S\u00e3o Vicente."},{"@type":"WebSite","@id":"https:\/\/redenoticiaz.com.br\/litoralsp\/#website","url":"https:\/\/redenoticiaz.com.br\/litoralsp\/","name":"Litoral SP","description":"Rede NoticiaZ","publisher":{"@id":"https:\/\/redenoticiaz.com.br\/litoralsp\/#organization"},"potentialAction":[{"@type":"SearchAction","target":{"@type":"EntryPoint","urlTemplate":"https:\/\/redenoticiaz.com.br\/litoralsp\/?s={search_term_string}"},"query-input":{"@type":"PropertyValueSpecification","valueRequired":true,"valueName":"search_term_string"}}],"inLanguage":"pt-BR"},{"@type":"Organization","@id":"https:\/\/redenoticiaz.com.br\/litoralsp\/#organization","name":"Litoral SP","url":"https:\/\/redenoticiaz.com.br\/litoralsp\/","logo":{"@type":"ImageObject","inLanguage":"pt-BR","@id":"https:\/\/redenoticiaz.com.br\/litoralsp\/#\/schema\/logo\/image\/","url":"https:\/\/redenoticiaz.com.br\/litoralsp\/wp-content\/uploads\/sites\/3\/2020\/11\/logo.jpg","contentUrl":"https:\/\/redenoticiaz.com.br\/litoralsp\/wp-content\/uploads\/sites\/3\/2020\/11\/logo.jpg","width":400,"height":250,"caption":"Litoral SP"},"image":{"@id":"https:\/\/redenoticiaz.com.br\/litoralsp\/#\/schema\/logo\/image\/"}},{"@type":"Person","@id":"https:\/\/redenoticiaz.com.br\/litoralsp\/#\/schema\/person\/0f0b8a5bdafefe82841e07ae8d81ecb3","name":"Leonardo Francisco","image":{"@type":"ImageObject","inLanguage":"pt-BR","@id":"https:\/\/secure.gravatar.com\/avatar\/a7358cb406a99b682ec6df1e77e31ae82e63601f6784e8a3df411d72b37864da?s=96&d=mm&r=g","url":"https:\/\/secure.gravatar.com\/avatar\/a7358cb406a99b682ec6df1e77e31ae82e63601f6784e8a3df411d72b37864da?s=96&d=mm&r=g","contentUrl":"https:\/\/secure.gravatar.com\/avatar\/a7358cb406a99b682ec6df1e77e31ae82e63601f6784e8a3df411d72b37864da?s=96&d=mm&r=g","caption":"Leonardo Francisco"},"url":"https:\/\/redenoticiaz.com.br\/litoralsp\/author\/leonardo-francisco"}]}},"_links":{"self":[{"href":"https:\/\/redenoticiaz.com.br\/litoralsp\/wp-json\/wp\/v2\/posts\/6509","targetHints":{"allow":["GET"]}}],"collection":[{"href":"https:\/\/redenoticiaz.com.br\/litoralsp\/wp-json\/wp\/v2\/posts"}],"about":[{"href":"https:\/\/redenoticiaz.com.br\/litoralsp\/wp-json\/wp\/v2\/types\/post"}],"author":[{"embeddable":true,"href":"https:\/\/redenoticiaz.com.br\/litoralsp\/wp-json\/wp\/v2\/users\/6"}],"replies":[{"embeddable":true,"href":"https:\/\/redenoticiaz.com.br\/litoralsp\/wp-json\/wp\/v2\/comments?post=6509"}],"version-history":[{"count":1,"href":"https:\/\/redenoticiaz.com.br\/litoralsp\/wp-json\/wp\/v2\/posts\/6509\/revisions"}],"predecessor-version":[{"id":6511,"href":"https:\/\/redenoticiaz.com.br\/litoralsp\/wp-json\/wp\/v2\/posts\/6509\/revisions\/6511"}],"wp:featuredmedia":[{"embeddable":true,"href":"https:\/\/redenoticiaz.com.br\/litoralsp\/wp-json\/wp\/v2\/media\/6510"}],"wp:attachment":[{"href":"https:\/\/redenoticiaz.com.br\/litoralsp\/wp-json\/wp\/v2\/media?parent=6509"}],"wp:term":[{"taxonomy":"category","embeddable":true,"href":"https:\/\/redenoticiaz.com.br\/litoralsp\/wp-json\/wp\/v2\/categories?post=6509"},{"taxonomy":"post_tag","embeddable":true,"href":"https:\/\/redenoticiaz.com.br\/litoralsp\/wp-json\/wp\/v2\/tags?post=6509"}],"curies":[{"name":"wp","href":"https:\/\/api.w.org\/{rel}","templated":true}]}}