{"id":6954,"date":"2021-04-10T08:36:46","date_gmt":"2021-04-10T11:36:46","guid":{"rendered":"https:\/\/redenoticiaz.com.br\/litoralsp\/?p=6954"},"modified":"2021-04-10T10:02:47","modified_gmt":"2021-04-10T13:02:47","slug":"lider-e-lideranca-qual-e-o-estilo-do-seu-chefe","status":"publish","type":"post","link":"https:\/\/redenoticiaz.com.br\/litoralsp\/2021\/04\/10\/lider-e-lideranca-qual-e-o-estilo-do-seu-chefe","title":{"rendered":"L\u00edder e lideran\u00e7a. Qual \u00e9 o estilo do seu chefe ?"},"content":{"rendered":"<p><strong><em>por Adalberto Ceolin<\/em><\/strong><\/p>\n<p>Quando pensamos em<strong> lideran\u00e7a<\/strong>, logo nos vem \u00e0 mente que isso \u00e9 uma ci\u00eancia ou talvez at\u00e9 uma <strong>arte que possibilita influenciar pessoas de forma positiva, em prol de um resultado comum. <\/strong>Permite ainda simultaneamente, no mesmo contexto, que essas pessoas se desenvolvam como profissionais e como seres humanos. Se aqui estamos falando de pessoas, \u00e9 natural pensar em indiv\u00edduos. Cada pessoa \u00e9 em si mesmo, um universo pr\u00f3prio.<\/p>\n<p><a href=\"https:\/\/redenoticiaz.com.br\/litoralsp\/wp-content\/uploads\/sites\/3\/2021\/04\/lider-grande.jpg\"><img loading=\"lazy\" decoding=\"async\" class=\"size-large wp-image-6963\" src=\"https:\/\/redenoticiaz.com.br\/litoralsp\/wp-content\/uploads\/sites\/3\/2021\/04\/lider-grande-1024x300.jpg\" alt=\"\" width=\"1024\" height=\"300\" srcset=\"https:\/\/redenoticiaz.com.br\/litoralsp\/wp-content\/uploads\/sites\/3\/2021\/04\/lider-grande-1024x300.jpg 1024w, https:\/\/redenoticiaz.com.br\/litoralsp\/wp-content\/uploads\/sites\/3\/2021\/04\/lider-grande-300x88.jpg 300w, https:\/\/redenoticiaz.com.br\/litoralsp\/wp-content\/uploads\/sites\/3\/2021\/04\/lider-grande-768x225.jpg 768w, https:\/\/redenoticiaz.com.br\/litoralsp\/wp-content\/uploads\/sites\/3\/2021\/04\/lider-grande-1536x450.jpg 1536w, https:\/\/redenoticiaz.com.br\/litoralsp\/wp-content\/uploads\/sites\/3\/2021\/04\/lider-grande-2048x601.jpg 2048w, https:\/\/redenoticiaz.com.br\/litoralsp\/wp-content\/uploads\/sites\/3\/2021\/04\/lider-grande.jpg 1920w\" sizes=\"auto, (max-width: 1024px) 100vw, 1024px\" \/><\/a><\/p>\n<h5>Elementos da vida que seguem com a lideran\u00e7a<\/h5>\n<p>Motiva\u00e7\u00f5es, cren\u00e7as, valores, desejos, medos, qualidades, preconceitos, cada qual visto de uma forma diferente, a partir da percep\u00e7\u00e3o do mundo de que cada um possui. A isso chamamos de realidade.<br \/>\nO mesmo acontecimento, o mesmo cen\u00e1rio \u00e9 percebido, visto e sentido pelas pessoas cada qual de uma forma diferente, de acordo com a sua percep\u00e7\u00e3o da vida, pela realidade individual de cada um.<\/p>\n<p>As diferentes formas de personalidade obviamente ir\u00e3o influenciar no estilo da lideran\u00e7a que cada um pode apresentar diante dos diversos cen\u00e1rios poss\u00edveis.<\/p>\n<p>Marco Meda classifica os diversos estilos de lideran\u00e7a a partir de uma sele\u00e7\u00e3o muito interessante. \u201cL\u00edder vision\u00e1rio: \u00e9 o estilo de lideran\u00e7a que inspira a sua equipe por meio da vis\u00e3o e da miss\u00e3o da empresa. \u00c9 um profissional totalmente focado no futuro. L\u00edder relacionador: \u00e9 o profissional que tem um senso de companheirismo muito forte. L\u00edder democr\u00e1tico: este \u00e9 o estilo de lideran\u00e7a indicado para uma equipe madura e muito bem qualificada tecnicamente. \u00c9 um l\u00edder com grande capacidade de delegar poderes e delega porque sente seguran\u00e7a e confian\u00e7a entre os seus. L\u00edder exigente: \u00e9 o estilo que atua com um alto n\u00edvel de exig\u00eancia.<\/p>\n<h5><a href=\"https:\/\/redenoticiaz.com.br\/litoralsp\/wp-content\/uploads\/sites\/3\/2021\/04\/lider-megafone.jpg\"><img loading=\"lazy\" decoding=\"async\" class=\"alignleft size-medium wp-image-6964\" src=\"https:\/\/redenoticiaz.com.br\/litoralsp\/wp-content\/uploads\/sites\/3\/2021\/04\/lider-megafone-300x200.jpg\" alt=\"\" width=\"300\" height=\"200\" srcset=\"https:\/\/redenoticiaz.com.br\/litoralsp\/wp-content\/uploads\/sites\/3\/2021\/04\/lider-megafone-300x200.jpg 300w, https:\/\/redenoticiaz.com.br\/litoralsp\/wp-content\/uploads\/sites\/3\/2021\/04\/lider-megafone-1024x683.jpg 1024w, https:\/\/redenoticiaz.com.br\/litoralsp\/wp-content\/uploads\/sites\/3\/2021\/04\/lider-megafone-768x512.jpg 768w, https:\/\/redenoticiaz.com.br\/litoralsp\/wp-content\/uploads\/sites\/3\/2021\/04\/lider-megafone-1536x1024.jpg 1536w, https:\/\/redenoticiaz.com.br\/litoralsp\/wp-content\/uploads\/sites\/3\/2021\/04\/lider-megafone-2048x1365.jpg 2048w, https:\/\/redenoticiaz.com.br\/litoralsp\/wp-content\/uploads\/sites\/3\/2021\/04\/lider-megafone.jpg 1620w\" sizes=\"auto, (max-width: 300px) 100vw, 300px\" \/><\/a>Urg\u00eancia de metas<\/h5>\n<p>Trabalha com a urg\u00eancia na realiza\u00e7\u00e3o e cumprimento de metas, focando em resultados r\u00e1pidos e de curto prazo, assim, motiva a equipe com pequenas vit\u00f3rias. Exige muito de si e obviamente da sua equipe. Geralmente \u00e9 impaciente e possui um senso apurado de iniciativa. Especialista em necessidades de mudan\u00e7as emergenciais. L\u00edder Severo: \u00e9 r\u00edgido na sua ess\u00eancia. Famoso pelo jarg\u00e3o: manda quem pode e obedece quem tem ju\u00edzo. Jamais pede, sempre d\u00e1 ordens. \u00c9 altamente autorit\u00e1rio e quer as coisas sempre do seu jeito.\u00a0Obviamente ele perde grandes talentos na equipe pela sua postura incisiva.\u201d(01)<\/p>\n<p>Muito interessante tamb\u00e9m \u00e9 classifica\u00e7\u00e3o de Jos\u00e9 Roberto Marques, onde ele nos prop\u00f5e um assertivo teste dos tipos de personalidade dos l\u00edderes. \u201cNessa an\u00e1lise, s\u00e3o tra\u00e7ados sete modelos que indicam as caracter\u00edsticas centrais de cada tipo de personalidade: controlador, perfeccionista, carente, fazedor, mediador, protetor e ditador. Descubra quais s\u00e3o suas caracter\u00edsticas e qual perfil se adequa mais \u00e0 sua personalidade.<\/p>\n<h5>Informa\u00e7\u00e3o e observa\u00e7\u00e3o para entender<\/h5>\n<p>Com certeza voc\u00ea ampliar\u00e1 a consci\u00eancia de suas capacidades e comportamentos e poder\u00e1 ainda compreender<a href=\"https:\/\/redenoticiaz.com.br\/litoralsp\/wp-content\/uploads\/sites\/3\/2021\/04\/lider-negocios.jpg\"><img loading=\"lazy\" decoding=\"async\" class=\"alignright size-medium wp-image-6962\" src=\"https:\/\/redenoticiaz.com.br\/litoralsp\/wp-content\/uploads\/sites\/3\/2021\/04\/lider-negocios-300x199.jpg\" alt=\"\" width=\"300\" height=\"199\" srcset=\"https:\/\/redenoticiaz.com.br\/litoralsp\/wp-content\/uploads\/sites\/3\/2021\/04\/lider-negocios-300x199.jpg 300w, https:\/\/redenoticiaz.com.br\/litoralsp\/wp-content\/uploads\/sites\/3\/2021\/04\/lider-negocios-1024x680.jpg 1024w, https:\/\/redenoticiaz.com.br\/litoralsp\/wp-content\/uploads\/sites\/3\/2021\/04\/lider-negocios-768x510.jpg 768w, https:\/\/redenoticiaz.com.br\/litoralsp\/wp-content\/uploads\/sites\/3\/2021\/04\/lider-negocios-1536x1020.jpg 1536w, https:\/\/redenoticiaz.com.br\/litoralsp\/wp-content\/uploads\/sites\/3\/2021\/04\/lider-negocios-2048x1360.jpg 2048w, https:\/\/redenoticiaz.com.br\/litoralsp\/wp-content\/uploads\/sites\/3\/2021\/04\/lider-negocios.jpg 1627w\" sizes=\"auto, (max-width: 300px) 100vw, 300px\" \/><\/a> melhor como as pessoas que convivem com voc\u00ea agem e se comportam.<\/p>\n<p>Partindo da observa\u00e7\u00e3o e estudo dos estilos classificados no trabalho desses autores, para fins de melhor entendimento, pude classificar e resumir os estilos de lideran\u00e7a em Autorit\u00e1rio, Liberal, Conciliador, Perfeccionista e Democr\u00e1tico.<\/p>\n<p>Se a essas alturas voc\u00ea estiver se perguntando, \u201ce da\u00ed ? Foram apresentados v\u00e1rios estilos de lideran\u00e7a, segundo v\u00e1rios pontos de vistas, cada qual com suas caracter\u00edsticas. Mas e da\u00ed? O que eu fa\u00e7o com isso? Muito bem! Se esses questionamentos apareceram, voc\u00ea est\u00e1 no caminho correto.<\/p>\n<h5><a href=\"https:\/\/redenoticiaz.com.br\/litoralsp\/wp-content\/uploads\/sites\/3\/2021\/04\/lider-xadrez.jpg\"><img loading=\"lazy\" decoding=\"async\" class=\"size-medium wp-image-6961 alignleft\" src=\"https:\/\/redenoticiaz.com.br\/litoralsp\/wp-content\/uploads\/sites\/3\/2021\/04\/lider-xadrez-300x200.jpg\" alt=\"\" width=\"300\" height=\"200\" srcset=\"https:\/\/redenoticiaz.com.br\/litoralsp\/wp-content\/uploads\/sites\/3\/2021\/04\/lider-xadrez-300x200.jpg 300w, https:\/\/redenoticiaz.com.br\/litoralsp\/wp-content\/uploads\/sites\/3\/2021\/04\/lider-xadrez-1024x683.jpg 1024w, https:\/\/redenoticiaz.com.br\/litoralsp\/wp-content\/uploads\/sites\/3\/2021\/04\/lider-xadrez-768x513.jpg 768w, https:\/\/redenoticiaz.com.br\/litoralsp\/wp-content\/uploads\/sites\/3\/2021\/04\/lider-xadrez-1536x1025.jpg 1536w, https:\/\/redenoticiaz.com.br\/litoralsp\/wp-content\/uploads\/sites\/3\/2021\/04\/lider-xadrez-2048x1367.jpg 2048w, https:\/\/redenoticiaz.com.br\/litoralsp\/wp-content\/uploads\/sites\/3\/2021\/04\/lider-xadrez.jpg 1618w\" sizes=\"auto, (max-width: 300px) 100vw, 300px\" \/><\/a>Observa\u00e7\u00e3o \u00e9 a regra<\/h5>\n<p>Essa \u00e9 a grande ponto de ouro pra voc\u00ea leitor, sendo l\u00edder ou n\u00e3o.<\/p>\n<p>A grande sacada aqui \u00e9 a observa\u00e7\u00e3o. Quando voc\u00ea domina o conhecimento a partir dos diversos estilos de lideran\u00e7a, isso lhe permite saber de verdade quem \u00e9 o seu l\u00edder. \u00c9 muito importante identificar o estilo de lideran\u00e7a de seu chefe, pois isso obviamente ir\u00e1 lhe possibilitar v\u00e1rias vantagens.<\/p>\n<p>Conhecer a regra do jogo \u00e9 muito importante e inteligente, mas conhecer o estilo de quem escreve as regras \u00e9 muito mais que importante. Isso \u00e9 sabedoria.<\/p>\n<h6>observar sempre<\/h6>\n<p>Se voc\u00ea tem a oportunidade de observar e identificar o estilo de lideran\u00e7a de seu l\u00edder, ou ainda dos l\u00edderes de sua equipe, fica muito mais f\u00e1cil transitar nesse terreno.<\/p>\n<p>Conhecer os estilos de lideran\u00e7a a partir da observa\u00e7\u00e3o, com toda certeza ir\u00e1 tornar os seus relacionamentos muito mais leves e a partir da\u00ed, voc\u00ea experimentar\u00e1 uma efici\u00eancia de desempenho extraordin\u00e1ria. Lembre-se que tudo que \u00e9 leve sobe mais r\u00e1pido e melhor.<\/p>\n<h5>L\u00edder Autorit\u00e1rio:<\/h5>\n<p>Esse estilo de lideran\u00e7a atualmente \u00e9 o que menos tem a acrescentar. Como hoje em dia o foco \u00e9 no<a href=\"https:\/\/redenoticiaz.com.br\/litoralsp\/wp-content\/uploads\/sites\/3\/2021\/04\/lider-mulher.jpg\"><img loading=\"lazy\" decoding=\"async\" class=\"alignright size-medium wp-image-6958\" src=\"https:\/\/redenoticiaz.com.br\/litoralsp\/wp-content\/uploads\/sites\/3\/2021\/04\/lider-mulher-300x200.jpg\" alt=\"\" width=\"300\" height=\"200\" srcset=\"https:\/\/redenoticiaz.com.br\/litoralsp\/wp-content\/uploads\/sites\/3\/2021\/04\/lider-mulher-300x200.jpg 300w, https:\/\/redenoticiaz.com.br\/litoralsp\/wp-content\/uploads\/sites\/3\/2021\/04\/lider-mulher-1024x683.jpg 1024w, https:\/\/redenoticiaz.com.br\/litoralsp\/wp-content\/uploads\/sites\/3\/2021\/04\/lider-mulher-768x512.jpg 768w, https:\/\/redenoticiaz.com.br\/litoralsp\/wp-content\/uploads\/sites\/3\/2021\/04\/lider-mulher-1536x1024.jpg 1536w, https:\/\/redenoticiaz.com.br\/litoralsp\/wp-content\/uploads\/sites\/3\/2021\/04\/lider-mulher-2048x1365.jpg 2048w, https:\/\/redenoticiaz.com.br\/litoralsp\/wp-content\/uploads\/sites\/3\/2021\/04\/lider-mulher.jpg 1620w\" sizes=\"auto, (max-width: 300px) 100vw, 300px\" \/><\/a> desenvolvimento humano, esse estilo perdeu muito seu espa\u00e7o nas grandes organiza\u00e7\u00f5es, muito embora ainda tem sua utilidade, como ser\u00e1 explicado mais adiante.<\/p>\n<p>Em regra, o l\u00edder que adota o estilo autorit\u00e1rio \u00e9 o que menos desenvolve sua equipe. Sua lideran\u00e7a n\u00e3o \u00e9 verdadeira pois \u00e9 lastreada no poder. Isso significa que a lideran\u00e7a s\u00f3 dura at\u00e9 onde houver poder. N\u00e3o faz seguidores, que \u00e9 a caracter\u00edsitica principal de um verdadeiro l\u00edder.<\/p>\n<p>Suas principais caracter\u00edsticas: 1- n\u00e3o inspira ningu\u00e9m. Apenas d\u00e1 \u00f3rdens e centraliza. 2- Ao inv\u00e9s de motivar as pessoas, causa desmotiva\u00e7\u00e3o geral. 3- Afunda seus liderados ao inv\u00e9s de desenvolv\u00ea-los; 4- lidera cal\u00e7ado somente da autoridade e n\u00e3o pelo exemplo;<\/p>\n<h5>L\u00edder Liberal:<\/h5>\n<p>Esse estilo de lideran\u00e7a tende a ser muito mais leve. O l\u00edder que adota esse estilo permite que sua equipe trabalhe mais livremente a partir das metas estabelecidas, como a pr\u00f3pria defini\u00e7\u00e3o sugere. Digamos que ele apenas define e confere e discute as metas ao inv\u00e9s de cobr\u00e1-las. Existe pouca interfer\u00eancia nos trabalhos de seus liderados. Funciona muito bem quando a equipe \u00e9 profissionalmente adulta e auto- gerenci\u00e1vel.<\/p>\n<h5>L\u00edder Perfeccionista:<\/h5>\n<p>Essa lideran\u00e7a tende a ser a mais exigente. Presa pelo bem feito e n\u00e3o pelo feito. Dependendo do contexto pode trazer resultados muito bons, mas tamb\u00e9m pode desmotivar a equipe quando se apega demais a detalhes desnecess\u00e1rios, conforme o cen\u00e1rio. Um feedback mal ampliado ao liderado, pode colocar por terra o respeito, o comprometimento e a dedica\u00e7\u00e3o. Muitas vezes o colaborador dedicou-se o m\u00e1ximo, dando tudo de si para executar um trabalho dentro do prazo, uma meta ousada etc.<\/p>\n<p>Se houver um exagero de perfeccionismo na aplica\u00e7\u00e3o do feedback, apontando detalhes que projetem algo perfeito ao inv\u00e9s do que foi entregue, vai parecer ao liderado que seu trabalho n\u00e3o valeu de nada. N\u00e3o existe nada mais desmotivador. Creio que se esse for o seu estilo de lideran\u00e7a, a chave para o equil\u00edbrio \u00e9 se lembrar que a perfei\u00e7\u00e3o \u00e9 divina; o perfeccionismo \u00e9 dos seres humanos e pode constituir um grande defeito, quando descontrolado.<\/p>\n<h5><a href=\"https:\/\/redenoticiaz.com.br\/litoralsp\/wp-content\/uploads\/sites\/3\/2021\/04\/lider-equipe.jpg\"><img loading=\"lazy\" decoding=\"async\" class=\"alignleft size-medium wp-image-6955\" src=\"https:\/\/redenoticiaz.com.br\/litoralsp\/wp-content\/uploads\/sites\/3\/2021\/04\/lider-equipe-300x200.jpg\" alt=\"\" width=\"300\" height=\"200\" srcset=\"https:\/\/redenoticiaz.com.br\/litoralsp\/wp-content\/uploads\/sites\/3\/2021\/04\/lider-equipe-300x200.jpg 300w, https:\/\/redenoticiaz.com.br\/litoralsp\/wp-content\/uploads\/sites\/3\/2021\/04\/lider-equipe-1024x683.jpg 1024w, https:\/\/redenoticiaz.com.br\/litoralsp\/wp-content\/uploads\/sites\/3\/2021\/04\/lider-equipe-768x512.jpg 768w, https:\/\/redenoticiaz.com.br\/litoralsp\/wp-content\/uploads\/sites\/3\/2021\/04\/lider-equipe-1536x1024.jpg 1536w, https:\/\/redenoticiaz.com.br\/litoralsp\/wp-content\/uploads\/sites\/3\/2021\/04\/lider-equipe-2048x1365.jpg 2048w, https:\/\/redenoticiaz.com.br\/litoralsp\/wp-content\/uploads\/sites\/3\/2021\/04\/lider-equipe.jpg 1620w\" sizes=\"auto, (max-width: 300px) 100vw, 300px\" \/><\/a>&#8211; L\u00edder Conciliador:<\/h5>\n<p>Essa lideran\u00e7a \u00e9 pautada no ambiente ham\u00f4nico da equipe. O foco do l\u00edder conciliador \u00e9 o ambiente. Nesse ponto, lembramos que ambiente \u00e9 a base da pir\u00e2mide dos n\u00edveis neurol\u00f3gicos (03) e esse \u00e9 um aspecto muito positivo desse estilo de lideran\u00e7a. O l\u00edder conciliador valoriza o relacionamento dos membros de sua equipe, zelando pela perfeita intera\u00e7\u00e3o de todos.<\/p>\n<p>O ponto de aten\u00e7\u00e3o desse estilo reside exatamente no surgimente de conflitos. O l\u00edder conciliador pode ficar extremamente chateado quando algum membro de sua equipe se desentende com outro. Dependendo do n\u00edvel emocional, o l\u00edder aqui corre o risco de querer agradar a todos e isso pode gerar mais problemas.<\/p>\n<p>Carinhosamente chamo a esse estilo de \u201cl\u00edder bombeiro\u201d, porque v\u00ea as diferen\u00e7as entre os colaboradores como inc\u00eandios e se esfor\u00e7a muito (\u00e0s vezes at\u00e9 demais) para apag\u00e1-los. Quando essa necessidade de concilia\u00e7\u00e3o \u00e9 desequilibrada, a tend\u00eancia do l\u00edder \u00e9 maquiar problemas para evitar o conflito e assim, manter a harmonia entre os liderados.<\/p>\n<h5><a href=\"https:\/\/redenoticiaz.com.br\/litoralsp\/wp-content\/uploads\/sites\/3\/2021\/04\/lider-mulher-madura.jpg\"><img loading=\"lazy\" decoding=\"async\" class=\"size-medium wp-image-6959 alignleft\" src=\"https:\/\/redenoticiaz.com.br\/litoralsp\/wp-content\/uploads\/sites\/3\/2021\/04\/lider-mulher-madura-300x200.jpg\" alt=\"\" width=\"300\" height=\"200\" srcset=\"https:\/\/redenoticiaz.com.br\/litoralsp\/wp-content\/uploads\/sites\/3\/2021\/04\/lider-mulher-madura-300x200.jpg 300w, https:\/\/redenoticiaz.com.br\/litoralsp\/wp-content\/uploads\/sites\/3\/2021\/04\/lider-mulher-madura-1024x683.jpg 1024w, https:\/\/redenoticiaz.com.br\/litoralsp\/wp-content\/uploads\/sites\/3\/2021\/04\/lider-mulher-madura-768x512.jpg 768w, https:\/\/redenoticiaz.com.br\/litoralsp\/wp-content\/uploads\/sites\/3\/2021\/04\/lider-mulher-madura-1536x1024.jpg 1536w, https:\/\/redenoticiaz.com.br\/litoralsp\/wp-content\/uploads\/sites\/3\/2021\/04\/lider-mulher-madura-2048x1365.jpg 2048w, https:\/\/redenoticiaz.com.br\/litoralsp\/wp-content\/uploads\/sites\/3\/2021\/04\/lider-mulher-madura.jpg 1620w\" sizes=\"auto, (max-width: 300px) 100vw, 300px\" \/><\/a>L\u00edder Democr\u00e1tico:<\/h5>\n<p>Tamb\u00e9m \u00e9 um estilo que funciona muito bem em ambientes de equipes adutas e comprometidas em alto n\u00edvel. O l\u00edder democr\u00e1tico dificilmente decide as coisas sozinho. \u00c9 o que mais convoca reuni\u00f5es e gosta de ouvir as opini\u00f5es de todos, antes de tomar qualquer decis\u00e3o. Agindo assim, tem mais seguran\u00e7a antes de definir um projeto, uma meta ou mesmo um assunto de mero expediente.<\/p>\n<p>Adotando este estilo de lideran\u00e7a, \u00e9 importante que a equipe toda seja bem consciente das fun\u00e7\u00f5es e tarefas que cabe a cada um, numa vis\u00e3o bem sist\u00eamica do ambiente, pois caso contrt\u00e1rio, se cada um for focado somente em sua pr\u00f3pria fun\u00e7\u00e3o isoladamente, o estilo democr\u00e1tico n\u00e3o ir\u00e1 funcionar, pois na hora de dar opini\u00f5es cada um ir\u00e1 olhar somente para o pr\u00f3prio umbigo e ser\u00e1 dif\u00edcil chegar a uma decis\u00e3o que beneficie o grupo.<\/p>\n<h5>L\u00edder camale\u00e3o<\/h5>\n<p>Aqui nesse ponto eu ficaria muito feliz se voc\u00ea estiver se perguntando: Qual \u00e9 o melhor estilo de lideran\u00e7a? Mais uma vez, se voc\u00ea estiver se perguntando isso, estamos no caminho certo.<br \/>\nSem medo de errar, arrisco dizer que o melhor de todos os estilos de lideran\u00e7a \u00e9 o \u201cL\u00edder Camale\u00e3o\u201d. Isso mesmo.<\/p>\n<p>Essa defini\u00e7\u00e3o j\u00e1 usada por v\u00e1rios autores justamente para mostrar a versatilidade e a capacidade de cada l\u00edder mudar a \u201ccor\u201d do seu estilo de lideran\u00e7a diante de cada cen\u00e1rio em v\u00e1rios contextos diferentes, cada qual com o seu peculiar desafio.<\/p>\n<p>Lembre-se que o estilo de lideran\u00e7a \u00e9 moldado pela personalidade de cada um. Isso quer dizer que naturalmente todos n\u00f3s temos uma caracter\u00edstica de lideran\u00e7a que \u00e9 mais marcante porque j\u00e1 nasce conosco. Caso adotemos esse estilo radicalmente, sem qualquer flexibilidade e possiblidade de migrarmos para outro estilo, de acordo com a necessidade do cen\u00e1rio apresentado, estaremos em grande desvantagem.<\/p>\n<h5>Um lutar tem v\u00e1rios estilos<\/h5>\n<p>Lembre-se do lutador de M.M.A. Se ele n\u00e3o mesclar os estilos de luta de acordo com o estilo de cada oponente,<a href=\"https:\/\/redenoticiaz.com.br\/litoralsp\/wp-content\/uploads\/sites\/3\/2021\/04\/lider.jpg\"><img loading=\"lazy\" decoding=\"async\" class=\"alignright size-medium wp-image-6960\" src=\"https:\/\/redenoticiaz.com.br\/litoralsp\/wp-content\/uploads\/sites\/3\/2021\/04\/lider-300x200.jpg\" alt=\"\" width=\"300\" height=\"200\" srcset=\"https:\/\/redenoticiaz.com.br\/litoralsp\/wp-content\/uploads\/sites\/3\/2021\/04\/lider-300x200.jpg 300w, https:\/\/redenoticiaz.com.br\/litoralsp\/wp-content\/uploads\/sites\/3\/2021\/04\/lider-1024x683.jpg 1024w, https:\/\/redenoticiaz.com.br\/litoralsp\/wp-content\/uploads\/sites\/3\/2021\/04\/lider-768x512.jpg 768w, https:\/\/redenoticiaz.com.br\/litoralsp\/wp-content\/uploads\/sites\/3\/2021\/04\/lider-1536x1024.jpg 1536w, https:\/\/redenoticiaz.com.br\/litoralsp\/wp-content\/uploads\/sites\/3\/2021\/04\/lider-2048x1365.jpg 2048w, https:\/\/redenoticiaz.com.br\/litoralsp\/wp-content\/uploads\/sites\/3\/2021\/04\/lider.jpg 1620w\" sizes=\"auto, (max-width: 300px) 100vw, 300px\" \/><\/a> a derrota \u00e9 certa. Um \u00fanico estilo pode funcionar em uma, ou duas lutas, mas quando houver um advers\u00e1rio que exija a aplica\u00e7\u00e3o de outro estilo, j\u00e1 era. Vai perder.<\/p>\n<p>A lideran\u00e7a deve ser vers\u00e1til. O sucesso do l\u00edder, nesse ponto, depende da capacidade de mudan\u00e7a de estilo, ainda que um deles seja nato.<\/p>\n<p>Digamos que um l\u00edder tenha uma equipe respons\u00e1vel, comprometida com suas metas, dentro de uma cultura organizacional de muita ordem e disciplina. Se adotarmos aqui nesse cen\u00e1rio um estilo autorit\u00e1rio ou perfeccionista, com certeza a equipe ser\u00e1 desmotivada a ponto de n\u00e3o produzir mais.<\/p>\n<h5><a href=\"https:\/\/redenoticiaz.com.br\/litoralsp\/wp-content\/uploads\/sites\/3\/2021\/04\/lider-barquinho.jpg\"><img loading=\"lazy\" decoding=\"async\" class=\"alignright size-medium wp-image-6957\" src=\"https:\/\/redenoticiaz.com.br\/litoralsp\/wp-content\/uploads\/sites\/3\/2021\/04\/lider-barquinho-300x200.jpg\" alt=\"\" width=\"300\" height=\"200\" srcset=\"https:\/\/redenoticiaz.com.br\/litoralsp\/wp-content\/uploads\/sites\/3\/2021\/04\/lider-barquinho-300x200.jpg 300w, https:\/\/redenoticiaz.com.br\/litoralsp\/wp-content\/uploads\/sites\/3\/2021\/04\/lider-barquinho-1024x683.jpg 1024w, https:\/\/redenoticiaz.com.br\/litoralsp\/wp-content\/uploads\/sites\/3\/2021\/04\/lider-barquinho-768x512.jpg 768w, https:\/\/redenoticiaz.com.br\/litoralsp\/wp-content\/uploads\/sites\/3\/2021\/04\/lider-barquinho-1536x1024.jpg 1536w, https:\/\/redenoticiaz.com.br\/litoralsp\/wp-content\/uploads\/sites\/3\/2021\/04\/lider-barquinho-2048x1365.jpg 2048w, https:\/\/redenoticiaz.com.br\/litoralsp\/wp-content\/uploads\/sites\/3\/2021\/04\/lider-barquinho.jpg 1620w\" sizes=\"auto, (max-width: 300px) 100vw, 300px\" \/><\/a>Fundamental: apoio e treinamento<\/h5>\n<p>Da mesma forma, seguindo o racioc\u00ednio inverso, se o l\u00edder estiver diante de uma equipe ainda em desenvolvimento, que necessite de apoio e treinamento, adotar de um estilo de lideran\u00e7a democr\u00e1tico ou liberal poder\u00e1 ter fins catastr\u00f3ficos.<\/p>\n<p>Em determinadas situa\u00e7\u00f5es, \u00e9 necess\u00e1rio at\u00e9 mesmo adotar um estilo autorit\u00e1rio para colocar ordem na casa. Sabemos que esse estilo de lideran\u00e7a est\u00e1 praticamente extinto como os dinossauros. Por\u00e9m, para o l\u00edder vers\u00e1til, \u00e0s vezes \u00e9 preciso usar. Mais ou menos como se voc\u00ea guardasse esse dinossauro numa caixa e quando houver necessidade, solte-o sem medo. Ele far\u00e1 o que tem que ser feito e as coisas ficar\u00e3o em ordem.<\/p>\n<p>A\u00ed ent\u00e3o ser\u00e1 a hora de guard\u00e1-lo novamente.<\/p>\n<p>Por isso eu disse no in\u00edcio, que esse estilo ainda tem sua utilidade, ainda que seja moment\u00e2nea e para situa\u00e7\u00f5es pontuais e extremas.<\/p>\n<p><em>(01) Meda, Marco, 1975- Voc\u00ea Pode ser l\u00edder? Segredos e estrat\u00e9gias para potencializar suas compet\u00eancias de lideran\u00e7a \/ Marco Meda. 1. Ed. Salto, SP: Schoba, 2013.<\/em><br \/>\n<em>(02) Marques, Jos\u00e9 Roberto. Leader Coach: coaching como filosofia de lideran\u00e7a\/Jos\u00e9 Roberto Marques. \u2013 3. Ed. Ver. E ampl. \u2013 Goi\u00e2nia: Editora IBC, 2016.<\/em><br \/>\n<em>(03) N\u00edveis neurol\u00f3gicos \u00e9 uma ferramenta criada por Robert Dilts, um dos grandes nomes da PNL.<\/em><\/p>\n<p>&nbsp;<\/p>\n<p><em><strong>Por Adalberto Ceolin. \u00a0Delegado de Pol\u00edcia do Estado de S\u00e3o Paulo, coach, PNL Master Pratitioner, analista comportamental com eneagrama.<\/strong><\/em><\/p>\n<p>&nbsp;<\/p>\n<p>LEIA TAMB\u00c9M<\/p>\n<p><a href=\"https:\/\/redenoticiaz.com.br\/litoralsp\/2021\/03\/20\/antes-da-colheita-existe-um-caminho-a-percorrer\">Antes da colheita existe um caminho a percorrer<\/a><\/p>\n<p><a href=\"https:\/\/redenoticiaz.com.br\/litoralsp\/2021\/02\/27\/qual-a-diferenca-entre-chefe-e-lider\">Qual a diferen\u00e7a entre chefe e l\u00edder ?<\/a><\/p>\n","protected":false},"excerpt":{"rendered":"<p>por Adalberto Ceolin Quando pensamos em lideran\u00e7a, logo nos vem \u00e0 mente que isso \u00e9 uma ci\u00eancia ou talvez at\u00e9 uma arte que possibilita influenciar pessoas de forma positiva, em prol de um resultado comum. Permite ainda simultaneamente, no mesmo contexto, que essas pessoas se desenvolvam como profissionais e como seres humanos. Se aqui estamos &hellip;<\/p>\n","protected":false},"author":5,"featured_media":6965,"comment_status":"open","ping_status":"closed","sticky":false,"template":"","format":"standard","meta":{"footnotes":""},"categories":[4],"tags":[18530,18528,4545,18527,18529],"class_list":["post-6954","post","type-post","status-publish","format-standard","has-post-thumbnail","hentry","category-geral","tag-como-liderar-uma-equipe","tag-estilos-de-lideranca","tag-lider","tag-lideranca","tag-todos-os-tipos-de-lideranca"],"yoast_head":"<!-- This site is optimized with the Yoast SEO plugin v27.5 - https:\/\/yoast.com\/product\/yoast-seo-wordpress\/ -->\n<title>L\u00edder e lideran\u00e7a. Qual \u00e9 o estilo do seu chefe ? - Litoral SP<\/title>\n<meta name=\"description\" content=\"Quando pensamos em lideran\u00e7a, logo nos vem \u00e0 mente que isso \u00e9 uma ci\u00eancia ou talvez at\u00e9 uma arte que possibilita influenciar pessoas de forma positiva,\" \/>\n<meta name=\"robots\" content=\"index, follow, max-snippet:-1, max-image-preview:large, max-video-preview:-1\" \/>\n<link rel=\"canonical\" href=\"https:\/\/redenoticiaz.com.br\/litoralsp\/2021\/04\/10\/lider-e-lideranca-qual-e-o-estilo-do-seu-chefe\" \/>\n<meta property=\"og:locale\" content=\"pt_BR\" \/>\n<meta property=\"og:type\" content=\"article\" \/>\n<meta property=\"og:title\" content=\"L\u00edder e lideran\u00e7a. Qual \u00e9 o estilo do seu chefe ? - Litoral SP\" \/>\n<meta property=\"og:description\" content=\"Quando pensamos em lideran\u00e7a, logo nos vem \u00e0 mente que isso \u00e9 uma ci\u00eancia ou talvez at\u00e9 uma arte que possibilita influenciar pessoas de forma positiva,\" \/>\n<meta property=\"og:url\" content=\"https:\/\/redenoticiaz.com.br\/litoralsp\/2021\/04\/10\/lider-e-lideranca-qual-e-o-estilo-do-seu-chefe\" \/>\n<meta property=\"og:site_name\" content=\"Litoral SP\" \/>\n<meta property=\"article:published_time\" content=\"2021-04-10T11:36:46+00:00\" \/>\n<meta property=\"article:modified_time\" content=\"2021-04-10T13:02:47+00:00\" \/>\n<meta property=\"og:image\" content=\"https:\/\/redenoticiaz.com.br\/litoralsp\/wp-content\/uploads\/sites\/3\/2021\/04\/lider-sorrindo.jpg\" \/>\n\t<meta property=\"og:image:width\" content=\"1618\" \/>\n\t<meta property=\"og:image:height\" content=\"1080\" \/>\n\t<meta property=\"og:image:type\" content=\"image\/jpeg\" \/>\n<meta name=\"author\" content=\"Patr\u00edcia Prado\" \/>\n<meta name=\"twitter:card\" content=\"summary_large_image\" \/>\n<meta name=\"twitter:label1\" content=\"Escrito por\" \/>\n\t<meta name=\"twitter:data1\" content=\"Patr\u00edcia Prado\" \/>\n\t<meta name=\"twitter:label2\" content=\"Est. tempo de leitura\" \/>\n\t<meta name=\"twitter:data2\" content=\"10 minutos\" \/>\n<script type=\"application\/ld+json\" class=\"yoast-schema-graph\">{\"@context\":\"https:\\\/\\\/schema.org\",\"@graph\":[{\"@type\":\"Article\",\"@id\":\"https:\\\/\\\/redenoticiaz.com.br\\\/litoralsp\\\/2021\\\/04\\\/10\\\/lider-e-lideranca-qual-e-o-estilo-do-seu-chefe#article\",\"isPartOf\":{\"@id\":\"https:\\\/\\\/redenoticiaz.com.br\\\/litoralsp\\\/2021\\\/04\\\/10\\\/lider-e-lideranca-qual-e-o-estilo-do-seu-chefe\"},\"author\":{\"name\":\"Patr\u00edcia Prado\",\"@id\":\"https:\\\/\\\/redenoticiaz.com.br\\\/litoralsp\\\/#\\\/schema\\\/person\\\/e1b0bd8c2637e2c1b6ddcbc2c33b116f\"},\"headline\":\"L\u00edder e lideran\u00e7a. Qual \u00e9 o estilo do seu chefe ?\",\"datePublished\":\"2021-04-10T11:36:46+00:00\",\"dateModified\":\"2021-04-10T13:02:47+00:00\",\"mainEntityOfPage\":{\"@id\":\"https:\\\/\\\/redenoticiaz.com.br\\\/litoralsp\\\/2021\\\/04\\\/10\\\/lider-e-lideranca-qual-e-o-estilo-do-seu-chefe\"},\"wordCount\":2083,\"commentCount\":0,\"publisher\":{\"@id\":\"https:\\\/\\\/redenoticiaz.com.br\\\/litoralsp\\\/#organization\"},\"image\":{\"@id\":\"https:\\\/\\\/redenoticiaz.com.br\\\/litoralsp\\\/2021\\\/04\\\/10\\\/lider-e-lideranca-qual-e-o-estilo-do-seu-chefe#primaryimage\"},\"thumbnailUrl\":\"https:\\\/\\\/redenoticiaz.com.br\\\/litoralsp\\\/wp-content\\\/uploads\\\/sites\\\/3\\\/2021\\\/04\\\/lider-sorrindo.jpg\",\"keywords\":[\"COMO LIDERAR UMA EQUIPE\",\"ESTILOS DE LIDERAN\u00c7A\",\"LIDER\",\"LIDERAN\u00c7A\",\"TODOS OS TIPOS DE LIDERAN\u00c7A\"],\"articleSection\":[\"Geral\"],\"inLanguage\":\"pt-BR\",\"potentialAction\":[{\"@type\":\"CommentAction\",\"name\":\"Comment\",\"target\":[\"https:\\\/\\\/redenoticiaz.com.br\\\/litoralsp\\\/2021\\\/04\\\/10\\\/lider-e-lideranca-qual-e-o-estilo-do-seu-chefe#respond\"]}]},{\"@type\":\"WebPage\",\"@id\":\"https:\\\/\\\/redenoticiaz.com.br\\\/litoralsp\\\/2021\\\/04\\\/10\\\/lider-e-lideranca-qual-e-o-estilo-do-seu-chefe\",\"url\":\"https:\\\/\\\/redenoticiaz.com.br\\\/litoralsp\\\/2021\\\/04\\\/10\\\/lider-e-lideranca-qual-e-o-estilo-do-seu-chefe\",\"name\":\"L\u00edder e lideran\u00e7a. Qual \u00e9 o estilo do seu chefe ? - Litoral SP\",\"isPartOf\":{\"@id\":\"https:\\\/\\\/redenoticiaz.com.br\\\/litoralsp\\\/#website\"},\"primaryImageOfPage\":{\"@id\":\"https:\\\/\\\/redenoticiaz.com.br\\\/litoralsp\\\/2021\\\/04\\\/10\\\/lider-e-lideranca-qual-e-o-estilo-do-seu-chefe#primaryimage\"},\"image\":{\"@id\":\"https:\\\/\\\/redenoticiaz.com.br\\\/litoralsp\\\/2021\\\/04\\\/10\\\/lider-e-lideranca-qual-e-o-estilo-do-seu-chefe#primaryimage\"},\"thumbnailUrl\":\"https:\\\/\\\/redenoticiaz.com.br\\\/litoralsp\\\/wp-content\\\/uploads\\\/sites\\\/3\\\/2021\\\/04\\\/lider-sorrindo.jpg\",\"datePublished\":\"2021-04-10T11:36:46+00:00\",\"dateModified\":\"2021-04-10T13:02:47+00:00\",\"description\":\"Quando pensamos em lideran\u00e7a, logo nos vem \u00e0 mente que isso \u00e9 uma ci\u00eancia ou talvez at\u00e9 uma arte que possibilita influenciar pessoas de forma positiva,\",\"inLanguage\":\"pt-BR\",\"potentialAction\":[{\"@type\":\"ReadAction\",\"target\":[\"https:\\\/\\\/redenoticiaz.com.br\\\/litoralsp\\\/2021\\\/04\\\/10\\\/lider-e-lideranca-qual-e-o-estilo-do-seu-chefe\"]}]},{\"@type\":\"ImageObject\",\"inLanguage\":\"pt-BR\",\"@id\":\"https:\\\/\\\/redenoticiaz.com.br\\\/litoralsp\\\/2021\\\/04\\\/10\\\/lider-e-lideranca-qual-e-o-estilo-do-seu-chefe#primaryimage\",\"url\":\"https:\\\/\\\/redenoticiaz.com.br\\\/litoralsp\\\/wp-content\\\/uploads\\\/sites\\\/3\\\/2021\\\/04\\\/lider-sorrindo.jpg\",\"contentUrl\":\"https:\\\/\\\/redenoticiaz.com.br\\\/litoralsp\\\/wp-content\\\/uploads\\\/sites\\\/3\\\/2021\\\/04\\\/lider-sorrindo.jpg\",\"width\":1618,\"height\":1080},{\"@type\":\"WebSite\",\"@id\":\"https:\\\/\\\/redenoticiaz.com.br\\\/litoralsp\\\/#website\",\"url\":\"https:\\\/\\\/redenoticiaz.com.br\\\/litoralsp\\\/\",\"name\":\"Litoral SP\",\"description\":\"Rede NoticiaZ\",\"publisher\":{\"@id\":\"https:\\\/\\\/redenoticiaz.com.br\\\/litoralsp\\\/#organization\"},\"potentialAction\":[{\"@type\":\"SearchAction\",\"target\":{\"@type\":\"EntryPoint\",\"urlTemplate\":\"https:\\\/\\\/redenoticiaz.com.br\\\/litoralsp\\\/?s={search_term_string}\"},\"query-input\":{\"@type\":\"PropertyValueSpecification\",\"valueRequired\":true,\"valueName\":\"search_term_string\"}}],\"inLanguage\":\"pt-BR\"},{\"@type\":\"Organization\",\"@id\":\"https:\\\/\\\/redenoticiaz.com.br\\\/litoralsp\\\/#organization\",\"name\":\"Litoral SP\",\"url\":\"https:\\\/\\\/redenoticiaz.com.br\\\/litoralsp\\\/\",\"logo\":{\"@type\":\"ImageObject\",\"inLanguage\":\"pt-BR\",\"@id\":\"https:\\\/\\\/redenoticiaz.com.br\\\/litoralsp\\\/#\\\/schema\\\/logo\\\/image\\\/\",\"url\":\"https:\\\/\\\/redenoticiaz.com.br\\\/litoralsp\\\/wp-content\\\/uploads\\\/sites\\\/3\\\/2020\\\/11\\\/logo.jpg\",\"contentUrl\":\"https:\\\/\\\/redenoticiaz.com.br\\\/litoralsp\\\/wp-content\\\/uploads\\\/sites\\\/3\\\/2020\\\/11\\\/logo.jpg\",\"width\":400,\"height\":250,\"caption\":\"Litoral SP\"},\"image\":{\"@id\":\"https:\\\/\\\/redenoticiaz.com.br\\\/litoralsp\\\/#\\\/schema\\\/logo\\\/image\\\/\"}},{\"@type\":\"Person\",\"@id\":\"https:\\\/\\\/redenoticiaz.com.br\\\/litoralsp\\\/#\\\/schema\\\/person\\\/e1b0bd8c2637e2c1b6ddcbc2c33b116f\",\"name\":\"Patr\u00edcia Prado\",\"image\":{\"@type\":\"ImageObject\",\"inLanguage\":\"pt-BR\",\"@id\":\"https:\\\/\\\/secure.gravatar.com\\\/avatar\\\/92e358bef22cfcec15e054ae4d9fee04dadf0c772dc4a17b382b8a34a15354c2?s=96&d=mm&r=g\",\"url\":\"https:\\\/\\\/secure.gravatar.com\\\/avatar\\\/92e358bef22cfcec15e054ae4d9fee04dadf0c772dc4a17b382b8a34a15354c2?s=96&d=mm&r=g\",\"contentUrl\":\"https:\\\/\\\/secure.gravatar.com\\\/avatar\\\/92e358bef22cfcec15e054ae4d9fee04dadf0c772dc4a17b382b8a34a15354c2?s=96&d=mm&r=g\",\"caption\":\"Patr\u00edcia Prado\"},\"url\":\"https:\\\/\\\/redenoticiaz.com.br\\\/litoralsp\\\/author\\\/patricia-prado\"}]}<\/script>\n<!-- \/ Yoast SEO plugin. -->","yoast_head_json":{"title":"L\u00edder e lideran\u00e7a. Qual \u00e9 o estilo do seu chefe ? - Litoral SP","description":"Quando pensamos em lideran\u00e7a, logo nos vem \u00e0 mente que isso \u00e9 uma ci\u00eancia ou talvez at\u00e9 uma arte que possibilita influenciar pessoas de forma positiva,","robots":{"index":"index","follow":"follow","max-snippet":"max-snippet:-1","max-image-preview":"max-image-preview:large","max-video-preview":"max-video-preview:-1"},"canonical":"https:\/\/redenoticiaz.com.br\/litoralsp\/2021\/04\/10\/lider-e-lideranca-qual-e-o-estilo-do-seu-chefe","og_locale":"pt_BR","og_type":"article","og_title":"L\u00edder e lideran\u00e7a. Qual \u00e9 o estilo do seu chefe ? - Litoral SP","og_description":"Quando pensamos em lideran\u00e7a, logo nos vem \u00e0 mente que isso \u00e9 uma ci\u00eancia ou talvez at\u00e9 uma arte que possibilita influenciar pessoas de forma positiva,","og_url":"https:\/\/redenoticiaz.com.br\/litoralsp\/2021\/04\/10\/lider-e-lideranca-qual-e-o-estilo-do-seu-chefe","og_site_name":"Litoral SP","article_published_time":"2021-04-10T11:36:46+00:00","article_modified_time":"2021-04-10T13:02:47+00:00","og_image":[{"width":1618,"height":1080,"url":"https:\/\/redenoticiaz.com.br\/litoralsp\/wp-content\/uploads\/sites\/3\/2021\/04\/lider-sorrindo.jpg","type":"image\/jpeg"}],"author":"Patr\u00edcia Prado","twitter_card":"summary_large_image","twitter_misc":{"Escrito por":"Patr\u00edcia Prado","Est. tempo de leitura":"10 minutos"},"schema":{"@context":"https:\/\/schema.org","@graph":[{"@type":"Article","@id":"https:\/\/redenoticiaz.com.br\/litoralsp\/2021\/04\/10\/lider-e-lideranca-qual-e-o-estilo-do-seu-chefe#article","isPartOf":{"@id":"https:\/\/redenoticiaz.com.br\/litoralsp\/2021\/04\/10\/lider-e-lideranca-qual-e-o-estilo-do-seu-chefe"},"author":{"name":"Patr\u00edcia Prado","@id":"https:\/\/redenoticiaz.com.br\/litoralsp\/#\/schema\/person\/e1b0bd8c2637e2c1b6ddcbc2c33b116f"},"headline":"L\u00edder e lideran\u00e7a. Qual \u00e9 o estilo do seu chefe ?","datePublished":"2021-04-10T11:36:46+00:00","dateModified":"2021-04-10T13:02:47+00:00","mainEntityOfPage":{"@id":"https:\/\/redenoticiaz.com.br\/litoralsp\/2021\/04\/10\/lider-e-lideranca-qual-e-o-estilo-do-seu-chefe"},"wordCount":2083,"commentCount":0,"publisher":{"@id":"https:\/\/redenoticiaz.com.br\/litoralsp\/#organization"},"image":{"@id":"https:\/\/redenoticiaz.com.br\/litoralsp\/2021\/04\/10\/lider-e-lideranca-qual-e-o-estilo-do-seu-chefe#primaryimage"},"thumbnailUrl":"https:\/\/redenoticiaz.com.br\/litoralsp\/wp-content\/uploads\/sites\/3\/2021\/04\/lider-sorrindo.jpg","keywords":["COMO LIDERAR UMA EQUIPE","ESTILOS DE LIDERAN\u00c7A","LIDER","LIDERAN\u00c7A","TODOS OS TIPOS DE LIDERAN\u00c7A"],"articleSection":["Geral"],"inLanguage":"pt-BR","potentialAction":[{"@type":"CommentAction","name":"Comment","target":["https:\/\/redenoticiaz.com.br\/litoralsp\/2021\/04\/10\/lider-e-lideranca-qual-e-o-estilo-do-seu-chefe#respond"]}]},{"@type":"WebPage","@id":"https:\/\/redenoticiaz.com.br\/litoralsp\/2021\/04\/10\/lider-e-lideranca-qual-e-o-estilo-do-seu-chefe","url":"https:\/\/redenoticiaz.com.br\/litoralsp\/2021\/04\/10\/lider-e-lideranca-qual-e-o-estilo-do-seu-chefe","name":"L\u00edder e lideran\u00e7a. Qual \u00e9 o estilo do seu chefe ? - Litoral SP","isPartOf":{"@id":"https:\/\/redenoticiaz.com.br\/litoralsp\/#website"},"primaryImageOfPage":{"@id":"https:\/\/redenoticiaz.com.br\/litoralsp\/2021\/04\/10\/lider-e-lideranca-qual-e-o-estilo-do-seu-chefe#primaryimage"},"image":{"@id":"https:\/\/redenoticiaz.com.br\/litoralsp\/2021\/04\/10\/lider-e-lideranca-qual-e-o-estilo-do-seu-chefe#primaryimage"},"thumbnailUrl":"https:\/\/redenoticiaz.com.br\/litoralsp\/wp-content\/uploads\/sites\/3\/2021\/04\/lider-sorrindo.jpg","datePublished":"2021-04-10T11:36:46+00:00","dateModified":"2021-04-10T13:02:47+00:00","description":"Quando pensamos em lideran\u00e7a, logo nos vem \u00e0 mente que isso \u00e9 uma ci\u00eancia ou talvez at\u00e9 uma arte que possibilita influenciar pessoas de forma positiva,","inLanguage":"pt-BR","potentialAction":[{"@type":"ReadAction","target":["https:\/\/redenoticiaz.com.br\/litoralsp\/2021\/04\/10\/lider-e-lideranca-qual-e-o-estilo-do-seu-chefe"]}]},{"@type":"ImageObject","inLanguage":"pt-BR","@id":"https:\/\/redenoticiaz.com.br\/litoralsp\/2021\/04\/10\/lider-e-lideranca-qual-e-o-estilo-do-seu-chefe#primaryimage","url":"https:\/\/redenoticiaz.com.br\/litoralsp\/wp-content\/uploads\/sites\/3\/2021\/04\/lider-sorrindo.jpg","contentUrl":"https:\/\/redenoticiaz.com.br\/litoralsp\/wp-content\/uploads\/sites\/3\/2021\/04\/lider-sorrindo.jpg","width":1618,"height":1080},{"@type":"WebSite","@id":"https:\/\/redenoticiaz.com.br\/litoralsp\/#website","url":"https:\/\/redenoticiaz.com.br\/litoralsp\/","name":"Litoral SP","description":"Rede NoticiaZ","publisher":{"@id":"https:\/\/redenoticiaz.com.br\/litoralsp\/#organization"},"potentialAction":[{"@type":"SearchAction","target":{"@type":"EntryPoint","urlTemplate":"https:\/\/redenoticiaz.com.br\/litoralsp\/?s={search_term_string}"},"query-input":{"@type":"PropertyValueSpecification","valueRequired":true,"valueName":"search_term_string"}}],"inLanguage":"pt-BR"},{"@type":"Organization","@id":"https:\/\/redenoticiaz.com.br\/litoralsp\/#organization","name":"Litoral SP","url":"https:\/\/redenoticiaz.com.br\/litoralsp\/","logo":{"@type":"ImageObject","inLanguage":"pt-BR","@id":"https:\/\/redenoticiaz.com.br\/litoralsp\/#\/schema\/logo\/image\/","url":"https:\/\/redenoticiaz.com.br\/litoralsp\/wp-content\/uploads\/sites\/3\/2020\/11\/logo.jpg","contentUrl":"https:\/\/redenoticiaz.com.br\/litoralsp\/wp-content\/uploads\/sites\/3\/2020\/11\/logo.jpg","width":400,"height":250,"caption":"Litoral SP"},"image":{"@id":"https:\/\/redenoticiaz.com.br\/litoralsp\/#\/schema\/logo\/image\/"}},{"@type":"Person","@id":"https:\/\/redenoticiaz.com.br\/litoralsp\/#\/schema\/person\/e1b0bd8c2637e2c1b6ddcbc2c33b116f","name":"Patr\u00edcia Prado","image":{"@type":"ImageObject","inLanguage":"pt-BR","@id":"https:\/\/secure.gravatar.com\/avatar\/92e358bef22cfcec15e054ae4d9fee04dadf0c772dc4a17b382b8a34a15354c2?s=96&d=mm&r=g","url":"https:\/\/secure.gravatar.com\/avatar\/92e358bef22cfcec15e054ae4d9fee04dadf0c772dc4a17b382b8a34a15354c2?s=96&d=mm&r=g","contentUrl":"https:\/\/secure.gravatar.com\/avatar\/92e358bef22cfcec15e054ae4d9fee04dadf0c772dc4a17b382b8a34a15354c2?s=96&d=mm&r=g","caption":"Patr\u00edcia Prado"},"url":"https:\/\/redenoticiaz.com.br\/litoralsp\/author\/patricia-prado"}]}},"_links":{"self":[{"href":"https:\/\/redenoticiaz.com.br\/litoralsp\/wp-json\/wp\/v2\/posts\/6954","targetHints":{"allow":["GET"]}}],"collection":[{"href":"https:\/\/redenoticiaz.com.br\/litoralsp\/wp-json\/wp\/v2\/posts"}],"about":[{"href":"https:\/\/redenoticiaz.com.br\/litoralsp\/wp-json\/wp\/v2\/types\/post"}],"author":[{"embeddable":true,"href":"https:\/\/redenoticiaz.com.br\/litoralsp\/wp-json\/wp\/v2\/users\/5"}],"replies":[{"embeddable":true,"href":"https:\/\/redenoticiaz.com.br\/litoralsp\/wp-json\/wp\/v2\/comments?post=6954"}],"version-history":[{"count":3,"href":"https:\/\/redenoticiaz.com.br\/litoralsp\/wp-json\/wp\/v2\/posts\/6954\/revisions"}],"predecessor-version":[{"id":6969,"href":"https:\/\/redenoticiaz.com.br\/litoralsp\/wp-json\/wp\/v2\/posts\/6954\/revisions\/6969"}],"wp:featuredmedia":[{"embeddable":true,"href":"https:\/\/redenoticiaz.com.br\/litoralsp\/wp-json\/wp\/v2\/media\/6965"}],"wp:attachment":[{"href":"https:\/\/redenoticiaz.com.br\/litoralsp\/wp-json\/wp\/v2\/media?parent=6954"}],"wp:term":[{"taxonomy":"category","embeddable":true,"href":"https:\/\/redenoticiaz.com.br\/litoralsp\/wp-json\/wp\/v2\/categories?post=6954"},{"taxonomy":"post_tag","embeddable":true,"href":"https:\/\/redenoticiaz.com.br\/litoralsp\/wp-json\/wp\/v2\/tags?post=6954"}],"curies":[{"name":"wp","href":"https:\/\/api.w.org\/{rel}","templated":true}]}}