{"id":7334,"date":"2021-04-18T11:44:21","date_gmt":"2021-04-18T14:44:21","guid":{"rendered":"https:\/\/redenoticiaz.com.br\/litoralsp\/?p=7334"},"modified":"2021-04-18T11:47:07","modified_gmt":"2021-04-18T14:47:07","slug":"roberto-carlos-completa-80-anos-sao-tantas-emocoes","status":"publish","type":"post","link":"https:\/\/redenoticiaz.com.br\/litoralsp\/2021\/04\/18\/roberto-carlos-completa-80-anos-sao-tantas-emocoes","title":{"rendered":"Roberto Carlos completa 80 anos; s\u00e3o tantas emo\u00e7\u00f5es"},"content":{"rendered":"<p>Roberto Carlos cantou na\u00a0<strong>R\u00e1dio Nacional<\/strong>\u00a0antes mesmo de gravar o seu primeiro disco. Sucesso da Jovem Guarda, o homenageado desta semana conta que recorreu bastante \u00e0\u00a0<strong>Nacional<\/strong>\u00a0para divulgar suas can\u00e7\u00f5es.<\/p>\n<p><a href=\"https:\/\/www.youtube.com\/watch?v=Z2pCCUq2phA\" target=\"_blank\" rel=\"noopener noreferrer\">Em depoimento \u00e0 emissora<\/a>, Roberto Carlos conta que foi frequentador ass\u00edduo de programas de audit\u00f3rio transmitidos na \u00e9poca, principalmente os comandados por Paulo Gracindo.<\/p>\n<blockquote><p><em>\u201cA R\u00e1dio Nacional tem uma import\u00e2ncia muito grande, muito linda na minha carreira\u201d, revelou o cantor octogen\u00e1rio nas ondas do r\u00e1dio.\u00a0<\/em><\/p><\/blockquote>\n<p>Para ouvir o depoimento completo, assista ao v\u00eddeo abaixo:<\/p>\n<p><a class=\"embed-responsive embed-responsive-16by9\"><iframe class=\"embed-responsive-item\" src=\"https:\/\/www.youtube.com\/embed\/kU5M-2l511I\" data-mce-fragment=\"1\"><\/iframe><\/a><\/p>\n<blockquote><p><em>&#8220;E vinha l\u00e1 de Niter\u00f3i pra ir \u00e0\u00a0R\u00e1dio Nacional \/\u00a0Usando aquele antigo e t\u00e3o surrado meu blus\u00e3o de couro \/ Ia cantar a minha esperan\u00e7a num programa de calouros&#8230;&#8221;\u00a0<\/em><\/p>\n<p>Letra da m\u00fasica Minha Tia (Roberto Carlos)<\/p><\/blockquote>\n<p>Quando foi a vez de a\u00a0<strong>R\u00e1dio Nacional<\/strong>\u00a0fazer 80 anos, especialistas e o pr\u00f3prio rei Roberto Carlos relembram os tempos em que a Jovem Guarda vivia nos corredores da\u00a0<strong>Nacional.<\/strong>\u00a0Reveja o que ele disse no trecho abaixo, retirado do programa\u00a0<a href=\"https:\/\/www.youtube.com\/watch?v=CU5_elQi9y0\"><em>Caminhos da Reportagem<\/em>:<\/a><\/p>\n<p><a class=\"embed-responsive embed-responsive-16by9\"><iframe class=\"embed-responsive-item\" src=\"https:\/\/www.youtube.com\/embed\/3BBudPMKckM\" data-mce-fragment=\"1\"><\/iframe><\/a><\/p>\n<h2><\/h2>\n<div class=\"dnd-widget-wrapper context-medio_4colunas type-image atom-align-left\">\n<div class=\"dnd-atom-rendered\"><\/div>\n<\/div>\n<p>LEIA TAMB\u00c9M<\/p>\n<p><a href=\"https:\/\/redenoticiaz.com.br\/litoralsp\/2021\/04\/18\/celulares-no-combate-a-fraudes-em-bombas-de-combustiveis\">Celulares no combate a fraudes em bombas de combust\u00edveis<\/a><\/p>\n","protected":false},"excerpt":{"rendered":"<p>Roberto Carlos cantou na\u00a0R\u00e1dio Nacional\u00a0antes mesmo de gravar o seu primeiro disco. Sucesso da Jovem Guarda, o homenageado desta semana conta que recorreu bastante \u00e0\u00a0Nacional\u00a0para divulgar suas can\u00e7\u00f5es. Em depoimento \u00e0 emissora, Roberto Carlos conta que foi frequentador ass\u00edduo de programas de audit\u00f3rio transmitidos na \u00e9poca, principalmente os comandados por Paulo Gracindo. \u201cA R\u00e1dio Nacional &hellip;<\/p>\n","protected":false},"author":5,"featured_media":7337,"comment_status":"open","ping_status":"closed","sticky":false,"template":"","format":"standard","meta":{"footnotes":""},"categories":[4],"tags":[19398,19397,19396],"class_list":["post-7334","post","type-post","status-publish","format-standard","has-post-thumbnail","hentry","category-geral","tag-80-anos-roberto-carlos","tag-aniversario-roberto-carlos","tag-roberto-carlos"],"yoast_head":"<!-- This site is optimized with the Yoast SEO plugin v27.4 - https:\/\/yoast.com\/product\/yoast-seo-wordpress\/ -->\n<title>Roberto Carlos completa 80 anos; s\u00e3o tantas emo\u00e7\u00f5es - Litoral SP<\/title>\n<meta name=\"description\" content=\"Roberto Carlos cantou na\u00a0R\u00e1dio Nacional\u00a0antes mesmo de gravar o seu primeiro disco. Sucesso da Jovem Guarda, o homenageado desta semana conta que\" \/>\n<meta name=\"robots\" content=\"index, follow, max-snippet:-1, max-image-preview:large, max-video-preview:-1\" \/>\n<link rel=\"canonical\" href=\"https:\/\/redenoticiaz.com.br\/litoralsp\/2021\/04\/18\/roberto-carlos-completa-80-anos-sao-tantas-emocoes\" \/>\n<meta property=\"og:locale\" content=\"pt_BR\" \/>\n<meta property=\"og:type\" content=\"article\" \/>\n<meta property=\"og:title\" content=\"Roberto Carlos completa 80 anos; s\u00e3o tantas emo\u00e7\u00f5es - Litoral SP\" \/>\n<meta property=\"og:description\" content=\"Roberto Carlos cantou na\u00a0R\u00e1dio Nacional\u00a0antes mesmo de gravar o seu primeiro disco. Sucesso da Jovem Guarda, o homenageado desta semana conta que\" \/>\n<meta property=\"og:url\" content=\"https:\/\/redenoticiaz.com.br\/litoralsp\/2021\/04\/18\/roberto-carlos-completa-80-anos-sao-tantas-emocoes\" \/>\n<meta property=\"og:site_name\" content=\"Litoral SP\" \/>\n<meta property=\"article:published_time\" content=\"2021-04-18T14:44:21+00:00\" \/>\n<meta property=\"article:modified_time\" content=\"2021-04-18T14:47:07+00:00\" \/>\n<meta property=\"og:image\" content=\"https:\/\/redenoticiaz.com.br\/litoralsp\/wp-content\/uploads\/sites\/3\/2021\/04\/roberto-carlos.jpg\" \/>\n\t<meta property=\"og:image:width\" content=\"1170\" \/>\n\t<meta property=\"og:image:height\" content=\"700\" \/>\n\t<meta property=\"og:image:type\" content=\"image\/jpeg\" \/>\n<meta name=\"author\" content=\"Patr\u00edcia Prado\" \/>\n<meta name=\"twitter:card\" content=\"summary_large_image\" \/>\n<meta name=\"twitter:label1\" content=\"Escrito por\" \/>\n\t<meta name=\"twitter:data1\" content=\"Patr\u00edcia Prado\" \/>\n\t<meta name=\"twitter:label2\" content=\"Est. tempo de leitura\" \/>\n\t<meta name=\"twitter:data2\" content=\"1 minuto\" \/>\n<script type=\"application\/ld+json\" class=\"yoast-schema-graph\">{\"@context\":\"https:\\\/\\\/schema.org\",\"@graph\":[{\"@type\":\"Article\",\"@id\":\"https:\\\/\\\/redenoticiaz.com.br\\\/litoralsp\\\/2021\\\/04\\\/18\\\/roberto-carlos-completa-80-anos-sao-tantas-emocoes#article\",\"isPartOf\":{\"@id\":\"https:\\\/\\\/redenoticiaz.com.br\\\/litoralsp\\\/2021\\\/04\\\/18\\\/roberto-carlos-completa-80-anos-sao-tantas-emocoes\"},\"author\":{\"name\":\"Patr\u00edcia Prado\",\"@id\":\"https:\\\/\\\/redenoticiaz.com.br\\\/litoralsp\\\/#\\\/schema\\\/person\\\/e1b0bd8c2637e2c1b6ddcbc2c33b116f\"},\"headline\":\"Roberto Carlos completa 80 anos; s\u00e3o tantas emo\u00e7\u00f5es\",\"datePublished\":\"2021-04-18T14:44:21+00:00\",\"dateModified\":\"2021-04-18T14:47:07+00:00\",\"mainEntityOfPage\":{\"@id\":\"https:\\\/\\\/redenoticiaz.com.br\\\/litoralsp\\\/2021\\\/04\\\/18\\\/roberto-carlos-completa-80-anos-sao-tantas-emocoes\"},\"wordCount\":202,\"commentCount\":0,\"publisher\":{\"@id\":\"https:\\\/\\\/redenoticiaz.com.br\\\/litoralsp\\\/#organization\"},\"image\":{\"@id\":\"https:\\\/\\\/redenoticiaz.com.br\\\/litoralsp\\\/2021\\\/04\\\/18\\\/roberto-carlos-completa-80-anos-sao-tantas-emocoes#primaryimage\"},\"thumbnailUrl\":\"https:\\\/\\\/redenoticiaz.com.br\\\/litoralsp\\\/wp-content\\\/uploads\\\/sites\\\/3\\\/2021\\\/04\\\/roberto-carlos.jpg\",\"keywords\":[\"80 ANOS ROBERTO CARLOS\",\"ANIVERS\u00c1RIO ROBERTO CARLOS\",\"ROBERTO CARLOS\"],\"articleSection\":[\"Geral\"],\"inLanguage\":\"pt-BR\",\"potentialAction\":[{\"@type\":\"CommentAction\",\"name\":\"Comment\",\"target\":[\"https:\\\/\\\/redenoticiaz.com.br\\\/litoralsp\\\/2021\\\/04\\\/18\\\/roberto-carlos-completa-80-anos-sao-tantas-emocoes#respond\"]}]},{\"@type\":\"WebPage\",\"@id\":\"https:\\\/\\\/redenoticiaz.com.br\\\/litoralsp\\\/2021\\\/04\\\/18\\\/roberto-carlos-completa-80-anos-sao-tantas-emocoes\",\"url\":\"https:\\\/\\\/redenoticiaz.com.br\\\/litoralsp\\\/2021\\\/04\\\/18\\\/roberto-carlos-completa-80-anos-sao-tantas-emocoes\",\"name\":\"Roberto Carlos completa 80 anos; s\u00e3o tantas emo\u00e7\u00f5es - Litoral SP\",\"isPartOf\":{\"@id\":\"https:\\\/\\\/redenoticiaz.com.br\\\/litoralsp\\\/#website\"},\"primaryImageOfPage\":{\"@id\":\"https:\\\/\\\/redenoticiaz.com.br\\\/litoralsp\\\/2021\\\/04\\\/18\\\/roberto-carlos-completa-80-anos-sao-tantas-emocoes#primaryimage\"},\"image\":{\"@id\":\"https:\\\/\\\/redenoticiaz.com.br\\\/litoralsp\\\/2021\\\/04\\\/18\\\/roberto-carlos-completa-80-anos-sao-tantas-emocoes#primaryimage\"},\"thumbnailUrl\":\"https:\\\/\\\/redenoticiaz.com.br\\\/litoralsp\\\/wp-content\\\/uploads\\\/sites\\\/3\\\/2021\\\/04\\\/roberto-carlos.jpg\",\"datePublished\":\"2021-04-18T14:44:21+00:00\",\"dateModified\":\"2021-04-18T14:47:07+00:00\",\"description\":\"Roberto Carlos cantou na\u00a0R\u00e1dio Nacional\u00a0antes mesmo de gravar o seu primeiro disco. Sucesso da Jovem Guarda, o homenageado desta semana conta que\",\"inLanguage\":\"pt-BR\",\"potentialAction\":[{\"@type\":\"ReadAction\",\"target\":[\"https:\\\/\\\/redenoticiaz.com.br\\\/litoralsp\\\/2021\\\/04\\\/18\\\/roberto-carlos-completa-80-anos-sao-tantas-emocoes\"]}]},{\"@type\":\"ImageObject\",\"inLanguage\":\"pt-BR\",\"@id\":\"https:\\\/\\\/redenoticiaz.com.br\\\/litoralsp\\\/2021\\\/04\\\/18\\\/roberto-carlos-completa-80-anos-sao-tantas-emocoes#primaryimage\",\"url\":\"https:\\\/\\\/redenoticiaz.com.br\\\/litoralsp\\\/wp-content\\\/uploads\\\/sites\\\/3\\\/2021\\\/04\\\/roberto-carlos.jpg\",\"contentUrl\":\"https:\\\/\\\/redenoticiaz.com.br\\\/litoralsp\\\/wp-content\\\/uploads\\\/sites\\\/3\\\/2021\\\/04\\\/roberto-carlos.jpg\",\"width\":1170,\"height\":700,\"caption\":\"Roberto Carlos, 1972\"},{\"@type\":\"WebSite\",\"@id\":\"https:\\\/\\\/redenoticiaz.com.br\\\/litoralsp\\\/#website\",\"url\":\"https:\\\/\\\/redenoticiaz.com.br\\\/litoralsp\\\/\",\"name\":\"Litoral SP\",\"description\":\"Rede NoticiaZ\",\"publisher\":{\"@id\":\"https:\\\/\\\/redenoticiaz.com.br\\\/litoralsp\\\/#organization\"},\"potentialAction\":[{\"@type\":\"SearchAction\",\"target\":{\"@type\":\"EntryPoint\",\"urlTemplate\":\"https:\\\/\\\/redenoticiaz.com.br\\\/litoralsp\\\/?s={search_term_string}\"},\"query-input\":{\"@type\":\"PropertyValueSpecification\",\"valueRequired\":true,\"valueName\":\"search_term_string\"}}],\"inLanguage\":\"pt-BR\"},{\"@type\":\"Organization\",\"@id\":\"https:\\\/\\\/redenoticiaz.com.br\\\/litoralsp\\\/#organization\",\"name\":\"Litoral SP\",\"url\":\"https:\\\/\\\/redenoticiaz.com.br\\\/litoralsp\\\/\",\"logo\":{\"@type\":\"ImageObject\",\"inLanguage\":\"pt-BR\",\"@id\":\"https:\\\/\\\/redenoticiaz.com.br\\\/litoralsp\\\/#\\\/schema\\\/logo\\\/image\\\/\",\"url\":\"https:\\\/\\\/redenoticiaz.com.br\\\/litoralsp\\\/wp-content\\\/uploads\\\/sites\\\/3\\\/2020\\\/11\\\/logo.jpg\",\"contentUrl\":\"https:\\\/\\\/redenoticiaz.com.br\\\/litoralsp\\\/wp-content\\\/uploads\\\/sites\\\/3\\\/2020\\\/11\\\/logo.jpg\",\"width\":400,\"height\":250,\"caption\":\"Litoral SP\"},\"image\":{\"@id\":\"https:\\\/\\\/redenoticiaz.com.br\\\/litoralsp\\\/#\\\/schema\\\/logo\\\/image\\\/\"}},{\"@type\":\"Person\",\"@id\":\"https:\\\/\\\/redenoticiaz.com.br\\\/litoralsp\\\/#\\\/schema\\\/person\\\/e1b0bd8c2637e2c1b6ddcbc2c33b116f\",\"name\":\"Patr\u00edcia Prado\",\"image\":{\"@type\":\"ImageObject\",\"inLanguage\":\"pt-BR\",\"@id\":\"https:\\\/\\\/secure.gravatar.com\\\/avatar\\\/92e358bef22cfcec15e054ae4d9fee04dadf0c772dc4a17b382b8a34a15354c2?s=96&d=mm&r=g\",\"url\":\"https:\\\/\\\/secure.gravatar.com\\\/avatar\\\/92e358bef22cfcec15e054ae4d9fee04dadf0c772dc4a17b382b8a34a15354c2?s=96&d=mm&r=g\",\"contentUrl\":\"https:\\\/\\\/secure.gravatar.com\\\/avatar\\\/92e358bef22cfcec15e054ae4d9fee04dadf0c772dc4a17b382b8a34a15354c2?s=96&d=mm&r=g\",\"caption\":\"Patr\u00edcia Prado\"},\"url\":\"https:\\\/\\\/redenoticiaz.com.br\\\/litoralsp\\\/author\\\/patricia-prado\"}]}<\/script>\n<!-- \/ Yoast SEO plugin. -->","yoast_head_json":{"title":"Roberto Carlos completa 80 anos; s\u00e3o tantas emo\u00e7\u00f5es - Litoral SP","description":"Roberto Carlos cantou na\u00a0R\u00e1dio Nacional\u00a0antes mesmo de gravar o seu primeiro disco. Sucesso da Jovem Guarda, o homenageado desta semana conta que","robots":{"index":"index","follow":"follow","max-snippet":"max-snippet:-1","max-image-preview":"max-image-preview:large","max-video-preview":"max-video-preview:-1"},"canonical":"https:\/\/redenoticiaz.com.br\/litoralsp\/2021\/04\/18\/roberto-carlos-completa-80-anos-sao-tantas-emocoes","og_locale":"pt_BR","og_type":"article","og_title":"Roberto Carlos completa 80 anos; s\u00e3o tantas emo\u00e7\u00f5es - Litoral SP","og_description":"Roberto Carlos cantou na\u00a0R\u00e1dio Nacional\u00a0antes mesmo de gravar o seu primeiro disco. Sucesso da Jovem Guarda, o homenageado desta semana conta que","og_url":"https:\/\/redenoticiaz.com.br\/litoralsp\/2021\/04\/18\/roberto-carlos-completa-80-anos-sao-tantas-emocoes","og_site_name":"Litoral SP","article_published_time":"2021-04-18T14:44:21+00:00","article_modified_time":"2021-04-18T14:47:07+00:00","og_image":[{"width":1170,"height":700,"url":"https:\/\/redenoticiaz.com.br\/litoralsp\/wp-content\/uploads\/sites\/3\/2021\/04\/roberto-carlos.jpg","type":"image\/jpeg"}],"author":"Patr\u00edcia Prado","twitter_card":"summary_large_image","twitter_misc":{"Escrito por":"Patr\u00edcia Prado","Est. tempo de leitura":"1 minuto"},"schema":{"@context":"https:\/\/schema.org","@graph":[{"@type":"Article","@id":"https:\/\/redenoticiaz.com.br\/litoralsp\/2021\/04\/18\/roberto-carlos-completa-80-anos-sao-tantas-emocoes#article","isPartOf":{"@id":"https:\/\/redenoticiaz.com.br\/litoralsp\/2021\/04\/18\/roberto-carlos-completa-80-anos-sao-tantas-emocoes"},"author":{"name":"Patr\u00edcia Prado","@id":"https:\/\/redenoticiaz.com.br\/litoralsp\/#\/schema\/person\/e1b0bd8c2637e2c1b6ddcbc2c33b116f"},"headline":"Roberto Carlos completa 80 anos; s\u00e3o tantas emo\u00e7\u00f5es","datePublished":"2021-04-18T14:44:21+00:00","dateModified":"2021-04-18T14:47:07+00:00","mainEntityOfPage":{"@id":"https:\/\/redenoticiaz.com.br\/litoralsp\/2021\/04\/18\/roberto-carlos-completa-80-anos-sao-tantas-emocoes"},"wordCount":202,"commentCount":0,"publisher":{"@id":"https:\/\/redenoticiaz.com.br\/litoralsp\/#organization"},"image":{"@id":"https:\/\/redenoticiaz.com.br\/litoralsp\/2021\/04\/18\/roberto-carlos-completa-80-anos-sao-tantas-emocoes#primaryimage"},"thumbnailUrl":"https:\/\/redenoticiaz.com.br\/litoralsp\/wp-content\/uploads\/sites\/3\/2021\/04\/roberto-carlos.jpg","keywords":["80 ANOS ROBERTO CARLOS","ANIVERS\u00c1RIO ROBERTO CARLOS","ROBERTO CARLOS"],"articleSection":["Geral"],"inLanguage":"pt-BR","potentialAction":[{"@type":"CommentAction","name":"Comment","target":["https:\/\/redenoticiaz.com.br\/litoralsp\/2021\/04\/18\/roberto-carlos-completa-80-anos-sao-tantas-emocoes#respond"]}]},{"@type":"WebPage","@id":"https:\/\/redenoticiaz.com.br\/litoralsp\/2021\/04\/18\/roberto-carlos-completa-80-anos-sao-tantas-emocoes","url":"https:\/\/redenoticiaz.com.br\/litoralsp\/2021\/04\/18\/roberto-carlos-completa-80-anos-sao-tantas-emocoes","name":"Roberto Carlos completa 80 anos; s\u00e3o tantas emo\u00e7\u00f5es - Litoral SP","isPartOf":{"@id":"https:\/\/redenoticiaz.com.br\/litoralsp\/#website"},"primaryImageOfPage":{"@id":"https:\/\/redenoticiaz.com.br\/litoralsp\/2021\/04\/18\/roberto-carlos-completa-80-anos-sao-tantas-emocoes#primaryimage"},"image":{"@id":"https:\/\/redenoticiaz.com.br\/litoralsp\/2021\/04\/18\/roberto-carlos-completa-80-anos-sao-tantas-emocoes#primaryimage"},"thumbnailUrl":"https:\/\/redenoticiaz.com.br\/litoralsp\/wp-content\/uploads\/sites\/3\/2021\/04\/roberto-carlos.jpg","datePublished":"2021-04-18T14:44:21+00:00","dateModified":"2021-04-18T14:47:07+00:00","description":"Roberto Carlos cantou na\u00a0R\u00e1dio Nacional\u00a0antes mesmo de gravar o seu primeiro disco. Sucesso da Jovem Guarda, o homenageado desta semana conta que","inLanguage":"pt-BR","potentialAction":[{"@type":"ReadAction","target":["https:\/\/redenoticiaz.com.br\/litoralsp\/2021\/04\/18\/roberto-carlos-completa-80-anos-sao-tantas-emocoes"]}]},{"@type":"ImageObject","inLanguage":"pt-BR","@id":"https:\/\/redenoticiaz.com.br\/litoralsp\/2021\/04\/18\/roberto-carlos-completa-80-anos-sao-tantas-emocoes#primaryimage","url":"https:\/\/redenoticiaz.com.br\/litoralsp\/wp-content\/uploads\/sites\/3\/2021\/04\/roberto-carlos.jpg","contentUrl":"https:\/\/redenoticiaz.com.br\/litoralsp\/wp-content\/uploads\/sites\/3\/2021\/04\/roberto-carlos.jpg","width":1170,"height":700,"caption":"Roberto Carlos, 1972"},{"@type":"WebSite","@id":"https:\/\/redenoticiaz.com.br\/litoralsp\/#website","url":"https:\/\/redenoticiaz.com.br\/litoralsp\/","name":"Litoral SP","description":"Rede NoticiaZ","publisher":{"@id":"https:\/\/redenoticiaz.com.br\/litoralsp\/#organization"},"potentialAction":[{"@type":"SearchAction","target":{"@type":"EntryPoint","urlTemplate":"https:\/\/redenoticiaz.com.br\/litoralsp\/?s={search_term_string}"},"query-input":{"@type":"PropertyValueSpecification","valueRequired":true,"valueName":"search_term_string"}}],"inLanguage":"pt-BR"},{"@type":"Organization","@id":"https:\/\/redenoticiaz.com.br\/litoralsp\/#organization","name":"Litoral SP","url":"https:\/\/redenoticiaz.com.br\/litoralsp\/","logo":{"@type":"ImageObject","inLanguage":"pt-BR","@id":"https:\/\/redenoticiaz.com.br\/litoralsp\/#\/schema\/logo\/image\/","url":"https:\/\/redenoticiaz.com.br\/litoralsp\/wp-content\/uploads\/sites\/3\/2020\/11\/logo.jpg","contentUrl":"https:\/\/redenoticiaz.com.br\/litoralsp\/wp-content\/uploads\/sites\/3\/2020\/11\/logo.jpg","width":400,"height":250,"caption":"Litoral SP"},"image":{"@id":"https:\/\/redenoticiaz.com.br\/litoralsp\/#\/schema\/logo\/image\/"}},{"@type":"Person","@id":"https:\/\/redenoticiaz.com.br\/litoralsp\/#\/schema\/person\/e1b0bd8c2637e2c1b6ddcbc2c33b116f","name":"Patr\u00edcia Prado","image":{"@type":"ImageObject","inLanguage":"pt-BR","@id":"https:\/\/secure.gravatar.com\/avatar\/92e358bef22cfcec15e054ae4d9fee04dadf0c772dc4a17b382b8a34a15354c2?s=96&d=mm&r=g","url":"https:\/\/secure.gravatar.com\/avatar\/92e358bef22cfcec15e054ae4d9fee04dadf0c772dc4a17b382b8a34a15354c2?s=96&d=mm&r=g","contentUrl":"https:\/\/secure.gravatar.com\/avatar\/92e358bef22cfcec15e054ae4d9fee04dadf0c772dc4a17b382b8a34a15354c2?s=96&d=mm&r=g","caption":"Patr\u00edcia Prado"},"url":"https:\/\/redenoticiaz.com.br\/litoralsp\/author\/patricia-prado"}]}},"_links":{"self":[{"href":"https:\/\/redenoticiaz.com.br\/litoralsp\/wp-json\/wp\/v2\/posts\/7334","targetHints":{"allow":["GET"]}}],"collection":[{"href":"https:\/\/redenoticiaz.com.br\/litoralsp\/wp-json\/wp\/v2\/posts"}],"about":[{"href":"https:\/\/redenoticiaz.com.br\/litoralsp\/wp-json\/wp\/v2\/types\/post"}],"author":[{"embeddable":true,"href":"https:\/\/redenoticiaz.com.br\/litoralsp\/wp-json\/wp\/v2\/users\/5"}],"replies":[{"embeddable":true,"href":"https:\/\/redenoticiaz.com.br\/litoralsp\/wp-json\/wp\/v2\/comments?post=7334"}],"version-history":[{"count":1,"href":"https:\/\/redenoticiaz.com.br\/litoralsp\/wp-json\/wp\/v2\/posts\/7334\/revisions"}],"predecessor-version":[{"id":7338,"href":"https:\/\/redenoticiaz.com.br\/litoralsp\/wp-json\/wp\/v2\/posts\/7334\/revisions\/7338"}],"wp:featuredmedia":[{"embeddable":true,"href":"https:\/\/redenoticiaz.com.br\/litoralsp\/wp-json\/wp\/v2\/media\/7337"}],"wp:attachment":[{"href":"https:\/\/redenoticiaz.com.br\/litoralsp\/wp-json\/wp\/v2\/media?parent=7334"}],"wp:term":[{"taxonomy":"category","embeddable":true,"href":"https:\/\/redenoticiaz.com.br\/litoralsp\/wp-json\/wp\/v2\/categories?post=7334"},{"taxonomy":"post_tag","embeddable":true,"href":"https:\/\/redenoticiaz.com.br\/litoralsp\/wp-json\/wp\/v2\/tags?post=7334"}],"curies":[{"name":"wp","href":"https:\/\/api.w.org\/{rel}","templated":true}]}}