{"id":7492,"date":"2021-04-21T12:59:44","date_gmt":"2021-04-21T15:59:44","guid":{"rendered":"https:\/\/redenoticiaz.com.br\/litoralsp\/?p=7492"},"modified":"2021-04-21T13:00:10","modified_gmt":"2021-04-21T16:00:10","slug":"cinco-pessoas-ficam-feridas-em-acidente-com-onibus","status":"publish","type":"post","link":"https:\/\/redenoticiaz.com.br\/litoralsp\/2021\/04\/21\/cinco-pessoas-ficam-feridas-em-acidente-com-onibus","title":{"rendered":"Cinco pessoas ficam feridas em acidente com \u00f4nibus"},"content":{"rendered":"<p>Nesta quarta-feira (21), um \u00f4nibus intermunicipal bateu contra um poste na Avenida Nossa Senhora de F\u00e1tima, Zona Noroeste de <a href=\"https:\/\/www.santos.sp.gov.br\/\">Santos<\/a>. Por causa do acidente, <strong>cinco pessoas ficaram feridas<\/strong> e o tr\u00e2nsito foi prejudicado com lentid\u00e3o.<\/p>\n<p>A Companhia de Engenharia de Tr\u00e1fego (CET-Santos) explica que a batida ocorreu pela manh\u00e3 na pista sentido S\u00e3o Vicente. O ve\u00edculo coletivo perdeu o controle e a lateral direita do \u00f4nibus bateu em um poste instalado na avenida.<\/p>\n<div class=\"mc-column content-text active-extra-styles \" data-block-type=\"unstyled\" data-block-weight=\"32\" data-block-id=\"4\">\n<p class=\"content-text__container \" data-track-category=\"Link no Texto\" data-track-links=\"\">Al\u00e9m da CET, equipes do Corpo de Bombeiros, da Pol\u00edcia Militar e do Servi\u00e7o de Atendimento M\u00f3vel de Urg\u00eancia (SAMU) foram at\u00e9 o local para prestar atendimento. O \u00f4nibus transportava 14 passageiros e as v\u00edtimas foram levadas para a Unidade de Pronto Atendimento (UPA) da Zona Noroeste e tamb\u00e9m para o Hospital Ana Costa.<\/p>\n<h3 data-track-category=\"Link no Texto\">Respostas<\/h3>\n<p data-track-category=\"Link no Texto\" data-track-links=\"\">A EMTU, respons\u00e1vel pelo \u00f4nibus intermunicipal explicou que o \u00f4nibus envolvido no acidente \u00e9 da linha 912, que circula em Praia Grande (Terminal Tatico) e Cubat\u00e3o (Usiminas). O ve\u00edculo estava com a inspe\u00e7\u00e3o em dia, v\u00e1lida at\u00e9 31 de agosto de 2021. A EMTU est\u00e1 acompanhando a apura\u00e7\u00e3o das causas do acidente junto \u00e0s autoridades policiais.<\/p>\n<div class=\"mc-column content-text active-extra-styles \" data-block-type=\"unstyled\" data-block-weight=\"35\" data-block-id=\"7\">\n<p class=\"content-text__container \" data-track-category=\"Link no Texto\" data-track-links=\"\">O pontilh\u00e3o de acesso \u00e0 Rua J\u00falia Ferreira de Carvalho est\u00e1 bloqueado. De acordo com a CET, no local est\u00e1 sendo executada opera\u00e7\u00e3o comporta (revezamento entre os sentidos executados pelos operadores) no pontilh\u00e3o de sa\u00edda.<\/p>\n<p data-track-category=\"Link no Texto\" data-track-links=\"\"><strong>LEIA TAMB\u00c9M<\/strong><\/p>\n<p data-track-category=\"Link no Texto\" data-track-links=\"\"><a href=\"https:\/\/redenoticiaz.com.br\/litoralsp\/2021\/04\/20\/idosa-e-vitima-de-golpe-de-falso-sequestro-em-santos\">Idosa \u00e9 v\u00edtima de golpe de falso sequestro em Santos<\/a><\/p>\n<\/div>\n<\/div>\n","protected":false},"excerpt":{"rendered":"<p>Nesta quarta-feira (21), um \u00f4nibus intermunicipal bateu contra um poste na Avenida Nossa Senhora de F\u00e1tima, Zona Noroeste de Santos. Por causa do acidente, cinco pessoas ficaram feridas e o tr\u00e2nsito foi prejudicado com lentid\u00e3o. A Companhia de Engenharia de Tr\u00e1fego (CET-Santos) explica que a batida ocorreu pela manh\u00e3 na pista sentido S\u00e3o Vicente. O &hellip;<\/p>\n","protected":false},"author":6,"featured_media":7493,"comment_status":"open","ping_status":"closed","sticky":false,"template":"","format":"standard","meta":{"footnotes":""},"categories":[180,5],"tags":[19771,19770,19772,10661,986,6910],"class_list":["post-7492","post","type-post","status-publish","format-standard","has-post-thumbnail","hentry","category-santos","category-transito","tag-acidente-com-onibus","tag-chico-de-paula","tag-onibus-intermunicipal","tag-pessoas-feridas","tag-santos","tag-zona-noroeste"],"yoast_head":"<!-- This site is optimized with the Yoast SEO plugin v27.5 - https:\/\/yoast.com\/product\/yoast-seo-wordpress\/ -->\n<title>Cinco pessoas ficam feridas em acidente com \u00f4nibus - Litoral SP<\/title>\n<meta name=\"description\" content=\"Nesta quarta-feira (21), um \u00f4nibus intermunicipal bateu contra um poste na Avenida Nossa Senhora de F\u00e1tima, Zona Noroeste de Santos. Por causa\" \/>\n<meta name=\"robots\" content=\"index, follow, max-snippet:-1, max-image-preview:large, max-video-preview:-1\" \/>\n<link rel=\"canonical\" href=\"https:\/\/redenoticiaz.com.br\/litoralsp\/2021\/04\/21\/cinco-pessoas-ficam-feridas-em-acidente-com-onibus\" \/>\n<meta property=\"og:locale\" content=\"pt_BR\" \/>\n<meta property=\"og:type\" content=\"article\" \/>\n<meta property=\"og:title\" content=\"Cinco pessoas ficam feridas em acidente com \u00f4nibus - Litoral SP\" \/>\n<meta property=\"og:description\" content=\"Nesta quarta-feira (21), um \u00f4nibus intermunicipal bateu contra um poste na Avenida Nossa Senhora de F\u00e1tima, Zona Noroeste de Santos. Por causa\" \/>\n<meta property=\"og:url\" content=\"https:\/\/redenoticiaz.com.br\/litoralsp\/2021\/04\/21\/cinco-pessoas-ficam-feridas-em-acidente-com-onibus\" \/>\n<meta property=\"og:site_name\" content=\"Litoral SP\" \/>\n<meta property=\"article:published_time\" content=\"2021-04-21T15:59:44+00:00\" \/>\n<meta property=\"article:modified_time\" content=\"2021-04-21T16:00:10+00:00\" \/>\n<meta property=\"og:image\" content=\"https:\/\/redenoticiaz.com.br\/litoralsp\/wp-content\/uploads\/sites\/3\/2021\/04\/bus-inter-e1619020686954.jpeg\" \/>\n\t<meta property=\"og:image:width\" content=\"801\" \/>\n\t<meta property=\"og:image:height\" content=\"780\" \/>\n\t<meta property=\"og:image:type\" content=\"image\/jpeg\" \/>\n<meta name=\"author\" content=\"Leonardo Francisco\" \/>\n<meta name=\"twitter:card\" content=\"summary_large_image\" \/>\n<meta name=\"twitter:label1\" content=\"Escrito por\" \/>\n\t<meta name=\"twitter:data1\" content=\"Leonardo Francisco\" \/>\n\t<meta name=\"twitter:label2\" content=\"Est. tempo de leitura\" \/>\n\t<meta name=\"twitter:data2\" content=\"1 minuto\" \/>\n<script type=\"application\/ld+json\" class=\"yoast-schema-graph\">{\"@context\":\"https:\\\/\\\/schema.org\",\"@graph\":[{\"@type\":\"Article\",\"@id\":\"https:\\\/\\\/redenoticiaz.com.br\\\/litoralsp\\\/2021\\\/04\\\/21\\\/cinco-pessoas-ficam-feridas-em-acidente-com-onibus#article\",\"isPartOf\":{\"@id\":\"https:\\\/\\\/redenoticiaz.com.br\\\/litoralsp\\\/2021\\\/04\\\/21\\\/cinco-pessoas-ficam-feridas-em-acidente-com-onibus\"},\"author\":{\"name\":\"Leonardo Francisco\",\"@id\":\"https:\\\/\\\/redenoticiaz.com.br\\\/litoralsp\\\/#\\\/schema\\\/person\\\/0f0b8a5bdafefe82841e07ae8d81ecb3\"},\"headline\":\"Cinco pessoas ficam feridas em acidente com \u00f4nibus\",\"datePublished\":\"2021-04-21T15:59:44+00:00\",\"dateModified\":\"2021-04-21T16:00:10+00:00\",\"mainEntityOfPage\":{\"@id\":\"https:\\\/\\\/redenoticiaz.com.br\\\/litoralsp\\\/2021\\\/04\\\/21\\\/cinco-pessoas-ficam-feridas-em-acidente-com-onibus\"},\"wordCount\":257,\"commentCount\":0,\"publisher\":{\"@id\":\"https:\\\/\\\/redenoticiaz.com.br\\\/litoralsp\\\/#organization\"},\"image\":{\"@id\":\"https:\\\/\\\/redenoticiaz.com.br\\\/litoralsp\\\/2021\\\/04\\\/21\\\/cinco-pessoas-ficam-feridas-em-acidente-com-onibus#primaryimage\"},\"thumbnailUrl\":\"https:\\\/\\\/redenoticiaz.com.br\\\/litoralsp\\\/wp-content\\\/uploads\\\/sites\\\/3\\\/2021\\\/04\\\/bus-inter-e1619020686954.jpeg\",\"keywords\":[\"ACIDENTE COM \u00d4NIBUS\",\"CHICO DE PAULA\",\"\u00d4NIBUS INTERMUNICIPAL\",\"PESSOAS FERIDAS\",\"Santos\",\"ZONA NOROESTE\"],\"articleSection\":[\"Santos\",\"Tr\u00e2nsito\"],\"inLanguage\":\"pt-BR\",\"potentialAction\":[{\"@type\":\"CommentAction\",\"name\":\"Comment\",\"target\":[\"https:\\\/\\\/redenoticiaz.com.br\\\/litoralsp\\\/2021\\\/04\\\/21\\\/cinco-pessoas-ficam-feridas-em-acidente-com-onibus#respond\"]}]},{\"@type\":\"WebPage\",\"@id\":\"https:\\\/\\\/redenoticiaz.com.br\\\/litoralsp\\\/2021\\\/04\\\/21\\\/cinco-pessoas-ficam-feridas-em-acidente-com-onibus\",\"url\":\"https:\\\/\\\/redenoticiaz.com.br\\\/litoralsp\\\/2021\\\/04\\\/21\\\/cinco-pessoas-ficam-feridas-em-acidente-com-onibus\",\"name\":\"Cinco pessoas ficam feridas em acidente com \u00f4nibus - Litoral SP\",\"isPartOf\":{\"@id\":\"https:\\\/\\\/redenoticiaz.com.br\\\/litoralsp\\\/#website\"},\"primaryImageOfPage\":{\"@id\":\"https:\\\/\\\/redenoticiaz.com.br\\\/litoralsp\\\/2021\\\/04\\\/21\\\/cinco-pessoas-ficam-feridas-em-acidente-com-onibus#primaryimage\"},\"image\":{\"@id\":\"https:\\\/\\\/redenoticiaz.com.br\\\/litoralsp\\\/2021\\\/04\\\/21\\\/cinco-pessoas-ficam-feridas-em-acidente-com-onibus#primaryimage\"},\"thumbnailUrl\":\"https:\\\/\\\/redenoticiaz.com.br\\\/litoralsp\\\/wp-content\\\/uploads\\\/sites\\\/3\\\/2021\\\/04\\\/bus-inter-e1619020686954.jpeg\",\"datePublished\":\"2021-04-21T15:59:44+00:00\",\"dateModified\":\"2021-04-21T16:00:10+00:00\",\"description\":\"Nesta quarta-feira (21), um \u00f4nibus intermunicipal bateu contra um poste na Avenida Nossa Senhora de F\u00e1tima, Zona Noroeste de Santos. Por causa\",\"inLanguage\":\"pt-BR\",\"potentialAction\":[{\"@type\":\"ReadAction\",\"target\":[\"https:\\\/\\\/redenoticiaz.com.br\\\/litoralsp\\\/2021\\\/04\\\/21\\\/cinco-pessoas-ficam-feridas-em-acidente-com-onibus\"]}]},{\"@type\":\"ImageObject\",\"inLanguage\":\"pt-BR\",\"@id\":\"https:\\\/\\\/redenoticiaz.com.br\\\/litoralsp\\\/2021\\\/04\\\/21\\\/cinco-pessoas-ficam-feridas-em-acidente-com-onibus#primaryimage\",\"url\":\"https:\\\/\\\/redenoticiaz.com.br\\\/litoralsp\\\/wp-content\\\/uploads\\\/sites\\\/3\\\/2021\\\/04\\\/bus-inter-e1619020686954.jpeg\",\"contentUrl\":\"https:\\\/\\\/redenoticiaz.com.br\\\/litoralsp\\\/wp-content\\\/uploads\\\/sites\\\/3\\\/2021\\\/04\\\/bus-inter-e1619020686954.jpeg\",\"width\":801,\"height\":780,\"caption\":\"Tr\u00e2nsito local chegou a ter lentid\u00e3o.\"},{\"@type\":\"WebSite\",\"@id\":\"https:\\\/\\\/redenoticiaz.com.br\\\/litoralsp\\\/#website\",\"url\":\"https:\\\/\\\/redenoticiaz.com.br\\\/litoralsp\\\/\",\"name\":\"Litoral SP\",\"description\":\"Rede NoticiaZ\",\"publisher\":{\"@id\":\"https:\\\/\\\/redenoticiaz.com.br\\\/litoralsp\\\/#organization\"},\"potentialAction\":[{\"@type\":\"SearchAction\",\"target\":{\"@type\":\"EntryPoint\",\"urlTemplate\":\"https:\\\/\\\/redenoticiaz.com.br\\\/litoralsp\\\/?s={search_term_string}\"},\"query-input\":{\"@type\":\"PropertyValueSpecification\",\"valueRequired\":true,\"valueName\":\"search_term_string\"}}],\"inLanguage\":\"pt-BR\"},{\"@type\":\"Organization\",\"@id\":\"https:\\\/\\\/redenoticiaz.com.br\\\/litoralsp\\\/#organization\",\"name\":\"Litoral SP\",\"url\":\"https:\\\/\\\/redenoticiaz.com.br\\\/litoralsp\\\/\",\"logo\":{\"@type\":\"ImageObject\",\"inLanguage\":\"pt-BR\",\"@id\":\"https:\\\/\\\/redenoticiaz.com.br\\\/litoralsp\\\/#\\\/schema\\\/logo\\\/image\\\/\",\"url\":\"https:\\\/\\\/redenoticiaz.com.br\\\/litoralsp\\\/wp-content\\\/uploads\\\/sites\\\/3\\\/2020\\\/11\\\/logo.jpg\",\"contentUrl\":\"https:\\\/\\\/redenoticiaz.com.br\\\/litoralsp\\\/wp-content\\\/uploads\\\/sites\\\/3\\\/2020\\\/11\\\/logo.jpg\",\"width\":400,\"height\":250,\"caption\":\"Litoral SP\"},\"image\":{\"@id\":\"https:\\\/\\\/redenoticiaz.com.br\\\/litoralsp\\\/#\\\/schema\\\/logo\\\/image\\\/\"}},{\"@type\":\"Person\",\"@id\":\"https:\\\/\\\/redenoticiaz.com.br\\\/litoralsp\\\/#\\\/schema\\\/person\\\/0f0b8a5bdafefe82841e07ae8d81ecb3\",\"name\":\"Leonardo Francisco\",\"image\":{\"@type\":\"ImageObject\",\"inLanguage\":\"pt-BR\",\"@id\":\"https:\\\/\\\/secure.gravatar.com\\\/avatar\\\/a7358cb406a99b682ec6df1e77e31ae82e63601f6784e8a3df411d72b37864da?s=96&d=mm&r=g\",\"url\":\"https:\\\/\\\/secure.gravatar.com\\\/avatar\\\/a7358cb406a99b682ec6df1e77e31ae82e63601f6784e8a3df411d72b37864da?s=96&d=mm&r=g\",\"contentUrl\":\"https:\\\/\\\/secure.gravatar.com\\\/avatar\\\/a7358cb406a99b682ec6df1e77e31ae82e63601f6784e8a3df411d72b37864da?s=96&d=mm&r=g\",\"caption\":\"Leonardo Francisco\"},\"url\":\"https:\\\/\\\/redenoticiaz.com.br\\\/litoralsp\\\/author\\\/leonardo-francisco\"}]}<\/script>\n<!-- \/ Yoast SEO plugin. -->","yoast_head_json":{"title":"Cinco pessoas ficam feridas em acidente com \u00f4nibus - Litoral SP","description":"Nesta quarta-feira (21), um \u00f4nibus intermunicipal bateu contra um poste na Avenida Nossa Senhora de F\u00e1tima, Zona Noroeste de Santos. Por causa","robots":{"index":"index","follow":"follow","max-snippet":"max-snippet:-1","max-image-preview":"max-image-preview:large","max-video-preview":"max-video-preview:-1"},"canonical":"https:\/\/redenoticiaz.com.br\/litoralsp\/2021\/04\/21\/cinco-pessoas-ficam-feridas-em-acidente-com-onibus","og_locale":"pt_BR","og_type":"article","og_title":"Cinco pessoas ficam feridas em acidente com \u00f4nibus - Litoral SP","og_description":"Nesta quarta-feira (21), um \u00f4nibus intermunicipal bateu contra um poste na Avenida Nossa Senhora de F\u00e1tima, Zona Noroeste de Santos. Por causa","og_url":"https:\/\/redenoticiaz.com.br\/litoralsp\/2021\/04\/21\/cinco-pessoas-ficam-feridas-em-acidente-com-onibus","og_site_name":"Litoral SP","article_published_time":"2021-04-21T15:59:44+00:00","article_modified_time":"2021-04-21T16:00:10+00:00","og_image":[{"width":801,"height":780,"url":"https:\/\/redenoticiaz.com.br\/litoralsp\/wp-content\/uploads\/sites\/3\/2021\/04\/bus-inter-e1619020686954.jpeg","type":"image\/jpeg"}],"author":"Leonardo Francisco","twitter_card":"summary_large_image","twitter_misc":{"Escrito por":"Leonardo Francisco","Est. tempo de leitura":"1 minuto"},"schema":{"@context":"https:\/\/schema.org","@graph":[{"@type":"Article","@id":"https:\/\/redenoticiaz.com.br\/litoralsp\/2021\/04\/21\/cinco-pessoas-ficam-feridas-em-acidente-com-onibus#article","isPartOf":{"@id":"https:\/\/redenoticiaz.com.br\/litoralsp\/2021\/04\/21\/cinco-pessoas-ficam-feridas-em-acidente-com-onibus"},"author":{"name":"Leonardo Francisco","@id":"https:\/\/redenoticiaz.com.br\/litoralsp\/#\/schema\/person\/0f0b8a5bdafefe82841e07ae8d81ecb3"},"headline":"Cinco pessoas ficam feridas em acidente com \u00f4nibus","datePublished":"2021-04-21T15:59:44+00:00","dateModified":"2021-04-21T16:00:10+00:00","mainEntityOfPage":{"@id":"https:\/\/redenoticiaz.com.br\/litoralsp\/2021\/04\/21\/cinco-pessoas-ficam-feridas-em-acidente-com-onibus"},"wordCount":257,"commentCount":0,"publisher":{"@id":"https:\/\/redenoticiaz.com.br\/litoralsp\/#organization"},"image":{"@id":"https:\/\/redenoticiaz.com.br\/litoralsp\/2021\/04\/21\/cinco-pessoas-ficam-feridas-em-acidente-com-onibus#primaryimage"},"thumbnailUrl":"https:\/\/redenoticiaz.com.br\/litoralsp\/wp-content\/uploads\/sites\/3\/2021\/04\/bus-inter-e1619020686954.jpeg","keywords":["ACIDENTE COM \u00d4NIBUS","CHICO DE PAULA","\u00d4NIBUS INTERMUNICIPAL","PESSOAS FERIDAS","Santos","ZONA NOROESTE"],"articleSection":["Santos","Tr\u00e2nsito"],"inLanguage":"pt-BR","potentialAction":[{"@type":"CommentAction","name":"Comment","target":["https:\/\/redenoticiaz.com.br\/litoralsp\/2021\/04\/21\/cinco-pessoas-ficam-feridas-em-acidente-com-onibus#respond"]}]},{"@type":"WebPage","@id":"https:\/\/redenoticiaz.com.br\/litoralsp\/2021\/04\/21\/cinco-pessoas-ficam-feridas-em-acidente-com-onibus","url":"https:\/\/redenoticiaz.com.br\/litoralsp\/2021\/04\/21\/cinco-pessoas-ficam-feridas-em-acidente-com-onibus","name":"Cinco pessoas ficam feridas em acidente com \u00f4nibus - Litoral SP","isPartOf":{"@id":"https:\/\/redenoticiaz.com.br\/litoralsp\/#website"},"primaryImageOfPage":{"@id":"https:\/\/redenoticiaz.com.br\/litoralsp\/2021\/04\/21\/cinco-pessoas-ficam-feridas-em-acidente-com-onibus#primaryimage"},"image":{"@id":"https:\/\/redenoticiaz.com.br\/litoralsp\/2021\/04\/21\/cinco-pessoas-ficam-feridas-em-acidente-com-onibus#primaryimage"},"thumbnailUrl":"https:\/\/redenoticiaz.com.br\/litoralsp\/wp-content\/uploads\/sites\/3\/2021\/04\/bus-inter-e1619020686954.jpeg","datePublished":"2021-04-21T15:59:44+00:00","dateModified":"2021-04-21T16:00:10+00:00","description":"Nesta quarta-feira (21), um \u00f4nibus intermunicipal bateu contra um poste na Avenida Nossa Senhora de F\u00e1tima, Zona Noroeste de Santos. Por causa","inLanguage":"pt-BR","potentialAction":[{"@type":"ReadAction","target":["https:\/\/redenoticiaz.com.br\/litoralsp\/2021\/04\/21\/cinco-pessoas-ficam-feridas-em-acidente-com-onibus"]}]},{"@type":"ImageObject","inLanguage":"pt-BR","@id":"https:\/\/redenoticiaz.com.br\/litoralsp\/2021\/04\/21\/cinco-pessoas-ficam-feridas-em-acidente-com-onibus#primaryimage","url":"https:\/\/redenoticiaz.com.br\/litoralsp\/wp-content\/uploads\/sites\/3\/2021\/04\/bus-inter-e1619020686954.jpeg","contentUrl":"https:\/\/redenoticiaz.com.br\/litoralsp\/wp-content\/uploads\/sites\/3\/2021\/04\/bus-inter-e1619020686954.jpeg","width":801,"height":780,"caption":"Tr\u00e2nsito local chegou a ter lentid\u00e3o."},{"@type":"WebSite","@id":"https:\/\/redenoticiaz.com.br\/litoralsp\/#website","url":"https:\/\/redenoticiaz.com.br\/litoralsp\/","name":"Litoral SP","description":"Rede NoticiaZ","publisher":{"@id":"https:\/\/redenoticiaz.com.br\/litoralsp\/#organization"},"potentialAction":[{"@type":"SearchAction","target":{"@type":"EntryPoint","urlTemplate":"https:\/\/redenoticiaz.com.br\/litoralsp\/?s={search_term_string}"},"query-input":{"@type":"PropertyValueSpecification","valueRequired":true,"valueName":"search_term_string"}}],"inLanguage":"pt-BR"},{"@type":"Organization","@id":"https:\/\/redenoticiaz.com.br\/litoralsp\/#organization","name":"Litoral SP","url":"https:\/\/redenoticiaz.com.br\/litoralsp\/","logo":{"@type":"ImageObject","inLanguage":"pt-BR","@id":"https:\/\/redenoticiaz.com.br\/litoralsp\/#\/schema\/logo\/image\/","url":"https:\/\/redenoticiaz.com.br\/litoralsp\/wp-content\/uploads\/sites\/3\/2020\/11\/logo.jpg","contentUrl":"https:\/\/redenoticiaz.com.br\/litoralsp\/wp-content\/uploads\/sites\/3\/2020\/11\/logo.jpg","width":400,"height":250,"caption":"Litoral SP"},"image":{"@id":"https:\/\/redenoticiaz.com.br\/litoralsp\/#\/schema\/logo\/image\/"}},{"@type":"Person","@id":"https:\/\/redenoticiaz.com.br\/litoralsp\/#\/schema\/person\/0f0b8a5bdafefe82841e07ae8d81ecb3","name":"Leonardo Francisco","image":{"@type":"ImageObject","inLanguage":"pt-BR","@id":"https:\/\/secure.gravatar.com\/avatar\/a7358cb406a99b682ec6df1e77e31ae82e63601f6784e8a3df411d72b37864da?s=96&d=mm&r=g","url":"https:\/\/secure.gravatar.com\/avatar\/a7358cb406a99b682ec6df1e77e31ae82e63601f6784e8a3df411d72b37864da?s=96&d=mm&r=g","contentUrl":"https:\/\/secure.gravatar.com\/avatar\/a7358cb406a99b682ec6df1e77e31ae82e63601f6784e8a3df411d72b37864da?s=96&d=mm&r=g","caption":"Leonardo Francisco"},"url":"https:\/\/redenoticiaz.com.br\/litoralsp\/author\/leonardo-francisco"}]}},"_links":{"self":[{"href":"https:\/\/redenoticiaz.com.br\/litoralsp\/wp-json\/wp\/v2\/posts\/7492","targetHints":{"allow":["GET"]}}],"collection":[{"href":"https:\/\/redenoticiaz.com.br\/litoralsp\/wp-json\/wp\/v2\/posts"}],"about":[{"href":"https:\/\/redenoticiaz.com.br\/litoralsp\/wp-json\/wp\/v2\/types\/post"}],"author":[{"embeddable":true,"href":"https:\/\/redenoticiaz.com.br\/litoralsp\/wp-json\/wp\/v2\/users\/6"}],"replies":[{"embeddable":true,"href":"https:\/\/redenoticiaz.com.br\/litoralsp\/wp-json\/wp\/v2\/comments?post=7492"}],"version-history":[{"count":1,"href":"https:\/\/redenoticiaz.com.br\/litoralsp\/wp-json\/wp\/v2\/posts\/7492\/revisions"}],"predecessor-version":[{"id":7494,"href":"https:\/\/redenoticiaz.com.br\/litoralsp\/wp-json\/wp\/v2\/posts\/7492\/revisions\/7494"}],"wp:featuredmedia":[{"embeddable":true,"href":"https:\/\/redenoticiaz.com.br\/litoralsp\/wp-json\/wp\/v2\/media\/7493"}],"wp:attachment":[{"href":"https:\/\/redenoticiaz.com.br\/litoralsp\/wp-json\/wp\/v2\/media?parent=7492"}],"wp:term":[{"taxonomy":"category","embeddable":true,"href":"https:\/\/redenoticiaz.com.br\/litoralsp\/wp-json\/wp\/v2\/categories?post=7492"},{"taxonomy":"post_tag","embeddable":true,"href":"https:\/\/redenoticiaz.com.br\/litoralsp\/wp-json\/wp\/v2\/tags?post=7492"}],"curies":[{"name":"wp","href":"https:\/\/api.w.org\/{rel}","templated":true}]}}