{"id":7495,"date":"2021-04-21T13:25:15","date_gmt":"2021-04-21T16:25:15","guid":{"rendered":"https:\/\/redenoticiaz.com.br\/litoralsp\/?p=7495"},"modified":"2021-04-21T13:26:07","modified_gmt":"2021-04-21T16:26:07","slug":"sede-do-novo-batalhao-de-guaruja-sera-construida","status":"publish","type":"post","link":"https:\/\/redenoticiaz.com.br\/litoralsp\/2021\/04\/21\/sede-do-novo-batalhao-de-guaruja-sera-construida","title":{"rendered":"Sede do novo Batalh\u00e3o de Guaruj\u00e1 ser\u00e1 constru\u00edda"},"content":{"rendered":"<p>Em breve o <a href=\"https:\/\/www.guaruja.sp.gov.br\/\">Guaruj\u00e1<\/a> contar\u00e1 com maus uma <strong>nova sede do Batalh\u00e3o da Pol\u00edcia Militar<\/strong>. A Administra\u00e7\u00e3o Municipal entregou o alvar\u00e1 para a constru\u00e7\u00e3o da nova sede do 21\u00ba Batalh\u00e3o da PM do Interior (21\u00ba BPM\/I), 5\u00aa Cia PM e For\u00e7a T\u00e1tica. Ela substituir\u00e1 a atual sede localizada na Praia do Tombo e ficar\u00e1 pr\u00f3ximo \u00e0 Praia da Enseada.<\/p>\n<p>Houve a cerim\u00f4nia de entrega no gabinete do prefeito, no Pa\u00e7o Municipal Moacir dos Santos Filho. Al\u00e9m dos policiais, tamb\u00e9m estiveram presentes na solenidade restrita, os vereadores, secret\u00e1rios municipais e assessores. O prefeito V\u00e1lter Suman entregou o documento ao comandante do 21\u00ba BPM\/I, tenente-coronel PM Alexandre da Silva.<\/p>\n<div class=\"mc-column content-text active-extra-styles \" data-block-type=\"unstyled\" data-block-weight=\"50\" data-block-id=\"4\">\n<p class=\"content-text__container \" data-track-category=\"Link no Texto\" data-track-links=\"\">O coronel PM C\u00e1ssio Ara\u00fajo de Freitas, comandante do 6\u00ba Batalh\u00e3o de Pol\u00edcia do Interior (CPI-6), esteve na cerim\u00f4nia e falou sobre esta entrega. &#8220;Este alvar\u00e1 \u00e9 muito importante para nossa institui\u00e7\u00e3o, pois a nova sede vai melhorar muito as condi\u00e7\u00f5es de trabalho da PM e, consequentemente, o atendimento \u00e0 popula\u00e7\u00e3o&#8221;, disse.<\/p>\n<\/div>\n<div class=\"mc-column content-text active-extra-styles \" data-block-type=\"unstyled\" data-block-weight=\"32\" data-block-id=\"5\">\n<p class=\"content-text__container \" data-track-category=\"Link no Texto\" data-track-links=\"\">A Prefeitura de Guaruj\u00e1 explica que a nova sede ser\u00e1 constru\u00edda em uma \u00e1rea de 3.630 metros quadrados. Ela foi doada pela administra\u00e7\u00e3o municipal, na Avenida Atl\u00e2ntica, h\u00e1 300 metros da praia da Enseada.<\/p>\n<\/div>\n<div class=\"mc-column content-text active-extra-styles \" data-block-type=\"unstyled\" data-block-weight=\"49\" data-block-id=\"6\">\n<p class=\"content-text__container \" data-track-category=\"Link no Texto\" data-track-links=\"\">A doa\u00e7\u00e3o da \u00e1rea \u00e9 proveniente do projeto de lei n\u00ba 134, aprovado pela C\u00e2mara de Vereadores no in\u00edcio de agosto de 2019, e sancionada pelo prefeito. O documento foi formulado e encaminhado ao legislativo municipal ap\u00f3s reuni\u00e3o entre o Executivo e o secret\u00e1rio de Estado da Seguran\u00e7a P\u00fablica.<\/p>\n<p data-track-category=\"Link no Texto\" data-track-links=\"\"><strong>LEIA TAMB\u00c9M<\/strong><\/p>\n<p data-track-category=\"Link no Texto\" data-track-links=\"\"><a href=\"https:\/\/redenoticiaz.com.br\/litoralsp\/2021\/04\/20\/homem-e-preso-por-roubar-somente-mulheres\">Homem \u00e9 preso por roubar somente mulheres<\/a><\/p>\n<\/div>\n","protected":false},"excerpt":{"rendered":"<p>Em breve o Guaruj\u00e1 contar\u00e1 com maus uma nova sede do Batalh\u00e3o da Pol\u00edcia Militar. A Administra\u00e7\u00e3o Municipal entregou o alvar\u00e1 para a constru\u00e7\u00e3o da nova sede do 21\u00ba Batalh\u00e3o da PM do Interior (21\u00ba BPM\/I), 5\u00aa Cia PM e For\u00e7a T\u00e1tica. Ela substituir\u00e1 a atual sede localizada na Praia do Tombo e ficar\u00e1 pr\u00f3ximo &hellip;<\/p>\n","protected":false},"author":6,"featured_media":7496,"comment_status":"open","ping_status":"closed","sticky":false,"template":"","format":"standard","meta":{"footnotes":""},"categories":[187,1579,10],"tags":[19777,9606,1006,3732,1766],"class_list":["post-7495","post","type-post","status-publish","format-standard","has-post-thumbnail","hentry","category-guaruja","category-obras","category-policia","tag-batalhao-da-policia-militar","tag-enseada","tag-guaruja","tag-nova-sede","tag-policia-militar"],"yoast_head":"<!-- This site is optimized with the Yoast SEO plugin v27.5 - https:\/\/yoast.com\/product\/yoast-seo-wordpress\/ -->\n<title>Sede do novo Batalh\u00e3o de Guaruj\u00e1 ser\u00e1 constru\u00edda - Litoral SP<\/title>\n<meta name=\"description\" content=\"Em breve o Guaruj\u00e1 contar\u00e1 com maus uma nova sede do Batalh\u00e3o da Pol\u00edcia Militar. A Administra\u00e7\u00e3o Municipal entregou o alvar\u00e1\" \/>\n<meta name=\"robots\" content=\"index, follow, max-snippet:-1, max-image-preview:large, max-video-preview:-1\" \/>\n<link rel=\"canonical\" href=\"https:\/\/redenoticiaz.com.br\/litoralsp\/2021\/04\/21\/sede-do-novo-batalhao-de-guaruja-sera-construida\" \/>\n<meta property=\"og:locale\" content=\"pt_BR\" \/>\n<meta property=\"og:type\" content=\"article\" \/>\n<meta property=\"og:title\" content=\"Sede do novo Batalh\u00e3o de Guaruj\u00e1 ser\u00e1 constru\u00edda - Litoral SP\" \/>\n<meta property=\"og:description\" content=\"Em breve o Guaruj\u00e1 contar\u00e1 com maus uma nova sede do Batalh\u00e3o da Pol\u00edcia Militar. A Administra\u00e7\u00e3o Municipal entregou o alvar\u00e1\" \/>\n<meta property=\"og:url\" content=\"https:\/\/redenoticiaz.com.br\/litoralsp\/2021\/04\/21\/sede-do-novo-batalhao-de-guaruja-sera-construida\" \/>\n<meta property=\"og:site_name\" content=\"Litoral SP\" \/>\n<meta property=\"article:published_time\" content=\"2021-04-21T16:25:15+00:00\" \/>\n<meta property=\"article:modified_time\" content=\"2021-04-21T16:26:07+00:00\" \/>\n<meta property=\"og:image\" content=\"https:\/\/redenoticiaz.com.br\/litoralsp\/wp-content\/uploads\/sites\/3\/2021\/04\/batalhao-pm-guaruja-2.jpg\" \/>\n\t<meta property=\"og:image:width\" content=\"984\" \/>\n\t<meta property=\"og:image:height\" content=\"554\" \/>\n\t<meta property=\"og:image:type\" content=\"image\/jpeg\" \/>\n<meta name=\"author\" content=\"Leonardo Francisco\" \/>\n<meta name=\"twitter:card\" content=\"summary_large_image\" \/>\n<meta name=\"twitter:label1\" content=\"Escrito por\" \/>\n\t<meta name=\"twitter:data1\" content=\"Leonardo Francisco\" \/>\n\t<meta name=\"twitter:label2\" content=\"Est. tempo de leitura\" \/>\n\t<meta name=\"twitter:data2\" content=\"1 minuto\" \/>\n<script type=\"application\/ld+json\" class=\"yoast-schema-graph\">{\"@context\":\"https:\\\/\\\/schema.org\",\"@graph\":[{\"@type\":\"Article\",\"@id\":\"https:\\\/\\\/redenoticiaz.com.br\\\/litoralsp\\\/2021\\\/04\\\/21\\\/sede-do-novo-batalhao-de-guaruja-sera-construida#article\",\"isPartOf\":{\"@id\":\"https:\\\/\\\/redenoticiaz.com.br\\\/litoralsp\\\/2021\\\/04\\\/21\\\/sede-do-novo-batalhao-de-guaruja-sera-construida\"},\"author\":{\"name\":\"Leonardo Francisco\",\"@id\":\"https:\\\/\\\/redenoticiaz.com.br\\\/litoralsp\\\/#\\\/schema\\\/person\\\/0f0b8a5bdafefe82841e07ae8d81ecb3\"},\"headline\":\"Sede do novo Batalh\u00e3o de Guaruj\u00e1 ser\u00e1 constru\u00edda\",\"datePublished\":\"2021-04-21T16:25:15+00:00\",\"dateModified\":\"2021-04-21T16:26:07+00:00\",\"mainEntityOfPage\":{\"@id\":\"https:\\\/\\\/redenoticiaz.com.br\\\/litoralsp\\\/2021\\\/04\\\/21\\\/sede-do-novo-batalhao-de-guaruja-sera-construida\"},\"wordCount\":283,\"commentCount\":0,\"publisher\":{\"@id\":\"https:\\\/\\\/redenoticiaz.com.br\\\/litoralsp\\\/#organization\"},\"image\":{\"@id\":\"https:\\\/\\\/redenoticiaz.com.br\\\/litoralsp\\\/2021\\\/04\\\/21\\\/sede-do-novo-batalhao-de-guaruja-sera-construida#primaryimage\"},\"thumbnailUrl\":\"https:\\\/\\\/redenoticiaz.com.br\\\/litoralsp\\\/wp-content\\\/uploads\\\/sites\\\/3\\\/2021\\\/04\\\/batalhao-pm-guaruja-2.jpg\",\"keywords\":[\"BATALH\u00c3O DA POL\u00cdCIA MILITAR\",\"ENSEADA\",\"GUARUJ\u00c1\",\"NOVA SEDE\",\"policia militar\"],\"articleSection\":[\"Guaruj\u00e1\",\"Obras\",\"Pol\u00edcia\"],\"inLanguage\":\"pt-BR\",\"potentialAction\":[{\"@type\":\"CommentAction\",\"name\":\"Comment\",\"target\":[\"https:\\\/\\\/redenoticiaz.com.br\\\/litoralsp\\\/2021\\\/04\\\/21\\\/sede-do-novo-batalhao-de-guaruja-sera-construida#respond\"]}]},{\"@type\":\"WebPage\",\"@id\":\"https:\\\/\\\/redenoticiaz.com.br\\\/litoralsp\\\/2021\\\/04\\\/21\\\/sede-do-novo-batalhao-de-guaruja-sera-construida\",\"url\":\"https:\\\/\\\/redenoticiaz.com.br\\\/litoralsp\\\/2021\\\/04\\\/21\\\/sede-do-novo-batalhao-de-guaruja-sera-construida\",\"name\":\"Sede do novo Batalh\u00e3o de Guaruj\u00e1 ser\u00e1 constru\u00edda - Litoral SP\",\"isPartOf\":{\"@id\":\"https:\\\/\\\/redenoticiaz.com.br\\\/litoralsp\\\/#website\"},\"primaryImageOfPage\":{\"@id\":\"https:\\\/\\\/redenoticiaz.com.br\\\/litoralsp\\\/2021\\\/04\\\/21\\\/sede-do-novo-batalhao-de-guaruja-sera-construida#primaryimage\"},\"image\":{\"@id\":\"https:\\\/\\\/redenoticiaz.com.br\\\/litoralsp\\\/2021\\\/04\\\/21\\\/sede-do-novo-batalhao-de-guaruja-sera-construida#primaryimage\"},\"thumbnailUrl\":\"https:\\\/\\\/redenoticiaz.com.br\\\/litoralsp\\\/wp-content\\\/uploads\\\/sites\\\/3\\\/2021\\\/04\\\/batalhao-pm-guaruja-2.jpg\",\"datePublished\":\"2021-04-21T16:25:15+00:00\",\"dateModified\":\"2021-04-21T16:26:07+00:00\",\"description\":\"Em breve o Guaruj\u00e1 contar\u00e1 com maus uma nova sede do Batalh\u00e3o da Pol\u00edcia Militar. A Administra\u00e7\u00e3o Municipal entregou o alvar\u00e1\",\"inLanguage\":\"pt-BR\",\"potentialAction\":[{\"@type\":\"ReadAction\",\"target\":[\"https:\\\/\\\/redenoticiaz.com.br\\\/litoralsp\\\/2021\\\/04\\\/21\\\/sede-do-novo-batalhao-de-guaruja-sera-construida\"]}]},{\"@type\":\"ImageObject\",\"inLanguage\":\"pt-BR\",\"@id\":\"https:\\\/\\\/redenoticiaz.com.br\\\/litoralsp\\\/2021\\\/04\\\/21\\\/sede-do-novo-batalhao-de-guaruja-sera-construida#primaryimage\",\"url\":\"https:\\\/\\\/redenoticiaz.com.br\\\/litoralsp\\\/wp-content\\\/uploads\\\/sites\\\/3\\\/2021\\\/04\\\/batalhao-pm-guaruja-2.jpg\",\"contentUrl\":\"https:\\\/\\\/redenoticiaz.com.br\\\/litoralsp\\\/wp-content\\\/uploads\\\/sites\\\/3\\\/2021\\\/04\\\/batalhao-pm-guaruja-2.jpg\",\"width\":984,\"height\":554,\"caption\":\"Cr\u00e9ditos: Divulga\u00e7\u00e3o\\\/Pol\u00edcia Militar.\"},{\"@type\":\"WebSite\",\"@id\":\"https:\\\/\\\/redenoticiaz.com.br\\\/litoralsp\\\/#website\",\"url\":\"https:\\\/\\\/redenoticiaz.com.br\\\/litoralsp\\\/\",\"name\":\"Litoral SP\",\"description\":\"Rede NoticiaZ\",\"publisher\":{\"@id\":\"https:\\\/\\\/redenoticiaz.com.br\\\/litoralsp\\\/#organization\"},\"potentialAction\":[{\"@type\":\"SearchAction\",\"target\":{\"@type\":\"EntryPoint\",\"urlTemplate\":\"https:\\\/\\\/redenoticiaz.com.br\\\/litoralsp\\\/?s={search_term_string}\"},\"query-input\":{\"@type\":\"PropertyValueSpecification\",\"valueRequired\":true,\"valueName\":\"search_term_string\"}}],\"inLanguage\":\"pt-BR\"},{\"@type\":\"Organization\",\"@id\":\"https:\\\/\\\/redenoticiaz.com.br\\\/litoralsp\\\/#organization\",\"name\":\"Litoral SP\",\"url\":\"https:\\\/\\\/redenoticiaz.com.br\\\/litoralsp\\\/\",\"logo\":{\"@type\":\"ImageObject\",\"inLanguage\":\"pt-BR\",\"@id\":\"https:\\\/\\\/redenoticiaz.com.br\\\/litoralsp\\\/#\\\/schema\\\/logo\\\/image\\\/\",\"url\":\"https:\\\/\\\/redenoticiaz.com.br\\\/litoralsp\\\/wp-content\\\/uploads\\\/sites\\\/3\\\/2020\\\/11\\\/logo.jpg\",\"contentUrl\":\"https:\\\/\\\/redenoticiaz.com.br\\\/litoralsp\\\/wp-content\\\/uploads\\\/sites\\\/3\\\/2020\\\/11\\\/logo.jpg\",\"width\":400,\"height\":250,\"caption\":\"Litoral SP\"},\"image\":{\"@id\":\"https:\\\/\\\/redenoticiaz.com.br\\\/litoralsp\\\/#\\\/schema\\\/logo\\\/image\\\/\"}},{\"@type\":\"Person\",\"@id\":\"https:\\\/\\\/redenoticiaz.com.br\\\/litoralsp\\\/#\\\/schema\\\/person\\\/0f0b8a5bdafefe82841e07ae8d81ecb3\",\"name\":\"Leonardo Francisco\",\"image\":{\"@type\":\"ImageObject\",\"inLanguage\":\"pt-BR\",\"@id\":\"https:\\\/\\\/secure.gravatar.com\\\/avatar\\\/a7358cb406a99b682ec6df1e77e31ae82e63601f6784e8a3df411d72b37864da?s=96&d=mm&r=g\",\"url\":\"https:\\\/\\\/secure.gravatar.com\\\/avatar\\\/a7358cb406a99b682ec6df1e77e31ae82e63601f6784e8a3df411d72b37864da?s=96&d=mm&r=g\",\"contentUrl\":\"https:\\\/\\\/secure.gravatar.com\\\/avatar\\\/a7358cb406a99b682ec6df1e77e31ae82e63601f6784e8a3df411d72b37864da?s=96&d=mm&r=g\",\"caption\":\"Leonardo Francisco\"},\"url\":\"https:\\\/\\\/redenoticiaz.com.br\\\/litoralsp\\\/author\\\/leonardo-francisco\"}]}<\/script>\n<!-- \/ Yoast SEO plugin. -->","yoast_head_json":{"title":"Sede do novo Batalh\u00e3o de Guaruj\u00e1 ser\u00e1 constru\u00edda - Litoral SP","description":"Em breve o Guaruj\u00e1 contar\u00e1 com maus uma nova sede do Batalh\u00e3o da Pol\u00edcia Militar. A Administra\u00e7\u00e3o Municipal entregou o alvar\u00e1","robots":{"index":"index","follow":"follow","max-snippet":"max-snippet:-1","max-image-preview":"max-image-preview:large","max-video-preview":"max-video-preview:-1"},"canonical":"https:\/\/redenoticiaz.com.br\/litoralsp\/2021\/04\/21\/sede-do-novo-batalhao-de-guaruja-sera-construida","og_locale":"pt_BR","og_type":"article","og_title":"Sede do novo Batalh\u00e3o de Guaruj\u00e1 ser\u00e1 constru\u00edda - Litoral SP","og_description":"Em breve o Guaruj\u00e1 contar\u00e1 com maus uma nova sede do Batalh\u00e3o da Pol\u00edcia Militar. A Administra\u00e7\u00e3o Municipal entregou o alvar\u00e1","og_url":"https:\/\/redenoticiaz.com.br\/litoralsp\/2021\/04\/21\/sede-do-novo-batalhao-de-guaruja-sera-construida","og_site_name":"Litoral SP","article_published_time":"2021-04-21T16:25:15+00:00","article_modified_time":"2021-04-21T16:26:07+00:00","og_image":[{"width":984,"height":554,"url":"https:\/\/redenoticiaz.com.br\/litoralsp\/wp-content\/uploads\/sites\/3\/2021\/04\/batalhao-pm-guaruja-2.jpg","type":"image\/jpeg"}],"author":"Leonardo Francisco","twitter_card":"summary_large_image","twitter_misc":{"Escrito por":"Leonardo Francisco","Est. tempo de leitura":"1 minuto"},"schema":{"@context":"https:\/\/schema.org","@graph":[{"@type":"Article","@id":"https:\/\/redenoticiaz.com.br\/litoralsp\/2021\/04\/21\/sede-do-novo-batalhao-de-guaruja-sera-construida#article","isPartOf":{"@id":"https:\/\/redenoticiaz.com.br\/litoralsp\/2021\/04\/21\/sede-do-novo-batalhao-de-guaruja-sera-construida"},"author":{"name":"Leonardo Francisco","@id":"https:\/\/redenoticiaz.com.br\/litoralsp\/#\/schema\/person\/0f0b8a5bdafefe82841e07ae8d81ecb3"},"headline":"Sede do novo Batalh\u00e3o de Guaruj\u00e1 ser\u00e1 constru\u00edda","datePublished":"2021-04-21T16:25:15+00:00","dateModified":"2021-04-21T16:26:07+00:00","mainEntityOfPage":{"@id":"https:\/\/redenoticiaz.com.br\/litoralsp\/2021\/04\/21\/sede-do-novo-batalhao-de-guaruja-sera-construida"},"wordCount":283,"commentCount":0,"publisher":{"@id":"https:\/\/redenoticiaz.com.br\/litoralsp\/#organization"},"image":{"@id":"https:\/\/redenoticiaz.com.br\/litoralsp\/2021\/04\/21\/sede-do-novo-batalhao-de-guaruja-sera-construida#primaryimage"},"thumbnailUrl":"https:\/\/redenoticiaz.com.br\/litoralsp\/wp-content\/uploads\/sites\/3\/2021\/04\/batalhao-pm-guaruja-2.jpg","keywords":["BATALH\u00c3O DA POL\u00cdCIA MILITAR","ENSEADA","GUARUJ\u00c1","NOVA SEDE","policia militar"],"articleSection":["Guaruj\u00e1","Obras","Pol\u00edcia"],"inLanguage":"pt-BR","potentialAction":[{"@type":"CommentAction","name":"Comment","target":["https:\/\/redenoticiaz.com.br\/litoralsp\/2021\/04\/21\/sede-do-novo-batalhao-de-guaruja-sera-construida#respond"]}]},{"@type":"WebPage","@id":"https:\/\/redenoticiaz.com.br\/litoralsp\/2021\/04\/21\/sede-do-novo-batalhao-de-guaruja-sera-construida","url":"https:\/\/redenoticiaz.com.br\/litoralsp\/2021\/04\/21\/sede-do-novo-batalhao-de-guaruja-sera-construida","name":"Sede do novo Batalh\u00e3o de Guaruj\u00e1 ser\u00e1 constru\u00edda - Litoral SP","isPartOf":{"@id":"https:\/\/redenoticiaz.com.br\/litoralsp\/#website"},"primaryImageOfPage":{"@id":"https:\/\/redenoticiaz.com.br\/litoralsp\/2021\/04\/21\/sede-do-novo-batalhao-de-guaruja-sera-construida#primaryimage"},"image":{"@id":"https:\/\/redenoticiaz.com.br\/litoralsp\/2021\/04\/21\/sede-do-novo-batalhao-de-guaruja-sera-construida#primaryimage"},"thumbnailUrl":"https:\/\/redenoticiaz.com.br\/litoralsp\/wp-content\/uploads\/sites\/3\/2021\/04\/batalhao-pm-guaruja-2.jpg","datePublished":"2021-04-21T16:25:15+00:00","dateModified":"2021-04-21T16:26:07+00:00","description":"Em breve o Guaruj\u00e1 contar\u00e1 com maus uma nova sede do Batalh\u00e3o da Pol\u00edcia Militar. A Administra\u00e7\u00e3o Municipal entregou o alvar\u00e1","inLanguage":"pt-BR","potentialAction":[{"@type":"ReadAction","target":["https:\/\/redenoticiaz.com.br\/litoralsp\/2021\/04\/21\/sede-do-novo-batalhao-de-guaruja-sera-construida"]}]},{"@type":"ImageObject","inLanguage":"pt-BR","@id":"https:\/\/redenoticiaz.com.br\/litoralsp\/2021\/04\/21\/sede-do-novo-batalhao-de-guaruja-sera-construida#primaryimage","url":"https:\/\/redenoticiaz.com.br\/litoralsp\/wp-content\/uploads\/sites\/3\/2021\/04\/batalhao-pm-guaruja-2.jpg","contentUrl":"https:\/\/redenoticiaz.com.br\/litoralsp\/wp-content\/uploads\/sites\/3\/2021\/04\/batalhao-pm-guaruja-2.jpg","width":984,"height":554,"caption":"Cr\u00e9ditos: Divulga\u00e7\u00e3o\/Pol\u00edcia Militar."},{"@type":"WebSite","@id":"https:\/\/redenoticiaz.com.br\/litoralsp\/#website","url":"https:\/\/redenoticiaz.com.br\/litoralsp\/","name":"Litoral SP","description":"Rede NoticiaZ","publisher":{"@id":"https:\/\/redenoticiaz.com.br\/litoralsp\/#organization"},"potentialAction":[{"@type":"SearchAction","target":{"@type":"EntryPoint","urlTemplate":"https:\/\/redenoticiaz.com.br\/litoralsp\/?s={search_term_string}"},"query-input":{"@type":"PropertyValueSpecification","valueRequired":true,"valueName":"search_term_string"}}],"inLanguage":"pt-BR"},{"@type":"Organization","@id":"https:\/\/redenoticiaz.com.br\/litoralsp\/#organization","name":"Litoral SP","url":"https:\/\/redenoticiaz.com.br\/litoralsp\/","logo":{"@type":"ImageObject","inLanguage":"pt-BR","@id":"https:\/\/redenoticiaz.com.br\/litoralsp\/#\/schema\/logo\/image\/","url":"https:\/\/redenoticiaz.com.br\/litoralsp\/wp-content\/uploads\/sites\/3\/2020\/11\/logo.jpg","contentUrl":"https:\/\/redenoticiaz.com.br\/litoralsp\/wp-content\/uploads\/sites\/3\/2020\/11\/logo.jpg","width":400,"height":250,"caption":"Litoral SP"},"image":{"@id":"https:\/\/redenoticiaz.com.br\/litoralsp\/#\/schema\/logo\/image\/"}},{"@type":"Person","@id":"https:\/\/redenoticiaz.com.br\/litoralsp\/#\/schema\/person\/0f0b8a5bdafefe82841e07ae8d81ecb3","name":"Leonardo Francisco","image":{"@type":"ImageObject","inLanguage":"pt-BR","@id":"https:\/\/secure.gravatar.com\/avatar\/a7358cb406a99b682ec6df1e77e31ae82e63601f6784e8a3df411d72b37864da?s=96&d=mm&r=g","url":"https:\/\/secure.gravatar.com\/avatar\/a7358cb406a99b682ec6df1e77e31ae82e63601f6784e8a3df411d72b37864da?s=96&d=mm&r=g","contentUrl":"https:\/\/secure.gravatar.com\/avatar\/a7358cb406a99b682ec6df1e77e31ae82e63601f6784e8a3df411d72b37864da?s=96&d=mm&r=g","caption":"Leonardo Francisco"},"url":"https:\/\/redenoticiaz.com.br\/litoralsp\/author\/leonardo-francisco"}]}},"_links":{"self":[{"href":"https:\/\/redenoticiaz.com.br\/litoralsp\/wp-json\/wp\/v2\/posts\/7495","targetHints":{"allow":["GET"]}}],"collection":[{"href":"https:\/\/redenoticiaz.com.br\/litoralsp\/wp-json\/wp\/v2\/posts"}],"about":[{"href":"https:\/\/redenoticiaz.com.br\/litoralsp\/wp-json\/wp\/v2\/types\/post"}],"author":[{"embeddable":true,"href":"https:\/\/redenoticiaz.com.br\/litoralsp\/wp-json\/wp\/v2\/users\/6"}],"replies":[{"embeddable":true,"href":"https:\/\/redenoticiaz.com.br\/litoralsp\/wp-json\/wp\/v2\/comments?post=7495"}],"version-history":[{"count":1,"href":"https:\/\/redenoticiaz.com.br\/litoralsp\/wp-json\/wp\/v2\/posts\/7495\/revisions"}],"predecessor-version":[{"id":7497,"href":"https:\/\/redenoticiaz.com.br\/litoralsp\/wp-json\/wp\/v2\/posts\/7495\/revisions\/7497"}],"wp:featuredmedia":[{"embeddable":true,"href":"https:\/\/redenoticiaz.com.br\/litoralsp\/wp-json\/wp\/v2\/media\/7496"}],"wp:attachment":[{"href":"https:\/\/redenoticiaz.com.br\/litoralsp\/wp-json\/wp\/v2\/media?parent=7495"}],"wp:term":[{"taxonomy":"category","embeddable":true,"href":"https:\/\/redenoticiaz.com.br\/litoralsp\/wp-json\/wp\/v2\/categories?post=7495"},{"taxonomy":"post_tag","embeddable":true,"href":"https:\/\/redenoticiaz.com.br\/litoralsp\/wp-json\/wp\/v2\/tags?post=7495"}],"curies":[{"name":"wp","href":"https:\/\/api.w.org\/{rel}","templated":true}]}}