{"id":78,"date":"2020-11-12T15:22:41","date_gmt":"2020-11-12T18:22:41","guid":{"rendered":"https:\/\/redenoticiaz.com.br\/litoralsp\/2020\/11\/12\/alunos-da-rede-estadual-nao-vao-ser-reprovados\/"},"modified":"2020-11-12T21:59:45","modified_gmt":"2020-11-13T00:59:45","slug":"alunos-da-rede-estadual-nao-vao-ser-reprovados","status":"publish","type":"post","link":"https:\/\/redenoticiaz.com.br\/litoralsp\/2020\/11\/12\/alunos-da-rede-estadual-nao-vao-ser-reprovados","title":{"rendered":"Alunos da rede estadual n\u00e3o v\u00e3o ser reprovados"},"content":{"rendered":"<p>Ficou decidido que todos os alunos da rede estadual de ensino n\u00e3o ir\u00e1 reprovar ningu\u00e9m no desempenho de 2020. Sendo assim todos os estudantes matriculados em 2021 v\u00e3o estar em regime de progress\u00e3o continuada. A decis\u00e3o foi conformada pelo <a href=\"https:\/\/www.educacao.sp.gov.br\/\">secret\u00e1rio de Educa\u00e7\u00e3o do Estado<\/a>, Rossieli Soares, que deu detalhes.<\/p>\n<p>\u201cOs estudantes de todos os anos do ensino fundamental e da 1\u00aa e 2\u00aa s\u00e9ries do ensino m\u00e9dio devem ser matriculados no ano\/s\u00e9rie subsequente em 2021 em regime de progress\u00e3o continuada\u201d, diz o texto da Secretaria. A resolu\u00e7\u00e3o foi aprovada pelo Conselho Estadual da Educa\u00e7\u00e3o.<\/p>\n<p>Assim sendo, os anos letivos de 2020 e 2021 v\u00e3o ser considerados como um ano letivo cont\u00ednuo de 8 bimestres. Ou seja, o primeiro trimestre do pr\u00f3ximo ano seria uma esp\u00e9cie de &#8220;5\u00ba bimestre cont\u00ednuo&#8221;.<\/p>\n<h3>Condi\u00e7\u00f5es<\/h3>\n<p>Em compensa\u00e7\u00e3o, cada aluno precisar\u00e1 fazer a entrega de um m\u00ednimo de atividades completas. Isso porque 15% dos alunos da rede estadual ainda n\u00e3o entregou nenhuma atividade sequer.. Cada escola ir\u00e1 determinar qual ser\u00e1 o m\u00ednimo de atividades entregues.<\/p>\n<p>J\u00e1 os alunos do terceiro ano do ensino m\u00e9dio, se n\u00e3o entregarem as atividades v\u00e3o ficar sem o diploma de conclus\u00e3o. Dessa forma se o estudante do terceiro ano tenha participado, mesmo que minimamente, das atividades propostas, e tenha o desempenho inferior ao adequado, ainda ser\u00e1 aprovado. Esse aluno ainda poder\u00e1 prestar vestibular para o ensino superior.<\/p>\n<p>Leia tamb\u00e9m<\/p>\n<p><a href=\"https:\/\/redenoticiaz.com.br\/blog\/2020\/11\/11\/ano-letivo-da-rede-estadual-tem-prazo-de-inicio\/\">Ano letivo da rede estadual tem prazo de in\u00edcio<\/a><\/p>\n","protected":false},"excerpt":{"rendered":"<p>Ficou decidido que todos os alunos da rede estadual de ensino n\u00e3o ir\u00e1 reprovar ningu\u00e9m no desempenho de 2020. Sendo assim todos os estudantes matriculados em 2021 v\u00e3o estar em regime de progress\u00e3o continuada. A decis\u00e3o foi conformada pelo secret\u00e1rio de Educa\u00e7\u00e3o do Estado, Rossieli Soares, que deu detalhes. \u201cOs estudantes de todos os anos &hellip;<\/p>\n","protected":false},"author":5,"featured_media":79,"comment_status":"open","ping_status":"closed","sticky":false,"template":"","format":"standard","meta":{"footnotes":""},"categories":[44],"tags":[81,82,83],"class_list":["post-78","post","type-post","status-publish","format-standard","has-post-thumbnail","hentry","category-educacao","tag-progressao-continuada","tag-rede-estadual-de-ensino","tag-secretaria-de-ensino-do-estado"],"yoast_head":"<!-- This site is optimized with the Yoast SEO plugin v27.5 - https:\/\/yoast.com\/product\/yoast-seo-wordpress\/ -->\n<title>Alunos da rede estadual n\u00e3o v\u00e3o ser reprovados - Litoral SP<\/title>\n<meta name=\"robots\" content=\"index, follow, max-snippet:-1, max-image-preview:large, max-video-preview:-1\" \/>\n<link rel=\"canonical\" href=\"https:\/\/redenoticiaz.com.br\/litoralsp\/2020\/11\/12\/alunos-da-rede-estadual-nao-vao-ser-reprovados\" \/>\n<meta property=\"og:locale\" content=\"pt_BR\" \/>\n<meta property=\"og:type\" content=\"article\" \/>\n<meta property=\"og:title\" content=\"Alunos da rede estadual n\u00e3o v\u00e3o ser reprovados - Litoral SP\" \/>\n<meta property=\"og:description\" content=\"Ficou decidido que todos os alunos da rede estadual de ensino n\u00e3o ir\u00e1 reprovar ningu\u00e9m no desempenho de 2020. Sendo assim todos os estudantes matriculados em 2021 v\u00e3o estar em regime de progress\u00e3o continuada. A decis\u00e3o foi conformada pelo secret\u00e1rio de Educa\u00e7\u00e3o do Estado, Rossieli Soares, que deu detalhes. \u201cOs estudantes de todos os anos &hellip;\" \/>\n<meta property=\"og:url\" content=\"https:\/\/redenoticiaz.com.br\/litoralsp\/2020\/11\/12\/alunos-da-rede-estadual-nao-vao-ser-reprovados\" \/>\n<meta property=\"og:site_name\" content=\"Litoral SP\" \/>\n<meta property=\"article:published_time\" content=\"2020-11-12T18:22:41+00:00\" \/>\n<meta property=\"article:modified_time\" content=\"2020-11-13T00:59:45+00:00\" \/>\n<meta property=\"og:image\" content=\"https:\/\/redenoticiaz.com.br\/litoralsp\/wp-content\/uploads\/sites\/3\/2020\/11\/escola-estadual.jpg\" \/>\n\t<meta property=\"og:image:width\" content=\"295\" \/>\n\t<meta property=\"og:image:height\" content=\"171\" \/>\n\t<meta property=\"og:image:type\" content=\"image\/jpeg\" \/>\n<meta name=\"author\" content=\"Patr\u00edcia Prado\" \/>\n<meta name=\"twitter:card\" content=\"summary_large_image\" \/>\n<meta name=\"twitter:label1\" content=\"Escrito por\" \/>\n\t<meta name=\"twitter:data1\" content=\"Patr\u00edcia Prado\" \/>\n\t<meta name=\"twitter:label2\" content=\"Est. tempo de leitura\" \/>\n\t<meta name=\"twitter:data2\" content=\"1 minuto\" \/>\n<script type=\"application\/ld+json\" class=\"yoast-schema-graph\">{\"@context\":\"https:\\\/\\\/schema.org\",\"@graph\":[{\"@type\":\"Article\",\"@id\":\"https:\\\/\\\/redenoticiaz.com.br\\\/litoralsp\\\/2020\\\/11\\\/12\\\/alunos-da-rede-estadual-nao-vao-ser-reprovados#article\",\"isPartOf\":{\"@id\":\"https:\\\/\\\/redenoticiaz.com.br\\\/litoralsp\\\/2020\\\/11\\\/12\\\/alunos-da-rede-estadual-nao-vao-ser-reprovados\"},\"author\":{\"name\":\"Patr\u00edcia Prado\",\"@id\":\"https:\\\/\\\/redenoticiaz.com.br\\\/litoralsp\\\/#\\\/schema\\\/person\\\/e1b0bd8c2637e2c1b6ddcbc2c33b116f\"},\"headline\":\"Alunos da rede estadual n\u00e3o v\u00e3o ser reprovados\",\"datePublished\":\"2020-11-12T18:22:41+00:00\",\"dateModified\":\"2020-11-13T00:59:45+00:00\",\"mainEntityOfPage\":{\"@id\":\"https:\\\/\\\/redenoticiaz.com.br\\\/litoralsp\\\/2020\\\/11\\\/12\\\/alunos-da-rede-estadual-nao-vao-ser-reprovados\"},\"wordCount\":267,\"commentCount\":0,\"publisher\":{\"@id\":\"https:\\\/\\\/redenoticiaz.com.br\\\/litoralsp\\\/#organization\"},\"image\":{\"@id\":\"https:\\\/\\\/redenoticiaz.com.br\\\/litoralsp\\\/2020\\\/11\\\/12\\\/alunos-da-rede-estadual-nao-vao-ser-reprovados#primaryimage\"},\"thumbnailUrl\":\"https:\\\/\\\/redenoticiaz.com.br\\\/litoralsp\\\/wp-content\\\/uploads\\\/sites\\\/3\\\/2020\\\/11\\\/escola-estadual.jpg\",\"keywords\":[\"PROGRESS\u00c3O CONTINUADA\",\"Rede Estadual de Ensino\",\"SECRETARIA DE ENSINO DO ESTADO\"],\"articleSection\":[\"Educa\u00e7\u00e3o\"],\"inLanguage\":\"pt-BR\",\"potentialAction\":[{\"@type\":\"CommentAction\",\"name\":\"Comment\",\"target\":[\"https:\\\/\\\/redenoticiaz.com.br\\\/litoralsp\\\/2020\\\/11\\\/12\\\/alunos-da-rede-estadual-nao-vao-ser-reprovados#respond\"]}]},{\"@type\":\"WebPage\",\"@id\":\"https:\\\/\\\/redenoticiaz.com.br\\\/litoralsp\\\/2020\\\/11\\\/12\\\/alunos-da-rede-estadual-nao-vao-ser-reprovados\",\"url\":\"https:\\\/\\\/redenoticiaz.com.br\\\/litoralsp\\\/2020\\\/11\\\/12\\\/alunos-da-rede-estadual-nao-vao-ser-reprovados\",\"name\":\"Alunos da rede estadual n\u00e3o v\u00e3o ser reprovados - Litoral SP\",\"isPartOf\":{\"@id\":\"https:\\\/\\\/redenoticiaz.com.br\\\/litoralsp\\\/#website\"},\"primaryImageOfPage\":{\"@id\":\"https:\\\/\\\/redenoticiaz.com.br\\\/litoralsp\\\/2020\\\/11\\\/12\\\/alunos-da-rede-estadual-nao-vao-ser-reprovados#primaryimage\"},\"image\":{\"@id\":\"https:\\\/\\\/redenoticiaz.com.br\\\/litoralsp\\\/2020\\\/11\\\/12\\\/alunos-da-rede-estadual-nao-vao-ser-reprovados#primaryimage\"},\"thumbnailUrl\":\"https:\\\/\\\/redenoticiaz.com.br\\\/litoralsp\\\/wp-content\\\/uploads\\\/sites\\\/3\\\/2020\\\/11\\\/escola-estadual.jpg\",\"datePublished\":\"2020-11-12T18:22:41+00:00\",\"dateModified\":\"2020-11-13T00:59:45+00:00\",\"inLanguage\":\"pt-BR\",\"potentialAction\":[{\"@type\":\"ReadAction\",\"target\":[\"https:\\\/\\\/redenoticiaz.com.br\\\/litoralsp\\\/2020\\\/11\\\/12\\\/alunos-da-rede-estadual-nao-vao-ser-reprovados\"]}]},{\"@type\":\"ImageObject\",\"inLanguage\":\"pt-BR\",\"@id\":\"https:\\\/\\\/redenoticiaz.com.br\\\/litoralsp\\\/2020\\\/11\\\/12\\\/alunos-da-rede-estadual-nao-vao-ser-reprovados#primaryimage\",\"url\":\"https:\\\/\\\/redenoticiaz.com.br\\\/litoralsp\\\/wp-content\\\/uploads\\\/sites\\\/3\\\/2020\\\/11\\\/escola-estadual.jpg\",\"contentUrl\":\"https:\\\/\\\/redenoticiaz.com.br\\\/litoralsp\\\/wp-content\\\/uploads\\\/sites\\\/3\\\/2020\\\/11\\\/escola-estadual.jpg\",\"width\":295,\"height\":171,\"caption\":\"Alunos da rede estadual n\u00e3o v\u00e3o ser reprovados\"},{\"@type\":\"WebSite\",\"@id\":\"https:\\\/\\\/redenoticiaz.com.br\\\/litoralsp\\\/#website\",\"url\":\"https:\\\/\\\/redenoticiaz.com.br\\\/litoralsp\\\/\",\"name\":\"Litoral SP\",\"description\":\"Rede NoticiaZ\",\"publisher\":{\"@id\":\"https:\\\/\\\/redenoticiaz.com.br\\\/litoralsp\\\/#organization\"},\"potentialAction\":[{\"@type\":\"SearchAction\",\"target\":{\"@type\":\"EntryPoint\",\"urlTemplate\":\"https:\\\/\\\/redenoticiaz.com.br\\\/litoralsp\\\/?s={search_term_string}\"},\"query-input\":{\"@type\":\"PropertyValueSpecification\",\"valueRequired\":true,\"valueName\":\"search_term_string\"}}],\"inLanguage\":\"pt-BR\"},{\"@type\":\"Organization\",\"@id\":\"https:\\\/\\\/redenoticiaz.com.br\\\/litoralsp\\\/#organization\",\"name\":\"Litoral SP\",\"url\":\"https:\\\/\\\/redenoticiaz.com.br\\\/litoralsp\\\/\",\"logo\":{\"@type\":\"ImageObject\",\"inLanguage\":\"pt-BR\",\"@id\":\"https:\\\/\\\/redenoticiaz.com.br\\\/litoralsp\\\/#\\\/schema\\\/logo\\\/image\\\/\",\"url\":\"https:\\\/\\\/redenoticiaz.com.br\\\/litoralsp\\\/wp-content\\\/uploads\\\/sites\\\/3\\\/2020\\\/11\\\/logo.jpg\",\"contentUrl\":\"https:\\\/\\\/redenoticiaz.com.br\\\/litoralsp\\\/wp-content\\\/uploads\\\/sites\\\/3\\\/2020\\\/11\\\/logo.jpg\",\"width\":400,\"height\":250,\"caption\":\"Litoral SP\"},\"image\":{\"@id\":\"https:\\\/\\\/redenoticiaz.com.br\\\/litoralsp\\\/#\\\/schema\\\/logo\\\/image\\\/\"}},{\"@type\":\"Person\",\"@id\":\"https:\\\/\\\/redenoticiaz.com.br\\\/litoralsp\\\/#\\\/schema\\\/person\\\/e1b0bd8c2637e2c1b6ddcbc2c33b116f\",\"name\":\"Patr\u00edcia Prado\",\"image\":{\"@type\":\"ImageObject\",\"inLanguage\":\"pt-BR\",\"@id\":\"https:\\\/\\\/secure.gravatar.com\\\/avatar\\\/92e358bef22cfcec15e054ae4d9fee04dadf0c772dc4a17b382b8a34a15354c2?s=96&d=mm&r=g\",\"url\":\"https:\\\/\\\/secure.gravatar.com\\\/avatar\\\/92e358bef22cfcec15e054ae4d9fee04dadf0c772dc4a17b382b8a34a15354c2?s=96&d=mm&r=g\",\"contentUrl\":\"https:\\\/\\\/secure.gravatar.com\\\/avatar\\\/92e358bef22cfcec15e054ae4d9fee04dadf0c772dc4a17b382b8a34a15354c2?s=96&d=mm&r=g\",\"caption\":\"Patr\u00edcia Prado\"},\"url\":\"https:\\\/\\\/redenoticiaz.com.br\\\/litoralsp\\\/author\\\/patricia-prado\"}]}<\/script>\n<!-- \/ Yoast SEO plugin. -->","yoast_head_json":{"title":"Alunos da rede estadual n\u00e3o v\u00e3o ser reprovados - Litoral SP","robots":{"index":"index","follow":"follow","max-snippet":"max-snippet:-1","max-image-preview":"max-image-preview:large","max-video-preview":"max-video-preview:-1"},"canonical":"https:\/\/redenoticiaz.com.br\/litoralsp\/2020\/11\/12\/alunos-da-rede-estadual-nao-vao-ser-reprovados","og_locale":"pt_BR","og_type":"article","og_title":"Alunos da rede estadual n\u00e3o v\u00e3o ser reprovados - Litoral SP","og_description":"Ficou decidido que todos os alunos da rede estadual de ensino n\u00e3o ir\u00e1 reprovar ningu\u00e9m no desempenho de 2020. Sendo assim todos os estudantes matriculados em 2021 v\u00e3o estar em regime de progress\u00e3o continuada. A decis\u00e3o foi conformada pelo secret\u00e1rio de Educa\u00e7\u00e3o do Estado, Rossieli Soares, que deu detalhes. \u201cOs estudantes de todos os anos &hellip;","og_url":"https:\/\/redenoticiaz.com.br\/litoralsp\/2020\/11\/12\/alunos-da-rede-estadual-nao-vao-ser-reprovados","og_site_name":"Litoral SP","article_published_time":"2020-11-12T18:22:41+00:00","article_modified_time":"2020-11-13T00:59:45+00:00","og_image":[{"width":295,"height":171,"url":"https:\/\/redenoticiaz.com.br\/litoralsp\/wp-content\/uploads\/sites\/3\/2020\/11\/escola-estadual.jpg","type":"image\/jpeg"}],"author":"Patr\u00edcia Prado","twitter_card":"summary_large_image","twitter_misc":{"Escrito por":"Patr\u00edcia Prado","Est. tempo de leitura":"1 minuto"},"schema":{"@context":"https:\/\/schema.org","@graph":[{"@type":"Article","@id":"https:\/\/redenoticiaz.com.br\/litoralsp\/2020\/11\/12\/alunos-da-rede-estadual-nao-vao-ser-reprovados#article","isPartOf":{"@id":"https:\/\/redenoticiaz.com.br\/litoralsp\/2020\/11\/12\/alunos-da-rede-estadual-nao-vao-ser-reprovados"},"author":{"name":"Patr\u00edcia Prado","@id":"https:\/\/redenoticiaz.com.br\/litoralsp\/#\/schema\/person\/e1b0bd8c2637e2c1b6ddcbc2c33b116f"},"headline":"Alunos da rede estadual n\u00e3o v\u00e3o ser reprovados","datePublished":"2020-11-12T18:22:41+00:00","dateModified":"2020-11-13T00:59:45+00:00","mainEntityOfPage":{"@id":"https:\/\/redenoticiaz.com.br\/litoralsp\/2020\/11\/12\/alunos-da-rede-estadual-nao-vao-ser-reprovados"},"wordCount":267,"commentCount":0,"publisher":{"@id":"https:\/\/redenoticiaz.com.br\/litoralsp\/#organization"},"image":{"@id":"https:\/\/redenoticiaz.com.br\/litoralsp\/2020\/11\/12\/alunos-da-rede-estadual-nao-vao-ser-reprovados#primaryimage"},"thumbnailUrl":"https:\/\/redenoticiaz.com.br\/litoralsp\/wp-content\/uploads\/sites\/3\/2020\/11\/escola-estadual.jpg","keywords":["PROGRESS\u00c3O CONTINUADA","Rede Estadual de Ensino","SECRETARIA DE ENSINO DO ESTADO"],"articleSection":["Educa\u00e7\u00e3o"],"inLanguage":"pt-BR","potentialAction":[{"@type":"CommentAction","name":"Comment","target":["https:\/\/redenoticiaz.com.br\/litoralsp\/2020\/11\/12\/alunos-da-rede-estadual-nao-vao-ser-reprovados#respond"]}]},{"@type":"WebPage","@id":"https:\/\/redenoticiaz.com.br\/litoralsp\/2020\/11\/12\/alunos-da-rede-estadual-nao-vao-ser-reprovados","url":"https:\/\/redenoticiaz.com.br\/litoralsp\/2020\/11\/12\/alunos-da-rede-estadual-nao-vao-ser-reprovados","name":"Alunos da rede estadual n\u00e3o v\u00e3o ser reprovados - Litoral SP","isPartOf":{"@id":"https:\/\/redenoticiaz.com.br\/litoralsp\/#website"},"primaryImageOfPage":{"@id":"https:\/\/redenoticiaz.com.br\/litoralsp\/2020\/11\/12\/alunos-da-rede-estadual-nao-vao-ser-reprovados#primaryimage"},"image":{"@id":"https:\/\/redenoticiaz.com.br\/litoralsp\/2020\/11\/12\/alunos-da-rede-estadual-nao-vao-ser-reprovados#primaryimage"},"thumbnailUrl":"https:\/\/redenoticiaz.com.br\/litoralsp\/wp-content\/uploads\/sites\/3\/2020\/11\/escola-estadual.jpg","datePublished":"2020-11-12T18:22:41+00:00","dateModified":"2020-11-13T00:59:45+00:00","inLanguage":"pt-BR","potentialAction":[{"@type":"ReadAction","target":["https:\/\/redenoticiaz.com.br\/litoralsp\/2020\/11\/12\/alunos-da-rede-estadual-nao-vao-ser-reprovados"]}]},{"@type":"ImageObject","inLanguage":"pt-BR","@id":"https:\/\/redenoticiaz.com.br\/litoralsp\/2020\/11\/12\/alunos-da-rede-estadual-nao-vao-ser-reprovados#primaryimage","url":"https:\/\/redenoticiaz.com.br\/litoralsp\/wp-content\/uploads\/sites\/3\/2020\/11\/escola-estadual.jpg","contentUrl":"https:\/\/redenoticiaz.com.br\/litoralsp\/wp-content\/uploads\/sites\/3\/2020\/11\/escola-estadual.jpg","width":295,"height":171,"caption":"Alunos da rede estadual n\u00e3o v\u00e3o ser reprovados"},{"@type":"WebSite","@id":"https:\/\/redenoticiaz.com.br\/litoralsp\/#website","url":"https:\/\/redenoticiaz.com.br\/litoralsp\/","name":"Litoral SP","description":"Rede NoticiaZ","publisher":{"@id":"https:\/\/redenoticiaz.com.br\/litoralsp\/#organization"},"potentialAction":[{"@type":"SearchAction","target":{"@type":"EntryPoint","urlTemplate":"https:\/\/redenoticiaz.com.br\/litoralsp\/?s={search_term_string}"},"query-input":{"@type":"PropertyValueSpecification","valueRequired":true,"valueName":"search_term_string"}}],"inLanguage":"pt-BR"},{"@type":"Organization","@id":"https:\/\/redenoticiaz.com.br\/litoralsp\/#organization","name":"Litoral SP","url":"https:\/\/redenoticiaz.com.br\/litoralsp\/","logo":{"@type":"ImageObject","inLanguage":"pt-BR","@id":"https:\/\/redenoticiaz.com.br\/litoralsp\/#\/schema\/logo\/image\/","url":"https:\/\/redenoticiaz.com.br\/litoralsp\/wp-content\/uploads\/sites\/3\/2020\/11\/logo.jpg","contentUrl":"https:\/\/redenoticiaz.com.br\/litoralsp\/wp-content\/uploads\/sites\/3\/2020\/11\/logo.jpg","width":400,"height":250,"caption":"Litoral SP"},"image":{"@id":"https:\/\/redenoticiaz.com.br\/litoralsp\/#\/schema\/logo\/image\/"}},{"@type":"Person","@id":"https:\/\/redenoticiaz.com.br\/litoralsp\/#\/schema\/person\/e1b0bd8c2637e2c1b6ddcbc2c33b116f","name":"Patr\u00edcia Prado","image":{"@type":"ImageObject","inLanguage":"pt-BR","@id":"https:\/\/secure.gravatar.com\/avatar\/92e358bef22cfcec15e054ae4d9fee04dadf0c772dc4a17b382b8a34a15354c2?s=96&d=mm&r=g","url":"https:\/\/secure.gravatar.com\/avatar\/92e358bef22cfcec15e054ae4d9fee04dadf0c772dc4a17b382b8a34a15354c2?s=96&d=mm&r=g","contentUrl":"https:\/\/secure.gravatar.com\/avatar\/92e358bef22cfcec15e054ae4d9fee04dadf0c772dc4a17b382b8a34a15354c2?s=96&d=mm&r=g","caption":"Patr\u00edcia Prado"},"url":"https:\/\/redenoticiaz.com.br\/litoralsp\/author\/patricia-prado"}]}},"_links":{"self":[{"href":"https:\/\/redenoticiaz.com.br\/litoralsp\/wp-json\/wp\/v2\/posts\/78","targetHints":{"allow":["GET"]}}],"collection":[{"href":"https:\/\/redenoticiaz.com.br\/litoralsp\/wp-json\/wp\/v2\/posts"}],"about":[{"href":"https:\/\/redenoticiaz.com.br\/litoralsp\/wp-json\/wp\/v2\/types\/post"}],"author":[{"embeddable":true,"href":"https:\/\/redenoticiaz.com.br\/litoralsp\/wp-json\/wp\/v2\/users\/5"}],"replies":[{"embeddable":true,"href":"https:\/\/redenoticiaz.com.br\/litoralsp\/wp-json\/wp\/v2\/comments?post=78"}],"version-history":[{"count":1,"href":"https:\/\/redenoticiaz.com.br\/litoralsp\/wp-json\/wp\/v2\/posts\/78\/revisions"}],"predecessor-version":[{"id":82,"href":"https:\/\/redenoticiaz.com.br\/litoralsp\/wp-json\/wp\/v2\/posts\/78\/revisions\/82"}],"wp:featuredmedia":[{"embeddable":true,"href":"https:\/\/redenoticiaz.com.br\/litoralsp\/wp-json\/wp\/v2\/media\/79"}],"wp:attachment":[{"href":"https:\/\/redenoticiaz.com.br\/litoralsp\/wp-json\/wp\/v2\/media?parent=78"}],"wp:term":[{"taxonomy":"category","embeddable":true,"href":"https:\/\/redenoticiaz.com.br\/litoralsp\/wp-json\/wp\/v2\/categories?post=78"},{"taxonomy":"post_tag","embeddable":true,"href":"https:\/\/redenoticiaz.com.br\/litoralsp\/wp-json\/wp\/v2\/tags?post=78"}],"curies":[{"name":"wp","href":"https:\/\/api.w.org\/{rel}","templated":true}]}}