{"id":7921,"date":"2021-05-01T15:55:16","date_gmt":"2021-05-01T18:55:16","guid":{"rendered":"https:\/\/redenoticiaz.com.br\/litoralsp\/2021\/05\/01\/dia-do-trabalho-servicos-essenciais-sao-valorizados"},"modified":"2021-05-01T15:56:55","modified_gmt":"2021-05-01T18:56:55","slug":"dia-do-trabalho-servicos-essenciais-sao-valorizados","status":"publish","type":"post","link":"https:\/\/redenoticiaz.com.br\/litoralsp\/2021\/05\/01\/dia-do-trabalho-servicos-essenciais-sao-valorizados","title":{"rendered":"Dia do Trabalho: servi\u00e7os essenciais s\u00e3o valorizados"},"content":{"rendered":"<p>Neste s\u00e1bado (1\u00ba) \u00e9 celebrado no <a href=\"https:\/\/www.gov.br\/pt-br\">Brasil<\/a> e no mundo, o <strong>Dia do Trabalho<\/strong>. E nesta data, al\u00e9m de uma singela homenagem aos trabalhadores e da lembran\u00e7a para que os desempregados possam obter oportunidades de emprego, tamb\u00e9m \u00e9 momento de entender os avan\u00e7os e desafios que foram impostos ao mundo. Especialmente com a pandemia do coronav\u00edrus, j\u00e1 que diversas mudan\u00e7as precisaram ser impostas.<\/p>\n<p>No entanto, \u00e9 bom explicar quando que a data surgiu. Ela come\u00e7ou no ano de 1886, quando em Chicago, nos Estados Unidos, aconteceu uma greve e diversos trabalhadores lutavam para obter melhores condi\u00e7\u00f5es de trabalho, especialmente com a redu\u00e7\u00e3o de jornada de trabalho. Antes ela chegava a ser de 17 horas por dia. Atualmente a maioria da jornada \u00e9 de oito horas.<\/p>\n<p>Durante a manifesta\u00e7\u00e3o houve confrontos com a policia, o que resultou em pris\u00f5es e mortes de trabalhadores. Este acontecimento serviria de inspira\u00e7\u00e3o para muitas outras manifesta\u00e7\u00f5es que se seguiriam. Estas lutas oper\u00e1rias n\u00e3o foram em v\u00e3o. Os trabalhadores de todo o mundo conquistaram uma s\u00e9rie de direitos e, em alguns pa\u00edses, tais direitos ganharam c\u00f3digos de trabalho e tamb\u00e9m est\u00e3o sancionados por Constitui\u00e7\u00f5es.<\/p>\n<h3>Brasil<\/h3>\n<p>J\u00e1 no Brasil, o Dia do Trabalho se tornou feriado no ano de 1925, ap\u00f3s a chegada dos imigrantes europeus e muitos trabalhadores, especialmente da \u00e1rea industrial lutavam por direitos e deveres. O presidente da \u00e9poca, Artur Bernardes decretou a data.<\/p>\n<p>Aponta-se que o car\u00e1ter massificador do Dia do Trabalhador, no\u00a0Brasil, se expressa especialmente pelo antigo costume que os governos tinham de anunciar nesse dia o aumento anual do sal\u00e1rio m\u00ednimo. Outro ponto muito importante atribu\u00eddo ao dia do trabalhador foi a cria\u00e7\u00e3o da Consolida\u00e7\u00e3o das Leis do Trabalho \u2013 CLT, em 1\u00ba de maio de 1943.<sup id=\"cite_ref-ebc_10-2\" class=\"reference\"><\/sup><\/p>\n<p>A defesa dos direitos dos trabalhadores sempre esteve sob a luz das organiza\u00e7\u00f5es de trabalhadores e, consequentemente requer repensar o sentido das organiza\u00e7\u00f5es sindicais e o que se pretende para o futuro da sociedade brasileira. Por\u00e9m estes direitos sofrem altera\u00e7\u00f5es com o passar do tempo, em circunst\u00e2ncias de press\u00f5es vindas de movimentos sociais organizados.<\/p>\n<h3>A import\u00e2ncia dos servi\u00e7os essenciais<\/h3>\n<p>O termo &#8220;servi\u00e7o essencial&#8221; entrou de uma vez por todas no vocabul\u00e1rio mundial durante a\u00a0pandemia do novo coronav\u00edrus. A doutora em Direito do Trabalho e Mestre em Direito das Rela\u00e7\u00f5es Sociais, Maria Cecilia de Almeida Monteiro Lemos, sobre como como o cen\u00e1rio mudou em um ano.<\/p>\n<p>Mesmo diante de tanta tecnologia e outras facilidades, fun\u00e7\u00f5es de entregadores, atendentes, profissionais de limpeza e de sa\u00fade passou a ser classificada como servi\u00e7o essencial. \u00c9 gra\u00e7as a eles que v\u00e1rios setores puderam seguir funcionando, ainda que de forma remota e visando proteger as pessoas.<\/p>\n<p>&#8220;A pandemia mostrou a import\u00e2ncia do trabalho humano&#8221;, ou seja, aquele feito por gente, que est\u00e1 por tr\u00e1s ou na frente das m\u00e1quinas. Para Maria Cec\u00edlia, o principal desafio atual &#8220;\u00e9 a inclus\u00e3o dos trabalhadores em situa\u00e7\u00e3o de dignidade&#8221;.<\/p>\n<p>A pesquisadora destaca que a maior parte da popula\u00e7\u00e3o economicamente ativa brasileira &#8220;\u00e9 de desempregados e trabalhadores informais, que n\u00e3o t\u00eam prote\u00e7\u00e3o social&#8221;. &#8220;Esse enorme contingente est\u00e1 exclu\u00eddo de aposentadoria, aux\u00edlio- doen\u00e7a, n\u00e3o tem uma renda m\u00ednima, ficaram afastados de qualquer forma de prote\u00e7\u00e3o&#8221;, diz.<\/p>\n<p>&#8220;<span class=\"highlight highlighted\">A pandemia mostrou, na verdade, a import\u00e2ncia do trabalho humano<\/span>. Quando as atividades paralisaram, por causa das medidas de isolamento social, uma grande parcela da popula\u00e7\u00e3o, eu diria a maioria, n\u00e3o tinha condi\u00e7\u00f5es de fazer o trabalho remoto, domiciliar&#8221;, afirma a pesquisadora.<\/p>\n<h3>As mudan\u00e7as trazidas pela pandemia<\/h3>\n<p>Para ela, a situa\u00e7\u00e3o mostra um paradoxo. &#8220;Na paralisa\u00e7\u00e3o, ficou evidente a import\u00e2ncia do trabalho humano e a fragilidade desse discurso de que o homem vai ser substitu\u00eddo pela m\u00e1quina. A Ind\u00fastria 4.0 [revolu\u00e7\u00e3o industrial com \u00eanfase no desenvolvimento tecnol\u00f3gico] vem para modificar as rela\u00e7\u00f5es de trabalho, mas o ser humano ainda \u00e9 o centro de toda a for\u00e7a de trabalho&#8221;, diz.<\/p>\n<p>Empresas que n\u00e3o demandam atendimento presencial ao p\u00fablico encontraram no home office, o modelo de trabalho uma forma de se manterem ativas. Al\u00e9m disso serve para proporcionar seguran\u00e7a para os trabalhadores, evitando uma poss\u00edvel transmiss\u00e3o entre a equipe.<\/p>\n<p>Questionada sobre o futuro do trabalho, a pesquisadora afirma que &#8220;a primeira medida necess\u00e1ria para retomar o emprego \u00e9 a vacina\u00e7\u00e3o em massa&#8221;.<\/p>\n<div class=\"mc-column content-text active-extra-styles\" data-block-type=\"raw\" data-block-weight=\"26\" data-block-id=\"34\">\n<blockquote class=\"content-blockquote theme-border-color-primary-before\"><p>&#8220;Se n\u00e3o tiver vacina\u00e7\u00e3o em massa, as pessoas v\u00e3o ter que sair de casa, se expor, adoecer e morrer&#8221;, diz a doutora em Direito do Trabalho.<\/p><\/blockquote>\n<\/div>\n<div class=\"mc-column content-text active-extra-styles \" data-block-type=\"unstyled\" data-block-weight=\"47\" data-block-id=\"35\">\n<p class=\"content-text__container \" data-track-category=\"Link no Texto\" data-track-links=\"\">Maria Cec\u00edlia lembra que a aten\u00e7\u00e3o tamb\u00e9m deve ser voltada para quem est\u00e1 na linha de frente do combate \u00e0 pandemia. &#8220;Cerca de 65% da popula\u00e7\u00e3o brasileira \u00e9 dependente do\u00a0Sistema \u00danico de Sa\u00fade\u00a0(SUS), e a valoriza\u00e7\u00e3o dos profissionais dessa \u00e1rea tamb\u00e9m \u00e9 muito importante&#8221;.<\/p>\n<p data-track-category=\"Link no Texto\" data-track-links=\"\"><strong>LEIA TAMB\u00c9M<\/strong><\/p>\n<p data-track-category=\"Link no Texto\" data-track-links=\"\"><a href=\"https:\/\/redenoticiaz.com.br\/blog\/2021\/04\/30\/pat-de-itupeva-tem-vagas-de-trabalho\">PAT de Itupeva tem vagas de trabalho<\/a><\/p>\n<\/div>\n","protected":false},"excerpt":{"rendered":"<p>Neste s\u00e1bado (1\u00ba) \u00e9 celebrado no Brasil e no mundo, o Dia do Trabalho. E nesta data, al\u00e9m de uma singela homenagem aos trabalhadores e da lembran\u00e7a para que os desempregados possam obter oportunidades de emprego, tamb\u00e9m \u00e9 momento de entender os avan\u00e7os e desafios que foram impostos ao mundo. Especialmente com a pandemia do &hellip;<\/p>\n","protected":false},"author":6,"featured_media":7922,"comment_status":"open","ping_status":"closed","sticky":false,"template":"","format":"standard","meta":{"footnotes":""},"categories":[1],"tags":[20824,173,20825,8352,20784,2052,13950],"class_list":["post-7921","post","type-post","status-publish","format-standard","has-post-thumbnail","hentry","category-sem","tag-adaptacoes-com-a-pandmeia","tag-brasil","tag-dia-do-trabalho","tag-historia","tag-home-office","tag-mundo","tag-servicos-essenciais"],"yoast_head":"<!-- This site is optimized with the Yoast SEO plugin v27.5 - https:\/\/yoast.com\/product\/yoast-seo-wordpress\/ -->\n<title>Dia do Trabalho: servi\u00e7os essenciais s\u00e3o valorizados - Litoral SP<\/title>\n<meta name=\"description\" content=\"Neste s\u00e1bado (1\u00ba) \u00e9 celebrado no Brasil e no mundo, o Dia do Trabalho. E nesta data, al\u00e9m de uma singela homenagem aos trabalhadores\" \/>\n<meta name=\"robots\" content=\"index, follow, max-snippet:-1, max-image-preview:large, max-video-preview:-1\" \/>\n<link rel=\"canonical\" href=\"https:\/\/redenoticiaz.com.br\/litoralsp\/2021\/05\/01\/dia-do-trabalho-servicos-essenciais-sao-valorizados\" \/>\n<meta property=\"og:locale\" content=\"pt_BR\" \/>\n<meta property=\"og:type\" content=\"article\" \/>\n<meta property=\"og:title\" content=\"Dia do Trabalho: servi\u00e7os essenciais s\u00e3o valorizados - Litoral SP\" \/>\n<meta property=\"og:description\" content=\"Neste s\u00e1bado (1\u00ba) \u00e9 celebrado no Brasil e no mundo, o Dia do Trabalho. E nesta data, al\u00e9m de uma singela homenagem aos trabalhadores\" \/>\n<meta property=\"og:url\" content=\"https:\/\/redenoticiaz.com.br\/litoralsp\/2021\/05\/01\/dia-do-trabalho-servicos-essenciais-sao-valorizados\" \/>\n<meta property=\"og:site_name\" content=\"Litoral SP\" \/>\n<meta property=\"article:published_time\" content=\"2021-05-01T18:55:16+00:00\" \/>\n<meta property=\"article:modified_time\" content=\"2021-05-01T18:56:55+00:00\" \/>\n<meta property=\"og:image\" content=\"https:\/\/redenoticiaz.com.br\/litoralsp\/wp-content\/uploads\/sites\/3\/2021\/05\/016menor.jpg\" \/>\n\t<meta property=\"og:image:width\" content=\"1544\" \/>\n\t<meta property=\"og:image:height\" content=\"1024\" \/>\n\t<meta property=\"og:image:type\" content=\"image\/jpeg\" \/>\n<meta name=\"author\" content=\"Leonardo Francisco\" \/>\n<meta name=\"twitter:card\" content=\"summary_large_image\" \/>\n<meta name=\"twitter:label1\" content=\"Escrito por\" \/>\n\t<meta name=\"twitter:data1\" content=\"Leonardo Francisco\" \/>\n\t<meta name=\"twitter:label2\" content=\"Est. tempo de leitura\" \/>\n\t<meta name=\"twitter:data2\" content=\"4 minutos\" \/>\n<script type=\"application\/ld+json\" class=\"yoast-schema-graph\">{\"@context\":\"https:\\\/\\\/schema.org\",\"@graph\":[{\"@type\":\"Article\",\"@id\":\"https:\\\/\\\/redenoticiaz.com.br\\\/litoralsp\\\/2021\\\/05\\\/01\\\/dia-do-trabalho-servicos-essenciais-sao-valorizados#article\",\"isPartOf\":{\"@id\":\"https:\\\/\\\/redenoticiaz.com.br\\\/litoralsp\\\/2021\\\/05\\\/01\\\/dia-do-trabalho-servicos-essenciais-sao-valorizados\"},\"author\":{\"name\":\"Leonardo Francisco\",\"@id\":\"https:\\\/\\\/redenoticiaz.com.br\\\/litoralsp\\\/#\\\/schema\\\/person\\\/0f0b8a5bdafefe82841e07ae8d81ecb3\"},\"headline\":\"Dia do Trabalho: servi\u00e7os essenciais s\u00e3o valorizados\",\"datePublished\":\"2021-05-01T18:55:16+00:00\",\"dateModified\":\"2021-05-01T18:56:55+00:00\",\"mainEntityOfPage\":{\"@id\":\"https:\\\/\\\/redenoticiaz.com.br\\\/litoralsp\\\/2021\\\/05\\\/01\\\/dia-do-trabalho-servicos-essenciais-sao-valorizados\"},\"wordCount\":859,\"commentCount\":0,\"publisher\":{\"@id\":\"https:\\\/\\\/redenoticiaz.com.br\\\/litoralsp\\\/#organization\"},\"image\":{\"@id\":\"https:\\\/\\\/redenoticiaz.com.br\\\/litoralsp\\\/2021\\\/05\\\/01\\\/dia-do-trabalho-servicos-essenciais-sao-valorizados#primaryimage\"},\"thumbnailUrl\":\"https:\\\/\\\/redenoticiaz.com.br\\\/litoralsp\\\/wp-content\\\/uploads\\\/sites\\\/3\\\/2021\\\/05\\\/016menor.jpg\",\"keywords\":[\"ADAPTA\u00c7\u00d5ES COM A PANDMEIA\",\"Brasil\",\"DIA DO TRABALHO\",\"HIST\u00d3RIA\",\"Home Office\",\"mundo\",\"SERVI\u00c7OS ESSENCIAIS\"],\"articleSection\":[\"sem\"],\"inLanguage\":\"pt-BR\",\"potentialAction\":[{\"@type\":\"CommentAction\",\"name\":\"Comment\",\"target\":[\"https:\\\/\\\/redenoticiaz.com.br\\\/litoralsp\\\/2021\\\/05\\\/01\\\/dia-do-trabalho-servicos-essenciais-sao-valorizados#respond\"]}]},{\"@type\":\"WebPage\",\"@id\":\"https:\\\/\\\/redenoticiaz.com.br\\\/litoralsp\\\/2021\\\/05\\\/01\\\/dia-do-trabalho-servicos-essenciais-sao-valorizados\",\"url\":\"https:\\\/\\\/redenoticiaz.com.br\\\/litoralsp\\\/2021\\\/05\\\/01\\\/dia-do-trabalho-servicos-essenciais-sao-valorizados\",\"name\":\"Dia do Trabalho: servi\u00e7os essenciais s\u00e3o valorizados - Litoral SP\",\"isPartOf\":{\"@id\":\"https:\\\/\\\/redenoticiaz.com.br\\\/litoralsp\\\/#website\"},\"primaryImageOfPage\":{\"@id\":\"https:\\\/\\\/redenoticiaz.com.br\\\/litoralsp\\\/2021\\\/05\\\/01\\\/dia-do-trabalho-servicos-essenciais-sao-valorizados#primaryimage\"},\"image\":{\"@id\":\"https:\\\/\\\/redenoticiaz.com.br\\\/litoralsp\\\/2021\\\/05\\\/01\\\/dia-do-trabalho-servicos-essenciais-sao-valorizados#primaryimage\"},\"thumbnailUrl\":\"https:\\\/\\\/redenoticiaz.com.br\\\/litoralsp\\\/wp-content\\\/uploads\\\/sites\\\/3\\\/2021\\\/05\\\/016menor.jpg\",\"datePublished\":\"2021-05-01T18:55:16+00:00\",\"dateModified\":\"2021-05-01T18:56:55+00:00\",\"description\":\"Neste s\u00e1bado (1\u00ba) \u00e9 celebrado no Brasil e no mundo, o Dia do Trabalho. E nesta data, al\u00e9m de uma singela homenagem aos trabalhadores\",\"inLanguage\":\"pt-BR\",\"potentialAction\":[{\"@type\":\"ReadAction\",\"target\":[\"https:\\\/\\\/redenoticiaz.com.br\\\/litoralsp\\\/2021\\\/05\\\/01\\\/dia-do-trabalho-servicos-essenciais-sao-valorizados\"]}]},{\"@type\":\"ImageObject\",\"inLanguage\":\"pt-BR\",\"@id\":\"https:\\\/\\\/redenoticiaz.com.br\\\/litoralsp\\\/2021\\\/05\\\/01\\\/dia-do-trabalho-servicos-essenciais-sao-valorizados#primaryimage\",\"url\":\"https:\\\/\\\/redenoticiaz.com.br\\\/litoralsp\\\/wp-content\\\/uploads\\\/sites\\\/3\\\/2021\\\/05\\\/016menor.jpg\",\"contentUrl\":\"https:\\\/\\\/redenoticiaz.com.br\\\/litoralsp\\\/wp-content\\\/uploads\\\/sites\\\/3\\\/2021\\\/05\\\/016menor.jpg\",\"width\":1544,\"height\":1024,\"caption\":\"No Brasil a data come\u00e7ou a entrar em vigor em 1925.\"},{\"@type\":\"WebSite\",\"@id\":\"https:\\\/\\\/redenoticiaz.com.br\\\/litoralsp\\\/#website\",\"url\":\"https:\\\/\\\/redenoticiaz.com.br\\\/litoralsp\\\/\",\"name\":\"Litoral SP\",\"description\":\"Rede NoticiaZ\",\"publisher\":{\"@id\":\"https:\\\/\\\/redenoticiaz.com.br\\\/litoralsp\\\/#organization\"},\"potentialAction\":[{\"@type\":\"SearchAction\",\"target\":{\"@type\":\"EntryPoint\",\"urlTemplate\":\"https:\\\/\\\/redenoticiaz.com.br\\\/litoralsp\\\/?s={search_term_string}\"},\"query-input\":{\"@type\":\"PropertyValueSpecification\",\"valueRequired\":true,\"valueName\":\"search_term_string\"}}],\"inLanguage\":\"pt-BR\"},{\"@type\":\"Organization\",\"@id\":\"https:\\\/\\\/redenoticiaz.com.br\\\/litoralsp\\\/#organization\",\"name\":\"Litoral SP\",\"url\":\"https:\\\/\\\/redenoticiaz.com.br\\\/litoralsp\\\/\",\"logo\":{\"@type\":\"ImageObject\",\"inLanguage\":\"pt-BR\",\"@id\":\"https:\\\/\\\/redenoticiaz.com.br\\\/litoralsp\\\/#\\\/schema\\\/logo\\\/image\\\/\",\"url\":\"https:\\\/\\\/redenoticiaz.com.br\\\/litoralsp\\\/wp-content\\\/uploads\\\/sites\\\/3\\\/2020\\\/11\\\/logo.jpg\",\"contentUrl\":\"https:\\\/\\\/redenoticiaz.com.br\\\/litoralsp\\\/wp-content\\\/uploads\\\/sites\\\/3\\\/2020\\\/11\\\/logo.jpg\",\"width\":400,\"height\":250,\"caption\":\"Litoral SP\"},\"image\":{\"@id\":\"https:\\\/\\\/redenoticiaz.com.br\\\/litoralsp\\\/#\\\/schema\\\/logo\\\/image\\\/\"}},{\"@type\":\"Person\",\"@id\":\"https:\\\/\\\/redenoticiaz.com.br\\\/litoralsp\\\/#\\\/schema\\\/person\\\/0f0b8a5bdafefe82841e07ae8d81ecb3\",\"name\":\"Leonardo Francisco\",\"image\":{\"@type\":\"ImageObject\",\"inLanguage\":\"pt-BR\",\"@id\":\"https:\\\/\\\/secure.gravatar.com\\\/avatar\\\/a7358cb406a99b682ec6df1e77e31ae82e63601f6784e8a3df411d72b37864da?s=96&d=mm&r=g\",\"url\":\"https:\\\/\\\/secure.gravatar.com\\\/avatar\\\/a7358cb406a99b682ec6df1e77e31ae82e63601f6784e8a3df411d72b37864da?s=96&d=mm&r=g\",\"contentUrl\":\"https:\\\/\\\/secure.gravatar.com\\\/avatar\\\/a7358cb406a99b682ec6df1e77e31ae82e63601f6784e8a3df411d72b37864da?s=96&d=mm&r=g\",\"caption\":\"Leonardo Francisco\"},\"url\":\"https:\\\/\\\/redenoticiaz.com.br\\\/litoralsp\\\/author\\\/leonardo-francisco\"}]}<\/script>\n<!-- \/ Yoast SEO plugin. -->","yoast_head_json":{"title":"Dia do Trabalho: servi\u00e7os essenciais s\u00e3o valorizados - Litoral SP","description":"Neste s\u00e1bado (1\u00ba) \u00e9 celebrado no Brasil e no mundo, o Dia do Trabalho. E nesta data, al\u00e9m de uma singela homenagem aos trabalhadores","robots":{"index":"index","follow":"follow","max-snippet":"max-snippet:-1","max-image-preview":"max-image-preview:large","max-video-preview":"max-video-preview:-1"},"canonical":"https:\/\/redenoticiaz.com.br\/litoralsp\/2021\/05\/01\/dia-do-trabalho-servicos-essenciais-sao-valorizados","og_locale":"pt_BR","og_type":"article","og_title":"Dia do Trabalho: servi\u00e7os essenciais s\u00e3o valorizados - Litoral SP","og_description":"Neste s\u00e1bado (1\u00ba) \u00e9 celebrado no Brasil e no mundo, o Dia do Trabalho. E nesta data, al\u00e9m de uma singela homenagem aos trabalhadores","og_url":"https:\/\/redenoticiaz.com.br\/litoralsp\/2021\/05\/01\/dia-do-trabalho-servicos-essenciais-sao-valorizados","og_site_name":"Litoral SP","article_published_time":"2021-05-01T18:55:16+00:00","article_modified_time":"2021-05-01T18:56:55+00:00","og_image":[{"width":1544,"height":1024,"url":"https:\/\/redenoticiaz.com.br\/litoralsp\/wp-content\/uploads\/sites\/3\/2021\/05\/016menor.jpg","type":"image\/jpeg"}],"author":"Leonardo Francisco","twitter_card":"summary_large_image","twitter_misc":{"Escrito por":"Leonardo Francisco","Est. tempo de leitura":"4 minutos"},"schema":{"@context":"https:\/\/schema.org","@graph":[{"@type":"Article","@id":"https:\/\/redenoticiaz.com.br\/litoralsp\/2021\/05\/01\/dia-do-trabalho-servicos-essenciais-sao-valorizados#article","isPartOf":{"@id":"https:\/\/redenoticiaz.com.br\/litoralsp\/2021\/05\/01\/dia-do-trabalho-servicos-essenciais-sao-valorizados"},"author":{"name":"Leonardo Francisco","@id":"https:\/\/redenoticiaz.com.br\/litoralsp\/#\/schema\/person\/0f0b8a5bdafefe82841e07ae8d81ecb3"},"headline":"Dia do Trabalho: servi\u00e7os essenciais s\u00e3o valorizados","datePublished":"2021-05-01T18:55:16+00:00","dateModified":"2021-05-01T18:56:55+00:00","mainEntityOfPage":{"@id":"https:\/\/redenoticiaz.com.br\/litoralsp\/2021\/05\/01\/dia-do-trabalho-servicos-essenciais-sao-valorizados"},"wordCount":859,"commentCount":0,"publisher":{"@id":"https:\/\/redenoticiaz.com.br\/litoralsp\/#organization"},"image":{"@id":"https:\/\/redenoticiaz.com.br\/litoralsp\/2021\/05\/01\/dia-do-trabalho-servicos-essenciais-sao-valorizados#primaryimage"},"thumbnailUrl":"https:\/\/redenoticiaz.com.br\/litoralsp\/wp-content\/uploads\/sites\/3\/2021\/05\/016menor.jpg","keywords":["ADAPTA\u00c7\u00d5ES COM A PANDMEIA","Brasil","DIA DO TRABALHO","HIST\u00d3RIA","Home Office","mundo","SERVI\u00c7OS ESSENCIAIS"],"articleSection":["sem"],"inLanguage":"pt-BR","potentialAction":[{"@type":"CommentAction","name":"Comment","target":["https:\/\/redenoticiaz.com.br\/litoralsp\/2021\/05\/01\/dia-do-trabalho-servicos-essenciais-sao-valorizados#respond"]}]},{"@type":"WebPage","@id":"https:\/\/redenoticiaz.com.br\/litoralsp\/2021\/05\/01\/dia-do-trabalho-servicos-essenciais-sao-valorizados","url":"https:\/\/redenoticiaz.com.br\/litoralsp\/2021\/05\/01\/dia-do-trabalho-servicos-essenciais-sao-valorizados","name":"Dia do Trabalho: servi\u00e7os essenciais s\u00e3o valorizados - Litoral SP","isPartOf":{"@id":"https:\/\/redenoticiaz.com.br\/litoralsp\/#website"},"primaryImageOfPage":{"@id":"https:\/\/redenoticiaz.com.br\/litoralsp\/2021\/05\/01\/dia-do-trabalho-servicos-essenciais-sao-valorizados#primaryimage"},"image":{"@id":"https:\/\/redenoticiaz.com.br\/litoralsp\/2021\/05\/01\/dia-do-trabalho-servicos-essenciais-sao-valorizados#primaryimage"},"thumbnailUrl":"https:\/\/redenoticiaz.com.br\/litoralsp\/wp-content\/uploads\/sites\/3\/2021\/05\/016menor.jpg","datePublished":"2021-05-01T18:55:16+00:00","dateModified":"2021-05-01T18:56:55+00:00","description":"Neste s\u00e1bado (1\u00ba) \u00e9 celebrado no Brasil e no mundo, o Dia do Trabalho. E nesta data, al\u00e9m de uma singela homenagem aos trabalhadores","inLanguage":"pt-BR","potentialAction":[{"@type":"ReadAction","target":["https:\/\/redenoticiaz.com.br\/litoralsp\/2021\/05\/01\/dia-do-trabalho-servicos-essenciais-sao-valorizados"]}]},{"@type":"ImageObject","inLanguage":"pt-BR","@id":"https:\/\/redenoticiaz.com.br\/litoralsp\/2021\/05\/01\/dia-do-trabalho-servicos-essenciais-sao-valorizados#primaryimage","url":"https:\/\/redenoticiaz.com.br\/litoralsp\/wp-content\/uploads\/sites\/3\/2021\/05\/016menor.jpg","contentUrl":"https:\/\/redenoticiaz.com.br\/litoralsp\/wp-content\/uploads\/sites\/3\/2021\/05\/016menor.jpg","width":1544,"height":1024,"caption":"No Brasil a data come\u00e7ou a entrar em vigor em 1925."},{"@type":"WebSite","@id":"https:\/\/redenoticiaz.com.br\/litoralsp\/#website","url":"https:\/\/redenoticiaz.com.br\/litoralsp\/","name":"Litoral SP","description":"Rede NoticiaZ","publisher":{"@id":"https:\/\/redenoticiaz.com.br\/litoralsp\/#organization"},"potentialAction":[{"@type":"SearchAction","target":{"@type":"EntryPoint","urlTemplate":"https:\/\/redenoticiaz.com.br\/litoralsp\/?s={search_term_string}"},"query-input":{"@type":"PropertyValueSpecification","valueRequired":true,"valueName":"search_term_string"}}],"inLanguage":"pt-BR"},{"@type":"Organization","@id":"https:\/\/redenoticiaz.com.br\/litoralsp\/#organization","name":"Litoral SP","url":"https:\/\/redenoticiaz.com.br\/litoralsp\/","logo":{"@type":"ImageObject","inLanguage":"pt-BR","@id":"https:\/\/redenoticiaz.com.br\/litoralsp\/#\/schema\/logo\/image\/","url":"https:\/\/redenoticiaz.com.br\/litoralsp\/wp-content\/uploads\/sites\/3\/2020\/11\/logo.jpg","contentUrl":"https:\/\/redenoticiaz.com.br\/litoralsp\/wp-content\/uploads\/sites\/3\/2020\/11\/logo.jpg","width":400,"height":250,"caption":"Litoral SP"},"image":{"@id":"https:\/\/redenoticiaz.com.br\/litoralsp\/#\/schema\/logo\/image\/"}},{"@type":"Person","@id":"https:\/\/redenoticiaz.com.br\/litoralsp\/#\/schema\/person\/0f0b8a5bdafefe82841e07ae8d81ecb3","name":"Leonardo Francisco","image":{"@type":"ImageObject","inLanguage":"pt-BR","@id":"https:\/\/secure.gravatar.com\/avatar\/a7358cb406a99b682ec6df1e77e31ae82e63601f6784e8a3df411d72b37864da?s=96&d=mm&r=g","url":"https:\/\/secure.gravatar.com\/avatar\/a7358cb406a99b682ec6df1e77e31ae82e63601f6784e8a3df411d72b37864da?s=96&d=mm&r=g","contentUrl":"https:\/\/secure.gravatar.com\/avatar\/a7358cb406a99b682ec6df1e77e31ae82e63601f6784e8a3df411d72b37864da?s=96&d=mm&r=g","caption":"Leonardo Francisco"},"url":"https:\/\/redenoticiaz.com.br\/litoralsp\/author\/leonardo-francisco"}]}},"_links":{"self":[{"href":"https:\/\/redenoticiaz.com.br\/litoralsp\/wp-json\/wp\/v2\/posts\/7921","targetHints":{"allow":["GET"]}}],"collection":[{"href":"https:\/\/redenoticiaz.com.br\/litoralsp\/wp-json\/wp\/v2\/posts"}],"about":[{"href":"https:\/\/redenoticiaz.com.br\/litoralsp\/wp-json\/wp\/v2\/types\/post"}],"author":[{"embeddable":true,"href":"https:\/\/redenoticiaz.com.br\/litoralsp\/wp-json\/wp\/v2\/users\/6"}],"replies":[{"embeddable":true,"href":"https:\/\/redenoticiaz.com.br\/litoralsp\/wp-json\/wp\/v2\/comments?post=7921"}],"version-history":[{"count":1,"href":"https:\/\/redenoticiaz.com.br\/litoralsp\/wp-json\/wp\/v2\/posts\/7921\/revisions"}],"predecessor-version":[{"id":7923,"href":"https:\/\/redenoticiaz.com.br\/litoralsp\/wp-json\/wp\/v2\/posts\/7921\/revisions\/7923"}],"wp:featuredmedia":[{"embeddable":true,"href":"https:\/\/redenoticiaz.com.br\/litoralsp\/wp-json\/wp\/v2\/media\/7922"}],"wp:attachment":[{"href":"https:\/\/redenoticiaz.com.br\/litoralsp\/wp-json\/wp\/v2\/media?parent=7921"}],"wp:term":[{"taxonomy":"category","embeddable":true,"href":"https:\/\/redenoticiaz.com.br\/litoralsp\/wp-json\/wp\/v2\/categories?post=7921"},{"taxonomy":"post_tag","embeddable":true,"href":"https:\/\/redenoticiaz.com.br\/litoralsp\/wp-json\/wp\/v2\/tags?post=7921"}],"curies":[{"name":"wp","href":"https:\/\/api.w.org\/{rel}","templated":true}]}}