{"id":80,"date":"2020-11-12T13:58:37","date_gmt":"2020-11-12T16:58:37","guid":{"rendered":"https:\/\/redenoticiaz.com.br\/litoralsp\/2020\/11\/12\/vacina-contra-cancer-e-desenvolvida\/"},"modified":"2020-11-12T21:59:46","modified_gmt":"2020-11-13T00:59:46","slug":"vacina-contra-cancer-e-desenvolvida","status":"publish","type":"post","link":"https:\/\/redenoticiaz.com.br\/litoralsp\/2020\/11\/12\/vacina-contra-cancer-e-desenvolvida","title":{"rendered":"Vacina contra c\u00e2ncer \u00e9 desenvolvida"},"content":{"rendered":"<p>Uma nova esperan\u00e7a para os pacientes com c\u00e2ncer pode estar pr\u00f3xima. Pesquisadores da Harvard&#8217;s Wyss Institute, nos Estados Unidos, anunciaram o desenvolvimento de uma vacina contra o c\u00e2ncer agressivo. Segundo a universidade, os testes realizados apontam 100% de efic\u00e1cia.<\/p>\n<p>Chamada \u201cvacina implant\u00e1vel\u201d, o experimento tem o tamanho de uma aspirina e \u00e9 colocada pr\u00f3xima de onde est\u00e1 o tumor, evitando quimioterapia em todo o corpo. Assim, ap\u00f3s sua aplica\u00e7\u00e3o, a vacina reprograma o sistema imunol\u00f3gico para atacar as c\u00e9lulas cancerosas em todo o corpo do paciente.<\/p>\n<h3>Como ela \u00e9 composta?<\/h3>\n<p>Essa nova vacina \u00e9 baseada em biomaterial e \u00e9 uma combina\u00e7\u00e3o de quimioterapia e imunoterapia, para o tratamento dos tumores resistentes. Durante os testes em ratos, os cientistas afirmaram que 100% sobreviveram. \u201c100% dos camundongos que receberam a vacina em gel sobreviveram sem met\u00e1stase, enquanto todos os camundongos n\u00e3o tratados morreram\u201d, afirma a reportagem da universidade.<\/p>\n<p>\u201cO c\u00e2ncer de mama triplo-negativo n\u00e3o estimula respostas fortes do sistema imunol\u00f3gico e as imunoterapias existentes n\u00e3o conseguiram trat\u00e1-lo. No nosso sistema, a imunoterapia atrai v\u00e1rias c\u00e9lulas imunol\u00f3gicas para o tumor, enquanto a quimioterapia produz um grande n\u00famero de fragmentos de c\u00e9lulas cancerosas mortas que as c\u00e9lulas imunol\u00f3gicas podem pegar e usar para gerar uma resposta espec\u00edfica do tumor eficaz \u201c, explicou o co-primeiro autor Hua Wang.<\/p>\n<h3>Tratamento personalizado<\/h3>\n<p>A vacina foi desenvolvida pela primeira vez em 2009, e tem apresentado resultados promissores nos testes com camundongos, em v\u00e1rios tipos de c\u00e2ncer. Em sua formula\u00e7\u00e3o original, as mol\u00e9culas encontradas em c\u00e9lulas cancerosas, chamadas ant\u00edgenos, foram incorporadas com adjuvantes em um arcabou\u00e7o, do tamanho de uma aspirina. Assim, as c\u00e9lulas dendr\u00edticas as reconhecem como \u201cestranhas\u201d e montam uma resposta imune direcionada para o tumor.<\/p>\n<p>Os ant\u00edgenos podem ser isolados de tumores colhidos ou identificados por sequenciamento do genoma das c\u00e9lulas com o c\u00e2ncer. Dessa forma, \u00e9 poss\u00edvel fabricar os imunizantes. Mas, segundo os especialistas, os processos para a cria\u00e7\u00e3o das vacinas personalizadas contra c\u00e2ncer podem ser tediosos, longos e caros.<\/p>\n<h3>Pr\u00f3ximos passos<\/h3>\n<p>Agora, a equipe de pesquisadores continuam explorando a combina\u00e7\u00e3o da quimioterapia com imunizantes contra o c\u00e2ncer. A expectativa \u00e9 a melhora da efic\u00e1cia antitumoral para outros tumores que t\u00eam tratamentos mais dif\u00edceis.<\/p>\n<p>Al\u00e9m disso, os cientistas esperam fazer mais estudos para otimizar o sistema de pesquisa. Com isso, a vacina deve avan\u00e7ar para testes pr\u00e9-cl\u00ednicos e, assim, pacientes humanos.<\/p>\n<p>Leia tamb\u00e9m<\/p>\n<p><a href=\"https:\/\/redenoticiaz.com.br\/blog\/2020\/11\/11\/coronavac-volta-a-ser-liberada-para-estudos\/\">CoronaVac volta a ser liberada para estudos<\/a><\/p>\n<p>&nbsp;<\/p>\n","protected":false},"excerpt":{"rendered":"<p>Uma nova esperan\u00e7a para os pacientes com c\u00e2ncer pode estar pr\u00f3xima. Pesquisadores da Harvard&#8217;s Wyss Institute, nos Estados Unidos, anunciaram o desenvolvimento de uma vacina contra o c\u00e2ncer agressivo. Segundo a universidade, os testes realizados apontam 100% de efic\u00e1cia. Chamada \u201cvacina implant\u00e1vel\u201d, o experimento tem o tamanho de uma aspirina e \u00e9 colocada pr\u00f3xima de &hellip;<\/p>\n","protected":false},"author":5,"featured_media":81,"comment_status":"open","ping_status":"closed","sticky":false,"template":"","format":"standard","meta":{"footnotes":""},"categories":[84,23],"tags":[85,86,87],"class_list":["post-80","post","type-post","status-publish","format-standard","has-post-thumbnail","hentry","category-mundo","category-saude","tag-cancer","tag-universidade-de-harvard","tag-vacina"],"yoast_head":"<!-- This site is optimized with the Yoast SEO plugin v27.5 - https:\/\/yoast.com\/product\/yoast-seo-wordpress\/ -->\n<title>Vacina contra c\u00e2ncer \u00e9 desenvolvida - Litoral SP<\/title>\n<meta name=\"robots\" content=\"index, follow, max-snippet:-1, max-image-preview:large, max-video-preview:-1\" \/>\n<link rel=\"canonical\" href=\"https:\/\/redenoticiaz.com.br\/litoralsp\/2020\/11\/12\/vacina-contra-cancer-e-desenvolvida\" \/>\n<meta property=\"og:locale\" content=\"pt_BR\" \/>\n<meta property=\"og:type\" content=\"article\" \/>\n<meta property=\"og:title\" content=\"Vacina contra c\u00e2ncer \u00e9 desenvolvida - Litoral SP\" \/>\n<meta property=\"og:description\" content=\"Uma nova esperan\u00e7a para os pacientes com c\u00e2ncer pode estar pr\u00f3xima. Pesquisadores da Harvard&#8217;s Wyss Institute, nos Estados Unidos, anunciaram o desenvolvimento de uma vacina contra o c\u00e2ncer agressivo. Segundo a universidade, os testes realizados apontam 100% de efic\u00e1cia. Chamada \u201cvacina implant\u00e1vel\u201d, o experimento tem o tamanho de uma aspirina e \u00e9 colocada pr\u00f3xima de &hellip;\" \/>\n<meta property=\"og:url\" content=\"https:\/\/redenoticiaz.com.br\/litoralsp\/2020\/11\/12\/vacina-contra-cancer-e-desenvolvida\" \/>\n<meta property=\"og:site_name\" content=\"Litoral SP\" \/>\n<meta property=\"article:published_time\" content=\"2020-11-12T16:58:37+00:00\" \/>\n<meta property=\"article:modified_time\" content=\"2020-11-13T00:59:46+00:00\" \/>\n<meta property=\"og:image\" content=\"https:\/\/redenoticiaz.com.br\/litoralsp\/wp-content\/uploads\/sites\/3\/2020\/11\/harvard-desenvolve-vacina-contra-cancer-com-100-de-eficacia.jpg\" \/>\n\t<meta property=\"og:image:width\" content=\"1280\" \/>\n\t<meta property=\"og:image:height\" content=\"719\" \/>\n\t<meta property=\"og:image:type\" content=\"image\/jpeg\" \/>\n<meta name=\"author\" content=\"Patr\u00edcia Prado\" \/>\n<meta name=\"twitter:card\" content=\"summary_large_image\" \/>\n<meta name=\"twitter:label1\" content=\"Escrito por\" \/>\n\t<meta name=\"twitter:data1\" content=\"Patr\u00edcia Prado\" \/>\n\t<meta name=\"twitter:label2\" content=\"Est. tempo de leitura\" \/>\n\t<meta name=\"twitter:data2\" content=\"2 minutos\" \/>\n<script type=\"application\/ld+json\" class=\"yoast-schema-graph\">{\"@context\":\"https:\\\/\\\/schema.org\",\"@graph\":[{\"@type\":\"Article\",\"@id\":\"https:\\\/\\\/redenoticiaz.com.br\\\/litoralsp\\\/2020\\\/11\\\/12\\\/vacina-contra-cancer-e-desenvolvida#article\",\"isPartOf\":{\"@id\":\"https:\\\/\\\/redenoticiaz.com.br\\\/litoralsp\\\/2020\\\/11\\\/12\\\/vacina-contra-cancer-e-desenvolvida\"},\"author\":{\"name\":\"Patr\u00edcia Prado\",\"@id\":\"https:\\\/\\\/redenoticiaz.com.br\\\/litoralsp\\\/#\\\/schema\\\/person\\\/e1b0bd8c2637e2c1b6ddcbc2c33b116f\"},\"headline\":\"Vacina contra c\u00e2ncer \u00e9 desenvolvida\",\"datePublished\":\"2020-11-12T16:58:37+00:00\",\"dateModified\":\"2020-11-13T00:59:46+00:00\",\"mainEntityOfPage\":{\"@id\":\"https:\\\/\\\/redenoticiaz.com.br\\\/litoralsp\\\/2020\\\/11\\\/12\\\/vacina-contra-cancer-e-desenvolvida\"},\"wordCount\":444,\"commentCount\":0,\"publisher\":{\"@id\":\"https:\\\/\\\/redenoticiaz.com.br\\\/litoralsp\\\/#organization\"},\"image\":{\"@id\":\"https:\\\/\\\/redenoticiaz.com.br\\\/litoralsp\\\/2020\\\/11\\\/12\\\/vacina-contra-cancer-e-desenvolvida#primaryimage\"},\"thumbnailUrl\":\"https:\\\/\\\/redenoticiaz.com.br\\\/litoralsp\\\/wp-content\\\/uploads\\\/sites\\\/3\\\/2020\\\/11\\\/harvard-desenvolve-vacina-contra-cancer-com-100-de-eficacia.jpg\",\"keywords\":[\"C\u00c2NCER\",\"UNIVERSIDADE DE HARVARD\",\"vacina\"],\"articleSection\":[\"Mundo\",\"Sa\u00fade\"],\"inLanguage\":\"pt-BR\",\"potentialAction\":[{\"@type\":\"CommentAction\",\"name\":\"Comment\",\"target\":[\"https:\\\/\\\/redenoticiaz.com.br\\\/litoralsp\\\/2020\\\/11\\\/12\\\/vacina-contra-cancer-e-desenvolvida#respond\"]}]},{\"@type\":\"WebPage\",\"@id\":\"https:\\\/\\\/redenoticiaz.com.br\\\/litoralsp\\\/2020\\\/11\\\/12\\\/vacina-contra-cancer-e-desenvolvida\",\"url\":\"https:\\\/\\\/redenoticiaz.com.br\\\/litoralsp\\\/2020\\\/11\\\/12\\\/vacina-contra-cancer-e-desenvolvida\",\"name\":\"Vacina contra c\u00e2ncer \u00e9 desenvolvida - Litoral SP\",\"isPartOf\":{\"@id\":\"https:\\\/\\\/redenoticiaz.com.br\\\/litoralsp\\\/#website\"},\"primaryImageOfPage\":{\"@id\":\"https:\\\/\\\/redenoticiaz.com.br\\\/litoralsp\\\/2020\\\/11\\\/12\\\/vacina-contra-cancer-e-desenvolvida#primaryimage\"},\"image\":{\"@id\":\"https:\\\/\\\/redenoticiaz.com.br\\\/litoralsp\\\/2020\\\/11\\\/12\\\/vacina-contra-cancer-e-desenvolvida#primaryimage\"},\"thumbnailUrl\":\"https:\\\/\\\/redenoticiaz.com.br\\\/litoralsp\\\/wp-content\\\/uploads\\\/sites\\\/3\\\/2020\\\/11\\\/harvard-desenvolve-vacina-contra-cancer-com-100-de-eficacia.jpg\",\"datePublished\":\"2020-11-12T16:58:37+00:00\",\"dateModified\":\"2020-11-13T00:59:46+00:00\",\"inLanguage\":\"pt-BR\",\"potentialAction\":[{\"@type\":\"ReadAction\",\"target\":[\"https:\\\/\\\/redenoticiaz.com.br\\\/litoralsp\\\/2020\\\/11\\\/12\\\/vacina-contra-cancer-e-desenvolvida\"]}]},{\"@type\":\"ImageObject\",\"inLanguage\":\"pt-BR\",\"@id\":\"https:\\\/\\\/redenoticiaz.com.br\\\/litoralsp\\\/2020\\\/11\\\/12\\\/vacina-contra-cancer-e-desenvolvida#primaryimage\",\"url\":\"https:\\\/\\\/redenoticiaz.com.br\\\/litoralsp\\\/wp-content\\\/uploads\\\/sites\\\/3\\\/2020\\\/11\\\/harvard-desenvolve-vacina-contra-cancer-com-100-de-eficacia.jpg\",\"contentUrl\":\"https:\\\/\\\/redenoticiaz.com.br\\\/litoralsp\\\/wp-content\\\/uploads\\\/sites\\\/3\\\/2020\\\/11\\\/harvard-desenvolve-vacina-contra-cancer-com-100-de-eficacia.jpg\",\"width\":1280,\"height\":719,\"caption\":\"Caso ela tenha \u00f3timos resultados e efic\u00e1cia comprovada em humanos, o combate ao c\u00e2ncer fica mais pr\u00e1tico.\"},{\"@type\":\"WebSite\",\"@id\":\"https:\\\/\\\/redenoticiaz.com.br\\\/litoralsp\\\/#website\",\"url\":\"https:\\\/\\\/redenoticiaz.com.br\\\/litoralsp\\\/\",\"name\":\"Litoral SP\",\"description\":\"Rede NoticiaZ\",\"publisher\":{\"@id\":\"https:\\\/\\\/redenoticiaz.com.br\\\/litoralsp\\\/#organization\"},\"potentialAction\":[{\"@type\":\"SearchAction\",\"target\":{\"@type\":\"EntryPoint\",\"urlTemplate\":\"https:\\\/\\\/redenoticiaz.com.br\\\/litoralsp\\\/?s={search_term_string}\"},\"query-input\":{\"@type\":\"PropertyValueSpecification\",\"valueRequired\":true,\"valueName\":\"search_term_string\"}}],\"inLanguage\":\"pt-BR\"},{\"@type\":\"Organization\",\"@id\":\"https:\\\/\\\/redenoticiaz.com.br\\\/litoralsp\\\/#organization\",\"name\":\"Litoral SP\",\"url\":\"https:\\\/\\\/redenoticiaz.com.br\\\/litoralsp\\\/\",\"logo\":{\"@type\":\"ImageObject\",\"inLanguage\":\"pt-BR\",\"@id\":\"https:\\\/\\\/redenoticiaz.com.br\\\/litoralsp\\\/#\\\/schema\\\/logo\\\/image\\\/\",\"url\":\"https:\\\/\\\/redenoticiaz.com.br\\\/litoralsp\\\/wp-content\\\/uploads\\\/sites\\\/3\\\/2020\\\/11\\\/logo.jpg\",\"contentUrl\":\"https:\\\/\\\/redenoticiaz.com.br\\\/litoralsp\\\/wp-content\\\/uploads\\\/sites\\\/3\\\/2020\\\/11\\\/logo.jpg\",\"width\":400,\"height\":250,\"caption\":\"Litoral SP\"},\"image\":{\"@id\":\"https:\\\/\\\/redenoticiaz.com.br\\\/litoralsp\\\/#\\\/schema\\\/logo\\\/image\\\/\"}},{\"@type\":\"Person\",\"@id\":\"https:\\\/\\\/redenoticiaz.com.br\\\/litoralsp\\\/#\\\/schema\\\/person\\\/e1b0bd8c2637e2c1b6ddcbc2c33b116f\",\"name\":\"Patr\u00edcia Prado\",\"image\":{\"@type\":\"ImageObject\",\"inLanguage\":\"pt-BR\",\"@id\":\"https:\\\/\\\/secure.gravatar.com\\\/avatar\\\/92e358bef22cfcec15e054ae4d9fee04dadf0c772dc4a17b382b8a34a15354c2?s=96&d=mm&r=g\",\"url\":\"https:\\\/\\\/secure.gravatar.com\\\/avatar\\\/92e358bef22cfcec15e054ae4d9fee04dadf0c772dc4a17b382b8a34a15354c2?s=96&d=mm&r=g\",\"contentUrl\":\"https:\\\/\\\/secure.gravatar.com\\\/avatar\\\/92e358bef22cfcec15e054ae4d9fee04dadf0c772dc4a17b382b8a34a15354c2?s=96&d=mm&r=g\",\"caption\":\"Patr\u00edcia Prado\"},\"url\":\"https:\\\/\\\/redenoticiaz.com.br\\\/litoralsp\\\/author\\\/patricia-prado\"}]}<\/script>\n<!-- \/ Yoast SEO plugin. -->","yoast_head_json":{"title":"Vacina contra c\u00e2ncer \u00e9 desenvolvida - Litoral SP","robots":{"index":"index","follow":"follow","max-snippet":"max-snippet:-1","max-image-preview":"max-image-preview:large","max-video-preview":"max-video-preview:-1"},"canonical":"https:\/\/redenoticiaz.com.br\/litoralsp\/2020\/11\/12\/vacina-contra-cancer-e-desenvolvida","og_locale":"pt_BR","og_type":"article","og_title":"Vacina contra c\u00e2ncer \u00e9 desenvolvida - Litoral SP","og_description":"Uma nova esperan\u00e7a para os pacientes com c\u00e2ncer pode estar pr\u00f3xima. Pesquisadores da Harvard&#8217;s Wyss Institute, nos Estados Unidos, anunciaram o desenvolvimento de uma vacina contra o c\u00e2ncer agressivo. Segundo a universidade, os testes realizados apontam 100% de efic\u00e1cia. Chamada \u201cvacina implant\u00e1vel\u201d, o experimento tem o tamanho de uma aspirina e \u00e9 colocada pr\u00f3xima de &hellip;","og_url":"https:\/\/redenoticiaz.com.br\/litoralsp\/2020\/11\/12\/vacina-contra-cancer-e-desenvolvida","og_site_name":"Litoral SP","article_published_time":"2020-11-12T16:58:37+00:00","article_modified_time":"2020-11-13T00:59:46+00:00","og_image":[{"width":1280,"height":719,"url":"https:\/\/redenoticiaz.com.br\/litoralsp\/wp-content\/uploads\/sites\/3\/2020\/11\/harvard-desenvolve-vacina-contra-cancer-com-100-de-eficacia.jpg","type":"image\/jpeg"}],"author":"Patr\u00edcia Prado","twitter_card":"summary_large_image","twitter_misc":{"Escrito por":"Patr\u00edcia Prado","Est. tempo de leitura":"2 minutos"},"schema":{"@context":"https:\/\/schema.org","@graph":[{"@type":"Article","@id":"https:\/\/redenoticiaz.com.br\/litoralsp\/2020\/11\/12\/vacina-contra-cancer-e-desenvolvida#article","isPartOf":{"@id":"https:\/\/redenoticiaz.com.br\/litoralsp\/2020\/11\/12\/vacina-contra-cancer-e-desenvolvida"},"author":{"name":"Patr\u00edcia Prado","@id":"https:\/\/redenoticiaz.com.br\/litoralsp\/#\/schema\/person\/e1b0bd8c2637e2c1b6ddcbc2c33b116f"},"headline":"Vacina contra c\u00e2ncer \u00e9 desenvolvida","datePublished":"2020-11-12T16:58:37+00:00","dateModified":"2020-11-13T00:59:46+00:00","mainEntityOfPage":{"@id":"https:\/\/redenoticiaz.com.br\/litoralsp\/2020\/11\/12\/vacina-contra-cancer-e-desenvolvida"},"wordCount":444,"commentCount":0,"publisher":{"@id":"https:\/\/redenoticiaz.com.br\/litoralsp\/#organization"},"image":{"@id":"https:\/\/redenoticiaz.com.br\/litoralsp\/2020\/11\/12\/vacina-contra-cancer-e-desenvolvida#primaryimage"},"thumbnailUrl":"https:\/\/redenoticiaz.com.br\/litoralsp\/wp-content\/uploads\/sites\/3\/2020\/11\/harvard-desenvolve-vacina-contra-cancer-com-100-de-eficacia.jpg","keywords":["C\u00c2NCER","UNIVERSIDADE DE HARVARD","vacina"],"articleSection":["Mundo","Sa\u00fade"],"inLanguage":"pt-BR","potentialAction":[{"@type":"CommentAction","name":"Comment","target":["https:\/\/redenoticiaz.com.br\/litoralsp\/2020\/11\/12\/vacina-contra-cancer-e-desenvolvida#respond"]}]},{"@type":"WebPage","@id":"https:\/\/redenoticiaz.com.br\/litoralsp\/2020\/11\/12\/vacina-contra-cancer-e-desenvolvida","url":"https:\/\/redenoticiaz.com.br\/litoralsp\/2020\/11\/12\/vacina-contra-cancer-e-desenvolvida","name":"Vacina contra c\u00e2ncer \u00e9 desenvolvida - Litoral SP","isPartOf":{"@id":"https:\/\/redenoticiaz.com.br\/litoralsp\/#website"},"primaryImageOfPage":{"@id":"https:\/\/redenoticiaz.com.br\/litoralsp\/2020\/11\/12\/vacina-contra-cancer-e-desenvolvida#primaryimage"},"image":{"@id":"https:\/\/redenoticiaz.com.br\/litoralsp\/2020\/11\/12\/vacina-contra-cancer-e-desenvolvida#primaryimage"},"thumbnailUrl":"https:\/\/redenoticiaz.com.br\/litoralsp\/wp-content\/uploads\/sites\/3\/2020\/11\/harvard-desenvolve-vacina-contra-cancer-com-100-de-eficacia.jpg","datePublished":"2020-11-12T16:58:37+00:00","dateModified":"2020-11-13T00:59:46+00:00","inLanguage":"pt-BR","potentialAction":[{"@type":"ReadAction","target":["https:\/\/redenoticiaz.com.br\/litoralsp\/2020\/11\/12\/vacina-contra-cancer-e-desenvolvida"]}]},{"@type":"ImageObject","inLanguage":"pt-BR","@id":"https:\/\/redenoticiaz.com.br\/litoralsp\/2020\/11\/12\/vacina-contra-cancer-e-desenvolvida#primaryimage","url":"https:\/\/redenoticiaz.com.br\/litoralsp\/wp-content\/uploads\/sites\/3\/2020\/11\/harvard-desenvolve-vacina-contra-cancer-com-100-de-eficacia.jpg","contentUrl":"https:\/\/redenoticiaz.com.br\/litoralsp\/wp-content\/uploads\/sites\/3\/2020\/11\/harvard-desenvolve-vacina-contra-cancer-com-100-de-eficacia.jpg","width":1280,"height":719,"caption":"Caso ela tenha \u00f3timos resultados e efic\u00e1cia comprovada em humanos, o combate ao c\u00e2ncer fica mais pr\u00e1tico."},{"@type":"WebSite","@id":"https:\/\/redenoticiaz.com.br\/litoralsp\/#website","url":"https:\/\/redenoticiaz.com.br\/litoralsp\/","name":"Litoral SP","description":"Rede NoticiaZ","publisher":{"@id":"https:\/\/redenoticiaz.com.br\/litoralsp\/#organization"},"potentialAction":[{"@type":"SearchAction","target":{"@type":"EntryPoint","urlTemplate":"https:\/\/redenoticiaz.com.br\/litoralsp\/?s={search_term_string}"},"query-input":{"@type":"PropertyValueSpecification","valueRequired":true,"valueName":"search_term_string"}}],"inLanguage":"pt-BR"},{"@type":"Organization","@id":"https:\/\/redenoticiaz.com.br\/litoralsp\/#organization","name":"Litoral SP","url":"https:\/\/redenoticiaz.com.br\/litoralsp\/","logo":{"@type":"ImageObject","inLanguage":"pt-BR","@id":"https:\/\/redenoticiaz.com.br\/litoralsp\/#\/schema\/logo\/image\/","url":"https:\/\/redenoticiaz.com.br\/litoralsp\/wp-content\/uploads\/sites\/3\/2020\/11\/logo.jpg","contentUrl":"https:\/\/redenoticiaz.com.br\/litoralsp\/wp-content\/uploads\/sites\/3\/2020\/11\/logo.jpg","width":400,"height":250,"caption":"Litoral SP"},"image":{"@id":"https:\/\/redenoticiaz.com.br\/litoralsp\/#\/schema\/logo\/image\/"}},{"@type":"Person","@id":"https:\/\/redenoticiaz.com.br\/litoralsp\/#\/schema\/person\/e1b0bd8c2637e2c1b6ddcbc2c33b116f","name":"Patr\u00edcia Prado","image":{"@type":"ImageObject","inLanguage":"pt-BR","@id":"https:\/\/secure.gravatar.com\/avatar\/92e358bef22cfcec15e054ae4d9fee04dadf0c772dc4a17b382b8a34a15354c2?s=96&d=mm&r=g","url":"https:\/\/secure.gravatar.com\/avatar\/92e358bef22cfcec15e054ae4d9fee04dadf0c772dc4a17b382b8a34a15354c2?s=96&d=mm&r=g","contentUrl":"https:\/\/secure.gravatar.com\/avatar\/92e358bef22cfcec15e054ae4d9fee04dadf0c772dc4a17b382b8a34a15354c2?s=96&d=mm&r=g","caption":"Patr\u00edcia Prado"},"url":"https:\/\/redenoticiaz.com.br\/litoralsp\/author\/patricia-prado"}]}},"_links":{"self":[{"href":"https:\/\/redenoticiaz.com.br\/litoralsp\/wp-json\/wp\/v2\/posts\/80","targetHints":{"allow":["GET"]}}],"collection":[{"href":"https:\/\/redenoticiaz.com.br\/litoralsp\/wp-json\/wp\/v2\/posts"}],"about":[{"href":"https:\/\/redenoticiaz.com.br\/litoralsp\/wp-json\/wp\/v2\/types\/post"}],"author":[{"embeddable":true,"href":"https:\/\/redenoticiaz.com.br\/litoralsp\/wp-json\/wp\/v2\/users\/5"}],"replies":[{"embeddable":true,"href":"https:\/\/redenoticiaz.com.br\/litoralsp\/wp-json\/wp\/v2\/comments?post=80"}],"version-history":[{"count":1,"href":"https:\/\/redenoticiaz.com.br\/litoralsp\/wp-json\/wp\/v2\/posts\/80\/revisions"}],"predecessor-version":[{"id":83,"href":"https:\/\/redenoticiaz.com.br\/litoralsp\/wp-json\/wp\/v2\/posts\/80\/revisions\/83"}],"wp:featuredmedia":[{"embeddable":true,"href":"https:\/\/redenoticiaz.com.br\/litoralsp\/wp-json\/wp\/v2\/media\/81"}],"wp:attachment":[{"href":"https:\/\/redenoticiaz.com.br\/litoralsp\/wp-json\/wp\/v2\/media?parent=80"}],"wp:term":[{"taxonomy":"category","embeddable":true,"href":"https:\/\/redenoticiaz.com.br\/litoralsp\/wp-json\/wp\/v2\/categories?post=80"},{"taxonomy":"post_tag","embeddable":true,"href":"https:\/\/redenoticiaz.com.br\/litoralsp\/wp-json\/wp\/v2\/tags?post=80"}],"curies":[{"name":"wp","href":"https:\/\/api.w.org\/{rel}","templated":true}]}}