{"id":8340,"date":"2021-05-09T14:39:57","date_gmt":"2021-05-09T17:39:57","guid":{"rendered":"https:\/\/redenoticiaz.com.br\/litoralsp\/?p=8340"},"modified":"2021-05-09T14:40:16","modified_gmt":"2021-05-09T17:40:16","slug":"zona-noroeste-passa-por-servico-de-nebulizacao","status":"publish","type":"post","link":"https:\/\/redenoticiaz.com.br\/litoralsp\/2021\/05\/09\/zona-noroeste-passa-por-servico-de-nebulizacao","title":{"rendered":"Zona Noroeste passa por servi\u00e7o de nebuliza\u00e7\u00e3o"},"content":{"rendered":"<p>Ao longo da pr\u00f3xima semana, a Zona Noroeste de <a href=\"https:\/\/www.santos.sp.gov.br\/\">Santos<\/a> receber\u00e1 o <strong>servi\u00e7o de nebuliza\u00e7\u00e3o<\/strong>. O trabalho \u00e9 para combater e acabar com o mosquito Aedes aegypti, respons\u00e1vel pela transmiss\u00e3o da chikungunya, dengue e zika v\u00edrus. As duas primeiras doen\u00e7as tem tido alta na cidade.<\/p>\n<p>A Se\u00e7\u00e3o de Controle de Vetores vem realizando a\u00e7\u00f5es nos bairros para evitar a prolifera\u00e7\u00e3o das doen\u00e7as. A nebuliza\u00e7\u00e3o deve come\u00e7ar j\u00e1 nesta segunda-feira no Ilh\u00e9u Alto. Mas tudo depende das condi\u00e7\u00f5es clim\u00e1ticas, ou seja, se n\u00e3o chover, o servi\u00e7o ser\u00e1 feito.<\/p>\n<p align=\"justify\">J\u00e1 na ter\u00e7a-feira, tamb\u00e9m em caso de tempo seco, as\u00a0equipes v\u00e3o terminar, a partir das 18h, a nebuliza\u00e7\u00e3o do tipo fumac\u00ea, com uso de ve\u00edculo dispersando o\u00a0inseticida, em \u00e1reas do Bom Retiro. Nesta semana, o fumac\u00ea passou por 63 quadras em todo o Santa Maria e em trechos do Bom Retiro.<\/p>\n<h3 align=\"justify\"><strong>Tipos de nebuliza\u00e7\u00e3o<\/strong><\/h3>\n<p align=\"justify\">Na nebuliza\u00e7\u00e3o do tipo fumac\u00ea, o ve\u00edculo com o inseticida passa tr\u00eas vezes no mesmo local para efic\u00e1cia da a\u00e7\u00e3o. Nestes casos, os agentes da Secretaria Municipal de Sa\u00fade de Santos pedem que os moradores deixem portas e janelas abertas e, se poss\u00edvel, que levantem as colchas das camas porque o mosquito gosta de se esconder em locais com pouca luminosidade.<\/p>\n<p align=\"justify\">Na nebuliza\u00e7\u00e3o costal, a aplica\u00e7\u00e3o \u00e9 mais direta. A recomenda\u00e7\u00e3o, nestes casos, \u00e9 para que o morador saia da resid\u00eancia por 30 minutos.<\/p>\n<p align=\"justify\"><strong>LEIA TAMB\u00c9M<\/strong><\/p>\n<p align=\"justify\"><a href=\"https:\/\/redenoticiaz.com.br\/litoralsp\/2021\/05\/08\/morro-do-fontana-desliza-em-santos-apos-chuva\">Morro do Fontana desliza em Santos ap\u00f3s chuva<\/a><\/p>\n","protected":false},"excerpt":{"rendered":"<p>Ao longo da pr\u00f3xima semana, a Zona Noroeste de Santos receber\u00e1 o servi\u00e7o de nebuliza\u00e7\u00e3o. O trabalho \u00e9 para combater e acabar com o mosquito Aedes aegypti, respons\u00e1vel pela transmiss\u00e3o da chikungunya, dengue e zika v\u00edrus. As duas primeiras doen\u00e7as tem tido alta na cidade. A Se\u00e7\u00e3o de Controle de Vetores vem realizando a\u00e7\u00f5es nos &hellip;<\/p>\n","protected":false},"author":6,"featured_media":8341,"comment_status":"open","ping_status":"closed","sticky":false,"template":"","format":"standard","meta":{"footnotes":""},"categories":[180,23],"tags":[3687,10720,10719,12795,986,10721,6910],"class_list":["post-8340","post","type-post","status-publish","format-standard","has-post-thumbnail","hentry","category-santos","category-saude","tag-chikungunya","tag-dengue","tag-mosquito-aedes-aegypti","tag-nebulizacao","tag-santos","tag-zika-virus","tag-zona-noroeste"],"yoast_head":"<!-- This site is optimized with the Yoast SEO plugin v27.5 - https:\/\/yoast.com\/product\/yoast-seo-wordpress\/ -->\n<title>Zona Noroeste passa por servi\u00e7o de nebuliza\u00e7\u00e3o - Litoral SP<\/title>\n<meta name=\"description\" content=\"Ao longo da pr\u00f3xima semana, a Zona Noroeste de Santos receber\u00e1 o servi\u00e7o de nebuliza\u00e7\u00e3o. O trabalho \u00e9 para combater\" \/>\n<meta name=\"robots\" content=\"index, follow, max-snippet:-1, max-image-preview:large, max-video-preview:-1\" \/>\n<link rel=\"canonical\" href=\"https:\/\/redenoticiaz.com.br\/litoralsp\/2021\/05\/09\/zona-noroeste-passa-por-servico-de-nebulizacao\" \/>\n<meta property=\"og:locale\" content=\"pt_BR\" \/>\n<meta property=\"og:type\" content=\"article\" \/>\n<meta property=\"og:title\" content=\"Zona Noroeste passa por servi\u00e7o de nebuliza\u00e7\u00e3o - Litoral SP\" \/>\n<meta property=\"og:description\" content=\"Ao longo da pr\u00f3xima semana, a Zona Noroeste de Santos receber\u00e1 o servi\u00e7o de nebuliza\u00e7\u00e3o. O trabalho \u00e9 para combater\" \/>\n<meta property=\"og:url\" content=\"https:\/\/redenoticiaz.com.br\/litoralsp\/2021\/05\/09\/zona-noroeste-passa-por-servico-de-nebulizacao\" \/>\n<meta property=\"og:site_name\" content=\"Litoral SP\" \/>\n<meta property=\"article:published_time\" content=\"2021-05-09T17:39:57+00:00\" \/>\n<meta property=\"article:modified_time\" content=\"2021-05-09T17:40:16+00:00\" \/>\n<meta property=\"og:image\" content=\"https:\/\/redenoticiaz.com.br\/litoralsp\/wp-content\/uploads\/sites\/3\/2021\/05\/nebulizacao.jpg\" \/>\n\t<meta property=\"og:image:width\" content=\"780\" \/>\n\t<meta property=\"og:image:height\" content=\"520\" \/>\n\t<meta property=\"og:image:type\" content=\"image\/jpeg\" \/>\n<meta name=\"author\" content=\"Leonardo Francisco\" \/>\n<meta name=\"twitter:card\" content=\"summary_large_image\" \/>\n<meta name=\"twitter:label1\" content=\"Escrito por\" \/>\n\t<meta name=\"twitter:data1\" content=\"Leonardo Francisco\" \/>\n\t<meta name=\"twitter:label2\" content=\"Est. tempo de leitura\" \/>\n\t<meta name=\"twitter:data2\" content=\"1 minuto\" \/>\n<script type=\"application\/ld+json\" class=\"yoast-schema-graph\">{\"@context\":\"https:\\\/\\\/schema.org\",\"@graph\":[{\"@type\":\"Article\",\"@id\":\"https:\\\/\\\/redenoticiaz.com.br\\\/litoralsp\\\/2021\\\/05\\\/09\\\/zona-noroeste-passa-por-servico-de-nebulizacao#article\",\"isPartOf\":{\"@id\":\"https:\\\/\\\/redenoticiaz.com.br\\\/litoralsp\\\/2021\\\/05\\\/09\\\/zona-noroeste-passa-por-servico-de-nebulizacao\"},\"author\":{\"name\":\"Leonardo Francisco\",\"@id\":\"https:\\\/\\\/redenoticiaz.com.br\\\/litoralsp\\\/#\\\/schema\\\/person\\\/0f0b8a5bdafefe82841e07ae8d81ecb3\"},\"headline\":\"Zona Noroeste passa por servi\u00e7o de nebuliza\u00e7\u00e3o\",\"datePublished\":\"2021-05-09T17:39:57+00:00\",\"dateModified\":\"2021-05-09T17:40:16+00:00\",\"mainEntityOfPage\":{\"@id\":\"https:\\\/\\\/redenoticiaz.com.br\\\/litoralsp\\\/2021\\\/05\\\/09\\\/zona-noroeste-passa-por-servico-de-nebulizacao\"},\"wordCount\":278,\"commentCount\":0,\"publisher\":{\"@id\":\"https:\\\/\\\/redenoticiaz.com.br\\\/litoralsp\\\/#organization\"},\"image\":{\"@id\":\"https:\\\/\\\/redenoticiaz.com.br\\\/litoralsp\\\/2021\\\/05\\\/09\\\/zona-noroeste-passa-por-servico-de-nebulizacao#primaryimage\"},\"thumbnailUrl\":\"https:\\\/\\\/redenoticiaz.com.br\\\/litoralsp\\\/wp-content\\\/uploads\\\/sites\\\/3\\\/2021\\\/05\\\/nebulizacao.jpg\",\"keywords\":[\"CHIKUNGUNYA\",\"DENGUE\",\"MOSQUITO AEDES AEGYPTI\",\"NEBULIZA\u00c7\u00c3O\",\"Santos\",\"ZIKA V\u00cdRUS\",\"ZONA NOROESTE\"],\"articleSection\":[\"Santos\",\"Sa\u00fade\"],\"inLanguage\":\"pt-BR\",\"potentialAction\":[{\"@type\":\"CommentAction\",\"name\":\"Comment\",\"target\":[\"https:\\\/\\\/redenoticiaz.com.br\\\/litoralsp\\\/2021\\\/05\\\/09\\\/zona-noroeste-passa-por-servico-de-nebulizacao#respond\"]}]},{\"@type\":\"WebPage\",\"@id\":\"https:\\\/\\\/redenoticiaz.com.br\\\/litoralsp\\\/2021\\\/05\\\/09\\\/zona-noroeste-passa-por-servico-de-nebulizacao\",\"url\":\"https:\\\/\\\/redenoticiaz.com.br\\\/litoralsp\\\/2021\\\/05\\\/09\\\/zona-noroeste-passa-por-servico-de-nebulizacao\",\"name\":\"Zona Noroeste passa por servi\u00e7o de nebuliza\u00e7\u00e3o - Litoral SP\",\"isPartOf\":{\"@id\":\"https:\\\/\\\/redenoticiaz.com.br\\\/litoralsp\\\/#website\"},\"primaryImageOfPage\":{\"@id\":\"https:\\\/\\\/redenoticiaz.com.br\\\/litoralsp\\\/2021\\\/05\\\/09\\\/zona-noroeste-passa-por-servico-de-nebulizacao#primaryimage\"},\"image\":{\"@id\":\"https:\\\/\\\/redenoticiaz.com.br\\\/litoralsp\\\/2021\\\/05\\\/09\\\/zona-noroeste-passa-por-servico-de-nebulizacao#primaryimage\"},\"thumbnailUrl\":\"https:\\\/\\\/redenoticiaz.com.br\\\/litoralsp\\\/wp-content\\\/uploads\\\/sites\\\/3\\\/2021\\\/05\\\/nebulizacao.jpg\",\"datePublished\":\"2021-05-09T17:39:57+00:00\",\"dateModified\":\"2021-05-09T17:40:16+00:00\",\"description\":\"Ao longo da pr\u00f3xima semana, a Zona Noroeste de Santos receber\u00e1 o servi\u00e7o de nebuliza\u00e7\u00e3o. O trabalho \u00e9 para combater\",\"inLanguage\":\"pt-BR\",\"potentialAction\":[{\"@type\":\"ReadAction\",\"target\":[\"https:\\\/\\\/redenoticiaz.com.br\\\/litoralsp\\\/2021\\\/05\\\/09\\\/zona-noroeste-passa-por-servico-de-nebulizacao\"]}]},{\"@type\":\"ImageObject\",\"inLanguage\":\"pt-BR\",\"@id\":\"https:\\\/\\\/redenoticiaz.com.br\\\/litoralsp\\\/2021\\\/05\\\/09\\\/zona-noroeste-passa-por-servico-de-nebulizacao#primaryimage\",\"url\":\"https:\\\/\\\/redenoticiaz.com.br\\\/litoralsp\\\/wp-content\\\/uploads\\\/sites\\\/3\\\/2021\\\/05\\\/nebulizacao.jpg\",\"contentUrl\":\"https:\\\/\\\/redenoticiaz.com.br\\\/litoralsp\\\/wp-content\\\/uploads\\\/sites\\\/3\\\/2021\\\/05\\\/nebulizacao.jpg\",\"width\":780,\"height\":520,\"caption\":\"Cr\u00e9ditos: Divulga\u00e7\u00e3o\\\/Prefeitura de Santos.\"},{\"@type\":\"WebSite\",\"@id\":\"https:\\\/\\\/redenoticiaz.com.br\\\/litoralsp\\\/#website\",\"url\":\"https:\\\/\\\/redenoticiaz.com.br\\\/litoralsp\\\/\",\"name\":\"Litoral SP\",\"description\":\"Rede NoticiaZ\",\"publisher\":{\"@id\":\"https:\\\/\\\/redenoticiaz.com.br\\\/litoralsp\\\/#organization\"},\"potentialAction\":[{\"@type\":\"SearchAction\",\"target\":{\"@type\":\"EntryPoint\",\"urlTemplate\":\"https:\\\/\\\/redenoticiaz.com.br\\\/litoralsp\\\/?s={search_term_string}\"},\"query-input\":{\"@type\":\"PropertyValueSpecification\",\"valueRequired\":true,\"valueName\":\"search_term_string\"}}],\"inLanguage\":\"pt-BR\"},{\"@type\":\"Organization\",\"@id\":\"https:\\\/\\\/redenoticiaz.com.br\\\/litoralsp\\\/#organization\",\"name\":\"Litoral SP\",\"url\":\"https:\\\/\\\/redenoticiaz.com.br\\\/litoralsp\\\/\",\"logo\":{\"@type\":\"ImageObject\",\"inLanguage\":\"pt-BR\",\"@id\":\"https:\\\/\\\/redenoticiaz.com.br\\\/litoralsp\\\/#\\\/schema\\\/logo\\\/image\\\/\",\"url\":\"https:\\\/\\\/redenoticiaz.com.br\\\/litoralsp\\\/wp-content\\\/uploads\\\/sites\\\/3\\\/2020\\\/11\\\/logo.jpg\",\"contentUrl\":\"https:\\\/\\\/redenoticiaz.com.br\\\/litoralsp\\\/wp-content\\\/uploads\\\/sites\\\/3\\\/2020\\\/11\\\/logo.jpg\",\"width\":400,\"height\":250,\"caption\":\"Litoral SP\"},\"image\":{\"@id\":\"https:\\\/\\\/redenoticiaz.com.br\\\/litoralsp\\\/#\\\/schema\\\/logo\\\/image\\\/\"}},{\"@type\":\"Person\",\"@id\":\"https:\\\/\\\/redenoticiaz.com.br\\\/litoralsp\\\/#\\\/schema\\\/person\\\/0f0b8a5bdafefe82841e07ae8d81ecb3\",\"name\":\"Leonardo Francisco\",\"image\":{\"@type\":\"ImageObject\",\"inLanguage\":\"pt-BR\",\"@id\":\"https:\\\/\\\/secure.gravatar.com\\\/avatar\\\/a7358cb406a99b682ec6df1e77e31ae82e63601f6784e8a3df411d72b37864da?s=96&d=mm&r=g\",\"url\":\"https:\\\/\\\/secure.gravatar.com\\\/avatar\\\/a7358cb406a99b682ec6df1e77e31ae82e63601f6784e8a3df411d72b37864da?s=96&d=mm&r=g\",\"contentUrl\":\"https:\\\/\\\/secure.gravatar.com\\\/avatar\\\/a7358cb406a99b682ec6df1e77e31ae82e63601f6784e8a3df411d72b37864da?s=96&d=mm&r=g\",\"caption\":\"Leonardo Francisco\"},\"url\":\"https:\\\/\\\/redenoticiaz.com.br\\\/litoralsp\\\/author\\\/leonardo-francisco\"}]}<\/script>\n<!-- \/ Yoast SEO plugin. -->","yoast_head_json":{"title":"Zona Noroeste passa por servi\u00e7o de nebuliza\u00e7\u00e3o - Litoral SP","description":"Ao longo da pr\u00f3xima semana, a Zona Noroeste de Santos receber\u00e1 o servi\u00e7o de nebuliza\u00e7\u00e3o. O trabalho \u00e9 para combater","robots":{"index":"index","follow":"follow","max-snippet":"max-snippet:-1","max-image-preview":"max-image-preview:large","max-video-preview":"max-video-preview:-1"},"canonical":"https:\/\/redenoticiaz.com.br\/litoralsp\/2021\/05\/09\/zona-noroeste-passa-por-servico-de-nebulizacao","og_locale":"pt_BR","og_type":"article","og_title":"Zona Noroeste passa por servi\u00e7o de nebuliza\u00e7\u00e3o - Litoral SP","og_description":"Ao longo da pr\u00f3xima semana, a Zona Noroeste de Santos receber\u00e1 o servi\u00e7o de nebuliza\u00e7\u00e3o. O trabalho \u00e9 para combater","og_url":"https:\/\/redenoticiaz.com.br\/litoralsp\/2021\/05\/09\/zona-noroeste-passa-por-servico-de-nebulizacao","og_site_name":"Litoral SP","article_published_time":"2021-05-09T17:39:57+00:00","article_modified_time":"2021-05-09T17:40:16+00:00","og_image":[{"width":780,"height":520,"url":"https:\/\/redenoticiaz.com.br\/litoralsp\/wp-content\/uploads\/sites\/3\/2021\/05\/nebulizacao.jpg","type":"image\/jpeg"}],"author":"Leonardo Francisco","twitter_card":"summary_large_image","twitter_misc":{"Escrito por":"Leonardo Francisco","Est. tempo de leitura":"1 minuto"},"schema":{"@context":"https:\/\/schema.org","@graph":[{"@type":"Article","@id":"https:\/\/redenoticiaz.com.br\/litoralsp\/2021\/05\/09\/zona-noroeste-passa-por-servico-de-nebulizacao#article","isPartOf":{"@id":"https:\/\/redenoticiaz.com.br\/litoralsp\/2021\/05\/09\/zona-noroeste-passa-por-servico-de-nebulizacao"},"author":{"name":"Leonardo Francisco","@id":"https:\/\/redenoticiaz.com.br\/litoralsp\/#\/schema\/person\/0f0b8a5bdafefe82841e07ae8d81ecb3"},"headline":"Zona Noroeste passa por servi\u00e7o de nebuliza\u00e7\u00e3o","datePublished":"2021-05-09T17:39:57+00:00","dateModified":"2021-05-09T17:40:16+00:00","mainEntityOfPage":{"@id":"https:\/\/redenoticiaz.com.br\/litoralsp\/2021\/05\/09\/zona-noroeste-passa-por-servico-de-nebulizacao"},"wordCount":278,"commentCount":0,"publisher":{"@id":"https:\/\/redenoticiaz.com.br\/litoralsp\/#organization"},"image":{"@id":"https:\/\/redenoticiaz.com.br\/litoralsp\/2021\/05\/09\/zona-noroeste-passa-por-servico-de-nebulizacao#primaryimage"},"thumbnailUrl":"https:\/\/redenoticiaz.com.br\/litoralsp\/wp-content\/uploads\/sites\/3\/2021\/05\/nebulizacao.jpg","keywords":["CHIKUNGUNYA","DENGUE","MOSQUITO AEDES AEGYPTI","NEBULIZA\u00c7\u00c3O","Santos","ZIKA V\u00cdRUS","ZONA NOROESTE"],"articleSection":["Santos","Sa\u00fade"],"inLanguage":"pt-BR","potentialAction":[{"@type":"CommentAction","name":"Comment","target":["https:\/\/redenoticiaz.com.br\/litoralsp\/2021\/05\/09\/zona-noroeste-passa-por-servico-de-nebulizacao#respond"]}]},{"@type":"WebPage","@id":"https:\/\/redenoticiaz.com.br\/litoralsp\/2021\/05\/09\/zona-noroeste-passa-por-servico-de-nebulizacao","url":"https:\/\/redenoticiaz.com.br\/litoralsp\/2021\/05\/09\/zona-noroeste-passa-por-servico-de-nebulizacao","name":"Zona Noroeste passa por servi\u00e7o de nebuliza\u00e7\u00e3o - Litoral SP","isPartOf":{"@id":"https:\/\/redenoticiaz.com.br\/litoralsp\/#website"},"primaryImageOfPage":{"@id":"https:\/\/redenoticiaz.com.br\/litoralsp\/2021\/05\/09\/zona-noroeste-passa-por-servico-de-nebulizacao#primaryimage"},"image":{"@id":"https:\/\/redenoticiaz.com.br\/litoralsp\/2021\/05\/09\/zona-noroeste-passa-por-servico-de-nebulizacao#primaryimage"},"thumbnailUrl":"https:\/\/redenoticiaz.com.br\/litoralsp\/wp-content\/uploads\/sites\/3\/2021\/05\/nebulizacao.jpg","datePublished":"2021-05-09T17:39:57+00:00","dateModified":"2021-05-09T17:40:16+00:00","description":"Ao longo da pr\u00f3xima semana, a Zona Noroeste de Santos receber\u00e1 o servi\u00e7o de nebuliza\u00e7\u00e3o. O trabalho \u00e9 para combater","inLanguage":"pt-BR","potentialAction":[{"@type":"ReadAction","target":["https:\/\/redenoticiaz.com.br\/litoralsp\/2021\/05\/09\/zona-noroeste-passa-por-servico-de-nebulizacao"]}]},{"@type":"ImageObject","inLanguage":"pt-BR","@id":"https:\/\/redenoticiaz.com.br\/litoralsp\/2021\/05\/09\/zona-noroeste-passa-por-servico-de-nebulizacao#primaryimage","url":"https:\/\/redenoticiaz.com.br\/litoralsp\/wp-content\/uploads\/sites\/3\/2021\/05\/nebulizacao.jpg","contentUrl":"https:\/\/redenoticiaz.com.br\/litoralsp\/wp-content\/uploads\/sites\/3\/2021\/05\/nebulizacao.jpg","width":780,"height":520,"caption":"Cr\u00e9ditos: Divulga\u00e7\u00e3o\/Prefeitura de Santos."},{"@type":"WebSite","@id":"https:\/\/redenoticiaz.com.br\/litoralsp\/#website","url":"https:\/\/redenoticiaz.com.br\/litoralsp\/","name":"Litoral SP","description":"Rede NoticiaZ","publisher":{"@id":"https:\/\/redenoticiaz.com.br\/litoralsp\/#organization"},"potentialAction":[{"@type":"SearchAction","target":{"@type":"EntryPoint","urlTemplate":"https:\/\/redenoticiaz.com.br\/litoralsp\/?s={search_term_string}"},"query-input":{"@type":"PropertyValueSpecification","valueRequired":true,"valueName":"search_term_string"}}],"inLanguage":"pt-BR"},{"@type":"Organization","@id":"https:\/\/redenoticiaz.com.br\/litoralsp\/#organization","name":"Litoral SP","url":"https:\/\/redenoticiaz.com.br\/litoralsp\/","logo":{"@type":"ImageObject","inLanguage":"pt-BR","@id":"https:\/\/redenoticiaz.com.br\/litoralsp\/#\/schema\/logo\/image\/","url":"https:\/\/redenoticiaz.com.br\/litoralsp\/wp-content\/uploads\/sites\/3\/2020\/11\/logo.jpg","contentUrl":"https:\/\/redenoticiaz.com.br\/litoralsp\/wp-content\/uploads\/sites\/3\/2020\/11\/logo.jpg","width":400,"height":250,"caption":"Litoral SP"},"image":{"@id":"https:\/\/redenoticiaz.com.br\/litoralsp\/#\/schema\/logo\/image\/"}},{"@type":"Person","@id":"https:\/\/redenoticiaz.com.br\/litoralsp\/#\/schema\/person\/0f0b8a5bdafefe82841e07ae8d81ecb3","name":"Leonardo Francisco","image":{"@type":"ImageObject","inLanguage":"pt-BR","@id":"https:\/\/secure.gravatar.com\/avatar\/a7358cb406a99b682ec6df1e77e31ae82e63601f6784e8a3df411d72b37864da?s=96&d=mm&r=g","url":"https:\/\/secure.gravatar.com\/avatar\/a7358cb406a99b682ec6df1e77e31ae82e63601f6784e8a3df411d72b37864da?s=96&d=mm&r=g","contentUrl":"https:\/\/secure.gravatar.com\/avatar\/a7358cb406a99b682ec6df1e77e31ae82e63601f6784e8a3df411d72b37864da?s=96&d=mm&r=g","caption":"Leonardo Francisco"},"url":"https:\/\/redenoticiaz.com.br\/litoralsp\/author\/leonardo-francisco"}]}},"_links":{"self":[{"href":"https:\/\/redenoticiaz.com.br\/litoralsp\/wp-json\/wp\/v2\/posts\/8340","targetHints":{"allow":["GET"]}}],"collection":[{"href":"https:\/\/redenoticiaz.com.br\/litoralsp\/wp-json\/wp\/v2\/posts"}],"about":[{"href":"https:\/\/redenoticiaz.com.br\/litoralsp\/wp-json\/wp\/v2\/types\/post"}],"author":[{"embeddable":true,"href":"https:\/\/redenoticiaz.com.br\/litoralsp\/wp-json\/wp\/v2\/users\/6"}],"replies":[{"embeddable":true,"href":"https:\/\/redenoticiaz.com.br\/litoralsp\/wp-json\/wp\/v2\/comments?post=8340"}],"version-history":[{"count":1,"href":"https:\/\/redenoticiaz.com.br\/litoralsp\/wp-json\/wp\/v2\/posts\/8340\/revisions"}],"predecessor-version":[{"id":8342,"href":"https:\/\/redenoticiaz.com.br\/litoralsp\/wp-json\/wp\/v2\/posts\/8340\/revisions\/8342"}],"wp:featuredmedia":[{"embeddable":true,"href":"https:\/\/redenoticiaz.com.br\/litoralsp\/wp-json\/wp\/v2\/media\/8341"}],"wp:attachment":[{"href":"https:\/\/redenoticiaz.com.br\/litoralsp\/wp-json\/wp\/v2\/media?parent=8340"}],"wp:term":[{"taxonomy":"category","embeddable":true,"href":"https:\/\/redenoticiaz.com.br\/litoralsp\/wp-json\/wp\/v2\/categories?post=8340"},{"taxonomy":"post_tag","embeddable":true,"href":"https:\/\/redenoticiaz.com.br\/litoralsp\/wp-json\/wp\/v2\/tags?post=8340"}],"curies":[{"name":"wp","href":"https:\/\/api.w.org\/{rel}","templated":true}]}}