{"id":842,"date":"2020-12-04T15:48:30","date_gmt":"2020-12-04T18:48:30","guid":{"rendered":"https:\/\/redenoticiaz.com.br\/litoralsp\/2020\/12\/04\/video-policial-aponta-arma-para-outro-pm\/"},"modified":"2020-12-04T15:51:47","modified_gmt":"2020-12-04T18:51:47","slug":"video-policial-aponta-arma-para-outro-pm","status":"publish","type":"post","link":"https:\/\/redenoticiaz.com.br\/litoralsp\/2020\/12\/04\/video-policial-aponta-arma-para-outro-pm","title":{"rendered":"V\u00cdDEO &#8211; Policial aponta arma para outro PM"},"content":{"rendered":"<p>Uma cena chamou a aten\u00e7\u00e3o de todos que passavam pela Santa Efig\u00eania, Regi\u00e3o Central de <a href=\"http:\/\/www.capital.sp.gov.br\/\">S\u00e3o Paulo<\/a>. Dois policiais come\u00e7aram a brigar nesta sexta-feira (4) e um deles apontou a arma contra o colega de profiss\u00e3o. As imagens foram parar nas redes sociais e j\u00e1 viralizaram.<\/p>\n<p>O bairro \u00e9 famoso por ser refer\u00eancia em com\u00e9rcios eletr\u00f4nicos e estava muito movimentada. A confus\u00e3o entre os PMs ocorreu na esquina das ruas Santa Efig\u00eania com a Timbiras. Enquanto discutiam, um saca a arma e aponta para o rosto do outro. A discuss\u00e3o segue e o rev\u00f3lver segue apontado.<\/p>\n<p>As pessoas que filmaram a briga alertavam a todo momento para n\u00e3o atirar, principalmente por causa do fluxo intenso das pessoas. Mas a confus\u00e3o entre os policiais continuou e eles trocaram socos no meio da rua. O motivo do desentendimento ainda \u00e9 desconhecido.<\/p>\n<p>A Secretaria de Seguran\u00e7a P\u00fablica do Estado de S\u00e3o Paulo ainda n\u00e3o se pronunciou sobre a ocorr\u00eancia e o caso deve ser registrado no 3\u00ba DP de Campos El\u00edseos.<\/p>\n<p>Veja o momento da briga<\/p>\n<div style=\"width: 640px;\" class=\"wp-video\"><video class=\"wp-video-shortcode\" id=\"video-842-1\" width=\"640\" height=\"352\" preload=\"metadata\" controls=\"controls\"><source type=\"video\/mp4\" src=\"https:\/\/redenoticiaz.com.br\/wp-content\/uploads\/2020\/12\/whatsapp-video-2020-12-04-at-15-35-06.mp4?_=1\" \/><a href=\"https:\/\/redenoticiaz.com.br\/wp-content\/uploads\/2020\/12\/whatsapp-video-2020-12-04-at-15-35-06.mp4\">https:\/\/redenoticiaz.com.br\/wp-content\/uploads\/2020\/12\/whatsapp-video-2020-12-04-at-15-35-06.mp4<\/a><\/video><\/div>\n<p>Leia tamb\u00e9m<\/p>\n<p><a href=\"https:\/\/redenoticiaz.com.br\/blog\/2020\/12\/03\/operacao-contra-quadrilha-e-executada-em-itatiba\/\">Opera\u00e7\u00e3o contra quadrilha \u00e9 executada em Itatiba<\/a><\/p>\n","protected":false},"excerpt":{"rendered":"<p>Uma cena chamou a aten\u00e7\u00e3o de todos que passavam pela Santa Efig\u00eania, Regi\u00e3o Central de S\u00e3o Paulo. Dois policiais come\u00e7aram a brigar nesta sexta-feira (4) e um deles apontou a arma contra o colega de profiss\u00e3o. As imagens foram parar nas redes sociais e j\u00e1 viralizaram. O bairro \u00e9 famoso por ser refer\u00eancia em com\u00e9rcios &hellip;<\/p>\n","protected":false},"author":6,"featured_media":843,"comment_status":"open","ping_status":"closed","sticky":false,"template":"","format":"standard","meta":{"footnotes":""},"categories":[10],"tags":[3120,1766,3121,65],"class_list":["post-842","post","type-post","status-publish","format-standard","has-post-thumbnail","hentry","category-policia","tag-briga-de-policiais","tag-policia-militar","tag-santa-efigenia","tag-sao-paulo"],"yoast_head":"<!-- This site is optimized with the Yoast SEO plugin v27.5 - https:\/\/yoast.com\/product\/yoast-seo-wordpress\/ -->\n<title>V\u00cdDEO - Policial aponta arma para outro PM - Litoral SP<\/title>\n<meta name=\"description\" content=\"Uma cena chamou a aten\u00e7\u00e3o de todos que passavam pela Santa Efig\u00eania, Regi\u00e3o Central de S\u00e3o Paulo. Dois policiais come\u00e7aram a brigar\" \/>\n<meta name=\"robots\" content=\"index, follow, max-snippet:-1, max-image-preview:large, max-video-preview:-1\" \/>\n<link rel=\"canonical\" href=\"https:\/\/redenoticiaz.com.br\/litoralsp\/2020\/12\/04\/video-policial-aponta-arma-para-outro-pm\" \/>\n<meta property=\"og:locale\" content=\"pt_BR\" \/>\n<meta property=\"og:type\" content=\"article\" \/>\n<meta property=\"og:title\" content=\"V\u00cdDEO - Policial aponta arma para outro PM - Litoral SP\" \/>\n<meta property=\"og:description\" content=\"Uma cena chamou a aten\u00e7\u00e3o de todos que passavam pela Santa Efig\u00eania, Regi\u00e3o Central de S\u00e3o Paulo. Dois policiais come\u00e7aram a brigar\" \/>\n<meta property=\"og:url\" content=\"https:\/\/redenoticiaz.com.br\/litoralsp\/2020\/12\/04\/video-policial-aponta-arma-para-outro-pm\" \/>\n<meta property=\"og:site_name\" content=\"Litoral SP\" \/>\n<meta property=\"article:published_time\" content=\"2020-12-04T18:48:30+00:00\" \/>\n<meta property=\"article:modified_time\" content=\"2020-12-04T18:51:47+00:00\" \/>\n<meta property=\"og:image\" content=\"https:\/\/redenoticiaz.com.br\/litoralsp\/wp-content\/uploads\/sites\/3\/2020\/12\/pm-aponta-arma-para-colega-de-farda-no-centro-de-sp-1607103048312_v2_450x450.jpg\" \/>\n\t<meta property=\"og:image:width\" content=\"450\" \/>\n\t<meta property=\"og:image:height\" content=\"450\" \/>\n\t<meta property=\"og:image:type\" content=\"image\/jpeg\" \/>\n<meta name=\"author\" content=\"Leonardo Francisco\" \/>\n<meta name=\"twitter:card\" content=\"summary_large_image\" \/>\n<meta name=\"twitter:label1\" content=\"Escrito por\" \/>\n\t<meta name=\"twitter:data1\" content=\"Leonardo Francisco\" \/>\n\t<meta name=\"twitter:label2\" content=\"Est. tempo de leitura\" \/>\n\t<meta name=\"twitter:data2\" content=\"1 minuto\" \/>\n<script type=\"application\/ld+json\" class=\"yoast-schema-graph\">{\"@context\":\"https:\\\/\\\/schema.org\",\"@graph\":[{\"@type\":\"Article\",\"@id\":\"https:\\\/\\\/redenoticiaz.com.br\\\/litoralsp\\\/2020\\\/12\\\/04\\\/video-policial-aponta-arma-para-outro-pm#article\",\"isPartOf\":{\"@id\":\"https:\\\/\\\/redenoticiaz.com.br\\\/litoralsp\\\/2020\\\/12\\\/04\\\/video-policial-aponta-arma-para-outro-pm\"},\"author\":{\"name\":\"Leonardo Francisco\",\"@id\":\"https:\\\/\\\/redenoticiaz.com.br\\\/litoralsp\\\/#\\\/schema\\\/person\\\/0f0b8a5bdafefe82841e07ae8d81ecb3\"},\"headline\":\"V\u00cdDEO &#8211; Policial aponta arma para outro PM\",\"datePublished\":\"2020-12-04T18:48:30+00:00\",\"dateModified\":\"2020-12-04T18:51:47+00:00\",\"mainEntityOfPage\":{\"@id\":\"https:\\\/\\\/redenoticiaz.com.br\\\/litoralsp\\\/2020\\\/12\\\/04\\\/video-policial-aponta-arma-para-outro-pm\"},\"wordCount\":227,\"commentCount\":0,\"publisher\":{\"@id\":\"https:\\\/\\\/redenoticiaz.com.br\\\/litoralsp\\\/#organization\"},\"image\":{\"@id\":\"https:\\\/\\\/redenoticiaz.com.br\\\/litoralsp\\\/2020\\\/12\\\/04\\\/video-policial-aponta-arma-para-outro-pm#primaryimage\"},\"thumbnailUrl\":\"https:\\\/\\\/redenoticiaz.com.br\\\/litoralsp\\\/wp-content\\\/uploads\\\/sites\\\/3\\\/2020\\\/12\\\/pm-aponta-arma-para-colega-de-farda-no-centro-de-sp-1607103048312_v2_450x450.jpg\",\"keywords\":[\"BRIGA DE POLICIAIS\",\"policia militar\",\"SANTA EFIG\u00caNIA\",\"S\u00e3o Paulo\"],\"articleSection\":[\"Pol\u00edcia\"],\"inLanguage\":\"pt-BR\",\"potentialAction\":[{\"@type\":\"CommentAction\",\"name\":\"Comment\",\"target\":[\"https:\\\/\\\/redenoticiaz.com.br\\\/litoralsp\\\/2020\\\/12\\\/04\\\/video-policial-aponta-arma-para-outro-pm#respond\"]}]},{\"@type\":\"WebPage\",\"@id\":\"https:\\\/\\\/redenoticiaz.com.br\\\/litoralsp\\\/2020\\\/12\\\/04\\\/video-policial-aponta-arma-para-outro-pm\",\"url\":\"https:\\\/\\\/redenoticiaz.com.br\\\/litoralsp\\\/2020\\\/12\\\/04\\\/video-policial-aponta-arma-para-outro-pm\",\"name\":\"V\u00cdDEO - Policial aponta arma para outro PM - Litoral SP\",\"isPartOf\":{\"@id\":\"https:\\\/\\\/redenoticiaz.com.br\\\/litoralsp\\\/#website\"},\"primaryImageOfPage\":{\"@id\":\"https:\\\/\\\/redenoticiaz.com.br\\\/litoralsp\\\/2020\\\/12\\\/04\\\/video-policial-aponta-arma-para-outro-pm#primaryimage\"},\"image\":{\"@id\":\"https:\\\/\\\/redenoticiaz.com.br\\\/litoralsp\\\/2020\\\/12\\\/04\\\/video-policial-aponta-arma-para-outro-pm#primaryimage\"},\"thumbnailUrl\":\"https:\\\/\\\/redenoticiaz.com.br\\\/litoralsp\\\/wp-content\\\/uploads\\\/sites\\\/3\\\/2020\\\/12\\\/pm-aponta-arma-para-colega-de-farda-no-centro-de-sp-1607103048312_v2_450x450.jpg\",\"datePublished\":\"2020-12-04T18:48:30+00:00\",\"dateModified\":\"2020-12-04T18:51:47+00:00\",\"description\":\"Uma cena chamou a aten\u00e7\u00e3o de todos que passavam pela Santa Efig\u00eania, Regi\u00e3o Central de S\u00e3o Paulo. Dois policiais come\u00e7aram a brigar\",\"inLanguage\":\"pt-BR\",\"potentialAction\":[{\"@type\":\"ReadAction\",\"target\":[\"https:\\\/\\\/redenoticiaz.com.br\\\/litoralsp\\\/2020\\\/12\\\/04\\\/video-policial-aponta-arma-para-outro-pm\"]}]},{\"@type\":\"ImageObject\",\"inLanguage\":\"pt-BR\",\"@id\":\"https:\\\/\\\/redenoticiaz.com.br\\\/litoralsp\\\/2020\\\/12\\\/04\\\/video-policial-aponta-arma-para-outro-pm#primaryimage\",\"url\":\"https:\\\/\\\/redenoticiaz.com.br\\\/litoralsp\\\/wp-content\\\/uploads\\\/sites\\\/3\\\/2020\\\/12\\\/pm-aponta-arma-para-colega-de-farda-no-centro-de-sp-1607103048312_v2_450x450.jpg\",\"contentUrl\":\"https:\\\/\\\/redenoticiaz.com.br\\\/litoralsp\\\/wp-content\\\/uploads\\\/sites\\\/3\\\/2020\\\/12\\\/pm-aponta-arma-para-colega-de-farda-no-centro-de-sp-1607103048312_v2_450x450.jpg\",\"width\":450,\"height\":450,\"caption\":\"Policial aponta arma para outro PM\"},{\"@type\":\"WebSite\",\"@id\":\"https:\\\/\\\/redenoticiaz.com.br\\\/litoralsp\\\/#website\",\"url\":\"https:\\\/\\\/redenoticiaz.com.br\\\/litoralsp\\\/\",\"name\":\"Litoral SP\",\"description\":\"Rede NoticiaZ\",\"publisher\":{\"@id\":\"https:\\\/\\\/redenoticiaz.com.br\\\/litoralsp\\\/#organization\"},\"potentialAction\":[{\"@type\":\"SearchAction\",\"target\":{\"@type\":\"EntryPoint\",\"urlTemplate\":\"https:\\\/\\\/redenoticiaz.com.br\\\/litoralsp\\\/?s={search_term_string}\"},\"query-input\":{\"@type\":\"PropertyValueSpecification\",\"valueRequired\":true,\"valueName\":\"search_term_string\"}}],\"inLanguage\":\"pt-BR\"},{\"@type\":\"Organization\",\"@id\":\"https:\\\/\\\/redenoticiaz.com.br\\\/litoralsp\\\/#organization\",\"name\":\"Litoral SP\",\"url\":\"https:\\\/\\\/redenoticiaz.com.br\\\/litoralsp\\\/\",\"logo\":{\"@type\":\"ImageObject\",\"inLanguage\":\"pt-BR\",\"@id\":\"https:\\\/\\\/redenoticiaz.com.br\\\/litoralsp\\\/#\\\/schema\\\/logo\\\/image\\\/\",\"url\":\"https:\\\/\\\/redenoticiaz.com.br\\\/litoralsp\\\/wp-content\\\/uploads\\\/sites\\\/3\\\/2020\\\/11\\\/logo.jpg\",\"contentUrl\":\"https:\\\/\\\/redenoticiaz.com.br\\\/litoralsp\\\/wp-content\\\/uploads\\\/sites\\\/3\\\/2020\\\/11\\\/logo.jpg\",\"width\":400,\"height\":250,\"caption\":\"Litoral SP\"},\"image\":{\"@id\":\"https:\\\/\\\/redenoticiaz.com.br\\\/litoralsp\\\/#\\\/schema\\\/logo\\\/image\\\/\"}},{\"@type\":\"Person\",\"@id\":\"https:\\\/\\\/redenoticiaz.com.br\\\/litoralsp\\\/#\\\/schema\\\/person\\\/0f0b8a5bdafefe82841e07ae8d81ecb3\",\"name\":\"Leonardo Francisco\",\"image\":{\"@type\":\"ImageObject\",\"inLanguage\":\"pt-BR\",\"@id\":\"https:\\\/\\\/secure.gravatar.com\\\/avatar\\\/a7358cb406a99b682ec6df1e77e31ae82e63601f6784e8a3df411d72b37864da?s=96&d=mm&r=g\",\"url\":\"https:\\\/\\\/secure.gravatar.com\\\/avatar\\\/a7358cb406a99b682ec6df1e77e31ae82e63601f6784e8a3df411d72b37864da?s=96&d=mm&r=g\",\"contentUrl\":\"https:\\\/\\\/secure.gravatar.com\\\/avatar\\\/a7358cb406a99b682ec6df1e77e31ae82e63601f6784e8a3df411d72b37864da?s=96&d=mm&r=g\",\"caption\":\"Leonardo Francisco\"},\"url\":\"https:\\\/\\\/redenoticiaz.com.br\\\/litoralsp\\\/author\\\/leonardo-francisco\"}]}<\/script>\n<!-- \/ Yoast SEO plugin. -->","yoast_head_json":{"title":"V\u00cdDEO - Policial aponta arma para outro PM - Litoral SP","description":"Uma cena chamou a aten\u00e7\u00e3o de todos que passavam pela Santa Efig\u00eania, Regi\u00e3o Central de S\u00e3o Paulo. Dois policiais come\u00e7aram a brigar","robots":{"index":"index","follow":"follow","max-snippet":"max-snippet:-1","max-image-preview":"max-image-preview:large","max-video-preview":"max-video-preview:-1"},"canonical":"https:\/\/redenoticiaz.com.br\/litoralsp\/2020\/12\/04\/video-policial-aponta-arma-para-outro-pm","og_locale":"pt_BR","og_type":"article","og_title":"V\u00cdDEO - Policial aponta arma para outro PM - Litoral SP","og_description":"Uma cena chamou a aten\u00e7\u00e3o de todos que passavam pela Santa Efig\u00eania, Regi\u00e3o Central de S\u00e3o Paulo. Dois policiais come\u00e7aram a brigar","og_url":"https:\/\/redenoticiaz.com.br\/litoralsp\/2020\/12\/04\/video-policial-aponta-arma-para-outro-pm","og_site_name":"Litoral SP","article_published_time":"2020-12-04T18:48:30+00:00","article_modified_time":"2020-12-04T18:51:47+00:00","og_image":[{"width":450,"height":450,"url":"https:\/\/redenoticiaz.com.br\/litoralsp\/wp-content\/uploads\/sites\/3\/2020\/12\/pm-aponta-arma-para-colega-de-farda-no-centro-de-sp-1607103048312_v2_450x450.jpg","type":"image\/jpeg"}],"author":"Leonardo Francisco","twitter_card":"summary_large_image","twitter_misc":{"Escrito por":"Leonardo Francisco","Est. tempo de leitura":"1 minuto"},"schema":{"@context":"https:\/\/schema.org","@graph":[{"@type":"Article","@id":"https:\/\/redenoticiaz.com.br\/litoralsp\/2020\/12\/04\/video-policial-aponta-arma-para-outro-pm#article","isPartOf":{"@id":"https:\/\/redenoticiaz.com.br\/litoralsp\/2020\/12\/04\/video-policial-aponta-arma-para-outro-pm"},"author":{"name":"Leonardo Francisco","@id":"https:\/\/redenoticiaz.com.br\/litoralsp\/#\/schema\/person\/0f0b8a5bdafefe82841e07ae8d81ecb3"},"headline":"V\u00cdDEO &#8211; Policial aponta arma para outro PM","datePublished":"2020-12-04T18:48:30+00:00","dateModified":"2020-12-04T18:51:47+00:00","mainEntityOfPage":{"@id":"https:\/\/redenoticiaz.com.br\/litoralsp\/2020\/12\/04\/video-policial-aponta-arma-para-outro-pm"},"wordCount":227,"commentCount":0,"publisher":{"@id":"https:\/\/redenoticiaz.com.br\/litoralsp\/#organization"},"image":{"@id":"https:\/\/redenoticiaz.com.br\/litoralsp\/2020\/12\/04\/video-policial-aponta-arma-para-outro-pm#primaryimage"},"thumbnailUrl":"https:\/\/redenoticiaz.com.br\/litoralsp\/wp-content\/uploads\/sites\/3\/2020\/12\/pm-aponta-arma-para-colega-de-farda-no-centro-de-sp-1607103048312_v2_450x450.jpg","keywords":["BRIGA DE POLICIAIS","policia militar","SANTA EFIG\u00caNIA","S\u00e3o Paulo"],"articleSection":["Pol\u00edcia"],"inLanguage":"pt-BR","potentialAction":[{"@type":"CommentAction","name":"Comment","target":["https:\/\/redenoticiaz.com.br\/litoralsp\/2020\/12\/04\/video-policial-aponta-arma-para-outro-pm#respond"]}]},{"@type":"WebPage","@id":"https:\/\/redenoticiaz.com.br\/litoralsp\/2020\/12\/04\/video-policial-aponta-arma-para-outro-pm","url":"https:\/\/redenoticiaz.com.br\/litoralsp\/2020\/12\/04\/video-policial-aponta-arma-para-outro-pm","name":"V\u00cdDEO - Policial aponta arma para outro PM - Litoral SP","isPartOf":{"@id":"https:\/\/redenoticiaz.com.br\/litoralsp\/#website"},"primaryImageOfPage":{"@id":"https:\/\/redenoticiaz.com.br\/litoralsp\/2020\/12\/04\/video-policial-aponta-arma-para-outro-pm#primaryimage"},"image":{"@id":"https:\/\/redenoticiaz.com.br\/litoralsp\/2020\/12\/04\/video-policial-aponta-arma-para-outro-pm#primaryimage"},"thumbnailUrl":"https:\/\/redenoticiaz.com.br\/litoralsp\/wp-content\/uploads\/sites\/3\/2020\/12\/pm-aponta-arma-para-colega-de-farda-no-centro-de-sp-1607103048312_v2_450x450.jpg","datePublished":"2020-12-04T18:48:30+00:00","dateModified":"2020-12-04T18:51:47+00:00","description":"Uma cena chamou a aten\u00e7\u00e3o de todos que passavam pela Santa Efig\u00eania, Regi\u00e3o Central de S\u00e3o Paulo. Dois policiais come\u00e7aram a brigar","inLanguage":"pt-BR","potentialAction":[{"@type":"ReadAction","target":["https:\/\/redenoticiaz.com.br\/litoralsp\/2020\/12\/04\/video-policial-aponta-arma-para-outro-pm"]}]},{"@type":"ImageObject","inLanguage":"pt-BR","@id":"https:\/\/redenoticiaz.com.br\/litoralsp\/2020\/12\/04\/video-policial-aponta-arma-para-outro-pm#primaryimage","url":"https:\/\/redenoticiaz.com.br\/litoralsp\/wp-content\/uploads\/sites\/3\/2020\/12\/pm-aponta-arma-para-colega-de-farda-no-centro-de-sp-1607103048312_v2_450x450.jpg","contentUrl":"https:\/\/redenoticiaz.com.br\/litoralsp\/wp-content\/uploads\/sites\/3\/2020\/12\/pm-aponta-arma-para-colega-de-farda-no-centro-de-sp-1607103048312_v2_450x450.jpg","width":450,"height":450,"caption":"Policial aponta arma para outro PM"},{"@type":"WebSite","@id":"https:\/\/redenoticiaz.com.br\/litoralsp\/#website","url":"https:\/\/redenoticiaz.com.br\/litoralsp\/","name":"Litoral SP","description":"Rede NoticiaZ","publisher":{"@id":"https:\/\/redenoticiaz.com.br\/litoralsp\/#organization"},"potentialAction":[{"@type":"SearchAction","target":{"@type":"EntryPoint","urlTemplate":"https:\/\/redenoticiaz.com.br\/litoralsp\/?s={search_term_string}"},"query-input":{"@type":"PropertyValueSpecification","valueRequired":true,"valueName":"search_term_string"}}],"inLanguage":"pt-BR"},{"@type":"Organization","@id":"https:\/\/redenoticiaz.com.br\/litoralsp\/#organization","name":"Litoral SP","url":"https:\/\/redenoticiaz.com.br\/litoralsp\/","logo":{"@type":"ImageObject","inLanguage":"pt-BR","@id":"https:\/\/redenoticiaz.com.br\/litoralsp\/#\/schema\/logo\/image\/","url":"https:\/\/redenoticiaz.com.br\/litoralsp\/wp-content\/uploads\/sites\/3\/2020\/11\/logo.jpg","contentUrl":"https:\/\/redenoticiaz.com.br\/litoralsp\/wp-content\/uploads\/sites\/3\/2020\/11\/logo.jpg","width":400,"height":250,"caption":"Litoral SP"},"image":{"@id":"https:\/\/redenoticiaz.com.br\/litoralsp\/#\/schema\/logo\/image\/"}},{"@type":"Person","@id":"https:\/\/redenoticiaz.com.br\/litoralsp\/#\/schema\/person\/0f0b8a5bdafefe82841e07ae8d81ecb3","name":"Leonardo Francisco","image":{"@type":"ImageObject","inLanguage":"pt-BR","@id":"https:\/\/secure.gravatar.com\/avatar\/a7358cb406a99b682ec6df1e77e31ae82e63601f6784e8a3df411d72b37864da?s=96&d=mm&r=g","url":"https:\/\/secure.gravatar.com\/avatar\/a7358cb406a99b682ec6df1e77e31ae82e63601f6784e8a3df411d72b37864da?s=96&d=mm&r=g","contentUrl":"https:\/\/secure.gravatar.com\/avatar\/a7358cb406a99b682ec6df1e77e31ae82e63601f6784e8a3df411d72b37864da?s=96&d=mm&r=g","caption":"Leonardo Francisco"},"url":"https:\/\/redenoticiaz.com.br\/litoralsp\/author\/leonardo-francisco"}]}},"_links":{"self":[{"href":"https:\/\/redenoticiaz.com.br\/litoralsp\/wp-json\/wp\/v2\/posts\/842","targetHints":{"allow":["GET"]}}],"collection":[{"href":"https:\/\/redenoticiaz.com.br\/litoralsp\/wp-json\/wp\/v2\/posts"}],"about":[{"href":"https:\/\/redenoticiaz.com.br\/litoralsp\/wp-json\/wp\/v2\/types\/post"}],"author":[{"embeddable":true,"href":"https:\/\/redenoticiaz.com.br\/litoralsp\/wp-json\/wp\/v2\/users\/6"}],"replies":[{"embeddable":true,"href":"https:\/\/redenoticiaz.com.br\/litoralsp\/wp-json\/wp\/v2\/comments?post=842"}],"version-history":[{"count":1,"href":"https:\/\/redenoticiaz.com.br\/litoralsp\/wp-json\/wp\/v2\/posts\/842\/revisions"}],"predecessor-version":[{"id":844,"href":"https:\/\/redenoticiaz.com.br\/litoralsp\/wp-json\/wp\/v2\/posts\/842\/revisions\/844"}],"wp:featuredmedia":[{"embeddable":true,"href":"https:\/\/redenoticiaz.com.br\/litoralsp\/wp-json\/wp\/v2\/media\/843"}],"wp:attachment":[{"href":"https:\/\/redenoticiaz.com.br\/litoralsp\/wp-json\/wp\/v2\/media?parent=842"}],"wp:term":[{"taxonomy":"category","embeddable":true,"href":"https:\/\/redenoticiaz.com.br\/litoralsp\/wp-json\/wp\/v2\/categories?post=842"},{"taxonomy":"post_tag","embeddable":true,"href":"https:\/\/redenoticiaz.com.br\/litoralsp\/wp-json\/wp\/v2\/tags?post=842"}],"curies":[{"name":"wp","href":"https:\/\/api.w.org\/{rel}","templated":true}]}}