{"id":845,"date":"2020-12-04T17:51:03","date_gmt":"2020-12-04T20:51:03","guid":{"rendered":"https:\/\/redenoticiaz.com.br\/litoralsp\/2020\/12\/04\/onibus-cai-de-ponte-e-mata-14-pessoas\/"},"modified":"2020-12-04T17:52:46","modified_gmt":"2020-12-04T20:52:46","slug":"onibus-cai-de-ponte-e-mata-14-pessoas","status":"publish","type":"post","link":"https:\/\/redenoticiaz.com.br\/litoralsp\/2020\/12\/04\/onibus-cai-de-ponte-e-mata-14-pessoas","title":{"rendered":"\u00d4nibus cai de ponte e mata 14 pessoas"},"content":{"rendered":"<p>Um \u00f4nibus caiu de um viaduto conhecido como &#8220;Ponte Torta&#8221;, em <a href=\"http:\/\/pmjm.mg.gov.br\/\">Jo\u00e3o Monlevade<\/a>, em Minas Gerais na tarde desta sexta-feira (4). Segundo o Corpo de Bombeiros, 14 pessoas morreram, sendo 11 no local e as outras tr\u00eas enquanto estavam sendo deslocadas para o hospital.<\/p>\n<p>Tamb\u00e9m houveram outras 26 pessoas que ficaram feridas. O acidente aconteceu por volta das 13h30 e o \u00f4nibus bateu contra um caminh\u00e3o. O ve\u00edculo de passageiros chegou a cair de uma altura de 15 metros e segundo os moradores da regi\u00e3o, antes da queda, o \u00f4nibus deu r\u00e9.<\/p>\n<p><img loading=\"lazy\" decoding=\"async\" class=\"size-medium wp-image-48555 alignleft\" src=\"https:\/\/redenoticiaz.com.br\/wp-content\/uploads\/2020\/12\/ponte-250x220.jpeg\" alt=\"\" width=\"250\" height=\"220\" \/><\/p>\n<p>A Pol\u00edcia Rodovi\u00e1ria Federal chegou ao local junto com o Corpo de Bombeiros e a hip\u00f3tese \u00e9 que o autom\u00f3vel tenha perdido o freio. O motorista do transporte de passageiros conseguiu pular e fugiu. Dos feridos resgatados, tr\u00eas est\u00e3o em estado muito grave, e seriam um adulto e duas crian\u00e7as. Elas foram levadas ao Hospital de Pronto-Socorro Jo\u00e3o XXIII, em Belo Horizonte.<\/p>\n<p>Segundo a Pol\u00edcia Rodovi\u00e1ria Federal (PRF), o \u00f4nibus tem placa de Alagoas, mas ainda n\u00e3o se sabe a origem e destino da viagem. A pol\u00edcia tamb\u00e9m informou que\u00a0<span class=\"highlight highlighted\">a suspeita \u00e9 de que o \u00f4nibus tenha perdido o freio<\/span>. O motorista, ainda de acordo com a PRF, pulou do ve\u00edculo e fugiu.<\/p>\n<p>A Pol\u00edcia Civil informou, por volta de 16h40, que a per\u00edcia esteve no local para fazer os primeiros levantamentos. Os corpos ser\u00e3o encaminhados para o Instituto M\u00e9dico Legal (IML) Andr\u00e9 Roquete, em Belo Horizonte, e para o Posto M\u00e9dico Legal da cidade de Jo\u00e3o Monlevade.\u00a0<span class=\"highlight highlighted\">A causa do acidente ser\u00e1 investigada.<\/span><\/p>\n<p>Leia tamb\u00e9m<\/p>\n<p><a href=\"https:\/\/redenoticiaz.com.br\/blog\/2020\/12\/04\/acidente-com-motos-deixa-uma-pessoa-morta\/\">Acidente com motos deixa uma pessoa morta<\/a><\/p>\n","protected":false},"excerpt":{"rendered":"<p>Um \u00f4nibus caiu de um viaduto conhecido como &#8220;Ponte Torta&#8221;, em Jo\u00e3o Monlevade, em Minas Gerais na tarde desta sexta-feira (4). Segundo o Corpo de Bombeiros, 14 pessoas morreram, sendo 11 no local e as outras tr\u00eas enquanto estavam sendo deslocadas para o hospital. Tamb\u00e9m houveram outras 26 pessoas que ficaram feridas. O acidente aconteceu &hellip;<\/p>\n","protected":false},"author":6,"featured_media":846,"comment_status":"open","ping_status":"closed","sticky":false,"template":"","format":"standard","meta":{"footnotes":""},"categories":[5],"tags":[3125,79,1287,3126],"class_list":["post-845","post","type-post","status-publish","format-standard","has-post-thumbnail","hentry","category-transito","tag-joao-monlevade","tag-mortes","tag-onibus","tag-queda-de-ponte"],"yoast_head":"<!-- This site is optimized with the Yoast SEO plugin v27.5 - https:\/\/yoast.com\/product\/yoast-seo-wordpress\/ -->\n<title>\u00d4nibus cai de ponte e mata 14 pessoas - Litoral SP<\/title>\n<meta name=\"description\" content=\"Um \u00f4nibus caiu de um viaduto conhecido como &quot;Ponte Torta&quot;, em Jo\u00e3o Monlevade, em Minas Gerais na tarde desta sexta-feira (4).\" \/>\n<meta name=\"robots\" content=\"index, follow, max-snippet:-1, max-image-preview:large, max-video-preview:-1\" \/>\n<link rel=\"canonical\" href=\"https:\/\/redenoticiaz.com.br\/litoralsp\/2020\/12\/04\/onibus-cai-de-ponte-e-mata-14-pessoas\" \/>\n<meta property=\"og:locale\" content=\"pt_BR\" \/>\n<meta property=\"og:type\" content=\"article\" \/>\n<meta property=\"og:title\" content=\"\u00d4nibus cai de ponte e mata 14 pessoas - Litoral SP\" \/>\n<meta property=\"og:description\" content=\"Um \u00f4nibus caiu de um viaduto conhecido como &quot;Ponte Torta&quot;, em Jo\u00e3o Monlevade, em Minas Gerais na tarde desta sexta-feira (4).\" \/>\n<meta property=\"og:url\" content=\"https:\/\/redenoticiaz.com.br\/litoralsp\/2020\/12\/04\/onibus-cai-de-ponte-e-mata-14-pessoas\" \/>\n<meta property=\"og:site_name\" content=\"Litoral SP\" \/>\n<meta property=\"article:published_time\" content=\"2020-12-04T20:51:03+00:00\" \/>\n<meta property=\"article:modified_time\" content=\"2020-12-04T20:52:46+00:00\" \/>\n<meta property=\"og:image\" content=\"https:\/\/redenoticiaz.com.br\/litoralsp\/wp-content\/uploads\/sites\/3\/2020\/12\/whatsapp-image-2020-12-04-at-14-00-00.jpeg\" \/>\n\t<meta property=\"og:image:width\" content=\"1008\" \/>\n\t<meta property=\"og:image:height\" content=\"567\" \/>\n\t<meta property=\"og:image:type\" content=\"image\/jpeg\" \/>\n<meta name=\"author\" content=\"Leonardo Francisco\" \/>\n<meta name=\"twitter:card\" content=\"summary_large_image\" \/>\n<meta name=\"twitter:label1\" content=\"Escrito por\" \/>\n\t<meta name=\"twitter:data1\" content=\"Leonardo Francisco\" \/>\n\t<meta name=\"twitter:label2\" content=\"Est. tempo de leitura\" \/>\n\t<meta name=\"twitter:data2\" content=\"1 minuto\" \/>\n<script type=\"application\/ld+json\" class=\"yoast-schema-graph\">{\"@context\":\"https:\\\/\\\/schema.org\",\"@graph\":[{\"@type\":\"Article\",\"@id\":\"https:\\\/\\\/redenoticiaz.com.br\\\/litoralsp\\\/2020\\\/12\\\/04\\\/onibus-cai-de-ponte-e-mata-14-pessoas#article\",\"isPartOf\":{\"@id\":\"https:\\\/\\\/redenoticiaz.com.br\\\/litoralsp\\\/2020\\\/12\\\/04\\\/onibus-cai-de-ponte-e-mata-14-pessoas\"},\"author\":{\"name\":\"Leonardo Francisco\",\"@id\":\"https:\\\/\\\/redenoticiaz.com.br\\\/litoralsp\\\/#\\\/schema\\\/person\\\/0f0b8a5bdafefe82841e07ae8d81ecb3\"},\"headline\":\"\u00d4nibus cai de ponte e mata 14 pessoas\",\"datePublished\":\"2020-12-04T20:51:03+00:00\",\"dateModified\":\"2020-12-04T20:52:46+00:00\",\"mainEntityOfPage\":{\"@id\":\"https:\\\/\\\/redenoticiaz.com.br\\\/litoralsp\\\/2020\\\/12\\\/04\\\/onibus-cai-de-ponte-e-mata-14-pessoas\"},\"wordCount\":293,\"commentCount\":0,\"publisher\":{\"@id\":\"https:\\\/\\\/redenoticiaz.com.br\\\/litoralsp\\\/#organization\"},\"image\":{\"@id\":\"https:\\\/\\\/redenoticiaz.com.br\\\/litoralsp\\\/2020\\\/12\\\/04\\\/onibus-cai-de-ponte-e-mata-14-pessoas#primaryimage\"},\"thumbnailUrl\":\"https:\\\/\\\/redenoticiaz.com.br\\\/litoralsp\\\/wp-content\\\/uploads\\\/sites\\\/3\\\/2020\\\/12\\\/whatsapp-image-2020-12-04-at-14-00-00.jpeg\",\"keywords\":[\"JO\u00c3O MONLEVADE\",\"MORTES\",\"\u00d4NIBUS\",\"QUEDA DE PONTE\"],\"articleSection\":[\"Tr\u00e2nsito\"],\"inLanguage\":\"pt-BR\",\"potentialAction\":[{\"@type\":\"CommentAction\",\"name\":\"Comment\",\"target\":[\"https:\\\/\\\/redenoticiaz.com.br\\\/litoralsp\\\/2020\\\/12\\\/04\\\/onibus-cai-de-ponte-e-mata-14-pessoas#respond\"]}]},{\"@type\":\"WebPage\",\"@id\":\"https:\\\/\\\/redenoticiaz.com.br\\\/litoralsp\\\/2020\\\/12\\\/04\\\/onibus-cai-de-ponte-e-mata-14-pessoas\",\"url\":\"https:\\\/\\\/redenoticiaz.com.br\\\/litoralsp\\\/2020\\\/12\\\/04\\\/onibus-cai-de-ponte-e-mata-14-pessoas\",\"name\":\"\u00d4nibus cai de ponte e mata 14 pessoas - Litoral SP\",\"isPartOf\":{\"@id\":\"https:\\\/\\\/redenoticiaz.com.br\\\/litoralsp\\\/#website\"},\"primaryImageOfPage\":{\"@id\":\"https:\\\/\\\/redenoticiaz.com.br\\\/litoralsp\\\/2020\\\/12\\\/04\\\/onibus-cai-de-ponte-e-mata-14-pessoas#primaryimage\"},\"image\":{\"@id\":\"https:\\\/\\\/redenoticiaz.com.br\\\/litoralsp\\\/2020\\\/12\\\/04\\\/onibus-cai-de-ponte-e-mata-14-pessoas#primaryimage\"},\"thumbnailUrl\":\"https:\\\/\\\/redenoticiaz.com.br\\\/litoralsp\\\/wp-content\\\/uploads\\\/sites\\\/3\\\/2020\\\/12\\\/whatsapp-image-2020-12-04-at-14-00-00.jpeg\",\"datePublished\":\"2020-12-04T20:51:03+00:00\",\"dateModified\":\"2020-12-04T20:52:46+00:00\",\"description\":\"Um \u00f4nibus caiu de um viaduto conhecido como \\\"Ponte Torta\\\", em Jo\u00e3o Monlevade, em Minas Gerais na tarde desta sexta-feira (4).\",\"inLanguage\":\"pt-BR\",\"potentialAction\":[{\"@type\":\"ReadAction\",\"target\":[\"https:\\\/\\\/redenoticiaz.com.br\\\/litoralsp\\\/2020\\\/12\\\/04\\\/onibus-cai-de-ponte-e-mata-14-pessoas\"]}]},{\"@type\":\"ImageObject\",\"inLanguage\":\"pt-BR\",\"@id\":\"https:\\\/\\\/redenoticiaz.com.br\\\/litoralsp\\\/2020\\\/12\\\/04\\\/onibus-cai-de-ponte-e-mata-14-pessoas#primaryimage\",\"url\":\"https:\\\/\\\/redenoticiaz.com.br\\\/litoralsp\\\/wp-content\\\/uploads\\\/sites\\\/3\\\/2020\\\/12\\\/whatsapp-image-2020-12-04-at-14-00-00.jpeg\",\"contentUrl\":\"https:\\\/\\\/redenoticiaz.com.br\\\/litoralsp\\\/wp-content\\\/uploads\\\/sites\\\/3\\\/2020\\\/12\\\/whatsapp-image-2020-12-04-at-14-00-00.jpeg\",\"width\":1008,\"height\":567,\"caption\":\"Sobe para 18 o n\u00famero de mortos em acidente com \u00f4nibus em Minas\"},{\"@type\":\"WebSite\",\"@id\":\"https:\\\/\\\/redenoticiaz.com.br\\\/litoralsp\\\/#website\",\"url\":\"https:\\\/\\\/redenoticiaz.com.br\\\/litoralsp\\\/\",\"name\":\"Litoral SP\",\"description\":\"Rede NoticiaZ\",\"publisher\":{\"@id\":\"https:\\\/\\\/redenoticiaz.com.br\\\/litoralsp\\\/#organization\"},\"potentialAction\":[{\"@type\":\"SearchAction\",\"target\":{\"@type\":\"EntryPoint\",\"urlTemplate\":\"https:\\\/\\\/redenoticiaz.com.br\\\/litoralsp\\\/?s={search_term_string}\"},\"query-input\":{\"@type\":\"PropertyValueSpecification\",\"valueRequired\":true,\"valueName\":\"search_term_string\"}}],\"inLanguage\":\"pt-BR\"},{\"@type\":\"Organization\",\"@id\":\"https:\\\/\\\/redenoticiaz.com.br\\\/litoralsp\\\/#organization\",\"name\":\"Litoral SP\",\"url\":\"https:\\\/\\\/redenoticiaz.com.br\\\/litoralsp\\\/\",\"logo\":{\"@type\":\"ImageObject\",\"inLanguage\":\"pt-BR\",\"@id\":\"https:\\\/\\\/redenoticiaz.com.br\\\/litoralsp\\\/#\\\/schema\\\/logo\\\/image\\\/\",\"url\":\"https:\\\/\\\/redenoticiaz.com.br\\\/litoralsp\\\/wp-content\\\/uploads\\\/sites\\\/3\\\/2020\\\/11\\\/logo.jpg\",\"contentUrl\":\"https:\\\/\\\/redenoticiaz.com.br\\\/litoralsp\\\/wp-content\\\/uploads\\\/sites\\\/3\\\/2020\\\/11\\\/logo.jpg\",\"width\":400,\"height\":250,\"caption\":\"Litoral SP\"},\"image\":{\"@id\":\"https:\\\/\\\/redenoticiaz.com.br\\\/litoralsp\\\/#\\\/schema\\\/logo\\\/image\\\/\"}},{\"@type\":\"Person\",\"@id\":\"https:\\\/\\\/redenoticiaz.com.br\\\/litoralsp\\\/#\\\/schema\\\/person\\\/0f0b8a5bdafefe82841e07ae8d81ecb3\",\"name\":\"Leonardo Francisco\",\"image\":{\"@type\":\"ImageObject\",\"inLanguage\":\"pt-BR\",\"@id\":\"https:\\\/\\\/secure.gravatar.com\\\/avatar\\\/a7358cb406a99b682ec6df1e77e31ae82e63601f6784e8a3df411d72b37864da?s=96&d=mm&r=g\",\"url\":\"https:\\\/\\\/secure.gravatar.com\\\/avatar\\\/a7358cb406a99b682ec6df1e77e31ae82e63601f6784e8a3df411d72b37864da?s=96&d=mm&r=g\",\"contentUrl\":\"https:\\\/\\\/secure.gravatar.com\\\/avatar\\\/a7358cb406a99b682ec6df1e77e31ae82e63601f6784e8a3df411d72b37864da?s=96&d=mm&r=g\",\"caption\":\"Leonardo Francisco\"},\"url\":\"https:\\\/\\\/redenoticiaz.com.br\\\/litoralsp\\\/author\\\/leonardo-francisco\"}]}<\/script>\n<!-- \/ Yoast SEO plugin. -->","yoast_head_json":{"title":"\u00d4nibus cai de ponte e mata 14 pessoas - Litoral SP","description":"Um \u00f4nibus caiu de um viaduto conhecido como \"Ponte Torta\", em Jo\u00e3o Monlevade, em Minas Gerais na tarde desta sexta-feira (4).","robots":{"index":"index","follow":"follow","max-snippet":"max-snippet:-1","max-image-preview":"max-image-preview:large","max-video-preview":"max-video-preview:-1"},"canonical":"https:\/\/redenoticiaz.com.br\/litoralsp\/2020\/12\/04\/onibus-cai-de-ponte-e-mata-14-pessoas","og_locale":"pt_BR","og_type":"article","og_title":"\u00d4nibus cai de ponte e mata 14 pessoas - Litoral SP","og_description":"Um \u00f4nibus caiu de um viaduto conhecido como \"Ponte Torta\", em Jo\u00e3o Monlevade, em Minas Gerais na tarde desta sexta-feira (4).","og_url":"https:\/\/redenoticiaz.com.br\/litoralsp\/2020\/12\/04\/onibus-cai-de-ponte-e-mata-14-pessoas","og_site_name":"Litoral SP","article_published_time":"2020-12-04T20:51:03+00:00","article_modified_time":"2020-12-04T20:52:46+00:00","og_image":[{"width":1008,"height":567,"url":"https:\/\/redenoticiaz.com.br\/litoralsp\/wp-content\/uploads\/sites\/3\/2020\/12\/whatsapp-image-2020-12-04-at-14-00-00.jpeg","type":"image\/jpeg"}],"author":"Leonardo Francisco","twitter_card":"summary_large_image","twitter_misc":{"Escrito por":"Leonardo Francisco","Est. tempo de leitura":"1 minuto"},"schema":{"@context":"https:\/\/schema.org","@graph":[{"@type":"Article","@id":"https:\/\/redenoticiaz.com.br\/litoralsp\/2020\/12\/04\/onibus-cai-de-ponte-e-mata-14-pessoas#article","isPartOf":{"@id":"https:\/\/redenoticiaz.com.br\/litoralsp\/2020\/12\/04\/onibus-cai-de-ponte-e-mata-14-pessoas"},"author":{"name":"Leonardo Francisco","@id":"https:\/\/redenoticiaz.com.br\/litoralsp\/#\/schema\/person\/0f0b8a5bdafefe82841e07ae8d81ecb3"},"headline":"\u00d4nibus cai de ponte e mata 14 pessoas","datePublished":"2020-12-04T20:51:03+00:00","dateModified":"2020-12-04T20:52:46+00:00","mainEntityOfPage":{"@id":"https:\/\/redenoticiaz.com.br\/litoralsp\/2020\/12\/04\/onibus-cai-de-ponte-e-mata-14-pessoas"},"wordCount":293,"commentCount":0,"publisher":{"@id":"https:\/\/redenoticiaz.com.br\/litoralsp\/#organization"},"image":{"@id":"https:\/\/redenoticiaz.com.br\/litoralsp\/2020\/12\/04\/onibus-cai-de-ponte-e-mata-14-pessoas#primaryimage"},"thumbnailUrl":"https:\/\/redenoticiaz.com.br\/litoralsp\/wp-content\/uploads\/sites\/3\/2020\/12\/whatsapp-image-2020-12-04-at-14-00-00.jpeg","keywords":["JO\u00c3O MONLEVADE","MORTES","\u00d4NIBUS","QUEDA DE PONTE"],"articleSection":["Tr\u00e2nsito"],"inLanguage":"pt-BR","potentialAction":[{"@type":"CommentAction","name":"Comment","target":["https:\/\/redenoticiaz.com.br\/litoralsp\/2020\/12\/04\/onibus-cai-de-ponte-e-mata-14-pessoas#respond"]}]},{"@type":"WebPage","@id":"https:\/\/redenoticiaz.com.br\/litoralsp\/2020\/12\/04\/onibus-cai-de-ponte-e-mata-14-pessoas","url":"https:\/\/redenoticiaz.com.br\/litoralsp\/2020\/12\/04\/onibus-cai-de-ponte-e-mata-14-pessoas","name":"\u00d4nibus cai de ponte e mata 14 pessoas - Litoral SP","isPartOf":{"@id":"https:\/\/redenoticiaz.com.br\/litoralsp\/#website"},"primaryImageOfPage":{"@id":"https:\/\/redenoticiaz.com.br\/litoralsp\/2020\/12\/04\/onibus-cai-de-ponte-e-mata-14-pessoas#primaryimage"},"image":{"@id":"https:\/\/redenoticiaz.com.br\/litoralsp\/2020\/12\/04\/onibus-cai-de-ponte-e-mata-14-pessoas#primaryimage"},"thumbnailUrl":"https:\/\/redenoticiaz.com.br\/litoralsp\/wp-content\/uploads\/sites\/3\/2020\/12\/whatsapp-image-2020-12-04-at-14-00-00.jpeg","datePublished":"2020-12-04T20:51:03+00:00","dateModified":"2020-12-04T20:52:46+00:00","description":"Um \u00f4nibus caiu de um viaduto conhecido como \"Ponte Torta\", em Jo\u00e3o Monlevade, em Minas Gerais na tarde desta sexta-feira (4).","inLanguage":"pt-BR","potentialAction":[{"@type":"ReadAction","target":["https:\/\/redenoticiaz.com.br\/litoralsp\/2020\/12\/04\/onibus-cai-de-ponte-e-mata-14-pessoas"]}]},{"@type":"ImageObject","inLanguage":"pt-BR","@id":"https:\/\/redenoticiaz.com.br\/litoralsp\/2020\/12\/04\/onibus-cai-de-ponte-e-mata-14-pessoas#primaryimage","url":"https:\/\/redenoticiaz.com.br\/litoralsp\/wp-content\/uploads\/sites\/3\/2020\/12\/whatsapp-image-2020-12-04-at-14-00-00.jpeg","contentUrl":"https:\/\/redenoticiaz.com.br\/litoralsp\/wp-content\/uploads\/sites\/3\/2020\/12\/whatsapp-image-2020-12-04-at-14-00-00.jpeg","width":1008,"height":567,"caption":"Sobe para 18 o n\u00famero de mortos em acidente com \u00f4nibus em Minas"},{"@type":"WebSite","@id":"https:\/\/redenoticiaz.com.br\/litoralsp\/#website","url":"https:\/\/redenoticiaz.com.br\/litoralsp\/","name":"Litoral SP","description":"Rede NoticiaZ","publisher":{"@id":"https:\/\/redenoticiaz.com.br\/litoralsp\/#organization"},"potentialAction":[{"@type":"SearchAction","target":{"@type":"EntryPoint","urlTemplate":"https:\/\/redenoticiaz.com.br\/litoralsp\/?s={search_term_string}"},"query-input":{"@type":"PropertyValueSpecification","valueRequired":true,"valueName":"search_term_string"}}],"inLanguage":"pt-BR"},{"@type":"Organization","@id":"https:\/\/redenoticiaz.com.br\/litoralsp\/#organization","name":"Litoral SP","url":"https:\/\/redenoticiaz.com.br\/litoralsp\/","logo":{"@type":"ImageObject","inLanguage":"pt-BR","@id":"https:\/\/redenoticiaz.com.br\/litoralsp\/#\/schema\/logo\/image\/","url":"https:\/\/redenoticiaz.com.br\/litoralsp\/wp-content\/uploads\/sites\/3\/2020\/11\/logo.jpg","contentUrl":"https:\/\/redenoticiaz.com.br\/litoralsp\/wp-content\/uploads\/sites\/3\/2020\/11\/logo.jpg","width":400,"height":250,"caption":"Litoral SP"},"image":{"@id":"https:\/\/redenoticiaz.com.br\/litoralsp\/#\/schema\/logo\/image\/"}},{"@type":"Person","@id":"https:\/\/redenoticiaz.com.br\/litoralsp\/#\/schema\/person\/0f0b8a5bdafefe82841e07ae8d81ecb3","name":"Leonardo Francisco","image":{"@type":"ImageObject","inLanguage":"pt-BR","@id":"https:\/\/secure.gravatar.com\/avatar\/a7358cb406a99b682ec6df1e77e31ae82e63601f6784e8a3df411d72b37864da?s=96&d=mm&r=g","url":"https:\/\/secure.gravatar.com\/avatar\/a7358cb406a99b682ec6df1e77e31ae82e63601f6784e8a3df411d72b37864da?s=96&d=mm&r=g","contentUrl":"https:\/\/secure.gravatar.com\/avatar\/a7358cb406a99b682ec6df1e77e31ae82e63601f6784e8a3df411d72b37864da?s=96&d=mm&r=g","caption":"Leonardo Francisco"},"url":"https:\/\/redenoticiaz.com.br\/litoralsp\/author\/leonardo-francisco"}]}},"_links":{"self":[{"href":"https:\/\/redenoticiaz.com.br\/litoralsp\/wp-json\/wp\/v2\/posts\/845","targetHints":{"allow":["GET"]}}],"collection":[{"href":"https:\/\/redenoticiaz.com.br\/litoralsp\/wp-json\/wp\/v2\/posts"}],"about":[{"href":"https:\/\/redenoticiaz.com.br\/litoralsp\/wp-json\/wp\/v2\/types\/post"}],"author":[{"embeddable":true,"href":"https:\/\/redenoticiaz.com.br\/litoralsp\/wp-json\/wp\/v2\/users\/6"}],"replies":[{"embeddable":true,"href":"https:\/\/redenoticiaz.com.br\/litoralsp\/wp-json\/wp\/v2\/comments?post=845"}],"version-history":[{"count":1,"href":"https:\/\/redenoticiaz.com.br\/litoralsp\/wp-json\/wp\/v2\/posts\/845\/revisions"}],"predecessor-version":[{"id":847,"href":"https:\/\/redenoticiaz.com.br\/litoralsp\/wp-json\/wp\/v2\/posts\/845\/revisions\/847"}],"wp:featuredmedia":[{"embeddable":true,"href":"https:\/\/redenoticiaz.com.br\/litoralsp\/wp-json\/wp\/v2\/media\/846"}],"wp:attachment":[{"href":"https:\/\/redenoticiaz.com.br\/litoralsp\/wp-json\/wp\/v2\/media?parent=845"}],"wp:term":[{"taxonomy":"category","embeddable":true,"href":"https:\/\/redenoticiaz.com.br\/litoralsp\/wp-json\/wp\/v2\/categories?post=845"},{"taxonomy":"post_tag","embeddable":true,"href":"https:\/\/redenoticiaz.com.br\/litoralsp\/wp-json\/wp\/v2\/tags?post=845"}],"curies":[{"name":"wp","href":"https:\/\/api.w.org\/{rel}","templated":true}]}}