{"id":848,"date":"2020-12-04T20:01:55","date_gmt":"2020-12-04T23:01:55","guid":{"rendered":"https:\/\/redenoticiaz.com.br\/litoralsp\/?p=848"},"modified":"2020-12-04T20:02:39","modified_gmt":"2020-12-04T23:02:39","slug":"micro-onibus-perde-controle-e-atinge-residencia","status":"publish","type":"post","link":"https:\/\/redenoticiaz.com.br\/litoralsp\/2020\/12\/04\/micro-onibus-perde-controle-e-atinge-residencia","title":{"rendered":"Micro-\u00f4nibus perde controle e atinge resid\u00eancia"},"content":{"rendered":"<p>Na tarde desta sexta-feira (4), um micro-\u00f4nibus perdeu o controle enquanto passava pelo Centro de <a href=\"http:\/\/www.saovicente.sp.gov.br\/publico\/\">S\u00e3o Vicente<\/a> e invadiu uma resid\u00eancia, batendo no local. Seis pessoas ficaram feridas no acidente e tiveram de ser socorridas pelo SAMU.<\/p>\n<p>O Corpo de Bombeiros contou que a ocorr\u00eancia foi na esquina das ruas Santa Cruz com a Visconde de Tamandar\u00e9. Al\u00e9m do coletivo, mais tr\u00eas carros estiveram envolvidos na batida. Ainda segundo os bombeiros, n\u00e3o se sabe o que gerou a perda do controle que gerou a colis\u00e3o.<\/p>\n<figure id=\"attachment_850\" aria-describedby=\"caption-attachment-850\" style=\"width: 300px\" class=\"wp-caption alignleft\"><img loading=\"lazy\" decoding=\"async\" class=\"size-medium wp-image-850\" src=\"https:\/\/redenoticiaz.com.br\/litoralsp\/wp-content\/uploads\/sites\/3\/2020\/12\/acidente-300x225.jpg\" alt=\"\" width=\"300\" height=\"225\" srcset=\"https:\/\/redenoticiaz.com.br\/litoralsp\/wp-content\/uploads\/sites\/3\/2020\/12\/acidente-300x225.jpg 300w, https:\/\/redenoticiaz.com.br\/litoralsp\/wp-content\/uploads\/sites\/3\/2020\/12\/acidente-768x576.jpg 768w, https:\/\/redenoticiaz.com.br\/litoralsp\/wp-content\/uploads\/sites\/3\/2020\/12\/acidente.jpg 984w\" sizes=\"auto, (max-width: 300px) 100vw, 300px\" \/><figcaption id=\"caption-attachment-850\" class=\"wp-caption-text\">Cr\u00e9ditos G1 Santos\/S\u00e3o Vicente Portal.<\/figcaption><\/figure>\n<p>Al\u00e9m do SAMU, a Pol\u00edcia Militar tamb\u00e9m esteve presente para atender a ocorr\u00eancia. Em nota a Secretaria de Sa\u00fade de S\u00e3o Vicente informou que por volta de 14h30, seis pacientes deram entrada no Hospital Municipal. Um deles, uma senhora de 87 anos, fraturou o \u00famero esquerdo. Ela permanecer\u00e1 internada.<\/p>\n<div class=\"mc-column content-text active-extra-styles \" data-block-type=\"unstyled\" data-block-weight=\"51\" data-block-id=\"8\">\n<p class=\"content-text__container \" data-track-category=\"Link no Texto\" data-track-links=\"\">Al\u00e9m dela, outra mulher, de 46 anos, realiza exames, sendo acompanhada pela equipe de traumatologia, para diagnosticar se existe alguma fratura. Ela est\u00e1 consciente e orientada. Uma senhora, de 70 anos, apresenta trauma frontal com ferimento corto contuso. Ela realiza exames, a fim de ser definida a conduta a ser adotada.<\/p>\n<\/div>\n<div class=\"mc-column content-text active-extra-styles \" data-block-type=\"unstyled\" data-block-weight=\"60\" data-block-id=\"9\">\n<p class=\"content-text__container \" data-track-category=\"Link no Texto\" data-track-links=\"\">Uma mulher, de 63 anos, que sofreu escoria\u00e7\u00f5es e uma les\u00e3o no superc\u00edlio direito j\u00e1 foi medicada, com realiza\u00e7\u00e3o de sutura. Ela aguarda para receber alta hospitalar. Um rapaz de 15 anos e outro de 19 receberam alta ap\u00f3s serem avaliados. A prefeitura reitera que as causas do acidente ser\u00e3o apontadas ap\u00f3s o t\u00e9rmino do inqu\u00e9rito aberto pela Pol\u00edcia Civil.<\/p>\n<p data-track-category=\"Link no Texto\" data-track-links=\"\">Leia tamb\u00e9m<\/p>\n<p data-track-category=\"Link no Texto\" data-track-links=\"\"><a href=\"https:\/\/redenoticiaz.com.br\/litoralsp\/2020\/12\/02\/bancos-fecham-por-suspeitas-de-coronavirus\/\">Bancos fecham por suspeitas de coronav\u00edrus<\/a><\/p>\n<\/div>\n","protected":false},"excerpt":{"rendered":"<p>Na tarde desta sexta-feira (4), um micro-\u00f4nibus perdeu o controle enquanto passava pelo Centro de S\u00e3o Vicente e invadiu uma resid\u00eancia, batendo no local. Seis pessoas ficaram feridas no acidente e tiveram de ser socorridas pelo SAMU. O Corpo de Bombeiros contou que a ocorr\u00eancia foi na esquina das ruas Santa Cruz com a Visconde &hellip;<\/p>\n","protected":false},"author":6,"featured_media":851,"comment_status":"open","ping_status":"closed","sticky":false,"template":"","format":"standard","meta":{"footnotes":""},"categories":[181,1,5],"tags":[7,3142,3143,33],"class_list":["post-848","post","type-post","status-publish","format-standard","has-post-thumbnail","hentry","category-sao-vicente","category-sem","category-transito","tag-acidente","tag-micro-onibus","tag-samu","tag-sao-vicente"],"yoast_head":"<!-- This site is optimized with the Yoast SEO plugin v27.5 - https:\/\/yoast.com\/product\/yoast-seo-wordpress\/ -->\n<title>Micro-\u00f4nibus perde controle e atinge resid\u00eancia - Litoral SP<\/title>\n<meta name=\"description\" content=\"Na tarde desta sexta-feira (4), um micro-\u00f4nibus perdeu o controle enquanto passava pelo Centro de S\u00e3o Vicente e invadiu uma resid\u00eancia\" \/>\n<meta name=\"robots\" content=\"index, follow, max-snippet:-1, max-image-preview:large, max-video-preview:-1\" \/>\n<link rel=\"canonical\" href=\"https:\/\/redenoticiaz.com.br\/litoralsp\/2020\/12\/04\/micro-onibus-perde-controle-e-atinge-residencia\" \/>\n<meta property=\"og:locale\" content=\"pt_BR\" \/>\n<meta property=\"og:type\" content=\"article\" \/>\n<meta property=\"og:title\" content=\"Micro-\u00f4nibus perde controle e atinge resid\u00eancia - Litoral SP\" \/>\n<meta property=\"og:description\" content=\"Na tarde desta sexta-feira (4), um micro-\u00f4nibus perdeu o controle enquanto passava pelo Centro de S\u00e3o Vicente e invadiu uma resid\u00eancia\" \/>\n<meta property=\"og:url\" content=\"https:\/\/redenoticiaz.com.br\/litoralsp\/2020\/12\/04\/micro-onibus-perde-controle-e-atinge-residencia\" \/>\n<meta property=\"og:site_name\" content=\"Litoral SP\" \/>\n<meta property=\"article:published_time\" content=\"2020-12-04T23:01:55+00:00\" \/>\n<meta property=\"article:modified_time\" content=\"2020-12-04T23:02:39+00:00\" \/>\n<meta property=\"og:image\" content=\"https:\/\/redenoticiaz.com.br\/litoralsp\/wp-content\/uploads\/sites\/3\/2020\/12\/microonibus.jpg\" \/>\n\t<meta property=\"og:image:width\" content=\"984\" \/>\n\t<meta property=\"og:image:height\" content=\"1312\" \/>\n\t<meta property=\"og:image:type\" content=\"image\/jpeg\" \/>\n<meta name=\"author\" content=\"Leonardo Francisco\" \/>\n<meta name=\"twitter:card\" content=\"summary_large_image\" \/>\n<meta name=\"twitter:label1\" content=\"Escrito por\" \/>\n\t<meta name=\"twitter:data1\" content=\"Leonardo Francisco\" \/>\n\t<meta name=\"twitter:label2\" content=\"Est. tempo de leitura\" \/>\n\t<meta name=\"twitter:data2\" content=\"1 minuto\" \/>\n<script type=\"application\/ld+json\" class=\"yoast-schema-graph\">{\"@context\":\"https:\\\/\\\/schema.org\",\"@graph\":[{\"@type\":\"Article\",\"@id\":\"https:\\\/\\\/redenoticiaz.com.br\\\/litoralsp\\\/2020\\\/12\\\/04\\\/micro-onibus-perde-controle-e-atinge-residencia#article\",\"isPartOf\":{\"@id\":\"https:\\\/\\\/redenoticiaz.com.br\\\/litoralsp\\\/2020\\\/12\\\/04\\\/micro-onibus-perde-controle-e-atinge-residencia\"},\"author\":{\"name\":\"Leonardo Francisco\",\"@id\":\"https:\\\/\\\/redenoticiaz.com.br\\\/litoralsp\\\/#\\\/schema\\\/person\\\/0f0b8a5bdafefe82841e07ae8d81ecb3\"},\"headline\":\"Micro-\u00f4nibus perde controle e atinge resid\u00eancia\",\"datePublished\":\"2020-12-04T23:01:55+00:00\",\"dateModified\":\"2020-12-04T23:02:39+00:00\",\"mainEntityOfPage\":{\"@id\":\"https:\\\/\\\/redenoticiaz.com.br\\\/litoralsp\\\/2020\\\/12\\\/04\\\/micro-onibus-perde-controle-e-atinge-residencia\"},\"wordCount\":296,\"commentCount\":0,\"publisher\":{\"@id\":\"https:\\\/\\\/redenoticiaz.com.br\\\/litoralsp\\\/#organization\"},\"image\":{\"@id\":\"https:\\\/\\\/redenoticiaz.com.br\\\/litoralsp\\\/2020\\\/12\\\/04\\\/micro-onibus-perde-controle-e-atinge-residencia#primaryimage\"},\"thumbnailUrl\":\"https:\\\/\\\/redenoticiaz.com.br\\\/litoralsp\\\/wp-content\\\/uploads\\\/sites\\\/3\\\/2020\\\/12\\\/microonibus.jpg\",\"keywords\":[\"acidente\",\"MICRO-\u00d4NIBUS\",\"SAMU\",\"S\u00e3o Vicente\"],\"articleSection\":[\"S\u00e3o Vicente\",\"sem\",\"Tr\u00e2nsito\"],\"inLanguage\":\"pt-BR\",\"potentialAction\":[{\"@type\":\"CommentAction\",\"name\":\"Comment\",\"target\":[\"https:\\\/\\\/redenoticiaz.com.br\\\/litoralsp\\\/2020\\\/12\\\/04\\\/micro-onibus-perde-controle-e-atinge-residencia#respond\"]}]},{\"@type\":\"WebPage\",\"@id\":\"https:\\\/\\\/redenoticiaz.com.br\\\/litoralsp\\\/2020\\\/12\\\/04\\\/micro-onibus-perde-controle-e-atinge-residencia\",\"url\":\"https:\\\/\\\/redenoticiaz.com.br\\\/litoralsp\\\/2020\\\/12\\\/04\\\/micro-onibus-perde-controle-e-atinge-residencia\",\"name\":\"Micro-\u00f4nibus perde controle e atinge resid\u00eancia - Litoral SP\",\"isPartOf\":{\"@id\":\"https:\\\/\\\/redenoticiaz.com.br\\\/litoralsp\\\/#website\"},\"primaryImageOfPage\":{\"@id\":\"https:\\\/\\\/redenoticiaz.com.br\\\/litoralsp\\\/2020\\\/12\\\/04\\\/micro-onibus-perde-controle-e-atinge-residencia#primaryimage\"},\"image\":{\"@id\":\"https:\\\/\\\/redenoticiaz.com.br\\\/litoralsp\\\/2020\\\/12\\\/04\\\/micro-onibus-perde-controle-e-atinge-residencia#primaryimage\"},\"thumbnailUrl\":\"https:\\\/\\\/redenoticiaz.com.br\\\/litoralsp\\\/wp-content\\\/uploads\\\/sites\\\/3\\\/2020\\\/12\\\/microonibus.jpg\",\"datePublished\":\"2020-12-04T23:01:55+00:00\",\"dateModified\":\"2020-12-04T23:02:39+00:00\",\"description\":\"Na tarde desta sexta-feira (4), um micro-\u00f4nibus perdeu o controle enquanto passava pelo Centro de S\u00e3o Vicente e invadiu uma resid\u00eancia\",\"inLanguage\":\"pt-BR\",\"potentialAction\":[{\"@type\":\"ReadAction\",\"target\":[\"https:\\\/\\\/redenoticiaz.com.br\\\/litoralsp\\\/2020\\\/12\\\/04\\\/micro-onibus-perde-controle-e-atinge-residencia\"]}]},{\"@type\":\"ImageObject\",\"inLanguage\":\"pt-BR\",\"@id\":\"https:\\\/\\\/redenoticiaz.com.br\\\/litoralsp\\\/2020\\\/12\\\/04\\\/micro-onibus-perde-controle-e-atinge-residencia#primaryimage\",\"url\":\"https:\\\/\\\/redenoticiaz.com.br\\\/litoralsp\\\/wp-content\\\/uploads\\\/sites\\\/3\\\/2020\\\/12\\\/microonibus.jpg\",\"contentUrl\":\"https:\\\/\\\/redenoticiaz.com.br\\\/litoralsp\\\/wp-content\\\/uploads\\\/sites\\\/3\\\/2020\\\/12\\\/microonibus.jpg\",\"width\":984,\"height\":1312,\"caption\":\"O tr\u00e2nsito ficou congestionado na regi\u00e3o e os feridos foram levados ao hospital. Cr\u00e9ditos: G1\\\/S\u00e3o Vicente Portal.\"},{\"@type\":\"WebSite\",\"@id\":\"https:\\\/\\\/redenoticiaz.com.br\\\/litoralsp\\\/#website\",\"url\":\"https:\\\/\\\/redenoticiaz.com.br\\\/litoralsp\\\/\",\"name\":\"Litoral SP\",\"description\":\"Rede NoticiaZ\",\"publisher\":{\"@id\":\"https:\\\/\\\/redenoticiaz.com.br\\\/litoralsp\\\/#organization\"},\"potentialAction\":[{\"@type\":\"SearchAction\",\"target\":{\"@type\":\"EntryPoint\",\"urlTemplate\":\"https:\\\/\\\/redenoticiaz.com.br\\\/litoralsp\\\/?s={search_term_string}\"},\"query-input\":{\"@type\":\"PropertyValueSpecification\",\"valueRequired\":true,\"valueName\":\"search_term_string\"}}],\"inLanguage\":\"pt-BR\"},{\"@type\":\"Organization\",\"@id\":\"https:\\\/\\\/redenoticiaz.com.br\\\/litoralsp\\\/#organization\",\"name\":\"Litoral SP\",\"url\":\"https:\\\/\\\/redenoticiaz.com.br\\\/litoralsp\\\/\",\"logo\":{\"@type\":\"ImageObject\",\"inLanguage\":\"pt-BR\",\"@id\":\"https:\\\/\\\/redenoticiaz.com.br\\\/litoralsp\\\/#\\\/schema\\\/logo\\\/image\\\/\",\"url\":\"https:\\\/\\\/redenoticiaz.com.br\\\/litoralsp\\\/wp-content\\\/uploads\\\/sites\\\/3\\\/2020\\\/11\\\/logo.jpg\",\"contentUrl\":\"https:\\\/\\\/redenoticiaz.com.br\\\/litoralsp\\\/wp-content\\\/uploads\\\/sites\\\/3\\\/2020\\\/11\\\/logo.jpg\",\"width\":400,\"height\":250,\"caption\":\"Litoral SP\"},\"image\":{\"@id\":\"https:\\\/\\\/redenoticiaz.com.br\\\/litoralsp\\\/#\\\/schema\\\/logo\\\/image\\\/\"}},{\"@type\":\"Person\",\"@id\":\"https:\\\/\\\/redenoticiaz.com.br\\\/litoralsp\\\/#\\\/schema\\\/person\\\/0f0b8a5bdafefe82841e07ae8d81ecb3\",\"name\":\"Leonardo Francisco\",\"image\":{\"@type\":\"ImageObject\",\"inLanguage\":\"pt-BR\",\"@id\":\"https:\\\/\\\/secure.gravatar.com\\\/avatar\\\/a7358cb406a99b682ec6df1e77e31ae82e63601f6784e8a3df411d72b37864da?s=96&d=mm&r=g\",\"url\":\"https:\\\/\\\/secure.gravatar.com\\\/avatar\\\/a7358cb406a99b682ec6df1e77e31ae82e63601f6784e8a3df411d72b37864da?s=96&d=mm&r=g\",\"contentUrl\":\"https:\\\/\\\/secure.gravatar.com\\\/avatar\\\/a7358cb406a99b682ec6df1e77e31ae82e63601f6784e8a3df411d72b37864da?s=96&d=mm&r=g\",\"caption\":\"Leonardo Francisco\"},\"url\":\"https:\\\/\\\/redenoticiaz.com.br\\\/litoralsp\\\/author\\\/leonardo-francisco\"}]}<\/script>\n<!-- \/ Yoast SEO plugin. -->","yoast_head_json":{"title":"Micro-\u00f4nibus perde controle e atinge resid\u00eancia - Litoral SP","description":"Na tarde desta sexta-feira (4), um micro-\u00f4nibus perdeu o controle enquanto passava pelo Centro de S\u00e3o Vicente e invadiu uma resid\u00eancia","robots":{"index":"index","follow":"follow","max-snippet":"max-snippet:-1","max-image-preview":"max-image-preview:large","max-video-preview":"max-video-preview:-1"},"canonical":"https:\/\/redenoticiaz.com.br\/litoralsp\/2020\/12\/04\/micro-onibus-perde-controle-e-atinge-residencia","og_locale":"pt_BR","og_type":"article","og_title":"Micro-\u00f4nibus perde controle e atinge resid\u00eancia - Litoral SP","og_description":"Na tarde desta sexta-feira (4), um micro-\u00f4nibus perdeu o controle enquanto passava pelo Centro de S\u00e3o Vicente e invadiu uma resid\u00eancia","og_url":"https:\/\/redenoticiaz.com.br\/litoralsp\/2020\/12\/04\/micro-onibus-perde-controle-e-atinge-residencia","og_site_name":"Litoral SP","article_published_time":"2020-12-04T23:01:55+00:00","article_modified_time":"2020-12-04T23:02:39+00:00","og_image":[{"width":984,"height":1312,"url":"https:\/\/redenoticiaz.com.br\/litoralsp\/wp-content\/uploads\/sites\/3\/2020\/12\/microonibus.jpg","type":"image\/jpeg"}],"author":"Leonardo Francisco","twitter_card":"summary_large_image","twitter_misc":{"Escrito por":"Leonardo Francisco","Est. tempo de leitura":"1 minuto"},"schema":{"@context":"https:\/\/schema.org","@graph":[{"@type":"Article","@id":"https:\/\/redenoticiaz.com.br\/litoralsp\/2020\/12\/04\/micro-onibus-perde-controle-e-atinge-residencia#article","isPartOf":{"@id":"https:\/\/redenoticiaz.com.br\/litoralsp\/2020\/12\/04\/micro-onibus-perde-controle-e-atinge-residencia"},"author":{"name":"Leonardo Francisco","@id":"https:\/\/redenoticiaz.com.br\/litoralsp\/#\/schema\/person\/0f0b8a5bdafefe82841e07ae8d81ecb3"},"headline":"Micro-\u00f4nibus perde controle e atinge resid\u00eancia","datePublished":"2020-12-04T23:01:55+00:00","dateModified":"2020-12-04T23:02:39+00:00","mainEntityOfPage":{"@id":"https:\/\/redenoticiaz.com.br\/litoralsp\/2020\/12\/04\/micro-onibus-perde-controle-e-atinge-residencia"},"wordCount":296,"commentCount":0,"publisher":{"@id":"https:\/\/redenoticiaz.com.br\/litoralsp\/#organization"},"image":{"@id":"https:\/\/redenoticiaz.com.br\/litoralsp\/2020\/12\/04\/micro-onibus-perde-controle-e-atinge-residencia#primaryimage"},"thumbnailUrl":"https:\/\/redenoticiaz.com.br\/litoralsp\/wp-content\/uploads\/sites\/3\/2020\/12\/microonibus.jpg","keywords":["acidente","MICRO-\u00d4NIBUS","SAMU","S\u00e3o Vicente"],"articleSection":["S\u00e3o Vicente","sem","Tr\u00e2nsito"],"inLanguage":"pt-BR","potentialAction":[{"@type":"CommentAction","name":"Comment","target":["https:\/\/redenoticiaz.com.br\/litoralsp\/2020\/12\/04\/micro-onibus-perde-controle-e-atinge-residencia#respond"]}]},{"@type":"WebPage","@id":"https:\/\/redenoticiaz.com.br\/litoralsp\/2020\/12\/04\/micro-onibus-perde-controle-e-atinge-residencia","url":"https:\/\/redenoticiaz.com.br\/litoralsp\/2020\/12\/04\/micro-onibus-perde-controle-e-atinge-residencia","name":"Micro-\u00f4nibus perde controle e atinge resid\u00eancia - Litoral SP","isPartOf":{"@id":"https:\/\/redenoticiaz.com.br\/litoralsp\/#website"},"primaryImageOfPage":{"@id":"https:\/\/redenoticiaz.com.br\/litoralsp\/2020\/12\/04\/micro-onibus-perde-controle-e-atinge-residencia#primaryimage"},"image":{"@id":"https:\/\/redenoticiaz.com.br\/litoralsp\/2020\/12\/04\/micro-onibus-perde-controle-e-atinge-residencia#primaryimage"},"thumbnailUrl":"https:\/\/redenoticiaz.com.br\/litoralsp\/wp-content\/uploads\/sites\/3\/2020\/12\/microonibus.jpg","datePublished":"2020-12-04T23:01:55+00:00","dateModified":"2020-12-04T23:02:39+00:00","description":"Na tarde desta sexta-feira (4), um micro-\u00f4nibus perdeu o controle enquanto passava pelo Centro de S\u00e3o Vicente e invadiu uma resid\u00eancia","inLanguage":"pt-BR","potentialAction":[{"@type":"ReadAction","target":["https:\/\/redenoticiaz.com.br\/litoralsp\/2020\/12\/04\/micro-onibus-perde-controle-e-atinge-residencia"]}]},{"@type":"ImageObject","inLanguage":"pt-BR","@id":"https:\/\/redenoticiaz.com.br\/litoralsp\/2020\/12\/04\/micro-onibus-perde-controle-e-atinge-residencia#primaryimage","url":"https:\/\/redenoticiaz.com.br\/litoralsp\/wp-content\/uploads\/sites\/3\/2020\/12\/microonibus.jpg","contentUrl":"https:\/\/redenoticiaz.com.br\/litoralsp\/wp-content\/uploads\/sites\/3\/2020\/12\/microonibus.jpg","width":984,"height":1312,"caption":"O tr\u00e2nsito ficou congestionado na regi\u00e3o e os feridos foram levados ao hospital. Cr\u00e9ditos: G1\/S\u00e3o Vicente Portal."},{"@type":"WebSite","@id":"https:\/\/redenoticiaz.com.br\/litoralsp\/#website","url":"https:\/\/redenoticiaz.com.br\/litoralsp\/","name":"Litoral SP","description":"Rede NoticiaZ","publisher":{"@id":"https:\/\/redenoticiaz.com.br\/litoralsp\/#organization"},"potentialAction":[{"@type":"SearchAction","target":{"@type":"EntryPoint","urlTemplate":"https:\/\/redenoticiaz.com.br\/litoralsp\/?s={search_term_string}"},"query-input":{"@type":"PropertyValueSpecification","valueRequired":true,"valueName":"search_term_string"}}],"inLanguage":"pt-BR"},{"@type":"Organization","@id":"https:\/\/redenoticiaz.com.br\/litoralsp\/#organization","name":"Litoral SP","url":"https:\/\/redenoticiaz.com.br\/litoralsp\/","logo":{"@type":"ImageObject","inLanguage":"pt-BR","@id":"https:\/\/redenoticiaz.com.br\/litoralsp\/#\/schema\/logo\/image\/","url":"https:\/\/redenoticiaz.com.br\/litoralsp\/wp-content\/uploads\/sites\/3\/2020\/11\/logo.jpg","contentUrl":"https:\/\/redenoticiaz.com.br\/litoralsp\/wp-content\/uploads\/sites\/3\/2020\/11\/logo.jpg","width":400,"height":250,"caption":"Litoral SP"},"image":{"@id":"https:\/\/redenoticiaz.com.br\/litoralsp\/#\/schema\/logo\/image\/"}},{"@type":"Person","@id":"https:\/\/redenoticiaz.com.br\/litoralsp\/#\/schema\/person\/0f0b8a5bdafefe82841e07ae8d81ecb3","name":"Leonardo Francisco","image":{"@type":"ImageObject","inLanguage":"pt-BR","@id":"https:\/\/secure.gravatar.com\/avatar\/a7358cb406a99b682ec6df1e77e31ae82e63601f6784e8a3df411d72b37864da?s=96&d=mm&r=g","url":"https:\/\/secure.gravatar.com\/avatar\/a7358cb406a99b682ec6df1e77e31ae82e63601f6784e8a3df411d72b37864da?s=96&d=mm&r=g","contentUrl":"https:\/\/secure.gravatar.com\/avatar\/a7358cb406a99b682ec6df1e77e31ae82e63601f6784e8a3df411d72b37864da?s=96&d=mm&r=g","caption":"Leonardo Francisco"},"url":"https:\/\/redenoticiaz.com.br\/litoralsp\/author\/leonardo-francisco"}]}},"_links":{"self":[{"href":"https:\/\/redenoticiaz.com.br\/litoralsp\/wp-json\/wp\/v2\/posts\/848","targetHints":{"allow":["GET"]}}],"collection":[{"href":"https:\/\/redenoticiaz.com.br\/litoralsp\/wp-json\/wp\/v2\/posts"}],"about":[{"href":"https:\/\/redenoticiaz.com.br\/litoralsp\/wp-json\/wp\/v2\/types\/post"}],"author":[{"embeddable":true,"href":"https:\/\/redenoticiaz.com.br\/litoralsp\/wp-json\/wp\/v2\/users\/6"}],"replies":[{"embeddable":true,"href":"https:\/\/redenoticiaz.com.br\/litoralsp\/wp-json\/wp\/v2\/comments?post=848"}],"version-history":[{"count":2,"href":"https:\/\/redenoticiaz.com.br\/litoralsp\/wp-json\/wp\/v2\/posts\/848\/revisions"}],"predecessor-version":[{"id":852,"href":"https:\/\/redenoticiaz.com.br\/litoralsp\/wp-json\/wp\/v2\/posts\/848\/revisions\/852"}],"wp:featuredmedia":[{"embeddable":true,"href":"https:\/\/redenoticiaz.com.br\/litoralsp\/wp-json\/wp\/v2\/media\/851"}],"wp:attachment":[{"href":"https:\/\/redenoticiaz.com.br\/litoralsp\/wp-json\/wp\/v2\/media?parent=848"}],"wp:term":[{"taxonomy":"category","embeddable":true,"href":"https:\/\/redenoticiaz.com.br\/litoralsp\/wp-json\/wp\/v2\/categories?post=848"},{"taxonomy":"post_tag","embeddable":true,"href":"https:\/\/redenoticiaz.com.br\/litoralsp\/wp-json\/wp\/v2\/tags?post=848"}],"curies":[{"name":"wp","href":"https:\/\/api.w.org\/{rel}","templated":true}]}}