{"id":8496,"date":"2021-05-12T20:21:58","date_gmt":"2021-05-12T23:21:58","guid":{"rendered":"https:\/\/redenoticiaz.com.br\/litoralsp\/2021\/05\/12\/anderson-silva-se-despede-do-mma"},"modified":"2021-05-12T20:21:58","modified_gmt":"2021-05-12T23:21:58","slug":"anderson-silva-se-despede-do-mma","status":"publish","type":"post","link":"https:\/\/redenoticiaz.com.br\/litoralsp\/2021\/05\/12\/anderson-silva-se-despede-do-mma","title":{"rendered":"Anderson Silva se despede do MMA"},"content":{"rendered":"<p>Fim da trajet\u00f3ria de <strong>Anderson Silva<\/strong> no <a href=\"http:\/\/mmabrasil.com.br\/\">MMA<\/a>. O &#8216;Spider&#8217; confirmou a despedida da categoria no programa Ariel Helwani&#8217;s MMA Show&#8221;. O brasileiro tem uma luta de boxe marcada para o dia 19 de junho no M\u00e9xico, contra Julio Cesar Chavez Jr. Mas apesar do an\u00fancio da despedida da categoria, ele n\u00e3o pretende se aposentar.<\/p>\n<p>Na entrevista, Anderson Silva justificou a decis\u00e3o de parar de lutar pelo MMA. &#8220;Logo ap\u00f3s a luta contra Uriah Hall, eu fui para o vesti\u00e1rio e come\u00e7aram a me ligar para lutar no Jap\u00e3o. Eu precisava descansar, mas todos os dias muitos eventos, especialmente no Jap\u00e3o e do resto da \u00c1sia, me ligavam. Mas eu n\u00e3o vou mais lutar MMA, porque \u00e9 duro treinar para o MMA, \u00e9 dif\u00edcil fazer um camp em alto n\u00edvel, voc\u00ea se machuca muito. Agora eu s\u00f3 quero curtir. N\u00e3o preciso provar mais nada para ningu\u00e9m. \u00c9 isso&#8221;, conta.<\/p>\n<p>&#8220;Eu aceitei a luta contra Uriah Hall e algumas coisas aconteceram nos bastidores. Todo mundo sabe o que estava acontecendo, n\u00e3o preciso ficar falando. N\u00e3o coloco mais press\u00e3o no meu corpo nem na minha mente, pensando em lutar novamente. S\u00f3 tenho que agradecer a Deus por poder lutar e poder ajudar meu filho Gabriel a treinar&#8221;, comentou.<\/p>\n<h3>Desrespeito na modalidade<\/h3>\n<p>Anderson Silva diz que a falta de respeito pelos lutadores por parte dos eventos vem tirando o interesse do p\u00fablico pelo MMA. Aos 46 anos, o lutador agora aposta em aproveitar artes marciais diferentes, para poder, segundo ele, falar com propriedade de cada uma delas quando parar definitivamente de competir.<\/p>\n<p>&#8220;O MMA \u00e9 um esporte incr\u00edvel, mas acredito que ele n\u00e3o seja mais t\u00e3o interessante porque as pessoas nos bastidores n\u00e3o respeitam os atletas. Eu tive sorte porque, toda vez que lutei MMA eu treinei duro e pus meu cora\u00e7\u00e3o e a minha paix\u00e3o no cage. Felizmente terminei essa parte da minha vida. Talvez meu pr\u00f3ximo desafio seja lutar jiu-j\u00edtsu, com ou sem quimono. N\u00e3o sei. Quero apreciar as artes marciais. E, talvez, quando um dia as pessoas me perguntarem sobre boxe, jiu-j\u00edtsu e outras artes marciais, eu possa falar alguma coisa, porque terei sabido como \u00e9 lutar cada uma delas e quanto foi duro treinar para cada uma delas. \u00c9 importante respeitar o esporte, n\u00e3o importa se voc\u00ea \u00e9 um lutador, um youtuber ou n\u00e3o.<\/p>\n<p>Perguntado se tinha algum arrependimento ou m\u00e1goa do UFC, Anderson Silva garantiu que n\u00e3o, e lembrou de uma frase dita a ele por Lorenzo Fertitta, um dos antigos donos do UFC e seu amigo pessoal.<\/p>\n<p>&#8220;Eu me sinto feliz porque fiz o meu melhor e dei o meu cora\u00e7\u00e3o pelo UFC. Eu me lembro de Lorenzo (Fertitta) me dizer uma vez que aquilo era uma fam\u00edlia e era importante estar perto da fam\u00edlia. E em todas as minhas lutas no UFC eu coloquei o meu cora\u00e7\u00e3o nelas, porque eu sentia que era a minha fam\u00edlia. Mas chegou a hora de mudar. N\u00e3o tenho nada para falar do UFC. Tive momentos incr\u00edveis no UFC, assinei contratos que foram respeitados. S\u00f3 posso agradecer. Mas agora estou livre e posso fazer qualquer coisa, lutar onde quiser&#8221;, conta Anderson.<\/p>\n<p><strong>LEIA TAMB\u00c9M<\/strong><\/p>\n<p><a href=\"https:\/\/redenoticiaz.com.br\/blog\/2021\/05\/12\/palmeiras-supera-altitude-e-vence-o-del-valle-na-libertadores\">Palmeiras supera altitude e vence o Del Valle na Libertadores<\/a><\/p>\n","protected":false},"excerpt":{"rendered":"<p>Fim da trajet\u00f3ria de Anderson Silva no MMA. O &#8216;Spider&#8217; confirmou a despedida da categoria no programa Ariel Helwani&#8217;s MMA Show&#8221;. O brasileiro tem uma luta de boxe marcada para o dia 19 de junho no M\u00e9xico, contra Julio Cesar Chavez Jr. Mas apesar do an\u00fancio da despedida da categoria, ele n\u00e3o pretende se aposentar. &hellip;<\/p>\n","protected":false},"author":6,"featured_media":0,"comment_status":"open","ping_status":"closed","sticky":false,"template":"","format":"standard","meta":{"footnotes":""},"categories":[1],"tags":[],"class_list":["post-8496","post","type-post","status-publish","format-standard","hentry","category-sem"],"yoast_head":"<!-- This site is optimized with the Yoast SEO plugin v27.5 - https:\/\/yoast.com\/product\/yoast-seo-wordpress\/ -->\n<title>Anderson Silva se despede do MMA - Litoral SP<\/title>\n<meta name=\"robots\" content=\"index, follow, max-snippet:-1, max-image-preview:large, max-video-preview:-1\" \/>\n<link rel=\"canonical\" href=\"https:\/\/redenoticiaz.com.br\/litoralsp\/2021\/05\/12\/anderson-silva-se-despede-do-mma\" \/>\n<meta property=\"og:locale\" content=\"pt_BR\" \/>\n<meta property=\"og:type\" content=\"article\" \/>\n<meta property=\"og:title\" content=\"Anderson Silva se despede do MMA - Litoral SP\" \/>\n<meta property=\"og:description\" content=\"Fim da trajet\u00f3ria de Anderson Silva no MMA. O &#8216;Spider&#8217; confirmou a despedida da categoria no programa Ariel Helwani&#8217;s MMA Show&#8221;. O brasileiro tem uma luta de boxe marcada para o dia 19 de junho no M\u00e9xico, contra Julio Cesar Chavez Jr. Mas apesar do an\u00fancio da despedida da categoria, ele n\u00e3o pretende se aposentar. &hellip;\" \/>\n<meta property=\"og:url\" content=\"https:\/\/redenoticiaz.com.br\/litoralsp\/2021\/05\/12\/anderson-silva-se-despede-do-mma\" \/>\n<meta property=\"og:site_name\" content=\"Litoral SP\" \/>\n<meta property=\"article:published_time\" content=\"2021-05-12T23:21:58+00:00\" \/>\n<meta name=\"author\" content=\"Leonardo Francisco\" \/>\n<meta name=\"twitter:card\" content=\"summary_large_image\" \/>\n<meta name=\"twitter:label1\" content=\"Escrito por\" \/>\n\t<meta name=\"twitter:data1\" content=\"Leonardo Francisco\" \/>\n\t<meta name=\"twitter:label2\" content=\"Est. tempo de leitura\" \/>\n\t<meta name=\"twitter:data2\" content=\"3 minutos\" \/>\n<script type=\"application\/ld+json\" class=\"yoast-schema-graph\">{\"@context\":\"https:\\\/\\\/schema.org\",\"@graph\":[{\"@type\":\"Article\",\"@id\":\"https:\\\/\\\/redenoticiaz.com.br\\\/litoralsp\\\/2021\\\/05\\\/12\\\/anderson-silva-se-despede-do-mma#article\",\"isPartOf\":{\"@id\":\"https:\\\/\\\/redenoticiaz.com.br\\\/litoralsp\\\/2021\\\/05\\\/12\\\/anderson-silva-se-despede-do-mma\"},\"author\":{\"name\":\"Leonardo Francisco\",\"@id\":\"https:\\\/\\\/redenoticiaz.com.br\\\/litoralsp\\\/#\\\/schema\\\/person\\\/0f0b8a5bdafefe82841e07ae8d81ecb3\"},\"headline\":\"Anderson Silva se despede do MMA\",\"datePublished\":\"2021-05-12T23:21:58+00:00\",\"mainEntityOfPage\":{\"@id\":\"https:\\\/\\\/redenoticiaz.com.br\\\/litoralsp\\\/2021\\\/05\\\/12\\\/anderson-silva-se-despede-do-mma\"},\"wordCount\":571,\"commentCount\":0,\"publisher\":{\"@id\":\"https:\\\/\\\/redenoticiaz.com.br\\\/litoralsp\\\/#organization\"},\"articleSection\":[\"sem\"],\"inLanguage\":\"pt-BR\",\"potentialAction\":[{\"@type\":\"CommentAction\",\"name\":\"Comment\",\"target\":[\"https:\\\/\\\/redenoticiaz.com.br\\\/litoralsp\\\/2021\\\/05\\\/12\\\/anderson-silva-se-despede-do-mma#respond\"]}]},{\"@type\":\"WebPage\",\"@id\":\"https:\\\/\\\/redenoticiaz.com.br\\\/litoralsp\\\/2021\\\/05\\\/12\\\/anderson-silva-se-despede-do-mma\",\"url\":\"https:\\\/\\\/redenoticiaz.com.br\\\/litoralsp\\\/2021\\\/05\\\/12\\\/anderson-silva-se-despede-do-mma\",\"name\":\"Anderson Silva se despede do MMA - Litoral SP\",\"isPartOf\":{\"@id\":\"https:\\\/\\\/redenoticiaz.com.br\\\/litoralsp\\\/#website\"},\"datePublished\":\"2021-05-12T23:21:58+00:00\",\"inLanguage\":\"pt-BR\",\"potentialAction\":[{\"@type\":\"ReadAction\",\"target\":[\"https:\\\/\\\/redenoticiaz.com.br\\\/litoralsp\\\/2021\\\/05\\\/12\\\/anderson-silva-se-despede-do-mma\"]}]},{\"@type\":\"WebSite\",\"@id\":\"https:\\\/\\\/redenoticiaz.com.br\\\/litoralsp\\\/#website\",\"url\":\"https:\\\/\\\/redenoticiaz.com.br\\\/litoralsp\\\/\",\"name\":\"Litoral SP\",\"description\":\"Rede NoticiaZ\",\"publisher\":{\"@id\":\"https:\\\/\\\/redenoticiaz.com.br\\\/litoralsp\\\/#organization\"},\"potentialAction\":[{\"@type\":\"SearchAction\",\"target\":{\"@type\":\"EntryPoint\",\"urlTemplate\":\"https:\\\/\\\/redenoticiaz.com.br\\\/litoralsp\\\/?s={search_term_string}\"},\"query-input\":{\"@type\":\"PropertyValueSpecification\",\"valueRequired\":true,\"valueName\":\"search_term_string\"}}],\"inLanguage\":\"pt-BR\"},{\"@type\":\"Organization\",\"@id\":\"https:\\\/\\\/redenoticiaz.com.br\\\/litoralsp\\\/#organization\",\"name\":\"Litoral SP\",\"url\":\"https:\\\/\\\/redenoticiaz.com.br\\\/litoralsp\\\/\",\"logo\":{\"@type\":\"ImageObject\",\"inLanguage\":\"pt-BR\",\"@id\":\"https:\\\/\\\/redenoticiaz.com.br\\\/litoralsp\\\/#\\\/schema\\\/logo\\\/image\\\/\",\"url\":\"https:\\\/\\\/redenoticiaz.com.br\\\/litoralsp\\\/wp-content\\\/uploads\\\/sites\\\/3\\\/2020\\\/11\\\/logo.jpg\",\"contentUrl\":\"https:\\\/\\\/redenoticiaz.com.br\\\/litoralsp\\\/wp-content\\\/uploads\\\/sites\\\/3\\\/2020\\\/11\\\/logo.jpg\",\"width\":400,\"height\":250,\"caption\":\"Litoral SP\"},\"image\":{\"@id\":\"https:\\\/\\\/redenoticiaz.com.br\\\/litoralsp\\\/#\\\/schema\\\/logo\\\/image\\\/\"}},{\"@type\":\"Person\",\"@id\":\"https:\\\/\\\/redenoticiaz.com.br\\\/litoralsp\\\/#\\\/schema\\\/person\\\/0f0b8a5bdafefe82841e07ae8d81ecb3\",\"name\":\"Leonardo Francisco\",\"image\":{\"@type\":\"ImageObject\",\"inLanguage\":\"pt-BR\",\"@id\":\"https:\\\/\\\/secure.gravatar.com\\\/avatar\\\/a7358cb406a99b682ec6df1e77e31ae82e63601f6784e8a3df411d72b37864da?s=96&d=mm&r=g\",\"url\":\"https:\\\/\\\/secure.gravatar.com\\\/avatar\\\/a7358cb406a99b682ec6df1e77e31ae82e63601f6784e8a3df411d72b37864da?s=96&d=mm&r=g\",\"contentUrl\":\"https:\\\/\\\/secure.gravatar.com\\\/avatar\\\/a7358cb406a99b682ec6df1e77e31ae82e63601f6784e8a3df411d72b37864da?s=96&d=mm&r=g\",\"caption\":\"Leonardo Francisco\"},\"url\":\"https:\\\/\\\/redenoticiaz.com.br\\\/litoralsp\\\/author\\\/leonardo-francisco\"}]}<\/script>\n<!-- \/ Yoast SEO plugin. -->","yoast_head_json":{"title":"Anderson Silva se despede do MMA - Litoral SP","robots":{"index":"index","follow":"follow","max-snippet":"max-snippet:-1","max-image-preview":"max-image-preview:large","max-video-preview":"max-video-preview:-1"},"canonical":"https:\/\/redenoticiaz.com.br\/litoralsp\/2021\/05\/12\/anderson-silva-se-despede-do-mma","og_locale":"pt_BR","og_type":"article","og_title":"Anderson Silva se despede do MMA - Litoral SP","og_description":"Fim da trajet\u00f3ria de Anderson Silva no MMA. O &#8216;Spider&#8217; confirmou a despedida da categoria no programa Ariel Helwani&#8217;s MMA Show&#8221;. O brasileiro tem uma luta de boxe marcada para o dia 19 de junho no M\u00e9xico, contra Julio Cesar Chavez Jr. Mas apesar do an\u00fancio da despedida da categoria, ele n\u00e3o pretende se aposentar. &hellip;","og_url":"https:\/\/redenoticiaz.com.br\/litoralsp\/2021\/05\/12\/anderson-silva-se-despede-do-mma","og_site_name":"Litoral SP","article_published_time":"2021-05-12T23:21:58+00:00","author":"Leonardo Francisco","twitter_card":"summary_large_image","twitter_misc":{"Escrito por":"Leonardo Francisco","Est. tempo de leitura":"3 minutos"},"schema":{"@context":"https:\/\/schema.org","@graph":[{"@type":"Article","@id":"https:\/\/redenoticiaz.com.br\/litoralsp\/2021\/05\/12\/anderson-silva-se-despede-do-mma#article","isPartOf":{"@id":"https:\/\/redenoticiaz.com.br\/litoralsp\/2021\/05\/12\/anderson-silva-se-despede-do-mma"},"author":{"name":"Leonardo Francisco","@id":"https:\/\/redenoticiaz.com.br\/litoralsp\/#\/schema\/person\/0f0b8a5bdafefe82841e07ae8d81ecb3"},"headline":"Anderson Silva se despede do MMA","datePublished":"2021-05-12T23:21:58+00:00","mainEntityOfPage":{"@id":"https:\/\/redenoticiaz.com.br\/litoralsp\/2021\/05\/12\/anderson-silva-se-despede-do-mma"},"wordCount":571,"commentCount":0,"publisher":{"@id":"https:\/\/redenoticiaz.com.br\/litoralsp\/#organization"},"articleSection":["sem"],"inLanguage":"pt-BR","potentialAction":[{"@type":"CommentAction","name":"Comment","target":["https:\/\/redenoticiaz.com.br\/litoralsp\/2021\/05\/12\/anderson-silva-se-despede-do-mma#respond"]}]},{"@type":"WebPage","@id":"https:\/\/redenoticiaz.com.br\/litoralsp\/2021\/05\/12\/anderson-silva-se-despede-do-mma","url":"https:\/\/redenoticiaz.com.br\/litoralsp\/2021\/05\/12\/anderson-silva-se-despede-do-mma","name":"Anderson Silva se despede do MMA - Litoral SP","isPartOf":{"@id":"https:\/\/redenoticiaz.com.br\/litoralsp\/#website"},"datePublished":"2021-05-12T23:21:58+00:00","inLanguage":"pt-BR","potentialAction":[{"@type":"ReadAction","target":["https:\/\/redenoticiaz.com.br\/litoralsp\/2021\/05\/12\/anderson-silva-se-despede-do-mma"]}]},{"@type":"WebSite","@id":"https:\/\/redenoticiaz.com.br\/litoralsp\/#website","url":"https:\/\/redenoticiaz.com.br\/litoralsp\/","name":"Litoral SP","description":"Rede NoticiaZ","publisher":{"@id":"https:\/\/redenoticiaz.com.br\/litoralsp\/#organization"},"potentialAction":[{"@type":"SearchAction","target":{"@type":"EntryPoint","urlTemplate":"https:\/\/redenoticiaz.com.br\/litoralsp\/?s={search_term_string}"},"query-input":{"@type":"PropertyValueSpecification","valueRequired":true,"valueName":"search_term_string"}}],"inLanguage":"pt-BR"},{"@type":"Organization","@id":"https:\/\/redenoticiaz.com.br\/litoralsp\/#organization","name":"Litoral SP","url":"https:\/\/redenoticiaz.com.br\/litoralsp\/","logo":{"@type":"ImageObject","inLanguage":"pt-BR","@id":"https:\/\/redenoticiaz.com.br\/litoralsp\/#\/schema\/logo\/image\/","url":"https:\/\/redenoticiaz.com.br\/litoralsp\/wp-content\/uploads\/sites\/3\/2020\/11\/logo.jpg","contentUrl":"https:\/\/redenoticiaz.com.br\/litoralsp\/wp-content\/uploads\/sites\/3\/2020\/11\/logo.jpg","width":400,"height":250,"caption":"Litoral SP"},"image":{"@id":"https:\/\/redenoticiaz.com.br\/litoralsp\/#\/schema\/logo\/image\/"}},{"@type":"Person","@id":"https:\/\/redenoticiaz.com.br\/litoralsp\/#\/schema\/person\/0f0b8a5bdafefe82841e07ae8d81ecb3","name":"Leonardo Francisco","image":{"@type":"ImageObject","inLanguage":"pt-BR","@id":"https:\/\/secure.gravatar.com\/avatar\/a7358cb406a99b682ec6df1e77e31ae82e63601f6784e8a3df411d72b37864da?s=96&d=mm&r=g","url":"https:\/\/secure.gravatar.com\/avatar\/a7358cb406a99b682ec6df1e77e31ae82e63601f6784e8a3df411d72b37864da?s=96&d=mm&r=g","contentUrl":"https:\/\/secure.gravatar.com\/avatar\/a7358cb406a99b682ec6df1e77e31ae82e63601f6784e8a3df411d72b37864da?s=96&d=mm&r=g","caption":"Leonardo Francisco"},"url":"https:\/\/redenoticiaz.com.br\/litoralsp\/author\/leonardo-francisco"}]}},"_links":{"self":[{"href":"https:\/\/redenoticiaz.com.br\/litoralsp\/wp-json\/wp\/v2\/posts\/8496","targetHints":{"allow":["GET"]}}],"collection":[{"href":"https:\/\/redenoticiaz.com.br\/litoralsp\/wp-json\/wp\/v2\/posts"}],"about":[{"href":"https:\/\/redenoticiaz.com.br\/litoralsp\/wp-json\/wp\/v2\/types\/post"}],"author":[{"embeddable":true,"href":"https:\/\/redenoticiaz.com.br\/litoralsp\/wp-json\/wp\/v2\/users\/6"}],"replies":[{"embeddable":true,"href":"https:\/\/redenoticiaz.com.br\/litoralsp\/wp-json\/wp\/v2\/comments?post=8496"}],"version-history":[{"count":0,"href":"https:\/\/redenoticiaz.com.br\/litoralsp\/wp-json\/wp\/v2\/posts\/8496\/revisions"}],"wp:attachment":[{"href":"https:\/\/redenoticiaz.com.br\/litoralsp\/wp-json\/wp\/v2\/media?parent=8496"}],"wp:term":[{"taxonomy":"category","embeddable":true,"href":"https:\/\/redenoticiaz.com.br\/litoralsp\/wp-json\/wp\/v2\/categories?post=8496"},{"taxonomy":"post_tag","embeddable":true,"href":"https:\/\/redenoticiaz.com.br\/litoralsp\/wp-json\/wp\/v2\/tags?post=8496"}],"curies":[{"name":"wp","href":"https:\/\/api.w.org\/{rel}","templated":true}]}}