{"id":8521,"date":"2021-05-13T12:49:08","date_gmt":"2021-05-13T15:49:08","guid":{"rendered":"https:\/\/redenoticiaz.com.br\/litoralsp\/?p=8521"},"modified":"2021-05-13T12:49:55","modified_gmt":"2021-05-13T15:49:55","slug":"sao-paulo-escala-time-reserva-e-empata-contra-o-rentistas-na-libertadores","status":"publish","type":"post","link":"https:\/\/redenoticiaz.com.br\/litoralsp\/2021\/05\/13\/sao-paulo-escala-time-reserva-e-empata-contra-o-rentistas-na-libertadores","title":{"rendered":"S\u00e3o Paulo escala time reserva e empata contra o Rentistas na Libertadores"},"content":{"rendered":"<p>No Uruguai, o <strong>S\u00e3o Paulo<\/strong> optou por um time reserva para enfrentar o Rentistas pela <a href=\"https:\/\/www.conmebol.com\/pt-br\">Libertadores da Am\u00e9rica<\/a>. O Tricolor chegou a ficar na frente do placar, mas terminou em empate por 1 a 1. O resultado deixou o clube brasileiro na lideran\u00e7a do Grupo E, com oito pontos e depende de si mesmo para carimbar a classifica\u00e7\u00e3o para as oitavas de final.<\/p>\n<p>O t\u00e9cnico Hern\u00e1n Crespo optou por escalar time reserva por causa das quartas de final do Campeonato Paulista, onde enfrentar\u00e1 a Ferrovi\u00e1ria. No entanto come\u00e7ou o jogo com tudo e abriu o placar com Orejuela, que estreou com a camisa s\u00e3o-paulina. Ele cabeceou a bola ap\u00f3s a cobran\u00e7a de escanteio. S\u00f3 que a falta de entrosamento pesou e o Rentistas passou a dominar o jogo. A mesma cobran\u00e7a de escanteio foi utilizada para que Lamas empatasse o jogo ainda no primeiro tempo.<\/p>\n<p>O S\u00e3o Paulo tentou reagir e chegou a criar chances com Rojas e V\u00edtor Bueno, mas sem sucesso. Veio a segunda etapa e o Tricolor Paulista tomou conta das a\u00e7\u00f5es, correndo poucos riscos e ficando com a bola no campo de ataque. Teve um p\u00eanalti logo no primeiro minuto, em toque na m\u00e3o de Sosa, mas Vitor Bueno parou na defesa do goleiro Rossi.<\/p>\n<p>As chances come\u00e7aram a surgir com maior naturalidade: um belo chute de Rodrigo Nestor ap\u00f3s fazer fila na entrada da \u00e1rea, uma bomba de longe de Welington que Rossi se esticou para defender, e o lance mais inusitado de todos no fim. Em falta dentro da \u00e1rea ap\u00f3s um recuo que Rossi pegou com as m\u00e3os, Hernanes cobrou com for\u00e7a, tirou do goleiro, mas viu Crist\u00f3bal salvar em cima da linha. O S\u00e3o Paulo terminou o jogo merecendo a vit\u00f3ria.<\/p>\n<h3>Como fica?<\/h3>\n<p>O empate leva o S\u00e3o Paulo aos oito pontos, mesmo n\u00famero do Racing, mas na lideran\u00e7a do Grupo E por ter vantagem no saldo de gols \u2013 mais dois pontos classificam o Tricolor. O Rentistas fica com apenas tr\u00eas pontos, em terceiro lugar. O Sporting Cristal, zerado, j\u00e1 est\u00e1 eliminado.<\/p>\n<p>O S\u00e3o Paulo pensa agora no Campeonato Paulista \u2013 recebe a Ferrovi\u00e1ria na pr\u00f3xima sexta-feira, \u00e0s 21h30 (de Bras\u00edlia), no Morumbi, em jogo \u00fanico das quartas de final. Se passar, tem semifinal j\u00e1 no domingo. Pela Libertadores, o Tricolor joga na outra ter\u00e7a-feira contra o Racing, \u00e0s 21h30, novamente no Morumbi.<\/p>\n<p><strong>LEIA TAMB\u00c9M<\/strong><\/p>\n<p><a href=\"https:\/\/redenoticiaz.com.br\/litoralsp\/2021\/05\/12\/anderson-silva-se-despede-do-mma\">Anderson Silva se despede do MMA<\/a><\/p>\n","protected":false},"excerpt":{"rendered":"<p>No Uruguai, o S\u00e3o Paulo optou por um time reserva para enfrentar o Rentistas pela Libertadores da Am\u00e9rica. O Tricolor chegou a ficar na frente do placar, mas terminou em empate por 1 a 1. O resultado deixou o clube brasileiro na lideran\u00e7a do Grupo E, com oito pontos e depende de si mesmo para &hellip;<\/p>\n","protected":false},"author":6,"featured_media":8522,"comment_status":"open","ping_status":"closed","sticky":false,"template":"","format":"standard","meta":{"footnotes":""},"categories":[35],"tags":[2176,22117,20698,10557,8115,1124],"class_list":["post-8521","post","type-post","status-publish","format-standard","has-post-thumbnail","hentry","category-esporte","tag-libertadores-da-america","tag-orejuela","tag-rentistas","tag-sao-paulo-fc","tag-time-reserva","tag-uruguai"],"yoast_head":"<!-- This site is optimized with the Yoast SEO plugin v27.5 - https:\/\/yoast.com\/product\/yoast-seo-wordpress\/ -->\n<title>S\u00e3o Paulo escala time reserva e empata contra o Rentistas na Libertadores - Litoral SP<\/title>\n<meta name=\"description\" content=\"No Uruguai, o S\u00e3o Paulo optou por um time reserva para enfrentar o Rentistas pela Libertadores da Am\u00e9rica. O Tricolor chegou a ficar na frente\" \/>\n<meta name=\"robots\" content=\"index, follow, max-snippet:-1, max-image-preview:large, max-video-preview:-1\" \/>\n<link rel=\"canonical\" href=\"https:\/\/redenoticiaz.com.br\/litoralsp\/2021\/05\/13\/sao-paulo-escala-time-reserva-e-empata-contra-o-rentistas-na-libertadores\" \/>\n<meta property=\"og:locale\" content=\"pt_BR\" \/>\n<meta property=\"og:type\" content=\"article\" \/>\n<meta property=\"og:title\" content=\"S\u00e3o Paulo escala time reserva e empata contra o Rentistas na Libertadores - Litoral SP\" \/>\n<meta property=\"og:description\" content=\"No Uruguai, o S\u00e3o Paulo optou por um time reserva para enfrentar o Rentistas pela Libertadores da Am\u00e9rica. O Tricolor chegou a ficar na frente\" \/>\n<meta property=\"og:url\" content=\"https:\/\/redenoticiaz.com.br\/litoralsp\/2021\/05\/13\/sao-paulo-escala-time-reserva-e-empata-contra-o-rentistas-na-libertadores\" \/>\n<meta property=\"og:site_name\" content=\"Litoral SP\" \/>\n<meta property=\"article:published_time\" content=\"2021-05-13T15:49:08+00:00\" \/>\n<meta property=\"article:modified_time\" content=\"2021-05-13T15:49:55+00:00\" \/>\n<meta property=\"og:image\" content=\"https:\/\/redenoticiaz.com.br\/litoralsp\/wp-content\/uploads\/sites\/3\/2021\/05\/sp.jpeg\" \/>\n\t<meta property=\"og:image:width\" content=\"640\" \/>\n\t<meta property=\"og:image:height\" content=\"360\" \/>\n\t<meta property=\"og:image:type\" content=\"image\/jpeg\" \/>\n<meta name=\"author\" content=\"Leonardo Francisco\" \/>\n<meta name=\"twitter:card\" content=\"summary_large_image\" \/>\n<meta name=\"twitter:label1\" content=\"Escrito por\" \/>\n\t<meta name=\"twitter:data1\" content=\"Leonardo Francisco\" \/>\n\t<meta name=\"twitter:label2\" content=\"Est. tempo de leitura\" \/>\n\t<meta name=\"twitter:data2\" content=\"2 minutos\" \/>\n<script type=\"application\/ld+json\" class=\"yoast-schema-graph\">{\"@context\":\"https:\\\/\\\/schema.org\",\"@graph\":[{\"@type\":\"Article\",\"@id\":\"https:\\\/\\\/redenoticiaz.com.br\\\/litoralsp\\\/2021\\\/05\\\/13\\\/sao-paulo-escala-time-reserva-e-empata-contra-o-rentistas-na-libertadores#article\",\"isPartOf\":{\"@id\":\"https:\\\/\\\/redenoticiaz.com.br\\\/litoralsp\\\/2021\\\/05\\\/13\\\/sao-paulo-escala-time-reserva-e-empata-contra-o-rentistas-na-libertadores\"},\"author\":{\"name\":\"Leonardo Francisco\",\"@id\":\"https:\\\/\\\/redenoticiaz.com.br\\\/litoralsp\\\/#\\\/schema\\\/person\\\/0f0b8a5bdafefe82841e07ae8d81ecb3\"},\"headline\":\"S\u00e3o Paulo escala time reserva e empata contra o Rentistas na Libertadores\",\"datePublished\":\"2021-05-13T15:49:08+00:00\",\"dateModified\":\"2021-05-13T15:49:55+00:00\",\"mainEntityOfPage\":{\"@id\":\"https:\\\/\\\/redenoticiaz.com.br\\\/litoralsp\\\/2021\\\/05\\\/13\\\/sao-paulo-escala-time-reserva-e-empata-contra-o-rentistas-na-libertadores\"},\"wordCount\":444,\"commentCount\":0,\"publisher\":{\"@id\":\"https:\\\/\\\/redenoticiaz.com.br\\\/litoralsp\\\/#organization\"},\"image\":{\"@id\":\"https:\\\/\\\/redenoticiaz.com.br\\\/litoralsp\\\/2021\\\/05\\\/13\\\/sao-paulo-escala-time-reserva-e-empata-contra-o-rentistas-na-libertadores#primaryimage\"},\"thumbnailUrl\":\"https:\\\/\\\/redenoticiaz.com.br\\\/litoralsp\\\/wp-content\\\/uploads\\\/sites\\\/3\\\/2021\\\/05\\\/sp.jpeg\",\"keywords\":[\"Libertadores da Am\u00e9rica\",\"OREJUELA\",\"RENTISTAS\",\"S\u00c3O PAULO FC\",\"TIME RESERVA\",\"URUGUAI\"],\"articleSection\":[\"Esporte\"],\"inLanguage\":\"pt-BR\",\"potentialAction\":[{\"@type\":\"CommentAction\",\"name\":\"Comment\",\"target\":[\"https:\\\/\\\/redenoticiaz.com.br\\\/litoralsp\\\/2021\\\/05\\\/13\\\/sao-paulo-escala-time-reserva-e-empata-contra-o-rentistas-na-libertadores#respond\"]}]},{\"@type\":\"WebPage\",\"@id\":\"https:\\\/\\\/redenoticiaz.com.br\\\/litoralsp\\\/2021\\\/05\\\/13\\\/sao-paulo-escala-time-reserva-e-empata-contra-o-rentistas-na-libertadores\",\"url\":\"https:\\\/\\\/redenoticiaz.com.br\\\/litoralsp\\\/2021\\\/05\\\/13\\\/sao-paulo-escala-time-reserva-e-empata-contra-o-rentistas-na-libertadores\",\"name\":\"S\u00e3o Paulo escala time reserva e empata contra o Rentistas na Libertadores - Litoral SP\",\"isPartOf\":{\"@id\":\"https:\\\/\\\/redenoticiaz.com.br\\\/litoralsp\\\/#website\"},\"primaryImageOfPage\":{\"@id\":\"https:\\\/\\\/redenoticiaz.com.br\\\/litoralsp\\\/2021\\\/05\\\/13\\\/sao-paulo-escala-time-reserva-e-empata-contra-o-rentistas-na-libertadores#primaryimage\"},\"image\":{\"@id\":\"https:\\\/\\\/redenoticiaz.com.br\\\/litoralsp\\\/2021\\\/05\\\/13\\\/sao-paulo-escala-time-reserva-e-empata-contra-o-rentistas-na-libertadores#primaryimage\"},\"thumbnailUrl\":\"https:\\\/\\\/redenoticiaz.com.br\\\/litoralsp\\\/wp-content\\\/uploads\\\/sites\\\/3\\\/2021\\\/05\\\/sp.jpeg\",\"datePublished\":\"2021-05-13T15:49:08+00:00\",\"dateModified\":\"2021-05-13T15:49:55+00:00\",\"description\":\"No Uruguai, o S\u00e3o Paulo optou por um time reserva para enfrentar o Rentistas pela Libertadores da Am\u00e9rica. O Tricolor chegou a ficar na frente\",\"inLanguage\":\"pt-BR\",\"potentialAction\":[{\"@type\":\"ReadAction\",\"target\":[\"https:\\\/\\\/redenoticiaz.com.br\\\/litoralsp\\\/2021\\\/05\\\/13\\\/sao-paulo-escala-time-reserva-e-empata-contra-o-rentistas-na-libertadores\"]}]},{\"@type\":\"ImageObject\",\"inLanguage\":\"pt-BR\",\"@id\":\"https:\\\/\\\/redenoticiaz.com.br\\\/litoralsp\\\/2021\\\/05\\\/13\\\/sao-paulo-escala-time-reserva-e-empata-contra-o-rentistas-na-libertadores#primaryimage\",\"url\":\"https:\\\/\\\/redenoticiaz.com.br\\\/litoralsp\\\/wp-content\\\/uploads\\\/sites\\\/3\\\/2021\\\/05\\\/sp.jpeg\",\"contentUrl\":\"https:\\\/\\\/redenoticiaz.com.br\\\/litoralsp\\\/wp-content\\\/uploads\\\/sites\\\/3\\\/2021\\\/05\\\/sp.jpeg\",\"width\":640,\"height\":360,\"caption\":\"Logo no primeiro jogo, Orejuela fez o primeiro gol com a camisa Tricolor.\"},{\"@type\":\"WebSite\",\"@id\":\"https:\\\/\\\/redenoticiaz.com.br\\\/litoralsp\\\/#website\",\"url\":\"https:\\\/\\\/redenoticiaz.com.br\\\/litoralsp\\\/\",\"name\":\"Litoral SP\",\"description\":\"Rede NoticiaZ\",\"publisher\":{\"@id\":\"https:\\\/\\\/redenoticiaz.com.br\\\/litoralsp\\\/#organization\"},\"potentialAction\":[{\"@type\":\"SearchAction\",\"target\":{\"@type\":\"EntryPoint\",\"urlTemplate\":\"https:\\\/\\\/redenoticiaz.com.br\\\/litoralsp\\\/?s={search_term_string}\"},\"query-input\":{\"@type\":\"PropertyValueSpecification\",\"valueRequired\":true,\"valueName\":\"search_term_string\"}}],\"inLanguage\":\"pt-BR\"},{\"@type\":\"Organization\",\"@id\":\"https:\\\/\\\/redenoticiaz.com.br\\\/litoralsp\\\/#organization\",\"name\":\"Litoral SP\",\"url\":\"https:\\\/\\\/redenoticiaz.com.br\\\/litoralsp\\\/\",\"logo\":{\"@type\":\"ImageObject\",\"inLanguage\":\"pt-BR\",\"@id\":\"https:\\\/\\\/redenoticiaz.com.br\\\/litoralsp\\\/#\\\/schema\\\/logo\\\/image\\\/\",\"url\":\"https:\\\/\\\/redenoticiaz.com.br\\\/litoralsp\\\/wp-content\\\/uploads\\\/sites\\\/3\\\/2020\\\/11\\\/logo.jpg\",\"contentUrl\":\"https:\\\/\\\/redenoticiaz.com.br\\\/litoralsp\\\/wp-content\\\/uploads\\\/sites\\\/3\\\/2020\\\/11\\\/logo.jpg\",\"width\":400,\"height\":250,\"caption\":\"Litoral SP\"},\"image\":{\"@id\":\"https:\\\/\\\/redenoticiaz.com.br\\\/litoralsp\\\/#\\\/schema\\\/logo\\\/image\\\/\"}},{\"@type\":\"Person\",\"@id\":\"https:\\\/\\\/redenoticiaz.com.br\\\/litoralsp\\\/#\\\/schema\\\/person\\\/0f0b8a5bdafefe82841e07ae8d81ecb3\",\"name\":\"Leonardo Francisco\",\"image\":{\"@type\":\"ImageObject\",\"inLanguage\":\"pt-BR\",\"@id\":\"https:\\\/\\\/secure.gravatar.com\\\/avatar\\\/a7358cb406a99b682ec6df1e77e31ae82e63601f6784e8a3df411d72b37864da?s=96&d=mm&r=g\",\"url\":\"https:\\\/\\\/secure.gravatar.com\\\/avatar\\\/a7358cb406a99b682ec6df1e77e31ae82e63601f6784e8a3df411d72b37864da?s=96&d=mm&r=g\",\"contentUrl\":\"https:\\\/\\\/secure.gravatar.com\\\/avatar\\\/a7358cb406a99b682ec6df1e77e31ae82e63601f6784e8a3df411d72b37864da?s=96&d=mm&r=g\",\"caption\":\"Leonardo Francisco\"},\"url\":\"https:\\\/\\\/redenoticiaz.com.br\\\/litoralsp\\\/author\\\/leonardo-francisco\"}]}<\/script>\n<!-- \/ Yoast SEO plugin. -->","yoast_head_json":{"title":"S\u00e3o Paulo escala time reserva e empata contra o Rentistas na Libertadores - Litoral SP","description":"No Uruguai, o S\u00e3o Paulo optou por um time reserva para enfrentar o Rentistas pela Libertadores da Am\u00e9rica. O Tricolor chegou a ficar na frente","robots":{"index":"index","follow":"follow","max-snippet":"max-snippet:-1","max-image-preview":"max-image-preview:large","max-video-preview":"max-video-preview:-1"},"canonical":"https:\/\/redenoticiaz.com.br\/litoralsp\/2021\/05\/13\/sao-paulo-escala-time-reserva-e-empata-contra-o-rentistas-na-libertadores","og_locale":"pt_BR","og_type":"article","og_title":"S\u00e3o Paulo escala time reserva e empata contra o Rentistas na Libertadores - Litoral SP","og_description":"No Uruguai, o S\u00e3o Paulo optou por um time reserva para enfrentar o Rentistas pela Libertadores da Am\u00e9rica. O Tricolor chegou a ficar na frente","og_url":"https:\/\/redenoticiaz.com.br\/litoralsp\/2021\/05\/13\/sao-paulo-escala-time-reserva-e-empata-contra-o-rentistas-na-libertadores","og_site_name":"Litoral SP","article_published_time":"2021-05-13T15:49:08+00:00","article_modified_time":"2021-05-13T15:49:55+00:00","og_image":[{"width":640,"height":360,"url":"https:\/\/redenoticiaz.com.br\/litoralsp\/wp-content\/uploads\/sites\/3\/2021\/05\/sp.jpeg","type":"image\/jpeg"}],"author":"Leonardo Francisco","twitter_card":"summary_large_image","twitter_misc":{"Escrito por":"Leonardo Francisco","Est. tempo de leitura":"2 minutos"},"schema":{"@context":"https:\/\/schema.org","@graph":[{"@type":"Article","@id":"https:\/\/redenoticiaz.com.br\/litoralsp\/2021\/05\/13\/sao-paulo-escala-time-reserva-e-empata-contra-o-rentistas-na-libertadores#article","isPartOf":{"@id":"https:\/\/redenoticiaz.com.br\/litoralsp\/2021\/05\/13\/sao-paulo-escala-time-reserva-e-empata-contra-o-rentistas-na-libertadores"},"author":{"name":"Leonardo Francisco","@id":"https:\/\/redenoticiaz.com.br\/litoralsp\/#\/schema\/person\/0f0b8a5bdafefe82841e07ae8d81ecb3"},"headline":"S\u00e3o Paulo escala time reserva e empata contra o Rentistas na Libertadores","datePublished":"2021-05-13T15:49:08+00:00","dateModified":"2021-05-13T15:49:55+00:00","mainEntityOfPage":{"@id":"https:\/\/redenoticiaz.com.br\/litoralsp\/2021\/05\/13\/sao-paulo-escala-time-reserva-e-empata-contra-o-rentistas-na-libertadores"},"wordCount":444,"commentCount":0,"publisher":{"@id":"https:\/\/redenoticiaz.com.br\/litoralsp\/#organization"},"image":{"@id":"https:\/\/redenoticiaz.com.br\/litoralsp\/2021\/05\/13\/sao-paulo-escala-time-reserva-e-empata-contra-o-rentistas-na-libertadores#primaryimage"},"thumbnailUrl":"https:\/\/redenoticiaz.com.br\/litoralsp\/wp-content\/uploads\/sites\/3\/2021\/05\/sp.jpeg","keywords":["Libertadores da Am\u00e9rica","OREJUELA","RENTISTAS","S\u00c3O PAULO FC","TIME RESERVA","URUGUAI"],"articleSection":["Esporte"],"inLanguage":"pt-BR","potentialAction":[{"@type":"CommentAction","name":"Comment","target":["https:\/\/redenoticiaz.com.br\/litoralsp\/2021\/05\/13\/sao-paulo-escala-time-reserva-e-empata-contra-o-rentistas-na-libertadores#respond"]}]},{"@type":"WebPage","@id":"https:\/\/redenoticiaz.com.br\/litoralsp\/2021\/05\/13\/sao-paulo-escala-time-reserva-e-empata-contra-o-rentistas-na-libertadores","url":"https:\/\/redenoticiaz.com.br\/litoralsp\/2021\/05\/13\/sao-paulo-escala-time-reserva-e-empata-contra-o-rentistas-na-libertadores","name":"S\u00e3o Paulo escala time reserva e empata contra o Rentistas na Libertadores - Litoral SP","isPartOf":{"@id":"https:\/\/redenoticiaz.com.br\/litoralsp\/#website"},"primaryImageOfPage":{"@id":"https:\/\/redenoticiaz.com.br\/litoralsp\/2021\/05\/13\/sao-paulo-escala-time-reserva-e-empata-contra-o-rentistas-na-libertadores#primaryimage"},"image":{"@id":"https:\/\/redenoticiaz.com.br\/litoralsp\/2021\/05\/13\/sao-paulo-escala-time-reserva-e-empata-contra-o-rentistas-na-libertadores#primaryimage"},"thumbnailUrl":"https:\/\/redenoticiaz.com.br\/litoralsp\/wp-content\/uploads\/sites\/3\/2021\/05\/sp.jpeg","datePublished":"2021-05-13T15:49:08+00:00","dateModified":"2021-05-13T15:49:55+00:00","description":"No Uruguai, o S\u00e3o Paulo optou por um time reserva para enfrentar o Rentistas pela Libertadores da Am\u00e9rica. O Tricolor chegou a ficar na frente","inLanguage":"pt-BR","potentialAction":[{"@type":"ReadAction","target":["https:\/\/redenoticiaz.com.br\/litoralsp\/2021\/05\/13\/sao-paulo-escala-time-reserva-e-empata-contra-o-rentistas-na-libertadores"]}]},{"@type":"ImageObject","inLanguage":"pt-BR","@id":"https:\/\/redenoticiaz.com.br\/litoralsp\/2021\/05\/13\/sao-paulo-escala-time-reserva-e-empata-contra-o-rentistas-na-libertadores#primaryimage","url":"https:\/\/redenoticiaz.com.br\/litoralsp\/wp-content\/uploads\/sites\/3\/2021\/05\/sp.jpeg","contentUrl":"https:\/\/redenoticiaz.com.br\/litoralsp\/wp-content\/uploads\/sites\/3\/2021\/05\/sp.jpeg","width":640,"height":360,"caption":"Logo no primeiro jogo, Orejuela fez o primeiro gol com a camisa Tricolor."},{"@type":"WebSite","@id":"https:\/\/redenoticiaz.com.br\/litoralsp\/#website","url":"https:\/\/redenoticiaz.com.br\/litoralsp\/","name":"Litoral SP","description":"Rede NoticiaZ","publisher":{"@id":"https:\/\/redenoticiaz.com.br\/litoralsp\/#organization"},"potentialAction":[{"@type":"SearchAction","target":{"@type":"EntryPoint","urlTemplate":"https:\/\/redenoticiaz.com.br\/litoralsp\/?s={search_term_string}"},"query-input":{"@type":"PropertyValueSpecification","valueRequired":true,"valueName":"search_term_string"}}],"inLanguage":"pt-BR"},{"@type":"Organization","@id":"https:\/\/redenoticiaz.com.br\/litoralsp\/#organization","name":"Litoral SP","url":"https:\/\/redenoticiaz.com.br\/litoralsp\/","logo":{"@type":"ImageObject","inLanguage":"pt-BR","@id":"https:\/\/redenoticiaz.com.br\/litoralsp\/#\/schema\/logo\/image\/","url":"https:\/\/redenoticiaz.com.br\/litoralsp\/wp-content\/uploads\/sites\/3\/2020\/11\/logo.jpg","contentUrl":"https:\/\/redenoticiaz.com.br\/litoralsp\/wp-content\/uploads\/sites\/3\/2020\/11\/logo.jpg","width":400,"height":250,"caption":"Litoral SP"},"image":{"@id":"https:\/\/redenoticiaz.com.br\/litoralsp\/#\/schema\/logo\/image\/"}},{"@type":"Person","@id":"https:\/\/redenoticiaz.com.br\/litoralsp\/#\/schema\/person\/0f0b8a5bdafefe82841e07ae8d81ecb3","name":"Leonardo Francisco","image":{"@type":"ImageObject","inLanguage":"pt-BR","@id":"https:\/\/secure.gravatar.com\/avatar\/a7358cb406a99b682ec6df1e77e31ae82e63601f6784e8a3df411d72b37864da?s=96&d=mm&r=g","url":"https:\/\/secure.gravatar.com\/avatar\/a7358cb406a99b682ec6df1e77e31ae82e63601f6784e8a3df411d72b37864da?s=96&d=mm&r=g","contentUrl":"https:\/\/secure.gravatar.com\/avatar\/a7358cb406a99b682ec6df1e77e31ae82e63601f6784e8a3df411d72b37864da?s=96&d=mm&r=g","caption":"Leonardo Francisco"},"url":"https:\/\/redenoticiaz.com.br\/litoralsp\/author\/leonardo-francisco"}]}},"_links":{"self":[{"href":"https:\/\/redenoticiaz.com.br\/litoralsp\/wp-json\/wp\/v2\/posts\/8521","targetHints":{"allow":["GET"]}}],"collection":[{"href":"https:\/\/redenoticiaz.com.br\/litoralsp\/wp-json\/wp\/v2\/posts"}],"about":[{"href":"https:\/\/redenoticiaz.com.br\/litoralsp\/wp-json\/wp\/v2\/types\/post"}],"author":[{"embeddable":true,"href":"https:\/\/redenoticiaz.com.br\/litoralsp\/wp-json\/wp\/v2\/users\/6"}],"replies":[{"embeddable":true,"href":"https:\/\/redenoticiaz.com.br\/litoralsp\/wp-json\/wp\/v2\/comments?post=8521"}],"version-history":[{"count":1,"href":"https:\/\/redenoticiaz.com.br\/litoralsp\/wp-json\/wp\/v2\/posts\/8521\/revisions"}],"predecessor-version":[{"id":8523,"href":"https:\/\/redenoticiaz.com.br\/litoralsp\/wp-json\/wp\/v2\/posts\/8521\/revisions\/8523"}],"wp:featuredmedia":[{"embeddable":true,"href":"https:\/\/redenoticiaz.com.br\/litoralsp\/wp-json\/wp\/v2\/media\/8522"}],"wp:attachment":[{"href":"https:\/\/redenoticiaz.com.br\/litoralsp\/wp-json\/wp\/v2\/media?parent=8521"}],"wp:term":[{"taxonomy":"category","embeddable":true,"href":"https:\/\/redenoticiaz.com.br\/litoralsp\/wp-json\/wp\/v2\/categories?post=8521"},{"taxonomy":"post_tag","embeddable":true,"href":"https:\/\/redenoticiaz.com.br\/litoralsp\/wp-json\/wp\/v2\/tags?post=8521"}],"curies":[{"name":"wp","href":"https:\/\/api.w.org\/{rel}","templated":true}]}}