{"id":8524,"date":"2021-05-13T15:33:49","date_gmt":"2021-05-13T18:33:49","guid":{"rendered":"https:\/\/redenoticiaz.com.br\/litoralsp\/2021\/05\/13\/executivo-da-pfizer-e-ouvido-na-cpi-da-covid-e-confirma-rejeicao-do-governo-federal"},"modified":"2021-05-13T15:36:38","modified_gmt":"2021-05-13T18:36:38","slug":"executivo-da-pfizer-e-ouvido-na-cpi-da-covid-e-confirma-rejeicao-do-governo-federal","status":"publish","type":"post","link":"https:\/\/redenoticiaz.com.br\/litoralsp\/2021\/05\/13\/executivo-da-pfizer-e-ouvido-na-cpi-da-covid-e-confirma-rejeicao-do-governo-federal","title":{"rendered":"Executivo da Pfizer \u00e9 ouvido na CPI da Covid e confirma rejei\u00e7\u00e3o do Governo Federal"},"content":{"rendered":"<p>Nesta quinta-feira (13), chegou a vez do gerente-geral da <a href=\"https:\/\/www.pfizer.com.br\/\">Pfizer<\/a> na Am\u00e9rica Latina, Carlos Murillo, ser ouvido na <strong>CPI da Covid<\/strong>. E ele confirmou que o Governo Federal n\u00e3o respondeu no ano passado as ofertas de contrato para a aquisi\u00e7\u00e3o de 70 milh\u00f5es de doses. Foram 13 propostas, sendo que em uma delas, o Brasil teria 1,5 milh\u00e3o de doses dispon\u00edveis ainda em 2020.<\/p>\n<p>O acordo da Pfizer com o governo brasileiro s\u00f3 foi fechado no dia 19 de mar\u00e7o, no auge da pandemia do coronav\u00edrus. S\u00f3 que as doses s\u00f3 come\u00e7aram a ser distribu\u00eddas no final de abril. O executivo explicou como foram as propostas.<\/p>\n<p>&#8220;Nossa oferta de 26 de agosto, como era vinculante, e como est\u00e1vamos nesse processo com todos os governos [de outros pa\u00edses] tinha validade de 15 dias. Passados esses 15 dias, o governo do Brasil n\u00e3o rejeitou, mas tampouco aceitou&#8221;, afirmou Murillo, citando uma das propostas.<\/p>\n<p>De acordo com Carlos Murillo, a\u00a0empresa apresentou, em agosto, tr\u00eas propostas para o governo, que ficaram sem resposta. As tr\u00eas previam um contrato de 30 milh\u00f5es de doses ou de 70 milh\u00f5es de doses. Os termos das propostas para 70 milh\u00f5es de doses em agosto, segundo Murillo, foram:<\/p>\n<div class=\"mc-column content-text active-extra-styles \" data-block-type=\"unstyled\" data-block-weight=\"9\" data-block-id=\"6\">\n<h3 class=\"content-text__container \" data-track-category=\"Link no Texto\"><strong>1\u00aa proposta, feita em 14 de agosto de 2020<\/strong><\/h3>\n<\/div>\n<div class=\"mc-column content-text active-extra-styles\" data-block-type=\"raw\" data-block-weight=\"42\" data-block-id=\"8\">\n<ul class=\"content-unordered-list\">\n<li><strong>500 mil\u00a0<\/strong>doses<strong>\u00a0<\/strong>ainda em 2020<\/li>\n<li><strong>1,5 milh\u00e3o\u00a0<\/strong>de doses no 1\u00ba trimestre de 2021<\/li>\n<li><strong>5 milh\u00f5es\u00a0<\/strong>de doses no<strong>\u00a0<\/strong>2\u00ba trimestre de 2021<\/li>\n<li><strong>33 milh\u00f5es<\/strong>\u00a0de doses no 3\u00ba trimestre de 2021<\/li>\n<li><strong>30 milh\u00f5es<\/strong>\u00a0de doses no 4\u00ba trimestre de 2021<\/li>\n<\/ul>\n<\/div>\n<div class=\"mc-column content-text active-extra-styles \" data-block-type=\"unstyled\" data-block-weight=\"11\" data-block-id=\"9\">\n<h3 class=\"content-text__container \" data-track-category=\"Link no Texto\"><strong>2\u00aa proposta, feita em 18 de agosto de 2020<\/strong><\/h3>\n<\/div>\n<div class=\"mc-column content-text active-extra-styles\" data-block-type=\"raw\" data-block-weight=\"43\" data-block-id=\"10\">\n<ul class=\"content-unordered-list\">\n<li><strong>1,5 milh\u00e3o\u00a0<\/strong>de doses ainda em 2020<strong>.<\/strong><\/li>\n<li><strong>1,5 milh\u00e3o\u00a0<\/strong>de doses no 1\u00ba trimestre de 2021<\/li>\n<li><strong>5 milh\u00f5es\u00a0<\/strong>de doses no 2\u00ba trimestre de 2021<\/li>\n<li><strong>33 milh\u00f5es\u00a0<\/strong>de doses no 3\u00ba trimestre de 2021<strong>.<\/strong><\/li>\n<li><strong>29 milh\u00f5es\u00a0<\/strong>de doses no 4\u00ba trimestre de 2021<\/li>\n<\/ul>\n<\/div>\n<div class=\"mc-column content-text active-extra-styles \" data-block-type=\"unstyled\" data-block-weight=\"9\" data-block-id=\"11\">\n<h3 class=\"content-text__container \" data-track-category=\"Link no Texto\"><strong>3\u00aa proposta, feita em 26 de agosto de 2020<\/strong><\/h3>\n<\/div>\n<div class=\"mc-column content-text active-extra-styles\" data-block-type=\"raw\" data-block-weight=\"46\" data-block-id=\"12\">\n<ul class=\"content-unordered-list\">\n<li><strong>1,5 milh\u00e3o\u00a0<\/strong>de doses para 2020<\/li>\n<li><strong>3 milh\u00f5es\u00a0<\/strong>de doses para o 1\u00ba trimestre de 2021<\/li>\n<li><strong>14 milh\u00f5es\u00a0<\/strong>de doses para o 2\u00ba trimestre de 2021<\/li>\n<li><strong>26,5 milh\u00f5es\u00a0<\/strong>de doses para o 3\u00ba trimestre de 2021<\/li>\n<li><strong>25 milh\u00f5es\u00a0<\/strong>de doses para o 4\u00ba trimestre de 2021<\/li>\n<\/ul>\n<p>O gerente-geral da Pfizer explica que em todas as ofertas, o pre\u00e7o foi de US$ 10 por dose. A Pfizer j\u00e1 havia relatado em nota, em janeiro de 2021, que havia feito as ofertas para o pa\u00eds. Murillo relatou \u00e0 CPI que, depois das ofertas de agosto, foram feitas ao governo brasileiro propostas tamb\u00e9m no m\u00eas de novembro. A partir de ent\u00e3o, todas as ofertas s\u00f3 se referiam a 70 milh\u00f5es de doses. Tamb\u00e9m as de novembro n\u00e3o foram aceitas pelo Brasil<\/p>\n<div class=\"mc-column content-text active-extra-styles \" data-block-type=\"unstyled\" data-block-weight=\"5\" data-block-id=\"15\">\n<h3 class=\"content-text__container \" data-track-category=\"Link no Texto\"><strong>Proposta de 11 de novembro<\/strong><\/h3>\n<\/div>\n<div class=\"mc-column content-text active-extra-styles\" data-block-type=\"raw\" data-block-weight=\"40\" data-block-id=\"16\">\n<ul class=\"content-unordered-list\">\n<li><strong>2 milh\u00f5es\u00a0<\/strong>de doses para o 1\u00ba trimestre de 2021<\/li>\n<li><strong>6,5 milh\u00f5es<\/strong>\u00a0de doses para o 2\u00ba trimestre de 2021<\/li>\n<li><strong>32 milh\u00f5es<\/strong>\u00a0de doses para o 3\u00ba trimestre de 2021<\/li>\n<li><strong>29,5 milh\u00f5es<\/strong>\u00a0de doses para o 4\u00ba trimestre de 2021<\/li>\n<\/ul>\n<\/div>\n<div class=\"mc-column content-text active-extra-styles \" data-block-type=\"unstyled\" data-block-weight=\"5\" data-block-id=\"17\">\n<h3 class=\"content-text__container \" data-track-category=\"Link no Texto\"><strong>Proposta de 24 de novembro<\/strong><\/h3>\n<\/div>\n<div class=\"mc-column content-text active-extra-styles\" data-block-type=\"raw\" data-block-weight=\"10\" data-block-id=\"18\">\n<ul class=\"content-unordered-list\">\n<li>Mesma previs\u00e3o de doses da proposta de 11 de novembro<\/li>\n<\/ul>\n<\/div>\n<div class=\"mc-column content-text active-extra-styles \" data-block-type=\"unstyled\" data-block-weight=\"35\" data-block-id=\"19\">\n<p class=\"content-text__container \" data-track-category=\"Link no Texto\" data-track-links=\"\">Murillo relatou tamb\u00e9m uma proposta feita em fevereiro. Essa previa 100 milh\u00f5es de doses: 8,7 milh\u00f5es no 2\u00ba trimestre; 32 milh\u00f5es no 3\u00ba trimestre e 59 milh\u00f5es no 4\u00ba trimestre. Mas esta tamb\u00e9m n\u00e3o foi aceita.<\/p>\n<div class=\"mc-column content-text active-extra-styles\" data-block-type=\"raw\" data-block-weight=\"3\" data-block-id=\"22\">\n<div class=\"content-intertitle\">\n<h3>Carta para Bolsonaro<\/h3>\n<\/div>\n<\/div>\n<div class=\"mc-column content-text active-extra-styles \" data-block-type=\"unstyled\" data-block-weight=\"35\" data-block-id=\"23\">\n<p class=\"content-text__container \" data-track-category=\"Link no Texto\" data-track-links=\"\">A Pfizer, ao lado da BioNTech, foi uma das primeiras empresas a apresentar vacinas contra o novo coronav\u00edrus ao mundo. A vacina do laborat\u00f3rio tem registro definitivo aprovado pela Ag\u00eancia Nacional de Vigil\u00e2ncia Sanit\u00e1ria (Anvisa)<\/p>\n<\/div>\n<div class=\"mc-column content-text active-extra-styles \" data-block-type=\"unstyled\" data-block-weight=\"24\" data-block-id=\"24\">\n<p class=\"content-text__container \" data-track-category=\"Link no Texto\" data-track-links=\"\">Para parte dos integrantes da CPI,\u00a0o governo Jair Bolsonaro foi &#8220;incompetente&#8221; e &#8220;pouco se empenhou&#8221; para comprar doses do imunizante desenvolvido pelo laborat\u00f3rio. Murillo confirmou que a Pfizer enviou, em 12 de setembro, uma carta ao presidente Jair Bolsonaro, com c\u00f3pia para integrantes da c\u00fapula do governo, refor\u00e7ando o interesse da empresa em fazer neg\u00f3cio com o Brasil.<\/p>\n<\/div>\n<div class=\"mc-column content-text active-extra-styles \" data-block-type=\"unstyled\" data-block-weight=\"46\" data-block-id=\"26\">\n<p class=\"content-text__container \" data-track-category=\"Link no Texto\" data-track-links=\"\">Na quarta-feira (12),\u00a0em depoimento \u00e0 CPI, o ex-secret\u00e1rio de Comunica\u00e7\u00e3o da Presid\u00eancia Fabio Wajngarten afirmou que a carta ficou dois meses sem resposta. Wajngarten disse que ficou sabendo do documento em 9 de novembro, quando ele pr\u00f3prio decidiu entrar em contato com a Pfizer.<\/p>\n<\/div>\n<p data-track-category=\"Link no Texto\" data-track-links=\"\">&#8220;A carta foi enviada em 12 de setembro, assinado apelo nosso CEO global, e era dirigida ao presidente Jair Bolsonaro mais outra autoridades do governo. Com c\u00f3pia para Hamilton Mour\u00e3o, vice-presidente; para os ex-ministros da Casa Civil, Walter Braga Netto e da Sa\u00fade Eduardo Pazuello; para o chefe da pasta da Economia, Paulo Guedes, e para o embaixador braisleiro nos Estados Unidos, Nelsos Foster&#8221;, completou Murillo.<\/p>\n<p data-track-category=\"Link no Texto\" data-track-links=\"\"><strong>LEIA TAMB\u00c9M<\/strong><\/p>\n<p data-track-category=\"Link no Texto\" data-track-links=\"\"><a href=\"https:\/\/redenoticiaz.com.br\/blog\/2021\/05\/12\/wajngarten-e-chamado-de-mentiroso-em-depoimento-na-cpi\">Wajngarten \u00e9 chamado de mentiroso em depoimento na CPI<\/a><\/p>\n<\/div>\n<\/div>\n","protected":false},"excerpt":{"rendered":"<p>Nesta quinta-feira (13), chegou a vez do gerente-geral da Pfizer na Am\u00e9rica Latina, Carlos Murillo, ser ouvido na CPI da Covid. E ele confirmou que o Governo Federal n\u00e3o respondeu no ano passado as ofertas de contrato para a aquisi\u00e7\u00e3o de 70 milh\u00f5es de doses. Foram 13 propostas, sendo que em uma delas, o Brasil &hellip;<\/p>\n","protected":false},"author":6,"featured_media":8525,"comment_status":"open","ping_status":"closed","sticky":false,"template":"","format":"standard","meta":{"footnotes":""},"categories":[22,15,23],"tags":[173,22118,1249,22119,18891,19193],"class_list":["post-8524","post","type-post","status-publish","format-standard","has-post-thumbnail","hentry","category-justica","category-politica","category-saude","tag-brasil","tag-carlos-murillo","tag-pfizer","tag-rejeicao-das-doses","tag-senado-federal","tag-vacina-da-pfizer"],"yoast_head":"<!-- This site is optimized with the Yoast SEO plugin v27.5 - https:\/\/yoast.com\/product\/yoast-seo-wordpress\/ -->\n<title>Executivo da Pfizer \u00e9 ouvido na CPI da Covid e confirma rejei\u00e7\u00e3o do Governo Federal - Litoral SP<\/title>\n<meta name=\"description\" content=\"Nesta quinta-feira (13), chegou a vez do gerente-geral da Pfizer na Am\u00e9rica Latina, Carlos Murillo, ser ouvido na CPI da Covid. E ele confirmou\" \/>\n<meta name=\"robots\" content=\"index, follow, max-snippet:-1, max-image-preview:large, max-video-preview:-1\" \/>\n<link rel=\"canonical\" href=\"https:\/\/redenoticiaz.com.br\/litoralsp\/2021\/05\/13\/executivo-da-pfizer-e-ouvido-na-cpi-da-covid-e-confirma-rejeicao-do-governo-federal\" \/>\n<meta property=\"og:locale\" content=\"pt_BR\" \/>\n<meta property=\"og:type\" content=\"article\" \/>\n<meta property=\"og:title\" content=\"Executivo da Pfizer \u00e9 ouvido na CPI da Covid e confirma rejei\u00e7\u00e3o do Governo Federal - Litoral SP\" \/>\n<meta property=\"og:description\" content=\"Nesta quinta-feira (13), chegou a vez do gerente-geral da Pfizer na Am\u00e9rica Latina, Carlos Murillo, ser ouvido na CPI da Covid. E ele confirmou\" \/>\n<meta property=\"og:url\" content=\"https:\/\/redenoticiaz.com.br\/litoralsp\/2021\/05\/13\/executivo-da-pfizer-e-ouvido-na-cpi-da-covid-e-confirma-rejeicao-do-governo-federal\" \/>\n<meta property=\"og:site_name\" content=\"Litoral SP\" \/>\n<meta property=\"article:published_time\" content=\"2021-05-13T18:33:49+00:00\" \/>\n<meta property=\"article:modified_time\" content=\"2021-05-13T18:36:38+00:00\" \/>\n<meta property=\"og:image\" content=\"https:\/\/redenoticiaz.com.br\/litoralsp\/wp-content\/uploads\/sites\/3\/2021\/05\/carlos-murillo-detalhou-negociacoes-da-pfizer-com-governo-brasileiro.jpeg\" \/>\n\t<meta property=\"og:image:width\" content=\"804\" \/>\n\t<meta property=\"og:image:height\" content=\"536\" \/>\n\t<meta property=\"og:image:type\" content=\"image\/jpeg\" \/>\n<meta name=\"author\" content=\"Leonardo Francisco\" \/>\n<meta name=\"twitter:card\" content=\"summary_large_image\" \/>\n<meta name=\"twitter:label1\" content=\"Escrito por\" \/>\n\t<meta name=\"twitter:data1\" content=\"Leonardo Francisco\" \/>\n\t<meta name=\"twitter:label2\" content=\"Est. tempo de leitura\" \/>\n\t<meta name=\"twitter:data2\" content=\"4 minutos\" \/>\n<script type=\"application\/ld+json\" class=\"yoast-schema-graph\">{\"@context\":\"https:\\\/\\\/schema.org\",\"@graph\":[{\"@type\":\"Article\",\"@id\":\"https:\\\/\\\/redenoticiaz.com.br\\\/litoralsp\\\/2021\\\/05\\\/13\\\/executivo-da-pfizer-e-ouvido-na-cpi-da-covid-e-confirma-rejeicao-do-governo-federal#article\",\"isPartOf\":{\"@id\":\"https:\\\/\\\/redenoticiaz.com.br\\\/litoralsp\\\/2021\\\/05\\\/13\\\/executivo-da-pfizer-e-ouvido-na-cpi-da-covid-e-confirma-rejeicao-do-governo-federal\"},\"author\":{\"name\":\"Leonardo Francisco\",\"@id\":\"https:\\\/\\\/redenoticiaz.com.br\\\/litoralsp\\\/#\\\/schema\\\/person\\\/0f0b8a5bdafefe82841e07ae8d81ecb3\"},\"headline\":\"Executivo da Pfizer \u00e9 ouvido na CPI da Covid e confirma rejei\u00e7\u00e3o do Governo Federal\",\"datePublished\":\"2021-05-13T18:33:49+00:00\",\"dateModified\":\"2021-05-13T18:36:38+00:00\",\"mainEntityOfPage\":{\"@id\":\"https:\\\/\\\/redenoticiaz.com.br\\\/litoralsp\\\/2021\\\/05\\\/13\\\/executivo-da-pfizer-e-ouvido-na-cpi-da-covid-e-confirma-rejeicao-do-governo-federal\"},\"wordCount\":745,\"commentCount\":0,\"publisher\":{\"@id\":\"https:\\\/\\\/redenoticiaz.com.br\\\/litoralsp\\\/#organization\"},\"image\":{\"@id\":\"https:\\\/\\\/redenoticiaz.com.br\\\/litoralsp\\\/2021\\\/05\\\/13\\\/executivo-da-pfizer-e-ouvido-na-cpi-da-covid-e-confirma-rejeicao-do-governo-federal#primaryimage\"},\"thumbnailUrl\":\"https:\\\/\\\/redenoticiaz.com.br\\\/litoralsp\\\/wp-content\\\/uploads\\\/sites\\\/3\\\/2021\\\/05\\\/carlos-murillo-detalhou-negociacoes-da-pfizer-com-governo-brasileiro.jpeg\",\"keywords\":[\"Brasil\",\"CARLOS MURILLO\",\"Pfizer\",\"REJEI\u00c7\u00c3O DAS DOSES\",\"SENADO FEDERAL\",\"VACINA DA PFIZER\"],\"articleSection\":[\"Justi\u00e7a\",\"Pol\u00edtica\",\"Sa\u00fade\"],\"inLanguage\":\"pt-BR\",\"potentialAction\":[{\"@type\":\"CommentAction\",\"name\":\"Comment\",\"target\":[\"https:\\\/\\\/redenoticiaz.com.br\\\/litoralsp\\\/2021\\\/05\\\/13\\\/executivo-da-pfizer-e-ouvido-na-cpi-da-covid-e-confirma-rejeicao-do-governo-federal#respond\"]}]},{\"@type\":\"WebPage\",\"@id\":\"https:\\\/\\\/redenoticiaz.com.br\\\/litoralsp\\\/2021\\\/05\\\/13\\\/executivo-da-pfizer-e-ouvido-na-cpi-da-covid-e-confirma-rejeicao-do-governo-federal\",\"url\":\"https:\\\/\\\/redenoticiaz.com.br\\\/litoralsp\\\/2021\\\/05\\\/13\\\/executivo-da-pfizer-e-ouvido-na-cpi-da-covid-e-confirma-rejeicao-do-governo-federal\",\"name\":\"Executivo da Pfizer \u00e9 ouvido na CPI da Covid e confirma rejei\u00e7\u00e3o do Governo Federal - Litoral SP\",\"isPartOf\":{\"@id\":\"https:\\\/\\\/redenoticiaz.com.br\\\/litoralsp\\\/#website\"},\"primaryImageOfPage\":{\"@id\":\"https:\\\/\\\/redenoticiaz.com.br\\\/litoralsp\\\/2021\\\/05\\\/13\\\/executivo-da-pfizer-e-ouvido-na-cpi-da-covid-e-confirma-rejeicao-do-governo-federal#primaryimage\"},\"image\":{\"@id\":\"https:\\\/\\\/redenoticiaz.com.br\\\/litoralsp\\\/2021\\\/05\\\/13\\\/executivo-da-pfizer-e-ouvido-na-cpi-da-covid-e-confirma-rejeicao-do-governo-federal#primaryimage\"},\"thumbnailUrl\":\"https:\\\/\\\/redenoticiaz.com.br\\\/litoralsp\\\/wp-content\\\/uploads\\\/sites\\\/3\\\/2021\\\/05\\\/carlos-murillo-detalhou-negociacoes-da-pfizer-com-governo-brasileiro.jpeg\",\"datePublished\":\"2021-05-13T18:33:49+00:00\",\"dateModified\":\"2021-05-13T18:36:38+00:00\",\"description\":\"Nesta quinta-feira (13), chegou a vez do gerente-geral da Pfizer na Am\u00e9rica Latina, Carlos Murillo, ser ouvido na CPI da Covid. E ele confirmou\",\"inLanguage\":\"pt-BR\",\"potentialAction\":[{\"@type\":\"ReadAction\",\"target\":[\"https:\\\/\\\/redenoticiaz.com.br\\\/litoralsp\\\/2021\\\/05\\\/13\\\/executivo-da-pfizer-e-ouvido-na-cpi-da-covid-e-confirma-rejeicao-do-governo-federal\"]}]},{\"@type\":\"ImageObject\",\"inLanguage\":\"pt-BR\",\"@id\":\"https:\\\/\\\/redenoticiaz.com.br\\\/litoralsp\\\/2021\\\/05\\\/13\\\/executivo-da-pfizer-e-ouvido-na-cpi-da-covid-e-confirma-rejeicao-do-governo-federal#primaryimage\",\"url\":\"https:\\\/\\\/redenoticiaz.com.br\\\/litoralsp\\\/wp-content\\\/uploads\\\/sites\\\/3\\\/2021\\\/05\\\/carlos-murillo-detalhou-negociacoes-da-pfizer-com-governo-brasileiro.jpeg\",\"contentUrl\":\"https:\\\/\\\/redenoticiaz.com.br\\\/litoralsp\\\/wp-content\\\/uploads\\\/sites\\\/3\\\/2021\\\/05\\\/carlos-murillo-detalhou-negociacoes-da-pfizer-com-governo-brasileiro.jpeg\",\"width\":804,\"height\":536,\"caption\":\"Diversas propostas foram feitas, mas o Governo Federal n\u00e3o sinalizou inten\u00e7\u00e3o de compra.\"},{\"@type\":\"WebSite\",\"@id\":\"https:\\\/\\\/redenoticiaz.com.br\\\/litoralsp\\\/#website\",\"url\":\"https:\\\/\\\/redenoticiaz.com.br\\\/litoralsp\\\/\",\"name\":\"Litoral SP\",\"description\":\"Rede NoticiaZ\",\"publisher\":{\"@id\":\"https:\\\/\\\/redenoticiaz.com.br\\\/litoralsp\\\/#organization\"},\"potentialAction\":[{\"@type\":\"SearchAction\",\"target\":{\"@type\":\"EntryPoint\",\"urlTemplate\":\"https:\\\/\\\/redenoticiaz.com.br\\\/litoralsp\\\/?s={search_term_string}\"},\"query-input\":{\"@type\":\"PropertyValueSpecification\",\"valueRequired\":true,\"valueName\":\"search_term_string\"}}],\"inLanguage\":\"pt-BR\"},{\"@type\":\"Organization\",\"@id\":\"https:\\\/\\\/redenoticiaz.com.br\\\/litoralsp\\\/#organization\",\"name\":\"Litoral SP\",\"url\":\"https:\\\/\\\/redenoticiaz.com.br\\\/litoralsp\\\/\",\"logo\":{\"@type\":\"ImageObject\",\"inLanguage\":\"pt-BR\",\"@id\":\"https:\\\/\\\/redenoticiaz.com.br\\\/litoralsp\\\/#\\\/schema\\\/logo\\\/image\\\/\",\"url\":\"https:\\\/\\\/redenoticiaz.com.br\\\/litoralsp\\\/wp-content\\\/uploads\\\/sites\\\/3\\\/2020\\\/11\\\/logo.jpg\",\"contentUrl\":\"https:\\\/\\\/redenoticiaz.com.br\\\/litoralsp\\\/wp-content\\\/uploads\\\/sites\\\/3\\\/2020\\\/11\\\/logo.jpg\",\"width\":400,\"height\":250,\"caption\":\"Litoral SP\"},\"image\":{\"@id\":\"https:\\\/\\\/redenoticiaz.com.br\\\/litoralsp\\\/#\\\/schema\\\/logo\\\/image\\\/\"}},{\"@type\":\"Person\",\"@id\":\"https:\\\/\\\/redenoticiaz.com.br\\\/litoralsp\\\/#\\\/schema\\\/person\\\/0f0b8a5bdafefe82841e07ae8d81ecb3\",\"name\":\"Leonardo Francisco\",\"image\":{\"@type\":\"ImageObject\",\"inLanguage\":\"pt-BR\",\"@id\":\"https:\\\/\\\/secure.gravatar.com\\\/avatar\\\/a7358cb406a99b682ec6df1e77e31ae82e63601f6784e8a3df411d72b37864da?s=96&d=mm&r=g\",\"url\":\"https:\\\/\\\/secure.gravatar.com\\\/avatar\\\/a7358cb406a99b682ec6df1e77e31ae82e63601f6784e8a3df411d72b37864da?s=96&d=mm&r=g\",\"contentUrl\":\"https:\\\/\\\/secure.gravatar.com\\\/avatar\\\/a7358cb406a99b682ec6df1e77e31ae82e63601f6784e8a3df411d72b37864da?s=96&d=mm&r=g\",\"caption\":\"Leonardo Francisco\"},\"url\":\"https:\\\/\\\/redenoticiaz.com.br\\\/litoralsp\\\/author\\\/leonardo-francisco\"}]}<\/script>\n<!-- \/ Yoast SEO plugin. -->","yoast_head_json":{"title":"Executivo da Pfizer \u00e9 ouvido na CPI da Covid e confirma rejei\u00e7\u00e3o do Governo Federal - Litoral SP","description":"Nesta quinta-feira (13), chegou a vez do gerente-geral da Pfizer na Am\u00e9rica Latina, Carlos Murillo, ser ouvido na CPI da Covid. E ele confirmou","robots":{"index":"index","follow":"follow","max-snippet":"max-snippet:-1","max-image-preview":"max-image-preview:large","max-video-preview":"max-video-preview:-1"},"canonical":"https:\/\/redenoticiaz.com.br\/litoralsp\/2021\/05\/13\/executivo-da-pfizer-e-ouvido-na-cpi-da-covid-e-confirma-rejeicao-do-governo-federal","og_locale":"pt_BR","og_type":"article","og_title":"Executivo da Pfizer \u00e9 ouvido na CPI da Covid e confirma rejei\u00e7\u00e3o do Governo Federal - Litoral SP","og_description":"Nesta quinta-feira (13), chegou a vez do gerente-geral da Pfizer na Am\u00e9rica Latina, Carlos Murillo, ser ouvido na CPI da Covid. E ele confirmou","og_url":"https:\/\/redenoticiaz.com.br\/litoralsp\/2021\/05\/13\/executivo-da-pfizer-e-ouvido-na-cpi-da-covid-e-confirma-rejeicao-do-governo-federal","og_site_name":"Litoral SP","article_published_time":"2021-05-13T18:33:49+00:00","article_modified_time":"2021-05-13T18:36:38+00:00","og_image":[{"width":804,"height":536,"url":"https:\/\/redenoticiaz.com.br\/litoralsp\/wp-content\/uploads\/sites\/3\/2021\/05\/carlos-murillo-detalhou-negociacoes-da-pfizer-com-governo-brasileiro.jpeg","type":"image\/jpeg"}],"author":"Leonardo Francisco","twitter_card":"summary_large_image","twitter_misc":{"Escrito por":"Leonardo Francisco","Est. tempo de leitura":"4 minutos"},"schema":{"@context":"https:\/\/schema.org","@graph":[{"@type":"Article","@id":"https:\/\/redenoticiaz.com.br\/litoralsp\/2021\/05\/13\/executivo-da-pfizer-e-ouvido-na-cpi-da-covid-e-confirma-rejeicao-do-governo-federal#article","isPartOf":{"@id":"https:\/\/redenoticiaz.com.br\/litoralsp\/2021\/05\/13\/executivo-da-pfizer-e-ouvido-na-cpi-da-covid-e-confirma-rejeicao-do-governo-federal"},"author":{"name":"Leonardo Francisco","@id":"https:\/\/redenoticiaz.com.br\/litoralsp\/#\/schema\/person\/0f0b8a5bdafefe82841e07ae8d81ecb3"},"headline":"Executivo da Pfizer \u00e9 ouvido na CPI da Covid e confirma rejei\u00e7\u00e3o do Governo Federal","datePublished":"2021-05-13T18:33:49+00:00","dateModified":"2021-05-13T18:36:38+00:00","mainEntityOfPage":{"@id":"https:\/\/redenoticiaz.com.br\/litoralsp\/2021\/05\/13\/executivo-da-pfizer-e-ouvido-na-cpi-da-covid-e-confirma-rejeicao-do-governo-federal"},"wordCount":745,"commentCount":0,"publisher":{"@id":"https:\/\/redenoticiaz.com.br\/litoralsp\/#organization"},"image":{"@id":"https:\/\/redenoticiaz.com.br\/litoralsp\/2021\/05\/13\/executivo-da-pfizer-e-ouvido-na-cpi-da-covid-e-confirma-rejeicao-do-governo-federal#primaryimage"},"thumbnailUrl":"https:\/\/redenoticiaz.com.br\/litoralsp\/wp-content\/uploads\/sites\/3\/2021\/05\/carlos-murillo-detalhou-negociacoes-da-pfizer-com-governo-brasileiro.jpeg","keywords":["Brasil","CARLOS MURILLO","Pfizer","REJEI\u00c7\u00c3O DAS DOSES","SENADO FEDERAL","VACINA DA PFIZER"],"articleSection":["Justi\u00e7a","Pol\u00edtica","Sa\u00fade"],"inLanguage":"pt-BR","potentialAction":[{"@type":"CommentAction","name":"Comment","target":["https:\/\/redenoticiaz.com.br\/litoralsp\/2021\/05\/13\/executivo-da-pfizer-e-ouvido-na-cpi-da-covid-e-confirma-rejeicao-do-governo-federal#respond"]}]},{"@type":"WebPage","@id":"https:\/\/redenoticiaz.com.br\/litoralsp\/2021\/05\/13\/executivo-da-pfizer-e-ouvido-na-cpi-da-covid-e-confirma-rejeicao-do-governo-federal","url":"https:\/\/redenoticiaz.com.br\/litoralsp\/2021\/05\/13\/executivo-da-pfizer-e-ouvido-na-cpi-da-covid-e-confirma-rejeicao-do-governo-federal","name":"Executivo da Pfizer \u00e9 ouvido na CPI da Covid e confirma rejei\u00e7\u00e3o do Governo Federal - Litoral SP","isPartOf":{"@id":"https:\/\/redenoticiaz.com.br\/litoralsp\/#website"},"primaryImageOfPage":{"@id":"https:\/\/redenoticiaz.com.br\/litoralsp\/2021\/05\/13\/executivo-da-pfizer-e-ouvido-na-cpi-da-covid-e-confirma-rejeicao-do-governo-federal#primaryimage"},"image":{"@id":"https:\/\/redenoticiaz.com.br\/litoralsp\/2021\/05\/13\/executivo-da-pfizer-e-ouvido-na-cpi-da-covid-e-confirma-rejeicao-do-governo-federal#primaryimage"},"thumbnailUrl":"https:\/\/redenoticiaz.com.br\/litoralsp\/wp-content\/uploads\/sites\/3\/2021\/05\/carlos-murillo-detalhou-negociacoes-da-pfizer-com-governo-brasileiro.jpeg","datePublished":"2021-05-13T18:33:49+00:00","dateModified":"2021-05-13T18:36:38+00:00","description":"Nesta quinta-feira (13), chegou a vez do gerente-geral da Pfizer na Am\u00e9rica Latina, Carlos Murillo, ser ouvido na CPI da Covid. E ele confirmou","inLanguage":"pt-BR","potentialAction":[{"@type":"ReadAction","target":["https:\/\/redenoticiaz.com.br\/litoralsp\/2021\/05\/13\/executivo-da-pfizer-e-ouvido-na-cpi-da-covid-e-confirma-rejeicao-do-governo-federal"]}]},{"@type":"ImageObject","inLanguage":"pt-BR","@id":"https:\/\/redenoticiaz.com.br\/litoralsp\/2021\/05\/13\/executivo-da-pfizer-e-ouvido-na-cpi-da-covid-e-confirma-rejeicao-do-governo-federal#primaryimage","url":"https:\/\/redenoticiaz.com.br\/litoralsp\/wp-content\/uploads\/sites\/3\/2021\/05\/carlos-murillo-detalhou-negociacoes-da-pfizer-com-governo-brasileiro.jpeg","contentUrl":"https:\/\/redenoticiaz.com.br\/litoralsp\/wp-content\/uploads\/sites\/3\/2021\/05\/carlos-murillo-detalhou-negociacoes-da-pfizer-com-governo-brasileiro.jpeg","width":804,"height":536,"caption":"Diversas propostas foram feitas, mas o Governo Federal n\u00e3o sinalizou inten\u00e7\u00e3o de compra."},{"@type":"WebSite","@id":"https:\/\/redenoticiaz.com.br\/litoralsp\/#website","url":"https:\/\/redenoticiaz.com.br\/litoralsp\/","name":"Litoral SP","description":"Rede NoticiaZ","publisher":{"@id":"https:\/\/redenoticiaz.com.br\/litoralsp\/#organization"},"potentialAction":[{"@type":"SearchAction","target":{"@type":"EntryPoint","urlTemplate":"https:\/\/redenoticiaz.com.br\/litoralsp\/?s={search_term_string}"},"query-input":{"@type":"PropertyValueSpecification","valueRequired":true,"valueName":"search_term_string"}}],"inLanguage":"pt-BR"},{"@type":"Organization","@id":"https:\/\/redenoticiaz.com.br\/litoralsp\/#organization","name":"Litoral SP","url":"https:\/\/redenoticiaz.com.br\/litoralsp\/","logo":{"@type":"ImageObject","inLanguage":"pt-BR","@id":"https:\/\/redenoticiaz.com.br\/litoralsp\/#\/schema\/logo\/image\/","url":"https:\/\/redenoticiaz.com.br\/litoralsp\/wp-content\/uploads\/sites\/3\/2020\/11\/logo.jpg","contentUrl":"https:\/\/redenoticiaz.com.br\/litoralsp\/wp-content\/uploads\/sites\/3\/2020\/11\/logo.jpg","width":400,"height":250,"caption":"Litoral SP"},"image":{"@id":"https:\/\/redenoticiaz.com.br\/litoralsp\/#\/schema\/logo\/image\/"}},{"@type":"Person","@id":"https:\/\/redenoticiaz.com.br\/litoralsp\/#\/schema\/person\/0f0b8a5bdafefe82841e07ae8d81ecb3","name":"Leonardo Francisco","image":{"@type":"ImageObject","inLanguage":"pt-BR","@id":"https:\/\/secure.gravatar.com\/avatar\/a7358cb406a99b682ec6df1e77e31ae82e63601f6784e8a3df411d72b37864da?s=96&d=mm&r=g","url":"https:\/\/secure.gravatar.com\/avatar\/a7358cb406a99b682ec6df1e77e31ae82e63601f6784e8a3df411d72b37864da?s=96&d=mm&r=g","contentUrl":"https:\/\/secure.gravatar.com\/avatar\/a7358cb406a99b682ec6df1e77e31ae82e63601f6784e8a3df411d72b37864da?s=96&d=mm&r=g","caption":"Leonardo Francisco"},"url":"https:\/\/redenoticiaz.com.br\/litoralsp\/author\/leonardo-francisco"}]}},"_links":{"self":[{"href":"https:\/\/redenoticiaz.com.br\/litoralsp\/wp-json\/wp\/v2\/posts\/8524","targetHints":{"allow":["GET"]}}],"collection":[{"href":"https:\/\/redenoticiaz.com.br\/litoralsp\/wp-json\/wp\/v2\/posts"}],"about":[{"href":"https:\/\/redenoticiaz.com.br\/litoralsp\/wp-json\/wp\/v2\/types\/post"}],"author":[{"embeddable":true,"href":"https:\/\/redenoticiaz.com.br\/litoralsp\/wp-json\/wp\/v2\/users\/6"}],"replies":[{"embeddable":true,"href":"https:\/\/redenoticiaz.com.br\/litoralsp\/wp-json\/wp\/v2\/comments?post=8524"}],"version-history":[{"count":1,"href":"https:\/\/redenoticiaz.com.br\/litoralsp\/wp-json\/wp\/v2\/posts\/8524\/revisions"}],"predecessor-version":[{"id":8526,"href":"https:\/\/redenoticiaz.com.br\/litoralsp\/wp-json\/wp\/v2\/posts\/8524\/revisions\/8526"}],"wp:featuredmedia":[{"embeddable":true,"href":"https:\/\/redenoticiaz.com.br\/litoralsp\/wp-json\/wp\/v2\/media\/8525"}],"wp:attachment":[{"href":"https:\/\/redenoticiaz.com.br\/litoralsp\/wp-json\/wp\/v2\/media?parent=8524"}],"wp:term":[{"taxonomy":"category","embeddable":true,"href":"https:\/\/redenoticiaz.com.br\/litoralsp\/wp-json\/wp\/v2\/categories?post=8524"},{"taxonomy":"post_tag","embeddable":true,"href":"https:\/\/redenoticiaz.com.br\/litoralsp\/wp-json\/wp\/v2\/tags?post=8524"}],"curies":[{"name":"wp","href":"https:\/\/api.w.org\/{rel}","templated":true}]}}