{"id":85320,"date":"2022-05-31T11:35:23","date_gmt":"2022-05-31T14:35:23","guid":{"rendered":"https:\/\/redenoticiaz.com.br\/litoralsp\/?p=85320"},"modified":"2022-05-31T11:35:23","modified_gmt":"2022-05-31T14:35:23","slug":"sabesp-interdita-rua-de-santos-para-obras-ate-outubro","status":"publish","type":"post","link":"https:\/\/redenoticiaz.com.br\/litoralsp\/2022\/05\/31\/sabesp-interdita-rua-de-santos-para-obras-ate-outubro","title":{"rendered":"Sabesp interdita rua de Santos para obras at\u00e9 outubro"},"content":{"rendered":"<p>Mais uma vez a <strong>Rua Goi\u00e1s<\/strong>, no Gonzaga, em <a href=\"https:\/\/www.santos.sp.gov.br\/\">Santos<\/a>, passa por obras da Sabesp. Um trecho que interliga as avenidas Washington Lu\u00eds com a Ana Costa est\u00e1 fechado desde a segunda-feira (30) e ele deve permanecer assim at\u00e9 outubro.<\/p>\n<p>A Companhia de Engenharia de Tr\u00e1fego (CET-Santos) informa que as altera\u00e7\u00f5es vi\u00e1rias come\u00e7ou pela manh\u00e3 de segunda e o tr\u00e1fego vem sendo acompanhado de perto. Ajustes operacionais e semaf\u00f3ricos est\u00e3o ocorrendo, visando orientar os motoristas a usarem rotas alternativas.<\/p>\n<p>O motivo para as obras da Sabesp se deve a troca da rede coletora de esgoto. A expectativa \u00e9 que a obra seja conclu\u00edda em outubro. A companhia informa, por meio de nota que o trabalho consiste na introdu\u00e7\u00e3o de uma nova tubula\u00e7\u00e3o, no interior da existente. Assim, \u00e9 poss\u00edvel restabelecer as condi\u00e7\u00f5es estruturais e hidr\u00e1ulicas dop coletor do esgoto.<\/p>\n<p>Apesar da interdi\u00e7\u00e3o do tr\u00e1fego para ve\u00edculos, somente os moradores e comerciantes podem fazer o acesso. A Sabesp ainda informa que outras ruas n\u00e3o ser\u00e3o interditadas em raz\u00e3o das obras da Rua Goi\u00e1s. O pavimento ter\u00e1 de passar por recomposi\u00e7\u00e3o do pavimento.<\/p>\n<p><strong>LEIA TAMB\u00c9M<\/strong><\/p>\n<p><a href=\"https:\/\/redenoticiaz.com.br\/litoralsp\/2022\/01\/28\/caminhao-e-parcialmente-engolido-por-asfalto-em-rua-de-santos\">Caminh\u00e3o \u00e9 parcialmente \u2018engolido\u2019 por asfalto em rua de Santos<\/a><\/p>\n","protected":false},"excerpt":{"rendered":"<p>Mais uma vez a Rua Goi\u00e1s, no Gonzaga, em Santos, passa por obras da Sabesp. Um trecho que interliga as avenidas Washington Lu\u00eds com a Ana Costa est\u00e1 fechado desde a segunda-feira (30) e ele deve permanecer assim at\u00e9 outubro. A Companhia de Engenharia de Tr\u00e1fego (CET-Santos) informa que as altera\u00e7\u00f5es vi\u00e1rias come\u00e7ou pela manh\u00e3 &hellip;<\/p>\n","protected":false},"author":6,"featured_media":85321,"comment_status":"open","ping_status":"closed","sticky":false,"template":"","format":"standard","meta":{"footnotes":""},"categories":[1579,180,5],"tags":[5380,1948,22822,7351,986],"class_list":["post-85320","post","type-post","status-publish","format-standard","has-post-thumbnail","hentry","category-obras","category-santos","category-transito","tag-cet-santos","tag-obras","tag-rua-goias","tag-sabesp","tag-santos"],"yoast_head":"<!-- This site is optimized with the Yoast SEO plugin v27.4 - https:\/\/yoast.com\/product\/yoast-seo-wordpress\/ -->\n<title>Sabesp interdita rua de Santos para obras at\u00e9 outubro - Litoral SP<\/title>\n<meta name=\"description\" content=\"Mais uma vez a Rua Goi\u00e1s, no Gonzaga, em Santos, passa por obras da Sabesp. Um trecho que interliga as avenidas Washington Lu\u00eds\" \/>\n<meta name=\"robots\" content=\"index, follow, max-snippet:-1, max-image-preview:large, max-video-preview:-1\" \/>\n<link rel=\"canonical\" href=\"https:\/\/redenoticiaz.com.br\/litoralsp\/2022\/05\/31\/sabesp-interdita-rua-de-santos-para-obras-ate-outubro\" \/>\n<meta property=\"og:locale\" content=\"pt_BR\" \/>\n<meta property=\"og:type\" content=\"article\" \/>\n<meta property=\"og:title\" content=\"Sabesp interdita rua de Santos para obras at\u00e9 outubro - Litoral SP\" \/>\n<meta property=\"og:description\" content=\"Mais uma vez a Rua Goi\u00e1s, no Gonzaga, em Santos, passa por obras da Sabesp. Um trecho que interliga as avenidas Washington Lu\u00eds\" \/>\n<meta property=\"og:url\" content=\"https:\/\/redenoticiaz.com.br\/litoralsp\/2022\/05\/31\/sabesp-interdita-rua-de-santos-para-obras-ate-outubro\" \/>\n<meta property=\"og:site_name\" content=\"Litoral SP\" \/>\n<meta property=\"article:published_time\" content=\"2022-05-31T14:35:23+00:00\" \/>\n<meta property=\"og:image\" content=\"https:\/\/redenoticiaz.com.br\/litoralsp\/wp-content\/uploads\/sites\/3\/2022\/05\/WhatsApp-Image-2022-05-31-at-11.20.07.jpeg\" \/>\n\t<meta property=\"og:image:width\" content=\"1440\" \/>\n\t<meta property=\"og:image:height\" content=\"1080\" \/>\n\t<meta property=\"og:image:type\" content=\"image\/jpeg\" \/>\n<meta name=\"author\" content=\"Leonardo Francisco\" \/>\n<meta name=\"twitter:card\" content=\"summary_large_image\" \/>\n<meta name=\"twitter:label1\" content=\"Escrito por\" \/>\n\t<meta name=\"twitter:data1\" content=\"Leonardo Francisco\" \/>\n\t<meta name=\"twitter:label2\" content=\"Est. tempo de leitura\" \/>\n\t<meta name=\"twitter:data2\" content=\"1 minuto\" \/>\n<script type=\"application\/ld+json\" class=\"yoast-schema-graph\">{\"@context\":\"https:\\\/\\\/schema.org\",\"@graph\":[{\"@type\":\"Article\",\"@id\":\"https:\\\/\\\/redenoticiaz.com.br\\\/litoralsp\\\/2022\\\/05\\\/31\\\/sabesp-interdita-rua-de-santos-para-obras-ate-outubro#article\",\"isPartOf\":{\"@id\":\"https:\\\/\\\/redenoticiaz.com.br\\\/litoralsp\\\/2022\\\/05\\\/31\\\/sabesp-interdita-rua-de-santos-para-obras-ate-outubro\"},\"author\":{\"name\":\"Leonardo Francisco\",\"@id\":\"https:\\\/\\\/redenoticiaz.com.br\\\/litoralsp\\\/#\\\/schema\\\/person\\\/0f0b8a5bdafefe82841e07ae8d81ecb3\"},\"headline\":\"Sabesp interdita rua de Santos para obras at\u00e9 outubro\",\"datePublished\":\"2022-05-31T14:35:23+00:00\",\"mainEntityOfPage\":{\"@id\":\"https:\\\/\\\/redenoticiaz.com.br\\\/litoralsp\\\/2022\\\/05\\\/31\\\/sabesp-interdita-rua-de-santos-para-obras-ate-outubro\"},\"wordCount\":223,\"commentCount\":0,\"publisher\":{\"@id\":\"https:\\\/\\\/redenoticiaz.com.br\\\/litoralsp\\\/#organization\"},\"image\":{\"@id\":\"https:\\\/\\\/redenoticiaz.com.br\\\/litoralsp\\\/2022\\\/05\\\/31\\\/sabesp-interdita-rua-de-santos-para-obras-ate-outubro#primaryimage\"},\"thumbnailUrl\":\"https:\\\/\\\/redenoticiaz.com.br\\\/litoralsp\\\/wp-content\\\/uploads\\\/sites\\\/3\\\/2022\\\/05\\\/WhatsApp-Image-2022-05-31-at-11.20.07.jpeg\",\"keywords\":[\"CET-SANTOS\",\"obras\",\"RUA GOI\u00c1S\",\"SABESP\",\"Santos\"],\"articleSection\":[\"Obras\",\"Santos\",\"Tr\u00e2nsito\"],\"inLanguage\":\"pt-BR\",\"potentialAction\":[{\"@type\":\"CommentAction\",\"name\":\"Comment\",\"target\":[\"https:\\\/\\\/redenoticiaz.com.br\\\/litoralsp\\\/2022\\\/05\\\/31\\\/sabesp-interdita-rua-de-santos-para-obras-ate-outubro#respond\"]}]},{\"@type\":\"WebPage\",\"@id\":\"https:\\\/\\\/redenoticiaz.com.br\\\/litoralsp\\\/2022\\\/05\\\/31\\\/sabesp-interdita-rua-de-santos-para-obras-ate-outubro\",\"url\":\"https:\\\/\\\/redenoticiaz.com.br\\\/litoralsp\\\/2022\\\/05\\\/31\\\/sabesp-interdita-rua-de-santos-para-obras-ate-outubro\",\"name\":\"Sabesp interdita rua de Santos para obras at\u00e9 outubro - Litoral SP\",\"isPartOf\":{\"@id\":\"https:\\\/\\\/redenoticiaz.com.br\\\/litoralsp\\\/#website\"},\"primaryImageOfPage\":{\"@id\":\"https:\\\/\\\/redenoticiaz.com.br\\\/litoralsp\\\/2022\\\/05\\\/31\\\/sabesp-interdita-rua-de-santos-para-obras-ate-outubro#primaryimage\"},\"image\":{\"@id\":\"https:\\\/\\\/redenoticiaz.com.br\\\/litoralsp\\\/2022\\\/05\\\/31\\\/sabesp-interdita-rua-de-santos-para-obras-ate-outubro#primaryimage\"},\"thumbnailUrl\":\"https:\\\/\\\/redenoticiaz.com.br\\\/litoralsp\\\/wp-content\\\/uploads\\\/sites\\\/3\\\/2022\\\/05\\\/WhatsApp-Image-2022-05-31-at-11.20.07.jpeg\",\"datePublished\":\"2022-05-31T14:35:23+00:00\",\"description\":\"Mais uma vez a Rua Goi\u00e1s, no Gonzaga, em Santos, passa por obras da Sabesp. Um trecho que interliga as avenidas Washington Lu\u00eds\",\"inLanguage\":\"pt-BR\",\"potentialAction\":[{\"@type\":\"ReadAction\",\"target\":[\"https:\\\/\\\/redenoticiaz.com.br\\\/litoralsp\\\/2022\\\/05\\\/31\\\/sabesp-interdita-rua-de-santos-para-obras-ate-outubro\"]}]},{\"@type\":\"ImageObject\",\"inLanguage\":\"pt-BR\",\"@id\":\"https:\\\/\\\/redenoticiaz.com.br\\\/litoralsp\\\/2022\\\/05\\\/31\\\/sabesp-interdita-rua-de-santos-para-obras-ate-outubro#primaryimage\",\"url\":\"https:\\\/\\\/redenoticiaz.com.br\\\/litoralsp\\\/wp-content\\\/uploads\\\/sites\\\/3\\\/2022\\\/05\\\/WhatsApp-Image-2022-05-31-at-11.20.07.jpeg\",\"contentUrl\":\"https:\\\/\\\/redenoticiaz.com.br\\\/litoralsp\\\/wp-content\\\/uploads\\\/sites\\\/3\\\/2022\\\/05\\\/WhatsApp-Image-2022-05-31-at-11.20.07.jpeg\",\"width\":1440,\"height\":1080,\"caption\":\"Em abril a via passou por reparos e eles ser\u00e3o feitos novamente. Cr\u00e9ditos: Leonardo Francisco\"},{\"@type\":\"WebSite\",\"@id\":\"https:\\\/\\\/redenoticiaz.com.br\\\/litoralsp\\\/#website\",\"url\":\"https:\\\/\\\/redenoticiaz.com.br\\\/litoralsp\\\/\",\"name\":\"Litoral SP\",\"description\":\"Rede NoticiaZ\",\"publisher\":{\"@id\":\"https:\\\/\\\/redenoticiaz.com.br\\\/litoralsp\\\/#organization\"},\"potentialAction\":[{\"@type\":\"SearchAction\",\"target\":{\"@type\":\"EntryPoint\",\"urlTemplate\":\"https:\\\/\\\/redenoticiaz.com.br\\\/litoralsp\\\/?s={search_term_string}\"},\"query-input\":{\"@type\":\"PropertyValueSpecification\",\"valueRequired\":true,\"valueName\":\"search_term_string\"}}],\"inLanguage\":\"pt-BR\"},{\"@type\":\"Organization\",\"@id\":\"https:\\\/\\\/redenoticiaz.com.br\\\/litoralsp\\\/#organization\",\"name\":\"Litoral SP\",\"url\":\"https:\\\/\\\/redenoticiaz.com.br\\\/litoralsp\\\/\",\"logo\":{\"@type\":\"ImageObject\",\"inLanguage\":\"pt-BR\",\"@id\":\"https:\\\/\\\/redenoticiaz.com.br\\\/litoralsp\\\/#\\\/schema\\\/logo\\\/image\\\/\",\"url\":\"https:\\\/\\\/redenoticiaz.com.br\\\/litoralsp\\\/wp-content\\\/uploads\\\/sites\\\/3\\\/2020\\\/11\\\/logo.jpg\",\"contentUrl\":\"https:\\\/\\\/redenoticiaz.com.br\\\/litoralsp\\\/wp-content\\\/uploads\\\/sites\\\/3\\\/2020\\\/11\\\/logo.jpg\",\"width\":400,\"height\":250,\"caption\":\"Litoral SP\"},\"image\":{\"@id\":\"https:\\\/\\\/redenoticiaz.com.br\\\/litoralsp\\\/#\\\/schema\\\/logo\\\/image\\\/\"}},{\"@type\":\"Person\",\"@id\":\"https:\\\/\\\/redenoticiaz.com.br\\\/litoralsp\\\/#\\\/schema\\\/person\\\/0f0b8a5bdafefe82841e07ae8d81ecb3\",\"name\":\"Leonardo Francisco\",\"image\":{\"@type\":\"ImageObject\",\"inLanguage\":\"pt-BR\",\"@id\":\"https:\\\/\\\/secure.gravatar.com\\\/avatar\\\/a7358cb406a99b682ec6df1e77e31ae82e63601f6784e8a3df411d72b37864da?s=96&d=mm&r=g\",\"url\":\"https:\\\/\\\/secure.gravatar.com\\\/avatar\\\/a7358cb406a99b682ec6df1e77e31ae82e63601f6784e8a3df411d72b37864da?s=96&d=mm&r=g\",\"contentUrl\":\"https:\\\/\\\/secure.gravatar.com\\\/avatar\\\/a7358cb406a99b682ec6df1e77e31ae82e63601f6784e8a3df411d72b37864da?s=96&d=mm&r=g\",\"caption\":\"Leonardo Francisco\"},\"url\":\"https:\\\/\\\/redenoticiaz.com.br\\\/litoralsp\\\/author\\\/leonardo-francisco\"}]}<\/script>\n<!-- \/ Yoast SEO plugin. -->","yoast_head_json":{"title":"Sabesp interdita rua de Santos para obras at\u00e9 outubro - Litoral SP","description":"Mais uma vez a Rua Goi\u00e1s, no Gonzaga, em Santos, passa por obras da Sabesp. Um trecho que interliga as avenidas Washington Lu\u00eds","robots":{"index":"index","follow":"follow","max-snippet":"max-snippet:-1","max-image-preview":"max-image-preview:large","max-video-preview":"max-video-preview:-1"},"canonical":"https:\/\/redenoticiaz.com.br\/litoralsp\/2022\/05\/31\/sabesp-interdita-rua-de-santos-para-obras-ate-outubro","og_locale":"pt_BR","og_type":"article","og_title":"Sabesp interdita rua de Santos para obras at\u00e9 outubro - Litoral SP","og_description":"Mais uma vez a Rua Goi\u00e1s, no Gonzaga, em Santos, passa por obras da Sabesp. Um trecho que interliga as avenidas Washington Lu\u00eds","og_url":"https:\/\/redenoticiaz.com.br\/litoralsp\/2022\/05\/31\/sabesp-interdita-rua-de-santos-para-obras-ate-outubro","og_site_name":"Litoral SP","article_published_time":"2022-05-31T14:35:23+00:00","og_image":[{"width":1440,"height":1080,"url":"https:\/\/redenoticiaz.com.br\/litoralsp\/wp-content\/uploads\/sites\/3\/2022\/05\/WhatsApp-Image-2022-05-31-at-11.20.07.jpeg","type":"image\/jpeg"}],"author":"Leonardo Francisco","twitter_card":"summary_large_image","twitter_misc":{"Escrito por":"Leonardo Francisco","Est. tempo de leitura":"1 minuto"},"schema":{"@context":"https:\/\/schema.org","@graph":[{"@type":"Article","@id":"https:\/\/redenoticiaz.com.br\/litoralsp\/2022\/05\/31\/sabesp-interdita-rua-de-santos-para-obras-ate-outubro#article","isPartOf":{"@id":"https:\/\/redenoticiaz.com.br\/litoralsp\/2022\/05\/31\/sabesp-interdita-rua-de-santos-para-obras-ate-outubro"},"author":{"name":"Leonardo Francisco","@id":"https:\/\/redenoticiaz.com.br\/litoralsp\/#\/schema\/person\/0f0b8a5bdafefe82841e07ae8d81ecb3"},"headline":"Sabesp interdita rua de Santos para obras at\u00e9 outubro","datePublished":"2022-05-31T14:35:23+00:00","mainEntityOfPage":{"@id":"https:\/\/redenoticiaz.com.br\/litoralsp\/2022\/05\/31\/sabesp-interdita-rua-de-santos-para-obras-ate-outubro"},"wordCount":223,"commentCount":0,"publisher":{"@id":"https:\/\/redenoticiaz.com.br\/litoralsp\/#organization"},"image":{"@id":"https:\/\/redenoticiaz.com.br\/litoralsp\/2022\/05\/31\/sabesp-interdita-rua-de-santos-para-obras-ate-outubro#primaryimage"},"thumbnailUrl":"https:\/\/redenoticiaz.com.br\/litoralsp\/wp-content\/uploads\/sites\/3\/2022\/05\/WhatsApp-Image-2022-05-31-at-11.20.07.jpeg","keywords":["CET-SANTOS","obras","RUA GOI\u00c1S","SABESP","Santos"],"articleSection":["Obras","Santos","Tr\u00e2nsito"],"inLanguage":"pt-BR","potentialAction":[{"@type":"CommentAction","name":"Comment","target":["https:\/\/redenoticiaz.com.br\/litoralsp\/2022\/05\/31\/sabesp-interdita-rua-de-santos-para-obras-ate-outubro#respond"]}]},{"@type":"WebPage","@id":"https:\/\/redenoticiaz.com.br\/litoralsp\/2022\/05\/31\/sabesp-interdita-rua-de-santos-para-obras-ate-outubro","url":"https:\/\/redenoticiaz.com.br\/litoralsp\/2022\/05\/31\/sabesp-interdita-rua-de-santos-para-obras-ate-outubro","name":"Sabesp interdita rua de Santos para obras at\u00e9 outubro - Litoral SP","isPartOf":{"@id":"https:\/\/redenoticiaz.com.br\/litoralsp\/#website"},"primaryImageOfPage":{"@id":"https:\/\/redenoticiaz.com.br\/litoralsp\/2022\/05\/31\/sabesp-interdita-rua-de-santos-para-obras-ate-outubro#primaryimage"},"image":{"@id":"https:\/\/redenoticiaz.com.br\/litoralsp\/2022\/05\/31\/sabesp-interdita-rua-de-santos-para-obras-ate-outubro#primaryimage"},"thumbnailUrl":"https:\/\/redenoticiaz.com.br\/litoralsp\/wp-content\/uploads\/sites\/3\/2022\/05\/WhatsApp-Image-2022-05-31-at-11.20.07.jpeg","datePublished":"2022-05-31T14:35:23+00:00","description":"Mais uma vez a Rua Goi\u00e1s, no Gonzaga, em Santos, passa por obras da Sabesp. Um trecho que interliga as avenidas Washington Lu\u00eds","inLanguage":"pt-BR","potentialAction":[{"@type":"ReadAction","target":["https:\/\/redenoticiaz.com.br\/litoralsp\/2022\/05\/31\/sabesp-interdita-rua-de-santos-para-obras-ate-outubro"]}]},{"@type":"ImageObject","inLanguage":"pt-BR","@id":"https:\/\/redenoticiaz.com.br\/litoralsp\/2022\/05\/31\/sabesp-interdita-rua-de-santos-para-obras-ate-outubro#primaryimage","url":"https:\/\/redenoticiaz.com.br\/litoralsp\/wp-content\/uploads\/sites\/3\/2022\/05\/WhatsApp-Image-2022-05-31-at-11.20.07.jpeg","contentUrl":"https:\/\/redenoticiaz.com.br\/litoralsp\/wp-content\/uploads\/sites\/3\/2022\/05\/WhatsApp-Image-2022-05-31-at-11.20.07.jpeg","width":1440,"height":1080,"caption":"Em abril a via passou por reparos e eles ser\u00e3o feitos novamente. Cr\u00e9ditos: Leonardo Francisco"},{"@type":"WebSite","@id":"https:\/\/redenoticiaz.com.br\/litoralsp\/#website","url":"https:\/\/redenoticiaz.com.br\/litoralsp\/","name":"Litoral SP","description":"Rede NoticiaZ","publisher":{"@id":"https:\/\/redenoticiaz.com.br\/litoralsp\/#organization"},"potentialAction":[{"@type":"SearchAction","target":{"@type":"EntryPoint","urlTemplate":"https:\/\/redenoticiaz.com.br\/litoralsp\/?s={search_term_string}"},"query-input":{"@type":"PropertyValueSpecification","valueRequired":true,"valueName":"search_term_string"}}],"inLanguage":"pt-BR"},{"@type":"Organization","@id":"https:\/\/redenoticiaz.com.br\/litoralsp\/#organization","name":"Litoral SP","url":"https:\/\/redenoticiaz.com.br\/litoralsp\/","logo":{"@type":"ImageObject","inLanguage":"pt-BR","@id":"https:\/\/redenoticiaz.com.br\/litoralsp\/#\/schema\/logo\/image\/","url":"https:\/\/redenoticiaz.com.br\/litoralsp\/wp-content\/uploads\/sites\/3\/2020\/11\/logo.jpg","contentUrl":"https:\/\/redenoticiaz.com.br\/litoralsp\/wp-content\/uploads\/sites\/3\/2020\/11\/logo.jpg","width":400,"height":250,"caption":"Litoral SP"},"image":{"@id":"https:\/\/redenoticiaz.com.br\/litoralsp\/#\/schema\/logo\/image\/"}},{"@type":"Person","@id":"https:\/\/redenoticiaz.com.br\/litoralsp\/#\/schema\/person\/0f0b8a5bdafefe82841e07ae8d81ecb3","name":"Leonardo Francisco","image":{"@type":"ImageObject","inLanguage":"pt-BR","@id":"https:\/\/secure.gravatar.com\/avatar\/a7358cb406a99b682ec6df1e77e31ae82e63601f6784e8a3df411d72b37864da?s=96&d=mm&r=g","url":"https:\/\/secure.gravatar.com\/avatar\/a7358cb406a99b682ec6df1e77e31ae82e63601f6784e8a3df411d72b37864da?s=96&d=mm&r=g","contentUrl":"https:\/\/secure.gravatar.com\/avatar\/a7358cb406a99b682ec6df1e77e31ae82e63601f6784e8a3df411d72b37864da?s=96&d=mm&r=g","caption":"Leonardo Francisco"},"url":"https:\/\/redenoticiaz.com.br\/litoralsp\/author\/leonardo-francisco"}]}},"_links":{"self":[{"href":"https:\/\/redenoticiaz.com.br\/litoralsp\/wp-json\/wp\/v2\/posts\/85320","targetHints":{"allow":["GET"]}}],"collection":[{"href":"https:\/\/redenoticiaz.com.br\/litoralsp\/wp-json\/wp\/v2\/posts"}],"about":[{"href":"https:\/\/redenoticiaz.com.br\/litoralsp\/wp-json\/wp\/v2\/types\/post"}],"author":[{"embeddable":true,"href":"https:\/\/redenoticiaz.com.br\/litoralsp\/wp-json\/wp\/v2\/users\/6"}],"replies":[{"embeddable":true,"href":"https:\/\/redenoticiaz.com.br\/litoralsp\/wp-json\/wp\/v2\/comments?post=85320"}],"version-history":[{"count":1,"href":"https:\/\/redenoticiaz.com.br\/litoralsp\/wp-json\/wp\/v2\/posts\/85320\/revisions"}],"predecessor-version":[{"id":85322,"href":"https:\/\/redenoticiaz.com.br\/litoralsp\/wp-json\/wp\/v2\/posts\/85320\/revisions\/85322"}],"wp:featuredmedia":[{"embeddable":true,"href":"https:\/\/redenoticiaz.com.br\/litoralsp\/wp-json\/wp\/v2\/media\/85321"}],"wp:attachment":[{"href":"https:\/\/redenoticiaz.com.br\/litoralsp\/wp-json\/wp\/v2\/media?parent=85320"}],"wp:term":[{"taxonomy":"category","embeddable":true,"href":"https:\/\/redenoticiaz.com.br\/litoralsp\/wp-json\/wp\/v2\/categories?post=85320"},{"taxonomy":"post_tag","embeddable":true,"href":"https:\/\/redenoticiaz.com.br\/litoralsp\/wp-json\/wp\/v2\/tags?post=85320"}],"curies":[{"name":"wp","href":"https:\/\/api.w.org\/{rel}","templated":true}]}}