{"id":85323,"date":"2022-05-31T11:49:18","date_gmt":"2022-05-31T14:49:18","guid":{"rendered":"https:\/\/redenoticiaz.com.br\/litoralsp\/?p=85323"},"modified":"2022-05-31T11:49:18","modified_gmt":"2022-05-31T14:49:18","slug":"video-carreta-com-soja-pega-fogo-na-anchieta","status":"publish","type":"post","link":"https:\/\/redenoticiaz.com.br\/litoralsp\/2022\/05\/31\/video-carreta-com-soja-pega-fogo-na-anchieta","title":{"rendered":"V\u00cdDEO &#8211; Carreta com soja pega fogo na Anchieta"},"content":{"rendered":"<p>Uma carreta que levava cerca de 27 toneladas de carga de soja <strong>pegou fogo<\/strong> nesta ter\u00e7a-feira (31) na Rodovia Anchieta, em <a href=\"https:\/\/www.cubatao.sp.gov.br\/\">Cubat\u00e3o<\/a>. O ve\u00edculo ficou incendiado na pista de descida, sentido Litoral, mas felizmente sem ferimentos.<\/p>\n<p>De acordo com a Ecovias, concession\u00e1ria respons\u00e1vel pelo Sistema Ahcieta-Imigrantes, o inc\u00eandio ocorreu no km 44, na altura de Cubat\u00e3o. Era por volta de 6h27, quando o caminh\u00e3o trafegava com sentido ao litoral quando o fogo iniciou na parte frontal do ve\u00edculo por um problema no cavalo mec\u00e2nico.<\/p>\n<div class=\"mc-column content-text active-extra-styles \" data-block-type=\"unstyled\" data-block-weight=\"41\" data-block-id=\"4\">\n<p class=\"content-text__container \" data-track-category=\"Link no Texto\" data-track-links=\"\">Segundo a Ecovias, a pista norte da via chegou a ser interditada para a invers\u00e3o de m\u00e3o e retorno dos ve\u00edculos. A pista sul, local onde ocorreu o acidente, tamb\u00e9m foi bloqueada. As duas faixas da rodovia j\u00e1 foram liberadas.<\/p>\n<p data-track-category=\"Link no Texto\" data-track-links=\"\">Ainda de acordo com a concession\u00e1ria, ainda resta lentid\u00e3o de ve\u00edculos na pista. O tr\u00e1fego segue congestionado do km 31 ao km 40. Por reflexo deste acidente, a Interliga\u00e7\u00e3o Planalto, sentido Anchieta, tem tr\u00e1fego congestionado, do km 3 ao km 1.<\/p>\n<p data-track-category=\"Link no Texto\" data-track-links=\"\"><strong>Veja o v\u00eddeo:<\/strong><\/p>\n<div style=\"width: 408px;\" class=\"wp-video\"><video class=\"wp-video-shortcode\" id=\"video-85323-1\" width=\"408\" height=\"720\" preload=\"metadata\" controls=\"controls\"><source type=\"video\/mp4\" src=\"https:\/\/redenoticiaz.com.br\/litoralsp\/wp-content\/uploads\/sites\/3\/2022\/05\/Carreta-com-carga-de-soja-pega-fogo-na-Rodovia-Anchieta-em-Cubatao.mp4?_=1\" \/><a href=\"https:\/\/redenoticiaz.com.br\/litoralsp\/wp-content\/uploads\/sites\/3\/2022\/05\/Carreta-com-carga-de-soja-pega-fogo-na-Rodovia-Anchieta-em-Cubatao.mp4\">https:\/\/redenoticiaz.com.br\/litoralsp\/wp-content\/uploads\/sites\/3\/2022\/05\/Carreta-com-carga-de-soja-pega-fogo-na-Rodovia-Anchieta-em-Cubatao.mp4<\/a><\/video><\/div>\n<p data-track-category=\"Link no Texto\" data-track-links=\"\"><strong>LEIA TAMB\u00c9M<\/strong><\/p>\n<p data-track-category=\"Link no Texto\" data-track-links=\"\"><a href=\"https:\/\/redenoticiaz.com.br\/litoralsp\/2022\/05\/31\/video-trens-do-metro-da-bahia-tombam-apos-bater-em-caminhao-de-servico\">V\u00cdDEO \u2013 Trens do metr\u00f4 da Bahia tombam ap\u00f3s bater em caminh\u00e3o de servi\u00e7o<\/a><\/p>\n<\/div>\n<div class=\"content-ads content-ads--reveal\" data-block-type=\"ads\" data-block-id=\"5\">\n<div id=\"banner_materia2\" class=\"tag-manager-publicidade-container mc-has-reveal mc-has-ad-lazyload tag-manager-publicidade-banner_materia2 tag-manager-publicidade-container--carregado tag-manager-publicidade-container--visivel\" data-id=\"banner_materia2\" data-req=\"true\" data-google-query-id=\"CLClr4v8ifgCFVOMlQIdPSEPtA\" data-cid=\"138392340970\" data-lid=\"6016140602\"><\/div>\n<\/div>\n","protected":false},"excerpt":{"rendered":"<p>Uma carreta que levava cerca de 27 toneladas de carga de soja pegou fogo nesta ter\u00e7a-feira (31) na Rodovia Anchieta, em Cubat\u00e3o. O ve\u00edculo ficou incendiado na pista de descida, sentido Litoral, mas felizmente sem ferimentos. De acordo com a Ecovias, concession\u00e1ria respons\u00e1vel pelo Sistema Ahcieta-Imigrantes, o inc\u00eandio ocorreu no km 44, na altura de &hellip;<\/p>\n","protected":false},"author":6,"featured_media":85324,"comment_status":"open","ping_status":"closed","sticky":false,"template":"","format":"standard","meta":{"footnotes":""},"categories":[186,5],"tags":[56799,1024,1480,4039,1607],"class_list":["post-85323","post","type-post","status-publish","format-standard","has-post-thumbnail","hentry","category-cubatao","category-transito","tag-carreta-com-soja","tag-cubatao","tag-ecovias","tag-incendio","tag-rodovia-anchieta"],"yoast_head":"<!-- This site is optimized with the Yoast SEO plugin v27.4 - https:\/\/yoast.com\/product\/yoast-seo-wordpress\/ -->\n<title>V\u00cdDEO - Carreta com soja pega fogo na Anchieta - Litoral SP<\/title>\n<meta name=\"description\" content=\"Uma carreta que levava cerca de 27 toneladas de carga de soja pegou fogo nesta ter\u00e7a-feira (31) na Rodovia Anchieta, em Cubat\u00e3o. O ve\u00edculo\" \/>\n<meta name=\"robots\" content=\"index, follow, max-snippet:-1, max-image-preview:large, max-video-preview:-1\" \/>\n<link rel=\"canonical\" href=\"https:\/\/redenoticiaz.com.br\/litoralsp\/2022\/05\/31\/video-carreta-com-soja-pega-fogo-na-anchieta\" \/>\n<meta property=\"og:locale\" content=\"pt_BR\" \/>\n<meta property=\"og:type\" content=\"article\" \/>\n<meta property=\"og:title\" content=\"V\u00cdDEO - Carreta com soja pega fogo na Anchieta - Litoral SP\" \/>\n<meta property=\"og:description\" content=\"Uma carreta que levava cerca de 27 toneladas de carga de soja pegou fogo nesta ter\u00e7a-feira (31) na Rodovia Anchieta, em Cubat\u00e3o. O ve\u00edculo\" \/>\n<meta property=\"og:url\" content=\"https:\/\/redenoticiaz.com.br\/litoralsp\/2022\/05\/31\/video-carreta-com-soja-pega-fogo-na-anchieta\" \/>\n<meta property=\"og:site_name\" content=\"Litoral SP\" \/>\n<meta property=\"article:published_time\" content=\"2022-05-31T14:49:18+00:00\" \/>\n<meta property=\"og:image\" content=\"https:\/\/redenoticiaz.com.br\/litoralsp\/wp-content\/uploads\/sites\/3\/2022\/05\/acidente-anchieta.jpg\" \/>\n\t<meta property=\"og:image:width\" content=\"900\" \/>\n\t<meta property=\"og:image:height\" content=\"600\" \/>\n\t<meta property=\"og:image:type\" content=\"image\/jpeg\" \/>\n<meta name=\"author\" content=\"Leonardo Francisco\" \/>\n<meta name=\"twitter:card\" content=\"summary_large_image\" \/>\n<meta name=\"twitter:label1\" content=\"Escrito por\" \/>\n\t<meta name=\"twitter:data1\" content=\"Leonardo Francisco\" \/>\n\t<meta name=\"twitter:label2\" content=\"Est. tempo de leitura\" \/>\n\t<meta name=\"twitter:data2\" content=\"1 minuto\" \/>\n<script type=\"application\/ld+json\" class=\"yoast-schema-graph\">{\"@context\":\"https:\\\/\\\/schema.org\",\"@graph\":[{\"@type\":\"Article\",\"@id\":\"https:\\\/\\\/redenoticiaz.com.br\\\/litoralsp\\\/2022\\\/05\\\/31\\\/video-carreta-com-soja-pega-fogo-na-anchieta#article\",\"isPartOf\":{\"@id\":\"https:\\\/\\\/redenoticiaz.com.br\\\/litoralsp\\\/2022\\\/05\\\/31\\\/video-carreta-com-soja-pega-fogo-na-anchieta\"},\"author\":{\"name\":\"Leonardo Francisco\",\"@id\":\"https:\\\/\\\/redenoticiaz.com.br\\\/litoralsp\\\/#\\\/schema\\\/person\\\/0f0b8a5bdafefe82841e07ae8d81ecb3\"},\"headline\":\"V\u00cdDEO &#8211; Carreta com soja pega fogo na Anchieta\",\"datePublished\":\"2022-05-31T14:49:18+00:00\",\"mainEntityOfPage\":{\"@id\":\"https:\\\/\\\/redenoticiaz.com.br\\\/litoralsp\\\/2022\\\/05\\\/31\\\/video-carreta-com-soja-pega-fogo-na-anchieta\"},\"wordCount\":227,\"commentCount\":0,\"publisher\":{\"@id\":\"https:\\\/\\\/redenoticiaz.com.br\\\/litoralsp\\\/#organization\"},\"image\":{\"@id\":\"https:\\\/\\\/redenoticiaz.com.br\\\/litoralsp\\\/2022\\\/05\\\/31\\\/video-carreta-com-soja-pega-fogo-na-anchieta#primaryimage\"},\"thumbnailUrl\":\"https:\\\/\\\/redenoticiaz.com.br\\\/litoralsp\\\/wp-content\\\/uploads\\\/sites\\\/3\\\/2022\\\/05\\\/acidente-anchieta.jpg\",\"keywords\":[\"CARRETA COM SOJA\",\"CUBAT\u00c3O\",\"ECOVIAS\",\"inc\u00eandio\",\"RODOVIA ANCHIETA\"],\"articleSection\":[\"Cubat\u00e3o\",\"Tr\u00e2nsito\"],\"inLanguage\":\"pt-BR\",\"potentialAction\":[{\"@type\":\"CommentAction\",\"name\":\"Comment\",\"target\":[\"https:\\\/\\\/redenoticiaz.com.br\\\/litoralsp\\\/2022\\\/05\\\/31\\\/video-carreta-com-soja-pega-fogo-na-anchieta#respond\"]}]},{\"@type\":\"WebPage\",\"@id\":\"https:\\\/\\\/redenoticiaz.com.br\\\/litoralsp\\\/2022\\\/05\\\/31\\\/video-carreta-com-soja-pega-fogo-na-anchieta\",\"url\":\"https:\\\/\\\/redenoticiaz.com.br\\\/litoralsp\\\/2022\\\/05\\\/31\\\/video-carreta-com-soja-pega-fogo-na-anchieta\",\"name\":\"V\u00cdDEO - Carreta com soja pega fogo na Anchieta - Litoral SP\",\"isPartOf\":{\"@id\":\"https:\\\/\\\/redenoticiaz.com.br\\\/litoralsp\\\/#website\"},\"primaryImageOfPage\":{\"@id\":\"https:\\\/\\\/redenoticiaz.com.br\\\/litoralsp\\\/2022\\\/05\\\/31\\\/video-carreta-com-soja-pega-fogo-na-anchieta#primaryimage\"},\"image\":{\"@id\":\"https:\\\/\\\/redenoticiaz.com.br\\\/litoralsp\\\/2022\\\/05\\\/31\\\/video-carreta-com-soja-pega-fogo-na-anchieta#primaryimage\"},\"thumbnailUrl\":\"https:\\\/\\\/redenoticiaz.com.br\\\/litoralsp\\\/wp-content\\\/uploads\\\/sites\\\/3\\\/2022\\\/05\\\/acidente-anchieta.jpg\",\"datePublished\":\"2022-05-31T14:49:18+00:00\",\"description\":\"Uma carreta que levava cerca de 27 toneladas de carga de soja pegou fogo nesta ter\u00e7a-feira (31) na Rodovia Anchieta, em Cubat\u00e3o. O ve\u00edculo\",\"inLanguage\":\"pt-BR\",\"potentialAction\":[{\"@type\":\"ReadAction\",\"target\":[\"https:\\\/\\\/redenoticiaz.com.br\\\/litoralsp\\\/2022\\\/05\\\/31\\\/video-carreta-com-soja-pega-fogo-na-anchieta\"]}]},{\"@type\":\"ImageObject\",\"inLanguage\":\"pt-BR\",\"@id\":\"https:\\\/\\\/redenoticiaz.com.br\\\/litoralsp\\\/2022\\\/05\\\/31\\\/video-carreta-com-soja-pega-fogo-na-anchieta#primaryimage\",\"url\":\"https:\\\/\\\/redenoticiaz.com.br\\\/litoralsp\\\/wp-content\\\/uploads\\\/sites\\\/3\\\/2022\\\/05\\\/acidente-anchieta.jpg\",\"contentUrl\":\"https:\\\/\\\/redenoticiaz.com.br\\\/litoralsp\\\/wp-content\\\/uploads\\\/sites\\\/3\\\/2022\\\/05\\\/acidente-anchieta.jpg\",\"width\":900,\"height\":600,\"caption\":\"Cr\u00e9ditos: Reprodu\u00e7\u00e3o\\\/Cubat\u00e3o Mil Grau\"},{\"@type\":\"WebSite\",\"@id\":\"https:\\\/\\\/redenoticiaz.com.br\\\/litoralsp\\\/#website\",\"url\":\"https:\\\/\\\/redenoticiaz.com.br\\\/litoralsp\\\/\",\"name\":\"Litoral SP\",\"description\":\"Rede NoticiaZ\",\"publisher\":{\"@id\":\"https:\\\/\\\/redenoticiaz.com.br\\\/litoralsp\\\/#organization\"},\"potentialAction\":[{\"@type\":\"SearchAction\",\"target\":{\"@type\":\"EntryPoint\",\"urlTemplate\":\"https:\\\/\\\/redenoticiaz.com.br\\\/litoralsp\\\/?s={search_term_string}\"},\"query-input\":{\"@type\":\"PropertyValueSpecification\",\"valueRequired\":true,\"valueName\":\"search_term_string\"}}],\"inLanguage\":\"pt-BR\"},{\"@type\":\"Organization\",\"@id\":\"https:\\\/\\\/redenoticiaz.com.br\\\/litoralsp\\\/#organization\",\"name\":\"Litoral SP\",\"url\":\"https:\\\/\\\/redenoticiaz.com.br\\\/litoralsp\\\/\",\"logo\":{\"@type\":\"ImageObject\",\"inLanguage\":\"pt-BR\",\"@id\":\"https:\\\/\\\/redenoticiaz.com.br\\\/litoralsp\\\/#\\\/schema\\\/logo\\\/image\\\/\",\"url\":\"https:\\\/\\\/redenoticiaz.com.br\\\/litoralsp\\\/wp-content\\\/uploads\\\/sites\\\/3\\\/2020\\\/11\\\/logo.jpg\",\"contentUrl\":\"https:\\\/\\\/redenoticiaz.com.br\\\/litoralsp\\\/wp-content\\\/uploads\\\/sites\\\/3\\\/2020\\\/11\\\/logo.jpg\",\"width\":400,\"height\":250,\"caption\":\"Litoral SP\"},\"image\":{\"@id\":\"https:\\\/\\\/redenoticiaz.com.br\\\/litoralsp\\\/#\\\/schema\\\/logo\\\/image\\\/\"}},{\"@type\":\"Person\",\"@id\":\"https:\\\/\\\/redenoticiaz.com.br\\\/litoralsp\\\/#\\\/schema\\\/person\\\/0f0b8a5bdafefe82841e07ae8d81ecb3\",\"name\":\"Leonardo Francisco\",\"image\":{\"@type\":\"ImageObject\",\"inLanguage\":\"pt-BR\",\"@id\":\"https:\\\/\\\/secure.gravatar.com\\\/avatar\\\/a7358cb406a99b682ec6df1e77e31ae82e63601f6784e8a3df411d72b37864da?s=96&d=mm&r=g\",\"url\":\"https:\\\/\\\/secure.gravatar.com\\\/avatar\\\/a7358cb406a99b682ec6df1e77e31ae82e63601f6784e8a3df411d72b37864da?s=96&d=mm&r=g\",\"contentUrl\":\"https:\\\/\\\/secure.gravatar.com\\\/avatar\\\/a7358cb406a99b682ec6df1e77e31ae82e63601f6784e8a3df411d72b37864da?s=96&d=mm&r=g\",\"caption\":\"Leonardo Francisco\"},\"url\":\"https:\\\/\\\/redenoticiaz.com.br\\\/litoralsp\\\/author\\\/leonardo-francisco\"}]}<\/script>\n<!-- \/ Yoast SEO plugin. -->","yoast_head_json":{"title":"V\u00cdDEO - Carreta com soja pega fogo na Anchieta - Litoral SP","description":"Uma carreta que levava cerca de 27 toneladas de carga de soja pegou fogo nesta ter\u00e7a-feira (31) na Rodovia Anchieta, em Cubat\u00e3o. O ve\u00edculo","robots":{"index":"index","follow":"follow","max-snippet":"max-snippet:-1","max-image-preview":"max-image-preview:large","max-video-preview":"max-video-preview:-1"},"canonical":"https:\/\/redenoticiaz.com.br\/litoralsp\/2022\/05\/31\/video-carreta-com-soja-pega-fogo-na-anchieta","og_locale":"pt_BR","og_type":"article","og_title":"V\u00cdDEO - Carreta com soja pega fogo na Anchieta - Litoral SP","og_description":"Uma carreta que levava cerca de 27 toneladas de carga de soja pegou fogo nesta ter\u00e7a-feira (31) na Rodovia Anchieta, em Cubat\u00e3o. O ve\u00edculo","og_url":"https:\/\/redenoticiaz.com.br\/litoralsp\/2022\/05\/31\/video-carreta-com-soja-pega-fogo-na-anchieta","og_site_name":"Litoral SP","article_published_time":"2022-05-31T14:49:18+00:00","og_image":[{"width":900,"height":600,"url":"https:\/\/redenoticiaz.com.br\/litoralsp\/wp-content\/uploads\/sites\/3\/2022\/05\/acidente-anchieta.jpg","type":"image\/jpeg"}],"author":"Leonardo Francisco","twitter_card":"summary_large_image","twitter_misc":{"Escrito por":"Leonardo Francisco","Est. tempo de leitura":"1 minuto"},"schema":{"@context":"https:\/\/schema.org","@graph":[{"@type":"Article","@id":"https:\/\/redenoticiaz.com.br\/litoralsp\/2022\/05\/31\/video-carreta-com-soja-pega-fogo-na-anchieta#article","isPartOf":{"@id":"https:\/\/redenoticiaz.com.br\/litoralsp\/2022\/05\/31\/video-carreta-com-soja-pega-fogo-na-anchieta"},"author":{"name":"Leonardo Francisco","@id":"https:\/\/redenoticiaz.com.br\/litoralsp\/#\/schema\/person\/0f0b8a5bdafefe82841e07ae8d81ecb3"},"headline":"V\u00cdDEO &#8211; Carreta com soja pega fogo na Anchieta","datePublished":"2022-05-31T14:49:18+00:00","mainEntityOfPage":{"@id":"https:\/\/redenoticiaz.com.br\/litoralsp\/2022\/05\/31\/video-carreta-com-soja-pega-fogo-na-anchieta"},"wordCount":227,"commentCount":0,"publisher":{"@id":"https:\/\/redenoticiaz.com.br\/litoralsp\/#organization"},"image":{"@id":"https:\/\/redenoticiaz.com.br\/litoralsp\/2022\/05\/31\/video-carreta-com-soja-pega-fogo-na-anchieta#primaryimage"},"thumbnailUrl":"https:\/\/redenoticiaz.com.br\/litoralsp\/wp-content\/uploads\/sites\/3\/2022\/05\/acidente-anchieta.jpg","keywords":["CARRETA COM SOJA","CUBAT\u00c3O","ECOVIAS","inc\u00eandio","RODOVIA ANCHIETA"],"articleSection":["Cubat\u00e3o","Tr\u00e2nsito"],"inLanguage":"pt-BR","potentialAction":[{"@type":"CommentAction","name":"Comment","target":["https:\/\/redenoticiaz.com.br\/litoralsp\/2022\/05\/31\/video-carreta-com-soja-pega-fogo-na-anchieta#respond"]}]},{"@type":"WebPage","@id":"https:\/\/redenoticiaz.com.br\/litoralsp\/2022\/05\/31\/video-carreta-com-soja-pega-fogo-na-anchieta","url":"https:\/\/redenoticiaz.com.br\/litoralsp\/2022\/05\/31\/video-carreta-com-soja-pega-fogo-na-anchieta","name":"V\u00cdDEO - Carreta com soja pega fogo na Anchieta - Litoral SP","isPartOf":{"@id":"https:\/\/redenoticiaz.com.br\/litoralsp\/#website"},"primaryImageOfPage":{"@id":"https:\/\/redenoticiaz.com.br\/litoralsp\/2022\/05\/31\/video-carreta-com-soja-pega-fogo-na-anchieta#primaryimage"},"image":{"@id":"https:\/\/redenoticiaz.com.br\/litoralsp\/2022\/05\/31\/video-carreta-com-soja-pega-fogo-na-anchieta#primaryimage"},"thumbnailUrl":"https:\/\/redenoticiaz.com.br\/litoralsp\/wp-content\/uploads\/sites\/3\/2022\/05\/acidente-anchieta.jpg","datePublished":"2022-05-31T14:49:18+00:00","description":"Uma carreta que levava cerca de 27 toneladas de carga de soja pegou fogo nesta ter\u00e7a-feira (31) na Rodovia Anchieta, em Cubat\u00e3o. O ve\u00edculo","inLanguage":"pt-BR","potentialAction":[{"@type":"ReadAction","target":["https:\/\/redenoticiaz.com.br\/litoralsp\/2022\/05\/31\/video-carreta-com-soja-pega-fogo-na-anchieta"]}]},{"@type":"ImageObject","inLanguage":"pt-BR","@id":"https:\/\/redenoticiaz.com.br\/litoralsp\/2022\/05\/31\/video-carreta-com-soja-pega-fogo-na-anchieta#primaryimage","url":"https:\/\/redenoticiaz.com.br\/litoralsp\/wp-content\/uploads\/sites\/3\/2022\/05\/acidente-anchieta.jpg","contentUrl":"https:\/\/redenoticiaz.com.br\/litoralsp\/wp-content\/uploads\/sites\/3\/2022\/05\/acidente-anchieta.jpg","width":900,"height":600,"caption":"Cr\u00e9ditos: Reprodu\u00e7\u00e3o\/Cubat\u00e3o Mil Grau"},{"@type":"WebSite","@id":"https:\/\/redenoticiaz.com.br\/litoralsp\/#website","url":"https:\/\/redenoticiaz.com.br\/litoralsp\/","name":"Litoral SP","description":"Rede NoticiaZ","publisher":{"@id":"https:\/\/redenoticiaz.com.br\/litoralsp\/#organization"},"potentialAction":[{"@type":"SearchAction","target":{"@type":"EntryPoint","urlTemplate":"https:\/\/redenoticiaz.com.br\/litoralsp\/?s={search_term_string}"},"query-input":{"@type":"PropertyValueSpecification","valueRequired":true,"valueName":"search_term_string"}}],"inLanguage":"pt-BR"},{"@type":"Organization","@id":"https:\/\/redenoticiaz.com.br\/litoralsp\/#organization","name":"Litoral SP","url":"https:\/\/redenoticiaz.com.br\/litoralsp\/","logo":{"@type":"ImageObject","inLanguage":"pt-BR","@id":"https:\/\/redenoticiaz.com.br\/litoralsp\/#\/schema\/logo\/image\/","url":"https:\/\/redenoticiaz.com.br\/litoralsp\/wp-content\/uploads\/sites\/3\/2020\/11\/logo.jpg","contentUrl":"https:\/\/redenoticiaz.com.br\/litoralsp\/wp-content\/uploads\/sites\/3\/2020\/11\/logo.jpg","width":400,"height":250,"caption":"Litoral SP"},"image":{"@id":"https:\/\/redenoticiaz.com.br\/litoralsp\/#\/schema\/logo\/image\/"}},{"@type":"Person","@id":"https:\/\/redenoticiaz.com.br\/litoralsp\/#\/schema\/person\/0f0b8a5bdafefe82841e07ae8d81ecb3","name":"Leonardo Francisco","image":{"@type":"ImageObject","inLanguage":"pt-BR","@id":"https:\/\/secure.gravatar.com\/avatar\/a7358cb406a99b682ec6df1e77e31ae82e63601f6784e8a3df411d72b37864da?s=96&d=mm&r=g","url":"https:\/\/secure.gravatar.com\/avatar\/a7358cb406a99b682ec6df1e77e31ae82e63601f6784e8a3df411d72b37864da?s=96&d=mm&r=g","contentUrl":"https:\/\/secure.gravatar.com\/avatar\/a7358cb406a99b682ec6df1e77e31ae82e63601f6784e8a3df411d72b37864da?s=96&d=mm&r=g","caption":"Leonardo Francisco"},"url":"https:\/\/redenoticiaz.com.br\/litoralsp\/author\/leonardo-francisco"}]}},"_links":{"self":[{"href":"https:\/\/redenoticiaz.com.br\/litoralsp\/wp-json\/wp\/v2\/posts\/85323","targetHints":{"allow":["GET"]}}],"collection":[{"href":"https:\/\/redenoticiaz.com.br\/litoralsp\/wp-json\/wp\/v2\/posts"}],"about":[{"href":"https:\/\/redenoticiaz.com.br\/litoralsp\/wp-json\/wp\/v2\/types\/post"}],"author":[{"embeddable":true,"href":"https:\/\/redenoticiaz.com.br\/litoralsp\/wp-json\/wp\/v2\/users\/6"}],"replies":[{"embeddable":true,"href":"https:\/\/redenoticiaz.com.br\/litoralsp\/wp-json\/wp\/v2\/comments?post=85323"}],"version-history":[{"count":1,"href":"https:\/\/redenoticiaz.com.br\/litoralsp\/wp-json\/wp\/v2\/posts\/85323\/revisions"}],"predecessor-version":[{"id":85327,"href":"https:\/\/redenoticiaz.com.br\/litoralsp\/wp-json\/wp\/v2\/posts\/85323\/revisions\/85327"}],"wp:featuredmedia":[{"embeddable":true,"href":"https:\/\/redenoticiaz.com.br\/litoralsp\/wp-json\/wp\/v2\/media\/85324"}],"wp:attachment":[{"href":"https:\/\/redenoticiaz.com.br\/litoralsp\/wp-json\/wp\/v2\/media?parent=85323"}],"wp:term":[{"taxonomy":"category","embeddable":true,"href":"https:\/\/redenoticiaz.com.br\/litoralsp\/wp-json\/wp\/v2\/categories?post=85323"},{"taxonomy":"post_tag","embeddable":true,"href":"https:\/\/redenoticiaz.com.br\/litoralsp\/wp-json\/wp\/v2\/tags?post=85323"}],"curies":[{"name":"wp","href":"https:\/\/api.w.org\/{rel}","templated":true}]}}