{"id":85419,"date":"2022-06-02T12:02:23","date_gmt":"2022-06-02T15:02:23","guid":{"rendered":"https:\/\/redenoticiaz.com.br\/litoralsp\/?p=85419"},"modified":"2022-06-02T12:02:51","modified_gmt":"2022-06-02T15:02:51","slug":"uso-da-mascara-contra-a-covid-19-e-recomendado-dentro-das-escolas-de-sao-vicente","status":"publish","type":"post","link":"https:\/\/redenoticiaz.com.br\/litoralsp\/2022\/06\/02\/uso-da-mascara-contra-a-covid-19-e-recomendado-dentro-das-escolas-de-sao-vicente","title":{"rendered":"Uso da m\u00e1scara contra a Covid-19 \u00e9 recomendado dentro das escolas de S\u00e3o Vicente"},"content":{"rendered":"<p>Por conta da alta de novos casos da Covid-19, <a href=\"https:\/\/www.saovicente.sp.gov.br\/onepage\">S\u00e3o Vicente<\/a> \u00e9 mais uma cidade da Baixada Santista a aderir a recomenda\u00e7\u00e3o do <strong>uso da m\u00e1scara de prote\u00e7\u00e3o<\/strong> dentro das escolas municipais e particulares. A miss\u00e3o \u00e9 evitar que a doen\u00e7a se propague tamb\u00e9m pelo munic\u00edpio.<\/p>\n<p>Segundo a Secretaria de Educa\u00e7\u00e3o de S\u00e3o Vicente, al\u00e9m desta medida, tamb\u00e9m \u00e9 recomendado que as unidades de ensino evitem aglomera\u00e7\u00f5es e continuem com os protocolos sanit\u00e1rios, como higieniza\u00e7\u00e3o das m\u00e3os com \u00e1lcool em gel.<\/p>\n<div class=\"mc-column content-text active-extra-styles \" data-block-type=\"unstyled\" data-block-weight=\"21\" data-block-id=\"4\">\n<p class=\"content-text__container \" data-track-category=\"Link no Texto\" data-track-links=\"\">Al\u00e9m de S\u00e3o Vicente, Peru\u00edbe, Mongagu\u00e1 e Itanha\u00e9m tamb\u00e9m tomaram novas medidas em rela\u00e7\u00e3o ao uso de m\u00e1scaras. A validade ocorre nas unidades de ensino nesta semana.<\/p>\n<h3 data-track-category=\"Link no Texto\">Litoral Sul<\/h3>\n<\/div>\n<div class=\"mc-column content-text active-extra-styles \" data-block-type=\"unstyled\" data-block-weight=\"52\" data-block-id=\"5\">\n<p class=\"content-text__container \" data-track-category=\"Link no Texto\" data-track-links=\"\">O Prefeito Thiago Cervantes (PSDB) assinou um decreto na \u00faltima ter\u00e7a-feira (24) em que determina a obrigatoriedade do uso de m\u00e1scaras de prote\u00e7\u00e3o nas escolas da rede municipal em\u00a0Itanha\u00e9m. Al\u00e9m disso, a Secretaria de Educa\u00e7\u00e3o tamb\u00e9m recomenda que as escolas da rede privada de ensino adotem o uso de m\u00e1scaras nos ambientes fechados.<\/p>\n<div class=\"mc-column content-text active-extra-styles \" data-block-type=\"unstyled\" data-block-weight=\"62\" data-block-id=\"7\">\n<p class=\"content-text__container \" data-track-category=\"Link no Texto\" data-track-links=\"\">J\u00e1 a Prefeitura de\u00a0Peru\u00edbe divulgou a decis\u00e3o da obrigatoriedade das m\u00e1scaras na segunda-feira (30). A administra\u00e7\u00e3o afirma que a medida ocorre devido a alta de casos do novo coronav\u00edrus. A medida se estende para todos as unidades escolares p\u00fablicas e privadas. Os servidores municipais de todos os pr\u00e9dios p\u00fablicos tamb\u00e9m devem seguir a regra. A medida tamb\u00e9m \u00e9 recomendada para espa\u00e7os fechados.<\/p>\n<\/div>\n<div class=\"mc-column content-text active-extra-styles \" data-block-type=\"unstyled\" data-block-weight=\"57\" data-block-id=\"8\">\n<p class=\"content-text__container \" data-track-category=\"Link no Texto\" data-track-links=\"\">Por fim, a Prefeitura de\u00a0Mongagu\u00e1\u00a0publicou um decreto nesta ter\u00e7a-feira (31) informando que a obrigatoriedade do uso de m\u00e1scaras em escolas p\u00fablicas, estaduais e privadas retornou a partir desta quarta-feira (1\u00b0). Ap\u00f3s an\u00e1lises das diretorias de Sa\u00fade, Educa\u00e7\u00e3o e demais \u00e1reas que integram o Gabinete de Combate \u00e0 Covid-19, foi decidido que a medida seria necess\u00e1ria.<\/p>\n<p data-track-category=\"Link no Texto\" data-track-links=\"\"><strong>LEIA TAMB\u00c9M<\/strong><\/p>\n<p data-track-category=\"Link no Texto\" data-track-links=\"\"><a href=\"https:\/\/redenoticiaz.com.br\/litoralsp\/2022\/06\/01\/mascaras-podem-ser-obrigatorias-em-espacos-fechados-de-sao-paulo\">M\u00e1scaras podem ser obrigat\u00f3rias em espa\u00e7os fechados de S\u00e3o Paulo<\/a><\/p>\n<\/div>\n<\/div>\n","protected":false},"excerpt":{"rendered":"<p>Por conta da alta de novos casos da Covid-19, S\u00e3o Vicente \u00e9 mais uma cidade da Baixada Santista a aderir a recomenda\u00e7\u00e3o do uso da m\u00e1scara de prote\u00e7\u00e3o dentro das escolas municipais e particulares. A miss\u00e3o \u00e9 evitar que a doen\u00e7a se propague tamb\u00e9m pelo munic\u00edpio. Segundo a Secretaria de Educa\u00e7\u00e3o de S\u00e3o Vicente, al\u00e9m &hellip;<\/p>\n","protected":false},"author":6,"featured_media":85420,"comment_status":"open","ping_status":"closed","sticky":false,"template":"","format":"standard","meta":{"footnotes":""},"categories":[44,181,23],"tags":[9088,10514,28135,33,18564],"class_list":["post-85419","post","type-post","status-publish","format-standard","has-post-thumbnail","hentry","category-educacao","category-sao-vicente","category-saude","tag-escolas-municipais","tag-escolas-particulares","tag-protecao-contra-a-covid","tag-sao-vicente","tag-uso-da-mascara"],"yoast_head":"<!-- This site is optimized with the Yoast SEO plugin v27.5 - https:\/\/yoast.com\/product\/yoast-seo-wordpress\/ -->\n<title>Uso da m\u00e1scara contra a Covid-19 \u00e9 recomendado dentro das escolas de S\u00e3o Vicente - Litoral SP<\/title>\n<meta name=\"description\" content=\"casos da Covid-19, S\u00e3o Vicente \u00e9 mais uma cidade da Baixada Santista a aderir a recomenda\u00e7\u00e3o do uso da m\u00e1scara de prote\u00e7\u00e3o dentro\" \/>\n<meta name=\"robots\" content=\"index, follow, max-snippet:-1, max-image-preview:large, max-video-preview:-1\" \/>\n<link rel=\"canonical\" href=\"https:\/\/redenoticiaz.com.br\/litoralsp\/2022\/06\/02\/uso-da-mascara-contra-a-covid-19-e-recomendado-dentro-das-escolas-de-sao-vicente\" \/>\n<meta property=\"og:locale\" content=\"pt_BR\" \/>\n<meta property=\"og:type\" content=\"article\" \/>\n<meta property=\"og:title\" content=\"Uso da m\u00e1scara contra a Covid-19 \u00e9 recomendado dentro das escolas de S\u00e3o Vicente - Litoral SP\" \/>\n<meta property=\"og:description\" content=\"casos da Covid-19, S\u00e3o Vicente \u00e9 mais uma cidade da Baixada Santista a aderir a recomenda\u00e7\u00e3o do uso da m\u00e1scara de prote\u00e7\u00e3o dentro\" \/>\n<meta property=\"og:url\" content=\"https:\/\/redenoticiaz.com.br\/litoralsp\/2022\/06\/02\/uso-da-mascara-contra-a-covid-19-e-recomendado-dentro-das-escolas-de-sao-vicente\" \/>\n<meta property=\"og:site_name\" content=\"Litoral SP\" \/>\n<meta property=\"article:published_time\" content=\"2022-06-02T15:02:23+00:00\" \/>\n<meta property=\"article:modified_time\" content=\"2022-06-02T15:02:51+00:00\" \/>\n<meta property=\"og:image\" content=\"https:\/\/redenoticiaz.com.br\/litoralsp\/wp-content\/uploads\/sites\/3\/2022\/06\/escola-covid-mascara-mg-15062021183106037.jpeg\" \/>\n\t<meta property=\"og:image:width\" content=\"771\" \/>\n\t<meta property=\"og:image:height\" content=\"420\" \/>\n\t<meta property=\"og:image:type\" content=\"image\/jpeg\" \/>\n<meta name=\"author\" content=\"Leonardo Francisco\" \/>\n<meta name=\"twitter:card\" content=\"summary_large_image\" \/>\n<meta name=\"twitter:label1\" content=\"Escrito por\" \/>\n\t<meta name=\"twitter:data1\" content=\"Leonardo Francisco\" \/>\n\t<meta name=\"twitter:label2\" content=\"Est. tempo de leitura\" \/>\n\t<meta name=\"twitter:data2\" content=\"2 minutos\" \/>\n<script type=\"application\/ld+json\" class=\"yoast-schema-graph\">{\"@context\":\"https:\\\/\\\/schema.org\",\"@graph\":[{\"@type\":\"Article\",\"@id\":\"https:\\\/\\\/redenoticiaz.com.br\\\/litoralsp\\\/2022\\\/06\\\/02\\\/uso-da-mascara-contra-a-covid-19-e-recomendado-dentro-das-escolas-de-sao-vicente#article\",\"isPartOf\":{\"@id\":\"https:\\\/\\\/redenoticiaz.com.br\\\/litoralsp\\\/2022\\\/06\\\/02\\\/uso-da-mascara-contra-a-covid-19-e-recomendado-dentro-das-escolas-de-sao-vicente\"},\"author\":{\"name\":\"Leonardo Francisco\",\"@id\":\"https:\\\/\\\/redenoticiaz.com.br\\\/litoralsp\\\/#\\\/schema\\\/person\\\/0f0b8a5bdafefe82841e07ae8d81ecb3\"},\"headline\":\"Uso da m\u00e1scara contra a Covid-19 \u00e9 recomendado dentro das escolas de S\u00e3o Vicente\",\"datePublished\":\"2022-06-02T15:02:23+00:00\",\"dateModified\":\"2022-06-02T15:02:51+00:00\",\"mainEntityOfPage\":{\"@id\":\"https:\\\/\\\/redenoticiaz.com.br\\\/litoralsp\\\/2022\\\/06\\\/02\\\/uso-da-mascara-contra-a-covid-19-e-recomendado-dentro-das-escolas-de-sao-vicente\"},\"wordCount\":357,\"commentCount\":0,\"publisher\":{\"@id\":\"https:\\\/\\\/redenoticiaz.com.br\\\/litoralsp\\\/#organization\"},\"image\":{\"@id\":\"https:\\\/\\\/redenoticiaz.com.br\\\/litoralsp\\\/2022\\\/06\\\/02\\\/uso-da-mascara-contra-a-covid-19-e-recomendado-dentro-das-escolas-de-sao-vicente#primaryimage\"},\"thumbnailUrl\":\"https:\\\/\\\/redenoticiaz.com.br\\\/litoralsp\\\/wp-content\\\/uploads\\\/sites\\\/3\\\/2022\\\/06\\\/escola-covid-mascara-mg-15062021183106037.jpeg\",\"keywords\":[\"ESCOLAS MUNICIPAIS\",\"ESCOLAS PARTICULARES\",\"PROTE\u00c7\u00c3O CONTRA A COVID\",\"S\u00e3o Vicente\",\"USO DA M\u00c1SCARA\"],\"articleSection\":[\"Educa\u00e7\u00e3o\",\"S\u00e3o Vicente\",\"Sa\u00fade\"],\"inLanguage\":\"pt-BR\",\"potentialAction\":[{\"@type\":\"CommentAction\",\"name\":\"Comment\",\"target\":[\"https:\\\/\\\/redenoticiaz.com.br\\\/litoralsp\\\/2022\\\/06\\\/02\\\/uso-da-mascara-contra-a-covid-19-e-recomendado-dentro-das-escolas-de-sao-vicente#respond\"]}]},{\"@type\":\"WebPage\",\"@id\":\"https:\\\/\\\/redenoticiaz.com.br\\\/litoralsp\\\/2022\\\/06\\\/02\\\/uso-da-mascara-contra-a-covid-19-e-recomendado-dentro-das-escolas-de-sao-vicente\",\"url\":\"https:\\\/\\\/redenoticiaz.com.br\\\/litoralsp\\\/2022\\\/06\\\/02\\\/uso-da-mascara-contra-a-covid-19-e-recomendado-dentro-das-escolas-de-sao-vicente\",\"name\":\"Uso da m\u00e1scara contra a Covid-19 \u00e9 recomendado dentro das escolas de S\u00e3o Vicente - Litoral SP\",\"isPartOf\":{\"@id\":\"https:\\\/\\\/redenoticiaz.com.br\\\/litoralsp\\\/#website\"},\"primaryImageOfPage\":{\"@id\":\"https:\\\/\\\/redenoticiaz.com.br\\\/litoralsp\\\/2022\\\/06\\\/02\\\/uso-da-mascara-contra-a-covid-19-e-recomendado-dentro-das-escolas-de-sao-vicente#primaryimage\"},\"image\":{\"@id\":\"https:\\\/\\\/redenoticiaz.com.br\\\/litoralsp\\\/2022\\\/06\\\/02\\\/uso-da-mascara-contra-a-covid-19-e-recomendado-dentro-das-escolas-de-sao-vicente#primaryimage\"},\"thumbnailUrl\":\"https:\\\/\\\/redenoticiaz.com.br\\\/litoralsp\\\/wp-content\\\/uploads\\\/sites\\\/3\\\/2022\\\/06\\\/escola-covid-mascara-mg-15062021183106037.jpeg\",\"datePublished\":\"2022-06-02T15:02:23+00:00\",\"dateModified\":\"2022-06-02T15:02:51+00:00\",\"description\":\"casos da Covid-19, S\u00e3o Vicente \u00e9 mais uma cidade da Baixada Santista a aderir a recomenda\u00e7\u00e3o do uso da m\u00e1scara de prote\u00e7\u00e3o dentro\",\"inLanguage\":\"pt-BR\",\"potentialAction\":[{\"@type\":\"ReadAction\",\"target\":[\"https:\\\/\\\/redenoticiaz.com.br\\\/litoralsp\\\/2022\\\/06\\\/02\\\/uso-da-mascara-contra-a-covid-19-e-recomendado-dentro-das-escolas-de-sao-vicente\"]}]},{\"@type\":\"ImageObject\",\"inLanguage\":\"pt-BR\",\"@id\":\"https:\\\/\\\/redenoticiaz.com.br\\\/litoralsp\\\/2022\\\/06\\\/02\\\/uso-da-mascara-contra-a-covid-19-e-recomendado-dentro-das-escolas-de-sao-vicente#primaryimage\",\"url\":\"https:\\\/\\\/redenoticiaz.com.br\\\/litoralsp\\\/wp-content\\\/uploads\\\/sites\\\/3\\\/2022\\\/06\\\/escola-covid-mascara-mg-15062021183106037.jpeg\",\"contentUrl\":\"https:\\\/\\\/redenoticiaz.com.br\\\/litoralsp\\\/wp-content\\\/uploads\\\/sites\\\/3\\\/2022\\\/06\\\/escola-covid-mascara-mg-15062021183106037.jpeg\",\"width\":771,\"height\":420,\"caption\":\"Cr\u00e9ditos: Reprodu\u00e7\u00e3o\\\/Freepik\"},{\"@type\":\"WebSite\",\"@id\":\"https:\\\/\\\/redenoticiaz.com.br\\\/litoralsp\\\/#website\",\"url\":\"https:\\\/\\\/redenoticiaz.com.br\\\/litoralsp\\\/\",\"name\":\"Litoral SP\",\"description\":\"Rede NoticiaZ\",\"publisher\":{\"@id\":\"https:\\\/\\\/redenoticiaz.com.br\\\/litoralsp\\\/#organization\"},\"potentialAction\":[{\"@type\":\"SearchAction\",\"target\":{\"@type\":\"EntryPoint\",\"urlTemplate\":\"https:\\\/\\\/redenoticiaz.com.br\\\/litoralsp\\\/?s={search_term_string}\"},\"query-input\":{\"@type\":\"PropertyValueSpecification\",\"valueRequired\":true,\"valueName\":\"search_term_string\"}}],\"inLanguage\":\"pt-BR\"},{\"@type\":\"Organization\",\"@id\":\"https:\\\/\\\/redenoticiaz.com.br\\\/litoralsp\\\/#organization\",\"name\":\"Litoral SP\",\"url\":\"https:\\\/\\\/redenoticiaz.com.br\\\/litoralsp\\\/\",\"logo\":{\"@type\":\"ImageObject\",\"inLanguage\":\"pt-BR\",\"@id\":\"https:\\\/\\\/redenoticiaz.com.br\\\/litoralsp\\\/#\\\/schema\\\/logo\\\/image\\\/\",\"url\":\"https:\\\/\\\/redenoticiaz.com.br\\\/litoralsp\\\/wp-content\\\/uploads\\\/sites\\\/3\\\/2020\\\/11\\\/logo.jpg\",\"contentUrl\":\"https:\\\/\\\/redenoticiaz.com.br\\\/litoralsp\\\/wp-content\\\/uploads\\\/sites\\\/3\\\/2020\\\/11\\\/logo.jpg\",\"width\":400,\"height\":250,\"caption\":\"Litoral SP\"},\"image\":{\"@id\":\"https:\\\/\\\/redenoticiaz.com.br\\\/litoralsp\\\/#\\\/schema\\\/logo\\\/image\\\/\"}},{\"@type\":\"Person\",\"@id\":\"https:\\\/\\\/redenoticiaz.com.br\\\/litoralsp\\\/#\\\/schema\\\/person\\\/0f0b8a5bdafefe82841e07ae8d81ecb3\",\"name\":\"Leonardo Francisco\",\"image\":{\"@type\":\"ImageObject\",\"inLanguage\":\"pt-BR\",\"@id\":\"https:\\\/\\\/secure.gravatar.com\\\/avatar\\\/a7358cb406a99b682ec6df1e77e31ae82e63601f6784e8a3df411d72b37864da?s=96&d=mm&r=g\",\"url\":\"https:\\\/\\\/secure.gravatar.com\\\/avatar\\\/a7358cb406a99b682ec6df1e77e31ae82e63601f6784e8a3df411d72b37864da?s=96&d=mm&r=g\",\"contentUrl\":\"https:\\\/\\\/secure.gravatar.com\\\/avatar\\\/a7358cb406a99b682ec6df1e77e31ae82e63601f6784e8a3df411d72b37864da?s=96&d=mm&r=g\",\"caption\":\"Leonardo Francisco\"},\"url\":\"https:\\\/\\\/redenoticiaz.com.br\\\/litoralsp\\\/author\\\/leonardo-francisco\"}]}<\/script>\n<!-- \/ Yoast SEO plugin. -->","yoast_head_json":{"title":"Uso da m\u00e1scara contra a Covid-19 \u00e9 recomendado dentro das escolas de S\u00e3o Vicente - Litoral SP","description":"casos da Covid-19, S\u00e3o Vicente \u00e9 mais uma cidade da Baixada Santista a aderir a recomenda\u00e7\u00e3o do uso da m\u00e1scara de prote\u00e7\u00e3o dentro","robots":{"index":"index","follow":"follow","max-snippet":"max-snippet:-1","max-image-preview":"max-image-preview:large","max-video-preview":"max-video-preview:-1"},"canonical":"https:\/\/redenoticiaz.com.br\/litoralsp\/2022\/06\/02\/uso-da-mascara-contra-a-covid-19-e-recomendado-dentro-das-escolas-de-sao-vicente","og_locale":"pt_BR","og_type":"article","og_title":"Uso da m\u00e1scara contra a Covid-19 \u00e9 recomendado dentro das escolas de S\u00e3o Vicente - Litoral SP","og_description":"casos da Covid-19, S\u00e3o Vicente \u00e9 mais uma cidade da Baixada Santista a aderir a recomenda\u00e7\u00e3o do uso da m\u00e1scara de prote\u00e7\u00e3o dentro","og_url":"https:\/\/redenoticiaz.com.br\/litoralsp\/2022\/06\/02\/uso-da-mascara-contra-a-covid-19-e-recomendado-dentro-das-escolas-de-sao-vicente","og_site_name":"Litoral SP","article_published_time":"2022-06-02T15:02:23+00:00","article_modified_time":"2022-06-02T15:02:51+00:00","og_image":[{"width":771,"height":420,"url":"https:\/\/redenoticiaz.com.br\/litoralsp\/wp-content\/uploads\/sites\/3\/2022\/06\/escola-covid-mascara-mg-15062021183106037.jpeg","type":"image\/jpeg"}],"author":"Leonardo Francisco","twitter_card":"summary_large_image","twitter_misc":{"Escrito por":"Leonardo Francisco","Est. tempo de leitura":"2 minutos"},"schema":{"@context":"https:\/\/schema.org","@graph":[{"@type":"Article","@id":"https:\/\/redenoticiaz.com.br\/litoralsp\/2022\/06\/02\/uso-da-mascara-contra-a-covid-19-e-recomendado-dentro-das-escolas-de-sao-vicente#article","isPartOf":{"@id":"https:\/\/redenoticiaz.com.br\/litoralsp\/2022\/06\/02\/uso-da-mascara-contra-a-covid-19-e-recomendado-dentro-das-escolas-de-sao-vicente"},"author":{"name":"Leonardo Francisco","@id":"https:\/\/redenoticiaz.com.br\/litoralsp\/#\/schema\/person\/0f0b8a5bdafefe82841e07ae8d81ecb3"},"headline":"Uso da m\u00e1scara contra a Covid-19 \u00e9 recomendado dentro das escolas de S\u00e3o Vicente","datePublished":"2022-06-02T15:02:23+00:00","dateModified":"2022-06-02T15:02:51+00:00","mainEntityOfPage":{"@id":"https:\/\/redenoticiaz.com.br\/litoralsp\/2022\/06\/02\/uso-da-mascara-contra-a-covid-19-e-recomendado-dentro-das-escolas-de-sao-vicente"},"wordCount":357,"commentCount":0,"publisher":{"@id":"https:\/\/redenoticiaz.com.br\/litoralsp\/#organization"},"image":{"@id":"https:\/\/redenoticiaz.com.br\/litoralsp\/2022\/06\/02\/uso-da-mascara-contra-a-covid-19-e-recomendado-dentro-das-escolas-de-sao-vicente#primaryimage"},"thumbnailUrl":"https:\/\/redenoticiaz.com.br\/litoralsp\/wp-content\/uploads\/sites\/3\/2022\/06\/escola-covid-mascara-mg-15062021183106037.jpeg","keywords":["ESCOLAS MUNICIPAIS","ESCOLAS PARTICULARES","PROTE\u00c7\u00c3O CONTRA A COVID","S\u00e3o Vicente","USO DA M\u00c1SCARA"],"articleSection":["Educa\u00e7\u00e3o","S\u00e3o Vicente","Sa\u00fade"],"inLanguage":"pt-BR","potentialAction":[{"@type":"CommentAction","name":"Comment","target":["https:\/\/redenoticiaz.com.br\/litoralsp\/2022\/06\/02\/uso-da-mascara-contra-a-covid-19-e-recomendado-dentro-das-escolas-de-sao-vicente#respond"]}]},{"@type":"WebPage","@id":"https:\/\/redenoticiaz.com.br\/litoralsp\/2022\/06\/02\/uso-da-mascara-contra-a-covid-19-e-recomendado-dentro-das-escolas-de-sao-vicente","url":"https:\/\/redenoticiaz.com.br\/litoralsp\/2022\/06\/02\/uso-da-mascara-contra-a-covid-19-e-recomendado-dentro-das-escolas-de-sao-vicente","name":"Uso da m\u00e1scara contra a Covid-19 \u00e9 recomendado dentro das escolas de S\u00e3o Vicente - Litoral SP","isPartOf":{"@id":"https:\/\/redenoticiaz.com.br\/litoralsp\/#website"},"primaryImageOfPage":{"@id":"https:\/\/redenoticiaz.com.br\/litoralsp\/2022\/06\/02\/uso-da-mascara-contra-a-covid-19-e-recomendado-dentro-das-escolas-de-sao-vicente#primaryimage"},"image":{"@id":"https:\/\/redenoticiaz.com.br\/litoralsp\/2022\/06\/02\/uso-da-mascara-contra-a-covid-19-e-recomendado-dentro-das-escolas-de-sao-vicente#primaryimage"},"thumbnailUrl":"https:\/\/redenoticiaz.com.br\/litoralsp\/wp-content\/uploads\/sites\/3\/2022\/06\/escola-covid-mascara-mg-15062021183106037.jpeg","datePublished":"2022-06-02T15:02:23+00:00","dateModified":"2022-06-02T15:02:51+00:00","description":"casos da Covid-19, S\u00e3o Vicente \u00e9 mais uma cidade da Baixada Santista a aderir a recomenda\u00e7\u00e3o do uso da m\u00e1scara de prote\u00e7\u00e3o dentro","inLanguage":"pt-BR","potentialAction":[{"@type":"ReadAction","target":["https:\/\/redenoticiaz.com.br\/litoralsp\/2022\/06\/02\/uso-da-mascara-contra-a-covid-19-e-recomendado-dentro-das-escolas-de-sao-vicente"]}]},{"@type":"ImageObject","inLanguage":"pt-BR","@id":"https:\/\/redenoticiaz.com.br\/litoralsp\/2022\/06\/02\/uso-da-mascara-contra-a-covid-19-e-recomendado-dentro-das-escolas-de-sao-vicente#primaryimage","url":"https:\/\/redenoticiaz.com.br\/litoralsp\/wp-content\/uploads\/sites\/3\/2022\/06\/escola-covid-mascara-mg-15062021183106037.jpeg","contentUrl":"https:\/\/redenoticiaz.com.br\/litoralsp\/wp-content\/uploads\/sites\/3\/2022\/06\/escola-covid-mascara-mg-15062021183106037.jpeg","width":771,"height":420,"caption":"Cr\u00e9ditos: Reprodu\u00e7\u00e3o\/Freepik"},{"@type":"WebSite","@id":"https:\/\/redenoticiaz.com.br\/litoralsp\/#website","url":"https:\/\/redenoticiaz.com.br\/litoralsp\/","name":"Litoral SP","description":"Rede NoticiaZ","publisher":{"@id":"https:\/\/redenoticiaz.com.br\/litoralsp\/#organization"},"potentialAction":[{"@type":"SearchAction","target":{"@type":"EntryPoint","urlTemplate":"https:\/\/redenoticiaz.com.br\/litoralsp\/?s={search_term_string}"},"query-input":{"@type":"PropertyValueSpecification","valueRequired":true,"valueName":"search_term_string"}}],"inLanguage":"pt-BR"},{"@type":"Organization","@id":"https:\/\/redenoticiaz.com.br\/litoralsp\/#organization","name":"Litoral SP","url":"https:\/\/redenoticiaz.com.br\/litoralsp\/","logo":{"@type":"ImageObject","inLanguage":"pt-BR","@id":"https:\/\/redenoticiaz.com.br\/litoralsp\/#\/schema\/logo\/image\/","url":"https:\/\/redenoticiaz.com.br\/litoralsp\/wp-content\/uploads\/sites\/3\/2020\/11\/logo.jpg","contentUrl":"https:\/\/redenoticiaz.com.br\/litoralsp\/wp-content\/uploads\/sites\/3\/2020\/11\/logo.jpg","width":400,"height":250,"caption":"Litoral SP"},"image":{"@id":"https:\/\/redenoticiaz.com.br\/litoralsp\/#\/schema\/logo\/image\/"}},{"@type":"Person","@id":"https:\/\/redenoticiaz.com.br\/litoralsp\/#\/schema\/person\/0f0b8a5bdafefe82841e07ae8d81ecb3","name":"Leonardo Francisco","image":{"@type":"ImageObject","inLanguage":"pt-BR","@id":"https:\/\/secure.gravatar.com\/avatar\/a7358cb406a99b682ec6df1e77e31ae82e63601f6784e8a3df411d72b37864da?s=96&d=mm&r=g","url":"https:\/\/secure.gravatar.com\/avatar\/a7358cb406a99b682ec6df1e77e31ae82e63601f6784e8a3df411d72b37864da?s=96&d=mm&r=g","contentUrl":"https:\/\/secure.gravatar.com\/avatar\/a7358cb406a99b682ec6df1e77e31ae82e63601f6784e8a3df411d72b37864da?s=96&d=mm&r=g","caption":"Leonardo Francisco"},"url":"https:\/\/redenoticiaz.com.br\/litoralsp\/author\/leonardo-francisco"}]}},"_links":{"self":[{"href":"https:\/\/redenoticiaz.com.br\/litoralsp\/wp-json\/wp\/v2\/posts\/85419","targetHints":{"allow":["GET"]}}],"collection":[{"href":"https:\/\/redenoticiaz.com.br\/litoralsp\/wp-json\/wp\/v2\/posts"}],"about":[{"href":"https:\/\/redenoticiaz.com.br\/litoralsp\/wp-json\/wp\/v2\/types\/post"}],"author":[{"embeddable":true,"href":"https:\/\/redenoticiaz.com.br\/litoralsp\/wp-json\/wp\/v2\/users\/6"}],"replies":[{"embeddable":true,"href":"https:\/\/redenoticiaz.com.br\/litoralsp\/wp-json\/wp\/v2\/comments?post=85419"}],"version-history":[{"count":2,"href":"https:\/\/redenoticiaz.com.br\/litoralsp\/wp-json\/wp\/v2\/posts\/85419\/revisions"}],"predecessor-version":[{"id":85422,"href":"https:\/\/redenoticiaz.com.br\/litoralsp\/wp-json\/wp\/v2\/posts\/85419\/revisions\/85422"}],"wp:featuredmedia":[{"embeddable":true,"href":"https:\/\/redenoticiaz.com.br\/litoralsp\/wp-json\/wp\/v2\/media\/85420"}],"wp:attachment":[{"href":"https:\/\/redenoticiaz.com.br\/litoralsp\/wp-json\/wp\/v2\/media?parent=85419"}],"wp:term":[{"taxonomy":"category","embeddable":true,"href":"https:\/\/redenoticiaz.com.br\/litoralsp\/wp-json\/wp\/v2\/categories?post=85419"},{"taxonomy":"post_tag","embeddable":true,"href":"https:\/\/redenoticiaz.com.br\/litoralsp\/wp-json\/wp\/v2\/tags?post=85419"}],"curies":[{"name":"wp","href":"https:\/\/api.w.org\/{rel}","templated":true}]}}