{"id":8543,"date":"2021-05-13T19:06:28","date_gmt":"2021-05-13T22:06:28","guid":{"rendered":"https:\/\/redenoticiaz.com.br\/litoralsp\/2021\/05\/13\/falta-de-decoro-bolsonaro-dispara-e-renan-se-defende"},"modified":"2021-05-13T19:31:36","modified_gmt":"2021-05-13T22:31:36","slug":"falta-de-decoro-bolsonaro-dispara-e-renan-se-defende","status":"publish","type":"post","link":"https:\/\/redenoticiaz.com.br\/litoralsp\/2021\/05\/13\/falta-de-decoro-bolsonaro-dispara-e-renan-se-defende","title":{"rendered":"Falta de decoro? Bolsonaro dispara e Renan se defende"},"content":{"rendered":"<p>O presidente <strong>Jair Bolsonaro<\/strong> (Sem partido) foi at\u00e9 Macei\u00f3, no <a href=\"http:\/\/www.agenciaalagoas.al.gov.br\/\">Alagoas<\/a>, para a inaugura\u00e7\u00e3o de pr\u00e9dios populares. Mas ele disparou cr\u00edticas ao senador <strong>Renan Calheiros<\/strong> (MDB-AL) por causa da CPI da Covid, que apura irregularidades feitas ao Governo Federal no combate \u00e0 pandemia.<\/p>\n<p>O presidente disse que &#8220;\u00e9 um crime\u201d o que acontece na CPI da Covid, em que, segundo ele, h\u00e1 \u201cvagabundo inquirindo pessoas de bem\u201d. O ato foi o mesmo que o filho, o senador Fl\u00e1vio Bolsonaro (Republicanos-RJ), fez contra Renan.<\/p>\n<div class=\"mc-column content-text active-extra-styles\" data-block-type=\"raw\" data-block-weight=\"34\" data-block-id=\"2\">\n<blockquote class=\"content-blockquote theme-border-color-primary-before\"><p>\u201cSe Jesus teve um traidor, temos um vagabundo inquirindo pessoas de bem no pa\u00eds. \u00c9 um crime o que vem acontecendo com essa CPI. Mas o que interessa s\u00e3o as boas a\u00e7\u00f5es\u201d, declarou Bolsonaro.<\/p><\/blockquote>\n<\/div>\n<div class=\"bs-video-block mc-column content-media content-video\" data-block-type=\"backstage-video\" data-block-id=\"3\">\n<div class=\"content-media__container\">\n<div class=\"content-video__bigger-player-description-fixer\">\n<article class=\"content-video\">\n<section class=\"content-video__video-container\">\n<div class=\"content-video__video\">\n<div class=\"content-video__placeholder\" data-video-id=\"9512470\">\n<div class=\"mc-column content-text active-extra-styles \" data-block-type=\"unstyled\" data-block-weight=\"38\" data-block-id=\"4\">\n<p class=\"content-text__container \" data-track-category=\"Link no Texto\" data-track-links=\"\">O presidente n\u00e3o citou o nome de Renan, mas, na sequ\u00eancia, apoiadores gritaram \u201cRenan, vagabundo\u201d. Mais cedo na cerim\u00f4nia, o presidente fez um sinal positivo e acenou para os apoiadores que fizeram o mesmo ataque ao senador alagoano.<\/p>\n<\/div>\n<div class=\"mc-column content-text active-extra-styles \" data-block-type=\"unstyled\" data-block-weight=\"41\" data-block-id=\"5\">\n<p class=\"content-text__container \" data-track-category=\"Link no Texto\" data-track-links=\"\">Em seguida, ainda sem falar o nome de Renan, Bolsonaro disse que &#8220;o recado que tenho para esse indiv\u00edduo: se quer fazer um show, tentando me derrubar, n\u00e3o o far\u00e1. Somente Deus me tira daquela cadeira\u201d, em refer\u00eancia \u00e0 cadeira presidencial.<\/p>\n<h3 data-track-category=\"Link no Texto\">Resposta de Renan<\/h3>\n<p>A ofensa repercutiu no Senado Federal e Renan Calheiros tamb\u00e9m n\u00e3o deixou barato. Primeiro ele pediu para que &#8220;pare com a baixaria&#8221; e depois, no intervalo da CPI da Covid, Renan disse que Bolsonaro defende &#8220;interesses pr\u00f3prios&#8221;.<\/p>\n<p>&#8220;Se ele n\u00e3o respeita a CPI, por favor, pare com baixaria. Ele tem seus interesses e defende seus interesses pr\u00f3prios. Suas agress\u00f5es s\u00e3o socos no ar. A CPI n\u00e3o vai sucumbir a isso, vai cumprir seu papel&#8221;, disse Renan.<\/p>\n<div class=\"mc-column content-text active-extra-styles \" data-block-type=\"unstyled\" data-block-weight=\"38\" data-block-id=\"9\">\n<p class=\"content-text__container \" data-track-category=\"Link no Texto\" data-track-links=\"\">O senador disse ainda que Bolsonaro foi a Alagoas para inaugurar uma obra j\u00e1 inaugurada. O viaduto da solenidade com o presidente foi inaugurado pelo governador Renan Filho, filho de Renan Calheiros, em dezembro de 2020.<\/p>\n<\/div>\n<div class=\"mc-column content-text active-extra-styles \" data-block-type=\"unstyled\" data-block-weight=\"16\" data-block-id=\"10\">\n<p class=\"content-text__container \" data-track-category=\"Link no Texto\" data-track-links=\"\">Houve libera\u00e7\u00e3o parcial das faixas para o tr\u00e2nsito, e as demais foram liberadas gradativamente neste ano.<\/p>\n<\/div>\n<div class=\"mc-column content-text active-extra-styles \" data-block-type=\"unstyled\" data-block-weight=\"58\" data-block-id=\"11\">\n<blockquote>\n<p class=\"content-text__container \" data-track-category=\"Link no Texto\" data-track-links=\"\">&#8220;Acabo de ser informado que o presidente foi a Alagoas em avi\u00e3o presidencial inaugurar obra j\u00e1 inaugurada. E me atacar pessoalmente e atacar esta comiss\u00e3o parlamentar de inqu\u00e9rito. Em resposta ao presidente da Rep\u00fablica, dizer que o que nos preocupa verdadeiramente \u00e9 o n\u00famero de mortes que aconteceram no Brasil. S\u00e3o mais de 428 mil vitimas&#8221;, disse Renan.<\/p>\n<\/blockquote>\n<p data-track-category=\"Link no Texto\" data-track-links=\"\"><strong>LEIA TAMB\u00c9M<\/strong><\/p>\n<p data-track-category=\"Link no Texto\" data-track-links=\"\"><a href=\"https:\/\/redenoticiaz.com.br\/blog\/2021\/05\/13\/executivo-da-pfizer-e-ouvido-na-cpi-da-covid-e-confirma-rejeicao-do-governo-federal\">Executivo da Pfizer \u00e9 ouvido na CPI da Covid e confirma rejei\u00e7\u00e3o do Governo Federal<\/a><\/p>\n<\/div>\n<\/div>\n<\/div>\n<\/div>\n<\/section>\n<\/article>\n<\/div>\n<\/div>\n<\/div>\n","protected":false},"excerpt":{"rendered":"<p>O presidente Jair Bolsonaro (Sem partido) foi at\u00e9 Macei\u00f3, no Alagoas, para a inaugura\u00e7\u00e3o de pr\u00e9dios populares. Mas ele disparou cr\u00edticas ao senador Renan Calheiros (MDB-AL) por causa da CPI da Covid, que apura irregularidades feitas ao Governo Federal no combate \u00e0 pandemia. O presidente disse que &#8220;\u00e9 um crime\u201d o que acontece na CPI &hellip;<\/p>\n","protected":false},"author":6,"featured_media":8544,"comment_status":"open","ping_status":"closed","sticky":false,"template":"","format":"standard","meta":{"footnotes":""},"categories":[15],"tags":[22168,173,20391,5590,18,21420],"class_list":["post-8543","post","type-post","status-publish","format-standard","has-post-thumbnail","hentry","category-politica","tag-alagoas","tag-brasil","tag-cpi-da-covid","tag-criticas","tag-jair-bolsonaro","tag-senador-renan-calheiros"],"yoast_head":"<!-- This site is optimized with the Yoast SEO plugin v27.5 - https:\/\/yoast.com\/product\/yoast-seo-wordpress\/ -->\n<title>Falta de decoro? Bolsonaro dispara e Renan se defende - Litoral SP<\/title>\n<meta name=\"description\" content=\"O presidente Jair Bolsonaro (Sem partido) foi at\u00e9 Macei\u00f3, no Alagoas, para a inaugura\u00e7\u00e3o de pr\u00e9dios populares. Mas ele disparou cr\u00edticas ao senador\" \/>\n<meta name=\"robots\" content=\"index, follow, max-snippet:-1, max-image-preview:large, max-video-preview:-1\" \/>\n<link rel=\"canonical\" href=\"https:\/\/redenoticiaz.com.br\/litoralsp\/2021\/05\/13\/falta-de-decoro-bolsonaro-dispara-e-renan-se-defende\" \/>\n<meta property=\"og:locale\" content=\"pt_BR\" \/>\n<meta property=\"og:type\" content=\"article\" \/>\n<meta property=\"og:title\" content=\"Falta de decoro? Bolsonaro dispara e Renan se defende - Litoral SP\" \/>\n<meta property=\"og:description\" content=\"O presidente Jair Bolsonaro (Sem partido) foi at\u00e9 Macei\u00f3, no Alagoas, para a inaugura\u00e7\u00e3o de pr\u00e9dios populares. Mas ele disparou cr\u00edticas ao senador\" \/>\n<meta property=\"og:url\" content=\"https:\/\/redenoticiaz.com.br\/litoralsp\/2021\/05\/13\/falta-de-decoro-bolsonaro-dispara-e-renan-se-defende\" \/>\n<meta property=\"og:site_name\" content=\"Litoral SP\" \/>\n<meta property=\"article:published_time\" content=\"2021-05-13T22:06:28+00:00\" \/>\n<meta property=\"article:modified_time\" content=\"2021-05-13T22:31:36+00:00\" \/>\n<meta property=\"og:image\" content=\"https:\/\/redenoticiaz.com.br\/litoralsp\/wp-content\/uploads\/sites\/3\/2021\/05\/bxc.jpg\" \/>\n\t<meta property=\"og:image:width\" content=\"1021\" \/>\n\t<meta property=\"og:image:height\" content=\"591\" \/>\n\t<meta property=\"og:image:type\" content=\"image\/jpeg\" \/>\n<meta name=\"author\" content=\"Leonardo Francisco\" \/>\n<meta name=\"twitter:card\" content=\"summary_large_image\" \/>\n<meta name=\"twitter:label1\" content=\"Escrito por\" \/>\n\t<meta name=\"twitter:data1\" content=\"Leonardo Francisco\" \/>\n\t<meta name=\"twitter:label2\" content=\"Est. tempo de leitura\" \/>\n\t<meta name=\"twitter:data2\" content=\"2 minutos\" \/>\n<script type=\"application\/ld+json\" class=\"yoast-schema-graph\">{\"@context\":\"https:\\\/\\\/schema.org\",\"@graph\":[{\"@type\":\"Article\",\"@id\":\"https:\\\/\\\/redenoticiaz.com.br\\\/litoralsp\\\/2021\\\/05\\\/13\\\/falta-de-decoro-bolsonaro-dispara-e-renan-se-defende#article\",\"isPartOf\":{\"@id\":\"https:\\\/\\\/redenoticiaz.com.br\\\/litoralsp\\\/2021\\\/05\\\/13\\\/falta-de-decoro-bolsonaro-dispara-e-renan-se-defende\"},\"author\":{\"name\":\"Leonardo Francisco\",\"@id\":\"https:\\\/\\\/redenoticiaz.com.br\\\/litoralsp\\\/#\\\/schema\\\/person\\\/0f0b8a5bdafefe82841e07ae8d81ecb3\"},\"headline\":\"Falta de decoro? Bolsonaro dispara e Renan se defende\",\"datePublished\":\"2021-05-13T22:06:28+00:00\",\"dateModified\":\"2021-05-13T22:31:36+00:00\",\"mainEntityOfPage\":{\"@id\":\"https:\\\/\\\/redenoticiaz.com.br\\\/litoralsp\\\/2021\\\/05\\\/13\\\/falta-de-decoro-bolsonaro-dispara-e-renan-se-defende\"},\"wordCount\":434,\"commentCount\":0,\"publisher\":{\"@id\":\"https:\\\/\\\/redenoticiaz.com.br\\\/litoralsp\\\/#organization\"},\"image\":{\"@id\":\"https:\\\/\\\/redenoticiaz.com.br\\\/litoralsp\\\/2021\\\/05\\\/13\\\/falta-de-decoro-bolsonaro-dispara-e-renan-se-defende#primaryimage\"},\"thumbnailUrl\":\"https:\\\/\\\/redenoticiaz.com.br\\\/litoralsp\\\/wp-content\\\/uploads\\\/sites\\\/3\\\/2021\\\/05\\\/bxc.jpg\",\"keywords\":[\"ALAGOAS\",\"Brasil\",\"CPI DA COVID\",\"CR\u00cdTICAS\",\"Jair Bolsonaro\",\"SENADOR RENAN CALHEIROS\"],\"articleSection\":[\"Pol\u00edtica\"],\"inLanguage\":\"pt-BR\",\"potentialAction\":[{\"@type\":\"CommentAction\",\"name\":\"Comment\",\"target\":[\"https:\\\/\\\/redenoticiaz.com.br\\\/litoralsp\\\/2021\\\/05\\\/13\\\/falta-de-decoro-bolsonaro-dispara-e-renan-se-defende#respond\"]}]},{\"@type\":\"WebPage\",\"@id\":\"https:\\\/\\\/redenoticiaz.com.br\\\/litoralsp\\\/2021\\\/05\\\/13\\\/falta-de-decoro-bolsonaro-dispara-e-renan-se-defende\",\"url\":\"https:\\\/\\\/redenoticiaz.com.br\\\/litoralsp\\\/2021\\\/05\\\/13\\\/falta-de-decoro-bolsonaro-dispara-e-renan-se-defende\",\"name\":\"Falta de decoro? Bolsonaro dispara e Renan se defende - Litoral SP\",\"isPartOf\":{\"@id\":\"https:\\\/\\\/redenoticiaz.com.br\\\/litoralsp\\\/#website\"},\"primaryImageOfPage\":{\"@id\":\"https:\\\/\\\/redenoticiaz.com.br\\\/litoralsp\\\/2021\\\/05\\\/13\\\/falta-de-decoro-bolsonaro-dispara-e-renan-se-defende#primaryimage\"},\"image\":{\"@id\":\"https:\\\/\\\/redenoticiaz.com.br\\\/litoralsp\\\/2021\\\/05\\\/13\\\/falta-de-decoro-bolsonaro-dispara-e-renan-se-defende#primaryimage\"},\"thumbnailUrl\":\"https:\\\/\\\/redenoticiaz.com.br\\\/litoralsp\\\/wp-content\\\/uploads\\\/sites\\\/3\\\/2021\\\/05\\\/bxc.jpg\",\"datePublished\":\"2021-05-13T22:06:28+00:00\",\"dateModified\":\"2021-05-13T22:31:36+00:00\",\"description\":\"O presidente Jair Bolsonaro (Sem partido) foi at\u00e9 Macei\u00f3, no Alagoas, para a inaugura\u00e7\u00e3o de pr\u00e9dios populares. Mas ele disparou cr\u00edticas ao senador\",\"inLanguage\":\"pt-BR\",\"potentialAction\":[{\"@type\":\"ReadAction\",\"target\":[\"https:\\\/\\\/redenoticiaz.com.br\\\/litoralsp\\\/2021\\\/05\\\/13\\\/falta-de-decoro-bolsonaro-dispara-e-renan-se-defende\"]}]},{\"@type\":\"ImageObject\",\"inLanguage\":\"pt-BR\",\"@id\":\"https:\\\/\\\/redenoticiaz.com.br\\\/litoralsp\\\/2021\\\/05\\\/13\\\/falta-de-decoro-bolsonaro-dispara-e-renan-se-defende#primaryimage\",\"url\":\"https:\\\/\\\/redenoticiaz.com.br\\\/litoralsp\\\/wp-content\\\/uploads\\\/sites\\\/3\\\/2021\\\/05\\\/bxc.jpg\",\"contentUrl\":\"https:\\\/\\\/redenoticiaz.com.br\\\/litoralsp\\\/wp-content\\\/uploads\\\/sites\\\/3\\\/2021\\\/05\\\/bxc.jpg\",\"width\":1021,\"height\":591,\"caption\":\"Presidente critica a condu\u00e7\u00e3o da CPI da Covid e senador rebate citando as 428 mil mortes causadas pela doen\u00e7a.\"},{\"@type\":\"WebSite\",\"@id\":\"https:\\\/\\\/redenoticiaz.com.br\\\/litoralsp\\\/#website\",\"url\":\"https:\\\/\\\/redenoticiaz.com.br\\\/litoralsp\\\/\",\"name\":\"Litoral SP\",\"description\":\"Rede NoticiaZ\",\"publisher\":{\"@id\":\"https:\\\/\\\/redenoticiaz.com.br\\\/litoralsp\\\/#organization\"},\"potentialAction\":[{\"@type\":\"SearchAction\",\"target\":{\"@type\":\"EntryPoint\",\"urlTemplate\":\"https:\\\/\\\/redenoticiaz.com.br\\\/litoralsp\\\/?s={search_term_string}\"},\"query-input\":{\"@type\":\"PropertyValueSpecification\",\"valueRequired\":true,\"valueName\":\"search_term_string\"}}],\"inLanguage\":\"pt-BR\"},{\"@type\":\"Organization\",\"@id\":\"https:\\\/\\\/redenoticiaz.com.br\\\/litoralsp\\\/#organization\",\"name\":\"Litoral SP\",\"url\":\"https:\\\/\\\/redenoticiaz.com.br\\\/litoralsp\\\/\",\"logo\":{\"@type\":\"ImageObject\",\"inLanguage\":\"pt-BR\",\"@id\":\"https:\\\/\\\/redenoticiaz.com.br\\\/litoralsp\\\/#\\\/schema\\\/logo\\\/image\\\/\",\"url\":\"https:\\\/\\\/redenoticiaz.com.br\\\/litoralsp\\\/wp-content\\\/uploads\\\/sites\\\/3\\\/2020\\\/11\\\/logo.jpg\",\"contentUrl\":\"https:\\\/\\\/redenoticiaz.com.br\\\/litoralsp\\\/wp-content\\\/uploads\\\/sites\\\/3\\\/2020\\\/11\\\/logo.jpg\",\"width\":400,\"height\":250,\"caption\":\"Litoral SP\"},\"image\":{\"@id\":\"https:\\\/\\\/redenoticiaz.com.br\\\/litoralsp\\\/#\\\/schema\\\/logo\\\/image\\\/\"}},{\"@type\":\"Person\",\"@id\":\"https:\\\/\\\/redenoticiaz.com.br\\\/litoralsp\\\/#\\\/schema\\\/person\\\/0f0b8a5bdafefe82841e07ae8d81ecb3\",\"name\":\"Leonardo Francisco\",\"image\":{\"@type\":\"ImageObject\",\"inLanguage\":\"pt-BR\",\"@id\":\"https:\\\/\\\/secure.gravatar.com\\\/avatar\\\/a7358cb406a99b682ec6df1e77e31ae82e63601f6784e8a3df411d72b37864da?s=96&d=mm&r=g\",\"url\":\"https:\\\/\\\/secure.gravatar.com\\\/avatar\\\/a7358cb406a99b682ec6df1e77e31ae82e63601f6784e8a3df411d72b37864da?s=96&d=mm&r=g\",\"contentUrl\":\"https:\\\/\\\/secure.gravatar.com\\\/avatar\\\/a7358cb406a99b682ec6df1e77e31ae82e63601f6784e8a3df411d72b37864da?s=96&d=mm&r=g\",\"caption\":\"Leonardo Francisco\"},\"url\":\"https:\\\/\\\/redenoticiaz.com.br\\\/litoralsp\\\/author\\\/leonardo-francisco\"}]}<\/script>\n<!-- \/ Yoast SEO plugin. -->","yoast_head_json":{"title":"Falta de decoro? Bolsonaro dispara e Renan se defende - Litoral SP","description":"O presidente Jair Bolsonaro (Sem partido) foi at\u00e9 Macei\u00f3, no Alagoas, para a inaugura\u00e7\u00e3o de pr\u00e9dios populares. Mas ele disparou cr\u00edticas ao senador","robots":{"index":"index","follow":"follow","max-snippet":"max-snippet:-1","max-image-preview":"max-image-preview:large","max-video-preview":"max-video-preview:-1"},"canonical":"https:\/\/redenoticiaz.com.br\/litoralsp\/2021\/05\/13\/falta-de-decoro-bolsonaro-dispara-e-renan-se-defende","og_locale":"pt_BR","og_type":"article","og_title":"Falta de decoro? Bolsonaro dispara e Renan se defende - Litoral SP","og_description":"O presidente Jair Bolsonaro (Sem partido) foi at\u00e9 Macei\u00f3, no Alagoas, para a inaugura\u00e7\u00e3o de pr\u00e9dios populares. Mas ele disparou cr\u00edticas ao senador","og_url":"https:\/\/redenoticiaz.com.br\/litoralsp\/2021\/05\/13\/falta-de-decoro-bolsonaro-dispara-e-renan-se-defende","og_site_name":"Litoral SP","article_published_time":"2021-05-13T22:06:28+00:00","article_modified_time":"2021-05-13T22:31:36+00:00","og_image":[{"width":1021,"height":591,"url":"https:\/\/redenoticiaz.com.br\/litoralsp\/wp-content\/uploads\/sites\/3\/2021\/05\/bxc.jpg","type":"image\/jpeg"}],"author":"Leonardo Francisco","twitter_card":"summary_large_image","twitter_misc":{"Escrito por":"Leonardo Francisco","Est. tempo de leitura":"2 minutos"},"schema":{"@context":"https:\/\/schema.org","@graph":[{"@type":"Article","@id":"https:\/\/redenoticiaz.com.br\/litoralsp\/2021\/05\/13\/falta-de-decoro-bolsonaro-dispara-e-renan-se-defende#article","isPartOf":{"@id":"https:\/\/redenoticiaz.com.br\/litoralsp\/2021\/05\/13\/falta-de-decoro-bolsonaro-dispara-e-renan-se-defende"},"author":{"name":"Leonardo Francisco","@id":"https:\/\/redenoticiaz.com.br\/litoralsp\/#\/schema\/person\/0f0b8a5bdafefe82841e07ae8d81ecb3"},"headline":"Falta de decoro? Bolsonaro dispara e Renan se defende","datePublished":"2021-05-13T22:06:28+00:00","dateModified":"2021-05-13T22:31:36+00:00","mainEntityOfPage":{"@id":"https:\/\/redenoticiaz.com.br\/litoralsp\/2021\/05\/13\/falta-de-decoro-bolsonaro-dispara-e-renan-se-defende"},"wordCount":434,"commentCount":0,"publisher":{"@id":"https:\/\/redenoticiaz.com.br\/litoralsp\/#organization"},"image":{"@id":"https:\/\/redenoticiaz.com.br\/litoralsp\/2021\/05\/13\/falta-de-decoro-bolsonaro-dispara-e-renan-se-defende#primaryimage"},"thumbnailUrl":"https:\/\/redenoticiaz.com.br\/litoralsp\/wp-content\/uploads\/sites\/3\/2021\/05\/bxc.jpg","keywords":["ALAGOAS","Brasil","CPI DA COVID","CR\u00cdTICAS","Jair Bolsonaro","SENADOR RENAN CALHEIROS"],"articleSection":["Pol\u00edtica"],"inLanguage":"pt-BR","potentialAction":[{"@type":"CommentAction","name":"Comment","target":["https:\/\/redenoticiaz.com.br\/litoralsp\/2021\/05\/13\/falta-de-decoro-bolsonaro-dispara-e-renan-se-defende#respond"]}]},{"@type":"WebPage","@id":"https:\/\/redenoticiaz.com.br\/litoralsp\/2021\/05\/13\/falta-de-decoro-bolsonaro-dispara-e-renan-se-defende","url":"https:\/\/redenoticiaz.com.br\/litoralsp\/2021\/05\/13\/falta-de-decoro-bolsonaro-dispara-e-renan-se-defende","name":"Falta de decoro? Bolsonaro dispara e Renan se defende - Litoral SP","isPartOf":{"@id":"https:\/\/redenoticiaz.com.br\/litoralsp\/#website"},"primaryImageOfPage":{"@id":"https:\/\/redenoticiaz.com.br\/litoralsp\/2021\/05\/13\/falta-de-decoro-bolsonaro-dispara-e-renan-se-defende#primaryimage"},"image":{"@id":"https:\/\/redenoticiaz.com.br\/litoralsp\/2021\/05\/13\/falta-de-decoro-bolsonaro-dispara-e-renan-se-defende#primaryimage"},"thumbnailUrl":"https:\/\/redenoticiaz.com.br\/litoralsp\/wp-content\/uploads\/sites\/3\/2021\/05\/bxc.jpg","datePublished":"2021-05-13T22:06:28+00:00","dateModified":"2021-05-13T22:31:36+00:00","description":"O presidente Jair Bolsonaro (Sem partido) foi at\u00e9 Macei\u00f3, no Alagoas, para a inaugura\u00e7\u00e3o de pr\u00e9dios populares. Mas ele disparou cr\u00edticas ao senador","inLanguage":"pt-BR","potentialAction":[{"@type":"ReadAction","target":["https:\/\/redenoticiaz.com.br\/litoralsp\/2021\/05\/13\/falta-de-decoro-bolsonaro-dispara-e-renan-se-defende"]}]},{"@type":"ImageObject","inLanguage":"pt-BR","@id":"https:\/\/redenoticiaz.com.br\/litoralsp\/2021\/05\/13\/falta-de-decoro-bolsonaro-dispara-e-renan-se-defende#primaryimage","url":"https:\/\/redenoticiaz.com.br\/litoralsp\/wp-content\/uploads\/sites\/3\/2021\/05\/bxc.jpg","contentUrl":"https:\/\/redenoticiaz.com.br\/litoralsp\/wp-content\/uploads\/sites\/3\/2021\/05\/bxc.jpg","width":1021,"height":591,"caption":"Presidente critica a condu\u00e7\u00e3o da CPI da Covid e senador rebate citando as 428 mil mortes causadas pela doen\u00e7a."},{"@type":"WebSite","@id":"https:\/\/redenoticiaz.com.br\/litoralsp\/#website","url":"https:\/\/redenoticiaz.com.br\/litoralsp\/","name":"Litoral SP","description":"Rede NoticiaZ","publisher":{"@id":"https:\/\/redenoticiaz.com.br\/litoralsp\/#organization"},"potentialAction":[{"@type":"SearchAction","target":{"@type":"EntryPoint","urlTemplate":"https:\/\/redenoticiaz.com.br\/litoralsp\/?s={search_term_string}"},"query-input":{"@type":"PropertyValueSpecification","valueRequired":true,"valueName":"search_term_string"}}],"inLanguage":"pt-BR"},{"@type":"Organization","@id":"https:\/\/redenoticiaz.com.br\/litoralsp\/#organization","name":"Litoral SP","url":"https:\/\/redenoticiaz.com.br\/litoralsp\/","logo":{"@type":"ImageObject","inLanguage":"pt-BR","@id":"https:\/\/redenoticiaz.com.br\/litoralsp\/#\/schema\/logo\/image\/","url":"https:\/\/redenoticiaz.com.br\/litoralsp\/wp-content\/uploads\/sites\/3\/2020\/11\/logo.jpg","contentUrl":"https:\/\/redenoticiaz.com.br\/litoralsp\/wp-content\/uploads\/sites\/3\/2020\/11\/logo.jpg","width":400,"height":250,"caption":"Litoral SP"},"image":{"@id":"https:\/\/redenoticiaz.com.br\/litoralsp\/#\/schema\/logo\/image\/"}},{"@type":"Person","@id":"https:\/\/redenoticiaz.com.br\/litoralsp\/#\/schema\/person\/0f0b8a5bdafefe82841e07ae8d81ecb3","name":"Leonardo Francisco","image":{"@type":"ImageObject","inLanguage":"pt-BR","@id":"https:\/\/secure.gravatar.com\/avatar\/a7358cb406a99b682ec6df1e77e31ae82e63601f6784e8a3df411d72b37864da?s=96&d=mm&r=g","url":"https:\/\/secure.gravatar.com\/avatar\/a7358cb406a99b682ec6df1e77e31ae82e63601f6784e8a3df411d72b37864da?s=96&d=mm&r=g","contentUrl":"https:\/\/secure.gravatar.com\/avatar\/a7358cb406a99b682ec6df1e77e31ae82e63601f6784e8a3df411d72b37864da?s=96&d=mm&r=g","caption":"Leonardo Francisco"},"url":"https:\/\/redenoticiaz.com.br\/litoralsp\/author\/leonardo-francisco"}]}},"_links":{"self":[{"href":"https:\/\/redenoticiaz.com.br\/litoralsp\/wp-json\/wp\/v2\/posts\/8543","targetHints":{"allow":["GET"]}}],"collection":[{"href":"https:\/\/redenoticiaz.com.br\/litoralsp\/wp-json\/wp\/v2\/posts"}],"about":[{"href":"https:\/\/redenoticiaz.com.br\/litoralsp\/wp-json\/wp\/v2\/types\/post"}],"author":[{"embeddable":true,"href":"https:\/\/redenoticiaz.com.br\/litoralsp\/wp-json\/wp\/v2\/users\/6"}],"replies":[{"embeddable":true,"href":"https:\/\/redenoticiaz.com.br\/litoralsp\/wp-json\/wp\/v2\/comments?post=8543"}],"version-history":[{"count":2,"href":"https:\/\/redenoticiaz.com.br\/litoralsp\/wp-json\/wp\/v2\/posts\/8543\/revisions"}],"predecessor-version":[{"id":8547,"href":"https:\/\/redenoticiaz.com.br\/litoralsp\/wp-json\/wp\/v2\/posts\/8543\/revisions\/8547"}],"wp:featuredmedia":[{"embeddable":true,"href":"https:\/\/redenoticiaz.com.br\/litoralsp\/wp-json\/wp\/v2\/media\/8544"}],"wp:attachment":[{"href":"https:\/\/redenoticiaz.com.br\/litoralsp\/wp-json\/wp\/v2\/media?parent=8543"}],"wp:term":[{"taxonomy":"category","embeddable":true,"href":"https:\/\/redenoticiaz.com.br\/litoralsp\/wp-json\/wp\/v2\/categories?post=8543"},{"taxonomy":"post_tag","embeddable":true,"href":"https:\/\/redenoticiaz.com.br\/litoralsp\/wp-json\/wp\/v2\/tags?post=8543"}],"curies":[{"name":"wp","href":"https:\/\/api.w.org\/{rel}","templated":true}]}}