{"id":85519,"date":"2022-06-05T14:00:03","date_gmt":"2022-06-05T17:00:03","guid":{"rendered":"https:\/\/redenoticiaz.com.br\/litoralsp\/?p=85519"},"modified":"2022-06-03T22:20:32","modified_gmt":"2022-06-04T01:20:32","slug":"nao-nao-olhe-tem-teaser-inedito-lancado","status":"publish","type":"post","link":"https:\/\/redenoticiaz.com.br\/litoralsp\/2022\/06\/05\/nao-nao-olhe-tem-teaser-inedito-lancado","title":{"rendered":"N\u00e3o! N\u00e3o Olhe tem teaser in\u00e9dito lan\u00e7ado"},"content":{"rendered":"<p>Um novo teaser do filme N\u00e3o! N\u00e3o Olhe, de Jordan Peele foi lan\u00e7ado e mostra cenas in\u00e9ditas. O longa tem data de estreia para 22 de julho desse ano.<\/p>\n<p>Nesse novo teaser de apenas 30 segundos, \u00e9 poss\u00edvel ver os personagens confusos ao verem objetos estranhos sobrevoando pelo c\u00e9u. Keke Palmer e Daniel Kaluuya integram o elenco ao lado de Steven Yeun. Barbie Ferreira, Keith David, Devon Graye e Brandon Perea tamb\u00e9m far\u00e3o parte do longa.<\/p>\n<blockquote class=\"twitter-tweet\" data-width=\"500\" data-dnt=\"true\">\n<p lang=\"en\" dir=\"ltr\">All-new TV spot for Jordan Peele&#39;s <a href=\"https:\/\/twitter.com\/hashtag\/NopeMovie?src=hash&amp;ref_src=twsrc%5Etfw\">#NopeMovie<\/a>, featuring our first look at the alien UFO. <a href=\"https:\/\/t.co\/X0Qy55bSBL\">pic.twitter.com\/X0Qy55bSBL<\/a><\/p>\n<p>&mdash; Rotten Tomatoes (@RottenTomatoes) <a href=\"https:\/\/twitter.com\/RottenTomatoes\/status\/1532817899919769600?ref_src=twsrc%5Etfw\">June 3, 2022<\/a><\/p><\/blockquote>\n<p><script async src=\"https:\/\/platform.twitter.com\/widgets.js\" charset=\"utf-8\"><\/script><\/p>\n<p>Diretor de Corra! e N\u00f3s, Jordan Peele n\u00e3o da as caras nas telonas a mais de tr\u00eas anos. Ao ser questionado o porqu\u00ea de seu novo filme se chamar N\u00e3o! N\u00e3o olhe, Peele disse que adora interagir com p\u00fablico &#8220;porque \u00e9 isso que est\u00e1 dando ao p\u00fablico uma experi\u00eancia \u00fanica&#8221;.<\/p>\n<p>O novo filme tamb\u00e9m promete impressionar com sua fotografia, Peele anteriormente revelou que o filme foi filmado em c\u00e2meras que permitiram &#8220;capturar imagens diferentes de tudo\u201d que o cineasta fez antes, al\u00e9m de\u00a0 tamb\u00e9m usar &#8220;novas t\u00e9cnicas nunca vistas&#8221;.<\/p>\n","protected":false},"excerpt":{"rendered":"<p>Um novo teaser do filme N\u00e3o! N\u00e3o Olhe, de Jordan Peele foi lan\u00e7ado e mostra cenas in\u00e9ditas. O longa tem data de estreia para 22 de julho desse ano. Nesse novo teaser de apenas 30 segundos, \u00e9 poss\u00edvel ver os personagens confusos ao verem objetos estranhos sobrevoando pelo c\u00e9u. Keke Palmer e Daniel Kaluuya integram &hellip;<\/p>\n","protected":false},"author":12,"featured_media":85520,"comment_status":"open","ping_status":"closed","sticky":false,"template":"","format":"standard","meta":{"footnotes":""},"categories":[170],"tags":[55547,56913,56914,56915],"class_list":["post-85519","post","type-post","status-publish","format-standard","has-post-thumbnail","hentry","category-entretenimento","tag-filme","tag-jordan-peele","tag-nao-olhe","tag-terror"],"yoast_head":"<!-- This site is optimized with the Yoast SEO plugin v27.5 - https:\/\/yoast.com\/product\/yoast-seo-wordpress\/ -->\n<title>N\u00e3o! N\u00e3o Olhe tem teaser in\u00e9dito lan\u00e7ado - Litoral SP<\/title>\n<meta name=\"description\" content=\"Um novo teaser do filme N\u00e3o! N\u00e3o Olhe, de Jordan Peele foi lan\u00e7ado e mostra cenas in\u00e9ditas. O longa tem data de estreia para 22 de julho desse ano.\" \/>\n<meta name=\"robots\" content=\"index, follow, max-snippet:-1, max-image-preview:large, max-video-preview:-1\" \/>\n<link rel=\"canonical\" href=\"https:\/\/redenoticiaz.com.br\/litoralsp\/2022\/06\/05\/nao-nao-olhe-tem-teaser-inedito-lancado\" \/>\n<meta property=\"og:locale\" content=\"pt_BR\" \/>\n<meta property=\"og:type\" content=\"article\" \/>\n<meta property=\"og:title\" content=\"N\u00e3o! N\u00e3o Olhe tem teaser in\u00e9dito lan\u00e7ado - Litoral SP\" \/>\n<meta property=\"og:description\" content=\"Um novo teaser do filme N\u00e3o! N\u00e3o Olhe, de Jordan Peele foi lan\u00e7ado e mostra cenas in\u00e9ditas. O longa tem data de estreia para 22 de julho desse ano.\" \/>\n<meta property=\"og:url\" content=\"https:\/\/redenoticiaz.com.br\/litoralsp\/2022\/06\/05\/nao-nao-olhe-tem-teaser-inedito-lancado\" \/>\n<meta property=\"og:site_name\" content=\"Litoral SP\" \/>\n<meta property=\"article:published_time\" content=\"2022-06-05T17:00:03+00:00\" \/>\n<meta property=\"og:image\" content=\"https:\/\/redenoticiaz.com.br\/litoralsp\/wp-content\/uploads\/sites\/3\/2022\/06\/nao-olhe.jpg?v=1654305568\" \/>\n\t<meta property=\"og:image:width\" content=\"768\" \/>\n\t<meta property=\"og:image:height\" content=\"432\" \/>\n\t<meta property=\"og:image:type\" content=\"image\/jpeg\" \/>\n<meta name=\"author\" content=\"Gustavo Silva\" \/>\n<meta name=\"twitter:card\" content=\"summary_large_image\" \/>\n<meta name=\"twitter:label1\" content=\"Escrito por\" \/>\n\t<meta name=\"twitter:data1\" content=\"Gustavo Silva\" \/>\n\t<meta name=\"twitter:label2\" content=\"Est. tempo de leitura\" \/>\n\t<meta name=\"twitter:data2\" content=\"1 minuto\" \/>\n<script type=\"application\/ld+json\" class=\"yoast-schema-graph\">{\"@context\":\"https:\\\/\\\/schema.org\",\"@graph\":[{\"@type\":\"Article\",\"@id\":\"https:\\\/\\\/redenoticiaz.com.br\\\/litoralsp\\\/2022\\\/06\\\/05\\\/nao-nao-olhe-tem-teaser-inedito-lancado#article\",\"isPartOf\":{\"@id\":\"https:\\\/\\\/redenoticiaz.com.br\\\/litoralsp\\\/2022\\\/06\\\/05\\\/nao-nao-olhe-tem-teaser-inedito-lancado\"},\"author\":{\"name\":\"Gustavo Silva\",\"@id\":\"https:\\\/\\\/redenoticiaz.com.br\\\/litoralsp\\\/#\\\/schema\\\/person\\\/16057b37a3c0ee6b096d7f887c566e2e\"},\"headline\":\"N\u00e3o! N\u00e3o Olhe tem teaser in\u00e9dito lan\u00e7ado\",\"datePublished\":\"2022-06-05T17:00:03+00:00\",\"mainEntityOfPage\":{\"@id\":\"https:\\\/\\\/redenoticiaz.com.br\\\/litoralsp\\\/2022\\\/06\\\/05\\\/nao-nao-olhe-tem-teaser-inedito-lancado\"},\"wordCount\":205,\"commentCount\":0,\"publisher\":{\"@id\":\"https:\\\/\\\/redenoticiaz.com.br\\\/litoralsp\\\/#organization\"},\"image\":{\"@id\":\"https:\\\/\\\/redenoticiaz.com.br\\\/litoralsp\\\/2022\\\/06\\\/05\\\/nao-nao-olhe-tem-teaser-inedito-lancado#primaryimage\"},\"thumbnailUrl\":\"https:\\\/\\\/redenoticiaz.com.br\\\/litoralsp\\\/wp-content\\\/uploads\\\/sites\\\/3\\\/2022\\\/06\\\/nao-olhe.jpg?v=1654305568\",\"keywords\":[\"FILME\",\"jordan peele\",\"N\u00e3o olhe\",\"terror\"],\"articleSection\":[\"Entretenimento\"],\"inLanguage\":\"pt-BR\",\"potentialAction\":[{\"@type\":\"CommentAction\",\"name\":\"Comment\",\"target\":[\"https:\\\/\\\/redenoticiaz.com.br\\\/litoralsp\\\/2022\\\/06\\\/05\\\/nao-nao-olhe-tem-teaser-inedito-lancado#respond\"]}]},{\"@type\":\"WebPage\",\"@id\":\"https:\\\/\\\/redenoticiaz.com.br\\\/litoralsp\\\/2022\\\/06\\\/05\\\/nao-nao-olhe-tem-teaser-inedito-lancado\",\"url\":\"https:\\\/\\\/redenoticiaz.com.br\\\/litoralsp\\\/2022\\\/06\\\/05\\\/nao-nao-olhe-tem-teaser-inedito-lancado\",\"name\":\"N\u00e3o! N\u00e3o Olhe tem teaser in\u00e9dito lan\u00e7ado - Litoral SP\",\"isPartOf\":{\"@id\":\"https:\\\/\\\/redenoticiaz.com.br\\\/litoralsp\\\/#website\"},\"primaryImageOfPage\":{\"@id\":\"https:\\\/\\\/redenoticiaz.com.br\\\/litoralsp\\\/2022\\\/06\\\/05\\\/nao-nao-olhe-tem-teaser-inedito-lancado#primaryimage\"},\"image\":{\"@id\":\"https:\\\/\\\/redenoticiaz.com.br\\\/litoralsp\\\/2022\\\/06\\\/05\\\/nao-nao-olhe-tem-teaser-inedito-lancado#primaryimage\"},\"thumbnailUrl\":\"https:\\\/\\\/redenoticiaz.com.br\\\/litoralsp\\\/wp-content\\\/uploads\\\/sites\\\/3\\\/2022\\\/06\\\/nao-olhe.jpg?v=1654305568\",\"datePublished\":\"2022-06-05T17:00:03+00:00\",\"description\":\"Um novo teaser do filme N\u00e3o! N\u00e3o Olhe, de Jordan Peele foi lan\u00e7ado e mostra cenas in\u00e9ditas. O longa tem data de estreia para 22 de julho desse ano.\",\"inLanguage\":\"pt-BR\",\"potentialAction\":[{\"@type\":\"ReadAction\",\"target\":[\"https:\\\/\\\/redenoticiaz.com.br\\\/litoralsp\\\/2022\\\/06\\\/05\\\/nao-nao-olhe-tem-teaser-inedito-lancado\"]}]},{\"@type\":\"ImageObject\",\"inLanguage\":\"pt-BR\",\"@id\":\"https:\\\/\\\/redenoticiaz.com.br\\\/litoralsp\\\/2022\\\/06\\\/05\\\/nao-nao-olhe-tem-teaser-inedito-lancado#primaryimage\",\"url\":\"https:\\\/\\\/redenoticiaz.com.br\\\/litoralsp\\\/wp-content\\\/uploads\\\/sites\\\/3\\\/2022\\\/06\\\/nao-olhe.jpg?v=1654305568\",\"contentUrl\":\"https:\\\/\\\/redenoticiaz.com.br\\\/litoralsp\\\/wp-content\\\/uploads\\\/sites\\\/3\\\/2022\\\/06\\\/nao-olhe.jpg?v=1654305568\",\"width\":768,\"height\":432,\"caption\":\"N\u00e3o! N\u00e3o Olhe tem teaser in\u00e9dito lan\u00e7ado\"},{\"@type\":\"WebSite\",\"@id\":\"https:\\\/\\\/redenoticiaz.com.br\\\/litoralsp\\\/#website\",\"url\":\"https:\\\/\\\/redenoticiaz.com.br\\\/litoralsp\\\/\",\"name\":\"Litoral SP\",\"description\":\"Rede NoticiaZ\",\"publisher\":{\"@id\":\"https:\\\/\\\/redenoticiaz.com.br\\\/litoralsp\\\/#organization\"},\"potentialAction\":[{\"@type\":\"SearchAction\",\"target\":{\"@type\":\"EntryPoint\",\"urlTemplate\":\"https:\\\/\\\/redenoticiaz.com.br\\\/litoralsp\\\/?s={search_term_string}\"},\"query-input\":{\"@type\":\"PropertyValueSpecification\",\"valueRequired\":true,\"valueName\":\"search_term_string\"}}],\"inLanguage\":\"pt-BR\"},{\"@type\":\"Organization\",\"@id\":\"https:\\\/\\\/redenoticiaz.com.br\\\/litoralsp\\\/#organization\",\"name\":\"Litoral SP\",\"url\":\"https:\\\/\\\/redenoticiaz.com.br\\\/litoralsp\\\/\",\"logo\":{\"@type\":\"ImageObject\",\"inLanguage\":\"pt-BR\",\"@id\":\"https:\\\/\\\/redenoticiaz.com.br\\\/litoralsp\\\/#\\\/schema\\\/logo\\\/image\\\/\",\"url\":\"https:\\\/\\\/redenoticiaz.com.br\\\/litoralsp\\\/wp-content\\\/uploads\\\/sites\\\/3\\\/2020\\\/11\\\/logo.jpg\",\"contentUrl\":\"https:\\\/\\\/redenoticiaz.com.br\\\/litoralsp\\\/wp-content\\\/uploads\\\/sites\\\/3\\\/2020\\\/11\\\/logo.jpg\",\"width\":400,\"height\":250,\"caption\":\"Litoral SP\"},\"image\":{\"@id\":\"https:\\\/\\\/redenoticiaz.com.br\\\/litoralsp\\\/#\\\/schema\\\/logo\\\/image\\\/\"}},{\"@type\":\"Person\",\"@id\":\"https:\\\/\\\/redenoticiaz.com.br\\\/litoralsp\\\/#\\\/schema\\\/person\\\/16057b37a3c0ee6b096d7f887c566e2e\",\"name\":\"Gustavo Silva\",\"image\":{\"@type\":\"ImageObject\",\"inLanguage\":\"pt-BR\",\"@id\":\"https:\\\/\\\/secure.gravatar.com\\\/avatar\\\/3ee4e82f93b26de0a7cf4ea5eb7893da637ed6bb0c9170c58065944c56e28a33?s=96&d=mm&r=g\",\"url\":\"https:\\\/\\\/secure.gravatar.com\\\/avatar\\\/3ee4e82f93b26de0a7cf4ea5eb7893da637ed6bb0c9170c58065944c56e28a33?s=96&d=mm&r=g\",\"contentUrl\":\"https:\\\/\\\/secure.gravatar.com\\\/avatar\\\/3ee4e82f93b26de0a7cf4ea5eb7893da637ed6bb0c9170c58065944c56e28a33?s=96&d=mm&r=g\",\"caption\":\"Gustavo Silva\"},\"url\":\"https:\\\/\\\/redenoticiaz.com.br\\\/litoralsp\\\/author\\\/gustavosilva\"}]}<\/script>\n<!-- \/ Yoast SEO plugin. -->","yoast_head_json":{"title":"N\u00e3o! N\u00e3o Olhe tem teaser in\u00e9dito lan\u00e7ado - Litoral SP","description":"Um novo teaser do filme N\u00e3o! N\u00e3o Olhe, de Jordan Peele foi lan\u00e7ado e mostra cenas in\u00e9ditas. O longa tem data de estreia para 22 de julho desse ano.","robots":{"index":"index","follow":"follow","max-snippet":"max-snippet:-1","max-image-preview":"max-image-preview:large","max-video-preview":"max-video-preview:-1"},"canonical":"https:\/\/redenoticiaz.com.br\/litoralsp\/2022\/06\/05\/nao-nao-olhe-tem-teaser-inedito-lancado","og_locale":"pt_BR","og_type":"article","og_title":"N\u00e3o! N\u00e3o Olhe tem teaser in\u00e9dito lan\u00e7ado - Litoral SP","og_description":"Um novo teaser do filme N\u00e3o! N\u00e3o Olhe, de Jordan Peele foi lan\u00e7ado e mostra cenas in\u00e9ditas. O longa tem data de estreia para 22 de julho desse ano.","og_url":"https:\/\/redenoticiaz.com.br\/litoralsp\/2022\/06\/05\/nao-nao-olhe-tem-teaser-inedito-lancado","og_site_name":"Litoral SP","article_published_time":"2022-06-05T17:00:03+00:00","og_image":[{"width":768,"height":432,"url":"https:\/\/redenoticiaz.com.br\/litoralsp\/wp-content\/uploads\/sites\/3\/2022\/06\/nao-olhe.jpg?v=1654305568","type":"image\/jpeg"}],"author":"Gustavo Silva","twitter_card":"summary_large_image","twitter_misc":{"Escrito por":"Gustavo Silva","Est. tempo de leitura":"1 minuto"},"schema":{"@context":"https:\/\/schema.org","@graph":[{"@type":"Article","@id":"https:\/\/redenoticiaz.com.br\/litoralsp\/2022\/06\/05\/nao-nao-olhe-tem-teaser-inedito-lancado#article","isPartOf":{"@id":"https:\/\/redenoticiaz.com.br\/litoralsp\/2022\/06\/05\/nao-nao-olhe-tem-teaser-inedito-lancado"},"author":{"name":"Gustavo Silva","@id":"https:\/\/redenoticiaz.com.br\/litoralsp\/#\/schema\/person\/16057b37a3c0ee6b096d7f887c566e2e"},"headline":"N\u00e3o! N\u00e3o Olhe tem teaser in\u00e9dito lan\u00e7ado","datePublished":"2022-06-05T17:00:03+00:00","mainEntityOfPage":{"@id":"https:\/\/redenoticiaz.com.br\/litoralsp\/2022\/06\/05\/nao-nao-olhe-tem-teaser-inedito-lancado"},"wordCount":205,"commentCount":0,"publisher":{"@id":"https:\/\/redenoticiaz.com.br\/litoralsp\/#organization"},"image":{"@id":"https:\/\/redenoticiaz.com.br\/litoralsp\/2022\/06\/05\/nao-nao-olhe-tem-teaser-inedito-lancado#primaryimage"},"thumbnailUrl":"https:\/\/redenoticiaz.com.br\/litoralsp\/wp-content\/uploads\/sites\/3\/2022\/06\/nao-olhe.jpg?v=1654305568","keywords":["FILME","jordan peele","N\u00e3o olhe","terror"],"articleSection":["Entretenimento"],"inLanguage":"pt-BR","potentialAction":[{"@type":"CommentAction","name":"Comment","target":["https:\/\/redenoticiaz.com.br\/litoralsp\/2022\/06\/05\/nao-nao-olhe-tem-teaser-inedito-lancado#respond"]}]},{"@type":"WebPage","@id":"https:\/\/redenoticiaz.com.br\/litoralsp\/2022\/06\/05\/nao-nao-olhe-tem-teaser-inedito-lancado","url":"https:\/\/redenoticiaz.com.br\/litoralsp\/2022\/06\/05\/nao-nao-olhe-tem-teaser-inedito-lancado","name":"N\u00e3o! N\u00e3o Olhe tem teaser in\u00e9dito lan\u00e7ado - Litoral SP","isPartOf":{"@id":"https:\/\/redenoticiaz.com.br\/litoralsp\/#website"},"primaryImageOfPage":{"@id":"https:\/\/redenoticiaz.com.br\/litoralsp\/2022\/06\/05\/nao-nao-olhe-tem-teaser-inedito-lancado#primaryimage"},"image":{"@id":"https:\/\/redenoticiaz.com.br\/litoralsp\/2022\/06\/05\/nao-nao-olhe-tem-teaser-inedito-lancado#primaryimage"},"thumbnailUrl":"https:\/\/redenoticiaz.com.br\/litoralsp\/wp-content\/uploads\/sites\/3\/2022\/06\/nao-olhe.jpg?v=1654305568","datePublished":"2022-06-05T17:00:03+00:00","description":"Um novo teaser do filme N\u00e3o! N\u00e3o Olhe, de Jordan Peele foi lan\u00e7ado e mostra cenas in\u00e9ditas. O longa tem data de estreia para 22 de julho desse ano.","inLanguage":"pt-BR","potentialAction":[{"@type":"ReadAction","target":["https:\/\/redenoticiaz.com.br\/litoralsp\/2022\/06\/05\/nao-nao-olhe-tem-teaser-inedito-lancado"]}]},{"@type":"ImageObject","inLanguage":"pt-BR","@id":"https:\/\/redenoticiaz.com.br\/litoralsp\/2022\/06\/05\/nao-nao-olhe-tem-teaser-inedito-lancado#primaryimage","url":"https:\/\/redenoticiaz.com.br\/litoralsp\/wp-content\/uploads\/sites\/3\/2022\/06\/nao-olhe.jpg?v=1654305568","contentUrl":"https:\/\/redenoticiaz.com.br\/litoralsp\/wp-content\/uploads\/sites\/3\/2022\/06\/nao-olhe.jpg?v=1654305568","width":768,"height":432,"caption":"N\u00e3o! N\u00e3o Olhe tem teaser in\u00e9dito lan\u00e7ado"},{"@type":"WebSite","@id":"https:\/\/redenoticiaz.com.br\/litoralsp\/#website","url":"https:\/\/redenoticiaz.com.br\/litoralsp\/","name":"Litoral SP","description":"Rede NoticiaZ","publisher":{"@id":"https:\/\/redenoticiaz.com.br\/litoralsp\/#organization"},"potentialAction":[{"@type":"SearchAction","target":{"@type":"EntryPoint","urlTemplate":"https:\/\/redenoticiaz.com.br\/litoralsp\/?s={search_term_string}"},"query-input":{"@type":"PropertyValueSpecification","valueRequired":true,"valueName":"search_term_string"}}],"inLanguage":"pt-BR"},{"@type":"Organization","@id":"https:\/\/redenoticiaz.com.br\/litoralsp\/#organization","name":"Litoral SP","url":"https:\/\/redenoticiaz.com.br\/litoralsp\/","logo":{"@type":"ImageObject","inLanguage":"pt-BR","@id":"https:\/\/redenoticiaz.com.br\/litoralsp\/#\/schema\/logo\/image\/","url":"https:\/\/redenoticiaz.com.br\/litoralsp\/wp-content\/uploads\/sites\/3\/2020\/11\/logo.jpg","contentUrl":"https:\/\/redenoticiaz.com.br\/litoralsp\/wp-content\/uploads\/sites\/3\/2020\/11\/logo.jpg","width":400,"height":250,"caption":"Litoral SP"},"image":{"@id":"https:\/\/redenoticiaz.com.br\/litoralsp\/#\/schema\/logo\/image\/"}},{"@type":"Person","@id":"https:\/\/redenoticiaz.com.br\/litoralsp\/#\/schema\/person\/16057b37a3c0ee6b096d7f887c566e2e","name":"Gustavo Silva","image":{"@type":"ImageObject","inLanguage":"pt-BR","@id":"https:\/\/secure.gravatar.com\/avatar\/3ee4e82f93b26de0a7cf4ea5eb7893da637ed6bb0c9170c58065944c56e28a33?s=96&d=mm&r=g","url":"https:\/\/secure.gravatar.com\/avatar\/3ee4e82f93b26de0a7cf4ea5eb7893da637ed6bb0c9170c58065944c56e28a33?s=96&d=mm&r=g","contentUrl":"https:\/\/secure.gravatar.com\/avatar\/3ee4e82f93b26de0a7cf4ea5eb7893da637ed6bb0c9170c58065944c56e28a33?s=96&d=mm&r=g","caption":"Gustavo Silva"},"url":"https:\/\/redenoticiaz.com.br\/litoralsp\/author\/gustavosilva"}]}},"_links":{"self":[{"href":"https:\/\/redenoticiaz.com.br\/litoralsp\/wp-json\/wp\/v2\/posts\/85519","targetHints":{"allow":["GET"]}}],"collection":[{"href":"https:\/\/redenoticiaz.com.br\/litoralsp\/wp-json\/wp\/v2\/posts"}],"about":[{"href":"https:\/\/redenoticiaz.com.br\/litoralsp\/wp-json\/wp\/v2\/types\/post"}],"author":[{"embeddable":true,"href":"https:\/\/redenoticiaz.com.br\/litoralsp\/wp-json\/wp\/v2\/users\/12"}],"replies":[{"embeddable":true,"href":"https:\/\/redenoticiaz.com.br\/litoralsp\/wp-json\/wp\/v2\/comments?post=85519"}],"version-history":[{"count":0,"href":"https:\/\/redenoticiaz.com.br\/litoralsp\/wp-json\/wp\/v2\/posts\/85519\/revisions"}],"wp:featuredmedia":[{"embeddable":true,"href":"https:\/\/redenoticiaz.com.br\/litoralsp\/wp-json\/wp\/v2\/media\/85520"}],"wp:attachment":[{"href":"https:\/\/redenoticiaz.com.br\/litoralsp\/wp-json\/wp\/v2\/media?parent=85519"}],"wp:term":[{"taxonomy":"category","embeddable":true,"href":"https:\/\/redenoticiaz.com.br\/litoralsp\/wp-json\/wp\/v2\/categories?post=85519"},{"taxonomy":"post_tag","embeddable":true,"href":"https:\/\/redenoticiaz.com.br\/litoralsp\/wp-json\/wp\/v2\/tags?post=85519"}],"curies":[{"name":"wp","href":"https:\/\/api.w.org\/{rel}","templated":true}]}}