{"id":85587,"date":"2022-06-05T18:33:49","date_gmt":"2022-06-05T21:33:49","guid":{"rendered":"https:\/\/redenoticiaz.com.br\/litoralsp\/2022\/06\/05\/palmeiras-e-atletico-mg-ficam-no-0-a-0-2"},"modified":"2022-06-06T09:57:08","modified_gmt":"2022-06-06T12:57:08","slug":"palmeiras-e-atletico-mg-ficam-no-0-a-0-2","status":"publish","type":"post","link":"https:\/\/redenoticiaz.com.br\/litoralsp\/2022\/06\/05\/palmeiras-e-atletico-mg-ficam-no-0-a-0-2","title":{"rendered":"Palmeiras e Atl\u00e9tico-MG ficam no 0 a 0"},"content":{"rendered":"<div class=\"sc-dSnYFs gfrEhU\">\n<div class=\"sc-jffIyK kEbvQ\">\n<div id=\"ddeeebaa-582a-42b9-a30d-257157e15aa2\" class=\"backstage-component\">\n<p>O Palmeiras e Atl\u00e9tico-MG ficaram no 0 a 0 em jogo realizado neste domingo (5) pela nona rodada do campeonato Brasileiro.<\/p>\n<p>Sendo assim, ambos os times que lutam para estar no topo da tabela geral ficam longe de Corinthians que conseguiu lideran\u00e7a neste s\u00e1bado (4).<\/p>\n<p>O Palmeiras at\u00e9 tentou se impor, mas bateu de frente com um Atl\u00e9tico-MG bem organizado nos contra-ataques.<\/p>\n<p>Rafarl Navarro foi o \u00fanico do Palmeiras que teve uma boa oportunidade de fazer gol, mas a desperdi\u00e7ou. Isso no primeiro tempo.<\/p>\n<p>De acordo com a tabela de jogos, o Palmeiras joga na pr\u00f3xima quinta-feira (9) contra o Botafogo no Allianz Parque. O Atl\u00e9tico-MG\u00a0entra em campo na quarta (8) contra Fluminense.<\/p>\n<div id=\"immersion-area-template\">\n<div id=\"page-areas-list\" class=\"sc-iJKXaU SQJNr\">\n<div>\n<div class=\"react-swipeable-view-container\">\n<div aria-hidden=\"false\" data-swipeable=\"true\">\n<div class=\"sc-hLiUrC JxrvY\">\n<div id=\"chronicle-wrapper\" class=\"sc-ecQjpJ llyEoq\">\n<div class=\"sc-dSnYFs gfrEhU\">\n<div class=\"sc-jffIyK kEbvQ\">\n<div>\n<div id=\"a54c5ca1-c569-4ff7-bd17-53abd179bf62\" class=\"backstage-component\">\n<p>Leia mais<\/p>\n<p><a href=\"https:\/\/redenoticiaz.com.br\/blog\/2022\/05\/25\/palmeiras-faz-historia-na-libertadores-com-recorde-de-gols-e-se-classifica-com-100-de-aproveitamento\">Palmeiras faz hist\u00f3ria na Libertadores com recorde de gols e se classifica com 100% de aproveitamento<\/a><\/p>\n<\/div>\n<\/div>\n<\/div>\n<\/div>\n<\/div>\n<\/div>\n<\/div>\n<\/div>\n<\/div>\n<\/div>\n<\/div>\n<\/div>\n<\/div>\n<\/div>\n","protected":false},"excerpt":{"rendered":"<p>O Palmeiras e Atl\u00e9tico-MG ficaram no 0 a 0 em jogo realizado neste domingo (5) pela nona rodada do campeonato Brasileiro. Sendo assim, ambos os times que lutam para estar no topo da tabela geral ficam longe de Corinthians que conseguiu lideran\u00e7a neste s\u00e1bado (4). O Palmeiras at\u00e9 tentou se impor, mas bateu de frente &hellip;<\/p>\n","protected":false},"author":12,"featured_media":85582,"comment_status":"open","ping_status":"closed","sticky":false,"template":"","format":"standard","meta":{"footnotes":""},"categories":[35],"tags":[19841,13296,56942,1416],"class_list":["post-85587","post","type-post","status-publish","format-standard","has-post-thumbnail","hentry","category-esporte","tag-atletico-mg","tag-brasileirao","tag-nona-rodada","tag-palmeiras"],"yoast_head":"<!-- This site is optimized with the Yoast SEO plugin v27.5 - https:\/\/yoast.com\/product\/yoast-seo-wordpress\/ -->\n<title>Palmeiras e Atl\u00e9tico-MG ficam no 0 a 0 - Litoral SP<\/title>\n<meta name=\"description\" content=\"O Palmeiras e Atl\u00e9tico-MG ficaram no 0 a 0 em jogo realizado neste domingo (5) pela nona rodada do campeonato Brasileiro.\" \/>\n<meta name=\"robots\" content=\"index, follow, max-snippet:-1, max-image-preview:large, max-video-preview:-1\" \/>\n<link rel=\"canonical\" href=\"https:\/\/redenoticiaz.com.br\/litoralsp\/2022\/06\/05\/palmeiras-e-atletico-mg-ficam-no-0-a-0-2\" \/>\n<meta property=\"og:locale\" content=\"pt_BR\" \/>\n<meta property=\"og:type\" content=\"article\" \/>\n<meta property=\"og:title\" content=\"Palmeiras e Atl\u00e9tico-MG ficam no 0 a 0 - Litoral SP\" \/>\n<meta property=\"og:description\" content=\"O Palmeiras e Atl\u00e9tico-MG ficaram no 0 a 0 em jogo realizado neste domingo (5) pela nona rodada do campeonato Brasileiro.\" \/>\n<meta property=\"og:url\" content=\"https:\/\/redenoticiaz.com.br\/litoralsp\/2022\/06\/05\/palmeiras-e-atletico-mg-ficam-no-0-a-0-2\" \/>\n<meta property=\"og:site_name\" content=\"Litoral SP\" \/>\n<meta property=\"article:published_time\" content=\"2022-06-05T21:33:49+00:00\" \/>\n<meta property=\"article:modified_time\" content=\"2022-06-06T12:57:08+00:00\" \/>\n<meta property=\"og:image\" content=\"https:\/\/redenoticiaz.com.br\/litoralsp\/wp-content\/uploads\/sites\/3\/2022\/06\/1C2E1030-73BE-49C6-B538-F34D0149350C.jpeg\" \/>\n\t<meta property=\"og:image:width\" content=\"716\" \/>\n\t<meta property=\"og:image:height\" content=\"428\" \/>\n\t<meta property=\"og:image:type\" content=\"image\/jpeg\" \/>\n<meta name=\"author\" content=\"Gustavo Silva\" \/>\n<meta name=\"twitter:card\" content=\"summary_large_image\" \/>\n<meta name=\"twitter:label1\" content=\"Escrito por\" \/>\n\t<meta name=\"twitter:data1\" content=\"Gustavo Silva\" \/>\n\t<meta name=\"twitter:label2\" content=\"Est. tempo de leitura\" \/>\n\t<meta name=\"twitter:data2\" content=\"1 minuto\" \/>\n<script type=\"application\/ld+json\" class=\"yoast-schema-graph\">{\"@context\":\"https:\\\/\\\/schema.org\",\"@graph\":[{\"@type\":\"Article\",\"@id\":\"https:\\\/\\\/redenoticiaz.com.br\\\/litoralsp\\\/2022\\\/06\\\/05\\\/palmeiras-e-atletico-mg-ficam-no-0-a-0-2#article\",\"isPartOf\":{\"@id\":\"https:\\\/\\\/redenoticiaz.com.br\\\/litoralsp\\\/2022\\\/06\\\/05\\\/palmeiras-e-atletico-mg-ficam-no-0-a-0-2\"},\"author\":{\"name\":\"Gustavo Silva\",\"@id\":\"https:\\\/\\\/redenoticiaz.com.br\\\/litoralsp\\\/#\\\/schema\\\/person\\\/16057b37a3c0ee6b096d7f887c566e2e\"},\"headline\":\"Palmeiras e Atl\u00e9tico-MG ficam no 0 a 0\",\"datePublished\":\"2022-06-05T21:33:49+00:00\",\"dateModified\":\"2022-06-06T12:57:08+00:00\",\"mainEntityOfPage\":{\"@id\":\"https:\\\/\\\/redenoticiaz.com.br\\\/litoralsp\\\/2022\\\/06\\\/05\\\/palmeiras-e-atletico-mg-ficam-no-0-a-0-2\"},\"wordCount\":140,\"commentCount\":0,\"publisher\":{\"@id\":\"https:\\\/\\\/redenoticiaz.com.br\\\/litoralsp\\\/#organization\"},\"image\":{\"@id\":\"https:\\\/\\\/redenoticiaz.com.br\\\/litoralsp\\\/2022\\\/06\\\/05\\\/palmeiras-e-atletico-mg-ficam-no-0-a-0-2#primaryimage\"},\"thumbnailUrl\":\"https:\\\/\\\/redenoticiaz.com.br\\\/litoralsp\\\/wp-content\\\/uploads\\\/sites\\\/3\\\/2022\\\/06\\\/1C2E1030-73BE-49C6-B538-F34D0149350C.jpeg\",\"keywords\":[\"ATL\u00c9TICO-MG\",\"brasileir\u00e3o\",\"nona rodada\",\"Palmeiras\"],\"articleSection\":[\"Esporte\"],\"inLanguage\":\"pt-BR\",\"potentialAction\":[{\"@type\":\"CommentAction\",\"name\":\"Comment\",\"target\":[\"https:\\\/\\\/redenoticiaz.com.br\\\/litoralsp\\\/2022\\\/06\\\/05\\\/palmeiras-e-atletico-mg-ficam-no-0-a-0-2#respond\"]}]},{\"@type\":\"WebPage\",\"@id\":\"https:\\\/\\\/redenoticiaz.com.br\\\/litoralsp\\\/2022\\\/06\\\/05\\\/palmeiras-e-atletico-mg-ficam-no-0-a-0-2\",\"url\":\"https:\\\/\\\/redenoticiaz.com.br\\\/litoralsp\\\/2022\\\/06\\\/05\\\/palmeiras-e-atletico-mg-ficam-no-0-a-0-2\",\"name\":\"Palmeiras e Atl\u00e9tico-MG ficam no 0 a 0 - Litoral SP\",\"isPartOf\":{\"@id\":\"https:\\\/\\\/redenoticiaz.com.br\\\/litoralsp\\\/#website\"},\"primaryImageOfPage\":{\"@id\":\"https:\\\/\\\/redenoticiaz.com.br\\\/litoralsp\\\/2022\\\/06\\\/05\\\/palmeiras-e-atletico-mg-ficam-no-0-a-0-2#primaryimage\"},\"image\":{\"@id\":\"https:\\\/\\\/redenoticiaz.com.br\\\/litoralsp\\\/2022\\\/06\\\/05\\\/palmeiras-e-atletico-mg-ficam-no-0-a-0-2#primaryimage\"},\"thumbnailUrl\":\"https:\\\/\\\/redenoticiaz.com.br\\\/litoralsp\\\/wp-content\\\/uploads\\\/sites\\\/3\\\/2022\\\/06\\\/1C2E1030-73BE-49C6-B538-F34D0149350C.jpeg\",\"datePublished\":\"2022-06-05T21:33:49+00:00\",\"dateModified\":\"2022-06-06T12:57:08+00:00\",\"description\":\"O Palmeiras e Atl\u00e9tico-MG ficaram no 0 a 0 em jogo realizado neste domingo (5) pela nona rodada do campeonato Brasileiro.\",\"inLanguage\":\"pt-BR\",\"potentialAction\":[{\"@type\":\"ReadAction\",\"target\":[\"https:\\\/\\\/redenoticiaz.com.br\\\/litoralsp\\\/2022\\\/06\\\/05\\\/palmeiras-e-atletico-mg-ficam-no-0-a-0-2\"]}]},{\"@type\":\"ImageObject\",\"inLanguage\":\"pt-BR\",\"@id\":\"https:\\\/\\\/redenoticiaz.com.br\\\/litoralsp\\\/2022\\\/06\\\/05\\\/palmeiras-e-atletico-mg-ficam-no-0-a-0-2#primaryimage\",\"url\":\"https:\\\/\\\/redenoticiaz.com.br\\\/litoralsp\\\/wp-content\\\/uploads\\\/sites\\\/3\\\/2022\\\/06\\\/1C2E1030-73BE-49C6-B538-F34D0149350C.jpeg\",\"contentUrl\":\"https:\\\/\\\/redenoticiaz.com.br\\\/litoralsp\\\/wp-content\\\/uploads\\\/sites\\\/3\\\/2022\\\/06\\\/1C2E1030-73BE-49C6-B538-F34D0149350C.jpeg\",\"width\":716,\"height\":428},{\"@type\":\"WebSite\",\"@id\":\"https:\\\/\\\/redenoticiaz.com.br\\\/litoralsp\\\/#website\",\"url\":\"https:\\\/\\\/redenoticiaz.com.br\\\/litoralsp\\\/\",\"name\":\"Litoral SP\",\"description\":\"Rede NoticiaZ\",\"publisher\":{\"@id\":\"https:\\\/\\\/redenoticiaz.com.br\\\/litoralsp\\\/#organization\"},\"potentialAction\":[{\"@type\":\"SearchAction\",\"target\":{\"@type\":\"EntryPoint\",\"urlTemplate\":\"https:\\\/\\\/redenoticiaz.com.br\\\/litoralsp\\\/?s={search_term_string}\"},\"query-input\":{\"@type\":\"PropertyValueSpecification\",\"valueRequired\":true,\"valueName\":\"search_term_string\"}}],\"inLanguage\":\"pt-BR\"},{\"@type\":\"Organization\",\"@id\":\"https:\\\/\\\/redenoticiaz.com.br\\\/litoralsp\\\/#organization\",\"name\":\"Litoral SP\",\"url\":\"https:\\\/\\\/redenoticiaz.com.br\\\/litoralsp\\\/\",\"logo\":{\"@type\":\"ImageObject\",\"inLanguage\":\"pt-BR\",\"@id\":\"https:\\\/\\\/redenoticiaz.com.br\\\/litoralsp\\\/#\\\/schema\\\/logo\\\/image\\\/\",\"url\":\"https:\\\/\\\/redenoticiaz.com.br\\\/litoralsp\\\/wp-content\\\/uploads\\\/sites\\\/3\\\/2020\\\/11\\\/logo.jpg\",\"contentUrl\":\"https:\\\/\\\/redenoticiaz.com.br\\\/litoralsp\\\/wp-content\\\/uploads\\\/sites\\\/3\\\/2020\\\/11\\\/logo.jpg\",\"width\":400,\"height\":250,\"caption\":\"Litoral SP\"},\"image\":{\"@id\":\"https:\\\/\\\/redenoticiaz.com.br\\\/litoralsp\\\/#\\\/schema\\\/logo\\\/image\\\/\"}},{\"@type\":\"Person\",\"@id\":\"https:\\\/\\\/redenoticiaz.com.br\\\/litoralsp\\\/#\\\/schema\\\/person\\\/16057b37a3c0ee6b096d7f887c566e2e\",\"name\":\"Gustavo Silva\",\"image\":{\"@type\":\"ImageObject\",\"inLanguage\":\"pt-BR\",\"@id\":\"https:\\\/\\\/secure.gravatar.com\\\/avatar\\\/3ee4e82f93b26de0a7cf4ea5eb7893da637ed6bb0c9170c58065944c56e28a33?s=96&d=mm&r=g\",\"url\":\"https:\\\/\\\/secure.gravatar.com\\\/avatar\\\/3ee4e82f93b26de0a7cf4ea5eb7893da637ed6bb0c9170c58065944c56e28a33?s=96&d=mm&r=g\",\"contentUrl\":\"https:\\\/\\\/secure.gravatar.com\\\/avatar\\\/3ee4e82f93b26de0a7cf4ea5eb7893da637ed6bb0c9170c58065944c56e28a33?s=96&d=mm&r=g\",\"caption\":\"Gustavo Silva\"},\"url\":\"https:\\\/\\\/redenoticiaz.com.br\\\/litoralsp\\\/author\\\/gustavosilva\"}]}<\/script>\n<!-- \/ Yoast SEO plugin. -->","yoast_head_json":{"title":"Palmeiras e Atl\u00e9tico-MG ficam no 0 a 0 - Litoral SP","description":"O Palmeiras e Atl\u00e9tico-MG ficaram no 0 a 0 em jogo realizado neste domingo (5) pela nona rodada do campeonato Brasileiro.","robots":{"index":"index","follow":"follow","max-snippet":"max-snippet:-1","max-image-preview":"max-image-preview:large","max-video-preview":"max-video-preview:-1"},"canonical":"https:\/\/redenoticiaz.com.br\/litoralsp\/2022\/06\/05\/palmeiras-e-atletico-mg-ficam-no-0-a-0-2","og_locale":"pt_BR","og_type":"article","og_title":"Palmeiras e Atl\u00e9tico-MG ficam no 0 a 0 - Litoral SP","og_description":"O Palmeiras e Atl\u00e9tico-MG ficaram no 0 a 0 em jogo realizado neste domingo (5) pela nona rodada do campeonato Brasileiro.","og_url":"https:\/\/redenoticiaz.com.br\/litoralsp\/2022\/06\/05\/palmeiras-e-atletico-mg-ficam-no-0-a-0-2","og_site_name":"Litoral SP","article_published_time":"2022-06-05T21:33:49+00:00","article_modified_time":"2022-06-06T12:57:08+00:00","og_image":[{"width":716,"height":428,"url":"https:\/\/redenoticiaz.com.br\/litoralsp\/wp-content\/uploads\/sites\/3\/2022\/06\/1C2E1030-73BE-49C6-B538-F34D0149350C.jpeg","type":"image\/jpeg"}],"author":"Gustavo Silva","twitter_card":"summary_large_image","twitter_misc":{"Escrito por":"Gustavo Silva","Est. tempo de leitura":"1 minuto"},"schema":{"@context":"https:\/\/schema.org","@graph":[{"@type":"Article","@id":"https:\/\/redenoticiaz.com.br\/litoralsp\/2022\/06\/05\/palmeiras-e-atletico-mg-ficam-no-0-a-0-2#article","isPartOf":{"@id":"https:\/\/redenoticiaz.com.br\/litoralsp\/2022\/06\/05\/palmeiras-e-atletico-mg-ficam-no-0-a-0-2"},"author":{"name":"Gustavo Silva","@id":"https:\/\/redenoticiaz.com.br\/litoralsp\/#\/schema\/person\/16057b37a3c0ee6b096d7f887c566e2e"},"headline":"Palmeiras e Atl\u00e9tico-MG ficam no 0 a 0","datePublished":"2022-06-05T21:33:49+00:00","dateModified":"2022-06-06T12:57:08+00:00","mainEntityOfPage":{"@id":"https:\/\/redenoticiaz.com.br\/litoralsp\/2022\/06\/05\/palmeiras-e-atletico-mg-ficam-no-0-a-0-2"},"wordCount":140,"commentCount":0,"publisher":{"@id":"https:\/\/redenoticiaz.com.br\/litoralsp\/#organization"},"image":{"@id":"https:\/\/redenoticiaz.com.br\/litoralsp\/2022\/06\/05\/palmeiras-e-atletico-mg-ficam-no-0-a-0-2#primaryimage"},"thumbnailUrl":"https:\/\/redenoticiaz.com.br\/litoralsp\/wp-content\/uploads\/sites\/3\/2022\/06\/1C2E1030-73BE-49C6-B538-F34D0149350C.jpeg","keywords":["ATL\u00c9TICO-MG","brasileir\u00e3o","nona rodada","Palmeiras"],"articleSection":["Esporte"],"inLanguage":"pt-BR","potentialAction":[{"@type":"CommentAction","name":"Comment","target":["https:\/\/redenoticiaz.com.br\/litoralsp\/2022\/06\/05\/palmeiras-e-atletico-mg-ficam-no-0-a-0-2#respond"]}]},{"@type":"WebPage","@id":"https:\/\/redenoticiaz.com.br\/litoralsp\/2022\/06\/05\/palmeiras-e-atletico-mg-ficam-no-0-a-0-2","url":"https:\/\/redenoticiaz.com.br\/litoralsp\/2022\/06\/05\/palmeiras-e-atletico-mg-ficam-no-0-a-0-2","name":"Palmeiras e Atl\u00e9tico-MG ficam no 0 a 0 - Litoral SP","isPartOf":{"@id":"https:\/\/redenoticiaz.com.br\/litoralsp\/#website"},"primaryImageOfPage":{"@id":"https:\/\/redenoticiaz.com.br\/litoralsp\/2022\/06\/05\/palmeiras-e-atletico-mg-ficam-no-0-a-0-2#primaryimage"},"image":{"@id":"https:\/\/redenoticiaz.com.br\/litoralsp\/2022\/06\/05\/palmeiras-e-atletico-mg-ficam-no-0-a-0-2#primaryimage"},"thumbnailUrl":"https:\/\/redenoticiaz.com.br\/litoralsp\/wp-content\/uploads\/sites\/3\/2022\/06\/1C2E1030-73BE-49C6-B538-F34D0149350C.jpeg","datePublished":"2022-06-05T21:33:49+00:00","dateModified":"2022-06-06T12:57:08+00:00","description":"O Palmeiras e Atl\u00e9tico-MG ficaram no 0 a 0 em jogo realizado neste domingo (5) pela nona rodada do campeonato Brasileiro.","inLanguage":"pt-BR","potentialAction":[{"@type":"ReadAction","target":["https:\/\/redenoticiaz.com.br\/litoralsp\/2022\/06\/05\/palmeiras-e-atletico-mg-ficam-no-0-a-0-2"]}]},{"@type":"ImageObject","inLanguage":"pt-BR","@id":"https:\/\/redenoticiaz.com.br\/litoralsp\/2022\/06\/05\/palmeiras-e-atletico-mg-ficam-no-0-a-0-2#primaryimage","url":"https:\/\/redenoticiaz.com.br\/litoralsp\/wp-content\/uploads\/sites\/3\/2022\/06\/1C2E1030-73BE-49C6-B538-F34D0149350C.jpeg","contentUrl":"https:\/\/redenoticiaz.com.br\/litoralsp\/wp-content\/uploads\/sites\/3\/2022\/06\/1C2E1030-73BE-49C6-B538-F34D0149350C.jpeg","width":716,"height":428},{"@type":"WebSite","@id":"https:\/\/redenoticiaz.com.br\/litoralsp\/#website","url":"https:\/\/redenoticiaz.com.br\/litoralsp\/","name":"Litoral SP","description":"Rede NoticiaZ","publisher":{"@id":"https:\/\/redenoticiaz.com.br\/litoralsp\/#organization"},"potentialAction":[{"@type":"SearchAction","target":{"@type":"EntryPoint","urlTemplate":"https:\/\/redenoticiaz.com.br\/litoralsp\/?s={search_term_string}"},"query-input":{"@type":"PropertyValueSpecification","valueRequired":true,"valueName":"search_term_string"}}],"inLanguage":"pt-BR"},{"@type":"Organization","@id":"https:\/\/redenoticiaz.com.br\/litoralsp\/#organization","name":"Litoral SP","url":"https:\/\/redenoticiaz.com.br\/litoralsp\/","logo":{"@type":"ImageObject","inLanguage":"pt-BR","@id":"https:\/\/redenoticiaz.com.br\/litoralsp\/#\/schema\/logo\/image\/","url":"https:\/\/redenoticiaz.com.br\/litoralsp\/wp-content\/uploads\/sites\/3\/2020\/11\/logo.jpg","contentUrl":"https:\/\/redenoticiaz.com.br\/litoralsp\/wp-content\/uploads\/sites\/3\/2020\/11\/logo.jpg","width":400,"height":250,"caption":"Litoral SP"},"image":{"@id":"https:\/\/redenoticiaz.com.br\/litoralsp\/#\/schema\/logo\/image\/"}},{"@type":"Person","@id":"https:\/\/redenoticiaz.com.br\/litoralsp\/#\/schema\/person\/16057b37a3c0ee6b096d7f887c566e2e","name":"Gustavo Silva","image":{"@type":"ImageObject","inLanguage":"pt-BR","@id":"https:\/\/secure.gravatar.com\/avatar\/3ee4e82f93b26de0a7cf4ea5eb7893da637ed6bb0c9170c58065944c56e28a33?s=96&d=mm&r=g","url":"https:\/\/secure.gravatar.com\/avatar\/3ee4e82f93b26de0a7cf4ea5eb7893da637ed6bb0c9170c58065944c56e28a33?s=96&d=mm&r=g","contentUrl":"https:\/\/secure.gravatar.com\/avatar\/3ee4e82f93b26de0a7cf4ea5eb7893da637ed6bb0c9170c58065944c56e28a33?s=96&d=mm&r=g","caption":"Gustavo Silva"},"url":"https:\/\/redenoticiaz.com.br\/litoralsp\/author\/gustavosilva"}]}},"_links":{"self":[{"href":"https:\/\/redenoticiaz.com.br\/litoralsp\/wp-json\/wp\/v2\/posts\/85587","targetHints":{"allow":["GET"]}}],"collection":[{"href":"https:\/\/redenoticiaz.com.br\/litoralsp\/wp-json\/wp\/v2\/posts"}],"about":[{"href":"https:\/\/redenoticiaz.com.br\/litoralsp\/wp-json\/wp\/v2\/types\/post"}],"author":[{"embeddable":true,"href":"https:\/\/redenoticiaz.com.br\/litoralsp\/wp-json\/wp\/v2\/users\/12"}],"replies":[{"embeddable":true,"href":"https:\/\/redenoticiaz.com.br\/litoralsp\/wp-json\/wp\/v2\/comments?post=85587"}],"version-history":[{"count":0,"href":"https:\/\/redenoticiaz.com.br\/litoralsp\/wp-json\/wp\/v2\/posts\/85587\/revisions"}],"wp:featuredmedia":[{"embeddable":true,"href":"https:\/\/redenoticiaz.com.br\/litoralsp\/wp-json\/wp\/v2\/media\/85582"}],"wp:attachment":[{"href":"https:\/\/redenoticiaz.com.br\/litoralsp\/wp-json\/wp\/v2\/media?parent=85587"}],"wp:term":[{"taxonomy":"category","embeddable":true,"href":"https:\/\/redenoticiaz.com.br\/litoralsp\/wp-json\/wp\/v2\/categories?post=85587"},{"taxonomy":"post_tag","embeddable":true,"href":"https:\/\/redenoticiaz.com.br\/litoralsp\/wp-json\/wp\/v2\/tags?post=85587"}],"curies":[{"name":"wp","href":"https:\/\/api.w.org\/{rel}","templated":true}]}}