{"id":8576,"date":"2021-05-14T13:53:58","date_gmt":"2021-05-14T16:53:58","guid":{"rendered":"https:\/\/redenoticiaz.com.br\/litoralsp\/?p=8576"},"modified":"2021-05-14T13:54:36","modified_gmt":"2021-05-14T16:54:36","slug":"rodovias-do-litoral-vao-passar-por-concessao-do-governo-de-sao-paulo","status":"publish","type":"post","link":"https:\/\/redenoticiaz.com.br\/litoralsp\/2021\/05\/14\/rodovias-do-litoral-vao-passar-por-concessao-do-governo-de-sao-paulo","title":{"rendered":"Rodovias do Litoral v\u00e3o passar por concess\u00e3o do Governo de S\u00e3o Paulo"},"content":{"rendered":"<p>O <a href=\"https:\/\/www.saopaulo.sp.gov.br\/\">Governo de S\u00e3o Paulo<\/a> lan\u00e7ou nesta sexta-feira (14), um edital de concorr\u00eancia internacional para a <strong>concess\u00e3o de rodovias<\/strong> do Lote Litoral Paulista. A previs\u00e3o \u00e9 que os investimentos de R$ 3 bilh\u00f5es ao longo de 30 anos aconte\u00e7am.<\/p>\n<p>Ser\u00e3o 222 quil\u00f4metros de malha rodovi\u00e1ria concedida para a presta\u00e7\u00e3o de servi\u00e7os p\u00fablicos de amplia\u00e7\u00e3o, opera\u00e7\u00e3o, manuten\u00e7\u00e3o e realiza\u00e7\u00e3o de obras de infraestrutura no sistema rodovi\u00e1rio. Doze munic\u00edpios ser\u00e3o contemplados. A dist\u00e2ncia equivale entre as cidades de Mogi das Cruzes, ainda no Planalto Paulista, at\u00e9 Pedro de Toledo, passando pelo Litoral Sul.<\/p>\n<p>\u201cO Governo do Estado tem investido fortemente na melhoria da infraestrutura e na log\u00edstica de transportes do estado de S\u00e3o Paulo. O governador Jo\u00e3o Doria determinou prioridade nas concess\u00f5es, incluindo os sistemas rodovi\u00e1rios. Estamos buscando parceiros para essa concorr\u00eancia e esclarecendo os crit\u00e9rios de julgamento para atrair importantes investidores, assim como foi no \u00faltimo lote, Piracicaba-Panorama\u201d, afirma Rodrigo Garcia, vice-governador.<\/p>\n<h3>O Lote Litoral Paulista<\/h3>\n<p>O Lote Litoral Paulista, que integra a 4\u00aa Etapa do Programa de Concess\u00f5es Rodovi\u00e1rias do Estado de S\u00e3o Paulo, receber\u00e1 investimentos em nove trechos rodovi\u00e1rios. As rodovias SP-088, Estrada do Evangelho Pleno, Rota do Sol, SP-098, Rio Santos (Litoral Norte), SP-055 (Litoral Sul), Padre Manoel da N\u00f3brega (Miracatu Peru\u00edbe), SPA 291\/055 e SPA 344\/055. O benef\u00edcio ser\u00e1 em 12 munic\u00edpios. S\u00e3o eles: Aruj\u00e1, Bertioga, Biritiba-Mirim, Itanha\u00e9m, Itariri, Miracatu, Mogi das Cruzes, Mongagu\u00e1, Pedro de Toledo, Peru\u00edbe, Praia Grande e Santos.<\/p>\n<p>Est\u00e3o previstos no contrato de concess\u00e3o 89 km de duplica\u00e7\u00f5es, 140 km de marginais e faixas adicionais, 34 km de acostamentos e 39 dispositivos de acessos. A mobilidade dos usu\u00e1rios ser\u00e1 beneficiada com 39 novas passagens de pedestres e passarelas e 73 Km de ciclovias.<\/p>\n<p>Al\u00e9m disso, a presta\u00e7\u00e3o de servi\u00e7o e o atendimento ser\u00e3o refor\u00e7ados com oito bases de atendimento aos usu\u00e1rios e monitoramento constante. Ser\u00e3o 280 c\u00e2meras de circuito fechado. Al\u00e9m disso, haver\u00e3o nove pain\u00e9is eletr\u00f4nicos de mensagens vari\u00e1veis.<\/p>\n<h3>Os investimentos<\/h3>\n<p>Os investimentos foram priorizados na modelagem desenvolvida pela Ag\u00eancia de Transporte do Estado de S\u00e3o Paulo (ARTESP) e pelo bra\u00e7o do Banco Mundial para desenvolvimento de projetos (IFC). O edital foi aprovado pelo Conselho Diretor do Programa Estadual de Desestatiza\u00e7\u00e3o, ap\u00f3s considera\u00e7\u00e3o tamb\u00e9m das contribui\u00e7\u00f5es de quatro audi\u00eancias p\u00fablicas e de uma Consulta P\u00fablica. Mas dos R$ 3 bilh\u00f5es de investimentos, cerca de R$ 1,6 bilh\u00e3o ser\u00e1 investido nos 5 primeiros anos de concess\u00e3o.<\/p>\n<p><strong>LEIA TAMB\u00c9M<\/strong><\/p>\n<p><a href=\"https:\/\/redenoticiaz.com.br\/litoralsp\/2021\/05\/13\/governo-de-sao-paulo-vai-realizar-audiencia-sobre-travessias-litoraneas\">Governo de S\u00e3o Paulo vai realizar audi\u00eancia sobre travessias litor\u00e2neas<\/a><\/p>\n","protected":false},"excerpt":{"rendered":"<p>O Governo de S\u00e3o Paulo lan\u00e7ou nesta sexta-feira (14), um edital de concorr\u00eancia internacional para a concess\u00e3o de rodovias do Lote Litoral Paulista. A previs\u00e3o \u00e9 que os investimentos de R$ 3 bilh\u00f5es ao longo de 30 anos aconte\u00e7am. Ser\u00e3o 222 quil\u00f4metros de malha rodovi\u00e1ria concedida para a presta\u00e7\u00e3o de servi\u00e7os p\u00fablicos de amplia\u00e7\u00e3o, opera\u00e7\u00e3o, &hellip;<\/p>\n","protected":false},"author":6,"featured_media":8577,"comment_status":"open","ping_status":"closed","sticky":false,"template":"","format":"standard","meta":{"footnotes":""},"categories":[1107,186,6715,182,181,5],"tags":[22247,22248,1152,1270,22245,22246],"class_list":["post-8576","post","type-post","status-publish","format-standard","has-post-thumbnail","hentry","category-bertioga","category-cubatao","category-pedro-de-toledo","category-praia-grande","category-sao-vicente","category-transito","tag-concessao-de-rodovias","tag-edital-internacional","tag-governo-de-sao-paulo","tag-litoral-paulista","tag-lote","tag-rodovias"],"yoast_head":"<!-- This site is optimized with the Yoast SEO plugin v27.5 - https:\/\/yoast.com\/product\/yoast-seo-wordpress\/ -->\n<title>Rodovias do Litoral v\u00e3o passar por concess\u00e3o do Governo de S\u00e3o Paulo - Litoral SP<\/title>\n<meta name=\"description\" content=\"O Governo de S\u00e3o Paulo lan\u00e7ou nesta sexta-feira (14), um edital de concorr\u00eancia internacional para a concess\u00e3o de rodovias do Lote Litoral Paulista\" \/>\n<meta name=\"robots\" content=\"index, follow, max-snippet:-1, max-image-preview:large, max-video-preview:-1\" \/>\n<link rel=\"canonical\" href=\"https:\/\/redenoticiaz.com.br\/litoralsp\/2021\/05\/14\/rodovias-do-litoral-vao-passar-por-concessao-do-governo-de-sao-paulo\" \/>\n<meta property=\"og:locale\" content=\"pt_BR\" \/>\n<meta property=\"og:type\" content=\"article\" \/>\n<meta property=\"og:title\" content=\"Rodovias do Litoral v\u00e3o passar por concess\u00e3o do Governo de S\u00e3o Paulo - Litoral SP\" \/>\n<meta property=\"og:description\" content=\"O Governo de S\u00e3o Paulo lan\u00e7ou nesta sexta-feira (14), um edital de concorr\u00eancia internacional para a concess\u00e3o de rodovias do Lote Litoral Paulista\" \/>\n<meta property=\"og:url\" content=\"https:\/\/redenoticiaz.com.br\/litoralsp\/2021\/05\/14\/rodovias-do-litoral-vao-passar-por-concessao-do-governo-de-sao-paulo\" \/>\n<meta property=\"og:site_name\" content=\"Litoral SP\" \/>\n<meta property=\"article:published_time\" content=\"2021-05-14T16:53:58+00:00\" \/>\n<meta property=\"article:modified_time\" content=\"2021-05-14T16:54:36+00:00\" \/>\n<meta property=\"og:image\" content=\"https:\/\/redenoticiaz.com.br\/litoralsp\/wp-content\/uploads\/sites\/3\/2021\/05\/2021514453475g.jpg\" \/>\n\t<meta property=\"og:image:width\" content=\"780\" \/>\n\t<meta property=\"og:image:height\" content=\"386\" \/>\n\t<meta property=\"og:image:type\" content=\"image\/jpeg\" \/>\n<meta name=\"author\" content=\"Leonardo Francisco\" \/>\n<meta name=\"twitter:card\" content=\"summary_large_image\" \/>\n<meta name=\"twitter:label1\" content=\"Escrito por\" \/>\n\t<meta name=\"twitter:data1\" content=\"Leonardo Francisco\" \/>\n\t<meta name=\"twitter:label2\" content=\"Est. tempo de leitura\" \/>\n\t<meta name=\"twitter:data2\" content=\"2 minutos\" \/>\n<script type=\"application\/ld+json\" class=\"yoast-schema-graph\">{\"@context\":\"https:\\\/\\\/schema.org\",\"@graph\":[{\"@type\":\"Article\",\"@id\":\"https:\\\/\\\/redenoticiaz.com.br\\\/litoralsp\\\/2021\\\/05\\\/14\\\/rodovias-do-litoral-vao-passar-por-concessao-do-governo-de-sao-paulo#article\",\"isPartOf\":{\"@id\":\"https:\\\/\\\/redenoticiaz.com.br\\\/litoralsp\\\/2021\\\/05\\\/14\\\/rodovias-do-litoral-vao-passar-por-concessao-do-governo-de-sao-paulo\"},\"author\":{\"name\":\"Leonardo Francisco\",\"@id\":\"https:\\\/\\\/redenoticiaz.com.br\\\/litoralsp\\\/#\\\/schema\\\/person\\\/0f0b8a5bdafefe82841e07ae8d81ecb3\"},\"headline\":\"Rodovias do Litoral v\u00e3o passar por concess\u00e3o do Governo de S\u00e3o Paulo\",\"datePublished\":\"2021-05-14T16:53:58+00:00\",\"dateModified\":\"2021-05-14T16:54:36+00:00\",\"mainEntityOfPage\":{\"@id\":\"https:\\\/\\\/redenoticiaz.com.br\\\/litoralsp\\\/2021\\\/05\\\/14\\\/rodovias-do-litoral-vao-passar-por-concessao-do-governo-de-sao-paulo\"},\"wordCount\":474,\"commentCount\":0,\"publisher\":{\"@id\":\"https:\\\/\\\/redenoticiaz.com.br\\\/litoralsp\\\/#organization\"},\"image\":{\"@id\":\"https:\\\/\\\/redenoticiaz.com.br\\\/litoralsp\\\/2021\\\/05\\\/14\\\/rodovias-do-litoral-vao-passar-por-concessao-do-governo-de-sao-paulo#primaryimage\"},\"thumbnailUrl\":\"https:\\\/\\\/redenoticiaz.com.br\\\/litoralsp\\\/wp-content\\\/uploads\\\/sites\\\/3\\\/2021\\\/05\\\/2021514453475g.jpg\",\"keywords\":[\"CONCESS\u00c3O DE RODOVIAS\",\"EDITAL INTERNACIONAL\",\"Governo de S\u00e3o Paulo\",\"LITORAL PAULISTA\",\"lote\",\"rodovias\"],\"articleSection\":[\"Bertioga\",\"Cubat\u00e3o\",\"Pedro de Toledo\",\"Praia Grande\",\"S\u00e3o Vicente\",\"Tr\u00e2nsito\"],\"inLanguage\":\"pt-BR\",\"potentialAction\":[{\"@type\":\"CommentAction\",\"name\":\"Comment\",\"target\":[\"https:\\\/\\\/redenoticiaz.com.br\\\/litoralsp\\\/2021\\\/05\\\/14\\\/rodovias-do-litoral-vao-passar-por-concessao-do-governo-de-sao-paulo#respond\"]}]},{\"@type\":\"WebPage\",\"@id\":\"https:\\\/\\\/redenoticiaz.com.br\\\/litoralsp\\\/2021\\\/05\\\/14\\\/rodovias-do-litoral-vao-passar-por-concessao-do-governo-de-sao-paulo\",\"url\":\"https:\\\/\\\/redenoticiaz.com.br\\\/litoralsp\\\/2021\\\/05\\\/14\\\/rodovias-do-litoral-vao-passar-por-concessao-do-governo-de-sao-paulo\",\"name\":\"Rodovias do Litoral v\u00e3o passar por concess\u00e3o do Governo de S\u00e3o Paulo - Litoral SP\",\"isPartOf\":{\"@id\":\"https:\\\/\\\/redenoticiaz.com.br\\\/litoralsp\\\/#website\"},\"primaryImageOfPage\":{\"@id\":\"https:\\\/\\\/redenoticiaz.com.br\\\/litoralsp\\\/2021\\\/05\\\/14\\\/rodovias-do-litoral-vao-passar-por-concessao-do-governo-de-sao-paulo#primaryimage\"},\"image\":{\"@id\":\"https:\\\/\\\/redenoticiaz.com.br\\\/litoralsp\\\/2021\\\/05\\\/14\\\/rodovias-do-litoral-vao-passar-por-concessao-do-governo-de-sao-paulo#primaryimage\"},\"thumbnailUrl\":\"https:\\\/\\\/redenoticiaz.com.br\\\/litoralsp\\\/wp-content\\\/uploads\\\/sites\\\/3\\\/2021\\\/05\\\/2021514453475g.jpg\",\"datePublished\":\"2021-05-14T16:53:58+00:00\",\"dateModified\":\"2021-05-14T16:54:36+00:00\",\"description\":\"O Governo de S\u00e3o Paulo lan\u00e7ou nesta sexta-feira (14), um edital de concorr\u00eancia internacional para a concess\u00e3o de rodovias do Lote Litoral Paulista\",\"inLanguage\":\"pt-BR\",\"potentialAction\":[{\"@type\":\"ReadAction\",\"target\":[\"https:\\\/\\\/redenoticiaz.com.br\\\/litoralsp\\\/2021\\\/05\\\/14\\\/rodovias-do-litoral-vao-passar-por-concessao-do-governo-de-sao-paulo\"]}]},{\"@type\":\"ImageObject\",\"inLanguage\":\"pt-BR\",\"@id\":\"https:\\\/\\\/redenoticiaz.com.br\\\/litoralsp\\\/2021\\\/05\\\/14\\\/rodovias-do-litoral-vao-passar-por-concessao-do-governo-de-sao-paulo#primaryimage\",\"url\":\"https:\\\/\\\/redenoticiaz.com.br\\\/litoralsp\\\/wp-content\\\/uploads\\\/sites\\\/3\\\/2021\\\/05\\\/2021514453475g.jpg\",\"contentUrl\":\"https:\\\/\\\/redenoticiaz.com.br\\\/litoralsp\\\/wp-content\\\/uploads\\\/sites\\\/3\\\/2021\\\/05\\\/2021514453475g.jpg\",\"width\":780,\"height\":386,\"caption\":\"Ap\u00f3s a concess\u00e3o, tend\u00eancia \u00e9 que elas tenham grandes melhorias.\"},{\"@type\":\"WebSite\",\"@id\":\"https:\\\/\\\/redenoticiaz.com.br\\\/litoralsp\\\/#website\",\"url\":\"https:\\\/\\\/redenoticiaz.com.br\\\/litoralsp\\\/\",\"name\":\"Litoral SP\",\"description\":\"Rede NoticiaZ\",\"publisher\":{\"@id\":\"https:\\\/\\\/redenoticiaz.com.br\\\/litoralsp\\\/#organization\"},\"potentialAction\":[{\"@type\":\"SearchAction\",\"target\":{\"@type\":\"EntryPoint\",\"urlTemplate\":\"https:\\\/\\\/redenoticiaz.com.br\\\/litoralsp\\\/?s={search_term_string}\"},\"query-input\":{\"@type\":\"PropertyValueSpecification\",\"valueRequired\":true,\"valueName\":\"search_term_string\"}}],\"inLanguage\":\"pt-BR\"},{\"@type\":\"Organization\",\"@id\":\"https:\\\/\\\/redenoticiaz.com.br\\\/litoralsp\\\/#organization\",\"name\":\"Litoral SP\",\"url\":\"https:\\\/\\\/redenoticiaz.com.br\\\/litoralsp\\\/\",\"logo\":{\"@type\":\"ImageObject\",\"inLanguage\":\"pt-BR\",\"@id\":\"https:\\\/\\\/redenoticiaz.com.br\\\/litoralsp\\\/#\\\/schema\\\/logo\\\/image\\\/\",\"url\":\"https:\\\/\\\/redenoticiaz.com.br\\\/litoralsp\\\/wp-content\\\/uploads\\\/sites\\\/3\\\/2020\\\/11\\\/logo.jpg\",\"contentUrl\":\"https:\\\/\\\/redenoticiaz.com.br\\\/litoralsp\\\/wp-content\\\/uploads\\\/sites\\\/3\\\/2020\\\/11\\\/logo.jpg\",\"width\":400,\"height\":250,\"caption\":\"Litoral SP\"},\"image\":{\"@id\":\"https:\\\/\\\/redenoticiaz.com.br\\\/litoralsp\\\/#\\\/schema\\\/logo\\\/image\\\/\"}},{\"@type\":\"Person\",\"@id\":\"https:\\\/\\\/redenoticiaz.com.br\\\/litoralsp\\\/#\\\/schema\\\/person\\\/0f0b8a5bdafefe82841e07ae8d81ecb3\",\"name\":\"Leonardo Francisco\",\"image\":{\"@type\":\"ImageObject\",\"inLanguage\":\"pt-BR\",\"@id\":\"https:\\\/\\\/secure.gravatar.com\\\/avatar\\\/a7358cb406a99b682ec6df1e77e31ae82e63601f6784e8a3df411d72b37864da?s=96&d=mm&r=g\",\"url\":\"https:\\\/\\\/secure.gravatar.com\\\/avatar\\\/a7358cb406a99b682ec6df1e77e31ae82e63601f6784e8a3df411d72b37864da?s=96&d=mm&r=g\",\"contentUrl\":\"https:\\\/\\\/secure.gravatar.com\\\/avatar\\\/a7358cb406a99b682ec6df1e77e31ae82e63601f6784e8a3df411d72b37864da?s=96&d=mm&r=g\",\"caption\":\"Leonardo Francisco\"},\"url\":\"https:\\\/\\\/redenoticiaz.com.br\\\/litoralsp\\\/author\\\/leonardo-francisco\"}]}<\/script>\n<!-- \/ Yoast SEO plugin. -->","yoast_head_json":{"title":"Rodovias do Litoral v\u00e3o passar por concess\u00e3o do Governo de S\u00e3o Paulo - Litoral SP","description":"O Governo de S\u00e3o Paulo lan\u00e7ou nesta sexta-feira (14), um edital de concorr\u00eancia internacional para a concess\u00e3o de rodovias do Lote Litoral Paulista","robots":{"index":"index","follow":"follow","max-snippet":"max-snippet:-1","max-image-preview":"max-image-preview:large","max-video-preview":"max-video-preview:-1"},"canonical":"https:\/\/redenoticiaz.com.br\/litoralsp\/2021\/05\/14\/rodovias-do-litoral-vao-passar-por-concessao-do-governo-de-sao-paulo","og_locale":"pt_BR","og_type":"article","og_title":"Rodovias do Litoral v\u00e3o passar por concess\u00e3o do Governo de S\u00e3o Paulo - Litoral SP","og_description":"O Governo de S\u00e3o Paulo lan\u00e7ou nesta sexta-feira (14), um edital de concorr\u00eancia internacional para a concess\u00e3o de rodovias do Lote Litoral Paulista","og_url":"https:\/\/redenoticiaz.com.br\/litoralsp\/2021\/05\/14\/rodovias-do-litoral-vao-passar-por-concessao-do-governo-de-sao-paulo","og_site_name":"Litoral SP","article_published_time":"2021-05-14T16:53:58+00:00","article_modified_time":"2021-05-14T16:54:36+00:00","og_image":[{"width":780,"height":386,"url":"https:\/\/redenoticiaz.com.br\/litoralsp\/wp-content\/uploads\/sites\/3\/2021\/05\/2021514453475g.jpg","type":"image\/jpeg"}],"author":"Leonardo Francisco","twitter_card":"summary_large_image","twitter_misc":{"Escrito por":"Leonardo Francisco","Est. tempo de leitura":"2 minutos"},"schema":{"@context":"https:\/\/schema.org","@graph":[{"@type":"Article","@id":"https:\/\/redenoticiaz.com.br\/litoralsp\/2021\/05\/14\/rodovias-do-litoral-vao-passar-por-concessao-do-governo-de-sao-paulo#article","isPartOf":{"@id":"https:\/\/redenoticiaz.com.br\/litoralsp\/2021\/05\/14\/rodovias-do-litoral-vao-passar-por-concessao-do-governo-de-sao-paulo"},"author":{"name":"Leonardo Francisco","@id":"https:\/\/redenoticiaz.com.br\/litoralsp\/#\/schema\/person\/0f0b8a5bdafefe82841e07ae8d81ecb3"},"headline":"Rodovias do Litoral v\u00e3o passar por concess\u00e3o do Governo de S\u00e3o Paulo","datePublished":"2021-05-14T16:53:58+00:00","dateModified":"2021-05-14T16:54:36+00:00","mainEntityOfPage":{"@id":"https:\/\/redenoticiaz.com.br\/litoralsp\/2021\/05\/14\/rodovias-do-litoral-vao-passar-por-concessao-do-governo-de-sao-paulo"},"wordCount":474,"commentCount":0,"publisher":{"@id":"https:\/\/redenoticiaz.com.br\/litoralsp\/#organization"},"image":{"@id":"https:\/\/redenoticiaz.com.br\/litoralsp\/2021\/05\/14\/rodovias-do-litoral-vao-passar-por-concessao-do-governo-de-sao-paulo#primaryimage"},"thumbnailUrl":"https:\/\/redenoticiaz.com.br\/litoralsp\/wp-content\/uploads\/sites\/3\/2021\/05\/2021514453475g.jpg","keywords":["CONCESS\u00c3O DE RODOVIAS","EDITAL INTERNACIONAL","Governo de S\u00e3o Paulo","LITORAL PAULISTA","lote","rodovias"],"articleSection":["Bertioga","Cubat\u00e3o","Pedro de Toledo","Praia Grande","S\u00e3o Vicente","Tr\u00e2nsito"],"inLanguage":"pt-BR","potentialAction":[{"@type":"CommentAction","name":"Comment","target":["https:\/\/redenoticiaz.com.br\/litoralsp\/2021\/05\/14\/rodovias-do-litoral-vao-passar-por-concessao-do-governo-de-sao-paulo#respond"]}]},{"@type":"WebPage","@id":"https:\/\/redenoticiaz.com.br\/litoralsp\/2021\/05\/14\/rodovias-do-litoral-vao-passar-por-concessao-do-governo-de-sao-paulo","url":"https:\/\/redenoticiaz.com.br\/litoralsp\/2021\/05\/14\/rodovias-do-litoral-vao-passar-por-concessao-do-governo-de-sao-paulo","name":"Rodovias do Litoral v\u00e3o passar por concess\u00e3o do Governo de S\u00e3o Paulo - Litoral SP","isPartOf":{"@id":"https:\/\/redenoticiaz.com.br\/litoralsp\/#website"},"primaryImageOfPage":{"@id":"https:\/\/redenoticiaz.com.br\/litoralsp\/2021\/05\/14\/rodovias-do-litoral-vao-passar-por-concessao-do-governo-de-sao-paulo#primaryimage"},"image":{"@id":"https:\/\/redenoticiaz.com.br\/litoralsp\/2021\/05\/14\/rodovias-do-litoral-vao-passar-por-concessao-do-governo-de-sao-paulo#primaryimage"},"thumbnailUrl":"https:\/\/redenoticiaz.com.br\/litoralsp\/wp-content\/uploads\/sites\/3\/2021\/05\/2021514453475g.jpg","datePublished":"2021-05-14T16:53:58+00:00","dateModified":"2021-05-14T16:54:36+00:00","description":"O Governo de S\u00e3o Paulo lan\u00e7ou nesta sexta-feira (14), um edital de concorr\u00eancia internacional para a concess\u00e3o de rodovias do Lote Litoral Paulista","inLanguage":"pt-BR","potentialAction":[{"@type":"ReadAction","target":["https:\/\/redenoticiaz.com.br\/litoralsp\/2021\/05\/14\/rodovias-do-litoral-vao-passar-por-concessao-do-governo-de-sao-paulo"]}]},{"@type":"ImageObject","inLanguage":"pt-BR","@id":"https:\/\/redenoticiaz.com.br\/litoralsp\/2021\/05\/14\/rodovias-do-litoral-vao-passar-por-concessao-do-governo-de-sao-paulo#primaryimage","url":"https:\/\/redenoticiaz.com.br\/litoralsp\/wp-content\/uploads\/sites\/3\/2021\/05\/2021514453475g.jpg","contentUrl":"https:\/\/redenoticiaz.com.br\/litoralsp\/wp-content\/uploads\/sites\/3\/2021\/05\/2021514453475g.jpg","width":780,"height":386,"caption":"Ap\u00f3s a concess\u00e3o, tend\u00eancia \u00e9 que elas tenham grandes melhorias."},{"@type":"WebSite","@id":"https:\/\/redenoticiaz.com.br\/litoralsp\/#website","url":"https:\/\/redenoticiaz.com.br\/litoralsp\/","name":"Litoral SP","description":"Rede NoticiaZ","publisher":{"@id":"https:\/\/redenoticiaz.com.br\/litoralsp\/#organization"},"potentialAction":[{"@type":"SearchAction","target":{"@type":"EntryPoint","urlTemplate":"https:\/\/redenoticiaz.com.br\/litoralsp\/?s={search_term_string}"},"query-input":{"@type":"PropertyValueSpecification","valueRequired":true,"valueName":"search_term_string"}}],"inLanguage":"pt-BR"},{"@type":"Organization","@id":"https:\/\/redenoticiaz.com.br\/litoralsp\/#organization","name":"Litoral SP","url":"https:\/\/redenoticiaz.com.br\/litoralsp\/","logo":{"@type":"ImageObject","inLanguage":"pt-BR","@id":"https:\/\/redenoticiaz.com.br\/litoralsp\/#\/schema\/logo\/image\/","url":"https:\/\/redenoticiaz.com.br\/litoralsp\/wp-content\/uploads\/sites\/3\/2020\/11\/logo.jpg","contentUrl":"https:\/\/redenoticiaz.com.br\/litoralsp\/wp-content\/uploads\/sites\/3\/2020\/11\/logo.jpg","width":400,"height":250,"caption":"Litoral SP"},"image":{"@id":"https:\/\/redenoticiaz.com.br\/litoralsp\/#\/schema\/logo\/image\/"}},{"@type":"Person","@id":"https:\/\/redenoticiaz.com.br\/litoralsp\/#\/schema\/person\/0f0b8a5bdafefe82841e07ae8d81ecb3","name":"Leonardo Francisco","image":{"@type":"ImageObject","inLanguage":"pt-BR","@id":"https:\/\/secure.gravatar.com\/avatar\/a7358cb406a99b682ec6df1e77e31ae82e63601f6784e8a3df411d72b37864da?s=96&d=mm&r=g","url":"https:\/\/secure.gravatar.com\/avatar\/a7358cb406a99b682ec6df1e77e31ae82e63601f6784e8a3df411d72b37864da?s=96&d=mm&r=g","contentUrl":"https:\/\/secure.gravatar.com\/avatar\/a7358cb406a99b682ec6df1e77e31ae82e63601f6784e8a3df411d72b37864da?s=96&d=mm&r=g","caption":"Leonardo Francisco"},"url":"https:\/\/redenoticiaz.com.br\/litoralsp\/author\/leonardo-francisco"}]}},"_links":{"self":[{"href":"https:\/\/redenoticiaz.com.br\/litoralsp\/wp-json\/wp\/v2\/posts\/8576","targetHints":{"allow":["GET"]}}],"collection":[{"href":"https:\/\/redenoticiaz.com.br\/litoralsp\/wp-json\/wp\/v2\/posts"}],"about":[{"href":"https:\/\/redenoticiaz.com.br\/litoralsp\/wp-json\/wp\/v2\/types\/post"}],"author":[{"embeddable":true,"href":"https:\/\/redenoticiaz.com.br\/litoralsp\/wp-json\/wp\/v2\/users\/6"}],"replies":[{"embeddable":true,"href":"https:\/\/redenoticiaz.com.br\/litoralsp\/wp-json\/wp\/v2\/comments?post=8576"}],"version-history":[{"count":1,"href":"https:\/\/redenoticiaz.com.br\/litoralsp\/wp-json\/wp\/v2\/posts\/8576\/revisions"}],"predecessor-version":[{"id":8578,"href":"https:\/\/redenoticiaz.com.br\/litoralsp\/wp-json\/wp\/v2\/posts\/8576\/revisions\/8578"}],"wp:featuredmedia":[{"embeddable":true,"href":"https:\/\/redenoticiaz.com.br\/litoralsp\/wp-json\/wp\/v2\/media\/8577"}],"wp:attachment":[{"href":"https:\/\/redenoticiaz.com.br\/litoralsp\/wp-json\/wp\/v2\/media?parent=8576"}],"wp:term":[{"taxonomy":"category","embeddable":true,"href":"https:\/\/redenoticiaz.com.br\/litoralsp\/wp-json\/wp\/v2\/categories?post=8576"},{"taxonomy":"post_tag","embeddable":true,"href":"https:\/\/redenoticiaz.com.br\/litoralsp\/wp-json\/wp\/v2\/tags?post=8576"}],"curies":[{"name":"wp","href":"https:\/\/api.w.org\/{rel}","templated":true}]}}