{"id":8579,"date":"2021-05-14T15:52:25","date_gmt":"2021-05-14T18:52:25","guid":{"rendered":"https:\/\/redenoticiaz.com.br\/litoralsp\/2021\/05\/14\/mais-de-11-milhao-de-doses-da-coronavac-sao-entregues-ao-ministerio-da-saude"},"modified":"2021-05-14T15:56:56","modified_gmt":"2021-05-14T18:56:56","slug":"mais-de-11-milhao-de-doses-da-coronavac-sao-entregues-ao-ministerio-da-saude","status":"publish","type":"post","link":"https:\/\/redenoticiaz.com.br\/litoralsp\/2021\/05\/14\/mais-de-11-milhao-de-doses-da-coronavac-sao-entregues-ao-ministerio-da-saude","title":{"rendered":"Mais de 1,1 milh\u00e3o de doses da CoronaVac s\u00e3o entregues ao Minist\u00e9rio da Sa\u00fade"},"content":{"rendered":"<p>Aconteceu a \u00faltima entrega do lote de doses da vacina CoronaVac pelo <a href=\"https:\/\/butantan.gov.br\/\">Instituto Butantan<\/a> para o Minist\u00e9rio da Sa\u00fade. Foram <strong>1,1 milh\u00e3o de doses<\/strong> do imunizante entres \u00e0 pasta federal. Agora a produ\u00e7\u00e3o ir\u00e1 parar por causa da falta mat\u00e9ria-prima, para seguir produzindo imunizantes contra a Covid-19.<\/p>\n<p>O governador Jo\u00e3o Doria (PSDB) lamentou esta paralisa e vai esperar que o governo da China envie um lote de 10 mil litros de Ingrediente Farmac\u00eautico Ativo (IFA), o equivalente a 18 milh\u00f5es de doses, para retomar a produ\u00e7\u00e3o.<\/p>\n<p>&#8220;A boa not\u00edcia \u00e9 que temos a entrega de mais de mais 1,1 milh\u00e3o doses da vacina. A m\u00e1 not\u00edcia \u00e9 que a partir de hoje o Instituto Butantan n\u00e3o pode processar novas vacinas&#8221;, disse o governador. J\u00e1 o diretor do Butantan, Dimas Covas, o montante corresponde ao necess\u00e1rio para produzir o quantitativo de vacinas previstas para serem entregues ao governo federal em maio e junho.<\/p>\n<div class=\"mc-column content-text active-extra-styles \" data-block-type=\"unstyled\" data-block-weight=\"25\" data-block-id=\"6\">\n<p class=\"content-text__container \" data-track-category=\"Link no Texto\" data-track-links=\"\">Embora admita atraso nas entregas, Dimas Covas defende que o cronograma poder\u00e1 ser recuperado no pr\u00f3ximo m\u00eas, t\u00e3o logo o insumo chegue ao pa\u00eds. &#8220;Nesse momento o que se atrasa \u00e9 a previs\u00e3o. Quer dizer, n\u00f3s t\u00ednhamos em maio a previs\u00e3o de entregar 12 milh\u00f5es de doses, e vamos entregar um pouco mais de 5 milh\u00f5es. Em junho, temos a previs\u00e3o de 6 milh\u00f5es de doses. Se o IFA chegar muito rapidamente, vamos cumprir, vamos recuperar o cronograma de maio e vamos cumprir o de junho&#8221;.<\/p>\n<h3 data-track-category=\"Link no Texto\">Estado de S\u00e3o Paulo prejudicado<\/h3>\n<p>A coordenadora do Programa Estadual de Imuniza\u00e7\u00e3o, Regiane de Paula, explica que sem a produ\u00e7\u00e3o da CoronaVac, o Estado de S\u00e3o Paulo pode ser prejudicado. No entanto mant\u00e9m o otimismo de seguir imunizando a popula\u00e7\u00e3o.<\/p>\n<div class=\"mc-column content-text active-extra-styles\" data-block-type=\"raw\" data-block-weight=\"59\" data-block-id=\"11\">\n<blockquote class=\"content-blockquote theme-border-color-primary-before\"><p>&#8220;Quando n\u00f3s vamos parar? Esperamos de fato que o Programa Estadual de Imuniza\u00e7\u00e3o do estado de S\u00e3o Paulo n\u00e3o pare. Podemos diminuir o ritmo, mas n\u00f3s, at\u00e9 o momento, n\u00e3o paramos, como nenhuma outra capital. Podemos diminuir o ritmo, mas esperamos que o governo federal se sensibilize com todos os brasileiros e tome as atitudes que deve tomar&#8221;, afirmou.<\/p><\/blockquote>\n<\/div>\n<div class=\"mc-column content-text active-extra-styles \" data-block-type=\"unstyled\" data-block-weight=\"24\" data-block-id=\"12\">\n<p class=\"content-text__container \" data-track-category=\"Link no Texto\" data-track-links=\"\">Ainda de acordo com ao coordenadora, a Secretaria Estadual da Sa\u00fade trabalha para evitar altera\u00e7\u00f5es no calend\u00e1rio de vacina\u00e7\u00e3o j\u00e1 divulgado pelo governo.<\/p>\n<\/div>\n<div class=\"mc-column content-text active-extra-styles \" data-block-type=\"unstyled\" data-block-weight=\"43\" data-block-id=\"13\">\n<p class=\"content-text__container \" data-track-category=\"Link no Texto\" data-track-links=\"\">&#8220;Nesse momento, n\u00f3s estamos trabalhando com muito planejamento para que a gente n\u00e3o tenha, do que j\u00e1 foi anunciado, nenhum tipo de perda, n\u00e3o possamos cumprir com o aquilo que foi anunciado. Temos isso muito criteriosamente, mas precisamos de mais vacinas&#8221;, completou.<\/p>\n<\/div>\n<div class=\"row medium-uncollapsed content-media content-photo\" data-block-type=\"backstage-photo\" data-block-id=\"14\">\n<div class=\"mc-column content-media__container\">\n<h3 class=\"content-media-container glb-skeleton-box\">Esperan\u00e7a<\/h3>\n<div class=\"mc-column content-text active-extra-styles \" data-block-type=\"unstyled\" data-block-weight=\"34\" data-block-id=\"17\">\n<p class=\"content-text__container \" data-track-category=\"Link no Texto\" data-track-links=\"\">Nesta sexta (14), a\u00a0Funda\u00e7\u00e3o Oswaldo Cruz (Fiocruz) anunciou a chegada, no pr\u00f3ximo dia 22, de mais uma remessa de Ingrediente Farmac\u00eautico Ativo (IFA). Outra carga de IFA segue prevista para o dia 29. Dimas Covas defendeu que a libera\u00e7\u00e3o para a Fiocruz representa uma sinaliza\u00e7\u00e3o positiva do governo chin\u00eas, e espera conseguir autoriza\u00e7\u00e3o de envio dos lotes da CoronaVac nos pr\u00f3ximos dias.<\/p>\n<div class=\"mc-column content-text active-extra-styles\" data-block-type=\"raw\" data-block-weight=\"55\" data-block-id=\"20\">\n<blockquote class=\"content-blockquote theme-border-color-primary-before\"><p>&#8220;No dia de hoje eu j\u00e1 conversei com os chineses e n\u00e3o houve de fato a libera\u00e7\u00e3o. Existe a noticia oficial da Fiocruz, que ela teve uma libera\u00e7\u00e3o para embarque no dia 22. \u00c9 uma boa not\u00edcia. Quer dizer, se come\u00e7ou a liberar, ent\u00e3o, \u00e9 poss\u00edvel que a gente tamb\u00e9m tenha uma boa not\u00edcias&#8221;, afirmou.<\/p><\/blockquote>\n<\/div>\n<div class=\"mc-column content-text active-extra-styles \" data-block-type=\"unstyled\" data-block-weight=\"23\" data-block-id=\"21\">\n<p class=\"content-text__container \" data-track-category=\"Link no Texto\" data-track-links=\"\">Pelo menos 15 estados do pa\u00eds j\u00e1 suspenderam a aplica\u00e7\u00e3o da primeira ou da segunda dose do imunizante por falta de vacina.<\/p>\n<p data-track-category=\"Link no Texto\" data-track-links=\"\"><strong>LEIA TAMB\u00c9M<\/strong><\/p>\n<p data-track-category=\"Link no Texto\" data-track-links=\"\"><a href=\"https:\/\/redenoticiaz.com.br\/blog\/2021\/05\/13\/covaxin-esta-liberada-para-teste-no-brasil\">Covaxin est\u00e1 liberada para teste no Brasil<\/a><\/p>\n<\/div>\n<\/div>\n<\/div>\n<\/div>\n<\/div>\n","protected":false},"excerpt":{"rendered":"<p>Aconteceu a \u00faltima entrega do lote de doses da vacina CoronaVac pelo Instituto Butantan para o Minist\u00e9rio da Sa\u00fade. Foram 1,1 milh\u00e3o de doses do imunizante entres \u00e0 pasta federal. Agora a produ\u00e7\u00e3o ir\u00e1 parar por causa da falta mat\u00e9ria-prima, para seguir produzindo imunizantes contra a Covid-19. O governador Jo\u00e3o Doria (PSDB) lamentou esta paralisa &hellip;<\/p>\n","protected":false},"author":6,"featured_media":8580,"comment_status":"open","ping_status":"closed","sticky":false,"template":"","format":"standard","meta":{"footnotes":""},"categories":[23],"tags":[173,17188,22249,1412,1810,18295,65],"class_list":["post-8579","post","type-post","status-publish","format-standard","has-post-thumbnail","hentry","category-saude","tag-brasil","tag-doses-da-coronavac","tag-falta-de-materia-prima","tag-instituto-butantan","tag-ministerio-da-saude","tag-producao-suspensa","tag-sao-paulo"],"yoast_head":"<!-- This site is optimized with the Yoast SEO plugin v27.5 - https:\/\/yoast.com\/product\/yoast-seo-wordpress\/ -->\n<title>Mais de 1,1 milh\u00e3o de doses da CoronaVac s\u00e3o entregues ao Minist\u00e9rio da Sa\u00fade - Litoral SP<\/title>\n<meta name=\"description\" content=\"Aconteceu a \u00faltima entrega do lote de doses da vacina CoronaVac pelo Instituto Butantan para o Minist\u00e9rio da Sa\u00fade. Foram 1,1 milh\u00e3o de doses do imunizante\" \/>\n<meta name=\"robots\" content=\"index, follow, max-snippet:-1, max-image-preview:large, max-video-preview:-1\" \/>\n<link rel=\"canonical\" href=\"https:\/\/redenoticiaz.com.br\/litoralsp\/2021\/05\/14\/mais-de-11-milhao-de-doses-da-coronavac-sao-entregues-ao-ministerio-da-saude\" \/>\n<meta property=\"og:locale\" content=\"pt_BR\" \/>\n<meta property=\"og:type\" content=\"article\" \/>\n<meta property=\"og:title\" content=\"Mais de 1,1 milh\u00e3o de doses da CoronaVac s\u00e3o entregues ao Minist\u00e9rio da Sa\u00fade - Litoral SP\" \/>\n<meta property=\"og:description\" content=\"Aconteceu a \u00faltima entrega do lote de doses da vacina CoronaVac pelo Instituto Butantan para o Minist\u00e9rio da Sa\u00fade. Foram 1,1 milh\u00e3o de doses do imunizante\" \/>\n<meta property=\"og:url\" content=\"https:\/\/redenoticiaz.com.br\/litoralsp\/2021\/05\/14\/mais-de-11-milhao-de-doses-da-coronavac-sao-entregues-ao-ministerio-da-saude\" \/>\n<meta property=\"og:site_name\" content=\"Litoral SP\" \/>\n<meta property=\"article:published_time\" content=\"2021-05-14T18:52:25+00:00\" \/>\n<meta property=\"article:modified_time\" content=\"2021-05-14T18:56:56+00:00\" \/>\n<meta property=\"og:image\" content=\"https:\/\/redenoticiaz.com.br\/litoralsp\/wp-content\/uploads\/sites\/3\/2021\/05\/imgs-lote-coronavac-1405-frame-29.jpeg\" \/>\n\t<meta property=\"og:image:width\" content=\"984\" \/>\n\t<meta property=\"og:image:height\" content=\"554\" \/>\n\t<meta property=\"og:image:type\" content=\"image\/jpeg\" \/>\n<meta name=\"author\" content=\"Leonardo Francisco\" \/>\n<meta name=\"twitter:card\" content=\"summary_large_image\" \/>\n<meta name=\"twitter:label1\" content=\"Escrito por\" \/>\n\t<meta name=\"twitter:data1\" content=\"Leonardo Francisco\" \/>\n\t<meta name=\"twitter:label2\" content=\"Est. tempo de leitura\" \/>\n\t<meta name=\"twitter:data2\" content=\"3 minutos\" \/>\n<script type=\"application\/ld+json\" class=\"yoast-schema-graph\">{\"@context\":\"https:\\\/\\\/schema.org\",\"@graph\":[{\"@type\":\"Article\",\"@id\":\"https:\\\/\\\/redenoticiaz.com.br\\\/litoralsp\\\/2021\\\/05\\\/14\\\/mais-de-11-milhao-de-doses-da-coronavac-sao-entregues-ao-ministerio-da-saude#article\",\"isPartOf\":{\"@id\":\"https:\\\/\\\/redenoticiaz.com.br\\\/litoralsp\\\/2021\\\/05\\\/14\\\/mais-de-11-milhao-de-doses-da-coronavac-sao-entregues-ao-ministerio-da-saude\"},\"author\":{\"name\":\"Leonardo Francisco\",\"@id\":\"https:\\\/\\\/redenoticiaz.com.br\\\/litoralsp\\\/#\\\/schema\\\/person\\\/0f0b8a5bdafefe82841e07ae8d81ecb3\"},\"headline\":\"Mais de 1,1 milh\u00e3o de doses da CoronaVac s\u00e3o entregues ao Minist\u00e9rio da Sa\u00fade\",\"datePublished\":\"2021-05-14T18:52:25+00:00\",\"dateModified\":\"2021-05-14T18:56:56+00:00\",\"mainEntityOfPage\":{\"@id\":\"https:\\\/\\\/redenoticiaz.com.br\\\/litoralsp\\\/2021\\\/05\\\/14\\\/mais-de-11-milhao-de-doses-da-coronavac-sao-entregues-ao-ministerio-da-saude\"},\"wordCount\":617,\"commentCount\":0,\"publisher\":{\"@id\":\"https:\\\/\\\/redenoticiaz.com.br\\\/litoralsp\\\/#organization\"},\"image\":{\"@id\":\"https:\\\/\\\/redenoticiaz.com.br\\\/litoralsp\\\/2021\\\/05\\\/14\\\/mais-de-11-milhao-de-doses-da-coronavac-sao-entregues-ao-ministerio-da-saude#primaryimage\"},\"thumbnailUrl\":\"https:\\\/\\\/redenoticiaz.com.br\\\/litoralsp\\\/wp-content\\\/uploads\\\/sites\\\/3\\\/2021\\\/05\\\/imgs-lote-coronavac-1405-frame-29.jpeg\",\"keywords\":[\"Brasil\",\"DOSES DA CORONAVAC\",\"FALTA DE MAT\u00c9RIA PRIMA\",\"Instituto Butantan\",\"Minist\u00e9rio da Sa\u00fade\",\"PRODU\u00c7\u00c3O SUSPENSA\",\"S\u00e3o Paulo\"],\"articleSection\":[\"Sa\u00fade\"],\"inLanguage\":\"pt-BR\",\"potentialAction\":[{\"@type\":\"CommentAction\",\"name\":\"Comment\",\"target\":[\"https:\\\/\\\/redenoticiaz.com.br\\\/litoralsp\\\/2021\\\/05\\\/14\\\/mais-de-11-milhao-de-doses-da-coronavac-sao-entregues-ao-ministerio-da-saude#respond\"]}]},{\"@type\":\"WebPage\",\"@id\":\"https:\\\/\\\/redenoticiaz.com.br\\\/litoralsp\\\/2021\\\/05\\\/14\\\/mais-de-11-milhao-de-doses-da-coronavac-sao-entregues-ao-ministerio-da-saude\",\"url\":\"https:\\\/\\\/redenoticiaz.com.br\\\/litoralsp\\\/2021\\\/05\\\/14\\\/mais-de-11-milhao-de-doses-da-coronavac-sao-entregues-ao-ministerio-da-saude\",\"name\":\"Mais de 1,1 milh\u00e3o de doses da CoronaVac s\u00e3o entregues ao Minist\u00e9rio da Sa\u00fade - Litoral SP\",\"isPartOf\":{\"@id\":\"https:\\\/\\\/redenoticiaz.com.br\\\/litoralsp\\\/#website\"},\"primaryImageOfPage\":{\"@id\":\"https:\\\/\\\/redenoticiaz.com.br\\\/litoralsp\\\/2021\\\/05\\\/14\\\/mais-de-11-milhao-de-doses-da-coronavac-sao-entregues-ao-ministerio-da-saude#primaryimage\"},\"image\":{\"@id\":\"https:\\\/\\\/redenoticiaz.com.br\\\/litoralsp\\\/2021\\\/05\\\/14\\\/mais-de-11-milhao-de-doses-da-coronavac-sao-entregues-ao-ministerio-da-saude#primaryimage\"},\"thumbnailUrl\":\"https:\\\/\\\/redenoticiaz.com.br\\\/litoralsp\\\/wp-content\\\/uploads\\\/sites\\\/3\\\/2021\\\/05\\\/imgs-lote-coronavac-1405-frame-29.jpeg\",\"datePublished\":\"2021-05-14T18:52:25+00:00\",\"dateModified\":\"2021-05-14T18:56:56+00:00\",\"description\":\"Aconteceu a \u00faltima entrega do lote de doses da vacina CoronaVac pelo Instituto Butantan para o Minist\u00e9rio da Sa\u00fade. Foram 1,1 milh\u00e3o de doses do imunizante\",\"inLanguage\":\"pt-BR\",\"potentialAction\":[{\"@type\":\"ReadAction\",\"target\":[\"https:\\\/\\\/redenoticiaz.com.br\\\/litoralsp\\\/2021\\\/05\\\/14\\\/mais-de-11-milhao-de-doses-da-coronavac-sao-entregues-ao-ministerio-da-saude\"]}]},{\"@type\":\"ImageObject\",\"inLanguage\":\"pt-BR\",\"@id\":\"https:\\\/\\\/redenoticiaz.com.br\\\/litoralsp\\\/2021\\\/05\\\/14\\\/mais-de-11-milhao-de-doses-da-coronavac-sao-entregues-ao-ministerio-da-saude#primaryimage\",\"url\":\"https:\\\/\\\/redenoticiaz.com.br\\\/litoralsp\\\/wp-content\\\/uploads\\\/sites\\\/3\\\/2021\\\/05\\\/imgs-lote-coronavac-1405-frame-29.jpeg\",\"contentUrl\":\"https:\\\/\\\/redenoticiaz.com.br\\\/litoralsp\\\/wp-content\\\/uploads\\\/sites\\\/3\\\/2021\\\/05\\\/imgs-lote-coronavac-1405-frame-29.jpeg\",\"width\":984,\"height\":554,\"caption\":\"Governo de S\u00e3o Paulo segue com as negocia\u00e7\u00f5es para obter a libera\u00e7\u00e3o da mat\u00e9ria prima.\"},{\"@type\":\"WebSite\",\"@id\":\"https:\\\/\\\/redenoticiaz.com.br\\\/litoralsp\\\/#website\",\"url\":\"https:\\\/\\\/redenoticiaz.com.br\\\/litoralsp\\\/\",\"name\":\"Litoral SP\",\"description\":\"Rede NoticiaZ\",\"publisher\":{\"@id\":\"https:\\\/\\\/redenoticiaz.com.br\\\/litoralsp\\\/#organization\"},\"potentialAction\":[{\"@type\":\"SearchAction\",\"target\":{\"@type\":\"EntryPoint\",\"urlTemplate\":\"https:\\\/\\\/redenoticiaz.com.br\\\/litoralsp\\\/?s={search_term_string}\"},\"query-input\":{\"@type\":\"PropertyValueSpecification\",\"valueRequired\":true,\"valueName\":\"search_term_string\"}}],\"inLanguage\":\"pt-BR\"},{\"@type\":\"Organization\",\"@id\":\"https:\\\/\\\/redenoticiaz.com.br\\\/litoralsp\\\/#organization\",\"name\":\"Litoral SP\",\"url\":\"https:\\\/\\\/redenoticiaz.com.br\\\/litoralsp\\\/\",\"logo\":{\"@type\":\"ImageObject\",\"inLanguage\":\"pt-BR\",\"@id\":\"https:\\\/\\\/redenoticiaz.com.br\\\/litoralsp\\\/#\\\/schema\\\/logo\\\/image\\\/\",\"url\":\"https:\\\/\\\/redenoticiaz.com.br\\\/litoralsp\\\/wp-content\\\/uploads\\\/sites\\\/3\\\/2020\\\/11\\\/logo.jpg\",\"contentUrl\":\"https:\\\/\\\/redenoticiaz.com.br\\\/litoralsp\\\/wp-content\\\/uploads\\\/sites\\\/3\\\/2020\\\/11\\\/logo.jpg\",\"width\":400,\"height\":250,\"caption\":\"Litoral SP\"},\"image\":{\"@id\":\"https:\\\/\\\/redenoticiaz.com.br\\\/litoralsp\\\/#\\\/schema\\\/logo\\\/image\\\/\"}},{\"@type\":\"Person\",\"@id\":\"https:\\\/\\\/redenoticiaz.com.br\\\/litoralsp\\\/#\\\/schema\\\/person\\\/0f0b8a5bdafefe82841e07ae8d81ecb3\",\"name\":\"Leonardo Francisco\",\"image\":{\"@type\":\"ImageObject\",\"inLanguage\":\"pt-BR\",\"@id\":\"https:\\\/\\\/secure.gravatar.com\\\/avatar\\\/a7358cb406a99b682ec6df1e77e31ae82e63601f6784e8a3df411d72b37864da?s=96&d=mm&r=g\",\"url\":\"https:\\\/\\\/secure.gravatar.com\\\/avatar\\\/a7358cb406a99b682ec6df1e77e31ae82e63601f6784e8a3df411d72b37864da?s=96&d=mm&r=g\",\"contentUrl\":\"https:\\\/\\\/secure.gravatar.com\\\/avatar\\\/a7358cb406a99b682ec6df1e77e31ae82e63601f6784e8a3df411d72b37864da?s=96&d=mm&r=g\",\"caption\":\"Leonardo Francisco\"},\"url\":\"https:\\\/\\\/redenoticiaz.com.br\\\/litoralsp\\\/author\\\/leonardo-francisco\"}]}<\/script>\n<!-- \/ Yoast SEO plugin. -->","yoast_head_json":{"title":"Mais de 1,1 milh\u00e3o de doses da CoronaVac s\u00e3o entregues ao Minist\u00e9rio da Sa\u00fade - Litoral SP","description":"Aconteceu a \u00faltima entrega do lote de doses da vacina CoronaVac pelo Instituto Butantan para o Minist\u00e9rio da Sa\u00fade. Foram 1,1 milh\u00e3o de doses do imunizante","robots":{"index":"index","follow":"follow","max-snippet":"max-snippet:-1","max-image-preview":"max-image-preview:large","max-video-preview":"max-video-preview:-1"},"canonical":"https:\/\/redenoticiaz.com.br\/litoralsp\/2021\/05\/14\/mais-de-11-milhao-de-doses-da-coronavac-sao-entregues-ao-ministerio-da-saude","og_locale":"pt_BR","og_type":"article","og_title":"Mais de 1,1 milh\u00e3o de doses da CoronaVac s\u00e3o entregues ao Minist\u00e9rio da Sa\u00fade - Litoral SP","og_description":"Aconteceu a \u00faltima entrega do lote de doses da vacina CoronaVac pelo Instituto Butantan para o Minist\u00e9rio da Sa\u00fade. Foram 1,1 milh\u00e3o de doses do imunizante","og_url":"https:\/\/redenoticiaz.com.br\/litoralsp\/2021\/05\/14\/mais-de-11-milhao-de-doses-da-coronavac-sao-entregues-ao-ministerio-da-saude","og_site_name":"Litoral SP","article_published_time":"2021-05-14T18:52:25+00:00","article_modified_time":"2021-05-14T18:56:56+00:00","og_image":[{"width":984,"height":554,"url":"https:\/\/redenoticiaz.com.br\/litoralsp\/wp-content\/uploads\/sites\/3\/2021\/05\/imgs-lote-coronavac-1405-frame-29.jpeg","type":"image\/jpeg"}],"author":"Leonardo Francisco","twitter_card":"summary_large_image","twitter_misc":{"Escrito por":"Leonardo Francisco","Est. tempo de leitura":"3 minutos"},"schema":{"@context":"https:\/\/schema.org","@graph":[{"@type":"Article","@id":"https:\/\/redenoticiaz.com.br\/litoralsp\/2021\/05\/14\/mais-de-11-milhao-de-doses-da-coronavac-sao-entregues-ao-ministerio-da-saude#article","isPartOf":{"@id":"https:\/\/redenoticiaz.com.br\/litoralsp\/2021\/05\/14\/mais-de-11-milhao-de-doses-da-coronavac-sao-entregues-ao-ministerio-da-saude"},"author":{"name":"Leonardo Francisco","@id":"https:\/\/redenoticiaz.com.br\/litoralsp\/#\/schema\/person\/0f0b8a5bdafefe82841e07ae8d81ecb3"},"headline":"Mais de 1,1 milh\u00e3o de doses da CoronaVac s\u00e3o entregues ao Minist\u00e9rio da Sa\u00fade","datePublished":"2021-05-14T18:52:25+00:00","dateModified":"2021-05-14T18:56:56+00:00","mainEntityOfPage":{"@id":"https:\/\/redenoticiaz.com.br\/litoralsp\/2021\/05\/14\/mais-de-11-milhao-de-doses-da-coronavac-sao-entregues-ao-ministerio-da-saude"},"wordCount":617,"commentCount":0,"publisher":{"@id":"https:\/\/redenoticiaz.com.br\/litoralsp\/#organization"},"image":{"@id":"https:\/\/redenoticiaz.com.br\/litoralsp\/2021\/05\/14\/mais-de-11-milhao-de-doses-da-coronavac-sao-entregues-ao-ministerio-da-saude#primaryimage"},"thumbnailUrl":"https:\/\/redenoticiaz.com.br\/litoralsp\/wp-content\/uploads\/sites\/3\/2021\/05\/imgs-lote-coronavac-1405-frame-29.jpeg","keywords":["Brasil","DOSES DA CORONAVAC","FALTA DE MAT\u00c9RIA PRIMA","Instituto Butantan","Minist\u00e9rio da Sa\u00fade","PRODU\u00c7\u00c3O SUSPENSA","S\u00e3o Paulo"],"articleSection":["Sa\u00fade"],"inLanguage":"pt-BR","potentialAction":[{"@type":"CommentAction","name":"Comment","target":["https:\/\/redenoticiaz.com.br\/litoralsp\/2021\/05\/14\/mais-de-11-milhao-de-doses-da-coronavac-sao-entregues-ao-ministerio-da-saude#respond"]}]},{"@type":"WebPage","@id":"https:\/\/redenoticiaz.com.br\/litoralsp\/2021\/05\/14\/mais-de-11-milhao-de-doses-da-coronavac-sao-entregues-ao-ministerio-da-saude","url":"https:\/\/redenoticiaz.com.br\/litoralsp\/2021\/05\/14\/mais-de-11-milhao-de-doses-da-coronavac-sao-entregues-ao-ministerio-da-saude","name":"Mais de 1,1 milh\u00e3o de doses da CoronaVac s\u00e3o entregues ao Minist\u00e9rio da Sa\u00fade - Litoral SP","isPartOf":{"@id":"https:\/\/redenoticiaz.com.br\/litoralsp\/#website"},"primaryImageOfPage":{"@id":"https:\/\/redenoticiaz.com.br\/litoralsp\/2021\/05\/14\/mais-de-11-milhao-de-doses-da-coronavac-sao-entregues-ao-ministerio-da-saude#primaryimage"},"image":{"@id":"https:\/\/redenoticiaz.com.br\/litoralsp\/2021\/05\/14\/mais-de-11-milhao-de-doses-da-coronavac-sao-entregues-ao-ministerio-da-saude#primaryimage"},"thumbnailUrl":"https:\/\/redenoticiaz.com.br\/litoralsp\/wp-content\/uploads\/sites\/3\/2021\/05\/imgs-lote-coronavac-1405-frame-29.jpeg","datePublished":"2021-05-14T18:52:25+00:00","dateModified":"2021-05-14T18:56:56+00:00","description":"Aconteceu a \u00faltima entrega do lote de doses da vacina CoronaVac pelo Instituto Butantan para o Minist\u00e9rio da Sa\u00fade. Foram 1,1 milh\u00e3o de doses do imunizante","inLanguage":"pt-BR","potentialAction":[{"@type":"ReadAction","target":["https:\/\/redenoticiaz.com.br\/litoralsp\/2021\/05\/14\/mais-de-11-milhao-de-doses-da-coronavac-sao-entregues-ao-ministerio-da-saude"]}]},{"@type":"ImageObject","inLanguage":"pt-BR","@id":"https:\/\/redenoticiaz.com.br\/litoralsp\/2021\/05\/14\/mais-de-11-milhao-de-doses-da-coronavac-sao-entregues-ao-ministerio-da-saude#primaryimage","url":"https:\/\/redenoticiaz.com.br\/litoralsp\/wp-content\/uploads\/sites\/3\/2021\/05\/imgs-lote-coronavac-1405-frame-29.jpeg","contentUrl":"https:\/\/redenoticiaz.com.br\/litoralsp\/wp-content\/uploads\/sites\/3\/2021\/05\/imgs-lote-coronavac-1405-frame-29.jpeg","width":984,"height":554,"caption":"Governo de S\u00e3o Paulo segue com as negocia\u00e7\u00f5es para obter a libera\u00e7\u00e3o da mat\u00e9ria prima."},{"@type":"WebSite","@id":"https:\/\/redenoticiaz.com.br\/litoralsp\/#website","url":"https:\/\/redenoticiaz.com.br\/litoralsp\/","name":"Litoral SP","description":"Rede NoticiaZ","publisher":{"@id":"https:\/\/redenoticiaz.com.br\/litoralsp\/#organization"},"potentialAction":[{"@type":"SearchAction","target":{"@type":"EntryPoint","urlTemplate":"https:\/\/redenoticiaz.com.br\/litoralsp\/?s={search_term_string}"},"query-input":{"@type":"PropertyValueSpecification","valueRequired":true,"valueName":"search_term_string"}}],"inLanguage":"pt-BR"},{"@type":"Organization","@id":"https:\/\/redenoticiaz.com.br\/litoralsp\/#organization","name":"Litoral SP","url":"https:\/\/redenoticiaz.com.br\/litoralsp\/","logo":{"@type":"ImageObject","inLanguage":"pt-BR","@id":"https:\/\/redenoticiaz.com.br\/litoralsp\/#\/schema\/logo\/image\/","url":"https:\/\/redenoticiaz.com.br\/litoralsp\/wp-content\/uploads\/sites\/3\/2020\/11\/logo.jpg","contentUrl":"https:\/\/redenoticiaz.com.br\/litoralsp\/wp-content\/uploads\/sites\/3\/2020\/11\/logo.jpg","width":400,"height":250,"caption":"Litoral SP"},"image":{"@id":"https:\/\/redenoticiaz.com.br\/litoralsp\/#\/schema\/logo\/image\/"}},{"@type":"Person","@id":"https:\/\/redenoticiaz.com.br\/litoralsp\/#\/schema\/person\/0f0b8a5bdafefe82841e07ae8d81ecb3","name":"Leonardo Francisco","image":{"@type":"ImageObject","inLanguage":"pt-BR","@id":"https:\/\/secure.gravatar.com\/avatar\/a7358cb406a99b682ec6df1e77e31ae82e63601f6784e8a3df411d72b37864da?s=96&d=mm&r=g","url":"https:\/\/secure.gravatar.com\/avatar\/a7358cb406a99b682ec6df1e77e31ae82e63601f6784e8a3df411d72b37864da?s=96&d=mm&r=g","contentUrl":"https:\/\/secure.gravatar.com\/avatar\/a7358cb406a99b682ec6df1e77e31ae82e63601f6784e8a3df411d72b37864da?s=96&d=mm&r=g","caption":"Leonardo Francisco"},"url":"https:\/\/redenoticiaz.com.br\/litoralsp\/author\/leonardo-francisco"}]}},"_links":{"self":[{"href":"https:\/\/redenoticiaz.com.br\/litoralsp\/wp-json\/wp\/v2\/posts\/8579","targetHints":{"allow":["GET"]}}],"collection":[{"href":"https:\/\/redenoticiaz.com.br\/litoralsp\/wp-json\/wp\/v2\/posts"}],"about":[{"href":"https:\/\/redenoticiaz.com.br\/litoralsp\/wp-json\/wp\/v2\/types\/post"}],"author":[{"embeddable":true,"href":"https:\/\/redenoticiaz.com.br\/litoralsp\/wp-json\/wp\/v2\/users\/6"}],"replies":[{"embeddable":true,"href":"https:\/\/redenoticiaz.com.br\/litoralsp\/wp-json\/wp\/v2\/comments?post=8579"}],"version-history":[{"count":1,"href":"https:\/\/redenoticiaz.com.br\/litoralsp\/wp-json\/wp\/v2\/posts\/8579\/revisions"}],"predecessor-version":[{"id":8581,"href":"https:\/\/redenoticiaz.com.br\/litoralsp\/wp-json\/wp\/v2\/posts\/8579\/revisions\/8581"}],"wp:featuredmedia":[{"embeddable":true,"href":"https:\/\/redenoticiaz.com.br\/litoralsp\/wp-json\/wp\/v2\/media\/8580"}],"wp:attachment":[{"href":"https:\/\/redenoticiaz.com.br\/litoralsp\/wp-json\/wp\/v2\/media?parent=8579"}],"wp:term":[{"taxonomy":"category","embeddable":true,"href":"https:\/\/redenoticiaz.com.br\/litoralsp\/wp-json\/wp\/v2\/categories?post=8579"},{"taxonomy":"post_tag","embeddable":true,"href":"https:\/\/redenoticiaz.com.br\/litoralsp\/wp-json\/wp\/v2\/tags?post=8579"}],"curies":[{"name":"wp","href":"https:\/\/api.w.org\/{rel}","templated":true}]}}