{"id":85822,"date":"2022-06-12T10:00:28","date_gmt":"2022-06-12T13:00:28","guid":{"rendered":"https:\/\/redenoticiaz.com.br\/litoralsp\/?p=85822"},"modified":"2022-06-09T16:59:58","modified_gmt":"2022-06-09T19:59:58","slug":"curso-gratuito-tem-foco-em-aumentar-participacao-de-jovens-de-baixa-renda-em-cursos-de-pos-graduacao-no-exterior","status":"publish","type":"post","link":"https:\/\/redenoticiaz.com.br\/litoralsp\/2022\/06\/12\/curso-gratuito-tem-foco-em-aumentar-participacao-de-jovens-de-baixa-renda-em-cursos-de-pos-graduacao-no-exterior","title":{"rendered":"Curso gratuito tem foco em aumentar participa\u00e7\u00e3o de jovens de baixa renda em cursos de p\u00f3s-gradua\u00e7\u00e3o no exterior"},"content":{"rendered":"<p>A\u00a0<strong>Funda\u00e7\u00e3o Estudar<\/strong>\u00a0e a\u00a0<strong>Funda\u00e7\u00e3o Lemann<\/strong>\u00a0se uniram para lan\u00e7ar o\u00a0<strong>Prep P\u00f3s-Gradua\u00e7\u00e3o<\/strong>, o primeiro curso online e gratuito que prepara jovens que sonham em fazer uma p\u00f3s-gradua\u00e7\u00e3o em outro pa\u00eds, mas n\u00e3o sabem por onde come\u00e7ar. A iniciativa tem como objetivo ampliar o acesso dos brasileiros \u00e0 educa\u00e7\u00e3o no exterior, especialmente entre jovens pretos, pardos e de baixa renda. Os interessados podem efetuar a inscri\u00e7\u00e3o neste<a href=\"https:\/\/s2206.publisher-pr.com\/link.php?code=bDpodHRwcyUzQSUyRiUyRm1hdGVyaWFpcy5lc3R1ZGFyZm9yYS5vcmcuYnIlMkZjdXJzby1wcmVwLXBvcy1ncmFkdWFjYW8lMkYlM0Z1dG1fc291cmNlJTNEUFIlMjZvcmlnZW0lM0RQUiUyNnV0bV9tZWRpdW0lM0RyZWZlcnJhbCUyNm1laW8lM0RyZWZlcnJhbCUyNnV0bV9jYW1wYWlnbiUzRGRpdi1wcmVwLXBvcyUyNmNhbXBhbmhhJTNEZGl2LXByZXAtcG9zJTI2cmVmZXJyYWwlM0RQUi1yZWZlcnJhbC1kaXYtcHJlcC1wb3M6MzczMTM2Mjc4NDptYXJjZWwuYW5kcmFkZUBsb3VyZXMuY29tLmJyOjk0NTJhZjoxNg==\" target=\"_blank\" rel=\"noopener noreferrer\">\u00a0link<\/a>. Qualquer pessoa pode participar.<br \/>\nCom 12 horas de conte\u00fado gravado, mentorias e workshops ao vivo, o Prep P\u00f3s re\u00fane todo o conhecimento necess\u00e1rio para desmistificar o processo de aplica\u00e7\u00e3o de um curso de p\u00f3s-gradua\u00e7\u00e3o no exterior. S\u00e3o abordados pontos como: possibilidades de bolsas, dicas de redu\u00e7\u00e3o de custos de candidatura, estrutura dos testes de idiomas, cartas de recomenda\u00e7\u00e3o e marketing pessoal.<br \/>\n<em>&#8220;\u00c9 necess\u00e1rio apoiar os brasileiros nesse processo, ampliando as chances de serem bem-sucedidos e conseguirem vivenciar a experi\u00eancia de estudar fora. Queremos que mais jovens se sintam inspirados e motivados a considerarem este caminho, sabendo que \u00e9 uma possibilidade que est\u00e1 ao alcance deles&#8221;<\/em>. destaca Juliana Kagami, coordenadora de Estudos no Exterior da Funda\u00e7\u00e3o Estudar e facilitadora do curso, ao lado de Giovanni Rocha, PhD Fellow da Universidade da Pensilv\u00e2nia.<\/p>\n<h4><strong>Estrutura do curso<\/strong><\/h4>\n<p>O Prep P\u00f3s ser\u00e1 dividido em dois blocos: decis\u00e3o e execu\u00e7\u00e3o. O primeiro aborda barreiras comuns em rela\u00e7\u00e3o \u00e0 p\u00f3s-gradua\u00e7\u00e3o no exterior, como o desafio de aprender ingl\u00eas e op\u00e7\u00f5es de bolsas de estudos, ao passo que conduz o estudante atrav\u00e9s da tomada de decis\u00e3o sobre se candidatar para uma p\u00f3s-gradua\u00e7\u00e3o no exterior. J\u00e1 o segundo contempla t\u00f3picos mais pr\u00e1ticos de todo o processo, trazendo informa\u00e7\u00f5es sobre documenta\u00e7\u00e3o, reda\u00e7\u00e3o, entrevista, entre outros.<\/p>\n<h4>Informa\u00e7\u00f5es<\/h4>\n<p><strong>Inscri\u00e7\u00f5es: <\/strong>Os interessados j\u00e1 podem efetuar a pr\u00e9-inscri\u00e7\u00e3o por aqui neste<a href=\"https:\/\/s2206.publisher-pr.com\/link.php?code=bDpodHRwcyUzQSUyRiUyRm1hdGVyaWFpcy5lc3R1ZGFyZm9yYS5vcmcuYnIlMkZjdXJzby1wcmVwLXBvcy1ncmFkdWFjYW8lMkYlM0Z1dG1fc291cmNlJTNEUFIlMjZvcmlnZW0lM0RQUiUyNnV0bV9tZWRpdW0lM0RyZWZlcnJhbCUyNm1laW8lM0RyZWZlcnJhbCUyNnV0bV9jYW1wYWlnbiUzRGRpdi1wcmVwLXBvcyUyNmNhbXBhbmhhJTNEZGl2LXByZXAtcG9zJTI2cmVmZXJyYWwlM0RQUi1yZWZlcnJhbC1kaXYtcHJlcC1wb3M6MzczMTM2Mjc4NDptYXJjZWwuYW5kcmFkZUBsb3VyZXMuY29tLmJyOjk0NTJhZjoxNg==\" target=\"_blank\" rel=\"noopener noreferrer\">\u00a0link<\/a>.<br \/>\n<strong>P\u00fablico: <\/strong>N\u00e3o h\u00e1 restri\u00e7\u00f5es ou pr\u00e9-requisitos. Direcionado a todos que sonham em fazer uma p\u00f3s-gradua\u00e7\u00e3o no exterior.<br \/>\n<strong>Formato: <\/strong>12 horas de conte\u00fado gravado e workshops ao vivo.<br \/>\n<strong>Valor: <\/strong>100% gratuito.<\/p>\n","protected":false},"excerpt":{"rendered":"<p>A\u00a0Funda\u00e7\u00e3o Estudar\u00a0e a\u00a0Funda\u00e7\u00e3o Lemann\u00a0se uniram para lan\u00e7ar o\u00a0Prep P\u00f3s-Gradua\u00e7\u00e3o, o primeiro curso online e gratuito que prepara jovens que sonham em fazer uma p\u00f3s-gradua\u00e7\u00e3o em outro pa\u00eds, mas n\u00e3o sabem por onde come\u00e7ar. A iniciativa tem como objetivo ampliar o acesso dos brasileiros \u00e0 educa\u00e7\u00e3o no exterior, especialmente entre jovens pretos, pardos e de baixa &hellip;<\/p>\n","protected":false},"author":15,"featured_media":85823,"comment_status":"open","ping_status":"closed","sticky":false,"template":"","format":"standard","meta":{"footnotes":""},"categories":[44],"tags":[57045,36900,16148,9702,9802],"class_list":["post-85822","post","type-post","status-publish","format-standard","has-post-thumbnail","hentry","category-educacao","tag-baixa-renda","tag-curso-gratuito","tag-exterior","tag-jovens","tag-online"],"yoast_head":"<!-- This site is optimized with the Yoast SEO plugin v27.4 - https:\/\/yoast.com\/product\/yoast-seo-wordpress\/ -->\n<title>Curso gratuito tem foco em aumentar participa\u00e7\u00e3o de jovens de baixa renda em cursos de p\u00f3s-gradua\u00e7\u00e3o no exterior - Litoral SP<\/title>\n<meta name=\"description\" content=\"O primeiro curso online e gratuito que prepara jovens que sonham em fazer uma p\u00f3s-gradua\u00e7\u00e3o em outro pa\u00eds, mas n\u00e3o sabem por onde come\u00e7ar.\" \/>\n<meta name=\"robots\" content=\"index, follow, max-snippet:-1, max-image-preview:large, max-video-preview:-1\" \/>\n<link rel=\"canonical\" href=\"https:\/\/redenoticiaz.com.br\/litoralsp\/2022\/06\/12\/curso-gratuito-tem-foco-em-aumentar-participacao-de-jovens-de-baixa-renda-em-cursos-de-pos-graduacao-no-exterior\" \/>\n<meta property=\"og:locale\" content=\"pt_BR\" \/>\n<meta property=\"og:type\" content=\"article\" \/>\n<meta property=\"og:title\" content=\"Curso gratuito tem foco em aumentar participa\u00e7\u00e3o de jovens de baixa renda em cursos de p\u00f3s-gradua\u00e7\u00e3o no exterior - Litoral SP\" \/>\n<meta property=\"og:description\" content=\"O primeiro curso online e gratuito que prepara jovens que sonham em fazer uma p\u00f3s-gradua\u00e7\u00e3o em outro pa\u00eds, mas n\u00e3o sabem por onde come\u00e7ar.\" \/>\n<meta property=\"og:url\" content=\"https:\/\/redenoticiaz.com.br\/litoralsp\/2022\/06\/12\/curso-gratuito-tem-foco-em-aumentar-participacao-de-jovens-de-baixa-renda-em-cursos-de-pos-graduacao-no-exterior\" \/>\n<meta property=\"og:site_name\" content=\"Litoral SP\" \/>\n<meta property=\"article:published_time\" content=\"2022-06-12T13:00:28+00:00\" \/>\n<meta property=\"og:image\" content=\"https:\/\/redenoticiaz.com.br\/litoralsp\/wp-content\/uploads\/sites\/3\/2022\/06\/university-students-studying-with-teacher-2022-02-02-04-49-53-utc-scaled.jpg\" \/>\n\t<meta property=\"og:image:width\" content=\"1620\" \/>\n\t<meta property=\"og:image:height\" content=\"1080\" \/>\n\t<meta property=\"og:image:type\" content=\"image\/jpeg\" \/>\n<meta name=\"twitter:card\" content=\"summary_large_image\" \/>\n<meta name=\"twitter:label1\" content=\"Escrito por\" \/>\n\t<meta name=\"twitter:data1\" content=\"\" \/>\n\t<meta name=\"twitter:label2\" content=\"Est. tempo de leitura\" \/>\n\t<meta name=\"twitter:data2\" content=\"2 minutos\" \/>\n<script type=\"application\/ld+json\" class=\"yoast-schema-graph\">{\"@context\":\"https:\\\/\\\/schema.org\",\"@graph\":[{\"@type\":\"Article\",\"@id\":\"https:\\\/\\\/redenoticiaz.com.br\\\/litoralsp\\\/2022\\\/06\\\/12\\\/curso-gratuito-tem-foco-em-aumentar-participacao-de-jovens-de-baixa-renda-em-cursos-de-pos-graduacao-no-exterior#article\",\"isPartOf\":{\"@id\":\"https:\\\/\\\/redenoticiaz.com.br\\\/litoralsp\\\/2022\\\/06\\\/12\\\/curso-gratuito-tem-foco-em-aumentar-participacao-de-jovens-de-baixa-renda-em-cursos-de-pos-graduacao-no-exterior\"},\"author\":{\"name\":\"\",\"@id\":\"\"},\"headline\":\"Curso gratuito tem foco em aumentar participa\u00e7\u00e3o de jovens de baixa renda em cursos de p\u00f3s-gradua\u00e7\u00e3o no exterior\",\"datePublished\":\"2022-06-12T13:00:28+00:00\",\"mainEntityOfPage\":{\"@id\":\"https:\\\/\\\/redenoticiaz.com.br\\\/litoralsp\\\/2022\\\/06\\\/12\\\/curso-gratuito-tem-foco-em-aumentar-participacao-de-jovens-de-baixa-renda-em-cursos-de-pos-graduacao-no-exterior\"},\"wordCount\":386,\"commentCount\":0,\"publisher\":{\"@id\":\"https:\\\/\\\/redenoticiaz.com.br\\\/litoralsp\\\/#organization\"},\"image\":{\"@id\":\"https:\\\/\\\/redenoticiaz.com.br\\\/litoralsp\\\/2022\\\/06\\\/12\\\/curso-gratuito-tem-foco-em-aumentar-participacao-de-jovens-de-baixa-renda-em-cursos-de-pos-graduacao-no-exterior#primaryimage\"},\"thumbnailUrl\":\"https:\\\/\\\/redenoticiaz.com.br\\\/litoralsp\\\/wp-content\\\/uploads\\\/sites\\\/3\\\/2022\\\/06\\\/university-students-studying-with-teacher-2022-02-02-04-49-53-utc-scaled.jpg\",\"keywords\":[\"BAIXA RENDA\",\"CURSO GRATUITO\",\"EXTERIOR\",\"JOVENS\",\"ONLINE\"],\"articleSection\":[\"Educa\u00e7\u00e3o\"],\"inLanguage\":\"pt-BR\",\"potentialAction\":[{\"@type\":\"CommentAction\",\"name\":\"Comment\",\"target\":[\"https:\\\/\\\/redenoticiaz.com.br\\\/litoralsp\\\/2022\\\/06\\\/12\\\/curso-gratuito-tem-foco-em-aumentar-participacao-de-jovens-de-baixa-renda-em-cursos-de-pos-graduacao-no-exterior#respond\"]}]},{\"@type\":\"WebPage\",\"@id\":\"https:\\\/\\\/redenoticiaz.com.br\\\/litoralsp\\\/2022\\\/06\\\/12\\\/curso-gratuito-tem-foco-em-aumentar-participacao-de-jovens-de-baixa-renda-em-cursos-de-pos-graduacao-no-exterior\",\"url\":\"https:\\\/\\\/redenoticiaz.com.br\\\/litoralsp\\\/2022\\\/06\\\/12\\\/curso-gratuito-tem-foco-em-aumentar-participacao-de-jovens-de-baixa-renda-em-cursos-de-pos-graduacao-no-exterior\",\"name\":\"Curso gratuito tem foco em aumentar participa\u00e7\u00e3o de jovens de baixa renda em cursos de p\u00f3s-gradua\u00e7\u00e3o no exterior - Litoral SP\",\"isPartOf\":{\"@id\":\"https:\\\/\\\/redenoticiaz.com.br\\\/litoralsp\\\/#website\"},\"primaryImageOfPage\":{\"@id\":\"https:\\\/\\\/redenoticiaz.com.br\\\/litoralsp\\\/2022\\\/06\\\/12\\\/curso-gratuito-tem-foco-em-aumentar-participacao-de-jovens-de-baixa-renda-em-cursos-de-pos-graduacao-no-exterior#primaryimage\"},\"image\":{\"@id\":\"https:\\\/\\\/redenoticiaz.com.br\\\/litoralsp\\\/2022\\\/06\\\/12\\\/curso-gratuito-tem-foco-em-aumentar-participacao-de-jovens-de-baixa-renda-em-cursos-de-pos-graduacao-no-exterior#primaryimage\"},\"thumbnailUrl\":\"https:\\\/\\\/redenoticiaz.com.br\\\/litoralsp\\\/wp-content\\\/uploads\\\/sites\\\/3\\\/2022\\\/06\\\/university-students-studying-with-teacher-2022-02-02-04-49-53-utc-scaled.jpg\",\"datePublished\":\"2022-06-12T13:00:28+00:00\",\"description\":\"O primeiro curso online e gratuito que prepara jovens que sonham em fazer uma p\u00f3s-gradua\u00e7\u00e3o em outro pa\u00eds, mas n\u00e3o sabem por onde come\u00e7ar.\",\"inLanguage\":\"pt-BR\",\"potentialAction\":[{\"@type\":\"ReadAction\",\"target\":[\"https:\\\/\\\/redenoticiaz.com.br\\\/litoralsp\\\/2022\\\/06\\\/12\\\/curso-gratuito-tem-foco-em-aumentar-participacao-de-jovens-de-baixa-renda-em-cursos-de-pos-graduacao-no-exterior\"]}]},{\"@type\":\"ImageObject\",\"inLanguage\":\"pt-BR\",\"@id\":\"https:\\\/\\\/redenoticiaz.com.br\\\/litoralsp\\\/2022\\\/06\\\/12\\\/curso-gratuito-tem-foco-em-aumentar-participacao-de-jovens-de-baixa-renda-em-cursos-de-pos-graduacao-no-exterior#primaryimage\",\"url\":\"https:\\\/\\\/redenoticiaz.com.br\\\/litoralsp\\\/wp-content\\\/uploads\\\/sites\\\/3\\\/2022\\\/06\\\/university-students-studying-with-teacher-2022-02-02-04-49-53-utc-scaled.jpg\",\"contentUrl\":\"https:\\\/\\\/redenoticiaz.com.br\\\/litoralsp\\\/wp-content\\\/uploads\\\/sites\\\/3\\\/2022\\\/06\\\/university-students-studying-with-teacher-2022-02-02-04-49-53-utc-scaled.jpg\",\"width\":1620,\"height\":1080,\"caption\":\"Curso gratuito e online. Cr\u00e9dito: Divulga\u00e7\u00e3o\"},{\"@type\":\"WebSite\",\"@id\":\"https:\\\/\\\/redenoticiaz.com.br\\\/litoralsp\\\/#website\",\"url\":\"https:\\\/\\\/redenoticiaz.com.br\\\/litoralsp\\\/\",\"name\":\"Litoral SP\",\"description\":\"Rede NoticiaZ\",\"publisher\":{\"@id\":\"https:\\\/\\\/redenoticiaz.com.br\\\/litoralsp\\\/#organization\"},\"potentialAction\":[{\"@type\":\"SearchAction\",\"target\":{\"@type\":\"EntryPoint\",\"urlTemplate\":\"https:\\\/\\\/redenoticiaz.com.br\\\/litoralsp\\\/?s={search_term_string}\"},\"query-input\":{\"@type\":\"PropertyValueSpecification\",\"valueRequired\":true,\"valueName\":\"search_term_string\"}}],\"inLanguage\":\"pt-BR\"},{\"@type\":\"Organization\",\"@id\":\"https:\\\/\\\/redenoticiaz.com.br\\\/litoralsp\\\/#organization\",\"name\":\"Litoral SP\",\"url\":\"https:\\\/\\\/redenoticiaz.com.br\\\/litoralsp\\\/\",\"logo\":{\"@type\":\"ImageObject\",\"inLanguage\":\"pt-BR\",\"@id\":\"https:\\\/\\\/redenoticiaz.com.br\\\/litoralsp\\\/#\\\/schema\\\/logo\\\/image\\\/\",\"url\":\"https:\\\/\\\/redenoticiaz.com.br\\\/litoralsp\\\/wp-content\\\/uploads\\\/sites\\\/3\\\/2020\\\/11\\\/logo.jpg\",\"contentUrl\":\"https:\\\/\\\/redenoticiaz.com.br\\\/litoralsp\\\/wp-content\\\/uploads\\\/sites\\\/3\\\/2020\\\/11\\\/logo.jpg\",\"width\":400,\"height\":250,\"caption\":\"Litoral SP\"},\"image\":{\"@id\":\"https:\\\/\\\/redenoticiaz.com.br\\\/litoralsp\\\/#\\\/schema\\\/logo\\\/image\\\/\"}},{\"@type\":\"Person\",\"@id\":\"\",\"url\":\"https:\\\/\\\/redenoticiaz.com.br\\\/litoralsp\\\/author\"}]}<\/script>\n<!-- \/ Yoast SEO plugin. -->","yoast_head_json":{"title":"Curso gratuito tem foco em aumentar participa\u00e7\u00e3o de jovens de baixa renda em cursos de p\u00f3s-gradua\u00e7\u00e3o no exterior - Litoral SP","description":"O primeiro curso online e gratuito que prepara jovens que sonham em fazer uma p\u00f3s-gradua\u00e7\u00e3o em outro pa\u00eds, mas n\u00e3o sabem por onde come\u00e7ar.","robots":{"index":"index","follow":"follow","max-snippet":"max-snippet:-1","max-image-preview":"max-image-preview:large","max-video-preview":"max-video-preview:-1"},"canonical":"https:\/\/redenoticiaz.com.br\/litoralsp\/2022\/06\/12\/curso-gratuito-tem-foco-em-aumentar-participacao-de-jovens-de-baixa-renda-em-cursos-de-pos-graduacao-no-exterior","og_locale":"pt_BR","og_type":"article","og_title":"Curso gratuito tem foco em aumentar participa\u00e7\u00e3o de jovens de baixa renda em cursos de p\u00f3s-gradua\u00e7\u00e3o no exterior - Litoral SP","og_description":"O primeiro curso online e gratuito que prepara jovens que sonham em fazer uma p\u00f3s-gradua\u00e7\u00e3o em outro pa\u00eds, mas n\u00e3o sabem por onde come\u00e7ar.","og_url":"https:\/\/redenoticiaz.com.br\/litoralsp\/2022\/06\/12\/curso-gratuito-tem-foco-em-aumentar-participacao-de-jovens-de-baixa-renda-em-cursos-de-pos-graduacao-no-exterior","og_site_name":"Litoral SP","article_published_time":"2022-06-12T13:00:28+00:00","og_image":[{"width":1620,"height":1080,"url":"https:\/\/redenoticiaz.com.br\/litoralsp\/wp-content\/uploads\/sites\/3\/2022\/06\/university-students-studying-with-teacher-2022-02-02-04-49-53-utc-scaled.jpg","type":"image\/jpeg"}],"twitter_card":"summary_large_image","twitter_misc":{"Escrito por":"","Est. tempo de leitura":"2 minutos"},"schema":{"@context":"https:\/\/schema.org","@graph":[{"@type":"Article","@id":"https:\/\/redenoticiaz.com.br\/litoralsp\/2022\/06\/12\/curso-gratuito-tem-foco-em-aumentar-participacao-de-jovens-de-baixa-renda-em-cursos-de-pos-graduacao-no-exterior#article","isPartOf":{"@id":"https:\/\/redenoticiaz.com.br\/litoralsp\/2022\/06\/12\/curso-gratuito-tem-foco-em-aumentar-participacao-de-jovens-de-baixa-renda-em-cursos-de-pos-graduacao-no-exterior"},"author":{"name":"","@id":""},"headline":"Curso gratuito tem foco em aumentar participa\u00e7\u00e3o de jovens de baixa renda em cursos de p\u00f3s-gradua\u00e7\u00e3o no exterior","datePublished":"2022-06-12T13:00:28+00:00","mainEntityOfPage":{"@id":"https:\/\/redenoticiaz.com.br\/litoralsp\/2022\/06\/12\/curso-gratuito-tem-foco-em-aumentar-participacao-de-jovens-de-baixa-renda-em-cursos-de-pos-graduacao-no-exterior"},"wordCount":386,"commentCount":0,"publisher":{"@id":"https:\/\/redenoticiaz.com.br\/litoralsp\/#organization"},"image":{"@id":"https:\/\/redenoticiaz.com.br\/litoralsp\/2022\/06\/12\/curso-gratuito-tem-foco-em-aumentar-participacao-de-jovens-de-baixa-renda-em-cursos-de-pos-graduacao-no-exterior#primaryimage"},"thumbnailUrl":"https:\/\/redenoticiaz.com.br\/litoralsp\/wp-content\/uploads\/sites\/3\/2022\/06\/university-students-studying-with-teacher-2022-02-02-04-49-53-utc-scaled.jpg","keywords":["BAIXA RENDA","CURSO GRATUITO","EXTERIOR","JOVENS","ONLINE"],"articleSection":["Educa\u00e7\u00e3o"],"inLanguage":"pt-BR","potentialAction":[{"@type":"CommentAction","name":"Comment","target":["https:\/\/redenoticiaz.com.br\/litoralsp\/2022\/06\/12\/curso-gratuito-tem-foco-em-aumentar-participacao-de-jovens-de-baixa-renda-em-cursos-de-pos-graduacao-no-exterior#respond"]}]},{"@type":"WebPage","@id":"https:\/\/redenoticiaz.com.br\/litoralsp\/2022\/06\/12\/curso-gratuito-tem-foco-em-aumentar-participacao-de-jovens-de-baixa-renda-em-cursos-de-pos-graduacao-no-exterior","url":"https:\/\/redenoticiaz.com.br\/litoralsp\/2022\/06\/12\/curso-gratuito-tem-foco-em-aumentar-participacao-de-jovens-de-baixa-renda-em-cursos-de-pos-graduacao-no-exterior","name":"Curso gratuito tem foco em aumentar participa\u00e7\u00e3o de jovens de baixa renda em cursos de p\u00f3s-gradua\u00e7\u00e3o no exterior - Litoral SP","isPartOf":{"@id":"https:\/\/redenoticiaz.com.br\/litoralsp\/#website"},"primaryImageOfPage":{"@id":"https:\/\/redenoticiaz.com.br\/litoralsp\/2022\/06\/12\/curso-gratuito-tem-foco-em-aumentar-participacao-de-jovens-de-baixa-renda-em-cursos-de-pos-graduacao-no-exterior#primaryimage"},"image":{"@id":"https:\/\/redenoticiaz.com.br\/litoralsp\/2022\/06\/12\/curso-gratuito-tem-foco-em-aumentar-participacao-de-jovens-de-baixa-renda-em-cursos-de-pos-graduacao-no-exterior#primaryimage"},"thumbnailUrl":"https:\/\/redenoticiaz.com.br\/litoralsp\/wp-content\/uploads\/sites\/3\/2022\/06\/university-students-studying-with-teacher-2022-02-02-04-49-53-utc-scaled.jpg","datePublished":"2022-06-12T13:00:28+00:00","description":"O primeiro curso online e gratuito que prepara jovens que sonham em fazer uma p\u00f3s-gradua\u00e7\u00e3o em outro pa\u00eds, mas n\u00e3o sabem por onde come\u00e7ar.","inLanguage":"pt-BR","potentialAction":[{"@type":"ReadAction","target":["https:\/\/redenoticiaz.com.br\/litoralsp\/2022\/06\/12\/curso-gratuito-tem-foco-em-aumentar-participacao-de-jovens-de-baixa-renda-em-cursos-de-pos-graduacao-no-exterior"]}]},{"@type":"ImageObject","inLanguage":"pt-BR","@id":"https:\/\/redenoticiaz.com.br\/litoralsp\/2022\/06\/12\/curso-gratuito-tem-foco-em-aumentar-participacao-de-jovens-de-baixa-renda-em-cursos-de-pos-graduacao-no-exterior#primaryimage","url":"https:\/\/redenoticiaz.com.br\/litoralsp\/wp-content\/uploads\/sites\/3\/2022\/06\/university-students-studying-with-teacher-2022-02-02-04-49-53-utc-scaled.jpg","contentUrl":"https:\/\/redenoticiaz.com.br\/litoralsp\/wp-content\/uploads\/sites\/3\/2022\/06\/university-students-studying-with-teacher-2022-02-02-04-49-53-utc-scaled.jpg","width":1620,"height":1080,"caption":"Curso gratuito e online. Cr\u00e9dito: Divulga\u00e7\u00e3o"},{"@type":"WebSite","@id":"https:\/\/redenoticiaz.com.br\/litoralsp\/#website","url":"https:\/\/redenoticiaz.com.br\/litoralsp\/","name":"Litoral SP","description":"Rede NoticiaZ","publisher":{"@id":"https:\/\/redenoticiaz.com.br\/litoralsp\/#organization"},"potentialAction":[{"@type":"SearchAction","target":{"@type":"EntryPoint","urlTemplate":"https:\/\/redenoticiaz.com.br\/litoralsp\/?s={search_term_string}"},"query-input":{"@type":"PropertyValueSpecification","valueRequired":true,"valueName":"search_term_string"}}],"inLanguage":"pt-BR"},{"@type":"Organization","@id":"https:\/\/redenoticiaz.com.br\/litoralsp\/#organization","name":"Litoral SP","url":"https:\/\/redenoticiaz.com.br\/litoralsp\/","logo":{"@type":"ImageObject","inLanguage":"pt-BR","@id":"https:\/\/redenoticiaz.com.br\/litoralsp\/#\/schema\/logo\/image\/","url":"https:\/\/redenoticiaz.com.br\/litoralsp\/wp-content\/uploads\/sites\/3\/2020\/11\/logo.jpg","contentUrl":"https:\/\/redenoticiaz.com.br\/litoralsp\/wp-content\/uploads\/sites\/3\/2020\/11\/logo.jpg","width":400,"height":250,"caption":"Litoral SP"},"image":{"@id":"https:\/\/redenoticiaz.com.br\/litoralsp\/#\/schema\/logo\/image\/"}},{"@type":"Person","@id":"","url":"https:\/\/redenoticiaz.com.br\/litoralsp\/author"}]}},"_links":{"self":[{"href":"https:\/\/redenoticiaz.com.br\/litoralsp\/wp-json\/wp\/v2\/posts\/85822","targetHints":{"allow":["GET"]}}],"collection":[{"href":"https:\/\/redenoticiaz.com.br\/litoralsp\/wp-json\/wp\/v2\/posts"}],"about":[{"href":"https:\/\/redenoticiaz.com.br\/litoralsp\/wp-json\/wp\/v2\/types\/post"}],"author":[{"embeddable":true,"href":"https:\/\/redenoticiaz.com.br\/litoralsp\/wp-json\/wp\/v2\/users\/15"}],"replies":[{"embeddable":true,"href":"https:\/\/redenoticiaz.com.br\/litoralsp\/wp-json\/wp\/v2\/comments?post=85822"}],"version-history":[{"count":0,"href":"https:\/\/redenoticiaz.com.br\/litoralsp\/wp-json\/wp\/v2\/posts\/85822\/revisions"}],"wp:featuredmedia":[{"embeddable":true,"href":"https:\/\/redenoticiaz.com.br\/litoralsp\/wp-json\/wp\/v2\/media\/85823"}],"wp:attachment":[{"href":"https:\/\/redenoticiaz.com.br\/litoralsp\/wp-json\/wp\/v2\/media?parent=85822"}],"wp:term":[{"taxonomy":"category","embeddable":true,"href":"https:\/\/redenoticiaz.com.br\/litoralsp\/wp-json\/wp\/v2\/categories?post=85822"},{"taxonomy":"post_tag","embeddable":true,"href":"https:\/\/redenoticiaz.com.br\/litoralsp\/wp-json\/wp\/v2\/tags?post=85822"}],"curies":[{"name":"wp","href":"https:\/\/api.w.org\/{rel}","templated":true}]}}