{"id":85850,"date":"2022-06-10T10:35:31","date_gmt":"2022-06-10T13:35:31","guid":{"rendered":"https:\/\/redenoticiaz.com.br\/litoralsp\/?p=85850"},"modified":"2022-06-10T10:35:31","modified_gmt":"2022-06-10T13:35:31","slug":"proposta-de-emenda-pode-garantir-isencao-do-pagamento-de-estacionamento-aos-vereadores-de-santos","status":"publish","type":"post","link":"https:\/\/redenoticiaz.com.br\/litoralsp\/2022\/06\/10\/proposta-de-emenda-pode-garantir-isencao-do-pagamento-de-estacionamento-aos-vereadores-de-santos","title":{"rendered":"Proposta de emenda pode garantir isen\u00e7\u00e3o do pagamento de estacionamento aos vereadores de Santos"},"content":{"rendered":"<p>Surgiu na C\u00e2mara de <a href=\"https:\/\/www.santos.sp.gov.br\/\">Santos<\/a> uma proposta de emenda \u00e0 Lei Org\u00e2nica que pode <strong>isentar os vereadores de pagamento das vagas da Zona Azul<\/strong>, mas enquanto os parlamentares estiverem trabalhando. De acordo com o regimento interno da C\u00e2mara, por ser uma proposta de emenda \u00e0 Lei Org\u00e2nica, n\u00e3o h\u00e1 necessidade de passar pela san\u00e7\u00e3o ou veto do prefeito.<\/p>\n<div class=\"wall protected-content\">\n<div class=\"mc-column content-text active-extra-styles \" data-block-type=\"unstyled\" data-block-weight=\"24\" data-block-id=\"3\">\n<p class=\"content-text__container \" data-track-category=\"Link no Texto\" data-track-links=\"\">A emenda ainda n\u00e3o foi aprovada. Para ser promulgada, ela deve ter aprova\u00e7\u00e3o de 14 vereadores. Ou seja, ela corresponde a dois ter\u00e7os dos parlamentares.<\/p>\n<\/div>\n<div class=\"mc-column content-text active-extra-styles \" data-block-type=\"unstyled\" data-block-weight=\"53\" data-block-id=\"4\">\n<p class=\"content-text__container \" data-track-category=\"Link no Texto\" data-track-links=\"\">A emenda acrescenta um par\u00e1grafo ao artigo 19 da Lei Org\u00e2nica de\u00a0Santos. Nele, a proposta \u00e9 que &#8220;os vereadores ser\u00e3o exclu\u00eddos das restri\u00e7\u00f5es municipais quanto \u00e0 circula\u00e7\u00e3o de ve\u00edculos automotores e ter\u00e3o isen\u00e7\u00e3o do pagamento de estacionamento nos logradouros p\u00fablicos [ruas] ou em garagens municipais, quando no exerc\u00edcio de sua fun\u00e7\u00e3o constitucional&#8221;.<\/p>\n<h3 data-track-category=\"Link no Texto\">Saiba o <strong>que<\/strong> \u00e9 a Zona Azul de Santos<\/h3>\n<div class=\"mc-column content-text active-extra-styles \" data-block-type=\"unstyled\" data-block-weight=\"28\" data-block-id=\"8\">\n<p class=\"content-text__container \" data-track-category=\"Link no Texto\" data-track-links=\"\">A Zona Azul foi implantada em\u00a0Santos\u00a0para gerar rotatividade. No sistema, o motorista escolhe o tempo que deixar\u00e1 o carro estacionado e paga um valor correspondente.<\/p>\n<\/div>\n<div class=\"mc-column content-text active-extra-styles \" data-block-type=\"unstyled\" data-block-weight=\"33\" data-block-id=\"9\">\n<p class=\"content-text__container \" data-track-category=\"Link no Texto\" data-track-links=\"\">Para estacionar por uma hora o valor \u00e9 R$ 2,50. Uma hora e meia, R$ 3,75, e duas horas, R$ 5. A compra do ticket pode ser feita por aplicativo no celular.<\/p>\n<\/div>\n<div class=\"mc-column content-text active-extra-styles \" data-block-type=\"unstyled\" data-block-weight=\"47\" data-block-id=\"10\">\n<p class=\"content-text__container \" data-track-category=\"Link no Texto\" data-track-links=\"\">Atualmente, a Zona Azul tem 1.672 vagas regulamentadas em\u00a0Santos. Elas est\u00e3o espalhadas pelo Centro, Vila Matias, Gonzaga e Boqueir\u00e3o. A proposta de emenda gerou certa pol\u00eamica na cidade. Moradores alegaram achar injusta a possibilidade dos parlamentares n\u00e3o pagarem pelo estacionamento rotativo, devido \u00e0 condi\u00e7\u00e3o financeira deles.<\/p>\n<p data-track-category=\"Link no Texto\" data-track-links=\"\"><strong>LEIA TAMB\u00c9M<\/strong><\/p>\n<p data-track-category=\"Link no Texto\" data-track-links=\"\"><a href=\"https:\/\/redenoticiaz.com.br\/litoralsp\/2022\/06\/09\/praia-grande-supera-marca-de-800-mil-vacinas-contra-covid-19-aplicadas\">Praia Grande supera marca de 800 mil vacinas contra Covid-19 aplicadas<\/a><\/p>\n<\/div>\n<\/div>\n<\/div>\n","protected":false},"excerpt":{"rendered":"<p>Surgiu na C\u00e2mara de Santos uma proposta de emenda \u00e0 Lei Org\u00e2nica que pode isentar os vereadores de pagamento das vagas da Zona Azul, mas enquanto os parlamentares estiverem trabalhando. De acordo com o regimento interno da C\u00e2mara, por ser uma proposta de emenda \u00e0 Lei Org\u00e2nica, n\u00e3o h\u00e1 necessidade de passar pela san\u00e7\u00e3o ou &hellip;<\/p>\n","protected":false},"author":6,"featured_media":85851,"comment_status":"open","ping_status":"closed","sticky":false,"template":"","format":"standard","meta":{"footnotes":""},"categories":[180,5],"tags":[14253,57062,57063,986,826],"class_list":["post-85850","post","type-post","status-publish","format-standard","has-post-thumbnail","hentry","category-santos","category-transito","tag-camara-municipal","tag-emenda-a-lei-organica","tag-isencao-de-estacionamento-rotativo","tag-santos","tag-vereadores"],"yoast_head":"<!-- This site is optimized with the Yoast SEO plugin v27.5 - https:\/\/yoast.com\/product\/yoast-seo-wordpress\/ -->\n<title>Proposta de emenda pode garantir isen\u00e7\u00e3o do pagamento de estacionamento aos vereadores de Santos - Litoral SP<\/title>\n<meta name=\"description\" content=\"C\u00e2mara de Santos uma proposta de emenda \u00e0 Lei Org\u00e2nica que pode isentar os vereadores de pagamento das vagas da Zona Azul, mas\" \/>\n<meta name=\"robots\" content=\"index, follow, max-snippet:-1, max-image-preview:large, max-video-preview:-1\" \/>\n<link rel=\"canonical\" href=\"https:\/\/redenoticiaz.com.br\/litoralsp\/2022\/06\/10\/proposta-de-emenda-pode-garantir-isencao-do-pagamento-de-estacionamento-aos-vereadores-de-santos\" \/>\n<meta property=\"og:locale\" content=\"pt_BR\" \/>\n<meta property=\"og:type\" content=\"article\" \/>\n<meta property=\"og:title\" content=\"Proposta de emenda pode garantir isen\u00e7\u00e3o do pagamento de estacionamento aos vereadores de Santos - Litoral SP\" \/>\n<meta property=\"og:description\" content=\"C\u00e2mara de Santos uma proposta de emenda \u00e0 Lei Org\u00e2nica que pode isentar os vereadores de pagamento das vagas da Zona Azul, mas\" \/>\n<meta property=\"og:url\" content=\"https:\/\/redenoticiaz.com.br\/litoralsp\/2022\/06\/10\/proposta-de-emenda-pode-garantir-isencao-do-pagamento-de-estacionamento-aos-vereadores-de-santos\" \/>\n<meta property=\"og:site_name\" content=\"Litoral SP\" \/>\n<meta property=\"article:published_time\" content=\"2022-06-10T13:35:31+00:00\" \/>\n<meta property=\"og:image\" content=\"https:\/\/redenoticiaz.com.br\/litoralsp\/wp-content\/uploads\/sites\/3\/2022\/06\/ZONA-AZUL.jpg\" \/>\n\t<meta property=\"og:image:width\" content=\"1400\" \/>\n\t<meta property=\"og:image:height\" content=\"933\" \/>\n\t<meta property=\"og:image:type\" content=\"image\/jpeg\" \/>\n<meta name=\"author\" content=\"Leonardo Francisco\" \/>\n<meta name=\"twitter:card\" content=\"summary_large_image\" \/>\n<meta name=\"twitter:label1\" content=\"Escrito por\" \/>\n\t<meta name=\"twitter:data1\" content=\"Leonardo Francisco\" \/>\n\t<meta name=\"twitter:label2\" content=\"Est. tempo de leitura\" \/>\n\t<meta name=\"twitter:data2\" content=\"1 minuto\" \/>\n<script type=\"application\/ld+json\" class=\"yoast-schema-graph\">{\"@context\":\"https:\\\/\\\/schema.org\",\"@graph\":[{\"@type\":\"Article\",\"@id\":\"https:\\\/\\\/redenoticiaz.com.br\\\/litoralsp\\\/2022\\\/06\\\/10\\\/proposta-de-emenda-pode-garantir-isencao-do-pagamento-de-estacionamento-aos-vereadores-de-santos#article\",\"isPartOf\":{\"@id\":\"https:\\\/\\\/redenoticiaz.com.br\\\/litoralsp\\\/2022\\\/06\\\/10\\\/proposta-de-emenda-pode-garantir-isencao-do-pagamento-de-estacionamento-aos-vereadores-de-santos\"},\"author\":{\"name\":\"Leonardo Francisco\",\"@id\":\"https:\\\/\\\/redenoticiaz.com.br\\\/litoralsp\\\/#\\\/schema\\\/person\\\/0f0b8a5bdafefe82841e07ae8d81ecb3\"},\"headline\":\"Proposta de emenda pode garantir isen\u00e7\u00e3o do pagamento de estacionamento aos vereadores de Santos\",\"datePublished\":\"2022-06-10T13:35:31+00:00\",\"mainEntityOfPage\":{\"@id\":\"https:\\\/\\\/redenoticiaz.com.br\\\/litoralsp\\\/2022\\\/06\\\/10\\\/proposta-de-emenda-pode-garantir-isencao-do-pagamento-de-estacionamento-aos-vereadores-de-santos\"},\"wordCount\":292,\"commentCount\":0,\"publisher\":{\"@id\":\"https:\\\/\\\/redenoticiaz.com.br\\\/litoralsp\\\/#organization\"},\"image\":{\"@id\":\"https:\\\/\\\/redenoticiaz.com.br\\\/litoralsp\\\/2022\\\/06\\\/10\\\/proposta-de-emenda-pode-garantir-isencao-do-pagamento-de-estacionamento-aos-vereadores-de-santos#primaryimage\"},\"thumbnailUrl\":\"https:\\\/\\\/redenoticiaz.com.br\\\/litoralsp\\\/wp-content\\\/uploads\\\/sites\\\/3\\\/2022\\\/06\\\/ZONA-AZUL.jpg\",\"keywords\":[\"C\u00c2MARA MUNICIPAL\",\"EMENDA A LEI ORG\u00c2NICA\",\"ISEN\u00c7\u00c3O DE ESTACIONAMENTO ROTATIVO\",\"Santos\",\"VEREADORES\"],\"articleSection\":[\"Santos\",\"Tr\u00e2nsito\"],\"inLanguage\":\"pt-BR\",\"potentialAction\":[{\"@type\":\"CommentAction\",\"name\":\"Comment\",\"target\":[\"https:\\\/\\\/redenoticiaz.com.br\\\/litoralsp\\\/2022\\\/06\\\/10\\\/proposta-de-emenda-pode-garantir-isencao-do-pagamento-de-estacionamento-aos-vereadores-de-santos#respond\"]}]},{\"@type\":\"WebPage\",\"@id\":\"https:\\\/\\\/redenoticiaz.com.br\\\/litoralsp\\\/2022\\\/06\\\/10\\\/proposta-de-emenda-pode-garantir-isencao-do-pagamento-de-estacionamento-aos-vereadores-de-santos\",\"url\":\"https:\\\/\\\/redenoticiaz.com.br\\\/litoralsp\\\/2022\\\/06\\\/10\\\/proposta-de-emenda-pode-garantir-isencao-do-pagamento-de-estacionamento-aos-vereadores-de-santos\",\"name\":\"Proposta de emenda pode garantir isen\u00e7\u00e3o do pagamento de estacionamento aos vereadores de Santos - Litoral SP\",\"isPartOf\":{\"@id\":\"https:\\\/\\\/redenoticiaz.com.br\\\/litoralsp\\\/#website\"},\"primaryImageOfPage\":{\"@id\":\"https:\\\/\\\/redenoticiaz.com.br\\\/litoralsp\\\/2022\\\/06\\\/10\\\/proposta-de-emenda-pode-garantir-isencao-do-pagamento-de-estacionamento-aos-vereadores-de-santos#primaryimage\"},\"image\":{\"@id\":\"https:\\\/\\\/redenoticiaz.com.br\\\/litoralsp\\\/2022\\\/06\\\/10\\\/proposta-de-emenda-pode-garantir-isencao-do-pagamento-de-estacionamento-aos-vereadores-de-santos#primaryimage\"},\"thumbnailUrl\":\"https:\\\/\\\/redenoticiaz.com.br\\\/litoralsp\\\/wp-content\\\/uploads\\\/sites\\\/3\\\/2022\\\/06\\\/ZONA-AZUL.jpg\",\"datePublished\":\"2022-06-10T13:35:31+00:00\",\"description\":\"C\u00e2mara de Santos uma proposta de emenda \u00e0 Lei Org\u00e2nica que pode isentar os vereadores de pagamento das vagas da Zona Azul, mas\",\"inLanguage\":\"pt-BR\",\"potentialAction\":[{\"@type\":\"ReadAction\",\"target\":[\"https:\\\/\\\/redenoticiaz.com.br\\\/litoralsp\\\/2022\\\/06\\\/10\\\/proposta-de-emenda-pode-garantir-isencao-do-pagamento-de-estacionamento-aos-vereadores-de-santos\"]}]},{\"@type\":\"ImageObject\",\"inLanguage\":\"pt-BR\",\"@id\":\"https:\\\/\\\/redenoticiaz.com.br\\\/litoralsp\\\/2022\\\/06\\\/10\\\/proposta-de-emenda-pode-garantir-isencao-do-pagamento-de-estacionamento-aos-vereadores-de-santos#primaryimage\",\"url\":\"https:\\\/\\\/redenoticiaz.com.br\\\/litoralsp\\\/wp-content\\\/uploads\\\/sites\\\/3\\\/2022\\\/06\\\/ZONA-AZUL.jpg\",\"contentUrl\":\"https:\\\/\\\/redenoticiaz.com.br\\\/litoralsp\\\/wp-content\\\/uploads\\\/sites\\\/3\\\/2022\\\/06\\\/ZONA-AZUL.jpg\",\"width\":1400,\"height\":933,\"caption\":\"Cr\u00e9ditos: Divulga\u00e7\u00e3o\\\/Prefeitura de Santos\"},{\"@type\":\"WebSite\",\"@id\":\"https:\\\/\\\/redenoticiaz.com.br\\\/litoralsp\\\/#website\",\"url\":\"https:\\\/\\\/redenoticiaz.com.br\\\/litoralsp\\\/\",\"name\":\"Litoral SP\",\"description\":\"Rede NoticiaZ\",\"publisher\":{\"@id\":\"https:\\\/\\\/redenoticiaz.com.br\\\/litoralsp\\\/#organization\"},\"potentialAction\":[{\"@type\":\"SearchAction\",\"target\":{\"@type\":\"EntryPoint\",\"urlTemplate\":\"https:\\\/\\\/redenoticiaz.com.br\\\/litoralsp\\\/?s={search_term_string}\"},\"query-input\":{\"@type\":\"PropertyValueSpecification\",\"valueRequired\":true,\"valueName\":\"search_term_string\"}}],\"inLanguage\":\"pt-BR\"},{\"@type\":\"Organization\",\"@id\":\"https:\\\/\\\/redenoticiaz.com.br\\\/litoralsp\\\/#organization\",\"name\":\"Litoral SP\",\"url\":\"https:\\\/\\\/redenoticiaz.com.br\\\/litoralsp\\\/\",\"logo\":{\"@type\":\"ImageObject\",\"inLanguage\":\"pt-BR\",\"@id\":\"https:\\\/\\\/redenoticiaz.com.br\\\/litoralsp\\\/#\\\/schema\\\/logo\\\/image\\\/\",\"url\":\"https:\\\/\\\/redenoticiaz.com.br\\\/litoralsp\\\/wp-content\\\/uploads\\\/sites\\\/3\\\/2020\\\/11\\\/logo.jpg\",\"contentUrl\":\"https:\\\/\\\/redenoticiaz.com.br\\\/litoralsp\\\/wp-content\\\/uploads\\\/sites\\\/3\\\/2020\\\/11\\\/logo.jpg\",\"width\":400,\"height\":250,\"caption\":\"Litoral SP\"},\"image\":{\"@id\":\"https:\\\/\\\/redenoticiaz.com.br\\\/litoralsp\\\/#\\\/schema\\\/logo\\\/image\\\/\"}},{\"@type\":\"Person\",\"@id\":\"https:\\\/\\\/redenoticiaz.com.br\\\/litoralsp\\\/#\\\/schema\\\/person\\\/0f0b8a5bdafefe82841e07ae8d81ecb3\",\"name\":\"Leonardo Francisco\",\"image\":{\"@type\":\"ImageObject\",\"inLanguage\":\"pt-BR\",\"@id\":\"https:\\\/\\\/secure.gravatar.com\\\/avatar\\\/a7358cb406a99b682ec6df1e77e31ae82e63601f6784e8a3df411d72b37864da?s=96&d=mm&r=g\",\"url\":\"https:\\\/\\\/secure.gravatar.com\\\/avatar\\\/a7358cb406a99b682ec6df1e77e31ae82e63601f6784e8a3df411d72b37864da?s=96&d=mm&r=g\",\"contentUrl\":\"https:\\\/\\\/secure.gravatar.com\\\/avatar\\\/a7358cb406a99b682ec6df1e77e31ae82e63601f6784e8a3df411d72b37864da?s=96&d=mm&r=g\",\"caption\":\"Leonardo Francisco\"},\"url\":\"https:\\\/\\\/redenoticiaz.com.br\\\/litoralsp\\\/author\\\/leonardo-francisco\"}]}<\/script>\n<!-- \/ Yoast SEO plugin. -->","yoast_head_json":{"title":"Proposta de emenda pode garantir isen\u00e7\u00e3o do pagamento de estacionamento aos vereadores de Santos - Litoral SP","description":"C\u00e2mara de Santos uma proposta de emenda \u00e0 Lei Org\u00e2nica que pode isentar os vereadores de pagamento das vagas da Zona Azul, mas","robots":{"index":"index","follow":"follow","max-snippet":"max-snippet:-1","max-image-preview":"max-image-preview:large","max-video-preview":"max-video-preview:-1"},"canonical":"https:\/\/redenoticiaz.com.br\/litoralsp\/2022\/06\/10\/proposta-de-emenda-pode-garantir-isencao-do-pagamento-de-estacionamento-aos-vereadores-de-santos","og_locale":"pt_BR","og_type":"article","og_title":"Proposta de emenda pode garantir isen\u00e7\u00e3o do pagamento de estacionamento aos vereadores de Santos - Litoral SP","og_description":"C\u00e2mara de Santos uma proposta de emenda \u00e0 Lei Org\u00e2nica que pode isentar os vereadores de pagamento das vagas da Zona Azul, mas","og_url":"https:\/\/redenoticiaz.com.br\/litoralsp\/2022\/06\/10\/proposta-de-emenda-pode-garantir-isencao-do-pagamento-de-estacionamento-aos-vereadores-de-santos","og_site_name":"Litoral SP","article_published_time":"2022-06-10T13:35:31+00:00","og_image":[{"width":1400,"height":933,"url":"https:\/\/redenoticiaz.com.br\/litoralsp\/wp-content\/uploads\/sites\/3\/2022\/06\/ZONA-AZUL.jpg","type":"image\/jpeg"}],"author":"Leonardo Francisco","twitter_card":"summary_large_image","twitter_misc":{"Escrito por":"Leonardo Francisco","Est. tempo de leitura":"1 minuto"},"schema":{"@context":"https:\/\/schema.org","@graph":[{"@type":"Article","@id":"https:\/\/redenoticiaz.com.br\/litoralsp\/2022\/06\/10\/proposta-de-emenda-pode-garantir-isencao-do-pagamento-de-estacionamento-aos-vereadores-de-santos#article","isPartOf":{"@id":"https:\/\/redenoticiaz.com.br\/litoralsp\/2022\/06\/10\/proposta-de-emenda-pode-garantir-isencao-do-pagamento-de-estacionamento-aos-vereadores-de-santos"},"author":{"name":"Leonardo Francisco","@id":"https:\/\/redenoticiaz.com.br\/litoralsp\/#\/schema\/person\/0f0b8a5bdafefe82841e07ae8d81ecb3"},"headline":"Proposta de emenda pode garantir isen\u00e7\u00e3o do pagamento de estacionamento aos vereadores de Santos","datePublished":"2022-06-10T13:35:31+00:00","mainEntityOfPage":{"@id":"https:\/\/redenoticiaz.com.br\/litoralsp\/2022\/06\/10\/proposta-de-emenda-pode-garantir-isencao-do-pagamento-de-estacionamento-aos-vereadores-de-santos"},"wordCount":292,"commentCount":0,"publisher":{"@id":"https:\/\/redenoticiaz.com.br\/litoralsp\/#organization"},"image":{"@id":"https:\/\/redenoticiaz.com.br\/litoralsp\/2022\/06\/10\/proposta-de-emenda-pode-garantir-isencao-do-pagamento-de-estacionamento-aos-vereadores-de-santos#primaryimage"},"thumbnailUrl":"https:\/\/redenoticiaz.com.br\/litoralsp\/wp-content\/uploads\/sites\/3\/2022\/06\/ZONA-AZUL.jpg","keywords":["C\u00c2MARA MUNICIPAL","EMENDA A LEI ORG\u00c2NICA","ISEN\u00c7\u00c3O DE ESTACIONAMENTO ROTATIVO","Santos","VEREADORES"],"articleSection":["Santos","Tr\u00e2nsito"],"inLanguage":"pt-BR","potentialAction":[{"@type":"CommentAction","name":"Comment","target":["https:\/\/redenoticiaz.com.br\/litoralsp\/2022\/06\/10\/proposta-de-emenda-pode-garantir-isencao-do-pagamento-de-estacionamento-aos-vereadores-de-santos#respond"]}]},{"@type":"WebPage","@id":"https:\/\/redenoticiaz.com.br\/litoralsp\/2022\/06\/10\/proposta-de-emenda-pode-garantir-isencao-do-pagamento-de-estacionamento-aos-vereadores-de-santos","url":"https:\/\/redenoticiaz.com.br\/litoralsp\/2022\/06\/10\/proposta-de-emenda-pode-garantir-isencao-do-pagamento-de-estacionamento-aos-vereadores-de-santos","name":"Proposta de emenda pode garantir isen\u00e7\u00e3o do pagamento de estacionamento aos vereadores de Santos - Litoral SP","isPartOf":{"@id":"https:\/\/redenoticiaz.com.br\/litoralsp\/#website"},"primaryImageOfPage":{"@id":"https:\/\/redenoticiaz.com.br\/litoralsp\/2022\/06\/10\/proposta-de-emenda-pode-garantir-isencao-do-pagamento-de-estacionamento-aos-vereadores-de-santos#primaryimage"},"image":{"@id":"https:\/\/redenoticiaz.com.br\/litoralsp\/2022\/06\/10\/proposta-de-emenda-pode-garantir-isencao-do-pagamento-de-estacionamento-aos-vereadores-de-santos#primaryimage"},"thumbnailUrl":"https:\/\/redenoticiaz.com.br\/litoralsp\/wp-content\/uploads\/sites\/3\/2022\/06\/ZONA-AZUL.jpg","datePublished":"2022-06-10T13:35:31+00:00","description":"C\u00e2mara de Santos uma proposta de emenda \u00e0 Lei Org\u00e2nica que pode isentar os vereadores de pagamento das vagas da Zona Azul, mas","inLanguage":"pt-BR","potentialAction":[{"@type":"ReadAction","target":["https:\/\/redenoticiaz.com.br\/litoralsp\/2022\/06\/10\/proposta-de-emenda-pode-garantir-isencao-do-pagamento-de-estacionamento-aos-vereadores-de-santos"]}]},{"@type":"ImageObject","inLanguage":"pt-BR","@id":"https:\/\/redenoticiaz.com.br\/litoralsp\/2022\/06\/10\/proposta-de-emenda-pode-garantir-isencao-do-pagamento-de-estacionamento-aos-vereadores-de-santos#primaryimage","url":"https:\/\/redenoticiaz.com.br\/litoralsp\/wp-content\/uploads\/sites\/3\/2022\/06\/ZONA-AZUL.jpg","contentUrl":"https:\/\/redenoticiaz.com.br\/litoralsp\/wp-content\/uploads\/sites\/3\/2022\/06\/ZONA-AZUL.jpg","width":1400,"height":933,"caption":"Cr\u00e9ditos: Divulga\u00e7\u00e3o\/Prefeitura de Santos"},{"@type":"WebSite","@id":"https:\/\/redenoticiaz.com.br\/litoralsp\/#website","url":"https:\/\/redenoticiaz.com.br\/litoralsp\/","name":"Litoral SP","description":"Rede NoticiaZ","publisher":{"@id":"https:\/\/redenoticiaz.com.br\/litoralsp\/#organization"},"potentialAction":[{"@type":"SearchAction","target":{"@type":"EntryPoint","urlTemplate":"https:\/\/redenoticiaz.com.br\/litoralsp\/?s={search_term_string}"},"query-input":{"@type":"PropertyValueSpecification","valueRequired":true,"valueName":"search_term_string"}}],"inLanguage":"pt-BR"},{"@type":"Organization","@id":"https:\/\/redenoticiaz.com.br\/litoralsp\/#organization","name":"Litoral SP","url":"https:\/\/redenoticiaz.com.br\/litoralsp\/","logo":{"@type":"ImageObject","inLanguage":"pt-BR","@id":"https:\/\/redenoticiaz.com.br\/litoralsp\/#\/schema\/logo\/image\/","url":"https:\/\/redenoticiaz.com.br\/litoralsp\/wp-content\/uploads\/sites\/3\/2020\/11\/logo.jpg","contentUrl":"https:\/\/redenoticiaz.com.br\/litoralsp\/wp-content\/uploads\/sites\/3\/2020\/11\/logo.jpg","width":400,"height":250,"caption":"Litoral SP"},"image":{"@id":"https:\/\/redenoticiaz.com.br\/litoralsp\/#\/schema\/logo\/image\/"}},{"@type":"Person","@id":"https:\/\/redenoticiaz.com.br\/litoralsp\/#\/schema\/person\/0f0b8a5bdafefe82841e07ae8d81ecb3","name":"Leonardo Francisco","image":{"@type":"ImageObject","inLanguage":"pt-BR","@id":"https:\/\/secure.gravatar.com\/avatar\/a7358cb406a99b682ec6df1e77e31ae82e63601f6784e8a3df411d72b37864da?s=96&d=mm&r=g","url":"https:\/\/secure.gravatar.com\/avatar\/a7358cb406a99b682ec6df1e77e31ae82e63601f6784e8a3df411d72b37864da?s=96&d=mm&r=g","contentUrl":"https:\/\/secure.gravatar.com\/avatar\/a7358cb406a99b682ec6df1e77e31ae82e63601f6784e8a3df411d72b37864da?s=96&d=mm&r=g","caption":"Leonardo Francisco"},"url":"https:\/\/redenoticiaz.com.br\/litoralsp\/author\/leonardo-francisco"}]}},"_links":{"self":[{"href":"https:\/\/redenoticiaz.com.br\/litoralsp\/wp-json\/wp\/v2\/posts\/85850","targetHints":{"allow":["GET"]}}],"collection":[{"href":"https:\/\/redenoticiaz.com.br\/litoralsp\/wp-json\/wp\/v2\/posts"}],"about":[{"href":"https:\/\/redenoticiaz.com.br\/litoralsp\/wp-json\/wp\/v2\/types\/post"}],"author":[{"embeddable":true,"href":"https:\/\/redenoticiaz.com.br\/litoralsp\/wp-json\/wp\/v2\/users\/6"}],"replies":[{"embeddable":true,"href":"https:\/\/redenoticiaz.com.br\/litoralsp\/wp-json\/wp\/v2\/comments?post=85850"}],"version-history":[{"count":1,"href":"https:\/\/redenoticiaz.com.br\/litoralsp\/wp-json\/wp\/v2\/posts\/85850\/revisions"}],"predecessor-version":[{"id":85852,"href":"https:\/\/redenoticiaz.com.br\/litoralsp\/wp-json\/wp\/v2\/posts\/85850\/revisions\/85852"}],"wp:featuredmedia":[{"embeddable":true,"href":"https:\/\/redenoticiaz.com.br\/litoralsp\/wp-json\/wp\/v2\/media\/85851"}],"wp:attachment":[{"href":"https:\/\/redenoticiaz.com.br\/litoralsp\/wp-json\/wp\/v2\/media?parent=85850"}],"wp:term":[{"taxonomy":"category","embeddable":true,"href":"https:\/\/redenoticiaz.com.br\/litoralsp\/wp-json\/wp\/v2\/categories?post=85850"},{"taxonomy":"post_tag","embeddable":true,"href":"https:\/\/redenoticiaz.com.br\/litoralsp\/wp-json\/wp\/v2\/tags?post=85850"}],"curies":[{"name":"wp","href":"https:\/\/api.w.org\/{rel}","templated":true}]}}