{"id":85856,"date":"2022-06-10T11:04:29","date_gmt":"2022-06-10T14:04:29","guid":{"rendered":"https:\/\/redenoticiaz.com.br\/litoralsp\/?p=85856"},"modified":"2022-06-10T11:04:29","modified_gmt":"2022-06-10T14:04:29","slug":"frente-fria-chega-trazendo-ventania-mar-agitado-e-chuva-na-baixada","status":"publish","type":"post","link":"https:\/\/redenoticiaz.com.br\/litoralsp\/2022\/06\/10\/frente-fria-chega-trazendo-ventania-mar-agitado-e-chuva-na-baixada","title":{"rendered":"Frente fria chega trazendo ventania, mar agitado e chuva na Baixada"},"content":{"rendered":"<p>Parece que o Dia dos Namorados ser\u00e1 comemorado de prefer\u00eancia em casa. Tudo porque a previs\u00e3o do tempo aponta para um <strong>final de semana de frio, ventania e chuvas<\/strong> na Baixada Santista. O motivo \u00e9 a vinda de mais uma frente fria na regi\u00e3o.<\/p>\n<p>Segundo o N\u00facleo de Pesquisas Hidrodin\u00e2micas (NPH) da Universidade Santa Cec\u00edlia (Unisanta), a mudan\u00e7a come\u00e7a a valer j\u00e1 neste s\u00e1bado (11) e no domingo (12), a tend\u00eancia de que o mar fique agitado e podendo gerar as ressacas.<\/p>\n<p>Na Ba\u00eda de <a href=\"https:\/\/www.santos.sp.gov.br\/\">Santos<\/a>, o mar poder\u00e1 ultrapassar uma altura de 2 metros, enquanto que no Estu\u00e1rio, a altura tamb\u00e9m deve ser superior a 2 metros. Ou seja, h\u00e1 risco de alguns pontos de Santos e outras cidades terem alagamentos provocados pela mar\u00e9 alta.<\/p>\n<p><strong>LEIA TAMB\u00c9M<\/strong><\/p>\n<p><a href=\"https:\/\/redenoticiaz.com.br\/litoralsp\/2022\/06\/09\/santos-busca-familia-para-lares-temporarios-a-criancas\">Santos busca fam\u00edlia para lares tempor\u00e1rios a crian\u00e7as<\/a><\/p>\n","protected":false},"excerpt":{"rendered":"<p>Parece que o Dia dos Namorados ser\u00e1 comemorado de prefer\u00eancia em casa. Tudo porque a previs\u00e3o do tempo aponta para um final de semana de frio, ventania e chuvas na Baixada Santista. O motivo \u00e9 a vinda de mais uma frente fria na regi\u00e3o. Segundo o N\u00facleo de Pesquisas Hidrodin\u00e2micas (NPH) da Universidade Santa Cec\u00edlia &hellip;<\/p>\n","protected":false},"author":6,"featured_media":85857,"comment_status":"open","ping_status":"closed","sticky":false,"template":"","format":"standard","meta":{"footnotes":""},"categories":[26798,180],"tags":[1148,8510,10996,28875,10995,986,17352],"class_list":["post-85856","post","type-post","status-publish","format-standard","has-post-thumbnail","hentry","category-climatologia","category-santos","tag-baixada-santista","tag-chuva","tag-frente-fria","tag-nph-unisanta","tag-ressaca","tag-santos","tag-ventania"],"yoast_head":"<!-- This site is optimized with the Yoast SEO plugin v27.4 - https:\/\/yoast.com\/product\/yoast-seo-wordpress\/ -->\n<title>Frente fria chega trazendo ventania, mar agitado e chuva na Baixada - Litoral SP<\/title>\n<meta name=\"description\" content=\"aponta para um final de semana de frio, ventania e chuvas na Baixada Santista. O motivo \u00e9 a vinda de mais uma frente fria na regi\u00e3o.\" \/>\n<meta name=\"robots\" content=\"index, follow, max-snippet:-1, max-image-preview:large, max-video-preview:-1\" \/>\n<link rel=\"canonical\" href=\"https:\/\/redenoticiaz.com.br\/litoralsp\/2022\/06\/10\/frente-fria-chega-trazendo-ventania-mar-agitado-e-chuva-na-baixada\" \/>\n<meta property=\"og:locale\" content=\"pt_BR\" \/>\n<meta property=\"og:type\" content=\"article\" \/>\n<meta property=\"og:title\" content=\"Frente fria chega trazendo ventania, mar agitado e chuva na Baixada - Litoral SP\" \/>\n<meta property=\"og:description\" content=\"aponta para um final de semana de frio, ventania e chuvas na Baixada Santista. O motivo \u00e9 a vinda de mais uma frente fria na regi\u00e3o.\" \/>\n<meta property=\"og:url\" content=\"https:\/\/redenoticiaz.com.br\/litoralsp\/2022\/06\/10\/frente-fria-chega-trazendo-ventania-mar-agitado-e-chuva-na-baixada\" \/>\n<meta property=\"og:site_name\" content=\"Litoral SP\" \/>\n<meta property=\"article:published_time\" content=\"2022-06-10T14:04:29+00:00\" \/>\n<meta property=\"og:image\" content=\"https:\/\/redenoticiaz.com.br\/litoralsp\/wp-content\/uploads\/sites\/3\/2022\/06\/frio.jpg\" \/>\n\t<meta property=\"og:image:width\" content=\"780\" \/>\n\t<meta property=\"og:image:height\" content=\"484\" \/>\n\t<meta property=\"og:image:type\" content=\"image\/jpeg\" \/>\n<meta name=\"author\" content=\"Leonardo Francisco\" \/>\n<meta name=\"twitter:card\" content=\"summary_large_image\" \/>\n<meta name=\"twitter:label1\" content=\"Escrito por\" \/>\n\t<meta name=\"twitter:data1\" content=\"Leonardo Francisco\" \/>\n\t<meta name=\"twitter:label2\" content=\"Est. tempo de leitura\" \/>\n\t<meta name=\"twitter:data2\" content=\"1 minuto\" \/>\n<script type=\"application\/ld+json\" class=\"yoast-schema-graph\">{\"@context\":\"https:\\\/\\\/schema.org\",\"@graph\":[{\"@type\":\"Article\",\"@id\":\"https:\\\/\\\/redenoticiaz.com.br\\\/litoralsp\\\/2022\\\/06\\\/10\\\/frente-fria-chega-trazendo-ventania-mar-agitado-e-chuva-na-baixada#article\",\"isPartOf\":{\"@id\":\"https:\\\/\\\/redenoticiaz.com.br\\\/litoralsp\\\/2022\\\/06\\\/10\\\/frente-fria-chega-trazendo-ventania-mar-agitado-e-chuva-na-baixada\"},\"author\":{\"name\":\"Leonardo Francisco\",\"@id\":\"https:\\\/\\\/redenoticiaz.com.br\\\/litoralsp\\\/#\\\/schema\\\/person\\\/0f0b8a5bdafefe82841e07ae8d81ecb3\"},\"headline\":\"Frente fria chega trazendo ventania, mar agitado e chuva na Baixada\",\"datePublished\":\"2022-06-10T14:04:29+00:00\",\"mainEntityOfPage\":{\"@id\":\"https:\\\/\\\/redenoticiaz.com.br\\\/litoralsp\\\/2022\\\/06\\\/10\\\/frente-fria-chega-trazendo-ventania-mar-agitado-e-chuva-na-baixada\"},\"wordCount\":159,\"commentCount\":0,\"publisher\":{\"@id\":\"https:\\\/\\\/redenoticiaz.com.br\\\/litoralsp\\\/#organization\"},\"image\":{\"@id\":\"https:\\\/\\\/redenoticiaz.com.br\\\/litoralsp\\\/2022\\\/06\\\/10\\\/frente-fria-chega-trazendo-ventania-mar-agitado-e-chuva-na-baixada#primaryimage\"},\"thumbnailUrl\":\"https:\\\/\\\/redenoticiaz.com.br\\\/litoralsp\\\/wp-content\\\/uploads\\\/sites\\\/3\\\/2022\\\/06\\\/frio.jpg\",\"keywords\":[\"BAIXADA SANTISTA\",\"CHUVA\",\"FRENTE FRIA\",\"NPH-UNISANTA\",\"RESSACA\",\"Santos\",\"VENTANIA\"],\"articleSection\":[\"Climatologia\",\"Santos\"],\"inLanguage\":\"pt-BR\",\"potentialAction\":[{\"@type\":\"CommentAction\",\"name\":\"Comment\",\"target\":[\"https:\\\/\\\/redenoticiaz.com.br\\\/litoralsp\\\/2022\\\/06\\\/10\\\/frente-fria-chega-trazendo-ventania-mar-agitado-e-chuva-na-baixada#respond\"]}]},{\"@type\":\"WebPage\",\"@id\":\"https:\\\/\\\/redenoticiaz.com.br\\\/litoralsp\\\/2022\\\/06\\\/10\\\/frente-fria-chega-trazendo-ventania-mar-agitado-e-chuva-na-baixada\",\"url\":\"https:\\\/\\\/redenoticiaz.com.br\\\/litoralsp\\\/2022\\\/06\\\/10\\\/frente-fria-chega-trazendo-ventania-mar-agitado-e-chuva-na-baixada\",\"name\":\"Frente fria chega trazendo ventania, mar agitado e chuva na Baixada - Litoral SP\",\"isPartOf\":{\"@id\":\"https:\\\/\\\/redenoticiaz.com.br\\\/litoralsp\\\/#website\"},\"primaryImageOfPage\":{\"@id\":\"https:\\\/\\\/redenoticiaz.com.br\\\/litoralsp\\\/2022\\\/06\\\/10\\\/frente-fria-chega-trazendo-ventania-mar-agitado-e-chuva-na-baixada#primaryimage\"},\"image\":{\"@id\":\"https:\\\/\\\/redenoticiaz.com.br\\\/litoralsp\\\/2022\\\/06\\\/10\\\/frente-fria-chega-trazendo-ventania-mar-agitado-e-chuva-na-baixada#primaryimage\"},\"thumbnailUrl\":\"https:\\\/\\\/redenoticiaz.com.br\\\/litoralsp\\\/wp-content\\\/uploads\\\/sites\\\/3\\\/2022\\\/06\\\/frio.jpg\",\"datePublished\":\"2022-06-10T14:04:29+00:00\",\"description\":\"aponta para um final de semana de frio, ventania e chuvas na Baixada Santista. O motivo \u00e9 a vinda de mais uma frente fria na regi\u00e3o.\",\"inLanguage\":\"pt-BR\",\"potentialAction\":[{\"@type\":\"ReadAction\",\"target\":[\"https:\\\/\\\/redenoticiaz.com.br\\\/litoralsp\\\/2022\\\/06\\\/10\\\/frente-fria-chega-trazendo-ventania-mar-agitado-e-chuva-na-baixada\"]}]},{\"@type\":\"ImageObject\",\"inLanguage\":\"pt-BR\",\"@id\":\"https:\\\/\\\/redenoticiaz.com.br\\\/litoralsp\\\/2022\\\/06\\\/10\\\/frente-fria-chega-trazendo-ventania-mar-agitado-e-chuva-na-baixada#primaryimage\",\"url\":\"https:\\\/\\\/redenoticiaz.com.br\\\/litoralsp\\\/wp-content\\\/uploads\\\/sites\\\/3\\\/2022\\\/06\\\/frio.jpg\",\"contentUrl\":\"https:\\\/\\\/redenoticiaz.com.br\\\/litoralsp\\\/wp-content\\\/uploads\\\/sites\\\/3\\\/2022\\\/06\\\/frio.jpg\",\"width\":780,\"height\":484,\"caption\":\"Cr\u00e9ditos: Reprodu\u00e7\u00e3o\"},{\"@type\":\"WebSite\",\"@id\":\"https:\\\/\\\/redenoticiaz.com.br\\\/litoralsp\\\/#website\",\"url\":\"https:\\\/\\\/redenoticiaz.com.br\\\/litoralsp\\\/\",\"name\":\"Litoral SP\",\"description\":\"Rede NoticiaZ\",\"publisher\":{\"@id\":\"https:\\\/\\\/redenoticiaz.com.br\\\/litoralsp\\\/#organization\"},\"potentialAction\":[{\"@type\":\"SearchAction\",\"target\":{\"@type\":\"EntryPoint\",\"urlTemplate\":\"https:\\\/\\\/redenoticiaz.com.br\\\/litoralsp\\\/?s={search_term_string}\"},\"query-input\":{\"@type\":\"PropertyValueSpecification\",\"valueRequired\":true,\"valueName\":\"search_term_string\"}}],\"inLanguage\":\"pt-BR\"},{\"@type\":\"Organization\",\"@id\":\"https:\\\/\\\/redenoticiaz.com.br\\\/litoralsp\\\/#organization\",\"name\":\"Litoral SP\",\"url\":\"https:\\\/\\\/redenoticiaz.com.br\\\/litoralsp\\\/\",\"logo\":{\"@type\":\"ImageObject\",\"inLanguage\":\"pt-BR\",\"@id\":\"https:\\\/\\\/redenoticiaz.com.br\\\/litoralsp\\\/#\\\/schema\\\/logo\\\/image\\\/\",\"url\":\"https:\\\/\\\/redenoticiaz.com.br\\\/litoralsp\\\/wp-content\\\/uploads\\\/sites\\\/3\\\/2020\\\/11\\\/logo.jpg\",\"contentUrl\":\"https:\\\/\\\/redenoticiaz.com.br\\\/litoralsp\\\/wp-content\\\/uploads\\\/sites\\\/3\\\/2020\\\/11\\\/logo.jpg\",\"width\":400,\"height\":250,\"caption\":\"Litoral SP\"},\"image\":{\"@id\":\"https:\\\/\\\/redenoticiaz.com.br\\\/litoralsp\\\/#\\\/schema\\\/logo\\\/image\\\/\"}},{\"@type\":\"Person\",\"@id\":\"https:\\\/\\\/redenoticiaz.com.br\\\/litoralsp\\\/#\\\/schema\\\/person\\\/0f0b8a5bdafefe82841e07ae8d81ecb3\",\"name\":\"Leonardo Francisco\",\"image\":{\"@type\":\"ImageObject\",\"inLanguage\":\"pt-BR\",\"@id\":\"https:\\\/\\\/secure.gravatar.com\\\/avatar\\\/a7358cb406a99b682ec6df1e77e31ae82e63601f6784e8a3df411d72b37864da?s=96&d=mm&r=g\",\"url\":\"https:\\\/\\\/secure.gravatar.com\\\/avatar\\\/a7358cb406a99b682ec6df1e77e31ae82e63601f6784e8a3df411d72b37864da?s=96&d=mm&r=g\",\"contentUrl\":\"https:\\\/\\\/secure.gravatar.com\\\/avatar\\\/a7358cb406a99b682ec6df1e77e31ae82e63601f6784e8a3df411d72b37864da?s=96&d=mm&r=g\",\"caption\":\"Leonardo Francisco\"},\"url\":\"https:\\\/\\\/redenoticiaz.com.br\\\/litoralsp\\\/author\\\/leonardo-francisco\"}]}<\/script>\n<!-- \/ Yoast SEO plugin. -->","yoast_head_json":{"title":"Frente fria chega trazendo ventania, mar agitado e chuva na Baixada - Litoral SP","description":"aponta para um final de semana de frio, ventania e chuvas na Baixada Santista. O motivo \u00e9 a vinda de mais uma frente fria na regi\u00e3o.","robots":{"index":"index","follow":"follow","max-snippet":"max-snippet:-1","max-image-preview":"max-image-preview:large","max-video-preview":"max-video-preview:-1"},"canonical":"https:\/\/redenoticiaz.com.br\/litoralsp\/2022\/06\/10\/frente-fria-chega-trazendo-ventania-mar-agitado-e-chuva-na-baixada","og_locale":"pt_BR","og_type":"article","og_title":"Frente fria chega trazendo ventania, mar agitado e chuva na Baixada - Litoral SP","og_description":"aponta para um final de semana de frio, ventania e chuvas na Baixada Santista. O motivo \u00e9 a vinda de mais uma frente fria na regi\u00e3o.","og_url":"https:\/\/redenoticiaz.com.br\/litoralsp\/2022\/06\/10\/frente-fria-chega-trazendo-ventania-mar-agitado-e-chuva-na-baixada","og_site_name":"Litoral SP","article_published_time":"2022-06-10T14:04:29+00:00","og_image":[{"width":780,"height":484,"url":"https:\/\/redenoticiaz.com.br\/litoralsp\/wp-content\/uploads\/sites\/3\/2022\/06\/frio.jpg","type":"image\/jpeg"}],"author":"Leonardo Francisco","twitter_card":"summary_large_image","twitter_misc":{"Escrito por":"Leonardo Francisco","Est. tempo de leitura":"1 minuto"},"schema":{"@context":"https:\/\/schema.org","@graph":[{"@type":"Article","@id":"https:\/\/redenoticiaz.com.br\/litoralsp\/2022\/06\/10\/frente-fria-chega-trazendo-ventania-mar-agitado-e-chuva-na-baixada#article","isPartOf":{"@id":"https:\/\/redenoticiaz.com.br\/litoralsp\/2022\/06\/10\/frente-fria-chega-trazendo-ventania-mar-agitado-e-chuva-na-baixada"},"author":{"name":"Leonardo Francisco","@id":"https:\/\/redenoticiaz.com.br\/litoralsp\/#\/schema\/person\/0f0b8a5bdafefe82841e07ae8d81ecb3"},"headline":"Frente fria chega trazendo ventania, mar agitado e chuva na Baixada","datePublished":"2022-06-10T14:04:29+00:00","mainEntityOfPage":{"@id":"https:\/\/redenoticiaz.com.br\/litoralsp\/2022\/06\/10\/frente-fria-chega-trazendo-ventania-mar-agitado-e-chuva-na-baixada"},"wordCount":159,"commentCount":0,"publisher":{"@id":"https:\/\/redenoticiaz.com.br\/litoralsp\/#organization"},"image":{"@id":"https:\/\/redenoticiaz.com.br\/litoralsp\/2022\/06\/10\/frente-fria-chega-trazendo-ventania-mar-agitado-e-chuva-na-baixada#primaryimage"},"thumbnailUrl":"https:\/\/redenoticiaz.com.br\/litoralsp\/wp-content\/uploads\/sites\/3\/2022\/06\/frio.jpg","keywords":["BAIXADA SANTISTA","CHUVA","FRENTE FRIA","NPH-UNISANTA","RESSACA","Santos","VENTANIA"],"articleSection":["Climatologia","Santos"],"inLanguage":"pt-BR","potentialAction":[{"@type":"CommentAction","name":"Comment","target":["https:\/\/redenoticiaz.com.br\/litoralsp\/2022\/06\/10\/frente-fria-chega-trazendo-ventania-mar-agitado-e-chuva-na-baixada#respond"]}]},{"@type":"WebPage","@id":"https:\/\/redenoticiaz.com.br\/litoralsp\/2022\/06\/10\/frente-fria-chega-trazendo-ventania-mar-agitado-e-chuva-na-baixada","url":"https:\/\/redenoticiaz.com.br\/litoralsp\/2022\/06\/10\/frente-fria-chega-trazendo-ventania-mar-agitado-e-chuva-na-baixada","name":"Frente fria chega trazendo ventania, mar agitado e chuva na Baixada - Litoral SP","isPartOf":{"@id":"https:\/\/redenoticiaz.com.br\/litoralsp\/#website"},"primaryImageOfPage":{"@id":"https:\/\/redenoticiaz.com.br\/litoralsp\/2022\/06\/10\/frente-fria-chega-trazendo-ventania-mar-agitado-e-chuva-na-baixada#primaryimage"},"image":{"@id":"https:\/\/redenoticiaz.com.br\/litoralsp\/2022\/06\/10\/frente-fria-chega-trazendo-ventania-mar-agitado-e-chuva-na-baixada#primaryimage"},"thumbnailUrl":"https:\/\/redenoticiaz.com.br\/litoralsp\/wp-content\/uploads\/sites\/3\/2022\/06\/frio.jpg","datePublished":"2022-06-10T14:04:29+00:00","description":"aponta para um final de semana de frio, ventania e chuvas na Baixada Santista. O motivo \u00e9 a vinda de mais uma frente fria na regi\u00e3o.","inLanguage":"pt-BR","potentialAction":[{"@type":"ReadAction","target":["https:\/\/redenoticiaz.com.br\/litoralsp\/2022\/06\/10\/frente-fria-chega-trazendo-ventania-mar-agitado-e-chuva-na-baixada"]}]},{"@type":"ImageObject","inLanguage":"pt-BR","@id":"https:\/\/redenoticiaz.com.br\/litoralsp\/2022\/06\/10\/frente-fria-chega-trazendo-ventania-mar-agitado-e-chuva-na-baixada#primaryimage","url":"https:\/\/redenoticiaz.com.br\/litoralsp\/wp-content\/uploads\/sites\/3\/2022\/06\/frio.jpg","contentUrl":"https:\/\/redenoticiaz.com.br\/litoralsp\/wp-content\/uploads\/sites\/3\/2022\/06\/frio.jpg","width":780,"height":484,"caption":"Cr\u00e9ditos: Reprodu\u00e7\u00e3o"},{"@type":"WebSite","@id":"https:\/\/redenoticiaz.com.br\/litoralsp\/#website","url":"https:\/\/redenoticiaz.com.br\/litoralsp\/","name":"Litoral SP","description":"Rede NoticiaZ","publisher":{"@id":"https:\/\/redenoticiaz.com.br\/litoralsp\/#organization"},"potentialAction":[{"@type":"SearchAction","target":{"@type":"EntryPoint","urlTemplate":"https:\/\/redenoticiaz.com.br\/litoralsp\/?s={search_term_string}"},"query-input":{"@type":"PropertyValueSpecification","valueRequired":true,"valueName":"search_term_string"}}],"inLanguage":"pt-BR"},{"@type":"Organization","@id":"https:\/\/redenoticiaz.com.br\/litoralsp\/#organization","name":"Litoral SP","url":"https:\/\/redenoticiaz.com.br\/litoralsp\/","logo":{"@type":"ImageObject","inLanguage":"pt-BR","@id":"https:\/\/redenoticiaz.com.br\/litoralsp\/#\/schema\/logo\/image\/","url":"https:\/\/redenoticiaz.com.br\/litoralsp\/wp-content\/uploads\/sites\/3\/2020\/11\/logo.jpg","contentUrl":"https:\/\/redenoticiaz.com.br\/litoralsp\/wp-content\/uploads\/sites\/3\/2020\/11\/logo.jpg","width":400,"height":250,"caption":"Litoral SP"},"image":{"@id":"https:\/\/redenoticiaz.com.br\/litoralsp\/#\/schema\/logo\/image\/"}},{"@type":"Person","@id":"https:\/\/redenoticiaz.com.br\/litoralsp\/#\/schema\/person\/0f0b8a5bdafefe82841e07ae8d81ecb3","name":"Leonardo Francisco","image":{"@type":"ImageObject","inLanguage":"pt-BR","@id":"https:\/\/secure.gravatar.com\/avatar\/a7358cb406a99b682ec6df1e77e31ae82e63601f6784e8a3df411d72b37864da?s=96&d=mm&r=g","url":"https:\/\/secure.gravatar.com\/avatar\/a7358cb406a99b682ec6df1e77e31ae82e63601f6784e8a3df411d72b37864da?s=96&d=mm&r=g","contentUrl":"https:\/\/secure.gravatar.com\/avatar\/a7358cb406a99b682ec6df1e77e31ae82e63601f6784e8a3df411d72b37864da?s=96&d=mm&r=g","caption":"Leonardo Francisco"},"url":"https:\/\/redenoticiaz.com.br\/litoralsp\/author\/leonardo-francisco"}]}},"_links":{"self":[{"href":"https:\/\/redenoticiaz.com.br\/litoralsp\/wp-json\/wp\/v2\/posts\/85856","targetHints":{"allow":["GET"]}}],"collection":[{"href":"https:\/\/redenoticiaz.com.br\/litoralsp\/wp-json\/wp\/v2\/posts"}],"about":[{"href":"https:\/\/redenoticiaz.com.br\/litoralsp\/wp-json\/wp\/v2\/types\/post"}],"author":[{"embeddable":true,"href":"https:\/\/redenoticiaz.com.br\/litoralsp\/wp-json\/wp\/v2\/users\/6"}],"replies":[{"embeddable":true,"href":"https:\/\/redenoticiaz.com.br\/litoralsp\/wp-json\/wp\/v2\/comments?post=85856"}],"version-history":[{"count":1,"href":"https:\/\/redenoticiaz.com.br\/litoralsp\/wp-json\/wp\/v2\/posts\/85856\/revisions"}],"predecessor-version":[{"id":85858,"href":"https:\/\/redenoticiaz.com.br\/litoralsp\/wp-json\/wp\/v2\/posts\/85856\/revisions\/85858"}],"wp:featuredmedia":[{"embeddable":true,"href":"https:\/\/redenoticiaz.com.br\/litoralsp\/wp-json\/wp\/v2\/media\/85857"}],"wp:attachment":[{"href":"https:\/\/redenoticiaz.com.br\/litoralsp\/wp-json\/wp\/v2\/media?parent=85856"}],"wp:term":[{"taxonomy":"category","embeddable":true,"href":"https:\/\/redenoticiaz.com.br\/litoralsp\/wp-json\/wp\/v2\/categories?post=85856"},{"taxonomy":"post_tag","embeddable":true,"href":"https:\/\/redenoticiaz.com.br\/litoralsp\/wp-json\/wp\/v2\/tags?post=85856"}],"curies":[{"name":"wp","href":"https:\/\/api.w.org\/{rel}","templated":true}]}}